{"id":26907,"date":"2013-11-18T03:01:00","date_gmt":"2013-11-18T08:01:00","guid":{"rendered":"http:\/\/akunq.net\/tr\/?p=26907"},"modified":"2013-11-18T03:01:00","modified_gmt":"2013-11-18T08:01:00","slug":"1915-yilinin-hakiki-kahramanlari","status":"publish","type":"post","link":"https:\/\/akunq.net\/turkish\/2013\/11\/18\/1915-yilinin-hakiki-kahramanlari\/","title":{"rendered":"1915 y\u0131l\u0131n\u0131n hakiki kahramanlar\u0131"},"content":{"rendered":"<p style=\"text-align: justify\"><b><i><a href=\"http:\/\/akunq.net\/tr\/wp-content\/uploads\/2013\/11\/Faik-Ali-Ozansoy.jpg\"><img loading=\"lazy\" decoding=\"async\" class=\"alignright size-full wp-image-26908\" alt=\"Faik Ali Ozansoy\" src=\"http:\/\/akunq.net\/tr\/wp-content\/uploads\/2013\/11\/Faik-Ali-Ozansoy.jpg\" width=\"195\" height=\"258\" \/><\/a>Raffi Petrosyan\/Toronto, Kanada<\/i><\/b><\/p>\n<p style=\"text-align: justify\"><b><i>E\u011fer Almanya, Berlin yada ba\u015fka \u015fehirlerinin baz\u0131 b\u00f6lgelerine, sokaklar\u0131na, okullar\u0131na vb mekanlar\u0131na Adolf Hitler gibi Nazi \u201ckahramanlar\u0131n\u0131n\u201d adlar\u0131n\u0131 vermeye karar verseydi, Almanlarla Yahudilerden ne t\u00fcr yank\u0131 al\u0131rd\u0131? Bence, pek olumsuz bir yank\u0131 gelirdi.<\/i><\/b><\/p>\n<p style=\"text-align: justify\"><b><i>Ama gel g\u00f6r ki, T\u00fcrkiye\u2019de benzer bir olay ya\u015fan\u0131yor. Burada bir tak\u0131m semt, sokak, okul vb yerler Tal\u00e2t Pa\u015fa ve \u0130ttihat ve Terakki Partisi\u2019ne mensup di\u011fer \u201ckahramanlar\u0131n\u201d adlar\u0131n\u0131 ta\u015f\u0131maktad\u0131r. Halbuki bunlar, hem Ermeni Soyk\u0131r\u0131m\u0131n\u0131 tasarlay\u0131p ger\u00e7ekle\u015ftiren, hem de Osmanl\u0131\u2019n\u0131n y\u0131k\u0131lmas\u0131na sebep olan ki\u015filerdir.<\/i><\/b><\/p>\n<p style=\"text-align: justify\">Son hesaplara g\u00f6re, T\u00fcrkiye\u2019de Tal\u00e2t Pa\u015fa ad\u0131yla 8 b\u00f6lge yada mahalle, 38 sokak veya park, 7 okul, 6 bina ve 2 cami vard\u0131r. Tal\u00e2t, \u00f6ld\u00fcr\u00fclmesinden sonra Berlin\u2019de g\u00f6m\u00fclm\u00fc\u015f olmakla birlikte, cesedi, 1943\u2019te Naziler taraf\u0131ndan \u0130stanbul\u2019a ta\u015f\u0131narak, burada g\u00f6m\u00fcld\u00fc. Bir ba\u015fka cani olan Enver\u2019in cesedi ise 1996 y\u0131l\u0131nda Tacikistan\u2019dan T\u00fcrkiye\u2019ye getirilip, Tal\u00e2t\u2019\u0131n yan\u0131na g\u00f6m\u00fcld\u00fc. Bu t\u00f6rende o d\u00f6nemin T\u00fcrkiye Cumhurba\u015fkan\u0131 S\u00fcleyman Demirel vb \u00fcst d\u00fczey yetkililer de haz\u0131r bulunmu\u015ftur.<\/p>\n<p style=\"text-align: justify\">Benzer \u015fah\u0131slar\u0131n kahramanla\u015ft\u0131r\u0131lmas\u0131 s\u0131rf devlet siyaseti mi, toplum taraf\u0131ndan kabul edilen bir olay m\u0131d\u0131r?<\/p>\n<p style=\"text-align: justify\">Toplumun kimi \u00e7evreleri, \u015f\u00fcphesiz ki, \u0130ttihat\u00e7\u0131lar\u0131n i\u015fledi\u011fi soyk\u0131r\u0131ma kat\u0131lm\u0131\u015ft\u0131. Ancak, bu kat\u0131l\u0131ma ayk\u0131r\u0131 olarak, toplum ve h\u00fck\u00fcmette soyk\u0131r\u0131m ve soyguna kat\u0131lmay\u0131 reddeden T\u00fcrklerle K\u00fcrtler de bulunmu\u015ftur.<\/p>\n<p style=\"text-align: justify\">Bu yaz\u0131m\u0131zda benzer ki\u015filerden \u00f6rnekler g\u00f6sterece\u011fiz.<\/p>\n<p style=\"text-align: justify\"><b>Konya valisi Celal Bey<\/b>, Der Zor\u2019a s\u00fcr\u00fclen Ermenilerin ba\u015f\u0131na neler gelece\u011fini \u00e7ok iyi biliyordu \u00e7\u00fcnk\u00fc daha \u00f6nce de Halep y\u00f6neticisi olarak orada i\u015flenen vah\u015feti \u015fahsen g\u00f6rm\u00fc\u015ft\u00fc. Celal Bey, \u0130ttihat\u00e7\u0131 \u00f6nderlere Anadolu veya Halep\u2019te Ermenilerin isyan etmek gibi bir te\u015febb\u00fcsleri olmad\u0131\u011f\u0131n\u0131 anlatmaya \u00e7al\u0131\u015fm\u0131\u015ft\u0131. Celal Bey, Halep y\u00f6neticisi g\u00f6revinden uzakla\u015ft\u0131r\u0131l\u0131p Konya\u2019ya getirildi. Fakat Celal, bundan \u00f6nce binlerce Ermeninin hayat\u0131n\u0131 kurtarabilmi\u015fti.<\/p>\n<p style=\"text-align: justify\"><b>Ankara valisi Hasan Mazhar<\/b>, burada ya\u015fayan Ermenileri koruyarak tehcir emirlerini yerine getirmeyi reddetti. Hasan Mazhar \u015funu beyan etmi\u015fti: \u201cBen, e\u015fk\u0131ya de\u011fil, valiyim. Bunu yapamam. Bir ba\u015fkas\u0131 gelsin, bu emirleri yerine getirsin\u201d. Hasan Mazhar, 1915 y\u0131l\u0131n\u0131n A\u011fustos ay\u0131nda g\u00f6revinden ayr\u0131ld\u0131 <i>(Hasan Mazhar, 1918 y\u0131l\u0131 sonunda Ermeni Soyk\u0131r\u0131m\u0131\u2019n\u0131n su\u00e7lular\u0131n\u0131 soru\u015fturmakla g\u00f6revlendirilen Mazhar Komisyonu (<\/i><i>Tetk\u00eek-i <\/i><em><i>Seyyi\u00e2t<\/i><\/em><i>veya <\/i><em><i>Tahk\u00eek<\/i><\/em><b><i>&#8211;<\/i><\/b><i>i<\/i><em><i>Seyyi\u00e2t Komisyonu<\/i><\/em><i>) Ba\u015fkan\u0131 olmu\u015ftur- \u2018Akunq\u2019 web sayfas\u0131 y\u00f6neticileri)<\/i>.<\/p>\n<p style=\"text-align: justify\"><b>K\u00fctahya y\u00f6neticisi Faik Ali Ozansoy<\/b> da, \u0130stanbul\u2019dan gelen talimatlara boyun e\u011fmedi. Aksine, di\u011fer b\u00f6lgelerden K\u00fctahya\u2019ya gelen Ermenilere iyi davranma emrini verdi. \u00c7ok ge\u00e7meden \u0130stanbul\u2019a \u00e7a\u011fr\u0131ld\u0131. Bu arada K\u00fctahya polis m\u00fcd\u00fcr\u00fc Kemal Bey, Ermenilerin tehcirden kurtulmak i\u00e7in d\u00f6nmeleri gerekti\u011fini ilan etti. Ermeniler M\u00fcsl\u00fcmanla\u015ft\u0131r\u0131lmay\u0131 kabul ettiler. Faik Ali Bey, d\u00f6nd\u00fc\u011f\u00fcnde bunlar\u0131 duyunca k\u0131zd\u0131 ve polis m\u00fcd\u00fcr\u00fcn\u00fc g\u00f6revinden ald\u0131. Sonra da Ermenilere yeniden Hristiyanl\u0131\u011fa d\u00f6nebileceklerini belirtti. Bir ki\u015fi haricinde, t\u00fcm Ermeniler Hristiyan kalmaya karar verdi.<\/p>\n<p style=\"text-align: justify\">Faik Ali Bey\u2019in karde\u015fi S\u00fcleyman Nazif Bey tan\u0131nm\u0131\u015f bir \u015fairdi. S\u00fcleyman Nazif, karde\u015fine bu barbarl\u0131klara kat\u0131lmama tavsiyesinde bulunmu\u015ftu. \u0130lgin\u00e7tir ki, Faik Ali, g\u00f6revinden al\u0131nmad\u0131 ve Ermenileri savunmaya devam etti.<\/p>\n<p style=\"text-align: justify\"><b>Malatya y\u00f6neticisi Mustafa Bey<\/b> (Azizo\u011flu),tehciri \u00f6nleyemedi, ama birka\u00e7 Ermeninin hayat\u0131n\u0131 kurtayabildi.<\/p>\n<p style=\"text-align: justify\"><b>Kastamonu y\u00f6neticisi Re\u015fid Pa\u015fa<\/b>, Erzurum y\u00f6neticisi Tahsin Bey, Basra y\u00f6neticisi Ferid Bey ve Yozgat y\u00f6neticisi Mehmed Cemal Bey de benzer yakla\u015f\u0131ma sahip olduklar\u0131 i\u00e7in g\u00f6revlerinden uzakla\u015ft\u0131r\u0131ld\u0131.<\/p>\n<p style=\"text-align: justify\"><b>Diyarbak\u0131r\u2019a yak\u0131n Lice Kaymakam\u0131 H\u00fcseyin Nesimi\u2019nin<\/b> kaderi, en trajik kader olmu\u015ftur. Diyarbak\u0131r Valisi Re\u015fid Bey, Ermenileri gaddarca yok ederken, H\u00fcseyin Nesimi, Lice\u2019nin 5980 Ermenisini korumaktayd\u0131. Bunu \u00f6\u011frenen Re\u015fid, onu yan\u0131na \u00e7a\u011f\u0131rd\u0131, fakat yolda \u00c7erkes Harun\u2019a onu \u00f6ld\u00fcrmeyi emretti. O g\u00fcnden beri cinayet yeri \u201cT\u00fcrbe\u2019i Kaymakam\u201d olarak adland\u0131r\u0131lmaktad\u0131r.<\/p>\n<p style=\"text-align: justify\">Re\u015fid\u2019in emri \u00fczerine birka\u00e7 ba\u015fka g\u00f6revli de, g\u00f6revlerinden al\u0131nm\u0131\u015flard\u0131r. <b>Savur Kaymakam\u0131 Mehmed Ali Bey, Silvan Kaymakam\u0131 \u0130brahim Hakk\u0131 Bey, Merdi\u00e7 y\u00f6neticileri Hilmi ve \u015eefik beyler<\/b> de bunlar aras\u0131ndayd\u0131. \u00d6nce Midyat, sonra da Derik Belediyesi Ba\u015fkan\u0131 olan Nuri Bey de, Ermenileri korudu\u011fu i\u00e7in \u00f6ld\u00fcr\u00fcld\u00fc.<\/p>\n<p style=\"text-align: justify\">Bu cesur \u015fah\u0131slar\u0131n adlar\u0131, tarih kitaplar\u0131nda ge\u00e7memektedir. Devlet ve toplum, i\u011fren\u00e7 su\u00e7lar\u0131 i\u015flerken, bu ki\u015filer hayatlar\u0131n\u0131 tehlikeye atarak, soyk\u0131r\u0131ma kat\u0131lmay\u0131 reddetmi\u015flerdir.<\/p>\n<p style=\"text-align: justify\">G\u00fcn\u00fcm\u00fczde T\u00fcrkiye yurtta\u015flar\u0131n\u0131n \u00f6n\u00fcnde iki se\u00e7enek bulunmaktad\u0131r. TC vatanda\u015flar\u0131, ya soyk\u0131r\u0131mc\u0131lar\u0131, ya da cinayetleri \u00f6nlemeye \u00e7al\u0131\u015fan bu vicdanl\u0131 zatlar\u0131 kahraman olarak se\u00e7ebilir. T\u00fcrk toplumu, bu hakiki kahramanlar\u0131 tan\u0131d\u0131k\u00e7a belki inkarc\u0131 tav\u0131rlar\u0131ndan kurtulup, 1915 ger\u00e7e\u011fiyle y\u00fczle\u015febilir.<\/p>\n<p style=\"text-align: justify\"><b><i>Azg Gazetesi<\/i><\/b><\/p>\n<p style=\"text-align: justify\"><b><i>T\u00fcrk\u00e7eye \u00e7eviren Meline Anumyan<\/i><\/b><\/p>\n<p style=\"text-align: justify\"><b><i>Akunq.net<\/i><\/b><\/p>\n","protected":false},"excerpt":{"rendered":"<p>Raffi Petrosyan\/Toronto, Kanada E\u011fer Almanya, Berlin yada ba\u015fka \u015fehirlerinin baz\u0131 b\u00f6lgelerine, sokaklar\u0131na, okullar\u0131na vb mekanlar\u0131na Adolf Hitler gibi Nazi \u201ckahramanlar\u0131n\u0131n\u201d adlar\u0131n\u0131 vermeye karar verseydi, Almanlarla Yahudilerden ne t\u00fcr yank\u0131 al\u0131rd\u0131? Bence, pek olumsuz bir yank\u0131 gelirdi. Ama gel g\u00f6r ki, T\u00fcrkiye\u2019de benzer bir olay ya\u015fan\u0131yor. Burada bir tak\u0131m semt, sokak, okul vb yerler Tal\u00e2t Pa\u015fa [&hellip;]<\/p>\n","protected":false},"author":3,"featured_media":0,"comment_status":"open","ping_status":"open","sticky":false,"template":"","format":"standard","meta":{"footnotes":""},"categories":[6,14,26],"tags":[],"class_list":["post-26907","post","type-post","status-publish","format-standard","hentry","category-ermeni-soykirimi","category-haberler","category-makaleler"],"yoast_head":"<!-- This site is optimized with the Yoast SEO plugin v27.4 - https:\/\/yoast.com\/product\/yoast-seo-wordpress\/ -->\n<title>1915 y\u0131l\u0131n\u0131n hakiki kahramanlar\u0131 - Bati Ermenistan Ve Bati Ermenileri Sorunlari Ara\u015ftirmalar Merkezi<\/title>\n<meta name=\"robots\" content=\"index, follow, max-snippet:-1, max-image-preview:large, max-video-preview:-1\" \/>\n<link rel=\"canonical\" href=\"https:\/\/akunq.net\/turkish\/2013\/11\/18\/1915-yilinin-hakiki-kahramanlari\/\" \/>\n<meta property=\"og:locale\" content=\"en_US\" \/>\n<meta property=\"og:type\" content=\"article\" \/>\n<meta property=\"og:title\" content=\"1915 y\u0131l\u0131n\u0131n hakiki kahramanlar\u0131 - Bati Ermenistan Ve Bati Ermenileri Sorunlari Ara\u015ftirmalar Merkezi\" \/>\n<meta property=\"og:description\" content=\"Raffi Petrosyan\/Toronto, Kanada E\u011fer Almanya, Berlin yada ba\u015fka \u015fehirlerinin baz\u0131 b\u00f6lgelerine, sokaklar\u0131na, okullar\u0131na vb mekanlar\u0131na Adolf Hitler gibi Nazi \u201ckahramanlar\u0131n\u0131n\u201d adlar\u0131n\u0131 vermeye karar verseydi, Almanlarla Yahudilerden ne t\u00fcr yank\u0131 al\u0131rd\u0131? Bence, pek olumsuz bir yank\u0131 gelirdi. Ama gel g\u00f6r ki, T\u00fcrkiye\u2019de benzer bir olay ya\u015fan\u0131yor. Burada bir tak\u0131m semt, sokak, okul vb yerler Tal\u00e2t Pa\u015fa [&hellip;]\" \/>\n<meta property=\"og:url\" content=\"https:\/\/akunq.net\/turkish\/2013\/11\/18\/1915-yilinin-hakiki-kahramanlari\/\" \/>\n<meta property=\"og:site_name\" content=\"Bati Ermenistan Ve Bati Ermenileri Sorunlari Ara\u015ftirmalar Merkezi\" \/>\n<meta property=\"article:published_time\" content=\"2013-11-18T08:01:00+00:00\" \/>\n<meta property=\"og:image\" content=\"https:\/\/akunq.net\/turkish\/wp-content\/uploads\/sites\/5\/2013\/11\/Faik-Ali-Ozansoy.jpg\" \/>\n\t<meta property=\"og:image:width\" content=\"195\" \/>\n\t<meta property=\"og:image:height\" content=\"258\" \/>\n\t<meta property=\"og:image:type\" content=\"image\/jpeg\" \/>\n<meta name=\"author\" content=\"kalem\" \/>\n<meta name=\"twitter:card\" content=\"summary_large_image\" \/>\n<meta name=\"twitter:label1\" content=\"Written by\" \/>\n\t<meta name=\"twitter:data1\" content=\"kalem\" \/>\n\t<meta name=\"twitter:label2\" content=\"Est. reading time\" \/>\n\t<meta name=\"twitter:data2\" content=\"4 minutes\" \/>\n<script type=\"application\/ld+json\" class=\"yoast-schema-graph\">{\"@context\":\"https:\\\/\\\/schema.org\",\"@graph\":[{\"@type\":\"Article\",\"@id\":\"https:\\\/\\\/akunq.net\\\/turkish\\\/2013\\\/11\\\/18\\\/1915-yilinin-hakiki-kahramanlari\\\/#article\",\"isPartOf\":{\"@id\":\"https:\\\/\\\/akunq.net\\\/turkish\\\/2013\\\/11\\\/18\\\/1915-yilinin-hakiki-kahramanlari\\\/\"},\"author\":{\"name\":\"kalem\",\"@id\":\"https:\\\/\\\/akunq.net\\\/turkish\\\/#\\\/schema\\\/person\\\/135e7923d1aeb8887890799619969a6c\"},\"headline\":\"1915 y\u0131l\u0131n\u0131n hakiki kahramanlar\u0131\",\"datePublished\":\"2013-11-18T08:01:00+00:00\",\"mainEntityOfPage\":{\"@id\":\"https:\\\/\\\/akunq.net\\\/turkish\\\/2013\\\/11\\\/18\\\/1915-yilinin-hakiki-kahramanlari\\\/\"},\"wordCount\":907,\"commentCount\":1,\"image\":{\"@id\":\"https:\\\/\\\/akunq.net\\\/turkish\\\/2013\\\/11\\\/18\\\/1915-yilinin-hakiki-kahramanlari\\\/#primaryimage\"},\"thumbnailUrl\":\"http:\\\/\\\/akunq.net\\\/tr\\\/wp-content\\\/uploads\\\/2013\\\/11\\\/Faik-Ali-Ozansoy.jpg\",\"articleSection\":[\"Ermeni Soyk\u0131r\u0131m\u0131\",\"Haberler\",\"Makaleler\"],\"inLanguage\":\"en-US\",\"potentialAction\":[{\"@type\":\"CommentAction\",\"name\":\"Comment\",\"target\":[\"https:\\\/\\\/akunq.net\\\/turkish\\\/2013\\\/11\\\/18\\\/1915-yilinin-hakiki-kahramanlari\\\/#respond\"]}]},{\"@type\":\"WebPage\",\"@id\":\"https:\\\/\\\/akunq.net\\\/turkish\\\/2013\\\/11\\\/18\\\/1915-yilinin-hakiki-kahramanlari\\\/\",\"url\":\"https:\\\/\\\/akunq.net\\\/turkish\\\/2013\\\/11\\\/18\\\/1915-yilinin-hakiki-kahramanlari\\\/\",\"name\":\"1915 y\u0131l\u0131n\u0131n hakiki kahramanlar\u0131 - Bati Ermenistan Ve Bati Ermenileri Sorunlari Ara\u015ftirmalar Merkezi\",\"isPartOf\":{\"@id\":\"https:\\\/\\\/akunq.net\\\/turkish\\\/#website\"},\"primaryImageOfPage\":{\"@id\":\"https:\\\/\\\/akunq.net\\\/turkish\\\/2013\\\/11\\\/18\\\/1915-yilinin-hakiki-kahramanlari\\\/#primaryimage\"},\"image\":{\"@id\":\"https:\\\/\\\/akunq.net\\\/turkish\\\/2013\\\/11\\\/18\\\/1915-yilinin-hakiki-kahramanlari\\\/#primaryimage\"},\"thumbnailUrl\":\"http:\\\/\\\/akunq.net\\\/tr\\\/wp-content\\\/uploads\\\/2013\\\/11\\\/Faik-Ali-Ozansoy.jpg\",\"datePublished\":\"2013-11-18T08:01:00+00:00\",\"author\":{\"@id\":\"https:\\\/\\\/akunq.net\\\/turkish\\\/#\\\/schema\\\/person\\\/135e7923d1aeb8887890799619969a6c\"},\"breadcrumb\":{\"@id\":\"https:\\\/\\\/akunq.net\\\/turkish\\\/2013\\\/11\\\/18\\\/1915-yilinin-hakiki-kahramanlari\\\/#breadcrumb\"},\"inLanguage\":\"en-US\",\"potentialAction\":[{\"@type\":\"ReadAction\",\"target\":[\"https:\\\/\\\/akunq.net\\\/turkish\\\/2013\\\/11\\\/18\\\/1915-yilinin-hakiki-kahramanlari\\\/\"]}]},{\"@type\":\"ImageObject\",\"inLanguage\":\"en-US\",\"@id\":\"https:\\\/\\\/akunq.net\\\/turkish\\\/2013\\\/11\\\/18\\\/1915-yilinin-hakiki-kahramanlari\\\/#primaryimage\",\"url\":\"http:\\\/\\\/akunq.net\\\/tr\\\/wp-content\\\/uploads\\\/2013\\\/11\\\/Faik-Ali-Ozansoy.jpg\",\"contentUrl\":\"http:\\\/\\\/akunq.net\\\/tr\\\/wp-content\\\/uploads\\\/2013\\\/11\\\/Faik-Ali-Ozansoy.jpg\"},{\"@type\":\"BreadcrumbList\",\"@id\":\"https:\\\/\\\/akunq.net\\\/turkish\\\/2013\\\/11\\\/18\\\/1915-yilinin-hakiki-kahramanlari\\\/#breadcrumb\",\"itemListElement\":[{\"@type\":\"ListItem\",\"position\":1,\"name\":\"Home\",\"item\":\"https:\\\/\\\/akunq.net\\\/turkish\\\/\"},{\"@type\":\"ListItem\",\"position\":2,\"name\":\"1915 y\u0131l\u0131n\u0131n hakiki kahramanlar\u0131\"}]},{\"@type\":\"WebSite\",\"@id\":\"https:\\\/\\\/akunq.net\\\/turkish\\\/#website\",\"url\":\"https:\\\/\\\/akunq.net\\\/turkish\\\/\",\"name\":\"Bati Ermenistan Ve Bati Ermenileri Sorunlari Ara\u015ftirmalar Merkezi\",\"description\":\"\",\"potentialAction\":[{\"@type\":\"SearchAction\",\"target\":{\"@type\":\"EntryPoint\",\"urlTemplate\":\"https:\\\/\\\/akunq.net\\\/turkish\\\/?s={search_term_string}\"},\"query-input\":{\"@type\":\"PropertyValueSpecification\",\"valueRequired\":true,\"valueName\":\"search_term_string\"}}],\"inLanguage\":\"en-US\"},{\"@type\":\"Person\",\"@id\":\"https:\\\/\\\/akunq.net\\\/turkish\\\/#\\\/schema\\\/person\\\/135e7923d1aeb8887890799619969a6c\",\"name\":\"kalem\",\"image\":{\"@type\":\"ImageObject\",\"inLanguage\":\"en-US\",\"@id\":\"https:\\\/\\\/secure.gravatar.com\\\/avatar\\\/a06875e4b25feb5674296adf8e8a7ae1e587cebce2493fe63c456109967e27d3?s=96&d=mm&r=g\",\"url\":\"https:\\\/\\\/secure.gravatar.com\\\/avatar\\\/a06875e4b25feb5674296adf8e8a7ae1e587cebce2493fe63c456109967e27d3?s=96&d=mm&r=g\",\"contentUrl\":\"https:\\\/\\\/secure.gravatar.com\\\/avatar\\\/a06875e4b25feb5674296adf8e8a7ae1e587cebce2493fe63c456109967e27d3?s=96&d=mm&r=g\",\"caption\":\"kalem\"},\"url\":\"https:\\\/\\\/akunq.net\\\/turkish\\\/author\\\/kalem\\\/\"}]}<\/script>\n<!-- \/ Yoast SEO plugin. -->","yoast_head_json":{"title":"1915 y\u0131l\u0131n\u0131n hakiki kahramanlar\u0131 - Bati Ermenistan Ve Bati Ermenileri Sorunlari Ara\u015ftirmalar Merkezi","robots":{"index":"index","follow":"follow","max-snippet":"max-snippet:-1","max-image-preview":"max-image-preview:large","max-video-preview":"max-video-preview:-1"},"canonical":"https:\/\/akunq.net\/turkish\/2013\/11\/18\/1915-yilinin-hakiki-kahramanlari\/","og_locale":"en_US","og_type":"article","og_title":"1915 y\u0131l\u0131n\u0131n hakiki kahramanlar\u0131 - Bati Ermenistan Ve Bati Ermenileri Sorunlari Ara\u015ftirmalar Merkezi","og_description":"Raffi Petrosyan\/Toronto, Kanada E\u011fer Almanya, Berlin yada ba\u015fka \u015fehirlerinin baz\u0131 b\u00f6lgelerine, sokaklar\u0131na, okullar\u0131na vb mekanlar\u0131na Adolf Hitler gibi Nazi \u201ckahramanlar\u0131n\u0131n\u201d adlar\u0131n\u0131 vermeye karar verseydi, Almanlarla Yahudilerden ne t\u00fcr yank\u0131 al\u0131rd\u0131? Bence, pek olumsuz bir yank\u0131 gelirdi. Ama gel g\u00f6r ki, T\u00fcrkiye\u2019de benzer bir olay ya\u015fan\u0131yor. Burada bir tak\u0131m semt, sokak, okul vb yerler Tal\u00e2t Pa\u015fa [&hellip;]","og_url":"https:\/\/akunq.net\/turkish\/2013\/11\/18\/1915-yilinin-hakiki-kahramanlari\/","og_site_name":"Bati Ermenistan Ve Bati Ermenileri Sorunlari Ara\u015ftirmalar Merkezi","article_published_time":"2013-11-18T08:01:00+00:00","og_image":[{"width":195,"height":258,"url":"https:\/\/akunq.net\/turkish\/wp-content\/uploads\/sites\/5\/2013\/11\/Faik-Ali-Ozansoy.jpg","type":"image\/jpeg"}],"author":"kalem","twitter_card":"summary_large_image","twitter_misc":{"Written by":"kalem","Est. reading time":"4 minutes"},"schema":{"@context":"https:\/\/schema.org","@graph":[{"@type":"Article","@id":"https:\/\/akunq.net\/turkish\/2013\/11\/18\/1915-yilinin-hakiki-kahramanlari\/#article","isPartOf":{"@id":"https:\/\/akunq.net\/turkish\/2013\/11\/18\/1915-yilinin-hakiki-kahramanlari\/"},"author":{"name":"kalem","@id":"https:\/\/akunq.net\/turkish\/#\/schema\/person\/135e7923d1aeb8887890799619969a6c"},"headline":"1915 y\u0131l\u0131n\u0131n hakiki kahramanlar\u0131","datePublished":"2013-11-18T08:01:00+00:00","mainEntityOfPage":{"@id":"https:\/\/akunq.net\/turkish\/2013\/11\/18\/1915-yilinin-hakiki-kahramanlari\/"},"wordCount":907,"commentCount":1,"image":{"@id":"https:\/\/akunq.net\/turkish\/2013\/11\/18\/1915-yilinin-hakiki-kahramanlari\/#primaryimage"},"thumbnailUrl":"http:\/\/akunq.net\/tr\/wp-content\/uploads\/2013\/11\/Faik-Ali-Ozansoy.jpg","articleSection":["Ermeni Soyk\u0131r\u0131m\u0131","Haberler","Makaleler"],"inLanguage":"en-US","potentialAction":[{"@type":"CommentAction","name":"Comment","target":["https:\/\/akunq.net\/turkish\/2013\/11\/18\/1915-yilinin-hakiki-kahramanlari\/#respond"]}]},{"@type":"WebPage","@id":"https:\/\/akunq.net\/turkish\/2013\/11\/18\/1915-yilinin-hakiki-kahramanlari\/","url":"https:\/\/akunq.net\/turkish\/2013\/11\/18\/1915-yilinin-hakiki-kahramanlari\/","name":"1915 y\u0131l\u0131n\u0131n hakiki kahramanlar\u0131 - Bati Ermenistan Ve Bati Ermenileri Sorunlari Ara\u015ftirmalar Merkezi","isPartOf":{"@id":"https:\/\/akunq.net\/turkish\/#website"},"primaryImageOfPage":{"@id":"https:\/\/akunq.net\/turkish\/2013\/11\/18\/1915-yilinin-hakiki-kahramanlari\/#primaryimage"},"image":{"@id":"https:\/\/akunq.net\/turkish\/2013\/11\/18\/1915-yilinin-hakiki-kahramanlari\/#primaryimage"},"thumbnailUrl":"http:\/\/akunq.net\/tr\/wp-content\/uploads\/2013\/11\/Faik-Ali-Ozansoy.jpg","datePublished":"2013-11-18T08:01:00+00:00","author":{"@id":"https:\/\/akunq.net\/turkish\/#\/schema\/person\/135e7923d1aeb8887890799619969a6c"},"breadcrumb":{"@id":"https:\/\/akunq.net\/turkish\/2013\/11\/18\/1915-yilinin-hakiki-kahramanlari\/#breadcrumb"},"inLanguage":"en-US","potentialAction":[{"@type":"ReadAction","target":["https:\/\/akunq.net\/turkish\/2013\/11\/18\/1915-yilinin-hakiki-kahramanlari\/"]}]},{"@type":"ImageObject","inLanguage":"en-US","@id":"https:\/\/akunq.net\/turkish\/2013\/11\/18\/1915-yilinin-hakiki-kahramanlari\/#primaryimage","url":"http:\/\/akunq.net\/tr\/wp-content\/uploads\/2013\/11\/Faik-Ali-Ozansoy.jpg","contentUrl":"http:\/\/akunq.net\/tr\/wp-content\/uploads\/2013\/11\/Faik-Ali-Ozansoy.jpg"},{"@type":"BreadcrumbList","@id":"https:\/\/akunq.net\/turkish\/2013\/11\/18\/1915-yilinin-hakiki-kahramanlari\/#breadcrumb","itemListElement":[{"@type":"ListItem","position":1,"name":"Home","item":"https:\/\/akunq.net\/turkish\/"},{"@type":"ListItem","position":2,"name":"1915 y\u0131l\u0131n\u0131n hakiki kahramanlar\u0131"}]},{"@type":"WebSite","@id":"https:\/\/akunq.net\/turkish\/#website","url":"https:\/\/akunq.net\/turkish\/","name":"Bati Ermenistan Ve Bati Ermenileri Sorunlari Ara\u015ftirmalar Merkezi","description":"","potentialAction":[{"@type":"SearchAction","target":{"@type":"EntryPoint","urlTemplate":"https:\/\/akunq.net\/turkish\/?s={search_term_string}"},"query-input":{"@type":"PropertyValueSpecification","valueRequired":true,"valueName":"search_term_string"}}],"inLanguage":"en-US"},{"@type":"Person","@id":"https:\/\/akunq.net\/turkish\/#\/schema\/person\/135e7923d1aeb8887890799619969a6c","name":"kalem","image":{"@type":"ImageObject","inLanguage":"en-US","@id":"https:\/\/secure.gravatar.com\/avatar\/a06875e4b25feb5674296adf8e8a7ae1e587cebce2493fe63c456109967e27d3?s=96&d=mm&r=g","url":"https:\/\/secure.gravatar.com\/avatar\/a06875e4b25feb5674296adf8e8a7ae1e587cebce2493fe63c456109967e27d3?s=96&d=mm&r=g","contentUrl":"https:\/\/secure.gravatar.com\/avatar\/a06875e4b25feb5674296adf8e8a7ae1e587cebce2493fe63c456109967e27d3?s=96&d=mm&r=g","caption":"kalem"},"url":"https:\/\/akunq.net\/turkish\/author\/kalem\/"}]}},"_links":{"self":[{"href":"https:\/\/akunq.net\/turkish\/wp-json\/wp\/v2\/posts\/26907","targetHints":{"allow":["GET"]}}],"collection":[{"href":"https:\/\/akunq.net\/turkish\/wp-json\/wp\/v2\/posts"}],"about":[{"href":"https:\/\/akunq.net\/turkish\/wp-json\/wp\/v2\/types\/post"}],"author":[{"embeddable":true,"href":"https:\/\/akunq.net\/turkish\/wp-json\/wp\/v2\/users\/3"}],"replies":[{"embeddable":true,"href":"https:\/\/akunq.net\/turkish\/wp-json\/wp\/v2\/comments?post=26907"}],"version-history":[{"count":0,"href":"https:\/\/akunq.net\/turkish\/wp-json\/wp\/v2\/posts\/26907\/revisions"}],"wp:attachment":[{"href":"https:\/\/akunq.net\/turkish\/wp-json\/wp\/v2\/media?parent=26907"}],"wp:term":[{"taxonomy":"category","embeddable":true,"href":"https:\/\/akunq.net\/turkish\/wp-json\/wp\/v2\/categories?post=26907"},{"taxonomy":"post_tag","embeddable":true,"href":"https:\/\/akunq.net\/turkish\/wp-json\/wp\/v2\/tags?post=26907"}],"curies":[{"name":"wp","href":"https:\/\/api.w.org\/{rel}","templated":true}]}}