{"id":26891,"date":"2013-11-16T03:17:00","date_gmt":"2013-11-16T08:17:00","guid":{"rendered":"http:\/\/akunq.net\/tr\/?p=26891"},"modified":"2013-11-16T03:17:00","modified_gmt":"2013-11-16T08:17:00","slug":"erdogan-is-1915e-gelince-ittihatci-kemalist-kesilmeye-devam-edecek-mi","status":"publish","type":"post","link":"https:\/\/akunq.net\/turkish\/2013\/11\/16\/erdogan-is-1915e-gelince-ittihatci-kemalist-kesilmeye-devam-edecek-mi\/","title":{"rendered":"Erdo\u011fan, i\u015f 1915&#8217;e gelince \u0130ttihat\u00e7\u0131, Kemalist kesilmeye devam edecek mi?"},"content":{"rendered":"<p style=\"text-align: justify\"><em><b><a href=\"http:\/\/akunq.net\/tr\/wp-content\/uploads\/2013\/11\/\u0540\u0561\u057d\u0561\u0576-\u054b\u0565\u0574\u0561\u056c.jpg\"><img loading=\"lazy\" decoding=\"async\" class=\"alignright size-medium wp-image-26892\" alt=\"\u0540\u0561\u057d\u0561\u0576 \u054b\u0565\u0574\u0561\u056c\" src=\"http:\/\/akunq.net\/tr\/wp-content\/uploads\/2013\/11\/\u0540\u0561\u057d\u0561\u0576-\u054b\u0565\u0574\u0561\u056c-300x130.jpg\" width=\"300\" height=\"130\" \/><\/a>Cemal Pa\u015fa<\/b><\/em><em><b> ailesi, \u0130stanbul\u2019da, Kurtulu\u015f semtinde bah\u00e7e i\u00e7inde m\u00fcstakil bir eve yerle\u015fmi\u015fti. Ev, eski bir \u2018Ermeni m\u00fclk\u00fc\u2019yd\u00fc ve Atat\u00fcrk\u2019\u00fcn emriyle Cemal Pa\u015fa ailesine verilmi\u015fti.<\/b><\/em><\/p>\n<p style=\"text-align: justify\"><em><b>New Jersey&#8217;de kitaplar\u0131m\u0131 imzalarken, sar\u0131\u015f\u0131n bir kad\u0131n, elinde kitap yan\u0131ma yakla\u015ft\u0131 ve \u015f\u00f6yle dedi: \u201cAilenize verilen Kurtulu\u015f\u2019taki ev benim aileme aitti, dedelerimindi.\u201d<\/b><\/em><\/p>\n<p style=\"text-align: justify\"><strong><i>1915\u2019in <\/i><\/strong><em><b>y\u00fcz\u00fcnc\u00fc y\u0131l\u0131 kap\u0131m\u0131zda! Tayyip Erdo\u011fan acaba mesele 1915\u2019e, Ermeni meselesine gelince, \u0130ttihat\u00e7\u0131 ve Kemalist kesilmeye devam edecek mi?..<\/b><\/em><\/p>\n<p style=\"text-align: justify\"><em><b><span style=\"text-decoration: underline\">NEW\u00a0 YORK<\/span><\/b><\/em><\/p>\n<p style=\"text-align: justify\">Sabah vakti, kar ya\u011f\u0131yor.<\/p>\n<p style=\"text-align: justify\">Ge\u00e7en ay ba\u015f\u0131 <strong>Kars<\/strong>\u2019ta y\u0131l\u0131n ilk kar\u0131n\u0131 ya\u015fam\u0131\u015ft\u0131k. \u015eimdi de New York\u2019ta t\u00fcl perde gibi inen kar\u0131n alt\u0131nda yaz\u0131m\u0131 yazacak bir kahve ar\u0131yorum.<\/p>\n<p style=\"text-align: justify\">So\u011fuk ve kur\u015funi bir hava.<\/p>\n<p style=\"text-align: justify\">\u00d6nce Village\u2019da ad\u0131 <strong>The Dollaway <\/strong>olan bir kahveye u\u011frad\u0131m, belki <strong>Virginia Woolf<\/strong>\u2019un ruhuyla kar\u015f\u0131la\u015f\u0131r\u0131m diye&#8230;<\/p>\n<p style=\"text-align: justify\">Kapal\u0131yd\u0131.<\/p>\n<p style=\"text-align: justify\">Kar alt\u0131nda kimsesiz <strong>Washington Square<\/strong>\u2019i ge\u00e7mi\u015fin hayalleriyle ba\u015fba\u015fa ge\u00e7ip, herhalde NYU \u00f6\u011frencilerinin bilgisayarlar\u0131yla, kitaplar\u0131yla ha\u015f\u0131r ne\u015fir olduklar\u0131 y\u00fcksek tavanl\u0131 kocaman bir kahvenin tenha bir k\u00f6\u015fesine yay\u0131ld\u0131m.<\/p>\n<p style=\"text-align: justify\">Yaz\u0131ma ba\u015flamadan \u00f6nce akl\u0131ma tak\u0131ld\u0131:<\/p>\n<p style=\"text-align: justify\"><strong>Ge\u00e7mi\u015fi tekrarlamak m\u00fcmk\u00fcn m\u00fc?..<\/strong><\/p>\n<p style=\"text-align: justify\">Bu konuyu bir ba\u015fka yaz\u0131ya b\u0131rakt\u0131m.<\/p>\n<p style=\"text-align: justify\">D\u00fcnk\u00fc yaz\u0131m\u0131n devam\u0131n\u0131 getirmem laz\u0131m:<\/p>\n<p style=\"text-align: justify\">2015, yani <strong>1915<\/strong>\u2019in y\u00fcz\u00fcnc\u00fc y\u0131l\u0131 kap\u0131m\u0131zdayken neler yap\u0131labilir?..<\/p>\n<p style=\"text-align: justify\"><strong>T\u00fcrkler, Ermeniler&#8230; <\/strong><\/p>\n<p style=\"text-align: justify\"><strong>Sivil toplum kurulu\u015flar\u0131&#8230;<\/strong><\/p>\n<p style=\"text-align: justify\"><strong>T\u00fcrk ve Ermeni devletleri&#8230;<\/strong><\/p>\n<p style=\"text-align: justify\"><strong>Ermeni diasporas\u0131&#8230;<\/strong><\/p>\n<p style=\"text-align: justify\">Herkesin \u00fczerine d\u00fc\u015fen g\u00f6revler neler olabilirdi?<\/p>\n<h2 style=\"text-align: justify\"><strong>Cemal Pa\u015fa ailesi\u00a0<\/strong><\/h2>\n<p style=\"text-align: justify\">Ge\u00e7en Cumartesi ak\u015fam\u0131 <strong>New Jersey<\/strong>\u2019de, <strong>tutsak ak\u0131l-\u00f6zg\u00fcr ak\u0131l<\/strong> ve <strong>milliyet\u00e7ilikleri <\/strong>konu alan konu\u015fmam yeni bitmi\u015f, s\u0131ra sorulara gelmi\u015fti.<\/p>\n<p style=\"text-align: justify\">Sorulardan biri, <strong>Cemal Pa\u015fa ailesi <\/strong>ile ilgiliydi.<\/p>\n<p style=\"text-align: justify\">Hem ailenin k\u00f6kleri, hem de <strong>Osmanl\u0131 \u0130mparatorlu\u011fu<\/strong>\u2019nun y\u0131k\u0131lmas\u0131ndan sonraki hayat\u0131 merak ediliyordu.<\/p>\n<p style=\"text-align: justify\">Soruyu yan\u0131tlarken hat\u0131rlad\u0131m.<\/p>\n<p style=\"text-align: justify\">Cumhuriyet kurulduktan sonra, ancak 1920\u2019lerin ortas\u0131na do\u011fru Cemal Pa\u015fa ailesinin T\u00fcrkiye\u2019ye d\u00f6nmesine izin verilmi\u015fti.<\/p>\n<p style=\"text-align: justify\">Aile \u0130stanbul\u2019da, <strong>Kurtulu\u015f<\/strong> semtinde bah\u00e7e i\u00e7inde m\u00fcstakil bir eve yerle\u015fmi\u015fti.<\/p>\n<p style=\"text-align: justify\">Ev, eski bir \u2018<strong>Ermeni m\u00fclk\u00fc<\/strong>\u2019yd\u00fc ve <strong>Atat\u00fcrk<\/strong>\u2019\u00fcn emriyle Cemal Pa\u015fa ailesine verilmi\u015fti. Ka\u00e7 y\u0131l sonra bilmiyorum ama ailenin hi\u00e7 bitmeyen mali dertleri y\u00fcz\u00fcnden de sat\u0131lm\u0131\u015ft\u0131.<\/p>\n<p style=\"text-align: justify\">Bir y\u0131l \u00f6nce \u00e7\u0131kan <strong>1915: Ermeni Soyk\u0131r\u0131m\u0131 <\/strong>kitab\u0131mda aile tarihinin bu biraz da trajik sayfas\u0131na \u00e7ok k\u0131sa de\u011finmi\u015ftim.<\/p>\n<h2 style=\"text-align: justify\"><strong>&#8216;Ailenize verilen ev dedelerimindi&#8217; deyip d\u00f6nd\u00fc gitti<\/strong><\/h2>\n<p style=\"text-align: justify\">Konu\u015fmadan sonra soru-cevap b\u00f6l\u00fcm\u00fc de bitmi\u015f, kitaplar\u0131m\u0131 imzalamaya ba\u015flam\u0131\u015ft\u0131m.<\/p>\n<p style=\"text-align: justify\">Sar\u0131\u015f\u0131n bir kad\u0131n, elinde kitap yan\u0131ma yakla\u015ft\u0131, bana do\u011fru e\u011fildi, ad\u0131n\u0131n <strong>Anna <\/strong>oldu\u011funu s\u00f6yledikten sonra \u015f\u00f6yle dedi:<\/p>\n<p style=\"text-align: justify\"><strong>\u201cAilenize verilen Kurtulu\u015f\u2019taki ev benim aileme aitti, dedelerimindi.\u201d<\/strong><\/p>\n<p style=\"text-align: justify\">Bir an \u015fa\u015f\u0131rd\u0131m.<\/p>\n<p style=\"text-align: justify\">Sonra aya\u011fa kalkt\u0131m, elini s\u0131kt\u0131m.<\/p>\n<p style=\"text-align: justify\">K\u0131sa s\u00fcre bak\u0131\u015ft\u0131k.<\/p>\n<p style=\"text-align: justify\">S\u0131rt\u0131n\u0131 d\u00f6nd\u00fc gitti Anna&#8230;<\/p>\n<p style=\"text-align: justify\">Ne yapabilirdim ki?..<\/p>\n<p style=\"text-align: justify\"><strong>Armen Gevorkyan<\/strong>\u2019\u0131 an\u0131msad\u0131m.<\/p>\n<p style=\"text-align: justify\">2008 y\u0131l\u0131 Eyl\u00fcl ay\u0131yd\u0131.<\/p>\n<p style=\"text-align: justify\"><strong>Erivan<\/strong>\u2019a gitmi\u015ftik.<\/p>\n<p style=\"text-align: justify\">Sevgili <strong>Hrant Dink<\/strong>\u2019i anmak ve ac\u0131s\u0131n\u0131 payla\u015fmak i\u00e7in <strong>Soyk\u0131r\u0131m An\u0131t\u0131<\/strong>\u2019na bir sabah vakti g\u00fcn do\u011farken \u00fc\u00e7 sap beyaz karanfil koydu\u011fum seyahatti.<\/p>\n<p style=\"text-align: justify\"><strong>Samson<\/strong> sormu\u015ftu bana:<\/p>\n<p style=\"text-align: justify\"><strong>\u201c1922\u2019de dedeni Tiflis\u2019te vuran \u00e7etenin bir mensubunun torunuyla tan\u0131\u015fmak ister misin? Ama o ki\u015fi, teti\u011fi \u00e7ekenlerden biri de\u011fildi.\u201d<\/strong><\/p>\n<p style=\"text-align: justify\">Armen Gevorkyan\u2019la b\u00f6yle tan\u0131\u015fm\u0131\u015f, Erivan\u2019da, Cumhuriyet Meydan\u0131\u2019nda bir kahvede oturup konu\u015fmu\u015ftuk.<\/p>\n<p style=\"text-align: justify\">Kar\u0131\u015f\u0131k, tuhaf duygulard\u0131.<\/p>\n<p style=\"text-align: justify\">Ailenin ve tarihin aras\u0131na \u00e7izgi \u00e7ekmeyi \u00f6\u011frenmek ve de <strong>tarihin esiri<\/strong> olmaktan \u00f6zenle ka\u00e7\u0131nmaktan ba\u015fka \u00e7are var m\u0131yd\u0131?<\/p>\n<p style=\"text-align: justify\">Bence yoktu.<\/p>\n<h2 style=\"text-align: justify\"><strong>Bu topraklar art\u0131k trajediye doymu\u015f olmal\u0131\u00a0<\/strong><\/h2>\n<p style=\"text-align: justify\">Anna\u2019n\u0131n dedelerinin m\u00fclk\u00fcne <strong>Osmanl\u0131 devleti <\/strong>1915\u2019te el koymu\u015f, <strong>Cumhuriyet devleti <\/strong>de, babas\u0131n\u0131n mal\u0131 gibi bizim aileye ihsan eylemi\u015fti.<\/p>\n<p style=\"text-align: justify\">Anna\u2019n\u0131n bana kendi kitab\u0131m\u0131 imzalat\u0131rken neler hissetti\u011fni bilmiyorum. Ama olumsuz bir elekriklenme hissetmedim.<\/p>\n<p style=\"text-align: justify\">Benzer durum, Armen\u2019le benim aramda da olmad\u0131. Hatta bu yak\u0131nlarda Armen Gevorkyan\u2019dan gelen bir mail, kitab\u0131m\u0131n Ermenice\u2019ye \u00e7evrildi\u011fini ve Erivan\u2019da bas\u0131lmaya haz\u0131r oldu\u011funu bildiriyordu.<\/p>\n<p style=\"text-align: justify\">Hayat b\u00f6yle!<\/p>\n<p style=\"text-align: justify\">Sa\u011fl\u0131kl\u0131 olana gelince&#8230;<\/p>\n<p style=\"text-align: justify\">Ge\u00e7mi\u015fi nefretle anmak de\u011fil, ac\u0131lar\u0131 ille de diri tutmak de\u011fil, ac\u0131lar\u0131n bir daha ya\u015fanmayaca\u011f\u0131 yollarda y\u00fcr\u00fcmeye \u00e7al\u0131\u015fmakt\u0131r.<\/p>\n<p style=\"text-align: justify\">Do\u011fru olan budur.<\/p>\n<p style=\"text-align: justify\">Evet, bu topraklar ac\u0131yla yo\u011frulmu\u015f topraklar. Ama art\u0131k trajediye doymu\u015f olmal\u0131lar.<\/p>\n<p style=\"text-align: justify\">Herkesin kendi me\u015fru ac\u0131lar\u0131 hi\u00e7 ku\u015fkusuz var. Ama bundan sonras\u0131, <strong>yeter art\u0131k<\/strong> deyip, bir yandan <strong>ge\u00e7mi\u015fle y\u00fczle\u015fmek<\/strong>, di\u011fer yandan <strong>bar\u0131\u015f ve demokrasi<\/strong> \u00e7at\u0131s\u0131n\u0131 \u00e7atabilmektir.<\/p>\n<h2 style=\"text-align: justify\"><strong>Ermenilerin ac\u0131lar\u0131 kar\u015f\u0131s\u0131ndaki sessizlik bozulmal\u0131<\/strong><\/h2>\n<p style=\"text-align: justify\"><strong>Kli\u015feler<\/strong>, fark\u0131nday\u0131m.<\/p>\n<p style=\"text-align: justify\">Kli\u015feler ama&#8230;<\/p>\n<p style=\"text-align: justify\">Bunlar\u0131 hayat\u0131n i\u00e7inde ger\u00e7ekle\u015ftirmeden de bir yere gitmek m\u00fcmk\u00fcn de\u011fil.<\/p>\n<p style=\"text-align: justify\">S\u00f6z\u00fc daha fazla uzatmak istemiyorum.<\/p>\n<p style=\"text-align: justify\"><strong>New Jersey<\/strong>\u2019de, Ermeni toplulu\u011fuyla ge\u00e7irdi\u011fim iki g\u00fczel ve anlaml\u0131 g\u00fcn boyunca s\u00f6ylediklerimin bir \u00f6zeti \u015f\u00f6yle:<\/p>\n<p style=\"text-align: justify\">Ermeniler, <strong>Anadolu<\/strong>\u2019nun insanlar\u0131d\u0131r.<\/p>\n<p style=\"text-align: justify\">K\u00f6kleri, yurtlar\u0131 Anadolu topra\u011f\u0131ndad\u0131r.<\/p>\n<p style=\"text-align: justify\">Hatta <strong>K\u00fcrtler<\/strong> gibi <strong>Ermeniler<\/strong> de T\u00fcrkler gelmeden \u00f6nce Anadolu\u2019da ya\u015f\u0131yorlard\u0131.<\/p>\n<p style=\"text-align: justify\">T\u00fcrkiye, ger\u00e7ek \u015fu ki, Ermenilerin de bu topraklar\u0131n insanlar\u0131 olduklar\u0131n\u0131, <strong>1915<\/strong>\u2019te bu topraklardaki k\u00f6klerinden, yurtlar\u0131ndan, evlerinden barklar\u0131ndan kopar\u0131ld\u0131klar\u0131n\u0131 bug\u00fcne kadar kabul etmedi.<\/p>\n<p style=\"text-align: justify\">T\u00fcrkiye, devlet olarak da, toplum olarak da, Ermenilerin <strong>1915-1916<\/strong> dolay\u0131s\u0131yla ya\u015fad\u0131klar\u0131 ac\u0131lar\u0131 ne anlad\u0131, ne de payla\u015ft\u0131.<\/p>\n<p style=\"text-align: justify\">T\u00fcrkiye, Osmanl\u0131 devletinin, <strong>\u0130ttihat Terakki<\/strong>\u2019nin \u2018<strong>insanl\u0131\u011fa kar\u015f\u0131 su\u00e7lar\u0131<\/strong>\u2019n\u0131 \u00fcstlenirken, Ermenilere kar\u015f\u0131 hi\u00e7 olmazsa bir <strong>\u00f6z\u00fcr borcu <\/strong>oldu\u011funu bug\u00fcne kadar akl\u0131na getirmedi.<\/p>\n<p style=\"text-align: justify\">Yaz\u0131k.<\/p>\n<p style=\"text-align: justify\"><strong>2015<\/strong>\u2019in e\u015fi\u011findeyiz.<\/p>\n<p style=\"text-align: justify\">T\u00fcrkiye, <strong>devlet olarak<\/strong> Ermenilerin ya\u015fad\u0131klar\u0131 ac\u0131lar kar\u015f\u0131s\u0131ndaki sessizli\u011fini art\u0131k bozmal\u0131. <strong>Siyasal ve ahlaksal<\/strong> olarak bug\u00fcne kadar izlemi\u015f oldu\u011fu hatal\u0131, vahim \u00e7izgiyi mutlaka de\u011fi\u015ftirmeli.<\/p>\n<p style=\"text-align: justify\">T\u00fcrkiye\u2019yle Ermenistan s\u0131n\u0131r\u0131 a\u00e7\u0131lmal\u0131.<\/p>\n<p style=\"text-align: justify\">\u0130ki \u00fclke aras\u0131nda diplomatik ili\u015fki kurulmal\u0131.<\/p>\n<p style=\"text-align: justify\">Bu iki ad\u0131m <strong>\u00f6nko\u015fulsuz <\/strong>at\u0131lmal\u0131.<\/p>\n<p style=\"text-align: justify\">T\u00fcrkiye devlet olarak Ermenilerden <strong>\u00f6z\u00fcr <\/strong>dilemeli ya da en az\u0131ndan \u00f6z\u00fcr anlam\u0131n\u0131 ta\u015f\u0131yan ciddi bir jest -ya da jestler- yapmal\u0131.<\/p>\n<p style=\"text-align: justify\">Bir ba\u015fka deyi\u015fle:<\/p>\n<p style=\"text-align: justify\">T\u00fcrkiye, devlet olarak, Ermenilerin ya\u015fad\u0131\u011f\u0131 <strong>1915<\/strong> ac\u0131s\u0131n\u0131 anlad\u0131\u011f\u0131n\u0131, payla\u015ft\u0131\u011f\u0131n\u0131 kamuoyu \u00f6n\u00fcnde a\u00e7\u0131klayabilmeli.<\/p>\n<p style=\"text-align: justify\">Ermeniler konusundaki <strong>\u0131rk\u00e7\u0131, k\u00fc\u00e7\u00fclt\u00fcc\u00fc ve \u00f6nyarg\u0131l\u0131 devlet dili<\/strong>, ba\u015fta tarih kitaplar\u0131 olmak \u00fczere de\u011fi\u015ftirilmeli.<\/p>\n<p style=\"text-align: justify\">Sivil toplum kurulu\u015flar\u0131n\u0131n i\u015fbirli\u011fi, <strong>T\u00fcrkiye-Ermenistan-Diaspora<\/strong> \u00fc\u00e7geninde her alanda <strong>diyalog<\/strong> kanallar\u0131n\u0131 a\u00e7acak \u015fekilde \u00e7o\u011falt\u0131lmal\u0131, bunun i\u00e7in <strong>ortak platformlar<\/strong> olu\u015fturulmal\u0131&#8230;<\/p>\n<p style=\"text-align: justify\">Ben bu noktalar\u0131 belirttikten sonra, New Jersey\u2019deki iki konu\u015fmam\u0131 da izlemi\u015f olan bir Ermeni entellekt\u00fcelinden \u015fu mesaj geldi:<\/p>\n<p style=\"text-align: justify\"><strong>\u201cT\u00fcrkiye\u2019de devlet ne kadar de\u011fi\u015fti? \u00d6z\u00fcnde, en az\u0131ndan bu sizin s\u00f6ylediklerinizi yapabilecek bir de\u011fi\u015fime u\u011frad\u0131 m\u0131?\u201d<\/strong><\/p>\n<p style=\"text-align: justify\">Bu soruyu, <strong>Tayyip Erdo\u011fan\u2019la kurmaylar\u0131<\/strong> da kendi kendilerine sorup d\u00fc\u015f\u00fcnmeli.<\/p>\n<p style=\"text-align: justify\">1915\u2019in y\u00fcz\u00fcnc\u00fc y\u0131l\u0131 kap\u0131m\u0131zda!<\/p>\n<p style=\"text-align: justify\">Soru \u015f\u00f6yle de sorulabilir:<\/p>\n<p style=\"text-align: justify\"><strong>Tayyip Erdo\u011fan acaba mesele 1915\u2019e, Ermeni meselesine gelince, yine \u0130ttihat\u00e7\u0131 ve Kemalist kesilmeye devam edecek mi?..<\/strong><\/p>\n<p style=\"text-align: justify\">D\u00fc\u015f\u00fcnmekte yarar var.<\/p>\n<p style=\"text-align: justify\"><em><strong>Twitter:<\/strong><b> @HSNCML<\/b><\/em><\/p>\n<p style=\"text-align: justify\"><b><i>http:\/\/t24.com.tr\/yazi\/erdogan-is-1915e-gelince-ittihatci-kemalist-kesilmeye-devam-edecek-mi\/7819<\/i><\/b><\/p>\n","protected":false},"excerpt":{"rendered":"<p>Cemal Pa\u015fa ailesi, \u0130stanbul\u2019da, Kurtulu\u015f semtinde bah\u00e7e i\u00e7inde m\u00fcstakil bir eve yerle\u015fmi\u015fti. Ev, eski bir \u2018Ermeni m\u00fclk\u00fc\u2019yd\u00fc ve Atat\u00fcrk\u2019\u00fcn emriyle Cemal Pa\u015fa ailesine verilmi\u015fti. New Jersey&#8217;de kitaplar\u0131m\u0131 imzalarken, sar\u0131\u015f\u0131n bir kad\u0131n, elinde kitap yan\u0131ma yakla\u015ft\u0131 ve \u015f\u00f6yle dedi: \u201cAilenize verilen Kurtulu\u015f\u2019taki ev benim aileme aitti, dedelerimindi.\u201d 1915\u2019in y\u00fcz\u00fcnc\u00fc y\u0131l\u0131 kap\u0131m\u0131zda! Tayyip Erdo\u011fan acaba mesele 1915\u2019e, [&hellip;]<\/p>\n","protected":false},"author":3,"featured_media":0,"comment_status":"open","ping_status":"open","sticky":false,"template":"","format":"standard","meta":{"footnotes":""},"categories":[6,14,26],"tags":[],"class_list":["post-26891","post","type-post","status-publish","format-standard","hentry","category-ermeni-soykirimi","category-haberler","category-makaleler"],"yoast_head":"<!-- This site is optimized with the Yoast SEO plugin v27.4 - https:\/\/yoast.com\/product\/yoast-seo-wordpress\/ -->\n<title>Erdo\u011fan, i\u015f 1915&#039;e gelince \u0130ttihat\u00e7\u0131, Kemalist kesilmeye devam edecek mi? - Bati Ermenistan Ve Bati Ermenileri Sorunlari Ara\u015ftirmalar Merkezi<\/title>\n<meta name=\"robots\" content=\"index, follow, max-snippet:-1, max-image-preview:large, max-video-preview:-1\" \/>\n<link rel=\"canonical\" href=\"https:\/\/akunq.net\/turkish\/2013\/11\/16\/erdogan-is-1915e-gelince-ittihatci-kemalist-kesilmeye-devam-edecek-mi\/\" \/>\n<meta property=\"og:locale\" content=\"en_US\" \/>\n<meta property=\"og:type\" content=\"article\" \/>\n<meta property=\"og:title\" content=\"Erdo\u011fan, i\u015f 1915&#039;e gelince \u0130ttihat\u00e7\u0131, Kemalist kesilmeye devam edecek mi? - Bati Ermenistan Ve Bati Ermenileri Sorunlari Ara\u015ftirmalar Merkezi\" \/>\n<meta property=\"og:description\" content=\"Cemal Pa\u015fa ailesi, \u0130stanbul\u2019da, Kurtulu\u015f semtinde bah\u00e7e i\u00e7inde m\u00fcstakil bir eve yerle\u015fmi\u015fti. Ev, eski bir \u2018Ermeni m\u00fclk\u00fc\u2019yd\u00fc ve Atat\u00fcrk\u2019\u00fcn emriyle Cemal Pa\u015fa ailesine verilmi\u015fti. New Jersey&#8217;de kitaplar\u0131m\u0131 imzalarken, sar\u0131\u015f\u0131n bir kad\u0131n, elinde kitap yan\u0131ma yakla\u015ft\u0131 ve \u015f\u00f6yle dedi: \u201cAilenize verilen Kurtulu\u015f\u2019taki ev benim aileme aitti, dedelerimindi.\u201d 1915\u2019in y\u00fcz\u00fcnc\u00fc y\u0131l\u0131 kap\u0131m\u0131zda! Tayyip Erdo\u011fan acaba mesele 1915\u2019e, [&hellip;]\" \/>\n<meta property=\"og:url\" content=\"https:\/\/akunq.net\/turkish\/2013\/11\/16\/erdogan-is-1915e-gelince-ittihatci-kemalist-kesilmeye-devam-edecek-mi\/\" \/>\n<meta property=\"og:site_name\" content=\"Bati Ermenistan Ve Bati Ermenileri Sorunlari Ara\u015ftirmalar Merkezi\" \/>\n<meta property=\"article:published_time\" content=\"2013-11-16T08:17:00+00:00\" \/>\n<meta name=\"author\" content=\"kalem\" \/>\n<meta name=\"twitter:card\" content=\"summary_large_image\" \/>\n<meta name=\"twitter:label1\" content=\"Written by\" \/>\n\t<meta name=\"twitter:data1\" content=\"kalem\" \/>\n\t<meta name=\"twitter:label2\" content=\"Est. reading time\" \/>\n\t<meta name=\"twitter:data2\" content=\"6 minutes\" \/>\n<script type=\"application\/ld+json\" class=\"yoast-schema-graph\">{\"@context\":\"https:\\\/\\\/schema.org\",\"@graph\":[{\"@type\":\"Article\",\"@id\":\"https:\\\/\\\/akunq.net\\\/turkish\\\/2013\\\/11\\\/16\\\/erdogan-is-1915e-gelince-ittihatci-kemalist-kesilmeye-devam-edecek-mi\\\/#article\",\"isPartOf\":{\"@id\":\"https:\\\/\\\/akunq.net\\\/turkish\\\/2013\\\/11\\\/16\\\/erdogan-is-1915e-gelince-ittihatci-kemalist-kesilmeye-devam-edecek-mi\\\/\"},\"author\":{\"name\":\"kalem\",\"@id\":\"https:\\\/\\\/akunq.net\\\/turkish\\\/#\\\/schema\\\/person\\\/135e7923d1aeb8887890799619969a6c\"},\"headline\":\"Erdo\u011fan, i\u015f 1915&#8217;e gelince \u0130ttihat\u00e7\u0131, Kemalist kesilmeye devam edecek mi?\",\"datePublished\":\"2013-11-16T08:17:00+00:00\",\"mainEntityOfPage\":{\"@id\":\"https:\\\/\\\/akunq.net\\\/turkish\\\/2013\\\/11\\\/16\\\/erdogan-is-1915e-gelince-ittihatci-kemalist-kesilmeye-devam-edecek-mi\\\/\"},\"wordCount\":1284,\"commentCount\":0,\"articleSection\":[\"Ermeni Soyk\u0131r\u0131m\u0131\",\"Haberler\",\"Makaleler\"],\"inLanguage\":\"en-US\",\"potentialAction\":[{\"@type\":\"CommentAction\",\"name\":\"Comment\",\"target\":[\"https:\\\/\\\/akunq.net\\\/turkish\\\/2013\\\/11\\\/16\\\/erdogan-is-1915e-gelince-ittihatci-kemalist-kesilmeye-devam-edecek-mi\\\/#respond\"]}]},{\"@type\":\"WebPage\",\"@id\":\"https:\\\/\\\/akunq.net\\\/turkish\\\/2013\\\/11\\\/16\\\/erdogan-is-1915e-gelince-ittihatci-kemalist-kesilmeye-devam-edecek-mi\\\/\",\"url\":\"https:\\\/\\\/akunq.net\\\/turkish\\\/2013\\\/11\\\/16\\\/erdogan-is-1915e-gelince-ittihatci-kemalist-kesilmeye-devam-edecek-mi\\\/\",\"name\":\"Erdo\u011fan, i\u015f 1915'e gelince \u0130ttihat\u00e7\u0131, Kemalist kesilmeye devam edecek mi? - Bati Ermenistan Ve Bati Ermenileri Sorunlari Ara\u015ftirmalar Merkezi\",\"isPartOf\":{\"@id\":\"https:\\\/\\\/akunq.net\\\/turkish\\\/#website\"},\"datePublished\":\"2013-11-16T08:17:00+00:00\",\"author\":{\"@id\":\"https:\\\/\\\/akunq.net\\\/turkish\\\/#\\\/schema\\\/person\\\/135e7923d1aeb8887890799619969a6c\"},\"breadcrumb\":{\"@id\":\"https:\\\/\\\/akunq.net\\\/turkish\\\/2013\\\/11\\\/16\\\/erdogan-is-1915e-gelince-ittihatci-kemalist-kesilmeye-devam-edecek-mi\\\/#breadcrumb\"},\"inLanguage\":\"en-US\",\"potentialAction\":[{\"@type\":\"ReadAction\",\"target\":[\"https:\\\/\\\/akunq.net\\\/turkish\\\/2013\\\/11\\\/16\\\/erdogan-is-1915e-gelince-ittihatci-kemalist-kesilmeye-devam-edecek-mi\\\/\"]}]},{\"@type\":\"BreadcrumbList\",\"@id\":\"https:\\\/\\\/akunq.net\\\/turkish\\\/2013\\\/11\\\/16\\\/erdogan-is-1915e-gelince-ittihatci-kemalist-kesilmeye-devam-edecek-mi\\\/#breadcrumb\",\"itemListElement\":[{\"@type\":\"ListItem\",\"position\":1,\"name\":\"Home\",\"item\":\"https:\\\/\\\/akunq.net\\\/turkish\\\/\"},{\"@type\":\"ListItem\",\"position\":2,\"name\":\"Erdo\u011fan, i\u015f 1915&#8217;e gelince \u0130ttihat\u00e7\u0131, Kemalist kesilmeye devam edecek mi?\"}]},{\"@type\":\"WebSite\",\"@id\":\"https:\\\/\\\/akunq.net\\\/turkish\\\/#website\",\"url\":\"https:\\\/\\\/akunq.net\\\/turkish\\\/\",\"name\":\"Bati Ermenistan Ve Bati Ermenileri Sorunlari Ara\u015ftirmalar Merkezi\",\"description\":\"\",\"potentialAction\":[{\"@type\":\"SearchAction\",\"target\":{\"@type\":\"EntryPoint\",\"urlTemplate\":\"https:\\\/\\\/akunq.net\\\/turkish\\\/?s={search_term_string}\"},\"query-input\":{\"@type\":\"PropertyValueSpecification\",\"valueRequired\":true,\"valueName\":\"search_term_string\"}}],\"inLanguage\":\"en-US\"},{\"@type\":\"Person\",\"@id\":\"https:\\\/\\\/akunq.net\\\/turkish\\\/#\\\/schema\\\/person\\\/135e7923d1aeb8887890799619969a6c\",\"name\":\"kalem\",\"image\":{\"@type\":\"ImageObject\",\"inLanguage\":\"en-US\",\"@id\":\"https:\\\/\\\/secure.gravatar.com\\\/avatar\\\/a06875e4b25feb5674296adf8e8a7ae1e587cebce2493fe63c456109967e27d3?s=96&d=mm&r=g\",\"url\":\"https:\\\/\\\/secure.gravatar.com\\\/avatar\\\/a06875e4b25feb5674296adf8e8a7ae1e587cebce2493fe63c456109967e27d3?s=96&d=mm&r=g\",\"contentUrl\":\"https:\\\/\\\/secure.gravatar.com\\\/avatar\\\/a06875e4b25feb5674296adf8e8a7ae1e587cebce2493fe63c456109967e27d3?s=96&d=mm&r=g\",\"caption\":\"kalem\"},\"url\":\"https:\\\/\\\/akunq.net\\\/turkish\\\/author\\\/kalem\\\/\"}]}<\/script>\n<!-- \/ Yoast SEO plugin. -->","yoast_head_json":{"title":"Erdo\u011fan, i\u015f 1915'e gelince \u0130ttihat\u00e7\u0131, Kemalist kesilmeye devam edecek mi? - Bati Ermenistan Ve Bati Ermenileri Sorunlari Ara\u015ftirmalar Merkezi","robots":{"index":"index","follow":"follow","max-snippet":"max-snippet:-1","max-image-preview":"max-image-preview:large","max-video-preview":"max-video-preview:-1"},"canonical":"https:\/\/akunq.net\/turkish\/2013\/11\/16\/erdogan-is-1915e-gelince-ittihatci-kemalist-kesilmeye-devam-edecek-mi\/","og_locale":"en_US","og_type":"article","og_title":"Erdo\u011fan, i\u015f 1915'e gelince \u0130ttihat\u00e7\u0131, Kemalist kesilmeye devam edecek mi? - Bati Ermenistan Ve Bati Ermenileri Sorunlari Ara\u015ftirmalar Merkezi","og_description":"Cemal Pa\u015fa ailesi, \u0130stanbul\u2019da, Kurtulu\u015f semtinde bah\u00e7e i\u00e7inde m\u00fcstakil bir eve yerle\u015fmi\u015fti. Ev, eski bir \u2018Ermeni m\u00fclk\u00fc\u2019yd\u00fc ve Atat\u00fcrk\u2019\u00fcn emriyle Cemal Pa\u015fa ailesine verilmi\u015fti. New Jersey&#8217;de kitaplar\u0131m\u0131 imzalarken, sar\u0131\u015f\u0131n bir kad\u0131n, elinde kitap yan\u0131ma yakla\u015ft\u0131 ve \u015f\u00f6yle dedi: \u201cAilenize verilen Kurtulu\u015f\u2019taki ev benim aileme aitti, dedelerimindi.\u201d 1915\u2019in y\u00fcz\u00fcnc\u00fc y\u0131l\u0131 kap\u0131m\u0131zda! Tayyip Erdo\u011fan acaba mesele 1915\u2019e, [&hellip;]","og_url":"https:\/\/akunq.net\/turkish\/2013\/11\/16\/erdogan-is-1915e-gelince-ittihatci-kemalist-kesilmeye-devam-edecek-mi\/","og_site_name":"Bati Ermenistan Ve Bati Ermenileri Sorunlari Ara\u015ftirmalar Merkezi","article_published_time":"2013-11-16T08:17:00+00:00","author":"kalem","twitter_card":"summary_large_image","twitter_misc":{"Written by":"kalem","Est. reading time":"6 minutes"},"schema":{"@context":"https:\/\/schema.org","@graph":[{"@type":"Article","@id":"https:\/\/akunq.net\/turkish\/2013\/11\/16\/erdogan-is-1915e-gelince-ittihatci-kemalist-kesilmeye-devam-edecek-mi\/#article","isPartOf":{"@id":"https:\/\/akunq.net\/turkish\/2013\/11\/16\/erdogan-is-1915e-gelince-ittihatci-kemalist-kesilmeye-devam-edecek-mi\/"},"author":{"name":"kalem","@id":"https:\/\/akunq.net\/turkish\/#\/schema\/person\/135e7923d1aeb8887890799619969a6c"},"headline":"Erdo\u011fan, i\u015f 1915&#8217;e gelince \u0130ttihat\u00e7\u0131, Kemalist kesilmeye devam edecek mi?","datePublished":"2013-11-16T08:17:00+00:00","mainEntityOfPage":{"@id":"https:\/\/akunq.net\/turkish\/2013\/11\/16\/erdogan-is-1915e-gelince-ittihatci-kemalist-kesilmeye-devam-edecek-mi\/"},"wordCount":1284,"commentCount":0,"articleSection":["Ermeni Soyk\u0131r\u0131m\u0131","Haberler","Makaleler"],"inLanguage":"en-US","potentialAction":[{"@type":"CommentAction","name":"Comment","target":["https:\/\/akunq.net\/turkish\/2013\/11\/16\/erdogan-is-1915e-gelince-ittihatci-kemalist-kesilmeye-devam-edecek-mi\/#respond"]}]},{"@type":"WebPage","@id":"https:\/\/akunq.net\/turkish\/2013\/11\/16\/erdogan-is-1915e-gelince-ittihatci-kemalist-kesilmeye-devam-edecek-mi\/","url":"https:\/\/akunq.net\/turkish\/2013\/11\/16\/erdogan-is-1915e-gelince-ittihatci-kemalist-kesilmeye-devam-edecek-mi\/","name":"Erdo\u011fan, i\u015f 1915'e gelince \u0130ttihat\u00e7\u0131, Kemalist kesilmeye devam edecek mi? - Bati Ermenistan Ve Bati Ermenileri Sorunlari Ara\u015ftirmalar Merkezi","isPartOf":{"@id":"https:\/\/akunq.net\/turkish\/#website"},"datePublished":"2013-11-16T08:17:00+00:00","author":{"@id":"https:\/\/akunq.net\/turkish\/#\/schema\/person\/135e7923d1aeb8887890799619969a6c"},"breadcrumb":{"@id":"https:\/\/akunq.net\/turkish\/2013\/11\/16\/erdogan-is-1915e-gelince-ittihatci-kemalist-kesilmeye-devam-edecek-mi\/#breadcrumb"},"inLanguage":"en-US","potentialAction":[{"@type":"ReadAction","target":["https:\/\/akunq.net\/turkish\/2013\/11\/16\/erdogan-is-1915e-gelince-ittihatci-kemalist-kesilmeye-devam-edecek-mi\/"]}]},{"@type":"BreadcrumbList","@id":"https:\/\/akunq.net\/turkish\/2013\/11\/16\/erdogan-is-1915e-gelince-ittihatci-kemalist-kesilmeye-devam-edecek-mi\/#breadcrumb","itemListElement":[{"@type":"ListItem","position":1,"name":"Home","item":"https:\/\/akunq.net\/turkish\/"},{"@type":"ListItem","position":2,"name":"Erdo\u011fan, i\u015f 1915&#8217;e gelince \u0130ttihat\u00e7\u0131, Kemalist kesilmeye devam edecek mi?"}]},{"@type":"WebSite","@id":"https:\/\/akunq.net\/turkish\/#website","url":"https:\/\/akunq.net\/turkish\/","name":"Bati Ermenistan Ve Bati Ermenileri Sorunlari Ara\u015ftirmalar Merkezi","description":"","potentialAction":[{"@type":"SearchAction","target":{"@type":"EntryPoint","urlTemplate":"https:\/\/akunq.net\/turkish\/?s={search_term_string}"},"query-input":{"@type":"PropertyValueSpecification","valueRequired":true,"valueName":"search_term_string"}}],"inLanguage":"en-US"},{"@type":"Person","@id":"https:\/\/akunq.net\/turkish\/#\/schema\/person\/135e7923d1aeb8887890799619969a6c","name":"kalem","image":{"@type":"ImageObject","inLanguage":"en-US","@id":"https:\/\/secure.gravatar.com\/avatar\/a06875e4b25feb5674296adf8e8a7ae1e587cebce2493fe63c456109967e27d3?s=96&d=mm&r=g","url":"https:\/\/secure.gravatar.com\/avatar\/a06875e4b25feb5674296adf8e8a7ae1e587cebce2493fe63c456109967e27d3?s=96&d=mm&r=g","contentUrl":"https:\/\/secure.gravatar.com\/avatar\/a06875e4b25feb5674296adf8e8a7ae1e587cebce2493fe63c456109967e27d3?s=96&d=mm&r=g","caption":"kalem"},"url":"https:\/\/akunq.net\/turkish\/author\/kalem\/"}]}},"_links":{"self":[{"href":"https:\/\/akunq.net\/turkish\/wp-json\/wp\/v2\/posts\/26891","targetHints":{"allow":["GET"]}}],"collection":[{"href":"https:\/\/akunq.net\/turkish\/wp-json\/wp\/v2\/posts"}],"about":[{"href":"https:\/\/akunq.net\/turkish\/wp-json\/wp\/v2\/types\/post"}],"author":[{"embeddable":true,"href":"https:\/\/akunq.net\/turkish\/wp-json\/wp\/v2\/users\/3"}],"replies":[{"embeddable":true,"href":"https:\/\/akunq.net\/turkish\/wp-json\/wp\/v2\/comments?post=26891"}],"version-history":[{"count":0,"href":"https:\/\/akunq.net\/turkish\/wp-json\/wp\/v2\/posts\/26891\/revisions"}],"wp:attachment":[{"href":"https:\/\/akunq.net\/turkish\/wp-json\/wp\/v2\/media?parent=26891"}],"wp:term":[{"taxonomy":"category","embeddable":true,"href":"https:\/\/akunq.net\/turkish\/wp-json\/wp\/v2\/categories?post=26891"},{"taxonomy":"post_tag","embeddable":true,"href":"https:\/\/akunq.net\/turkish\/wp-json\/wp\/v2\/tags?post=26891"}],"curies":[{"name":"wp","href":"https:\/\/api.w.org\/{rel}","templated":true}]}}