{"id":26838,"date":"2013-11-15T01:36:52","date_gmt":"2013-11-15T06:36:52","guid":{"rendered":"http:\/\/akunq.net\/tr\/?p=26838"},"modified":"2013-11-15T01:36:52","modified_gmt":"2013-11-15T06:36:52","slug":"ermenistanin-soykirim-propagandasinin-onlenmesi-amaciyla-devlet-kurumlarina-ek-kaynak-ayrilmasi-onerildi","status":"publish","type":"post","link":"https:\/\/akunq.net\/turkish\/2013\/11\/15\/ermenistanin-soykirim-propagandasinin-onlenmesi-amaciyla-devlet-kurumlarina-ek-kaynak-ayrilmasi-onerildi\/","title":{"rendered":"Ermenistan\u2019\u0131n soyk\u0131r\u0131m \u201cpropagandas\u0131n\u0131n\u201d \u00f6nlenmesi amac\u0131yla devlet kurumlar\u0131na ek kaynak ayr\u0131lmas\u0131 \u00f6nerildi"},"content":{"rendered":"<p style=\"text-align: justify\"><strong><i><a href=\"http:\/\/akunq.net\/tr\/wp-content\/uploads\/2013\/11\/\u0556\u0578\u0582\u0561\u0564-\u0544\u0578\u0582\u0580\u0561\u0564\u0578\u057e.gif\"><img loading=\"lazy\" decoding=\"async\" class=\"alignright size-full wp-image-26839\" alt=\"\u0556\u0578\u0582\u0561\u0564 \u0544\u0578\u0582\u0580\u0561\u0564\u0578\u057e\" src=\"http:\/\/akunq.net\/tr\/wp-content\/uploads\/2013\/11\/\u0556\u0578\u0582\u0561\u0564-\u0544\u0578\u0582\u0580\u0561\u0564\u0578\u057e.gif\" width=\"290\" height=\"280\" \/><\/a>1NEWS.COM.TR\u2019in haberine g\u00f6re,<\/i><\/strong><i> <strong>Azerbaycan Milli Meclisi Milletvekili Fuad Muradov, 2014 y\u0131l\u0131 b\u00fct\u00e7e tasar\u0131s\u0131n\u0131n g\u00f6r\u00fc\u015f\u00fcld\u00fc\u011f\u00fc toplant\u0131da yapt\u0131\u011f\u0131 konu\u015fmas\u0131nda, Ermenistan\u2019\u0131n soyk\u0131r\u0131m \u201cpropagandas\u0131n\u0131n\u201d \u00f6nlenmesi amac\u0131yla devlet kurumlar\u0131na b\u00fct\u00e7eden ek kayna\u011f\u0131n ayr\u0131lmas\u0131 \u00f6nerisinde bulundu.<\/strong><\/i><\/p>\n<p style=\"text-align: justify\">Fuad Muradov, 2015 y\u0131l\u0131nda d\u00fcnya Ermenilerinin soyk\u0131r\u0131m\u0131n y\u0131l d\u00f6n\u00fcm\u00fc t\u00f6renleri d\u00fczenleyeceklerini ifade ederek, \u201cBu propagandan\u0131n \u00f6nlenmesi i\u00e7in ilgili devlet kurumlar\u0131na \u00f6zel mali kayna\u011f\u0131n ayr\u0131lmas\u0131n\u0131 isterdim. Ermeniler konuyla ilgili \u00e7ok ciddi haz\u0131rl\u0131klar g\u00f6r\u00fcyorlar. Daha geni\u015f \u00e7apl\u0131 etkinlikler ger\u00e7ekle\u015ftirmek niyetindedirler. Azerbaycan\u2019\u0131n kendi propagandas\u0131n\u0131 yapmaya g\u00fcc\u00fcn\u00fcn oldu\u011funu biliyorum\u201d \u015feklinde konu\u015ftu.<\/p>\n","protected":false},"excerpt":{"rendered":"<p>1NEWS.COM.TR\u2019in haberine g\u00f6re, Azerbaycan Milli Meclisi Milletvekili Fuad Muradov, 2014 y\u0131l\u0131 b\u00fct\u00e7e tasar\u0131s\u0131n\u0131n g\u00f6r\u00fc\u015f\u00fcld\u00fc\u011f\u00fc toplant\u0131da yapt\u0131\u011f\u0131 konu\u015fmas\u0131nda, Ermenistan\u2019\u0131n soyk\u0131r\u0131m \u201cpropagandas\u0131n\u0131n\u201d \u00f6nlenmesi amac\u0131yla devlet kurumlar\u0131na b\u00fct\u00e7eden ek kayna\u011f\u0131n ayr\u0131lmas\u0131 \u00f6nerisinde bulundu. Fuad Muradov, 2015 y\u0131l\u0131nda d\u00fcnya Ermenilerinin soyk\u0131r\u0131m\u0131n y\u0131l d\u00f6n\u00fcm\u00fc t\u00f6renleri d\u00fczenleyeceklerini ifade ederek, \u201cBu propagandan\u0131n \u00f6nlenmesi i\u00e7in ilgili devlet kurumlar\u0131na \u00f6zel mali kayna\u011f\u0131n ayr\u0131lmas\u0131n\u0131 isterdim. [&hellip;]<\/p>\n","protected":false},"author":3,"featured_media":0,"comment_status":"open","ping_status":"open","sticky":false,"template":"","format":"standard","meta":{"footnotes":""},"categories":[14,41],"tags":[],"class_list":["post-26838","post","type-post","status-publish","format-standard","hentry","category-haberler","category-turkiye-azerbaycan"],"yoast_head":"<!-- This site is optimized with the Yoast SEO plugin v27.4 - https:\/\/yoast.com\/product\/yoast-seo-wordpress\/ -->\n<title>Ermenistan\u2019\u0131n soyk\u0131r\u0131m \u201cpropagandas\u0131n\u0131n\u201d \u00f6nlenmesi amac\u0131yla devlet kurumlar\u0131na ek kaynak ayr\u0131lmas\u0131 \u00f6nerildi - Bati Ermenistan Ve Bati Ermenileri Sorunlari Ara\u015ftirmalar Merkezi<\/title>\n<meta name=\"robots\" content=\"index, follow, max-snippet:-1, max-image-preview:large, max-video-preview:-1\" \/>\n<link rel=\"canonical\" href=\"https:\/\/akunq.net\/turkish\/2013\/11\/15\/ermenistanin-soykirim-propagandasinin-onlenmesi-amaciyla-devlet-kurumlarina-ek-kaynak-ayrilmasi-onerildi\/\" \/>\n<meta property=\"og:locale\" content=\"en_US\" \/>\n<meta property=\"og:type\" content=\"article\" \/>\n<meta property=\"og:title\" content=\"Ermenistan\u2019\u0131n soyk\u0131r\u0131m \u201cpropagandas\u0131n\u0131n\u201d \u00f6nlenmesi amac\u0131yla devlet kurumlar\u0131na ek kaynak ayr\u0131lmas\u0131 \u00f6nerildi - Bati Ermenistan Ve Bati Ermenileri Sorunlari Ara\u015ftirmalar Merkezi\" \/>\n<meta property=\"og:description\" content=\"1NEWS.COM.TR\u2019in haberine g\u00f6re, Azerbaycan Milli Meclisi Milletvekili Fuad Muradov, 2014 y\u0131l\u0131 b\u00fct\u00e7e tasar\u0131s\u0131n\u0131n g\u00f6r\u00fc\u015f\u00fcld\u00fc\u011f\u00fc toplant\u0131da yapt\u0131\u011f\u0131 konu\u015fmas\u0131nda, Ermenistan\u2019\u0131n soyk\u0131r\u0131m \u201cpropagandas\u0131n\u0131n\u201d \u00f6nlenmesi amac\u0131yla devlet kurumlar\u0131na b\u00fct\u00e7eden ek kayna\u011f\u0131n ayr\u0131lmas\u0131 \u00f6nerisinde bulundu. Fuad Muradov, 2015 y\u0131l\u0131nda d\u00fcnya Ermenilerinin soyk\u0131r\u0131m\u0131n y\u0131l d\u00f6n\u00fcm\u00fc t\u00f6renleri d\u00fczenleyeceklerini ifade ederek, \u201cBu propagandan\u0131n \u00f6nlenmesi i\u00e7in ilgili devlet kurumlar\u0131na \u00f6zel mali kayna\u011f\u0131n ayr\u0131lmas\u0131n\u0131 isterdim. [&hellip;]\" \/>\n<meta property=\"og:url\" content=\"https:\/\/akunq.net\/turkish\/2013\/11\/15\/ermenistanin-soykirim-propagandasinin-onlenmesi-amaciyla-devlet-kurumlarina-ek-kaynak-ayrilmasi-onerildi\/\" \/>\n<meta property=\"og:site_name\" content=\"Bati Ermenistan Ve Bati Ermenileri Sorunlari Ara\u015ftirmalar Merkezi\" \/>\n<meta property=\"article:published_time\" content=\"2013-11-15T06:36:52+00:00\" \/>\n<meta name=\"author\" content=\"kalem\" \/>\n<meta name=\"twitter:card\" content=\"summary_large_image\" \/>\n<meta name=\"twitter:label1\" content=\"Written by\" \/>\n\t<meta name=\"twitter:data1\" content=\"kalem\" \/>\n\t<meta name=\"twitter:label2\" content=\"Est. reading time\" \/>\n\t<meta name=\"twitter:data2\" content=\"1 minute\" \/>\n<script type=\"application\/ld+json\" class=\"yoast-schema-graph\">{\"@context\":\"https:\\\/\\\/schema.org\",\"@graph\":[{\"@type\":\"Article\",\"@id\":\"https:\\\/\\\/akunq.net\\\/turkish\\\/2013\\\/11\\\/15\\\/ermenistanin-soykirim-propagandasinin-onlenmesi-amaciyla-devlet-kurumlarina-ek-kaynak-ayrilmasi-onerildi\\\/#article\",\"isPartOf\":{\"@id\":\"https:\\\/\\\/akunq.net\\\/turkish\\\/2013\\\/11\\\/15\\\/ermenistanin-soykirim-propagandasinin-onlenmesi-amaciyla-devlet-kurumlarina-ek-kaynak-ayrilmasi-onerildi\\\/\"},\"author\":{\"name\":\"kalem\",\"@id\":\"https:\\\/\\\/akunq.net\\\/turkish\\\/#\\\/schema\\\/person\\\/135e7923d1aeb8887890799619969a6c\"},\"headline\":\"Ermenistan\u2019\u0131n soyk\u0131r\u0131m \u201cpropagandas\u0131n\u0131n\u201d \u00f6nlenmesi amac\u0131yla devlet kurumlar\u0131na ek kaynak ayr\u0131lmas\u0131 \u00f6nerildi\",\"datePublished\":\"2013-11-15T06:36:52+00:00\",\"mainEntityOfPage\":{\"@id\":\"https:\\\/\\\/akunq.net\\\/turkish\\\/2013\\\/11\\\/15\\\/ermenistanin-soykirim-propagandasinin-onlenmesi-amaciyla-devlet-kurumlarina-ek-kaynak-ayrilmasi-onerildi\\\/\"},\"wordCount\":150,\"commentCount\":0,\"articleSection\":[\"Haberler\",\"T\u00fcrkiye-Azerbaycan\"],\"inLanguage\":\"en-US\",\"potentialAction\":[{\"@type\":\"CommentAction\",\"name\":\"Comment\",\"target\":[\"https:\\\/\\\/akunq.net\\\/turkish\\\/2013\\\/11\\\/15\\\/ermenistanin-soykirim-propagandasinin-onlenmesi-amaciyla-devlet-kurumlarina-ek-kaynak-ayrilmasi-onerildi\\\/#respond\"]}]},{\"@type\":\"WebPage\",\"@id\":\"https:\\\/\\\/akunq.net\\\/turkish\\\/2013\\\/11\\\/15\\\/ermenistanin-soykirim-propagandasinin-onlenmesi-amaciyla-devlet-kurumlarina-ek-kaynak-ayrilmasi-onerildi\\\/\",\"url\":\"https:\\\/\\\/akunq.net\\\/turkish\\\/2013\\\/11\\\/15\\\/ermenistanin-soykirim-propagandasinin-onlenmesi-amaciyla-devlet-kurumlarina-ek-kaynak-ayrilmasi-onerildi\\\/\",\"name\":\"Ermenistan\u2019\u0131n soyk\u0131r\u0131m \u201cpropagandas\u0131n\u0131n\u201d \u00f6nlenmesi amac\u0131yla devlet kurumlar\u0131na ek kaynak ayr\u0131lmas\u0131 \u00f6nerildi - Bati Ermenistan Ve Bati Ermenileri Sorunlari Ara\u015ftirmalar Merkezi\",\"isPartOf\":{\"@id\":\"https:\\\/\\\/akunq.net\\\/turkish\\\/#website\"},\"datePublished\":\"2013-11-15T06:36:52+00:00\",\"author\":{\"@id\":\"https:\\\/\\\/akunq.net\\\/turkish\\\/#\\\/schema\\\/person\\\/135e7923d1aeb8887890799619969a6c\"},\"breadcrumb\":{\"@id\":\"https:\\\/\\\/akunq.net\\\/turkish\\\/2013\\\/11\\\/15\\\/ermenistanin-soykirim-propagandasinin-onlenmesi-amaciyla-devlet-kurumlarina-ek-kaynak-ayrilmasi-onerildi\\\/#breadcrumb\"},\"inLanguage\":\"en-US\",\"potentialAction\":[{\"@type\":\"ReadAction\",\"target\":[\"https:\\\/\\\/akunq.net\\\/turkish\\\/2013\\\/11\\\/15\\\/ermenistanin-soykirim-propagandasinin-onlenmesi-amaciyla-devlet-kurumlarina-ek-kaynak-ayrilmasi-onerildi\\\/\"]}]},{\"@type\":\"BreadcrumbList\",\"@id\":\"https:\\\/\\\/akunq.net\\\/turkish\\\/2013\\\/11\\\/15\\\/ermenistanin-soykirim-propagandasinin-onlenmesi-amaciyla-devlet-kurumlarina-ek-kaynak-ayrilmasi-onerildi\\\/#breadcrumb\",\"itemListElement\":[{\"@type\":\"ListItem\",\"position\":1,\"name\":\"Home\",\"item\":\"https:\\\/\\\/akunq.net\\\/turkish\\\/\"},{\"@type\":\"ListItem\",\"position\":2,\"name\":\"Ermenistan\u2019\u0131n soyk\u0131r\u0131m \u201cpropagandas\u0131n\u0131n\u201d \u00f6nlenmesi amac\u0131yla devlet kurumlar\u0131na ek kaynak ayr\u0131lmas\u0131 \u00f6nerildi\"}]},{\"@type\":\"WebSite\",\"@id\":\"https:\\\/\\\/akunq.net\\\/turkish\\\/#website\",\"url\":\"https:\\\/\\\/akunq.net\\\/turkish\\\/\",\"name\":\"Bati Ermenistan Ve Bati Ermenileri Sorunlari Ara\u015ftirmalar Merkezi\",\"description\":\"\",\"potentialAction\":[{\"@type\":\"SearchAction\",\"target\":{\"@type\":\"EntryPoint\",\"urlTemplate\":\"https:\\\/\\\/akunq.net\\\/turkish\\\/?s={search_term_string}\"},\"query-input\":{\"@type\":\"PropertyValueSpecification\",\"valueRequired\":true,\"valueName\":\"search_term_string\"}}],\"inLanguage\":\"en-US\"},{\"@type\":\"Person\",\"@id\":\"https:\\\/\\\/akunq.net\\\/turkish\\\/#\\\/schema\\\/person\\\/135e7923d1aeb8887890799619969a6c\",\"name\":\"kalem\",\"image\":{\"@type\":\"ImageObject\",\"inLanguage\":\"en-US\",\"@id\":\"https:\\\/\\\/secure.gravatar.com\\\/avatar\\\/a06875e4b25feb5674296adf8e8a7ae1e587cebce2493fe63c456109967e27d3?s=96&d=mm&r=g\",\"url\":\"https:\\\/\\\/secure.gravatar.com\\\/avatar\\\/a06875e4b25feb5674296adf8e8a7ae1e587cebce2493fe63c456109967e27d3?s=96&d=mm&r=g\",\"contentUrl\":\"https:\\\/\\\/secure.gravatar.com\\\/avatar\\\/a06875e4b25feb5674296adf8e8a7ae1e587cebce2493fe63c456109967e27d3?s=96&d=mm&r=g\",\"caption\":\"kalem\"},\"url\":\"https:\\\/\\\/akunq.net\\\/turkish\\\/author\\\/kalem\\\/\"}]}<\/script>\n<!-- \/ Yoast SEO plugin. -->","yoast_head_json":{"title":"Ermenistan\u2019\u0131n soyk\u0131r\u0131m \u201cpropagandas\u0131n\u0131n\u201d \u00f6nlenmesi amac\u0131yla devlet kurumlar\u0131na ek kaynak ayr\u0131lmas\u0131 \u00f6nerildi - Bati Ermenistan Ve Bati Ermenileri Sorunlari Ara\u015ftirmalar Merkezi","robots":{"index":"index","follow":"follow","max-snippet":"max-snippet:-1","max-image-preview":"max-image-preview:large","max-video-preview":"max-video-preview:-1"},"canonical":"https:\/\/akunq.net\/turkish\/2013\/11\/15\/ermenistanin-soykirim-propagandasinin-onlenmesi-amaciyla-devlet-kurumlarina-ek-kaynak-ayrilmasi-onerildi\/","og_locale":"en_US","og_type":"article","og_title":"Ermenistan\u2019\u0131n soyk\u0131r\u0131m \u201cpropagandas\u0131n\u0131n\u201d \u00f6nlenmesi amac\u0131yla devlet kurumlar\u0131na ek kaynak ayr\u0131lmas\u0131 \u00f6nerildi - Bati Ermenistan Ve Bati Ermenileri Sorunlari Ara\u015ftirmalar Merkezi","og_description":"1NEWS.COM.TR\u2019in haberine g\u00f6re, Azerbaycan Milli Meclisi Milletvekili Fuad Muradov, 2014 y\u0131l\u0131 b\u00fct\u00e7e tasar\u0131s\u0131n\u0131n g\u00f6r\u00fc\u015f\u00fcld\u00fc\u011f\u00fc toplant\u0131da yapt\u0131\u011f\u0131 konu\u015fmas\u0131nda, Ermenistan\u2019\u0131n soyk\u0131r\u0131m \u201cpropagandas\u0131n\u0131n\u201d \u00f6nlenmesi amac\u0131yla devlet kurumlar\u0131na b\u00fct\u00e7eden ek kayna\u011f\u0131n ayr\u0131lmas\u0131 \u00f6nerisinde bulundu. Fuad Muradov, 2015 y\u0131l\u0131nda d\u00fcnya Ermenilerinin soyk\u0131r\u0131m\u0131n y\u0131l d\u00f6n\u00fcm\u00fc t\u00f6renleri d\u00fczenleyeceklerini ifade ederek, \u201cBu propagandan\u0131n \u00f6nlenmesi i\u00e7in ilgili devlet kurumlar\u0131na \u00f6zel mali kayna\u011f\u0131n ayr\u0131lmas\u0131n\u0131 isterdim. [&hellip;]","og_url":"https:\/\/akunq.net\/turkish\/2013\/11\/15\/ermenistanin-soykirim-propagandasinin-onlenmesi-amaciyla-devlet-kurumlarina-ek-kaynak-ayrilmasi-onerildi\/","og_site_name":"Bati Ermenistan Ve Bati Ermenileri Sorunlari Ara\u015ftirmalar Merkezi","article_published_time":"2013-11-15T06:36:52+00:00","author":"kalem","twitter_card":"summary_large_image","twitter_misc":{"Written by":"kalem","Est. reading time":"1 minute"},"schema":{"@context":"https:\/\/schema.org","@graph":[{"@type":"Article","@id":"https:\/\/akunq.net\/turkish\/2013\/11\/15\/ermenistanin-soykirim-propagandasinin-onlenmesi-amaciyla-devlet-kurumlarina-ek-kaynak-ayrilmasi-onerildi\/#article","isPartOf":{"@id":"https:\/\/akunq.net\/turkish\/2013\/11\/15\/ermenistanin-soykirim-propagandasinin-onlenmesi-amaciyla-devlet-kurumlarina-ek-kaynak-ayrilmasi-onerildi\/"},"author":{"name":"kalem","@id":"https:\/\/akunq.net\/turkish\/#\/schema\/person\/135e7923d1aeb8887890799619969a6c"},"headline":"Ermenistan\u2019\u0131n soyk\u0131r\u0131m \u201cpropagandas\u0131n\u0131n\u201d \u00f6nlenmesi amac\u0131yla devlet kurumlar\u0131na ek kaynak ayr\u0131lmas\u0131 \u00f6nerildi","datePublished":"2013-11-15T06:36:52+00:00","mainEntityOfPage":{"@id":"https:\/\/akunq.net\/turkish\/2013\/11\/15\/ermenistanin-soykirim-propagandasinin-onlenmesi-amaciyla-devlet-kurumlarina-ek-kaynak-ayrilmasi-onerildi\/"},"wordCount":150,"commentCount":0,"articleSection":["Haberler","T\u00fcrkiye-Azerbaycan"],"inLanguage":"en-US","potentialAction":[{"@type":"CommentAction","name":"Comment","target":["https:\/\/akunq.net\/turkish\/2013\/11\/15\/ermenistanin-soykirim-propagandasinin-onlenmesi-amaciyla-devlet-kurumlarina-ek-kaynak-ayrilmasi-onerildi\/#respond"]}]},{"@type":"WebPage","@id":"https:\/\/akunq.net\/turkish\/2013\/11\/15\/ermenistanin-soykirim-propagandasinin-onlenmesi-amaciyla-devlet-kurumlarina-ek-kaynak-ayrilmasi-onerildi\/","url":"https:\/\/akunq.net\/turkish\/2013\/11\/15\/ermenistanin-soykirim-propagandasinin-onlenmesi-amaciyla-devlet-kurumlarina-ek-kaynak-ayrilmasi-onerildi\/","name":"Ermenistan\u2019\u0131n soyk\u0131r\u0131m \u201cpropagandas\u0131n\u0131n\u201d \u00f6nlenmesi amac\u0131yla devlet kurumlar\u0131na ek kaynak ayr\u0131lmas\u0131 \u00f6nerildi - Bati Ermenistan Ve Bati Ermenileri Sorunlari Ara\u015ftirmalar Merkezi","isPartOf":{"@id":"https:\/\/akunq.net\/turkish\/#website"},"datePublished":"2013-11-15T06:36:52+00:00","author":{"@id":"https:\/\/akunq.net\/turkish\/#\/schema\/person\/135e7923d1aeb8887890799619969a6c"},"breadcrumb":{"@id":"https:\/\/akunq.net\/turkish\/2013\/11\/15\/ermenistanin-soykirim-propagandasinin-onlenmesi-amaciyla-devlet-kurumlarina-ek-kaynak-ayrilmasi-onerildi\/#breadcrumb"},"inLanguage":"en-US","potentialAction":[{"@type":"ReadAction","target":["https:\/\/akunq.net\/turkish\/2013\/11\/15\/ermenistanin-soykirim-propagandasinin-onlenmesi-amaciyla-devlet-kurumlarina-ek-kaynak-ayrilmasi-onerildi\/"]}]},{"@type":"BreadcrumbList","@id":"https:\/\/akunq.net\/turkish\/2013\/11\/15\/ermenistanin-soykirim-propagandasinin-onlenmesi-amaciyla-devlet-kurumlarina-ek-kaynak-ayrilmasi-onerildi\/#breadcrumb","itemListElement":[{"@type":"ListItem","position":1,"name":"Home","item":"https:\/\/akunq.net\/turkish\/"},{"@type":"ListItem","position":2,"name":"Ermenistan\u2019\u0131n soyk\u0131r\u0131m \u201cpropagandas\u0131n\u0131n\u201d \u00f6nlenmesi amac\u0131yla devlet kurumlar\u0131na ek kaynak ayr\u0131lmas\u0131 \u00f6nerildi"}]},{"@type":"WebSite","@id":"https:\/\/akunq.net\/turkish\/#website","url":"https:\/\/akunq.net\/turkish\/","name":"Bati Ermenistan Ve Bati Ermenileri Sorunlari Ara\u015ftirmalar Merkezi","description":"","potentialAction":[{"@type":"SearchAction","target":{"@type":"EntryPoint","urlTemplate":"https:\/\/akunq.net\/turkish\/?s={search_term_string}"},"query-input":{"@type":"PropertyValueSpecification","valueRequired":true,"valueName":"search_term_string"}}],"inLanguage":"en-US"},{"@type":"Person","@id":"https:\/\/akunq.net\/turkish\/#\/schema\/person\/135e7923d1aeb8887890799619969a6c","name":"kalem","image":{"@type":"ImageObject","inLanguage":"en-US","@id":"https:\/\/secure.gravatar.com\/avatar\/a06875e4b25feb5674296adf8e8a7ae1e587cebce2493fe63c456109967e27d3?s=96&d=mm&r=g","url":"https:\/\/secure.gravatar.com\/avatar\/a06875e4b25feb5674296adf8e8a7ae1e587cebce2493fe63c456109967e27d3?s=96&d=mm&r=g","contentUrl":"https:\/\/secure.gravatar.com\/avatar\/a06875e4b25feb5674296adf8e8a7ae1e587cebce2493fe63c456109967e27d3?s=96&d=mm&r=g","caption":"kalem"},"url":"https:\/\/akunq.net\/turkish\/author\/kalem\/"}]}},"_links":{"self":[{"href":"https:\/\/akunq.net\/turkish\/wp-json\/wp\/v2\/posts\/26838","targetHints":{"allow":["GET"]}}],"collection":[{"href":"https:\/\/akunq.net\/turkish\/wp-json\/wp\/v2\/posts"}],"about":[{"href":"https:\/\/akunq.net\/turkish\/wp-json\/wp\/v2\/types\/post"}],"author":[{"embeddable":true,"href":"https:\/\/akunq.net\/turkish\/wp-json\/wp\/v2\/users\/3"}],"replies":[{"embeddable":true,"href":"https:\/\/akunq.net\/turkish\/wp-json\/wp\/v2\/comments?post=26838"}],"version-history":[{"count":0,"href":"https:\/\/akunq.net\/turkish\/wp-json\/wp\/v2\/posts\/26838\/revisions"}],"wp:attachment":[{"href":"https:\/\/akunq.net\/turkish\/wp-json\/wp\/v2\/media?parent=26838"}],"wp:term":[{"taxonomy":"category","embeddable":true,"href":"https:\/\/akunq.net\/turkish\/wp-json\/wp\/v2\/categories?post=26838"},{"taxonomy":"post_tag","embeddable":true,"href":"https:\/\/akunq.net\/turkish\/wp-json\/wp\/v2\/tags?post=26838"}],"curies":[{"name":"wp","href":"https:\/\/api.w.org\/{rel}","templated":true}]}}