{"id":26832,"date":"2013-11-14T02:41:59","date_gmt":"2013-11-14T07:41:59","guid":{"rendered":"http:\/\/akunq.net\/tr\/?p=26832"},"modified":"2013-11-14T02:41:59","modified_gmt":"2013-11-14T07:41:59","slug":"su-bizim-bitmeyen-altinlarimiz","status":"publish","type":"post","link":"https:\/\/akunq.net\/turkish\/2013\/11\/14\/su-bizim-bitmeyen-altinlarimiz\/","title":{"rendered":"\u015eu bizim bitmeyen alt\u0131nlar\u0131m\u0131z!"},"content":{"rendered":"<p style=\"text-align: justify\"><b><a href=\"http:\/\/akunq.net\/tr\/wp-content\/uploads\/2013\/11\/\u0531\u0580\u056b\u057d-\u0546\u0561\u056c\u057b\u0568.jpg\"><img loading=\"lazy\" decoding=\"async\" class=\"alignright size-full wp-image-26833\" alt=\"\u0531\u0580\u056b\u057d \u0546\u0561\u056c\u057b\u0568\" src=\"http:\/\/akunq.net\/tr\/wp-content\/uploads\/2013\/11\/\u0531\u0580\u056b\u057d-\u0546\u0561\u056c\u057b\u0568.jpg\" width=\"160\" height=\"150\" \/><\/a>Aris Nalc\u0131\u00a0<\/b><\/p>\n<p style=\"text-align: justify\">\u201cTa\u015f\u0131 topra\u011f\u0131 alt\u0131n \u015fu memleketin\u201d derler ya. Kaza kaza bitiremediler.<\/p>\n<p style=\"text-align: justify\">\u00d6zellikle mevzu Ermeniler ve Rumlar oldu mu alt\u0131n\u0131n bini bin parad\u0131r. O kadar bereketlidir ki o alt\u0131nlar 100 y\u0131ld\u0131r 72 milyon \u00e7\u0131kara \u00e7\u0131kara yiyemedi ve halen de her yeni bulunan kilisenin alt\u0131n\u0131 kaz\u0131p define aramaya devam ediyorlar.<\/p>\n<p style=\"text-align: justify\">Nerede bir Ermeni&#8217;nin ya\u015fad\u0131\u011f\u0131 iddia ediliyorsa orada kaz\u0131 yap\u0131lm\u0131\u015ft\u0131r mutlaka T\u00fcrkiye&#8217;de. Alt\u0131na girilmedik toprak hala kald\u0131 m\u0131 bilmiyorum ama son d\u00f6nemde gelen haberlerde art\u0131k kayalar\u0131n alt\u0131n\u0131n kaz\u0131lmaya ba\u015fland\u0131\u011f\u0131 s\u00f6yleniyor.<\/p>\n<p style=\"text-align: justify\"><em><b>05 KASIM 2013 ANADOLU AJANSI<\/b><\/em><\/p>\n<p style=\"text-align: justify\"><em>Giresun&#8217;un Bulancak il\u00e7esinde denizde yer alan yakla\u015f\u0131k 100 metrekarelik kayan\u0131n bir b\u00f6l\u00fcm\u00fcnde define bulundu\u011funu \u00f6ne s\u00fcren ki\u015fi, ald\u0131\u011f\u0131 izin sonras\u0131 i\u015f makinesi yard\u0131m\u0131yla arama \u00e7al\u0131\u015fmas\u0131 \u00a0yap\u0131yor. Kaz\u0131y\u0131 yapan H\u00fcseyin Pural, defineyle ilgili bir Yunan vatanda\u015f\u0131n\u0131n kendisine bilgi verdi\u011fini ifade etti. Giresun M\u00fcze M\u00fcd\u00fcrl\u00fc\u011f\u00fcnden 1 ayl\u0131k izin ald\u0131\u011f\u0131 \u00f6\u011frenildi. \u00d6te yandan i\u015f makinesinin, suyun s\u0131\u011f oldu\u011fu b\u00f6l\u00fcmden ge\u00e7irilerek kaya \u00fczerine \u00e7\u0131kar\u0131ld\u0131\u011f\u0131 bildirildi.<\/em><\/p>\n<p style=\"text-align: justify\">Hal b\u00f6yle olunca kaz\u0131lar da durmuyor. Ne zaman Ermeniler medayda g\u00f6r\u00fcn\u00fcr olmaya ba\u015flasa\u00a0<em>(Mesela M\u00fcsl\u00fcmanla\u015ft\u0131r\u0131lm\u0131\u015f Ermeniler konferans\u0131)<\/em><i>\u00a0<\/i>hemen bir kaz\u0131 haberi beliriyor arkas\u0131na&#8230;<br \/>\nOnlar kayalar\u0131 kaza dursun biz bu eldeki haritalar\u0131n alt\u0131n\u0131 kaz\u0131yal\u0131m azc\u0131k.<\/p>\n<p style=\"text-align: justify\">Sanal alemde bulunan binlerce define sitesi aras\u0131nda bir haftal\u0131k gezinmem sonras\u0131nda inan\u0131lmas\u0131 g\u00fc\u00e7 bilgiler edindim.<br \/>\nErmenice ve Rumca harflere anlamla y\u00fcklenerek definelerin nerelerde gizlendi\u011fi anlat\u0131l\u0131yor.<\/p>\n<p style=\"text-align: justify\">Nerede bir kilise var ise onun yan\u0131na \u201c<strong>kamp kurmak\u201d<\/strong><b>\u00a0<\/b>veya\u00a0<strong>\u201ck\u00f6yl\u00fclerle iyi arkada\u015f olmak\u201d<\/strong>,\u00a0<strong>\u201cmezarlar\u0131 kazmak\u201d<\/strong><b>\u00a0<\/b>gibi \u00f6\u011f\u00fctler var.<\/p>\n<p style=\"text-align: justify\"><strong>10 KASIM 2013 Y\u00dcKSEKOVA HABER<\/strong><\/p>\n<p style=\"text-align: justify\"><em>Tarihi Pirekurt K\u00f6pr\u00fcs\u00fc&#8217;n\u00fcn yan\u0131nda Batman Baraj G\u00f6l\u00fc&#8217;nde ortaya \u00e7\u0131kan mezarlar, Ermeni \u00a0\u00a0\u00a0\u00a0 yurtta\u015flar\u0131n de\u011ferli e\u015fyalar\u0131yla birlikte g\u00f6m\u00fcld\u00fc\u011f\u00fc s\u00f6ylentilerinin etkisiyle, define avc\u0131lar\u0131n\u0131n hedefi haline geldi. Hemen her sene kar\u015f\u0131la\u015f\u0131lan mezar soyuculu\u011funun bir \u00f6rne\u011fi de ge\u00e7ti\u011fimiz g\u00fcnlerde ya\u015fand\u0131. \u00c7evrede ya\u015fayan k\u00f6yl\u00fcler, mezarl\u0131klar\u0131n define ve de\u011ferli e\u015fya bulmak umuduyla kazma -k\u00fcrek ve i\u015f makineleriyle tahrip edildi\u011fini belirtti.<\/em><i><br \/>\n<em>(<\/em><\/i><a href=\"http:\/\/www.yuksekovahaber.com\/haber\/bari-mezarlarinda-rahat-birakin-116113.htm\">http:\/\/www.yuksekovahaber.com\/haber\/bari-mezarlarinda-rahat-birakin-116113.htm<\/a><em>)<\/em><\/p>\n<p style=\"text-align: justify\">\u00c7evrenizde;<\/p>\n<p style=\"text-align: justify\"><strong>\u201cBizim k\u00f6yde de Ermeniler vard\u0131\u201d<\/strong><b>\u00a0<\/b>s\u00f6zleriyle ba\u015flayan,<\/p>\n<p style=\"text-align: justify\"><strong>\u201cBiz de \u00e7ok \u00e7ektik, ac\u0131n\u0131z\u0131 payla\u015f\u0131yoruz\u201d<\/strong><b>\u00a0<\/b>diye devam eden sohbetlerin uygun bir ortam bulundu\u011funda \u015fu repliklerle devam etmesi \u00e7ok muhtemeldir:<\/p>\n<p style=\"text-align: justify\"><strong>-Abi sana bir ara bizim oradakilerin elinde dola\u015fan bir harita getireyim mi? Bir bak allasen<\/strong><\/p>\n<p style=\"text-align: justify\"><strong>-Bizim orada bir ya\u015fl\u0131 nine vard\u0131 anlat\u0131rd\u0131 \u015fu ta\u015ftan \u015furaya git\u00a0 diye&#8230;<\/strong><\/p>\n<p style=\"text-align: justify\"><strong>-Ninem Ermeniydi benim. O derdi papaz\u0131n alt\u0131nlar\u0131 var diye ama kilisedeki i\u015faretleri anlayam\u0131yoruz i\u015fte<\/strong><\/p>\n<p style=\"text-align: justify\"><strong>-Bir baksana \u015funa cep telefonuma g\u00f6ndermi\u015flerdi. Ne yaz\u0131yor ta\u015fta, nerede g\u00f6m\u00fc yaz\u0131yor mu\u201d<\/strong><\/p>\n<p style=\"text-align: justify\"><strong>-Yok abi var var, \u00e7\u0131karanlar var o alt\u0131nlar\u0131<\/strong><\/p>\n<p style=\"text-align: justify\">Ve bir bakars\u0131n\u0131z ki sa\u00e7ma bir d\u00f6ng\u00fcn\u00fcn i\u00e7erisindesiniz;<\/p>\n<p style=\"text-align: justify\"><strong>Sen diyorsun ki;<\/strong><\/p>\n<p style=\"text-align: justify\">-B\u0131rak alt\u0131nlardan sana ne sen \u00fcst\u00fcndeki zenginli\u011fe bak, koca manast\u0131r\u0131 devirmeye de\u011fer mi?<\/p>\n<p style=\"text-align: justify\"><strong>O diyor ki;<\/strong><\/p>\n<p style=\"text-align: justify\">-Neden biz de bulmayal\u0131m. Neden zengin olmayal\u0131m istiyorsun. Seni de g\u00f6r\u00fcr\u00fcz ya ne var&#8230;<\/p>\n<p style=\"text-align: justify\">Bu sohbetlerin hepsini en yak\u0131n\u0131mdaki din, dil, \u0131rk, millet fark etmeden herkesle ya\u015fad\u0131m. Ge\u00e7ti\u011fimzi y\u0131l Kars&#8217;a yapt\u0131\u011f\u0131m\u0131z bir gezide, Ani Harabeleri yak\u0131n\u0131ndaki k\u00f6yde ayran ikram\u0131ndan sonra aram\u0131zda K\u00fcrt\u00e7e bilenler arac\u0131l\u0131\u011f\u0131yla a\u011fz\u0131m\u0131zdan hazinelerin nerede oldu\u011funu \u00f6\u011frenmek isteyen aileler dahi bu co\u011frafyada k\u0131sadan zengin olmak istemeyen yok herhalde&#8230;<\/p>\n<p style=\"text-align: justify\"><strong>01 KASIM 2013 ANADOLU AJANSI<\/strong><\/p>\n<p style=\"text-align: justify\">Bursa&#8217;n\u0131n Orhangazi il\u00e7esine ba\u011fl\u0131 Keramet k\u00f6y\u00fcnde bir Ermeni aileden kalma eski evin sahipleri, bu yap\u0131n\u0131n alt\u0131nda define oldu\u011fu s\u00f6ylentisi nedeniyle kaz\u0131 yapmak i\u00e7in yetkili resmi kurumlardan izin ald\u0131. Saliha \u015eent\u00fcrk&#8217;e ait evin alt\u0131nda, baz\u0131 resmi kurumlar taraf\u0131ndan kurulan komisyon marifetiyle kaz\u0131 yap\u0131ld\u0131. Komisyon \u00fcyeleri ve jandarma ekipleri g\u00f6zetiminde i\u015f makinesiyle y\u00fcr\u00fct\u00fclen kaz\u0131da herhangi bir bulguya rastlanamad\u0131. Bina sahibi talep ederse 100 metrekare ile s\u0131n\u0131rland\u0131r\u0131lan kaz\u0131n\u0131n bir ay daha devam edebilece\u011fi belirtildi.<\/p>\n<p style=\"text-align: justify\">Gelelim i\u015fin\u00a0<strong>vahim<\/strong>\u00a0taraf\u0131na. Bu ya\u011fmalara devletin resmi makamlar\u0131n\u0131n ruhsat vererek g\u00f6z yummas\u0131. Kilise ve manast\u0131rlarda hatta tarihi Ermeni ve Rum yerle\u015fim yerlerinde kaz\u0131lara ruhsatl\u0131 izin vermek\u00a0<strong>\u201cgirin k\u0131r\u0131n, kaz\u0131n yok edin!\u201d<\/strong><b>\u00a0<\/b>demektir.<\/p>\n<p style=\"text-align: justify\">Devletin bu co\u011frafyan\u0131n yerlilerinin izlerini yok etmek i\u00e7in vatanda\u015f\u0131na verdi\u011fi bir\u00a0<strong>&#8216;resmi r\u0131za&#8217;<\/strong>d\u0131r\u00a0 bu &#8216;<strong>ya\u011fma ruhsat&#8217;<\/strong>lar\u0131.<\/p>\n<p style=\"text-align: justify\">Bir de bu definelere inanalar i\u00e7in a\u00e7\u0131lan internet siteleri var. DefineHaritas\u0131.com bunlardan en reva\u00e7ta olan\u0131. Site y\u00f6neticisi bir tart\u0131\u015fmada diyor ki;<\/p>\n<p style=\"text-align: justify\"><strong>\u201cRum defineleri genelde Rum evlerine saklanm\u0131\u015ft\u0131r. Antep gibi Rum ve Ermenilerin eskiden ya\u015fad\u0131\u011f\u0131 yerlerde bu t\u00fcr definelerin belki de \u00fcst\u00fcnde oturuyor olabilirsiniz. O nedenle \u00f6ncelikle bulundu\u011funuz evin tarihini bir ara\u015ft\u0131r\u0131n derim.\u201d<\/strong><br \/>\nAyn\u0131 sitede\u00a0<strong>\u201cErmeni defineleri ise evlere saklanmaktan ziyade a\u00e7\u0131k arazide g\u00f6m\u00fcl\u00fc vaziyette bulunuyor\u201d<\/strong>diyor.<\/p>\n<p style=\"text-align: justify\">As\u0131l can al\u0131c\u0131 noktas\u0131 ise definecilerin g\u00f6z\u00fcnde diasporadan ata topraklar\u0131n\u0131 g\u00f6rmeye gelmi\u015f Ermenileri d\u00fc\u015fmanla\u015ft\u0131rmakta;<\/p>\n<p style=\"text-align: justify\"><strong>\u201cBu hazineleri g\u00f6men Ermeni ve Rumlar\u0131n torunlar\u0131n\u0131n turist g\u00f6r\u00fcn\u00fcm\u00fcnde \u00fclkemize gelerek atalar\u0131na ait alt\u0131nlar\u0131 arad\u0131klar\u0131na da \u00e7ok kez \u015fahit olmaktay\u0131z\u201d<\/strong><\/p>\n<p style=\"text-align: justify\">Anlad\u0131\u011f\u0131n\u0131z, memleketin her yeri alt\u0131n kayn\u0131yor.<br \/>\n\u00d6yle zahiri bir inanca sar\u0131lm\u0131\u015f ki define arayanlar art\u0131k her\u015feyi kendi efsanevi ger\u00e7ekliklerine uyarl\u0131yorlar.<\/p>\n<p style=\"text-align: justify\"><strong>S\u00d6Z\u00dcM<\/strong><b>\u00a0<\/b>define efsanelerine inananlara&#8230;<\/p>\n<p style=\"text-align: justify\">Aman dikkat!<\/p>\n<p style=\"text-align: justify\">Definelerin var oldu\u011funa inan\u0131yorsan\u0131z,\u00a0<strong>LANET<\/strong>lerin de var oldu\u011funa inan\u0131n\u0131z&#8230;<\/p>\n<p style=\"text-align: justify\">B\u0131rak\u0131n\u0131z rahat uyusun yatanlar.<\/p>\n<p style=\"text-align: justify\">\u015eu topra\u011f\u0131n alt\u0131ndaki insanlar\u0131n yap\u0131tlar\u0131d\u0131r as\u0131l hazine!<\/p>\n<p style=\"text-align: justify\"><a href=\"http:\/\/t24.com.tr\/yazi\/su-bizim-bitmeyen-altinlarimiz\/7824\"><b>http:\/\/t24.com.tr\/yazi\/su-bizim-bitmeyen-altinlarimiz\/7824<\/b><\/a><\/p>\n","protected":false},"excerpt":{"rendered":"<p>Aris Nalc\u0131\u00a0 \u201cTa\u015f\u0131 topra\u011f\u0131 alt\u0131n \u015fu memleketin\u201d derler ya. Kaza kaza bitiremediler. \u00d6zellikle mevzu Ermeniler ve Rumlar oldu mu alt\u0131n\u0131n bini bin parad\u0131r. O kadar bereketlidir ki o alt\u0131nlar 100 y\u0131ld\u0131r 72 milyon \u00e7\u0131kara \u00e7\u0131kara yiyemedi ve halen de her yeni bulunan kilisenin alt\u0131n\u0131 kaz\u0131p define aramaya devam ediyorlar. Nerede bir Ermeni&#8217;nin ya\u015fad\u0131\u011f\u0131 iddia ediliyorsa [&hellip;]<\/p>\n","protected":false},"author":3,"featured_media":0,"comment_status":"open","ping_status":"open","sticky":false,"template":"","format":"standard","meta":{"footnotes":""},"categories":[13,14,26],"tags":[],"class_list":["post-26832","post","type-post","status-publish","format-standard","hentry","category-gunumuzde-bati-ermenistan","category-haberler","category-makaleler"],"yoast_head":"<!-- This site is optimized with the Yoast SEO plugin v27.4 - https:\/\/yoast.com\/product\/yoast-seo-wordpress\/ -->\n<title>\u015eu bizim bitmeyen alt\u0131nlar\u0131m\u0131z! - Bati Ermenistan Ve Bati Ermenileri Sorunlari Ara\u015ftirmalar Merkezi<\/title>\n<meta name=\"robots\" content=\"index, follow, max-snippet:-1, max-image-preview:large, max-video-preview:-1\" \/>\n<link rel=\"canonical\" href=\"https:\/\/akunq.net\/turkish\/2013\/11\/14\/su-bizim-bitmeyen-altinlarimiz\/\" \/>\n<meta property=\"og:locale\" content=\"en_US\" \/>\n<meta property=\"og:type\" content=\"article\" \/>\n<meta property=\"og:title\" content=\"\u015eu bizim bitmeyen alt\u0131nlar\u0131m\u0131z! - Bati Ermenistan Ve Bati Ermenileri Sorunlari Ara\u015ftirmalar Merkezi\" \/>\n<meta property=\"og:description\" content=\"Aris Nalc\u0131\u00a0 \u201cTa\u015f\u0131 topra\u011f\u0131 alt\u0131n \u015fu memleketin\u201d derler ya. Kaza kaza bitiremediler. \u00d6zellikle mevzu Ermeniler ve Rumlar oldu mu alt\u0131n\u0131n bini bin parad\u0131r. O kadar bereketlidir ki o alt\u0131nlar 100 y\u0131ld\u0131r 72 milyon \u00e7\u0131kara \u00e7\u0131kara yiyemedi ve halen de her yeni bulunan kilisenin alt\u0131n\u0131 kaz\u0131p define aramaya devam ediyorlar. Nerede bir Ermeni&#8217;nin ya\u015fad\u0131\u011f\u0131 iddia ediliyorsa [&hellip;]\" \/>\n<meta property=\"og:url\" content=\"https:\/\/akunq.net\/turkish\/2013\/11\/14\/su-bizim-bitmeyen-altinlarimiz\/\" \/>\n<meta property=\"og:site_name\" content=\"Bati Ermenistan Ve Bati Ermenileri Sorunlari Ara\u015ftirmalar Merkezi\" \/>\n<meta property=\"article:published_time\" content=\"2013-11-14T07:41:59+00:00\" \/>\n<meta name=\"author\" content=\"kalem\" \/>\n<meta name=\"twitter:card\" content=\"summary_large_image\" \/>\n<meta name=\"twitter:label1\" content=\"Written by\" \/>\n\t<meta name=\"twitter:data1\" content=\"kalem\" \/>\n\t<meta name=\"twitter:label2\" content=\"Est. reading time\" \/>\n\t<meta name=\"twitter:data2\" content=\"5 minutes\" \/>\n<script type=\"application\/ld+json\" class=\"yoast-schema-graph\">{\"@context\":\"https:\\\/\\\/schema.org\",\"@graph\":[{\"@type\":\"Article\",\"@id\":\"https:\\\/\\\/akunq.net\\\/turkish\\\/2013\\\/11\\\/14\\\/su-bizim-bitmeyen-altinlarimiz\\\/#article\",\"isPartOf\":{\"@id\":\"https:\\\/\\\/akunq.net\\\/turkish\\\/2013\\\/11\\\/14\\\/su-bizim-bitmeyen-altinlarimiz\\\/\"},\"author\":{\"name\":\"kalem\",\"@id\":\"https:\\\/\\\/akunq.net\\\/turkish\\\/#\\\/schema\\\/person\\\/135e7923d1aeb8887890799619969a6c\"},\"headline\":\"\u015eu bizim bitmeyen alt\u0131nlar\u0131m\u0131z!\",\"datePublished\":\"2013-11-14T07:41:59+00:00\",\"mainEntityOfPage\":{\"@id\":\"https:\\\/\\\/akunq.net\\\/turkish\\\/2013\\\/11\\\/14\\\/su-bizim-bitmeyen-altinlarimiz\\\/\"},\"wordCount\":1031,\"commentCount\":0,\"articleSection\":[\"G\u00fcn\u00fcm\u00fczde Bat\u0131 Ermenistan\",\"Haberler\",\"Makaleler\"],\"inLanguage\":\"en-US\",\"potentialAction\":[{\"@type\":\"CommentAction\",\"name\":\"Comment\",\"target\":[\"https:\\\/\\\/akunq.net\\\/turkish\\\/2013\\\/11\\\/14\\\/su-bizim-bitmeyen-altinlarimiz\\\/#respond\"]}]},{\"@type\":\"WebPage\",\"@id\":\"https:\\\/\\\/akunq.net\\\/turkish\\\/2013\\\/11\\\/14\\\/su-bizim-bitmeyen-altinlarimiz\\\/\",\"url\":\"https:\\\/\\\/akunq.net\\\/turkish\\\/2013\\\/11\\\/14\\\/su-bizim-bitmeyen-altinlarimiz\\\/\",\"name\":\"\u015eu bizim bitmeyen alt\u0131nlar\u0131m\u0131z! - Bati Ermenistan Ve Bati Ermenileri Sorunlari Ara\u015ftirmalar Merkezi\",\"isPartOf\":{\"@id\":\"https:\\\/\\\/akunq.net\\\/turkish\\\/#website\"},\"datePublished\":\"2013-11-14T07:41:59+00:00\",\"author\":{\"@id\":\"https:\\\/\\\/akunq.net\\\/turkish\\\/#\\\/schema\\\/person\\\/135e7923d1aeb8887890799619969a6c\"},\"breadcrumb\":{\"@id\":\"https:\\\/\\\/akunq.net\\\/turkish\\\/2013\\\/11\\\/14\\\/su-bizim-bitmeyen-altinlarimiz\\\/#breadcrumb\"},\"inLanguage\":\"en-US\",\"potentialAction\":[{\"@type\":\"ReadAction\",\"target\":[\"https:\\\/\\\/akunq.net\\\/turkish\\\/2013\\\/11\\\/14\\\/su-bizim-bitmeyen-altinlarimiz\\\/\"]}]},{\"@type\":\"BreadcrumbList\",\"@id\":\"https:\\\/\\\/akunq.net\\\/turkish\\\/2013\\\/11\\\/14\\\/su-bizim-bitmeyen-altinlarimiz\\\/#breadcrumb\",\"itemListElement\":[{\"@type\":\"ListItem\",\"position\":1,\"name\":\"Home\",\"item\":\"https:\\\/\\\/akunq.net\\\/turkish\\\/\"},{\"@type\":\"ListItem\",\"position\":2,\"name\":\"\u015eu bizim bitmeyen alt\u0131nlar\u0131m\u0131z!\"}]},{\"@type\":\"WebSite\",\"@id\":\"https:\\\/\\\/akunq.net\\\/turkish\\\/#website\",\"url\":\"https:\\\/\\\/akunq.net\\\/turkish\\\/\",\"name\":\"Bati Ermenistan Ve Bati Ermenileri Sorunlari Ara\u015ftirmalar Merkezi\",\"description\":\"\",\"potentialAction\":[{\"@type\":\"SearchAction\",\"target\":{\"@type\":\"EntryPoint\",\"urlTemplate\":\"https:\\\/\\\/akunq.net\\\/turkish\\\/?s={search_term_string}\"},\"query-input\":{\"@type\":\"PropertyValueSpecification\",\"valueRequired\":true,\"valueName\":\"search_term_string\"}}],\"inLanguage\":\"en-US\"},{\"@type\":\"Person\",\"@id\":\"https:\\\/\\\/akunq.net\\\/turkish\\\/#\\\/schema\\\/person\\\/135e7923d1aeb8887890799619969a6c\",\"name\":\"kalem\",\"image\":{\"@type\":\"ImageObject\",\"inLanguage\":\"en-US\",\"@id\":\"https:\\\/\\\/secure.gravatar.com\\\/avatar\\\/a06875e4b25feb5674296adf8e8a7ae1e587cebce2493fe63c456109967e27d3?s=96&d=mm&r=g\",\"url\":\"https:\\\/\\\/secure.gravatar.com\\\/avatar\\\/a06875e4b25feb5674296adf8e8a7ae1e587cebce2493fe63c456109967e27d3?s=96&d=mm&r=g\",\"contentUrl\":\"https:\\\/\\\/secure.gravatar.com\\\/avatar\\\/a06875e4b25feb5674296adf8e8a7ae1e587cebce2493fe63c456109967e27d3?s=96&d=mm&r=g\",\"caption\":\"kalem\"},\"url\":\"https:\\\/\\\/akunq.net\\\/turkish\\\/author\\\/kalem\\\/\"}]}<\/script>\n<!-- \/ Yoast SEO plugin. -->","yoast_head_json":{"title":"\u015eu bizim bitmeyen alt\u0131nlar\u0131m\u0131z! - Bati Ermenistan Ve Bati Ermenileri Sorunlari Ara\u015ftirmalar Merkezi","robots":{"index":"index","follow":"follow","max-snippet":"max-snippet:-1","max-image-preview":"max-image-preview:large","max-video-preview":"max-video-preview:-1"},"canonical":"https:\/\/akunq.net\/turkish\/2013\/11\/14\/su-bizim-bitmeyen-altinlarimiz\/","og_locale":"en_US","og_type":"article","og_title":"\u015eu bizim bitmeyen alt\u0131nlar\u0131m\u0131z! - Bati Ermenistan Ve Bati Ermenileri Sorunlari Ara\u015ftirmalar Merkezi","og_description":"Aris Nalc\u0131\u00a0 \u201cTa\u015f\u0131 topra\u011f\u0131 alt\u0131n \u015fu memleketin\u201d derler ya. Kaza kaza bitiremediler. \u00d6zellikle mevzu Ermeniler ve Rumlar oldu mu alt\u0131n\u0131n bini bin parad\u0131r. O kadar bereketlidir ki o alt\u0131nlar 100 y\u0131ld\u0131r 72 milyon \u00e7\u0131kara \u00e7\u0131kara yiyemedi ve halen de her yeni bulunan kilisenin alt\u0131n\u0131 kaz\u0131p define aramaya devam ediyorlar. Nerede bir Ermeni&#8217;nin ya\u015fad\u0131\u011f\u0131 iddia ediliyorsa [&hellip;]","og_url":"https:\/\/akunq.net\/turkish\/2013\/11\/14\/su-bizim-bitmeyen-altinlarimiz\/","og_site_name":"Bati Ermenistan Ve Bati Ermenileri Sorunlari Ara\u015ftirmalar Merkezi","article_published_time":"2013-11-14T07:41:59+00:00","author":"kalem","twitter_card":"summary_large_image","twitter_misc":{"Written by":"kalem","Est. reading time":"5 minutes"},"schema":{"@context":"https:\/\/schema.org","@graph":[{"@type":"Article","@id":"https:\/\/akunq.net\/turkish\/2013\/11\/14\/su-bizim-bitmeyen-altinlarimiz\/#article","isPartOf":{"@id":"https:\/\/akunq.net\/turkish\/2013\/11\/14\/su-bizim-bitmeyen-altinlarimiz\/"},"author":{"name":"kalem","@id":"https:\/\/akunq.net\/turkish\/#\/schema\/person\/135e7923d1aeb8887890799619969a6c"},"headline":"\u015eu bizim bitmeyen alt\u0131nlar\u0131m\u0131z!","datePublished":"2013-11-14T07:41:59+00:00","mainEntityOfPage":{"@id":"https:\/\/akunq.net\/turkish\/2013\/11\/14\/su-bizim-bitmeyen-altinlarimiz\/"},"wordCount":1031,"commentCount":0,"articleSection":["G\u00fcn\u00fcm\u00fczde Bat\u0131 Ermenistan","Haberler","Makaleler"],"inLanguage":"en-US","potentialAction":[{"@type":"CommentAction","name":"Comment","target":["https:\/\/akunq.net\/turkish\/2013\/11\/14\/su-bizim-bitmeyen-altinlarimiz\/#respond"]}]},{"@type":"WebPage","@id":"https:\/\/akunq.net\/turkish\/2013\/11\/14\/su-bizim-bitmeyen-altinlarimiz\/","url":"https:\/\/akunq.net\/turkish\/2013\/11\/14\/su-bizim-bitmeyen-altinlarimiz\/","name":"\u015eu bizim bitmeyen alt\u0131nlar\u0131m\u0131z! - Bati Ermenistan Ve Bati Ermenileri Sorunlari Ara\u015ftirmalar Merkezi","isPartOf":{"@id":"https:\/\/akunq.net\/turkish\/#website"},"datePublished":"2013-11-14T07:41:59+00:00","author":{"@id":"https:\/\/akunq.net\/turkish\/#\/schema\/person\/135e7923d1aeb8887890799619969a6c"},"breadcrumb":{"@id":"https:\/\/akunq.net\/turkish\/2013\/11\/14\/su-bizim-bitmeyen-altinlarimiz\/#breadcrumb"},"inLanguage":"en-US","potentialAction":[{"@type":"ReadAction","target":["https:\/\/akunq.net\/turkish\/2013\/11\/14\/su-bizim-bitmeyen-altinlarimiz\/"]}]},{"@type":"BreadcrumbList","@id":"https:\/\/akunq.net\/turkish\/2013\/11\/14\/su-bizim-bitmeyen-altinlarimiz\/#breadcrumb","itemListElement":[{"@type":"ListItem","position":1,"name":"Home","item":"https:\/\/akunq.net\/turkish\/"},{"@type":"ListItem","position":2,"name":"\u015eu bizim bitmeyen alt\u0131nlar\u0131m\u0131z!"}]},{"@type":"WebSite","@id":"https:\/\/akunq.net\/turkish\/#website","url":"https:\/\/akunq.net\/turkish\/","name":"Bati Ermenistan Ve Bati Ermenileri Sorunlari Ara\u015ftirmalar Merkezi","description":"","potentialAction":[{"@type":"SearchAction","target":{"@type":"EntryPoint","urlTemplate":"https:\/\/akunq.net\/turkish\/?s={search_term_string}"},"query-input":{"@type":"PropertyValueSpecification","valueRequired":true,"valueName":"search_term_string"}}],"inLanguage":"en-US"},{"@type":"Person","@id":"https:\/\/akunq.net\/turkish\/#\/schema\/person\/135e7923d1aeb8887890799619969a6c","name":"kalem","image":{"@type":"ImageObject","inLanguage":"en-US","@id":"https:\/\/secure.gravatar.com\/avatar\/a06875e4b25feb5674296adf8e8a7ae1e587cebce2493fe63c456109967e27d3?s=96&d=mm&r=g","url":"https:\/\/secure.gravatar.com\/avatar\/a06875e4b25feb5674296adf8e8a7ae1e587cebce2493fe63c456109967e27d3?s=96&d=mm&r=g","contentUrl":"https:\/\/secure.gravatar.com\/avatar\/a06875e4b25feb5674296adf8e8a7ae1e587cebce2493fe63c456109967e27d3?s=96&d=mm&r=g","caption":"kalem"},"url":"https:\/\/akunq.net\/turkish\/author\/kalem\/"}]}},"_links":{"self":[{"href":"https:\/\/akunq.net\/turkish\/wp-json\/wp\/v2\/posts\/26832","targetHints":{"allow":["GET"]}}],"collection":[{"href":"https:\/\/akunq.net\/turkish\/wp-json\/wp\/v2\/posts"}],"about":[{"href":"https:\/\/akunq.net\/turkish\/wp-json\/wp\/v2\/types\/post"}],"author":[{"embeddable":true,"href":"https:\/\/akunq.net\/turkish\/wp-json\/wp\/v2\/users\/3"}],"replies":[{"embeddable":true,"href":"https:\/\/akunq.net\/turkish\/wp-json\/wp\/v2\/comments?post=26832"}],"version-history":[{"count":0,"href":"https:\/\/akunq.net\/turkish\/wp-json\/wp\/v2\/posts\/26832\/revisions"}],"wp:attachment":[{"href":"https:\/\/akunq.net\/turkish\/wp-json\/wp\/v2\/media?parent=26832"}],"wp:term":[{"taxonomy":"category","embeddable":true,"href":"https:\/\/akunq.net\/turkish\/wp-json\/wp\/v2\/categories?post=26832"},{"taxonomy":"post_tag","embeddable":true,"href":"https:\/\/akunq.net\/turkish\/wp-json\/wp\/v2\/tags?post=26832"}],"curies":[{"name":"wp","href":"https:\/\/api.w.org\/{rel}","templated":true}]}}