{"id":26821,"date":"2013-11-14T01:54:46","date_gmt":"2013-11-14T06:54:46","guid":{"rendered":"http:\/\/akunq.net\/tr\/?p=26821"},"modified":"2013-11-14T01:54:46","modified_gmt":"2013-11-14T06:54:46","slug":"ermenilerde-gecmisi-unutma-bizde-gecmisi-hatirlama-korkusu","status":"publish","type":"post","link":"https:\/\/akunq.net\/turkish\/2013\/11\/14\/ermenilerde-gecmisi-unutma-bizde-gecmisi-hatirlama-korkusu\/","title":{"rendered":"Ermeniler&#8217;de ge\u00e7mi\u015fi unutma, bizde ge\u00e7mi\u015fi hat\u0131rlama korkusu&#8230;"},"content":{"rendered":"<p style=\"text-align: justify\"><b><a href=\"http:\/\/akunq.net\/tr\/wp-content\/uploads\/2013\/11\/Hasan-Cemal.jpg\"><img loading=\"lazy\" decoding=\"async\" class=\"alignright size-medium wp-image-26822\" alt=\"Hasan Cemal\" src=\"http:\/\/akunq.net\/tr\/wp-content\/uploads\/2013\/11\/Hasan-Cemal-300x130.jpg\" width=\"300\" height=\"130\" srcset=\"https:\/\/akunq.net\/turkish\/wp-content\/uploads\/sites\/5\/2013\/11\/Hasan-Cemal-300x130.jpg 300w, https:\/\/akunq.net\/turkish\/wp-content\/uploads\/sites\/5\/2013\/11\/Hasan-Cemal.jpg 620w\" sizes=\"auto, (max-width: 300px) 100vw, 300px\" \/><\/a><a href=\"http:\/\/t24.com.tr\/yazar\/hasan-cemal\/73\">Hasan Cemal<\/a><\/b><\/p>\n<p style=\"text-align: justify\"><em><b>Ac\u0131yla<\/b><\/em><em> <b>h\u00fcz\u00fcn ve Anadolu hasreti, New Jersey\u2019de k\u00f6kleri Anadolu\u2019ya, \u0130stanbul\u2019a uzanan Ermenilerle ge\u00e7irdi\u011fim iki g\u00fcn boyunca pe\u015fimizi hi\u00e7 b\u0131rakmad\u0131.\u00a0Ac\u0131larla y\u00fckl\u00fc hat\u0131ralar\u0131n olu\u015fturdu\u011fu bir duygu ve d\u00fc\u015f\u00fcnce aleminde dola\u015f\u0131p durduk iki g\u00fcn.<\/b><\/em><\/p>\n<p style=\"text-align: justify\"><em><b>Yahudiler\u2019in<\/b><\/em><em> <b>Holokost, Ermeniler\u2019in 1915 \u00f6rneklerindeki gibi insanl\u0131k, \u00e7ekti\u011fi ac\u0131lar\u0131 diri tutarak, zamanla var olu\u015funun temel dayana\u011f\u0131 haline getiriyor. Belki de o ac\u0131lar\u0131 unutmaktan korkuyor. Peki ac\u0131lar\u0131 diri tutmak bizleri ge\u00e7mi\u015fin tutsa\u011f\u0131 haline getirmiyor mu?<\/b><\/em><\/p>\n<p style=\"text-align: justify\"><em><b>NEW\u00a0 YORK<\/b><\/em><\/p>\n<p style=\"text-align: justify\"><b>Ad\u0131,<\/b> <strong>Hagop Atamian<\/strong>.<\/p>\n<p style=\"text-align: justify\">80 ya\u015f\u0131nda.<\/p>\n<p style=\"text-align: justify\">Suriye\u2019de ya\u015f\u0131yor, Halep\u2019te.<\/p>\n<p style=\"text-align: justify\">Benim son kitab\u0131m\u0131, <strong>1915: Ermeni Soyk\u0131r\u0131m\u0131<\/strong>\u2019n\u0131 oturmu\u015f, kendi ba\u015f\u0131na kimselere sormadan etmeden Ermenice\u2019ye (Do\u011fu) \u00e7evirmi\u015f.<\/p>\n<p style=\"text-align: justify\">K\u00fcrs\u00fcde, kitab\u0131m\u0131n giri\u015finde yer alan <strong>Tarihin Eli G\u00f6rmek \u0130steyene Do\u011fru Yolu G\u00f6sterir <\/strong>ba\u015fl\u0131\u011f\u0131n\u0131 ta\u015f\u0131yan \u00f6ns\u00f6z b\u00f6l\u00fcm\u00fcn\u00fc Ermenice okuyor.<\/p>\n<p style=\"text-align: justify\">Sesinde derin bir h\u00fcz\u00fcn&#8230;<\/p>\n<p style=\"text-align: justify\">Anlam\u0131yorum ama etkileniyorum.<\/p>\n<p style=\"text-align: justify\">Baz\u0131 yerleri \u015fiir okur gibi vurgulayarak okuyor.<\/p>\n<p style=\"text-align: justify\"><strong>Hrant Dink<\/strong>\u2019le ilgili oldu\u011fu i\u00e7in, \u015fu son b\u00f6l\u00fcm\u00fc daha bir hissederek, sesi titreyerek okuyor:<\/p>\n<p style=\"text-align: justify\"><strong>\u201cGer\u00e7ek bar\u0131\u015f ve demokrasi<\/strong> <strong>ne yaz\u0131k ki hep tarifsiz ac\u0131lar\u0131n i\u00e7inden ge\u00e7erek, Hrant Dink \u00f6rne\u011finde oldu\u011fu gibi ancak b\u00fcy\u00fck bedeller \u00f6denerek gelebiliyor. Anla\u015f\u0131lan o ki, toplumlar\u0131n hayat\u0131nda baz\u0131 ta\u015flar bir bedel \u00f6demeden yerinden oynam\u0131yor ya da yerli yerine oturmuyor.\u201d<\/strong><\/p>\n<h2 style=\"text-align: justify\"><strong>Ac\u0131lara sar\u0131larak var olmak\u00a0<\/strong><\/h2>\n<p style=\"text-align: justify\">Hagop Atamian, -ya da <strong>Agop Bey<\/strong>&#8211; bir sabah vakti <strong>New Jersey<\/strong>\u2019da y\u00fcre\u011fimizin tellerine \u015f\u00f6yle bir dokunuyor, bir an i\u00e7imizi ac\u0131t\u0131yor.<\/p>\n<p style=\"text-align: justify\">Ac\u0131yla h\u00fcz\u00fcn ve <strong>Anadolu hasreti<\/strong>, New Jersey\u2019de k\u00f6kleri Anadolu\u2019ya, \u0130stanbul\u2019a uzanan Ermenilerle ge\u00e7irdi\u011fim iki g\u00fcn boyunca pe\u015fimizi hi\u00e7 b\u0131rakmad\u0131.\u00a0<\/p>\n<p style=\"text-align: justify\">Ac\u0131larla y\u00fckl\u00fc hat\u0131ralar\u0131n olu\u015fturdu\u011fu bir duygu ve d\u00fc\u015f\u00fcnce aleminde dola\u015f\u0131p durduk iki g\u00fcn.<\/p>\n<p style=\"text-align: justify\"><strong>Madam Anahid<\/strong>\u2019in L\u00fcbnan lokantas\u0131nda Arak\u2019lar\u0131m\u0131z\u0131 yudumlarken de, alaturka m\u00fczik dinleyip \u0130stanbul h\u00fclyalar\u0131na dalarken de, benim bir ak\u015fam bir sabah yapt\u0131\u011f\u0131m iki konu\u015fma \u00fczerine tart\u0131\u015f\u0131rken de yine ayn\u0131 meseleyi d\u00fc\u015f\u00fcnd\u00fcm.\u00a0<\/p>\n<p style=\"text-align: justify\">\u0130nsano\u011flu k\u00f6klerinden ne kopabiliyor, ne de k\u00f6klerini unutabiliyor.<\/p>\n<p style=\"text-align: justify\">Bir de bu \u00e7er\u00e7evede <strong>ac\u0131lar <\/strong>konusu var.<\/p>\n<p style=\"text-align: justify\">Yahudiler\u2019in <strong>Holokost<\/strong>, Ermeniler\u2019in <strong>1915 <\/strong>\u00f6rneklerindeki gibi insanl\u0131k, \u00e7ekmi\u015f oldu\u011fu ac\u0131lar\u0131 s\u00fcrekli diri tutarak, zamanla varolu\u015funun temel dayana\u011f\u0131 haline getiriyor.\u00a0<\/p>\n<p style=\"text-align: justify\">Belki de o ac\u0131lar\u0131 unutmaktan korkuyor.<\/p>\n<p style=\"text-align: justify\">Ac\u0131lara sar\u0131lmak var olmakla e\u015f anlaml\u0131 hale geliyor.<\/p>\n<p style=\"text-align: justify\">Ve akl\u0131ma benim o klasik soru tak\u0131l\u0131yor:<\/p>\n<p style=\"text-align: justify\">Ac\u0131lar\u0131 diri tutmak bizleri ge\u00e7mi\u015fin tutsa\u011f\u0131 haline getirmiyor mu?<\/p>\n<p style=\"text-align: justify\"><strong>Yani tarihe esir d\u00fc\u015fmek&#8230;<\/strong><\/p>\n<p style=\"text-align: justify\">Bu soru i\u015faretleri ne zaman \u00e7engellerini zihnime assa hep ayn\u0131 meseleyi tekrarlar\u0131m.<\/p>\n<p style=\"text-align: justify\">Ge\u00e7mi\u015fi unutmak tabii gerekmiyor.<\/p>\n<p style=\"text-align: justify\">Ya\u015fananlar\u0131 de\u011fi\u015ftiremeyiz.<\/p>\n<p style=\"text-align: justify\">Ama ge\u00e7mi\u015fle hesapla\u015fabiliriz.<\/p>\n<p style=\"text-align: justify\">Ermeniler\u2019de nas\u0131l <strong>ge\u00e7mi\u015fi unutma korkusu <\/strong>varsa, bizde de <strong>ge\u00e7mi\u015fi hat\u0131rlama korkusu <\/strong>yer etmi\u015f.<\/p>\n<p style=\"text-align: justify\">\u00d6yle ki, maziden \u00e7\u0131k\u0131p gelecek birtak\u0131m zombilerin bizi ham yapacaklar\u0131n\u0131 san\u0131yoruz.<\/p>\n<p style=\"text-align: justify\">New Jersey\u2019deki konu\u015fmalar\u0131mdan birinde bu noktay\u0131 belirtirken kitab\u0131mdan da \u015fu al\u0131nt\u0131y\u0131 yapt\u0131m:<\/p>\n<p style=\"text-align: justify\"><strong>\u201cG\u00fcn gelecek, hepimiz ge\u00e7mi\u015fi ac\u0131yla anaca\u011f\u0131z, nefretle de\u011fil. Ve g\u00fcn gelecek bizler de bu topraklarda \u2018kay\u0131p tarihimizi\u2019 bulaca\u011f\u0131z. \u0130\u015fte o zaman bize de y\u00fck olmaktan \u00e7\u0131kacak tarih. Tarihimizle birlikte biz de \u00f6zg\u00fcrle\u015fece\u011fiz.\u201d<\/strong><\/p>\n<p style=\"text-align: justify\">Bunu yapabilecek miyiz?<\/p>\n<h2 style=\"text-align: justify\"><strong>&#8216;Tutsak ak\u0131l&#8217;la &#8216;\u00f6zg\u00fcr ak\u0131l&#8217;\u00a0<\/strong><\/h2>\n<p style=\"text-align: justify\"><strong>Milan Kundera<\/strong>\u2019n\u0131n \u201c\u0130nsan\u0131n iktidara kar\u015f\u0131\u00a0 m\u00fccadelesi, haf\u0131zan\u0131n unutu\u015fa kar\u015f\u0131 m\u00fccadelesidir\u201d s\u00f6z\u00fcn\u00fc elbette hi\u00e7 akl\u0131m\u0131zdan \u00e7\u0131karmadan, tarihin bizi tutsak almas\u0131n\u0131 da nas\u0131l \u00f6nleyece\u011fiz?..<\/p>\n<p style=\"text-align: justify\">New Jersey\u2019deki iki konu\u015fmamdan birinin konusu, \u2018<strong>tutsak ak\u0131l<\/strong>\u2019la \u2018<strong>\u00f6zg\u00fcr ak\u0131l<\/strong>\u2019d\u0131.<\/p>\n<p style=\"text-align: justify\">Tabulardan, dogmalardan, \u00f6nyarg\u0131lardan, tak\u0131nt\u0131lardan ne kadar kurtulabilirsek, \u2018<strong>benim milliyet\u00e7ili\u011fim seninkinden \u00e7ok daha g\u00fczel<\/strong>\u2019 diye \u00f6zetlebilecek zihniyet d\u00fcnyalar\u0131ndan ne kadar kopabilirsek, o kadar rahat ve huzura kavu\u015faca\u011f\u0131m\u0131z\u0131 anlatmaya \u00e7al\u0131\u015ft\u0131m.<\/p>\n<p style=\"text-align: justify\">Ak\u0131llar\u0131 \u00f6zg\u00fcr k\u0131lmadan, <strong>ele\u015ftirel<\/strong> d\u00fc\u015f\u00fcnmeyi hayat tarz\u0131 edinmeden bar\u0131\u015f ve demokrasinin yollar\u0131nda y\u00fcr\u00fcmenin ne kadar imk\u00e2ns\u0131z oldu\u011funa i\u015faret ettim.<\/p>\n<h2 style=\"text-align: justify\"><strong>Milliyet\u00e7ili\u011fin bar\u0131\u015fla sava\u015f\u0131\u00a0<\/strong><\/h2>\n<p style=\"text-align: justify\">\u0130kinci konu\u015fmam\u0131n konusuna gelince:<\/p>\n<p style=\"text-align: justify\"><strong>Bar\u0131\u015fla milliyet\u00e7ilik aras\u0131ndaki sava\u015f!<\/strong><\/p>\n<p style=\"text-align: justify\">Bar\u0131\u015fa varabilmek i\u00e7in, t\u00fcm farkl\u0131l\u0131klar\u0131n bar\u0131\u015f ve huzur i\u00e7inde ayn\u0131 \u00e7at\u0131 alt\u0131nda ya\u015fayabilmesi i\u00e7in <strong>her t\u00fcrl\u00fc milliyet\u00e7ilikten kurtulmak<\/strong> gerekti\u011fini baz\u0131 \u00f6rneklerle anlatmaya gayret etttim.<\/p>\n<p style=\"text-align: justify\">Bunun i\u00e7in de, bazen <strong>insan\u0131n kendi kendisine de \u015fiddet <\/strong>uygulamas\u0131 ve <strong>kendi i\u00e7indeki ta\u015flar\u0131 <\/strong>da yerinden oynatmaya \u00e7al\u0131\u015fmas\u0131 gerekti\u011fini (kitab\u0131m\u0131n son b\u00f6l\u00fcm\u00fcndeki <strong>Nil\u00fcfer G\u00f6le<\/strong> al\u0131nt\u0131s\u0131yla) dilimin d\u00f6nd\u00fc\u011f\u00fc kadar anlatt\u0131m.<\/p>\n<p style=\"text-align: justify\">Yar\u0131n New Jersey\u2019den bir yaz\u0131 daha:<\/p>\n<p style=\"text-align: justify\"><strong>1915\u2019in 100. y\u0131l\u0131 <\/strong>kap\u0131dayken neler yap\u0131labilir?..<\/p>\n<p style=\"text-align: justify\"><strong><i>Twitter: <\/i><\/strong><b><i>@HSNCML<\/i><\/b><\/p>\n<p style=\"text-align: justify\"><b><i>http:\/\/t24.com.tr\/yazi\/ermenilerde-gecmisi-unutma-bizde-gecmisi-hatirlama-korkusu\/7815<\/i><\/b><\/p>\n","protected":false},"excerpt":{"rendered":"<p>Hasan Cemal Ac\u0131yla h\u00fcz\u00fcn ve Anadolu hasreti, New Jersey\u2019de k\u00f6kleri Anadolu\u2019ya, \u0130stanbul\u2019a uzanan Ermenilerle ge\u00e7irdi\u011fim iki g\u00fcn boyunca pe\u015fimizi hi\u00e7 b\u0131rakmad\u0131.\u00a0Ac\u0131larla y\u00fckl\u00fc hat\u0131ralar\u0131n olu\u015fturdu\u011fu bir duygu ve d\u00fc\u015f\u00fcnce aleminde dola\u015f\u0131p durduk iki g\u00fcn. Yahudiler\u2019in Holokost, Ermeniler\u2019in 1915 \u00f6rneklerindeki gibi insanl\u0131k, \u00e7ekti\u011fi ac\u0131lar\u0131 diri tutarak, zamanla var olu\u015funun temel dayana\u011f\u0131 haline getiriyor. Belki de o ac\u0131lar\u0131 [&hellip;]<\/p>\n","protected":false},"author":3,"featured_media":0,"comment_status":"open","ping_status":"open","sticky":false,"template":"","format":"standard","meta":{"footnotes":""},"categories":[6,14,26],"tags":[],"class_list":["post-26821","post","type-post","status-publish","format-standard","hentry","category-ermeni-soykirimi","category-haberler","category-makaleler"],"yoast_head":"<!-- This site is optimized with the Yoast SEO plugin v27.4 - https:\/\/yoast.com\/product\/yoast-seo-wordpress\/ -->\n<title>Ermeniler&#039;de ge\u00e7mi\u015fi unutma, bizde ge\u00e7mi\u015fi hat\u0131rlama korkusu... - Bati Ermenistan Ve Bati Ermenileri Sorunlari Ara\u015ftirmalar Merkezi<\/title>\n<meta name=\"robots\" content=\"index, follow, max-snippet:-1, max-image-preview:large, max-video-preview:-1\" \/>\n<link rel=\"canonical\" href=\"https:\/\/akunq.net\/turkish\/2013\/11\/14\/ermenilerde-gecmisi-unutma-bizde-gecmisi-hatirlama-korkusu\/\" \/>\n<meta property=\"og:locale\" content=\"en_US\" \/>\n<meta property=\"og:type\" content=\"article\" \/>\n<meta property=\"og:title\" content=\"Ermeniler&#039;de ge\u00e7mi\u015fi unutma, bizde ge\u00e7mi\u015fi hat\u0131rlama korkusu... - Bati Ermenistan Ve Bati Ermenileri Sorunlari Ara\u015ftirmalar Merkezi\" \/>\n<meta property=\"og:description\" content=\"Hasan Cemal Ac\u0131yla h\u00fcz\u00fcn ve Anadolu hasreti, New Jersey\u2019de k\u00f6kleri Anadolu\u2019ya, \u0130stanbul\u2019a uzanan Ermenilerle ge\u00e7irdi\u011fim iki g\u00fcn boyunca pe\u015fimizi hi\u00e7 b\u0131rakmad\u0131.\u00a0Ac\u0131larla y\u00fckl\u00fc hat\u0131ralar\u0131n olu\u015fturdu\u011fu bir duygu ve d\u00fc\u015f\u00fcnce aleminde dola\u015f\u0131p durduk iki g\u00fcn. Yahudiler\u2019in Holokost, Ermeniler\u2019in 1915 \u00f6rneklerindeki gibi insanl\u0131k, \u00e7ekti\u011fi ac\u0131lar\u0131 diri tutarak, zamanla var olu\u015funun temel dayana\u011f\u0131 haline getiriyor. Belki de o ac\u0131lar\u0131 [&hellip;]\" \/>\n<meta property=\"og:url\" content=\"https:\/\/akunq.net\/turkish\/2013\/11\/14\/ermenilerde-gecmisi-unutma-bizde-gecmisi-hatirlama-korkusu\/\" \/>\n<meta property=\"og:site_name\" content=\"Bati Ermenistan Ve Bati Ermenileri Sorunlari Ara\u015ftirmalar Merkezi\" \/>\n<meta property=\"article:published_time\" content=\"2013-11-14T06:54:46+00:00\" \/>\n<meta property=\"og:image\" content=\"https:\/\/akunq.net\/turkish\/wp-content\/uploads\/sites\/5\/2013\/11\/Hasan-Cemal.jpg\" \/>\n\t<meta property=\"og:image:width\" content=\"620\" \/>\n\t<meta property=\"og:image:height\" content=\"269\" \/>\n\t<meta property=\"og:image:type\" content=\"image\/jpeg\" \/>\n<meta name=\"author\" content=\"kalem\" \/>\n<meta name=\"twitter:card\" content=\"summary_large_image\" \/>\n<meta name=\"twitter:label1\" content=\"Written by\" \/>\n\t<meta name=\"twitter:data1\" content=\"kalem\" \/>\n\t<meta name=\"twitter:label2\" content=\"Est. reading time\" \/>\n\t<meta name=\"twitter:data2\" content=\"4 minutes\" \/>\n<script type=\"application\/ld+json\" class=\"yoast-schema-graph\">{\"@context\":\"https:\\\/\\\/schema.org\",\"@graph\":[{\"@type\":\"Article\",\"@id\":\"https:\\\/\\\/akunq.net\\\/turkish\\\/2013\\\/11\\\/14\\\/ermenilerde-gecmisi-unutma-bizde-gecmisi-hatirlama-korkusu\\\/#article\",\"isPartOf\":{\"@id\":\"https:\\\/\\\/akunq.net\\\/turkish\\\/2013\\\/11\\\/14\\\/ermenilerde-gecmisi-unutma-bizde-gecmisi-hatirlama-korkusu\\\/\"},\"author\":{\"name\":\"kalem\",\"@id\":\"https:\\\/\\\/akunq.net\\\/turkish\\\/#\\\/schema\\\/person\\\/135e7923d1aeb8887890799619969a6c\"},\"headline\":\"Ermeniler&#8217;de ge\u00e7mi\u015fi unutma, bizde ge\u00e7mi\u015fi hat\u0131rlama korkusu&#8230;\",\"datePublished\":\"2013-11-14T06:54:46+00:00\",\"mainEntityOfPage\":{\"@id\":\"https:\\\/\\\/akunq.net\\\/turkish\\\/2013\\\/11\\\/14\\\/ermenilerde-gecmisi-unutma-bizde-gecmisi-hatirlama-korkusu\\\/\"},\"wordCount\":879,\"commentCount\":0,\"image\":{\"@id\":\"https:\\\/\\\/akunq.net\\\/turkish\\\/2013\\\/11\\\/14\\\/ermenilerde-gecmisi-unutma-bizde-gecmisi-hatirlama-korkusu\\\/#primaryimage\"},\"thumbnailUrl\":\"http:\\\/\\\/akunq.net\\\/tr\\\/wp-content\\\/uploads\\\/2013\\\/11\\\/Hasan-Cemal-300x130.jpg\",\"articleSection\":[\"Ermeni Soyk\u0131r\u0131m\u0131\",\"Haberler\",\"Makaleler\"],\"inLanguage\":\"en-US\",\"potentialAction\":[{\"@type\":\"CommentAction\",\"name\":\"Comment\",\"target\":[\"https:\\\/\\\/akunq.net\\\/turkish\\\/2013\\\/11\\\/14\\\/ermenilerde-gecmisi-unutma-bizde-gecmisi-hatirlama-korkusu\\\/#respond\"]}]},{\"@type\":\"WebPage\",\"@id\":\"https:\\\/\\\/akunq.net\\\/turkish\\\/2013\\\/11\\\/14\\\/ermenilerde-gecmisi-unutma-bizde-gecmisi-hatirlama-korkusu\\\/\",\"url\":\"https:\\\/\\\/akunq.net\\\/turkish\\\/2013\\\/11\\\/14\\\/ermenilerde-gecmisi-unutma-bizde-gecmisi-hatirlama-korkusu\\\/\",\"name\":\"Ermeniler'de ge\u00e7mi\u015fi unutma, bizde ge\u00e7mi\u015fi hat\u0131rlama korkusu... - Bati Ermenistan Ve Bati Ermenileri Sorunlari Ara\u015ftirmalar Merkezi\",\"isPartOf\":{\"@id\":\"https:\\\/\\\/akunq.net\\\/turkish\\\/#website\"},\"primaryImageOfPage\":{\"@id\":\"https:\\\/\\\/akunq.net\\\/turkish\\\/2013\\\/11\\\/14\\\/ermenilerde-gecmisi-unutma-bizde-gecmisi-hatirlama-korkusu\\\/#primaryimage\"},\"image\":{\"@id\":\"https:\\\/\\\/akunq.net\\\/turkish\\\/2013\\\/11\\\/14\\\/ermenilerde-gecmisi-unutma-bizde-gecmisi-hatirlama-korkusu\\\/#primaryimage\"},\"thumbnailUrl\":\"http:\\\/\\\/akunq.net\\\/tr\\\/wp-content\\\/uploads\\\/2013\\\/11\\\/Hasan-Cemal-300x130.jpg\",\"datePublished\":\"2013-11-14T06:54:46+00:00\",\"author\":{\"@id\":\"https:\\\/\\\/akunq.net\\\/turkish\\\/#\\\/schema\\\/person\\\/135e7923d1aeb8887890799619969a6c\"},\"breadcrumb\":{\"@id\":\"https:\\\/\\\/akunq.net\\\/turkish\\\/2013\\\/11\\\/14\\\/ermenilerde-gecmisi-unutma-bizde-gecmisi-hatirlama-korkusu\\\/#breadcrumb\"},\"inLanguage\":\"en-US\",\"potentialAction\":[{\"@type\":\"ReadAction\",\"target\":[\"https:\\\/\\\/akunq.net\\\/turkish\\\/2013\\\/11\\\/14\\\/ermenilerde-gecmisi-unutma-bizde-gecmisi-hatirlama-korkusu\\\/\"]}]},{\"@type\":\"ImageObject\",\"inLanguage\":\"en-US\",\"@id\":\"https:\\\/\\\/akunq.net\\\/turkish\\\/2013\\\/11\\\/14\\\/ermenilerde-gecmisi-unutma-bizde-gecmisi-hatirlama-korkusu\\\/#primaryimage\",\"url\":\"http:\\\/\\\/akunq.net\\\/tr\\\/wp-content\\\/uploads\\\/2013\\\/11\\\/Hasan-Cemal-300x130.jpg\",\"contentUrl\":\"http:\\\/\\\/akunq.net\\\/tr\\\/wp-content\\\/uploads\\\/2013\\\/11\\\/Hasan-Cemal-300x130.jpg\"},{\"@type\":\"BreadcrumbList\",\"@id\":\"https:\\\/\\\/akunq.net\\\/turkish\\\/2013\\\/11\\\/14\\\/ermenilerde-gecmisi-unutma-bizde-gecmisi-hatirlama-korkusu\\\/#breadcrumb\",\"itemListElement\":[{\"@type\":\"ListItem\",\"position\":1,\"name\":\"Home\",\"item\":\"https:\\\/\\\/akunq.net\\\/turkish\\\/\"},{\"@type\":\"ListItem\",\"position\":2,\"name\":\"Ermeniler&#8217;de ge\u00e7mi\u015fi unutma, bizde ge\u00e7mi\u015fi hat\u0131rlama korkusu&#8230;\"}]},{\"@type\":\"WebSite\",\"@id\":\"https:\\\/\\\/akunq.net\\\/turkish\\\/#website\",\"url\":\"https:\\\/\\\/akunq.net\\\/turkish\\\/\",\"name\":\"Bati Ermenistan Ve Bati Ermenileri Sorunlari Ara\u015ftirmalar Merkezi\",\"description\":\"\",\"potentialAction\":[{\"@type\":\"SearchAction\",\"target\":{\"@type\":\"EntryPoint\",\"urlTemplate\":\"https:\\\/\\\/akunq.net\\\/turkish\\\/?s={search_term_string}\"},\"query-input\":{\"@type\":\"PropertyValueSpecification\",\"valueRequired\":true,\"valueName\":\"search_term_string\"}}],\"inLanguage\":\"en-US\"},{\"@type\":\"Person\",\"@id\":\"https:\\\/\\\/akunq.net\\\/turkish\\\/#\\\/schema\\\/person\\\/135e7923d1aeb8887890799619969a6c\",\"name\":\"kalem\",\"image\":{\"@type\":\"ImageObject\",\"inLanguage\":\"en-US\",\"@id\":\"https:\\\/\\\/secure.gravatar.com\\\/avatar\\\/a06875e4b25feb5674296adf8e8a7ae1e587cebce2493fe63c456109967e27d3?s=96&d=mm&r=g\",\"url\":\"https:\\\/\\\/secure.gravatar.com\\\/avatar\\\/a06875e4b25feb5674296adf8e8a7ae1e587cebce2493fe63c456109967e27d3?s=96&d=mm&r=g\",\"contentUrl\":\"https:\\\/\\\/secure.gravatar.com\\\/avatar\\\/a06875e4b25feb5674296adf8e8a7ae1e587cebce2493fe63c456109967e27d3?s=96&d=mm&r=g\",\"caption\":\"kalem\"},\"url\":\"https:\\\/\\\/akunq.net\\\/turkish\\\/author\\\/kalem\\\/\"}]}<\/script>\n<!-- \/ Yoast SEO plugin. -->","yoast_head_json":{"title":"Ermeniler'de ge\u00e7mi\u015fi unutma, bizde ge\u00e7mi\u015fi hat\u0131rlama korkusu... - Bati Ermenistan Ve Bati Ermenileri Sorunlari Ara\u015ftirmalar Merkezi","robots":{"index":"index","follow":"follow","max-snippet":"max-snippet:-1","max-image-preview":"max-image-preview:large","max-video-preview":"max-video-preview:-1"},"canonical":"https:\/\/akunq.net\/turkish\/2013\/11\/14\/ermenilerde-gecmisi-unutma-bizde-gecmisi-hatirlama-korkusu\/","og_locale":"en_US","og_type":"article","og_title":"Ermeniler'de ge\u00e7mi\u015fi unutma, bizde ge\u00e7mi\u015fi hat\u0131rlama korkusu... - Bati Ermenistan Ve Bati Ermenileri Sorunlari Ara\u015ftirmalar Merkezi","og_description":"Hasan Cemal Ac\u0131yla h\u00fcz\u00fcn ve Anadolu hasreti, New Jersey\u2019de k\u00f6kleri Anadolu\u2019ya, \u0130stanbul\u2019a uzanan Ermenilerle ge\u00e7irdi\u011fim iki g\u00fcn boyunca pe\u015fimizi hi\u00e7 b\u0131rakmad\u0131.\u00a0Ac\u0131larla y\u00fckl\u00fc hat\u0131ralar\u0131n olu\u015fturdu\u011fu bir duygu ve d\u00fc\u015f\u00fcnce aleminde dola\u015f\u0131p durduk iki g\u00fcn. Yahudiler\u2019in Holokost, Ermeniler\u2019in 1915 \u00f6rneklerindeki gibi insanl\u0131k, \u00e7ekti\u011fi ac\u0131lar\u0131 diri tutarak, zamanla var olu\u015funun temel dayana\u011f\u0131 haline getiriyor. Belki de o ac\u0131lar\u0131 [&hellip;]","og_url":"https:\/\/akunq.net\/turkish\/2013\/11\/14\/ermenilerde-gecmisi-unutma-bizde-gecmisi-hatirlama-korkusu\/","og_site_name":"Bati Ermenistan Ve Bati Ermenileri Sorunlari Ara\u015ftirmalar Merkezi","article_published_time":"2013-11-14T06:54:46+00:00","og_image":[{"width":620,"height":269,"url":"https:\/\/akunq.net\/turkish\/wp-content\/uploads\/sites\/5\/2013\/11\/Hasan-Cemal.jpg","type":"image\/jpeg"}],"author":"kalem","twitter_card":"summary_large_image","twitter_misc":{"Written by":"kalem","Est. reading time":"4 minutes"},"schema":{"@context":"https:\/\/schema.org","@graph":[{"@type":"Article","@id":"https:\/\/akunq.net\/turkish\/2013\/11\/14\/ermenilerde-gecmisi-unutma-bizde-gecmisi-hatirlama-korkusu\/#article","isPartOf":{"@id":"https:\/\/akunq.net\/turkish\/2013\/11\/14\/ermenilerde-gecmisi-unutma-bizde-gecmisi-hatirlama-korkusu\/"},"author":{"name":"kalem","@id":"https:\/\/akunq.net\/turkish\/#\/schema\/person\/135e7923d1aeb8887890799619969a6c"},"headline":"Ermeniler&#8217;de ge\u00e7mi\u015fi unutma, bizde ge\u00e7mi\u015fi hat\u0131rlama korkusu&#8230;","datePublished":"2013-11-14T06:54:46+00:00","mainEntityOfPage":{"@id":"https:\/\/akunq.net\/turkish\/2013\/11\/14\/ermenilerde-gecmisi-unutma-bizde-gecmisi-hatirlama-korkusu\/"},"wordCount":879,"commentCount":0,"image":{"@id":"https:\/\/akunq.net\/turkish\/2013\/11\/14\/ermenilerde-gecmisi-unutma-bizde-gecmisi-hatirlama-korkusu\/#primaryimage"},"thumbnailUrl":"http:\/\/akunq.net\/tr\/wp-content\/uploads\/2013\/11\/Hasan-Cemal-300x130.jpg","articleSection":["Ermeni Soyk\u0131r\u0131m\u0131","Haberler","Makaleler"],"inLanguage":"en-US","potentialAction":[{"@type":"CommentAction","name":"Comment","target":["https:\/\/akunq.net\/turkish\/2013\/11\/14\/ermenilerde-gecmisi-unutma-bizde-gecmisi-hatirlama-korkusu\/#respond"]}]},{"@type":"WebPage","@id":"https:\/\/akunq.net\/turkish\/2013\/11\/14\/ermenilerde-gecmisi-unutma-bizde-gecmisi-hatirlama-korkusu\/","url":"https:\/\/akunq.net\/turkish\/2013\/11\/14\/ermenilerde-gecmisi-unutma-bizde-gecmisi-hatirlama-korkusu\/","name":"Ermeniler'de ge\u00e7mi\u015fi unutma, bizde ge\u00e7mi\u015fi hat\u0131rlama korkusu... - Bati Ermenistan Ve Bati Ermenileri Sorunlari Ara\u015ftirmalar Merkezi","isPartOf":{"@id":"https:\/\/akunq.net\/turkish\/#website"},"primaryImageOfPage":{"@id":"https:\/\/akunq.net\/turkish\/2013\/11\/14\/ermenilerde-gecmisi-unutma-bizde-gecmisi-hatirlama-korkusu\/#primaryimage"},"image":{"@id":"https:\/\/akunq.net\/turkish\/2013\/11\/14\/ermenilerde-gecmisi-unutma-bizde-gecmisi-hatirlama-korkusu\/#primaryimage"},"thumbnailUrl":"http:\/\/akunq.net\/tr\/wp-content\/uploads\/2013\/11\/Hasan-Cemal-300x130.jpg","datePublished":"2013-11-14T06:54:46+00:00","author":{"@id":"https:\/\/akunq.net\/turkish\/#\/schema\/person\/135e7923d1aeb8887890799619969a6c"},"breadcrumb":{"@id":"https:\/\/akunq.net\/turkish\/2013\/11\/14\/ermenilerde-gecmisi-unutma-bizde-gecmisi-hatirlama-korkusu\/#breadcrumb"},"inLanguage":"en-US","potentialAction":[{"@type":"ReadAction","target":["https:\/\/akunq.net\/turkish\/2013\/11\/14\/ermenilerde-gecmisi-unutma-bizde-gecmisi-hatirlama-korkusu\/"]}]},{"@type":"ImageObject","inLanguage":"en-US","@id":"https:\/\/akunq.net\/turkish\/2013\/11\/14\/ermenilerde-gecmisi-unutma-bizde-gecmisi-hatirlama-korkusu\/#primaryimage","url":"http:\/\/akunq.net\/tr\/wp-content\/uploads\/2013\/11\/Hasan-Cemal-300x130.jpg","contentUrl":"http:\/\/akunq.net\/tr\/wp-content\/uploads\/2013\/11\/Hasan-Cemal-300x130.jpg"},{"@type":"BreadcrumbList","@id":"https:\/\/akunq.net\/turkish\/2013\/11\/14\/ermenilerde-gecmisi-unutma-bizde-gecmisi-hatirlama-korkusu\/#breadcrumb","itemListElement":[{"@type":"ListItem","position":1,"name":"Home","item":"https:\/\/akunq.net\/turkish\/"},{"@type":"ListItem","position":2,"name":"Ermeniler&#8217;de ge\u00e7mi\u015fi unutma, bizde ge\u00e7mi\u015fi hat\u0131rlama korkusu&#8230;"}]},{"@type":"WebSite","@id":"https:\/\/akunq.net\/turkish\/#website","url":"https:\/\/akunq.net\/turkish\/","name":"Bati Ermenistan Ve Bati Ermenileri Sorunlari Ara\u015ftirmalar Merkezi","description":"","potentialAction":[{"@type":"SearchAction","target":{"@type":"EntryPoint","urlTemplate":"https:\/\/akunq.net\/turkish\/?s={search_term_string}"},"query-input":{"@type":"PropertyValueSpecification","valueRequired":true,"valueName":"search_term_string"}}],"inLanguage":"en-US"},{"@type":"Person","@id":"https:\/\/akunq.net\/turkish\/#\/schema\/person\/135e7923d1aeb8887890799619969a6c","name":"kalem","image":{"@type":"ImageObject","inLanguage":"en-US","@id":"https:\/\/secure.gravatar.com\/avatar\/a06875e4b25feb5674296adf8e8a7ae1e587cebce2493fe63c456109967e27d3?s=96&d=mm&r=g","url":"https:\/\/secure.gravatar.com\/avatar\/a06875e4b25feb5674296adf8e8a7ae1e587cebce2493fe63c456109967e27d3?s=96&d=mm&r=g","contentUrl":"https:\/\/secure.gravatar.com\/avatar\/a06875e4b25feb5674296adf8e8a7ae1e587cebce2493fe63c456109967e27d3?s=96&d=mm&r=g","caption":"kalem"},"url":"https:\/\/akunq.net\/turkish\/author\/kalem\/"}]}},"_links":{"self":[{"href":"https:\/\/akunq.net\/turkish\/wp-json\/wp\/v2\/posts\/26821","targetHints":{"allow":["GET"]}}],"collection":[{"href":"https:\/\/akunq.net\/turkish\/wp-json\/wp\/v2\/posts"}],"about":[{"href":"https:\/\/akunq.net\/turkish\/wp-json\/wp\/v2\/types\/post"}],"author":[{"embeddable":true,"href":"https:\/\/akunq.net\/turkish\/wp-json\/wp\/v2\/users\/3"}],"replies":[{"embeddable":true,"href":"https:\/\/akunq.net\/turkish\/wp-json\/wp\/v2\/comments?post=26821"}],"version-history":[{"count":0,"href":"https:\/\/akunq.net\/turkish\/wp-json\/wp\/v2\/posts\/26821\/revisions"}],"wp:attachment":[{"href":"https:\/\/akunq.net\/turkish\/wp-json\/wp\/v2\/media?parent=26821"}],"wp:term":[{"taxonomy":"category","embeddable":true,"href":"https:\/\/akunq.net\/turkish\/wp-json\/wp\/v2\/categories?post=26821"},{"taxonomy":"post_tag","embeddable":true,"href":"https:\/\/akunq.net\/turkish\/wp-json\/wp\/v2\/tags?post=26821"}],"curies":[{"name":"wp","href":"https:\/\/api.w.org\/{rel}","templated":true}]}}