{"id":26795,"date":"2013-11-13T01:51:26","date_gmt":"2013-11-13T06:51:26","guid":{"rendered":"http:\/\/akunq.net\/tr\/?p=26795"},"modified":"2013-11-13T01:51:26","modified_gmt":"2013-11-13T06:51:26","slug":"abdullah-gul-turkiye-olarak-sorunlarin-diplomasi-yoluyla-cozulmesine-onem-veriyoruz","status":"publish","type":"post","link":"https:\/\/akunq.net\/turkish\/2013\/11\/13\/abdullah-gul-turkiye-olarak-sorunlarin-diplomasi-yoluyla-cozulmesine-onem-veriyoruz\/","title":{"rendered":"Abdullah G\u00fcl: T\u00fcrkiye olarak sorunlar\u0131n diplomasi yoluyla \u00e7\u00f6z\u00fclmesine \u00f6nem veriyoruz"},"content":{"rendered":"<p style=\"text-align: justify\"><b><i><a href=\"http:\/\/akunq.net\/tr\/wp-content\/uploads\/2013\/11\/Abdullah-G\u00fcl.jpg\"><img loading=\"lazy\" decoding=\"async\" class=\"alignright size-medium wp-image-26796\" alt=\"Abdullah G\u00fcl\" src=\"http:\/\/akunq.net\/tr\/wp-content\/uploads\/2013\/11\/Abdullah-G\u00fcl-300x224.jpg\" width=\"300\" height=\"224\" \/><\/a>T\u00fcrkiye cumhurba\u015fkan\u0131 Abdullah G\u00fcl a\u00e7\u0131klamas\u0131nda \u2033Karaba\u011f sorununun diplomasi yoluyla \u00e7\u00f6z\u00fclmesine \u00f6nem veriyoruz\u2033 dedi.<\/i><\/b><\/p>\n<p style=\"text-align: justify\">T\u00fcrkiye\u2019den \u00abStar\u00bb gazetesinde yer alan haberde; Azerbaycan\u00a0Cumhurba\u015fkan\u0131 \u0130lham Aliyev\u2019in, Da\u011fl\u0131k Karaba\u011f sorununda T\u00fcrkiye\u2019nin adaletli tavr\u0131na minnettarl\u0131k duyduklar\u0131 kaydedildi. Cumhurba\u015fkan\u0131 G\u00fcl ise sorunun \u00e7\u00f6z\u00fcm\u00fcnde diplomatik yollar\u0131n izlenmesi gerekti\u011fi vurgusunda bulundu.\u00a0<\/p>\n<p style=\"text-align: justify\">Cumhurba\u015fkan\u0131 Abdullah G\u00fcl,\u00a0Azerbaycan cumhurba\u015fkan\u0131 \u0130lham Aliyev\u2019i \u00c7ankaya K\u00f6\u015fk\u00fc\u2019nde a\u011f\u0131rlad\u0131. Tekrar cumhurba\u015fkan\u0131 se\u00e7ilmesinin ard\u0131ndan ilk resmi ziyaretini Ankara\u2019ya ger\u00e7ekle\u015ftiren Azerbaycan cumhurba\u015fkan\u0131 Aliyev, tevdi edilen Devlet Ni\u015fan\u0131&#8217;n\u0131n ard\u0131ndan cumhurba\u015fkan\u0131\u00a0Abdullah G\u00fcl\u2019le birlikte ortak bas\u0131n toplant\u0131s\u0131 d\u00fczenlendi. Cumhurba\u015fkan\u0131 kendisine tevdi edilen Azerbaycan\u2019\u0131n en y\u00fcksek ni\u015fan\u0131 Haydar Aliyev Ni\u015fan\u0131\u2019n\u0131 almaktan duydu\u011fu memnuniyeti dile getirdi. \u00c7ankaya K\u00f6\u015fk\u00fc\u2019ndeki ba\u015fba\u015fa ve heyetler aras\u0131 g\u00f6r\u00fc\u015fmede Da\u011fl\u0131k Karaba\u011f sorununun da ele al\u0131nd\u0131\u011f\u0131n\u0131 kaydeden cumhurba\u015fkan\u0131 G\u00fcl, \u2018\u2018T\u00fcrkiye olarak sorunlar\u0131n diplomasi yoluyla \u00e7\u00f6z\u00fclmesine \u00f6nem veriyoruz.&#8221; s\u00f6zlerine yer verdi. G\u00fcl, \u0130lham Aliyev\u2019i \u00fc\u00e7\u00fcnc\u00fc kez cumhurba\u015fkan\u0131 se\u00e7ilmesinden dolay\u0131 tebrik ederken, kendisinin de Cumhurba\u015fkanl\u0131\u011f\u0131\u2019na se\u00e7ildi\u011finde ilk ziyaretini bu \u00fclkeye ger\u00e7ekle\u015ftirdi\u011fini aktard\u0131. G\u00f6r\u00fc\u015fmelerde iki \u00fclke ili\u015fkilerinin yan\u0131 s\u0131ra b\u00f6lgesel konular\u0131n\u0131n da ele al\u0131nd\u0131\u011f\u0131 ifade edildi.\u00a0<\/p>\n<p style=\"text-align: justify\">Azerbaycan cumhurba\u015fkan\u0131 \u0130lham Aliyev ise g\u00f6sterilen misafirperverlikten duydu\u011fu memnuniyeti dile getirdi. T\u00fcrkiye\u2019nin geli\u015fmi\u015fli\u011finden Azerbaycan olarak kendilerinin de gururland\u0131\u011f\u0131n\u0131 kaydeden Aliyev, \u2018\u2018T\u00fcrkiye ne kadar g\u00fc\u00e7l\u00fc olursa Azerbaycan da o kadar g\u00fc\u00e7l\u00fc olacakt\u0131r.&#8221; \u015feklinde konu\u015ftu. Konuk Cumhurba\u015fkan\u0131, iki \u00fclke ili\u015fkilerini m\u00fcttefiklik d\u00fczeyinde oldu\u011funu ekledi. Aliyev, \u2018\u2018Da\u011fl\u0131k Karaba\u011f meselesinde T\u00fcrkiye\u2019nin adaletli tavr\u0131na minnettar\u0131z. T\u00fcrkiye her zaman bu konuda yan\u0131m\u0131zdad\u0131r. Meselenin halledilmesine Ermenistan\u00a0imkan vermiyor. Bir milyondan fazla Azeri vatanda\u015f topraklar\u0131ndan uzak ya\u015f\u0131yor. Etnik temizleme siyaseti yap\u0131l\u0131yor.&#8221; s\u00f6zlerine yer verdi. Aliyev, Azeri yat\u0131r\u0131mlar\u0131n en fazla yap\u0131ld\u0131\u011f\u0131 \u00fclkenin ise T\u00fcrkiye oldu\u011funu s\u00f6zlerine ekledi.<\/p>\n<p style=\"text-align: justify\"><b><i>http:\/\/news.am\/tur\/news\/180440.html<\/i><\/b><\/p>\n","protected":false},"excerpt":{"rendered":"<p>T\u00fcrkiye cumhurba\u015fkan\u0131 Abdullah G\u00fcl a\u00e7\u0131klamas\u0131nda \u2033Karaba\u011f sorununun diplomasi yoluyla \u00e7\u00f6z\u00fclmesine \u00f6nem veriyoruz\u2033 dedi. T\u00fcrkiye\u2019den \u00abStar\u00bb gazetesinde yer alan haberde; Azerbaycan\u00a0Cumhurba\u015fkan\u0131 \u0130lham Aliyev\u2019in, Da\u011fl\u0131k Karaba\u011f sorununda T\u00fcrkiye\u2019nin adaletli tavr\u0131na minnettarl\u0131k duyduklar\u0131 kaydedildi. Cumhurba\u015fkan\u0131 G\u00fcl ise sorunun \u00e7\u00f6z\u00fcm\u00fcnde diplomatik yollar\u0131n izlenmesi gerekti\u011fi vurgusunda bulundu.\u00a0 Cumhurba\u015fkan\u0131 Abdullah G\u00fcl,\u00a0Azerbaycan cumhurba\u015fkan\u0131 \u0130lham Aliyev\u2019i \u00c7ankaya K\u00f6\u015fk\u00fc\u2019nde a\u011f\u0131rlad\u0131. Tekrar cumhurba\u015fkan\u0131 se\u00e7ilmesinin ard\u0131ndan [&hellip;]<\/p>\n","protected":false},"author":3,"featured_media":0,"comment_status":"open","ping_status":"open","sticky":false,"template":"","format":"standard","meta":{"footnotes":""},"categories":[14,41],"tags":[],"class_list":["post-26795","post","type-post","status-publish","format-standard","hentry","category-haberler","category-turkiye-azerbaycan"],"yoast_head":"<!-- This site is optimized with the Yoast SEO plugin v27.4 - https:\/\/yoast.com\/product\/yoast-seo-wordpress\/ -->\n<title>Abdullah G\u00fcl: T\u00fcrkiye olarak sorunlar\u0131n diplomasi yoluyla \u00e7\u00f6z\u00fclmesine \u00f6nem veriyoruz - Bati Ermenistan Ve Bati Ermenileri Sorunlari Ara\u015ftirmalar Merkezi<\/title>\n<meta name=\"robots\" content=\"index, follow, max-snippet:-1, max-image-preview:large, max-video-preview:-1\" \/>\n<link rel=\"canonical\" href=\"https:\/\/akunq.net\/turkish\/2013\/11\/13\/abdullah-gul-turkiye-olarak-sorunlarin-diplomasi-yoluyla-cozulmesine-onem-veriyoruz\/\" \/>\n<meta property=\"og:locale\" content=\"en_US\" \/>\n<meta property=\"og:type\" content=\"article\" \/>\n<meta property=\"og:title\" content=\"Abdullah G\u00fcl: T\u00fcrkiye olarak sorunlar\u0131n diplomasi yoluyla \u00e7\u00f6z\u00fclmesine \u00f6nem veriyoruz - Bati Ermenistan Ve Bati Ermenileri Sorunlari Ara\u015ftirmalar Merkezi\" \/>\n<meta property=\"og:description\" content=\"T\u00fcrkiye cumhurba\u015fkan\u0131 Abdullah G\u00fcl a\u00e7\u0131klamas\u0131nda \u2033Karaba\u011f sorununun diplomasi yoluyla \u00e7\u00f6z\u00fclmesine \u00f6nem veriyoruz\u2033 dedi. T\u00fcrkiye\u2019den \u00abStar\u00bb gazetesinde yer alan haberde; Azerbaycan\u00a0Cumhurba\u015fkan\u0131 \u0130lham Aliyev\u2019in, Da\u011fl\u0131k Karaba\u011f sorununda T\u00fcrkiye\u2019nin adaletli tavr\u0131na minnettarl\u0131k duyduklar\u0131 kaydedildi. Cumhurba\u015fkan\u0131 G\u00fcl ise sorunun \u00e7\u00f6z\u00fcm\u00fcnde diplomatik yollar\u0131n izlenmesi gerekti\u011fi vurgusunda bulundu.\u00a0 Cumhurba\u015fkan\u0131 Abdullah G\u00fcl,\u00a0Azerbaycan cumhurba\u015fkan\u0131 \u0130lham Aliyev\u2019i \u00c7ankaya K\u00f6\u015fk\u00fc\u2019nde a\u011f\u0131rlad\u0131. Tekrar cumhurba\u015fkan\u0131 se\u00e7ilmesinin ard\u0131ndan [&hellip;]\" \/>\n<meta property=\"og:url\" content=\"https:\/\/akunq.net\/turkish\/2013\/11\/13\/abdullah-gul-turkiye-olarak-sorunlarin-diplomasi-yoluyla-cozulmesine-onem-veriyoruz\/\" \/>\n<meta property=\"og:site_name\" content=\"Bati Ermenistan Ve Bati Ermenileri Sorunlari Ara\u015ftirmalar Merkezi\" \/>\n<meta property=\"article:published_time\" content=\"2013-11-13T06:51:26+00:00\" \/>\n<meta name=\"author\" content=\"kalem\" \/>\n<meta name=\"twitter:card\" content=\"summary_large_image\" \/>\n<meta name=\"twitter:label1\" content=\"Written by\" \/>\n\t<meta name=\"twitter:data1\" content=\"kalem\" \/>\n\t<meta name=\"twitter:label2\" content=\"Est. reading time\" \/>\n\t<meta name=\"twitter:data2\" content=\"2 minutes\" \/>\n<script type=\"application\/ld+json\" class=\"yoast-schema-graph\">{\"@context\":\"https:\\\/\\\/schema.org\",\"@graph\":[{\"@type\":\"Article\",\"@id\":\"https:\\\/\\\/akunq.net\\\/turkish\\\/2013\\\/11\\\/13\\\/abdullah-gul-turkiye-olarak-sorunlarin-diplomasi-yoluyla-cozulmesine-onem-veriyoruz\\\/#article\",\"isPartOf\":{\"@id\":\"https:\\\/\\\/akunq.net\\\/turkish\\\/2013\\\/11\\\/13\\\/abdullah-gul-turkiye-olarak-sorunlarin-diplomasi-yoluyla-cozulmesine-onem-veriyoruz\\\/\"},\"author\":{\"name\":\"kalem\",\"@id\":\"https:\\\/\\\/akunq.net\\\/turkish\\\/#\\\/schema\\\/person\\\/135e7923d1aeb8887890799619969a6c\"},\"headline\":\"Abdullah G\u00fcl: T\u00fcrkiye olarak sorunlar\u0131n diplomasi yoluyla \u00e7\u00f6z\u00fclmesine \u00f6nem veriyoruz\",\"datePublished\":\"2013-11-13T06:51:26+00:00\",\"mainEntityOfPage\":{\"@id\":\"https:\\\/\\\/akunq.net\\\/turkish\\\/2013\\\/11\\\/13\\\/abdullah-gul-turkiye-olarak-sorunlarin-diplomasi-yoluyla-cozulmesine-onem-veriyoruz\\\/\"},\"wordCount\":394,\"commentCount\":0,\"articleSection\":[\"Haberler\",\"T\u00fcrkiye-Azerbaycan\"],\"inLanguage\":\"en-US\",\"potentialAction\":[{\"@type\":\"CommentAction\",\"name\":\"Comment\",\"target\":[\"https:\\\/\\\/akunq.net\\\/turkish\\\/2013\\\/11\\\/13\\\/abdullah-gul-turkiye-olarak-sorunlarin-diplomasi-yoluyla-cozulmesine-onem-veriyoruz\\\/#respond\"]}]},{\"@type\":\"WebPage\",\"@id\":\"https:\\\/\\\/akunq.net\\\/turkish\\\/2013\\\/11\\\/13\\\/abdullah-gul-turkiye-olarak-sorunlarin-diplomasi-yoluyla-cozulmesine-onem-veriyoruz\\\/\",\"url\":\"https:\\\/\\\/akunq.net\\\/turkish\\\/2013\\\/11\\\/13\\\/abdullah-gul-turkiye-olarak-sorunlarin-diplomasi-yoluyla-cozulmesine-onem-veriyoruz\\\/\",\"name\":\"Abdullah G\u00fcl: T\u00fcrkiye olarak sorunlar\u0131n diplomasi yoluyla \u00e7\u00f6z\u00fclmesine \u00f6nem veriyoruz - Bati Ermenistan Ve Bati Ermenileri Sorunlari Ara\u015ftirmalar Merkezi\",\"isPartOf\":{\"@id\":\"https:\\\/\\\/akunq.net\\\/turkish\\\/#website\"},\"datePublished\":\"2013-11-13T06:51:26+00:00\",\"author\":{\"@id\":\"https:\\\/\\\/akunq.net\\\/turkish\\\/#\\\/schema\\\/person\\\/135e7923d1aeb8887890799619969a6c\"},\"breadcrumb\":{\"@id\":\"https:\\\/\\\/akunq.net\\\/turkish\\\/2013\\\/11\\\/13\\\/abdullah-gul-turkiye-olarak-sorunlarin-diplomasi-yoluyla-cozulmesine-onem-veriyoruz\\\/#breadcrumb\"},\"inLanguage\":\"en-US\",\"potentialAction\":[{\"@type\":\"ReadAction\",\"target\":[\"https:\\\/\\\/akunq.net\\\/turkish\\\/2013\\\/11\\\/13\\\/abdullah-gul-turkiye-olarak-sorunlarin-diplomasi-yoluyla-cozulmesine-onem-veriyoruz\\\/\"]}]},{\"@type\":\"BreadcrumbList\",\"@id\":\"https:\\\/\\\/akunq.net\\\/turkish\\\/2013\\\/11\\\/13\\\/abdullah-gul-turkiye-olarak-sorunlarin-diplomasi-yoluyla-cozulmesine-onem-veriyoruz\\\/#breadcrumb\",\"itemListElement\":[{\"@type\":\"ListItem\",\"position\":1,\"name\":\"Home\",\"item\":\"https:\\\/\\\/akunq.net\\\/turkish\\\/\"},{\"@type\":\"ListItem\",\"position\":2,\"name\":\"Abdullah G\u00fcl: T\u00fcrkiye olarak sorunlar\u0131n diplomasi yoluyla \u00e7\u00f6z\u00fclmesine \u00f6nem veriyoruz\"}]},{\"@type\":\"WebSite\",\"@id\":\"https:\\\/\\\/akunq.net\\\/turkish\\\/#website\",\"url\":\"https:\\\/\\\/akunq.net\\\/turkish\\\/\",\"name\":\"Bati Ermenistan Ve Bati Ermenileri Sorunlari Ara\u015ftirmalar Merkezi\",\"description\":\"\",\"potentialAction\":[{\"@type\":\"SearchAction\",\"target\":{\"@type\":\"EntryPoint\",\"urlTemplate\":\"https:\\\/\\\/akunq.net\\\/turkish\\\/?s={search_term_string}\"},\"query-input\":{\"@type\":\"PropertyValueSpecification\",\"valueRequired\":true,\"valueName\":\"search_term_string\"}}],\"inLanguage\":\"en-US\"},{\"@type\":\"Person\",\"@id\":\"https:\\\/\\\/akunq.net\\\/turkish\\\/#\\\/schema\\\/person\\\/135e7923d1aeb8887890799619969a6c\",\"name\":\"kalem\",\"image\":{\"@type\":\"ImageObject\",\"inLanguage\":\"en-US\",\"@id\":\"https:\\\/\\\/secure.gravatar.com\\\/avatar\\\/a06875e4b25feb5674296adf8e8a7ae1e587cebce2493fe63c456109967e27d3?s=96&d=mm&r=g\",\"url\":\"https:\\\/\\\/secure.gravatar.com\\\/avatar\\\/a06875e4b25feb5674296adf8e8a7ae1e587cebce2493fe63c456109967e27d3?s=96&d=mm&r=g\",\"contentUrl\":\"https:\\\/\\\/secure.gravatar.com\\\/avatar\\\/a06875e4b25feb5674296adf8e8a7ae1e587cebce2493fe63c456109967e27d3?s=96&d=mm&r=g\",\"caption\":\"kalem\"},\"url\":\"https:\\\/\\\/akunq.net\\\/turkish\\\/author\\\/kalem\\\/\"}]}<\/script>\n<!-- \/ Yoast SEO plugin. -->","yoast_head_json":{"title":"Abdullah G\u00fcl: T\u00fcrkiye olarak sorunlar\u0131n diplomasi yoluyla \u00e7\u00f6z\u00fclmesine \u00f6nem veriyoruz - Bati Ermenistan Ve Bati Ermenileri Sorunlari Ara\u015ftirmalar Merkezi","robots":{"index":"index","follow":"follow","max-snippet":"max-snippet:-1","max-image-preview":"max-image-preview:large","max-video-preview":"max-video-preview:-1"},"canonical":"https:\/\/akunq.net\/turkish\/2013\/11\/13\/abdullah-gul-turkiye-olarak-sorunlarin-diplomasi-yoluyla-cozulmesine-onem-veriyoruz\/","og_locale":"en_US","og_type":"article","og_title":"Abdullah G\u00fcl: T\u00fcrkiye olarak sorunlar\u0131n diplomasi yoluyla \u00e7\u00f6z\u00fclmesine \u00f6nem veriyoruz - Bati Ermenistan Ve Bati Ermenileri Sorunlari Ara\u015ftirmalar Merkezi","og_description":"T\u00fcrkiye cumhurba\u015fkan\u0131 Abdullah G\u00fcl a\u00e7\u0131klamas\u0131nda \u2033Karaba\u011f sorununun diplomasi yoluyla \u00e7\u00f6z\u00fclmesine \u00f6nem veriyoruz\u2033 dedi. T\u00fcrkiye\u2019den \u00abStar\u00bb gazetesinde yer alan haberde; Azerbaycan\u00a0Cumhurba\u015fkan\u0131 \u0130lham Aliyev\u2019in, Da\u011fl\u0131k Karaba\u011f sorununda T\u00fcrkiye\u2019nin adaletli tavr\u0131na minnettarl\u0131k duyduklar\u0131 kaydedildi. Cumhurba\u015fkan\u0131 G\u00fcl ise sorunun \u00e7\u00f6z\u00fcm\u00fcnde diplomatik yollar\u0131n izlenmesi gerekti\u011fi vurgusunda bulundu.\u00a0 Cumhurba\u015fkan\u0131 Abdullah G\u00fcl,\u00a0Azerbaycan cumhurba\u015fkan\u0131 \u0130lham Aliyev\u2019i \u00c7ankaya K\u00f6\u015fk\u00fc\u2019nde a\u011f\u0131rlad\u0131. Tekrar cumhurba\u015fkan\u0131 se\u00e7ilmesinin ard\u0131ndan [&hellip;]","og_url":"https:\/\/akunq.net\/turkish\/2013\/11\/13\/abdullah-gul-turkiye-olarak-sorunlarin-diplomasi-yoluyla-cozulmesine-onem-veriyoruz\/","og_site_name":"Bati Ermenistan Ve Bati Ermenileri Sorunlari Ara\u015ftirmalar Merkezi","article_published_time":"2013-11-13T06:51:26+00:00","author":"kalem","twitter_card":"summary_large_image","twitter_misc":{"Written by":"kalem","Est. reading time":"2 minutes"},"schema":{"@context":"https:\/\/schema.org","@graph":[{"@type":"Article","@id":"https:\/\/akunq.net\/turkish\/2013\/11\/13\/abdullah-gul-turkiye-olarak-sorunlarin-diplomasi-yoluyla-cozulmesine-onem-veriyoruz\/#article","isPartOf":{"@id":"https:\/\/akunq.net\/turkish\/2013\/11\/13\/abdullah-gul-turkiye-olarak-sorunlarin-diplomasi-yoluyla-cozulmesine-onem-veriyoruz\/"},"author":{"name":"kalem","@id":"https:\/\/akunq.net\/turkish\/#\/schema\/person\/135e7923d1aeb8887890799619969a6c"},"headline":"Abdullah G\u00fcl: T\u00fcrkiye olarak sorunlar\u0131n diplomasi yoluyla \u00e7\u00f6z\u00fclmesine \u00f6nem veriyoruz","datePublished":"2013-11-13T06:51:26+00:00","mainEntityOfPage":{"@id":"https:\/\/akunq.net\/turkish\/2013\/11\/13\/abdullah-gul-turkiye-olarak-sorunlarin-diplomasi-yoluyla-cozulmesine-onem-veriyoruz\/"},"wordCount":394,"commentCount":0,"articleSection":["Haberler","T\u00fcrkiye-Azerbaycan"],"inLanguage":"en-US","potentialAction":[{"@type":"CommentAction","name":"Comment","target":["https:\/\/akunq.net\/turkish\/2013\/11\/13\/abdullah-gul-turkiye-olarak-sorunlarin-diplomasi-yoluyla-cozulmesine-onem-veriyoruz\/#respond"]}]},{"@type":"WebPage","@id":"https:\/\/akunq.net\/turkish\/2013\/11\/13\/abdullah-gul-turkiye-olarak-sorunlarin-diplomasi-yoluyla-cozulmesine-onem-veriyoruz\/","url":"https:\/\/akunq.net\/turkish\/2013\/11\/13\/abdullah-gul-turkiye-olarak-sorunlarin-diplomasi-yoluyla-cozulmesine-onem-veriyoruz\/","name":"Abdullah G\u00fcl: T\u00fcrkiye olarak sorunlar\u0131n diplomasi yoluyla \u00e7\u00f6z\u00fclmesine \u00f6nem veriyoruz - Bati Ermenistan Ve Bati Ermenileri Sorunlari Ara\u015ftirmalar Merkezi","isPartOf":{"@id":"https:\/\/akunq.net\/turkish\/#website"},"datePublished":"2013-11-13T06:51:26+00:00","author":{"@id":"https:\/\/akunq.net\/turkish\/#\/schema\/person\/135e7923d1aeb8887890799619969a6c"},"breadcrumb":{"@id":"https:\/\/akunq.net\/turkish\/2013\/11\/13\/abdullah-gul-turkiye-olarak-sorunlarin-diplomasi-yoluyla-cozulmesine-onem-veriyoruz\/#breadcrumb"},"inLanguage":"en-US","potentialAction":[{"@type":"ReadAction","target":["https:\/\/akunq.net\/turkish\/2013\/11\/13\/abdullah-gul-turkiye-olarak-sorunlarin-diplomasi-yoluyla-cozulmesine-onem-veriyoruz\/"]}]},{"@type":"BreadcrumbList","@id":"https:\/\/akunq.net\/turkish\/2013\/11\/13\/abdullah-gul-turkiye-olarak-sorunlarin-diplomasi-yoluyla-cozulmesine-onem-veriyoruz\/#breadcrumb","itemListElement":[{"@type":"ListItem","position":1,"name":"Home","item":"https:\/\/akunq.net\/turkish\/"},{"@type":"ListItem","position":2,"name":"Abdullah G\u00fcl: T\u00fcrkiye olarak sorunlar\u0131n diplomasi yoluyla \u00e7\u00f6z\u00fclmesine \u00f6nem veriyoruz"}]},{"@type":"WebSite","@id":"https:\/\/akunq.net\/turkish\/#website","url":"https:\/\/akunq.net\/turkish\/","name":"Bati Ermenistan Ve Bati Ermenileri Sorunlari Ara\u015ftirmalar Merkezi","description":"","potentialAction":[{"@type":"SearchAction","target":{"@type":"EntryPoint","urlTemplate":"https:\/\/akunq.net\/turkish\/?s={search_term_string}"},"query-input":{"@type":"PropertyValueSpecification","valueRequired":true,"valueName":"search_term_string"}}],"inLanguage":"en-US"},{"@type":"Person","@id":"https:\/\/akunq.net\/turkish\/#\/schema\/person\/135e7923d1aeb8887890799619969a6c","name":"kalem","image":{"@type":"ImageObject","inLanguage":"en-US","@id":"https:\/\/secure.gravatar.com\/avatar\/a06875e4b25feb5674296adf8e8a7ae1e587cebce2493fe63c456109967e27d3?s=96&d=mm&r=g","url":"https:\/\/secure.gravatar.com\/avatar\/a06875e4b25feb5674296adf8e8a7ae1e587cebce2493fe63c456109967e27d3?s=96&d=mm&r=g","contentUrl":"https:\/\/secure.gravatar.com\/avatar\/a06875e4b25feb5674296adf8e8a7ae1e587cebce2493fe63c456109967e27d3?s=96&d=mm&r=g","caption":"kalem"},"url":"https:\/\/akunq.net\/turkish\/author\/kalem\/"}]}},"_links":{"self":[{"href":"https:\/\/akunq.net\/turkish\/wp-json\/wp\/v2\/posts\/26795","targetHints":{"allow":["GET"]}}],"collection":[{"href":"https:\/\/akunq.net\/turkish\/wp-json\/wp\/v2\/posts"}],"about":[{"href":"https:\/\/akunq.net\/turkish\/wp-json\/wp\/v2\/types\/post"}],"author":[{"embeddable":true,"href":"https:\/\/akunq.net\/turkish\/wp-json\/wp\/v2\/users\/3"}],"replies":[{"embeddable":true,"href":"https:\/\/akunq.net\/turkish\/wp-json\/wp\/v2\/comments?post=26795"}],"version-history":[{"count":0,"href":"https:\/\/akunq.net\/turkish\/wp-json\/wp\/v2\/posts\/26795\/revisions"}],"wp:attachment":[{"href":"https:\/\/akunq.net\/turkish\/wp-json\/wp\/v2\/media?parent=26795"}],"wp:term":[{"taxonomy":"category","embeddable":true,"href":"https:\/\/akunq.net\/turkish\/wp-json\/wp\/v2\/categories?post=26795"},{"taxonomy":"post_tag","embeddable":true,"href":"https:\/\/akunq.net\/turkish\/wp-json\/wp\/v2\/tags?post=26795"}],"curies":[{"name":"wp","href":"https:\/\/api.w.org\/{rel}","templated":true}]}}