{"id":26707,"date":"2013-11-07T08:27:35","date_gmt":"2013-11-07T13:27:35","guid":{"rendered":"http:\/\/akunq.net\/tr\/?p=26707"},"modified":"2013-11-07T08:27:35","modified_gmt":"2013-11-07T13:27:35","slug":"bilinmeyen-bir-darbe-girisimi-2","status":"publish","type":"post","link":"https:\/\/akunq.net\/turkish\/2013\/11\/07\/bilinmeyen-bir-darbe-girisimi-2\/","title":{"rendered":"Bilinmeyen bir darbe giri\u015fimi (2)"},"content":{"rendered":"<p style=\"text-align: justify\"><b><a href=\"http:\/\/akunq.net\/tr\/wp-content\/uploads\/2013\/11\/Taner-Akcam1.jpg\"><img loading=\"lazy\" decoding=\"async\" class=\"alignright size-full wp-image-26708\" alt=\"Taner Akcam\" src=\"http:\/\/akunq.net\/tr\/wp-content\/uploads\/2013\/11\/Taner-Akcam1.jpg\" width=\"150\" height=\"214\" \/><\/a>Taner Ak\u00e7am<\/b><\/p>\n<p style=\"text-align: justify\"><b><i>1914 Eyl\u00fcl ay\u0131nda planlanan ama sonra uygulanmas\u0131na gerek g\u00f6r\u00fclmeyen bir darbe te\u015febb\u00fcs\u00fcnden bahsediyordum.<\/i><\/b><\/p>\n<p style=\"text-align: justify\">\u0130ttihat ve Terakki h\u00fck\u00fcmeti i\u00e7inde iki grup vard\u0131. Bir grup sava\u015f yanl\u0131s\u0131 idi ve bir an \u00f6nce sava\u015fa girmek istiyordu. Di\u011fer ekip ise ayak diriyordu.<\/p>\n<p style=\"text-align: justify\">Sonu\u00e7ta,\u00a0<b>Talat<\/b>,\u00a0<b>Enver<\/b>,\u00a0<b>Cemal<\/b>,\u00a0<b>Halil Mente\u015fe<\/b>\u00a0gibi isimlerin ba\u015f\u0131n\u0131 \u00e7ekti\u011fi\u00a0<b>\u0130ttihat\u00e7\u0131 ekip h\u00fck\u00fcmet i\u00e7indeki sava\u015f kar\u015f\u0131tlar\u0131n\u0131, sava\u015fa girmeyi geciktirdikleri i\u00e7in asker\u00ee bir darbeyle tutuklamaya ve devre d\u0131\u015f\u0131 b\u0131rakmaya karar verir<\/b>.<\/p>\n<p style=\"text-align: justify\">Darbe Almanlarla beraber planlan\u0131r. Alman subaylar darbede do\u011frudan g\u00f6rev alacakt\u0131r. Ve G\u00f6ben z\u0131rhl\u0131s\u0131 t\u00fcm harek\u00e2tta merkez\u00ee bir rol oynayacakt\u0131r.<\/p>\n<p style=\"text-align: justify\">Ba\u015f\u0131ndan beri darbe te\u015febb\u00fcs\u00fcn\u00fcn i\u00e7inde olan Alma subay\u00a0<b>Hans Humann<\/b>\u00a0plan\u0131n ayr\u0131nt\u0131s\u0131n\u0131 Berlin\u2019e rapor eder. S\u00f6z\u00fc Humann\u2019a b\u0131rak\u0131yorum:<\/p>\n<p style=\"text-align: justify\">\u201c<i>Konu\u015fulan plan a\u015fa\u011f\u0131daki gibidir:<br \/>\nBahriye Naz\u0131r\u0131 Cemal Pa\u015fa veya Admiral Souchon veya her ikisi birden Sadrazam\u0131, Bakanlar\u0131 ve \u00f6nde gelen politikac\u0131lar\u0131 \u2018G\u00f6ben\u2019e<\/i>\u00a0[z\u0131rhl\u0131s\u0131na]\u00a0<i>davet ederler. Bahane: deniz sava\u015f\u0131 tatbikat\u0131, torpil at\u0131\u015f\u0131. Bu tatbikat\u0131n s\u00fcresi: 2 saat, \u00f6yle bir s\u00fcre ki kimse hay\u0131r diyemez. Davet edilenler aras\u0131nda en \u00f6nemlileri: Sadrazam<\/i>\u00a0(\u00e7\u00fcnk\u00fc ondan devlet m\u00fchr\u00fc al\u0131nacak),\u00a0<i>Maliye Bakan\u0131 Cavit Bey, ayr\u0131ca Dr. Naz\u0131m ve Bahaettin \u015eakir.<\/i>\u00a0[Kat\u0131lacak]\u00a0<i>di\u011fer ki\u015filer Enver ve Cemal Pa\u015fa taraf\u0131ndan belirlenecek. Davet edilenler, G\u00f6ben g\u00fcvertesinde \u015fampanyal\u0131 kahvalt\u0131 ile kar\u015f\u0131lanacaklar.<br \/>\nBu esnada bir Alman subay y\u00f6netiminde bir T\u00fcrk taburu g\u00fcvenilir T\u00fcrk subaylarla birlikte Dolmabah\u00e7e Saray\u0131nda haz\u0131r bulunacak ve bir de s\u00fcvari birli\u011fi bulunacak. Taksim K\u0131\u015flas\u0131nda bir makinal\u0131-t\u00fcfek birli\u011fi harekete haz\u0131r bekleyecek.<br \/>\nDolmabah\u00e7e r\u0131ht\u0131m\u0131nda ko\u015fulsuz itaat edecek 4 subay Cemal ve Enver\u2019i bekleyecek.<br \/>\nEnver ve Cemal bir sandal ile Dolmabah\u00e7e r\u0131ht\u0131m\u0131na yana\u015facak ve 4 subay kendilerine kat\u0131lacak.<br \/>\nSonra beraberce saraya gidecekler ve ba\u015fmabeyinciye Padi\u015fah ile \u00e7ok \u00f6nemli bir konu hakk\u0131nda g\u00f6r\u00fc\u015fmek istediklerini s\u00f6yleyecekler.<br \/>\nPadi\u015fah\u2019a \u00e7\u0131kacaklar ve Ordu\u2019nun bu belirsizlik durumunu daha fazla kald\u0131ramayaca\u011f\u0131n\u0131 ve sava\u015f istedi\u011fini s\u00f6yleyecekler. Ordu devrimcidir ve<\/i>\u00a0[gerekirse]\u00a0<i>Padi\u015fah\u2019a kar\u015f\u0131 da hareket etmeye haz\u0131rd\u0131r: Bir tabur ve s\u00fcvari birli\u011fi Dolmabah\u00e7e\u2019de haz\u0131rd\u0131r. Sadece kendilerinin<\/i>\u00a0(Enver ve Cemal\u2019in)\u00a0<i>etkisiyle, kabinenin devrilmesi ve yeni bir kabinenin kurulmas\u0131 vaadiyle Orduyu durdurabilmi\u015flerdir.<br \/>\nSultan bu<\/i>\u00a0[iste\u011fe]\u00a0<i>onay verecek ve bunun \u00fczerine ba\u015fmabeyinci ve<\/i>\u00a0[Padi\u015fah\u2019\u0131n]\u00a0<i>emir subay\u0131 G\u00f6ben z\u0131rhl\u0131s\u0131n\u0131n g\u00fcvertesine gelecek ve Sadrazamdan devlet m\u00fchr\u00fcn\u00fc isteyecektir. Padi\u015fah Cemal Pa\u015fa\u2019y\u0131 Sadrazam ilan edecektir, Enver ve Cemal a\u00e7\u0131k bir araba ile s\u00fcvari alay\u0131 e\u015fli\u011finde, Padi\u015fah taraf\u0131ndan daha \u00f6nce imzalanm\u0131\u015f bir a\u00e7\u0131klamay\u0131 okumak \u00fczere B\u00e2b-\u0131 \u00c2liye geleceklerdir.<br \/>\nG\u00f6revinden al\u0131nm\u0131\u015f bakanlar ve g\u00fcvenilmez politikac\u0131lar g\u00fcvenlik nedeniyle bir ka\u00e7 g\u00fcn G\u00f6ben\u2019de muhafaza alt\u0131nda tutulacaklard\u0131r. Yeni Bakanl\u0131k i\u00e7in ismi d\u00fc\u015f\u00fcn\u00fclenler: Sofya\u2019dan Fethi D\u0131\u015fi\u015fleri bakanl\u0131\u011f\u0131 ve Mahmut Kamil Bahriye Naz\u0131rl\u0131\u011f\u0131.<\/i>\u201d<\/p>\n<p style=\"text-align: justify\">Darbe plan\u0131 bu&#8230; uygulanmaya konmuyor ama. Nedeni ise sava\u015f\u00e7\u0131 kanad\u0131n kabinede \u00e7o\u011funlu\u011fu elde edecek olmas\u0131.<b><br \/>\nYavuz ve Midilli (G\u00f6ben ve Breslau) \u00f6yle iddia edildi\u011fi gibi, kimseden habersiz, Enver\u2019in kendi karar\u0131yla de\u011fil, \u0130ttihat\u00e7\u0131 h\u00fck\u00fcmetin bilgi ve karar\u0131 d\u00e2hilinde Karadeniz\u2019e g\u00f6nderildi.<br \/>\nSava\u015fa zorla sokulmad\u0131k, isteyerek ve can\u0131 g\u00f6n\u00fclden kat\u0131ld\u0131k.<\/b>\u00a0En b\u00fcy\u00fck iki neden ise kapit\u00fclasyonlardan ve 1914 \u015eubat\u0131nda Ruslarla imzalanan Ermeni reform antla\u015fmas\u0131ndan yani bir anlamda Ermenilerden kurtulmak.<\/p>\n<p style=\"text-align: justify\">Sizleri bilmem ama y\u0131llarca tarihimiz konusunda enayi yerine konulmu\u015f olmam\u0131z benim \u00e7ok a\u011fr\u0131ma gidiyor.<b><br \/>\n<\/b><\/p>\n<p style=\"text-align: justify\"><b><i>tanerakcam@gmail.com<\/i><\/b><\/p>\n<p style=\"text-align: justify\"><a href=\"http:\/\/www.taraf.com.tr\/taner-akcam\/makale-bilinmeyen-bir-darbe-girisimi-2.htm\"><b><i>http:\/\/www.taraf.com.tr\/taner-akcam\/makale-bilinmeyen-bir-darbe-girisimi-2.htm<\/i><\/b><\/a><\/p>\n","protected":false},"excerpt":{"rendered":"<p>Taner Ak\u00e7am 1914 Eyl\u00fcl ay\u0131nda planlanan ama sonra uygulanmas\u0131na gerek g\u00f6r\u00fclmeyen bir darbe te\u015febb\u00fcs\u00fcnden bahsediyordum. \u0130ttihat ve Terakki h\u00fck\u00fcmeti i\u00e7inde iki grup vard\u0131. Bir grup sava\u015f yanl\u0131s\u0131 idi ve bir an \u00f6nce sava\u015fa girmek istiyordu. Di\u011fer ekip ise ayak diriyordu. Sonu\u00e7ta,\u00a0Talat,\u00a0Enver,\u00a0Cemal,\u00a0Halil Mente\u015fe\u00a0gibi isimlerin ba\u015f\u0131n\u0131 \u00e7ekti\u011fi\u00a0\u0130ttihat\u00e7\u0131 ekip h\u00fck\u00fcmet i\u00e7indeki sava\u015f kar\u015f\u0131tlar\u0131n\u0131, sava\u015fa girmeyi geciktirdikleri i\u00e7in asker\u00ee [&hellip;]<\/p>\n","protected":false},"author":3,"featured_media":0,"comment_status":"open","ping_status":"open","sticky":false,"template":"","format":"standard","meta":{"footnotes":""},"categories":[14,26,37],"tags":[],"class_list":["post-26707","post","type-post","status-publish","format-standard","hentry","category-haberler","category-makaleler","category-tarih-sayfalari"],"yoast_head":"<!-- This site is optimized with the Yoast SEO plugin v27.4 - https:\/\/yoast.com\/product\/yoast-seo-wordpress\/ -->\n<title>Bilinmeyen bir darbe giri\u015fimi (2) - Bati Ermenistan Ve Bati Ermenileri Sorunlari Ara\u015ftirmalar Merkezi<\/title>\n<meta name=\"robots\" content=\"index, follow, max-snippet:-1, max-image-preview:large, max-video-preview:-1\" \/>\n<link rel=\"canonical\" href=\"https:\/\/akunq.net\/turkish\/2013\/11\/07\/bilinmeyen-bir-darbe-girisimi-2\/\" \/>\n<meta property=\"og:locale\" content=\"en_US\" \/>\n<meta property=\"og:type\" content=\"article\" \/>\n<meta property=\"og:title\" content=\"Bilinmeyen bir darbe giri\u015fimi (2) - Bati Ermenistan Ve Bati Ermenileri Sorunlari Ara\u015ftirmalar Merkezi\" \/>\n<meta property=\"og:description\" content=\"Taner Ak\u00e7am 1914 Eyl\u00fcl ay\u0131nda planlanan ama sonra uygulanmas\u0131na gerek g\u00f6r\u00fclmeyen bir darbe te\u015febb\u00fcs\u00fcnden bahsediyordum. \u0130ttihat ve Terakki h\u00fck\u00fcmeti i\u00e7inde iki grup vard\u0131. Bir grup sava\u015f yanl\u0131s\u0131 idi ve bir an \u00f6nce sava\u015fa girmek istiyordu. Di\u011fer ekip ise ayak diriyordu. Sonu\u00e7ta,\u00a0Talat,\u00a0Enver,\u00a0Cemal,\u00a0Halil Mente\u015fe\u00a0gibi isimlerin ba\u015f\u0131n\u0131 \u00e7ekti\u011fi\u00a0\u0130ttihat\u00e7\u0131 ekip h\u00fck\u00fcmet i\u00e7indeki sava\u015f kar\u015f\u0131tlar\u0131n\u0131, sava\u015fa girmeyi geciktirdikleri i\u00e7in asker\u00ee [&hellip;]\" \/>\n<meta property=\"og:url\" content=\"https:\/\/akunq.net\/turkish\/2013\/11\/07\/bilinmeyen-bir-darbe-girisimi-2\/\" \/>\n<meta property=\"og:site_name\" content=\"Bati Ermenistan Ve Bati Ermenileri Sorunlari Ara\u015ftirmalar Merkezi\" \/>\n<meta property=\"article:published_time\" content=\"2013-11-07T13:27:35+00:00\" \/>\n<meta property=\"og:image\" content=\"https:\/\/akunq.net\/turkish\/wp-content\/uploads\/sites\/5\/2013\/11\/Taner-Akcam1.jpg\" \/>\n\t<meta property=\"og:image:width\" content=\"150\" \/>\n\t<meta property=\"og:image:height\" content=\"214\" \/>\n\t<meta property=\"og:image:type\" content=\"image\/jpeg\" \/>\n<meta name=\"author\" content=\"kalem\" \/>\n<meta name=\"twitter:card\" content=\"summary_large_image\" \/>\n<meta name=\"twitter:label1\" content=\"Written by\" \/>\n\t<meta name=\"twitter:data1\" content=\"kalem\" \/>\n\t<meta name=\"twitter:label2\" content=\"Est. reading time\" \/>\n\t<meta name=\"twitter:data2\" content=\"3 minutes\" \/>\n<script type=\"application\/ld+json\" class=\"yoast-schema-graph\">{\"@context\":\"https:\\\/\\\/schema.org\",\"@graph\":[{\"@type\":\"Article\",\"@id\":\"https:\\\/\\\/akunq.net\\\/turkish\\\/2013\\\/11\\\/07\\\/bilinmeyen-bir-darbe-girisimi-2\\\/#article\",\"isPartOf\":{\"@id\":\"https:\\\/\\\/akunq.net\\\/turkish\\\/2013\\\/11\\\/07\\\/bilinmeyen-bir-darbe-girisimi-2\\\/\"},\"author\":{\"name\":\"kalem\",\"@id\":\"https:\\\/\\\/akunq.net\\\/turkish\\\/#\\\/schema\\\/person\\\/135e7923d1aeb8887890799619969a6c\"},\"headline\":\"Bilinmeyen bir darbe giri\u015fimi (2)\",\"datePublished\":\"2013-11-07T13:27:35+00:00\",\"mainEntityOfPage\":{\"@id\":\"https:\\\/\\\/akunq.net\\\/turkish\\\/2013\\\/11\\\/07\\\/bilinmeyen-bir-darbe-girisimi-2\\\/\"},\"wordCount\":679,\"commentCount\":0,\"image\":{\"@id\":\"https:\\\/\\\/akunq.net\\\/turkish\\\/2013\\\/11\\\/07\\\/bilinmeyen-bir-darbe-girisimi-2\\\/#primaryimage\"},\"thumbnailUrl\":\"http:\\\/\\\/akunq.net\\\/tr\\\/wp-content\\\/uploads\\\/2013\\\/11\\\/Taner-Akcam1.jpg\",\"articleSection\":[\"Haberler\",\"Makaleler\",\"Tarih Sayfalar\u0131\"],\"inLanguage\":\"en-US\",\"potentialAction\":[{\"@type\":\"CommentAction\",\"name\":\"Comment\",\"target\":[\"https:\\\/\\\/akunq.net\\\/turkish\\\/2013\\\/11\\\/07\\\/bilinmeyen-bir-darbe-girisimi-2\\\/#respond\"]}]},{\"@type\":\"WebPage\",\"@id\":\"https:\\\/\\\/akunq.net\\\/turkish\\\/2013\\\/11\\\/07\\\/bilinmeyen-bir-darbe-girisimi-2\\\/\",\"url\":\"https:\\\/\\\/akunq.net\\\/turkish\\\/2013\\\/11\\\/07\\\/bilinmeyen-bir-darbe-girisimi-2\\\/\",\"name\":\"Bilinmeyen bir darbe giri\u015fimi (2) - Bati Ermenistan Ve Bati Ermenileri Sorunlari Ara\u015ftirmalar Merkezi\",\"isPartOf\":{\"@id\":\"https:\\\/\\\/akunq.net\\\/turkish\\\/#website\"},\"primaryImageOfPage\":{\"@id\":\"https:\\\/\\\/akunq.net\\\/turkish\\\/2013\\\/11\\\/07\\\/bilinmeyen-bir-darbe-girisimi-2\\\/#primaryimage\"},\"image\":{\"@id\":\"https:\\\/\\\/akunq.net\\\/turkish\\\/2013\\\/11\\\/07\\\/bilinmeyen-bir-darbe-girisimi-2\\\/#primaryimage\"},\"thumbnailUrl\":\"http:\\\/\\\/akunq.net\\\/tr\\\/wp-content\\\/uploads\\\/2013\\\/11\\\/Taner-Akcam1.jpg\",\"datePublished\":\"2013-11-07T13:27:35+00:00\",\"author\":{\"@id\":\"https:\\\/\\\/akunq.net\\\/turkish\\\/#\\\/schema\\\/person\\\/135e7923d1aeb8887890799619969a6c\"},\"breadcrumb\":{\"@id\":\"https:\\\/\\\/akunq.net\\\/turkish\\\/2013\\\/11\\\/07\\\/bilinmeyen-bir-darbe-girisimi-2\\\/#breadcrumb\"},\"inLanguage\":\"en-US\",\"potentialAction\":[{\"@type\":\"ReadAction\",\"target\":[\"https:\\\/\\\/akunq.net\\\/turkish\\\/2013\\\/11\\\/07\\\/bilinmeyen-bir-darbe-girisimi-2\\\/\"]}]},{\"@type\":\"ImageObject\",\"inLanguage\":\"en-US\",\"@id\":\"https:\\\/\\\/akunq.net\\\/turkish\\\/2013\\\/11\\\/07\\\/bilinmeyen-bir-darbe-girisimi-2\\\/#primaryimage\",\"url\":\"http:\\\/\\\/akunq.net\\\/tr\\\/wp-content\\\/uploads\\\/2013\\\/11\\\/Taner-Akcam1.jpg\",\"contentUrl\":\"http:\\\/\\\/akunq.net\\\/tr\\\/wp-content\\\/uploads\\\/2013\\\/11\\\/Taner-Akcam1.jpg\"},{\"@type\":\"BreadcrumbList\",\"@id\":\"https:\\\/\\\/akunq.net\\\/turkish\\\/2013\\\/11\\\/07\\\/bilinmeyen-bir-darbe-girisimi-2\\\/#breadcrumb\",\"itemListElement\":[{\"@type\":\"ListItem\",\"position\":1,\"name\":\"Home\",\"item\":\"https:\\\/\\\/akunq.net\\\/turkish\\\/\"},{\"@type\":\"ListItem\",\"position\":2,\"name\":\"Bilinmeyen bir darbe giri\u015fimi (2)\"}]},{\"@type\":\"WebSite\",\"@id\":\"https:\\\/\\\/akunq.net\\\/turkish\\\/#website\",\"url\":\"https:\\\/\\\/akunq.net\\\/turkish\\\/\",\"name\":\"Bati Ermenistan Ve Bati Ermenileri Sorunlari Ara\u015ftirmalar Merkezi\",\"description\":\"\",\"potentialAction\":[{\"@type\":\"SearchAction\",\"target\":{\"@type\":\"EntryPoint\",\"urlTemplate\":\"https:\\\/\\\/akunq.net\\\/turkish\\\/?s={search_term_string}\"},\"query-input\":{\"@type\":\"PropertyValueSpecification\",\"valueRequired\":true,\"valueName\":\"search_term_string\"}}],\"inLanguage\":\"en-US\"},{\"@type\":\"Person\",\"@id\":\"https:\\\/\\\/akunq.net\\\/turkish\\\/#\\\/schema\\\/person\\\/135e7923d1aeb8887890799619969a6c\",\"name\":\"kalem\",\"image\":{\"@type\":\"ImageObject\",\"inLanguage\":\"en-US\",\"@id\":\"https:\\\/\\\/secure.gravatar.com\\\/avatar\\\/a06875e4b25feb5674296adf8e8a7ae1e587cebce2493fe63c456109967e27d3?s=96&d=mm&r=g\",\"url\":\"https:\\\/\\\/secure.gravatar.com\\\/avatar\\\/a06875e4b25feb5674296adf8e8a7ae1e587cebce2493fe63c456109967e27d3?s=96&d=mm&r=g\",\"contentUrl\":\"https:\\\/\\\/secure.gravatar.com\\\/avatar\\\/a06875e4b25feb5674296adf8e8a7ae1e587cebce2493fe63c456109967e27d3?s=96&d=mm&r=g\",\"caption\":\"kalem\"},\"url\":\"https:\\\/\\\/akunq.net\\\/turkish\\\/author\\\/kalem\\\/\"}]}<\/script>\n<!-- \/ Yoast SEO plugin. -->","yoast_head_json":{"title":"Bilinmeyen bir darbe giri\u015fimi (2) - Bati Ermenistan Ve Bati Ermenileri Sorunlari Ara\u015ftirmalar Merkezi","robots":{"index":"index","follow":"follow","max-snippet":"max-snippet:-1","max-image-preview":"max-image-preview:large","max-video-preview":"max-video-preview:-1"},"canonical":"https:\/\/akunq.net\/turkish\/2013\/11\/07\/bilinmeyen-bir-darbe-girisimi-2\/","og_locale":"en_US","og_type":"article","og_title":"Bilinmeyen bir darbe giri\u015fimi (2) - Bati Ermenistan Ve Bati Ermenileri Sorunlari Ara\u015ftirmalar Merkezi","og_description":"Taner Ak\u00e7am 1914 Eyl\u00fcl ay\u0131nda planlanan ama sonra uygulanmas\u0131na gerek g\u00f6r\u00fclmeyen bir darbe te\u015febb\u00fcs\u00fcnden bahsediyordum. \u0130ttihat ve Terakki h\u00fck\u00fcmeti i\u00e7inde iki grup vard\u0131. Bir grup sava\u015f yanl\u0131s\u0131 idi ve bir an \u00f6nce sava\u015fa girmek istiyordu. Di\u011fer ekip ise ayak diriyordu. Sonu\u00e7ta,\u00a0Talat,\u00a0Enver,\u00a0Cemal,\u00a0Halil Mente\u015fe\u00a0gibi isimlerin ba\u015f\u0131n\u0131 \u00e7ekti\u011fi\u00a0\u0130ttihat\u00e7\u0131 ekip h\u00fck\u00fcmet i\u00e7indeki sava\u015f kar\u015f\u0131tlar\u0131n\u0131, sava\u015fa girmeyi geciktirdikleri i\u00e7in asker\u00ee [&hellip;]","og_url":"https:\/\/akunq.net\/turkish\/2013\/11\/07\/bilinmeyen-bir-darbe-girisimi-2\/","og_site_name":"Bati Ermenistan Ve Bati Ermenileri Sorunlari Ara\u015ftirmalar Merkezi","article_published_time":"2013-11-07T13:27:35+00:00","og_image":[{"width":150,"height":214,"url":"https:\/\/akunq.net\/turkish\/wp-content\/uploads\/sites\/5\/2013\/11\/Taner-Akcam1.jpg","type":"image\/jpeg"}],"author":"kalem","twitter_card":"summary_large_image","twitter_misc":{"Written by":"kalem","Est. reading time":"3 minutes"},"schema":{"@context":"https:\/\/schema.org","@graph":[{"@type":"Article","@id":"https:\/\/akunq.net\/turkish\/2013\/11\/07\/bilinmeyen-bir-darbe-girisimi-2\/#article","isPartOf":{"@id":"https:\/\/akunq.net\/turkish\/2013\/11\/07\/bilinmeyen-bir-darbe-girisimi-2\/"},"author":{"name":"kalem","@id":"https:\/\/akunq.net\/turkish\/#\/schema\/person\/135e7923d1aeb8887890799619969a6c"},"headline":"Bilinmeyen bir darbe giri\u015fimi (2)","datePublished":"2013-11-07T13:27:35+00:00","mainEntityOfPage":{"@id":"https:\/\/akunq.net\/turkish\/2013\/11\/07\/bilinmeyen-bir-darbe-girisimi-2\/"},"wordCount":679,"commentCount":0,"image":{"@id":"https:\/\/akunq.net\/turkish\/2013\/11\/07\/bilinmeyen-bir-darbe-girisimi-2\/#primaryimage"},"thumbnailUrl":"http:\/\/akunq.net\/tr\/wp-content\/uploads\/2013\/11\/Taner-Akcam1.jpg","articleSection":["Haberler","Makaleler","Tarih Sayfalar\u0131"],"inLanguage":"en-US","potentialAction":[{"@type":"CommentAction","name":"Comment","target":["https:\/\/akunq.net\/turkish\/2013\/11\/07\/bilinmeyen-bir-darbe-girisimi-2\/#respond"]}]},{"@type":"WebPage","@id":"https:\/\/akunq.net\/turkish\/2013\/11\/07\/bilinmeyen-bir-darbe-girisimi-2\/","url":"https:\/\/akunq.net\/turkish\/2013\/11\/07\/bilinmeyen-bir-darbe-girisimi-2\/","name":"Bilinmeyen bir darbe giri\u015fimi (2) - Bati Ermenistan Ve Bati Ermenileri Sorunlari Ara\u015ftirmalar Merkezi","isPartOf":{"@id":"https:\/\/akunq.net\/turkish\/#website"},"primaryImageOfPage":{"@id":"https:\/\/akunq.net\/turkish\/2013\/11\/07\/bilinmeyen-bir-darbe-girisimi-2\/#primaryimage"},"image":{"@id":"https:\/\/akunq.net\/turkish\/2013\/11\/07\/bilinmeyen-bir-darbe-girisimi-2\/#primaryimage"},"thumbnailUrl":"http:\/\/akunq.net\/tr\/wp-content\/uploads\/2013\/11\/Taner-Akcam1.jpg","datePublished":"2013-11-07T13:27:35+00:00","author":{"@id":"https:\/\/akunq.net\/turkish\/#\/schema\/person\/135e7923d1aeb8887890799619969a6c"},"breadcrumb":{"@id":"https:\/\/akunq.net\/turkish\/2013\/11\/07\/bilinmeyen-bir-darbe-girisimi-2\/#breadcrumb"},"inLanguage":"en-US","potentialAction":[{"@type":"ReadAction","target":["https:\/\/akunq.net\/turkish\/2013\/11\/07\/bilinmeyen-bir-darbe-girisimi-2\/"]}]},{"@type":"ImageObject","inLanguage":"en-US","@id":"https:\/\/akunq.net\/turkish\/2013\/11\/07\/bilinmeyen-bir-darbe-girisimi-2\/#primaryimage","url":"http:\/\/akunq.net\/tr\/wp-content\/uploads\/2013\/11\/Taner-Akcam1.jpg","contentUrl":"http:\/\/akunq.net\/tr\/wp-content\/uploads\/2013\/11\/Taner-Akcam1.jpg"},{"@type":"BreadcrumbList","@id":"https:\/\/akunq.net\/turkish\/2013\/11\/07\/bilinmeyen-bir-darbe-girisimi-2\/#breadcrumb","itemListElement":[{"@type":"ListItem","position":1,"name":"Home","item":"https:\/\/akunq.net\/turkish\/"},{"@type":"ListItem","position":2,"name":"Bilinmeyen bir darbe giri\u015fimi (2)"}]},{"@type":"WebSite","@id":"https:\/\/akunq.net\/turkish\/#website","url":"https:\/\/akunq.net\/turkish\/","name":"Bati Ermenistan Ve Bati Ermenileri Sorunlari Ara\u015ftirmalar Merkezi","description":"","potentialAction":[{"@type":"SearchAction","target":{"@type":"EntryPoint","urlTemplate":"https:\/\/akunq.net\/turkish\/?s={search_term_string}"},"query-input":{"@type":"PropertyValueSpecification","valueRequired":true,"valueName":"search_term_string"}}],"inLanguage":"en-US"},{"@type":"Person","@id":"https:\/\/akunq.net\/turkish\/#\/schema\/person\/135e7923d1aeb8887890799619969a6c","name":"kalem","image":{"@type":"ImageObject","inLanguage":"en-US","@id":"https:\/\/secure.gravatar.com\/avatar\/a06875e4b25feb5674296adf8e8a7ae1e587cebce2493fe63c456109967e27d3?s=96&d=mm&r=g","url":"https:\/\/secure.gravatar.com\/avatar\/a06875e4b25feb5674296adf8e8a7ae1e587cebce2493fe63c456109967e27d3?s=96&d=mm&r=g","contentUrl":"https:\/\/secure.gravatar.com\/avatar\/a06875e4b25feb5674296adf8e8a7ae1e587cebce2493fe63c456109967e27d3?s=96&d=mm&r=g","caption":"kalem"},"url":"https:\/\/akunq.net\/turkish\/author\/kalem\/"}]}},"_links":{"self":[{"href":"https:\/\/akunq.net\/turkish\/wp-json\/wp\/v2\/posts\/26707","targetHints":{"allow":["GET"]}}],"collection":[{"href":"https:\/\/akunq.net\/turkish\/wp-json\/wp\/v2\/posts"}],"about":[{"href":"https:\/\/akunq.net\/turkish\/wp-json\/wp\/v2\/types\/post"}],"author":[{"embeddable":true,"href":"https:\/\/akunq.net\/turkish\/wp-json\/wp\/v2\/users\/3"}],"replies":[{"embeddable":true,"href":"https:\/\/akunq.net\/turkish\/wp-json\/wp\/v2\/comments?post=26707"}],"version-history":[{"count":0,"href":"https:\/\/akunq.net\/turkish\/wp-json\/wp\/v2\/posts\/26707\/revisions"}],"wp:attachment":[{"href":"https:\/\/akunq.net\/turkish\/wp-json\/wp\/v2\/media?parent=26707"}],"wp:term":[{"taxonomy":"category","embeddable":true,"href":"https:\/\/akunq.net\/turkish\/wp-json\/wp\/v2\/categories?post=26707"},{"taxonomy":"post_tag","embeddable":true,"href":"https:\/\/akunq.net\/turkish\/wp-json\/wp\/v2\/tags?post=26707"}],"curies":[{"name":"wp","href":"https:\/\/api.w.org\/{rel}","templated":true}]}}