{"id":26654,"date":"2013-11-05T01:01:00","date_gmt":"2013-11-05T06:01:00","guid":{"rendered":"http:\/\/akunq.net\/tr\/?p=26654"},"modified":"2013-11-05T01:01:00","modified_gmt":"2013-11-05T06:01:00","slug":"kilicdaroglu-chpde-basortulu-aday-niye-olmasin","status":"publish","type":"post","link":"https:\/\/akunq.net\/turkish\/2013\/11\/05\/kilicdaroglu-chpde-basortulu-aday-niye-olmasin\/","title":{"rendered":"K\u0131l\u0131\u00e7daro\u011flu: CHP\u2019de ba\u015f\u00f6rt\u00fcl\u00fc aday niye olmas\u0131n"},"content":{"rendered":"<p style=\"text-align: justify\"><img decoding=\"async\" alt=\"\" src=\"http:\/\/media.t24.com.tr\/stories\/2013\/11\/page_kilicdaroglu-chpde-basortulu-aday-niye-olmasin_941174166.jpg\" \/><\/p>\n<p style=\"text-align: justify\"><b><i>K\u0131l\u0131\u00e7daro\u011flu: Say\u0131n Sar\u0131g\u00fcl, &#8216;Ben CHP\u2019nin Genel Ba\u015fkan\u0131 olaca\u011f\u0131m&#8217; diyorsa, bunun yollar\u0131 vard\u0131r, kurallar\u0131 vard\u0131r, kurultay\u0131 vard\u0131r. <\/i><\/b><b><i>Gelir, kurultaya girer, se\u00e7ilirse se\u00e7ilir<\/i><\/b><b><i>.<\/i><\/b><\/p>\n<p style=\"text-align: justify\">Partisinde ba\u015f\u00f6rt\u00fcl\u00fc adaylara ye\u015fil \u0131\u015f\u0131k yakan CHP Genel Ba\u015fkan\u0131<strong> Kemal K\u0131l\u0131\u00e7daro\u011flu<\/strong>, \u201cGelip adayl\u0131k ba\u015fvurusu yaps\u0131nlar, \u015fu anda fiilen parti y\u00f6netim kadrolar\u0131nda ba\u015f\u00f6rt\u00fcl\u00fc \u00e7ok say\u0131da kad\u0131n var. Hi\u00e7bir zaman onlara niye geliyorsunuz demedik&#8221; ifadelerini kulland\u0131.<\/p>\n<p style=\"text-align: justify\">Taraf gazetesinden <strong>Hayko Ba\u011fdat<\/strong>&#8216;a r\u00f6portaj veren K\u0131l\u0131\u00e7daro\u011flu, Mustafa Sar\u0131g\u00fcl&#8217;\u00fcn CHP&#8217;ye kat\u0131lmas\u0131 sonras\u0131 Genel Ba\u015fkan olaca\u011f\u0131 s\u00f6ylentilerine ili\u015fkin, &#8220;Say\u0131n Sar\u0131g\u00fcl, &#8216;Ben CHP\u2019nin Genel Ba\u015fkan\u0131 olaca\u011f\u0131m&#8217; diyorsa, bunun yollar\u0131 vard\u0131r, kurallar\u0131 vard\u0131r, kurultay\u0131 vard\u0131r. Gelir, kurultaya girer, se\u00e7ilirse se\u00e7ilir&#8221; dedi.\u00a0<\/p>\n<p style=\"text-align: justify\">Ergenekon davalar\u0131ndan Dink cinayetine, T\u00fcrkiye\u2019nin Suriye politikas\u0131ndan Mustafa Sar\u0131g\u00fcl\u2019e, 1915 olaylar\u0131ndan T\u00fcrk \u00fcst kimli\u011fine kadar merak edilen pek \u00e7ok konuda a\u00e7\u0131klamalarda bulunan Kemal K\u0131l\u0131\u00e7daro\u011flu&#8217;nun Taraf gazetesinden Hayko Ba\u011fdat ile ger\u00e7ekle\u015ftirdi\u011fi r\u00f6portaj \u015f\u00f6yle:<\/p>\n<p style=\"text-align: justify\"><strong>Ki\u015fisel olarak Ba\u015fbakan\u2019a kar\u015f\u0131 ne hissediyorsunuz?<\/strong><\/p>\n<p style=\"text-align: justify\">&#8220;Egosunu kontrol edemeyen, her s\u00f6yledi\u011finin y\u00fczde 100 do\u011fru oldu\u011funa inanan, farkl\u0131 bir ki\u015filik olarak g\u00f6r\u00fcyorum. Demokrasinin ne oldu\u011funu yeterince kavrayamam\u0131\u015f, kendi s\u00f6zlerine itiraz\u0131 asla kabul etmeyen, i\u00e7 d\u00fcnyas\u0131nda kendisiyle bar\u0131\u015f\u0131k olmayan bir insan. Benim g\u00f6rd\u00fc\u011f\u00fcm Recep Tayyip Erdo\u011fan bu.&#8221;<\/p>\n<p style=\"text-align: justify\"><strong>1915\u2019te bir Ermeni halk\u0131 vard\u0131 bu topraklarda ama bug\u00fcn yok. Ermeni halk\u0131n\u0131n ba\u015f\u0131na geleni tarif etmek i\u00e7in nas\u0131l bir tan\u0131mlaman\u0131z olur?<\/strong><\/p>\n<p style=\"text-align: justify\">&#8220;1915 olaylar\u0131n\u0131, Osmanl\u0131 tarihinin dramatik olaylar\u0131ndan birisi olarak g\u00f6r\u00fcyoruz. Zaten g\u00f6rmemek m\u00fcmk\u00fcn de\u011fil. Ama bu konuda yeteri kadar kayna\u011f\u0131n, ar\u015fivlerin g\u00fcn y\u00fcz\u00fcne \u00e7\u0131kt\u0131\u011f\u0131na inanm\u0131yoruz. Sadece Osmanl\u0131 kay\u0131tlar\u0131 de\u011fil, Rusya\u2019daki, Ermenistan\u2018daki ar\u015fivlerin, kay\u0131tlar\u0131n da a\u00e7\u0131klanmas\u0131 gerekiyor.&#8221;<\/p>\n<p style=\"text-align: justify\"><strong>Yani dramatik diyorsunuz?<\/strong><\/p>\n<p style=\"text-align: justify\">&#8220;Elbette yani bakt\u0131\u011f\u0131n\u0131z zaman, o g\u00fcn\u00fcn ko\u015fullar\u0131nda insanlar\u0131n bir b\u00f6lgeden di\u011fer bir b\u00f6lgeye g\u00f6nderilmeleri, binlerce ki\u015finin ya\u015fam\u0131n\u0131 yitirmesi, kad\u0131n erkek, \u00e7oluk \u00e7ocuk vs&#8230; Bakt\u0131\u011f\u0131n\u0131z zaman olduk\u00e7a dramatik bir tablo tabii.&#8221;<\/p>\n<p style=\"text-align: justify\"><strong>2015 gelirken, parti olarak ne yapmay\u0131 d\u00fc\u015f\u00fcn\u00fcyorsunuz?<\/strong><\/p>\n<p style=\"text-align: justify\">&#8220;Do\u011frusunu isterseniz D\u0131\u015fi\u015fleri Bakanl\u0131\u011f\u0131\u2019n\u0131n baz\u0131 haz\u0131rl\u0131klar\u0131n\u0131n oldu\u011fu bize s\u00f6ylendi. Bizim parti olarak g\u00f6r\u00fc\u015f\u00fcm\u00fcz, bu olay\u0131 tarih\u00e7ilerin objektif olarak ele al\u0131p, kamuoyunu, toplumu bilgilendirmeleri y\u00f6n\u00fcnde. Bu ba\u011flamda ar\u015fivler a\u00e7\u0131l\u0131rsa olay\u0131 b\u00fct\u00fcn ayr\u0131nt\u0131lar\u0131yla \u00f6\u011frenme imk\u00e2n\u0131 olacak. Biz de \u00f6\u011frenmi\u015f olaca\u011f\u0131z, toplum da \u00f6\u011frenmi\u015f olacak, tarih\u00e7iler de \u00f6\u011frenmi\u015f olacak.&#8221;<\/p>\n<p style=\"text-align: justify\"><strong>Ki\u015fisel olarak k\u0131rg\u0131n oldu\u011fum bir konuda sorum olacak. Deniz Baykal\u2019\u0131n genel ba\u015fkanl\u0131\u011f\u0131 d\u00f6neminde, Ak Parti\u2019nin az\u0131nl\u0131k mallar\u0131n\u0131n iadesi konusunda ald\u0131\u011f\u0131 karar \u00fczerine, Anayasa Mahkemesi\u2019ne giden bir dilek\u00e7e var. Alt\u0131nda sizin Grup Ba\u015fkan Vekili olarak imzan\u0131z\u0131n oldu\u011fu bu metinde, ASALA\u2019dan, Ermenistan\u2019\u0131n toprak taleplerinden bahsediliyor. Az\u0131nl\u0131k vak\u0131f m\u00fclkleri konusunda h\u00e2l\u00e2 ayn\u0131 fikirde misiniz?<\/strong><\/p>\n<p style=\"text-align: justify\">&#8220;Sadece bu \u00fclkede ya\u015fayan insanlar\u0131 de\u011fil, nerede ya\u015f\u0131yor olursa olsun insanlar\u0131 \u00fczmek, k\u0131rmak do\u011fru de\u011fil. E\u011fer biz, hem demokrasi hem \u00f6zg\u00fcrl\u00fckleri savunacaksak, insanlar\u0131 d\u00fc\u015f\u00fcncelerinden \u00f6t\u00fcr\u00fc a\u011f\u0131r ifadelerle ele\u015ftirmemeliyiz. Az\u0131nl\u0131klar, tabii bizim \u00fclkemizin bir ger\u00e7e\u011fi. Lozan\u2019da haklar\u0131n g\u00fcvence alt\u0131na al\u0131nd\u0131\u011f\u0131n\u0131 da biliyoruz. Onlar\u0131 \u00f6tekile\u015ftirmek de\u011fil, bu \u00fclkenin uygar yurtta\u015flar\u0131 olarak, toplumun ya da ya\u015fam\u0131n her kesiminde rol almalar\u0131n\u0131 istememiz gerekiyor. \u00c7ok b\u00fcy\u00fck hizmetleri var az\u0131nl\u0131klar\u0131n \u00fclkeye. Onu da \u00e7ok iyi biliyoruz. Dolay\u0131s\u0131yla ayr\u0131\u015ft\u0131rmak do\u011fru de\u011fil. Kendi k\u00f6klerinin, tarihte ya\u015fad\u0131klar\u0131na inand\u0131klar\u0131 haks\u0131zl\u0131klar konusundaki tepkilerine de sayg\u0131 duymam\u0131z gerekir.&#8221;<\/p>\n<p style=\"text-align: justify\"><strong>Siz ba\u015fbakan olsayd\u0131n\u0131z, Ruhban Okulu\u2019nu a\u00e7ar m\u0131yd\u0131n\u0131z?<\/strong><\/p>\n<p style=\"text-align: justify\">Evet, a\u00e7\u0131labilir Ruhban Okulu.<\/p>\n<p style=\"text-align: justify\"><strong>Ben Rum bir anne, Ermeni bir babadan geliyorum. Sizce Anayasa\u2019da tarif edildi\u011fi \u015fekliyle \u201cT\u00fcrk \u00fcst kimli\u011fi\u201d beni kapsayabiliyor mu?<\/strong><\/p>\n<p style=\"text-align: justify\">&#8220;Anayasa\u2019daki tan\u0131ma bakt\u0131\u011f\u0131m\u0131z zaman orada bir etnik kimlik tan\u0131m\u0131 yap\u0131lm\u0131yor. Kendimizi T\u00fcrk olarak tan\u0131ml\u0131yoruz, etnik kimliklerimiz \u00e7ok farkl\u0131 olabilir.&#8221;<\/p>\n<p style=\"text-align: justify\"><strong>T\u00fcrk kavram\u0131 ayn\u0131 zamanda bir etnik kimli\u011fin de ad\u0131 olunca bir \u00e7eli\u015fki olmuyor mu?<\/strong><\/p>\n<p style=\"text-align: justify\">&#8220;O t\u00fcr duyarl\u0131l\u0131k sahiplerine de sayg\u0131 duyar\u0131z. Ama \u00f6nemli olan \u015fu: T\u00fcrk denmesi, di\u011fer kimlikleri ink\u00e2r anlam\u0131na gelmemektedir.&#8221;<\/p>\n<p style=\"text-align: justify\"><strong>Mesela T\u00fcrkiyeli kavram\u0131 size uzak m\u0131?<\/strong><\/p>\n<p style=\"text-align: justify\">&#8220;Zaman zaman s\u00f6yleniyor. \u201cBiz zaten T\u00fcrkiyeliyiz\u201d diyenler de var. \u201cNiye sen T\u00fcrkiyeli dedin\u201d diye onlar\u0131 da su\u00e7lam\u0131yoruz. T\u00fcrk kimli\u011fini, kat\u0131 bir etnik kimlik olarak dile getirmek de do\u011fru de\u011fil. Anayasa\u2019da, \u201c\u0131rk, dil, cins ayr\u0131m\u0131 yap\u0131lmaks\u0131z\u0131n\u201d diye gayet g\u00fczel bir tan\u0131m da var. Bu ayr\u0131m\u0131 zaten yapm\u0131yoruz. Bizim kendi parti program\u0131m\u0131zda da bu var. Bu \u00fclkede ya\u015fayan herkesin bir bayra\u011f\u0131 var de\u011fil mi? Ad\u0131na T\u00fcrk bayra\u011f\u0131 diyoruz. Bir \u00fclke var, ad\u0131na T\u00fcrkiye diyoruz. Burada ya\u015fayan yurtta\u015flar var, T\u00fcrkiye Cumhuriyeti yurtta\u015flar\u0131 diyoruz. \u0130nsanlar\u0131n etnik kimlikleri farkl\u0131 olabilir ama bu etnik kimlikler onlar\u0131n. Amerikal\u0131\u2019ya ne diyoruz? Amerikal\u0131. Alman\u2019a Alman diyoruz. T\u00fcrkiye\u2019de ya\u015fayana da T\u00fcrk diyoruz ama bunu, di\u011fer etnik kimlikleri de yok sayan bir tan\u0131m olarak g\u00f6rmemek laz\u0131m.&#8221;<\/p>\n<p style=\"text-align: justify\"><strong>Anadilde e\u011fimin s\u0131k\u0131nt\u0131lara yol a\u00e7abilece\u011fini belirttiniz. Bu \u00fclkede Ermenilerin, Rumlar\u0131n anadilde e\u011fitim hakk\u0131 var. K\u00fcrtlerin Ermenilerden fark\u0131 ne? Ermenilerin mi hakk\u0131 fazla, K\u00fcrtlerin mi hakk\u0131 az?<\/strong><\/p>\n<p style=\"text-align: justify\">&#8220;Bu hak az\u0131nl\u0131klara verilirken, onlar\u0131n okullar\u0131 vard\u0131, \u00f6\u011fretmenleri vard\u0131, e\u011fitim kurumlar\u0131 vard\u0131. B\u00f6yle bakmak gerekiyor. Onun d\u0131\u015f\u0131nda, az\u0131nl\u0131klar d\u0131\u015f\u0131ndaki T\u00fcrkiye Cumhuriyeti yurtta\u015flar\u0131n\u0131n tek e\u011fitim sistemi vard\u0131. Din\u00ee e\u011fitimi de katarsak, birden fazla se\u00e7enek vard\u0131. Tevhid-i Tedrisat ile bunlar birle\u015fti. \u015eimdi anadili \u00f6\u011frenmek konusunda bir sorun yok. Temel nokta, bu i\u015fin pedagoglar\u0131n alan\u0131na giriyor olmas\u0131. Pedagoglar\u0131n bu konuda siyaset\u00e7iler i\u00e7in iyi raporlar haz\u0131rlamalar\u0131 gerekiyor.&#8221;<\/p>\n<p style=\"text-align: justify\"><strong>Bilimsel tavsiye olumlu oldu\u011funda, anadilde e\u011fitime s\u0131cak m\u0131 bakacaks\u0131n\u0131z?<\/strong><\/p>\n<p style=\"text-align: justify\">&#8220;Biz de isteriz bu \u00fclkede herkesin bar\u0131\u015f i\u00e7inde, huzur i\u00e7inde, daha \u00f6zg\u00fcrl\u00fc\u011f\u00fc geni\u015flemi\u015f alanda ya\u015famas\u0131n\u0131. Kategorik olarak neden kar\u015f\u0131 \u00e7\u0131kal\u0131m? Ama belli konular var ki; oturup uzun uzun tart\u0131\u015f\u0131lmas\u0131 ve d\u00fc\u015f\u00fcn\u00fclmesi laz\u0131m. Bir talep geliyor, o talebe kar\u015f\u0131 hemen \u201colur\u201d veya \u201colmaz\u201d diyoruz. Olaylara, bir zaman dilimi i\u00e7inde bilgimizi, birikimimizi geli\u015ftirerek bakmam\u0131z gerekiyor ve d\u00fcnya uygulamalar\u0131na bakmak gerekiyor.&#8221;<\/p>\n<p style=\"text-align: justify\">\n<strong>Bug\u00fcn Ba\u015fbakan olsayd\u0131n\u0131z, \u00e7at\u0131\u015fmalar\u0131n\u0131z\u0131n sona ermesi i\u00e7in \u00d6calan\u2019la g\u00f6r\u00fc\u015f\u00fcr m\u00fcyd\u00fcn\u00fcz?<\/strong><\/p>\n<p style=\"text-align: justify\">&#8220;Ben mi? Hay\u0131r. Bizim \u00f6nerdi\u011fimiz \u00c2kil \u0130nsanlar Komisyonu bu tip g\u00f6r\u00fc\u015fmeleri yapmak i\u00e7in \u00f6ng\u00f6r\u00fclm\u00fc\u015ft\u00fcr.&#8221;<\/p>\n<p style=\"text-align: justify\"><strong>Peki bu s\u00fcre\u00e7te K\u00fcrtlerin dile getirdi\u011fi talepleri hakl\u0131 buluyor musunuz?<\/strong><\/p>\n<p style=\"text-align: justify\">&#8220;\u015eimdi onlar\u0131n baz\u0131 talepleri var. Taleplerinin kar\u015f\u0131lanmas\u0131n\u0131 istiyorlar. Talepleri resm\u00ee olarak ilettikleri makam iktidar. \u0130ktidar\u0131n bu talepleri ne \u00f6l\u00e7\u00fcde kar\u015f\u0131lay\u0131p kar\u015f\u0131lamad\u0131\u011f\u0131n\u0131 bilmiyoruz. Ama bir g\u00f6r\u00fc\u015fme yap\u0131l\u0131yor aralar\u0131nda, o g\u00f6r\u00fc\u015fmenin ne oldu\u011funu da bilmiyoruz. Dolay\u0131s\u0131yla bilinmeyen bir konuda yorum yapmak gibi bir l\u00fcks\u00fcm\u00fcz\u00fcn oldu\u011funa inanm\u0131yorum.&#8221;<\/p>\n<p style=\"text-align: justify\"><strong>Sol siyasette art\u0131k HDP de var. HDP\u2019nin kurulu\u015funu nas\u0131l de\u011ferlendiriyorsunuz? CHP\u2019nin alternatifi olma ihtimalini \u00f6n g\u00f6r\u00fcyor musunuz?<\/strong><\/p>\n<p style=\"text-align: justify\">&#8220;Hay\u0131r. HDP\u2019nin, CHP\u2019nin alternatifi olma imk\u00e2n\u0131 yok.&#8221;<\/p>\n<p style=\"text-align: justify\"><strong>Ergenekon, Balyoz gibi davalarda hukuki aksamalar oldu\u011funu ifade ediyorsunuz. Fethullah G\u00fclen cemaatinin bunda sorumluluk sahibi oldu\u011funu d\u00fc\u015f\u00fcn\u00fcyor musunuz?<\/strong><\/p>\n<p style=\"text-align: justify\">&#8220;Yarg\u0131\u00e7lar\u0131n belli bir merkezden talimat ald\u0131\u011f\u0131 ve o talimat \u00e7er\u00e7evesinde yola \u00e7\u0131kt\u0131klar\u0131 s\u00f6yleniyor. Ben bu talimat\u0131n siyasal iktidar taraf\u0131ndan verildi\u011fini d\u00fc\u015f\u00fcn\u00fcyorum. Yani bunu cemaate de\u011fil do\u011frudan do\u011fruya iktidar\u0131n yarg\u0131 \u00fczerindeki bask\u0131s\u0131na ba\u011fl\u0131yorum. Yoksa iktidar b\u00fct\u00fcn bu haks\u0131zl\u0131klar\u0131 g\u00f6r\u00fcyor mu? G\u00f6r\u00fcyor. \u0130ktidar\u0131n varl\u0131k nedeni nedir? Haks\u0131zl\u0131klar\u0131 \u00e7\u00f6zmektir. Hukukun \u00fcst\u00fcnl\u00fc\u011f\u00fcn\u00fc sa\u011flamakt\u0131r. E\u011fer iktidar bunu bilin\u00e7li olarak yapm\u0131yorsa, siz bunu kalk\u0131p da ba\u015fka bir grubun \u00fcst\u00fcne atamazs\u0131n\u0131z. Buna hakk\u0131n\u0131z yoktur. Ya da \u00e7\u0131kar s\u00f6ylersiniz, \u201cBen bunu yapam\u0131yorum \u00e7\u00fcnk\u00fc cemaat engelliyor\u201d diye. Bunu s\u00f6ylemiyorlar. Kapal\u0131 kap\u0131lar ard\u0131ndan b\u00f6yle bir ifade dola\u015f\u0131yor. Ama biz siyaset\u00e7iyiz bizim muhatab\u0131m\u0131z siyasal iktidard\u0131r. Siyasal iktidar bu kadar hukuksuzlu\u011fun oldu\u011fu yerde sesini \u00e7\u0131karam\u0131yorsa, bir ba\u015fbakan \u201cBen bu davalar\u0131n savc\u0131s\u0131y\u0131m\u201d diye \u00fcstleniyorsa, kalk\u0131p kimi su\u00e7layacaks\u0131n\u0131z.&#8221;<\/p>\n<p style=\"text-align: justify\"><strong>Ba\u015f\u00f6rt\u00fcl\u00fc vekiller Meclis\u2019e girdi, siz de \u00e7ok mutlu oldu\u011funuzu s\u00f6ylediniz. CHP\u2019de bir ba\u015f\u00f6rt\u00fcl\u00fc vekil ya da belediye ba\u015fkan adayl\u0131\u011f\u0131 yolu a\u00e7\u0131k m\u0131?<\/strong><\/p>\n<h2 style=\"text-align: justify\">Neden olmas\u0131n!<\/h2>\n<p style=\"text-align: justify\"><strong>\u00d6n\u00fcm\u00fczdeki d\u00f6nem CHP\u2019de ba\u015f\u00f6rt\u00fcl\u00fc bir vekil g\u00f6rebilir miyiz?<\/strong><\/p>\n<p style=\"text-align: justify\">&#8220;\u00d6ncelikle gelip bize ba\u015fvuracaklar, biz aday olmak istiyoruz diye. \u015eu anda fiilen parti y\u00f6netim kadrolar\u0131nda ba\u015f\u00f6rt\u00fcl\u00fc \u00e7ok say\u0131da kad\u0131n var. Hi\u00e7bir zaman onlara niye geliyorsunuz demedik. Onu istismar da etmedik.&#8221;<\/p>\n<p style=\"text-align: justify\"><strong>Gezi olaylar\u0131nda ne kadar etkindiniz? Ba\u015fbakan\u2019\u0131n tabiri ile organizat\u00f6r\u00fc siz miydiniz?<\/strong><\/p>\n<p style=\"text-align: justify\">&#8220;Bu i\u015fin organizat\u00f6r\u00fc biziz ve \u00e7ok etkiniz dersek, Gezi eylemcilerine haks\u0131zl\u0131k yapm\u0131\u015f oluruz. Bu, onlar\u0131n demokrasi, \u00f6zg\u00fcrl\u00fck talepleriydi ve onlar b\u00fct\u00fcn d\u00fcnyaya seslerini duyurdular. Biz, parti olarak sadece onlara destek verdik.&#8221;<\/p>\n<h2 style=\"text-align: justify\">&#8216;Sar\u0131g\u00fcl, &#8216;CHP\u2019ye genel ba\u015fkan olaca\u011f\u0131m&#8217; diyorsa&#8230;&#8217;<\/h2>\n<h2 style=\"text-align: justify\"><strong>CHP Genel Ba\u015fkan\u0131 olmay\u0131, Ba\u015fbakan olmak istedi\u011fini her f\u0131rsatta dile getiren Mustafa Sar\u0131g\u00fcl, CHP\u2019ye kat\u0131ld\u0131. CHP\u2019ye kendi rakibinizi davet etmi\u015f oldunuz?<\/strong><\/h2>\n<p style=\"text-align: justify\">Daha g\u00fc\u00e7l\u00fc, \u00f6zg\u00fcveni y\u00fcksek bir CHP bekliyorum. Ayr\u0131\u015fmay\u0131 de\u011fil, beraber olmay\u0131, ortak m\u00fccadele etmeyi bekliyorum. Herkesin g\u00f6nl\u00fcnde bir aslan yatar. Sonu\u00e7ta Say\u0131n Sar\u0131g\u00fcl, \u201cBen CHP\u2019nin Genel Ba\u015fkan\u0131 olaca\u011f\u0131m\u201d diyorsa, bunun yollar\u0131 vard\u0131r, kurallar\u0131 vard\u0131r, kurultay\u0131 vard\u0131r. Gelir, kurultaya girer, se\u00e7ilirse se\u00e7ilir. Ben ge\u00e7mi\u015fte Genel Ba\u015fkan olmak i\u00e7in parti t\u00fcz\u00fc\u011f\u00fcnde konulan b\u00fcy\u00fck duvarlar\u0131 y\u0131kt\u0131m.&#8221;<\/p>\n<p style=\"text-align: justify\"><strong>Yerel se\u00e7imlerde ba\u015fta Ankara olmak \u00fczere MHP ile i\u015fbirli\u011fine a\u00e7\u0131k m\u0131s\u0131n\u0131z?<\/strong><\/p>\n<p style=\"text-align: justify\">&#8220;\u0130\u015fbirli\u011fi \u015fans\u0131 yok. \u00c7\u00fcnk\u00fc her siyasal partinin hedefleri vard\u0131r, ilkeleri vard\u0131r, kurallar\u0131 vard\u0131r. Tepede b\u00f6yle bir \u015feyin olaca\u011f\u0131n\u0131 pek tahmin etmiyorum.&#8221;<\/p>\n<p style=\"text-align: justify\"><strong>Yerel se\u00e7imlerde CHP\u2019nin ba\u015far\u0131 \u00e7\u0131tas\u0131 nedir?<\/strong><\/p>\n<p style=\"text-align: justify\">&#8220;Bizim amac\u0131m\u0131z yerelde sosyal demokrasiyi iktidar yapmakt\u0131r. Kentleri sosyal k\u0131lmakt\u0131r. Sanat\u0131 kente getirmek, kenti sanatla daha fazla bulu\u015fturmakt\u0131r. Bug\u00fcn \u0130stanbul\u2019a bak\u0131n. \u0130stanbullu nefes almak i\u00e7in CHP\u2019li belediyelerin oldu\u011fu yerlere gider. \u0130stanbullu neden nefes almak i\u00e7in oraya gidiyor? \u00c7\u00fcnk\u00fc oralarda sosyal demokrat yap\u0131lanmalar var. Ama AKP\u2019li belediyelerin oldu\u011fu yerlere bak\u0131n, daha karamsar bir hava vard\u0131r. Kad\u0131n eve kapat\u0131lm\u0131\u015ft\u0131r. Daha despotik bir yap\u0131 vard\u0131r. Sosyalle\u015fme \u00e7ok azd\u0131r. Ye\u015fil alanlar talan edilmi\u015ftir. Parklara bile b\u00fcy\u00fck binalar, g\u00f6kdelenler yap\u0131lm\u0131\u015ft\u0131r.&#8221;<\/p>\n<h2 style=\"text-align: justify\">&#8216;T\u00fcrkiye, Suriye\u2019deki radikal unsurlara silah ve para veriyor&#8217;<\/h2>\n<p style=\"text-align: justify\"><strong>Suriye meselesine gelirsek, Esad\u2019a bak\u0131\u015f\u0131n\u0131z nedir?<\/strong><\/p>\n<p style=\"text-align: justify\">&#8220;Benim bak\u0131\u015f\u0131m \u015fu; hi\u00e7bir lider kendi \u00fclkesinde halk\u0131na bask\u0131 yapamaz. Her liderin bir g\u00f6revi vard\u0131r, olmak zorundad\u0131r. Bu g\u00f6rev kendi \u00fclkesinde demokrasiyi geli\u015ftirmek, k\u00f6kle\u015ftirmek, derinle\u015ftirmek ve \u00f6zg\u00fcrl\u00fck alanlar\u0131n\u0131 geni\u015fletmektir. Kad\u0131n-erkek e\u015fitli\u011fini sa\u011flamakt\u0131r. Din-devlet i\u015flerini birbirinden ay\u0131rmakt\u0131r. Liderlerin varl\u0131k nedeninin bu olmas\u0131 gerekir. Esad bunlar\u0131 yap\u0131yorsa iyi bir liderdir, yapm\u0131yorsa iyi bir lider de\u011fildir. T\u00fcrkiye\u2019nin Suriye politikas\u0131n\u0131n yanl\u0131\u015f oldu\u011funa inan\u0131yorum.&#8221;<\/p>\n<p style=\"text-align: justify\"><strong>Niye?<\/strong><\/p>\n<p style=\"text-align: justify\">&#8220;Suriye\u2019nin i\u00e7 i\u015flerine m\u00fcdahale do\u011fru de\u011fildir. T\u00fcrkiye, radikal \u0130slami gruplara, El-Kaide, El-Nusra gibi \u00f6rg\u00fctlere destek vererek, e\u011fitip, eline silah verip, cebine para koyup Suriye\u2019ye g\u00f6nderip, \u201cGit orada karde\u015fini \u00f6ld\u00fcr\u201d diyen bir \u00fclke olmamal\u0131d\u0131r. \u0130tiraz\u0131m\u0131z bu noktadad\u0131r. E\u011fer T\u00fcrkiye bu konuda daha sa\u011fl\u0131kl\u0131, daha tutarl\u0131 bir politika izleyebilseydi, Suriye\u2019deki i\u00e7 sava\u015f \u00e7oktan sonland\u0131r\u0131labilirdi. Bug\u00fcn radikal unsurlar\u0131n Suriye\u2019de etkin konumda olmalar\u0131n\u0131n tek nedeni T\u00fcrkiye\u2019nin onlara verdi\u011fi destektir. Bu, T\u00fcrkiye\u2019nin uluslararas\u0131 arenada da me\u015fruiyetinin sorgulanmas\u0131na yol a\u00e7abilir.&#8221;<\/p>\n<p style=\"text-align: justify\">\u00a0<\/p>\n<h2 style=\"text-align: justify\">&#8216;AKP, Dink cinayetinin su\u00e7 orta\u011f\u0131&#8217;<\/h2>\n<p style=\"text-align: justify\"><strong>Hrant Dink cinayetinin \u00f6rtbas edildi\u011fini d\u00fc\u015f\u00fcn\u00fcyor musunuz? Bu cinayetin \u00fczerine yeterince gidildi mi?<\/strong><\/p>\n<p style=\"text-align: justify\">&#8220;\u0130ktidar bu cinayetin \u00fczerine yeterince gitmiyor. Sorumlular\u0131n tamam\u0131 terfi ettirildi. Baz\u0131lar\u0131 milletvekili oldu, bakan oldu. Bu ger\u00e7ekten de 21\u2019inci y\u00fczy\u0131l T\u00fcrkiye\u2019sine yak\u0131\u015fmad\u0131. Bir insan\u0131 sokak ortas\u0131nda \u00f6ld\u00fcr\u00fcyorsunuz, ta Trabzon\u2019dan ba\u015flayan bir s\u00fcre\u00e7 bu. B\u00fct\u00fcn olay biliniyor, Hrant Dink\u2019in \u00f6ld\u00fcr\u00fclece\u011fi biliniyor. \u00d6nlem almas\u0131 gereken h\u00fck\u00fcmet, gerekli \u00f6nlemi alm\u0131yor. Cinayet ger\u00e7ekle\u015fiyor. Bu andan sonra olay, derin dehlizlerde birka\u00e7 ki\u015finin s\u0131rt\u0131na y\u00fcklenerek kapat\u0131lmak isteniyor. Bunu kabul etmiyoruz. Hrant Dink bizim insan\u0131m\u0131zd\u0131. Bu topraklar\u0131n insan\u0131yd\u0131. Anadolu insan\u0131yd\u0131. Bir gazeteciydi. Bir d\u00fc\u015f\u00fcnce adam\u0131yd\u0131. Demokrasiyi ve hukukun \u00fcst\u00fcnl\u00fc\u011f\u00fcn\u00fc savunan iktidar\u0131n, failleri ortaya \u00e7\u0131kartmas\u0131 gerekir. \u00c7\u0131kartm\u0131yorsan\u0131z, siz o su\u00e7un orta\u011f\u0131s\u0131n\u0131z. AKP bu su\u00e7un orta\u011f\u0131d\u0131r.&#8221;<\/p>\n<h2 style=\"text-align: justify\">Bir ba\u015fbakan, kad\u0131nlar\u0131n k\u0131yafetiyle u\u011fra\u015famaz<\/h2>\n<p style=\"text-align: justify\"><strong>Ge\u00e7ti\u011fimiz g\u00fcnlerde \u201cBa\u015fbakan kad\u0131nlar\u0131 dikizliyor\u201d diye bir ifade kulland\u0131n\u0131z ve Say\u0131n B\u00fclent Ar\u0131n\u00e7, Say\u0131n H\u00fcseyin \u00c7elik size olduk\u00e7a sert cevaplar verdi&#8230;<\/strong><\/p>\n<p style=\"text-align: justify\">&#8220;Ben sadece kahvede oturan vatanda\u015f\u0131n g\u00fcnl\u00fck diliyle bu olay\u0131 g\u00fcndeme getirdim. Bunun ad\u0131 dikizlemektir. Bundan rahats\u0131zl\u0131k duymu\u015f olabilir. As\u0131l rahats\u0131zl\u0131k duyulmas\u0131 gereken nokta \u015fu; Dolmabah\u00e7e\u2019de bir Ba\u015fbakan\u2019\u0131n Kad\u0131k\u00f6y\u2019den gelen vapurlara bakmas\u0131, oradaki insanlar\u0131n k\u0131l\u0131k k\u0131yafetlerini sorgulamas\u0131. Bir \u00fclkenin ba\u015fbakan\u0131n\u0131n, kad\u0131nlar\u0131n giysileriyle u\u011fra\u015fmas\u0131. \u0130\u00e7ine sindirememesine ra\u011fmen, \u201csayg\u0131 duyuyorum\u201d demesi. Olmaz! Olmaz! Bir ba\u015fbakan bunu yapamaz. 21. y\u00fczy\u0131l T\u00fcrkiye\u2019sinde bir ba\u015fbakan bunu yapamaz. Tarihin hi\u00e7bir d\u00f6neminde de olmam\u0131\u015ft\u0131r. Bizim Cumhuriyet tarihimizin hi\u00e7bir d\u00f6neminde, hi\u00e7bir ba\u015fbakan Kad\u0131k\u00f6y\u2019den gelen vapurlar\u0131 izleyip, kad\u0131nlar\u0131n k\u0131l\u0131k k\u0131yafetiyle ilgili g\u00f6r\u00fc\u015f\u00fcn\u00fc a\u00e7\u0131klamam\u0131\u015ft\u0131r.&#8221;<\/p>\n<p style=\"text-align: justify\"><b><i>http:\/\/t24.com.tr\/haber\/kilicdaroglu-chpde-basortulu-aday-niye-olmasin\/243264<\/i><\/b><\/p>\n","protected":false},"excerpt":{"rendered":"<p>K\u0131l\u0131\u00e7daro\u011flu: Say\u0131n Sar\u0131g\u00fcl, &#8216;Ben CHP\u2019nin Genel Ba\u015fkan\u0131 olaca\u011f\u0131m&#8217; diyorsa, bunun yollar\u0131 vard\u0131r, kurallar\u0131 vard\u0131r, kurultay\u0131 vard\u0131r. Gelir, kurultaya girer, se\u00e7ilirse se\u00e7ilir. Partisinde ba\u015f\u00f6rt\u00fcl\u00fc adaylara ye\u015fil \u0131\u015f\u0131k yakan CHP Genel Ba\u015fkan\u0131 Kemal K\u0131l\u0131\u00e7daro\u011flu, \u201cGelip adayl\u0131k ba\u015fvurusu yaps\u0131nlar, \u015fu anda fiilen parti y\u00f6netim kadrolar\u0131nda ba\u015f\u00f6rt\u00fcl\u00fc \u00e7ok say\u0131da kad\u0131n var. Hi\u00e7bir zaman onlara niye geliyorsunuz demedik&#8221; ifadelerini kulland\u0131. [&hellip;]<\/p>\n","protected":false},"author":3,"featured_media":0,"comment_status":"open","ping_status":"open","sticky":false,"template":"","format":"standard","meta":{"footnotes":""},"categories":[6,14,29],"tags":[],"class_list":["post-26654","post","type-post","status-publish","format-standard","hentry","category-ermeni-soykirimi","category-haberler","category-mulakatlar"],"yoast_head":"<!-- This site is optimized with the Yoast SEO plugin v27.4 - https:\/\/yoast.com\/product\/yoast-seo-wordpress\/ -->\n<title>K\u0131l\u0131\u00e7daro\u011flu: CHP\u2019de ba\u015f\u00f6rt\u00fcl\u00fc aday niye olmas\u0131n - Bati Ermenistan Ve Bati Ermenileri Sorunlari Ara\u015ftirmalar Merkezi<\/title>\n<meta name=\"robots\" content=\"index, follow, max-snippet:-1, max-image-preview:large, max-video-preview:-1\" \/>\n<link rel=\"canonical\" href=\"https:\/\/akunq.net\/turkish\/2013\/11\/05\/kilicdaroglu-chpde-basortulu-aday-niye-olmasin\/\" \/>\n<meta property=\"og:locale\" content=\"en_US\" \/>\n<meta property=\"og:type\" content=\"article\" \/>\n<meta property=\"og:title\" content=\"K\u0131l\u0131\u00e7daro\u011flu: CHP\u2019de ba\u015f\u00f6rt\u00fcl\u00fc aday niye olmas\u0131n - Bati Ermenistan Ve Bati Ermenileri Sorunlari Ara\u015ftirmalar Merkezi\" \/>\n<meta property=\"og:description\" content=\"K\u0131l\u0131\u00e7daro\u011flu: Say\u0131n Sar\u0131g\u00fcl, &#8216;Ben CHP\u2019nin Genel Ba\u015fkan\u0131 olaca\u011f\u0131m&#8217; diyorsa, bunun yollar\u0131 vard\u0131r, kurallar\u0131 vard\u0131r, kurultay\u0131 vard\u0131r. Gelir, kurultaya girer, se\u00e7ilirse se\u00e7ilir. Partisinde ba\u015f\u00f6rt\u00fcl\u00fc adaylara ye\u015fil \u0131\u015f\u0131k yakan CHP Genel Ba\u015fkan\u0131 Kemal K\u0131l\u0131\u00e7daro\u011flu, \u201cGelip adayl\u0131k ba\u015fvurusu yaps\u0131nlar, \u015fu anda fiilen parti y\u00f6netim kadrolar\u0131nda ba\u015f\u00f6rt\u00fcl\u00fc \u00e7ok say\u0131da kad\u0131n var. Hi\u00e7bir zaman onlara niye geliyorsunuz demedik&#8221; ifadelerini kulland\u0131. [&hellip;]\" \/>\n<meta property=\"og:url\" content=\"https:\/\/akunq.net\/turkish\/2013\/11\/05\/kilicdaroglu-chpde-basortulu-aday-niye-olmasin\/\" \/>\n<meta property=\"og:site_name\" content=\"Bati Ermenistan Ve Bati Ermenileri Sorunlari Ara\u015ftirmalar Merkezi\" \/>\n<meta property=\"article:published_time\" content=\"2013-11-05T06:01:00+00:00\" \/>\n<meta property=\"og:image\" content=\"http:\/\/media.t24.com.tr\/stories\/2013\/11\/page_kilicdaroglu-chpde-basortulu-aday-niye-olmasin_941174166.jpg\" \/>\n<meta name=\"author\" content=\"kalem\" \/>\n<meta name=\"twitter:card\" content=\"summary_large_image\" \/>\n<meta name=\"twitter:label1\" content=\"Written by\" \/>\n\t<meta name=\"twitter:data1\" content=\"kalem\" \/>\n\t<meta name=\"twitter:label2\" content=\"Est. reading time\" \/>\n\t<meta name=\"twitter:data2\" content=\"13 minutes\" \/>\n<script type=\"application\/ld+json\" class=\"yoast-schema-graph\">{\"@context\":\"https:\\\/\\\/schema.org\",\"@graph\":[{\"@type\":\"Article\",\"@id\":\"https:\\\/\\\/akunq.net\\\/turkish\\\/2013\\\/11\\\/05\\\/kilicdaroglu-chpde-basortulu-aday-niye-olmasin\\\/#article\",\"isPartOf\":{\"@id\":\"https:\\\/\\\/akunq.net\\\/turkish\\\/2013\\\/11\\\/05\\\/kilicdaroglu-chpde-basortulu-aday-niye-olmasin\\\/\"},\"author\":{\"name\":\"kalem\",\"@id\":\"https:\\\/\\\/akunq.net\\\/turkish\\\/#\\\/schema\\\/person\\\/135e7923d1aeb8887890799619969a6c\"},\"headline\":\"K\u0131l\u0131\u00e7daro\u011flu: CHP\u2019de ba\u015f\u00f6rt\u00fcl\u00fc aday niye olmas\u0131n\",\"datePublished\":\"2013-11-05T06:01:00+00:00\",\"mainEntityOfPage\":{\"@id\":\"https:\\\/\\\/akunq.net\\\/turkish\\\/2013\\\/11\\\/05\\\/kilicdaroglu-chpde-basortulu-aday-niye-olmasin\\\/\"},\"wordCount\":2578,\"commentCount\":0,\"image\":{\"@id\":\"https:\\\/\\\/akunq.net\\\/turkish\\\/2013\\\/11\\\/05\\\/kilicdaroglu-chpde-basortulu-aday-niye-olmasin\\\/#primaryimage\"},\"thumbnailUrl\":\"http:\\\/\\\/media.t24.com.tr\\\/stories\\\/2013\\\/11\\\/page_kilicdaroglu-chpde-basortulu-aday-niye-olmasin_941174166.jpg\",\"articleSection\":[\"Ermeni Soyk\u0131r\u0131m\u0131\",\"Haberler\",\"M\u00fclakatlar\"],\"inLanguage\":\"en-US\",\"potentialAction\":[{\"@type\":\"CommentAction\",\"name\":\"Comment\",\"target\":[\"https:\\\/\\\/akunq.net\\\/turkish\\\/2013\\\/11\\\/05\\\/kilicdaroglu-chpde-basortulu-aday-niye-olmasin\\\/#respond\"]}]},{\"@type\":\"WebPage\",\"@id\":\"https:\\\/\\\/akunq.net\\\/turkish\\\/2013\\\/11\\\/05\\\/kilicdaroglu-chpde-basortulu-aday-niye-olmasin\\\/\",\"url\":\"https:\\\/\\\/akunq.net\\\/turkish\\\/2013\\\/11\\\/05\\\/kilicdaroglu-chpde-basortulu-aday-niye-olmasin\\\/\",\"name\":\"K\u0131l\u0131\u00e7daro\u011flu: CHP\u2019de ba\u015f\u00f6rt\u00fcl\u00fc aday niye olmas\u0131n - Bati Ermenistan Ve Bati Ermenileri Sorunlari Ara\u015ftirmalar Merkezi\",\"isPartOf\":{\"@id\":\"https:\\\/\\\/akunq.net\\\/turkish\\\/#website\"},\"primaryImageOfPage\":{\"@id\":\"https:\\\/\\\/akunq.net\\\/turkish\\\/2013\\\/11\\\/05\\\/kilicdaroglu-chpde-basortulu-aday-niye-olmasin\\\/#primaryimage\"},\"image\":{\"@id\":\"https:\\\/\\\/akunq.net\\\/turkish\\\/2013\\\/11\\\/05\\\/kilicdaroglu-chpde-basortulu-aday-niye-olmasin\\\/#primaryimage\"},\"thumbnailUrl\":\"http:\\\/\\\/media.t24.com.tr\\\/stories\\\/2013\\\/11\\\/page_kilicdaroglu-chpde-basortulu-aday-niye-olmasin_941174166.jpg\",\"datePublished\":\"2013-11-05T06:01:00+00:00\",\"author\":{\"@id\":\"https:\\\/\\\/akunq.net\\\/turkish\\\/#\\\/schema\\\/person\\\/135e7923d1aeb8887890799619969a6c\"},\"breadcrumb\":{\"@id\":\"https:\\\/\\\/akunq.net\\\/turkish\\\/2013\\\/11\\\/05\\\/kilicdaroglu-chpde-basortulu-aday-niye-olmasin\\\/#breadcrumb\"},\"inLanguage\":\"en-US\",\"potentialAction\":[{\"@type\":\"ReadAction\",\"target\":[\"https:\\\/\\\/akunq.net\\\/turkish\\\/2013\\\/11\\\/05\\\/kilicdaroglu-chpde-basortulu-aday-niye-olmasin\\\/\"]}]},{\"@type\":\"ImageObject\",\"inLanguage\":\"en-US\",\"@id\":\"https:\\\/\\\/akunq.net\\\/turkish\\\/2013\\\/11\\\/05\\\/kilicdaroglu-chpde-basortulu-aday-niye-olmasin\\\/#primaryimage\",\"url\":\"http:\\\/\\\/media.t24.com.tr\\\/stories\\\/2013\\\/11\\\/page_kilicdaroglu-chpde-basortulu-aday-niye-olmasin_941174166.jpg\",\"contentUrl\":\"http:\\\/\\\/media.t24.com.tr\\\/stories\\\/2013\\\/11\\\/page_kilicdaroglu-chpde-basortulu-aday-niye-olmasin_941174166.jpg\"},{\"@type\":\"BreadcrumbList\",\"@id\":\"https:\\\/\\\/akunq.net\\\/turkish\\\/2013\\\/11\\\/05\\\/kilicdaroglu-chpde-basortulu-aday-niye-olmasin\\\/#breadcrumb\",\"itemListElement\":[{\"@type\":\"ListItem\",\"position\":1,\"name\":\"Home\",\"item\":\"https:\\\/\\\/akunq.net\\\/turkish\\\/\"},{\"@type\":\"ListItem\",\"position\":2,\"name\":\"K\u0131l\u0131\u00e7daro\u011flu: CHP\u2019de ba\u015f\u00f6rt\u00fcl\u00fc aday niye olmas\u0131n\"}]},{\"@type\":\"WebSite\",\"@id\":\"https:\\\/\\\/akunq.net\\\/turkish\\\/#website\",\"url\":\"https:\\\/\\\/akunq.net\\\/turkish\\\/\",\"name\":\"Bati Ermenistan Ve Bati Ermenileri Sorunlari Ara\u015ftirmalar Merkezi\",\"description\":\"\",\"potentialAction\":[{\"@type\":\"SearchAction\",\"target\":{\"@type\":\"EntryPoint\",\"urlTemplate\":\"https:\\\/\\\/akunq.net\\\/turkish\\\/?s={search_term_string}\"},\"query-input\":{\"@type\":\"PropertyValueSpecification\",\"valueRequired\":true,\"valueName\":\"search_term_string\"}}],\"inLanguage\":\"en-US\"},{\"@type\":\"Person\",\"@id\":\"https:\\\/\\\/akunq.net\\\/turkish\\\/#\\\/schema\\\/person\\\/135e7923d1aeb8887890799619969a6c\",\"name\":\"kalem\",\"image\":{\"@type\":\"ImageObject\",\"inLanguage\":\"en-US\",\"@id\":\"https:\\\/\\\/secure.gravatar.com\\\/avatar\\\/a06875e4b25feb5674296adf8e8a7ae1e587cebce2493fe63c456109967e27d3?s=96&d=mm&r=g\",\"url\":\"https:\\\/\\\/secure.gravatar.com\\\/avatar\\\/a06875e4b25feb5674296adf8e8a7ae1e587cebce2493fe63c456109967e27d3?s=96&d=mm&r=g\",\"contentUrl\":\"https:\\\/\\\/secure.gravatar.com\\\/avatar\\\/a06875e4b25feb5674296adf8e8a7ae1e587cebce2493fe63c456109967e27d3?s=96&d=mm&r=g\",\"caption\":\"kalem\"},\"url\":\"https:\\\/\\\/akunq.net\\\/turkish\\\/author\\\/kalem\\\/\"}]}<\/script>\n<!-- \/ Yoast SEO plugin. -->","yoast_head_json":{"title":"K\u0131l\u0131\u00e7daro\u011flu: CHP\u2019de ba\u015f\u00f6rt\u00fcl\u00fc aday niye olmas\u0131n - Bati Ermenistan Ve Bati Ermenileri Sorunlari Ara\u015ftirmalar Merkezi","robots":{"index":"index","follow":"follow","max-snippet":"max-snippet:-1","max-image-preview":"max-image-preview:large","max-video-preview":"max-video-preview:-1"},"canonical":"https:\/\/akunq.net\/turkish\/2013\/11\/05\/kilicdaroglu-chpde-basortulu-aday-niye-olmasin\/","og_locale":"en_US","og_type":"article","og_title":"K\u0131l\u0131\u00e7daro\u011flu: CHP\u2019de ba\u015f\u00f6rt\u00fcl\u00fc aday niye olmas\u0131n - Bati Ermenistan Ve Bati Ermenileri Sorunlari Ara\u015ftirmalar Merkezi","og_description":"K\u0131l\u0131\u00e7daro\u011flu: Say\u0131n Sar\u0131g\u00fcl, &#8216;Ben CHP\u2019nin Genel Ba\u015fkan\u0131 olaca\u011f\u0131m&#8217; diyorsa, bunun yollar\u0131 vard\u0131r, kurallar\u0131 vard\u0131r, kurultay\u0131 vard\u0131r. Gelir, kurultaya girer, se\u00e7ilirse se\u00e7ilir. Partisinde ba\u015f\u00f6rt\u00fcl\u00fc adaylara ye\u015fil \u0131\u015f\u0131k yakan CHP Genel Ba\u015fkan\u0131 Kemal K\u0131l\u0131\u00e7daro\u011flu, \u201cGelip adayl\u0131k ba\u015fvurusu yaps\u0131nlar, \u015fu anda fiilen parti y\u00f6netim kadrolar\u0131nda ba\u015f\u00f6rt\u00fcl\u00fc \u00e7ok say\u0131da kad\u0131n var. Hi\u00e7bir zaman onlara niye geliyorsunuz demedik&#8221; ifadelerini kulland\u0131. [&hellip;]","og_url":"https:\/\/akunq.net\/turkish\/2013\/11\/05\/kilicdaroglu-chpde-basortulu-aday-niye-olmasin\/","og_site_name":"Bati Ermenistan Ve Bati Ermenileri Sorunlari Ara\u015ftirmalar Merkezi","article_published_time":"2013-11-05T06:01:00+00:00","og_image":[{"url":"http:\/\/media.t24.com.tr\/stories\/2013\/11\/page_kilicdaroglu-chpde-basortulu-aday-niye-olmasin_941174166.jpg","type":"","width":"","height":""}],"author":"kalem","twitter_card":"summary_large_image","twitter_misc":{"Written by":"kalem","Est. reading time":"13 minutes"},"schema":{"@context":"https:\/\/schema.org","@graph":[{"@type":"Article","@id":"https:\/\/akunq.net\/turkish\/2013\/11\/05\/kilicdaroglu-chpde-basortulu-aday-niye-olmasin\/#article","isPartOf":{"@id":"https:\/\/akunq.net\/turkish\/2013\/11\/05\/kilicdaroglu-chpde-basortulu-aday-niye-olmasin\/"},"author":{"name":"kalem","@id":"https:\/\/akunq.net\/turkish\/#\/schema\/person\/135e7923d1aeb8887890799619969a6c"},"headline":"K\u0131l\u0131\u00e7daro\u011flu: CHP\u2019de ba\u015f\u00f6rt\u00fcl\u00fc aday niye olmas\u0131n","datePublished":"2013-11-05T06:01:00+00:00","mainEntityOfPage":{"@id":"https:\/\/akunq.net\/turkish\/2013\/11\/05\/kilicdaroglu-chpde-basortulu-aday-niye-olmasin\/"},"wordCount":2578,"commentCount":0,"image":{"@id":"https:\/\/akunq.net\/turkish\/2013\/11\/05\/kilicdaroglu-chpde-basortulu-aday-niye-olmasin\/#primaryimage"},"thumbnailUrl":"http:\/\/media.t24.com.tr\/stories\/2013\/11\/page_kilicdaroglu-chpde-basortulu-aday-niye-olmasin_941174166.jpg","articleSection":["Ermeni Soyk\u0131r\u0131m\u0131","Haberler","M\u00fclakatlar"],"inLanguage":"en-US","potentialAction":[{"@type":"CommentAction","name":"Comment","target":["https:\/\/akunq.net\/turkish\/2013\/11\/05\/kilicdaroglu-chpde-basortulu-aday-niye-olmasin\/#respond"]}]},{"@type":"WebPage","@id":"https:\/\/akunq.net\/turkish\/2013\/11\/05\/kilicdaroglu-chpde-basortulu-aday-niye-olmasin\/","url":"https:\/\/akunq.net\/turkish\/2013\/11\/05\/kilicdaroglu-chpde-basortulu-aday-niye-olmasin\/","name":"K\u0131l\u0131\u00e7daro\u011flu: CHP\u2019de ba\u015f\u00f6rt\u00fcl\u00fc aday niye olmas\u0131n - Bati Ermenistan Ve Bati Ermenileri Sorunlari Ara\u015ftirmalar Merkezi","isPartOf":{"@id":"https:\/\/akunq.net\/turkish\/#website"},"primaryImageOfPage":{"@id":"https:\/\/akunq.net\/turkish\/2013\/11\/05\/kilicdaroglu-chpde-basortulu-aday-niye-olmasin\/#primaryimage"},"image":{"@id":"https:\/\/akunq.net\/turkish\/2013\/11\/05\/kilicdaroglu-chpde-basortulu-aday-niye-olmasin\/#primaryimage"},"thumbnailUrl":"http:\/\/media.t24.com.tr\/stories\/2013\/11\/page_kilicdaroglu-chpde-basortulu-aday-niye-olmasin_941174166.jpg","datePublished":"2013-11-05T06:01:00+00:00","author":{"@id":"https:\/\/akunq.net\/turkish\/#\/schema\/person\/135e7923d1aeb8887890799619969a6c"},"breadcrumb":{"@id":"https:\/\/akunq.net\/turkish\/2013\/11\/05\/kilicdaroglu-chpde-basortulu-aday-niye-olmasin\/#breadcrumb"},"inLanguage":"en-US","potentialAction":[{"@type":"ReadAction","target":["https:\/\/akunq.net\/turkish\/2013\/11\/05\/kilicdaroglu-chpde-basortulu-aday-niye-olmasin\/"]}]},{"@type":"ImageObject","inLanguage":"en-US","@id":"https:\/\/akunq.net\/turkish\/2013\/11\/05\/kilicdaroglu-chpde-basortulu-aday-niye-olmasin\/#primaryimage","url":"http:\/\/media.t24.com.tr\/stories\/2013\/11\/page_kilicdaroglu-chpde-basortulu-aday-niye-olmasin_941174166.jpg","contentUrl":"http:\/\/media.t24.com.tr\/stories\/2013\/11\/page_kilicdaroglu-chpde-basortulu-aday-niye-olmasin_941174166.jpg"},{"@type":"BreadcrumbList","@id":"https:\/\/akunq.net\/turkish\/2013\/11\/05\/kilicdaroglu-chpde-basortulu-aday-niye-olmasin\/#breadcrumb","itemListElement":[{"@type":"ListItem","position":1,"name":"Home","item":"https:\/\/akunq.net\/turkish\/"},{"@type":"ListItem","position":2,"name":"K\u0131l\u0131\u00e7daro\u011flu: CHP\u2019de ba\u015f\u00f6rt\u00fcl\u00fc aday niye olmas\u0131n"}]},{"@type":"WebSite","@id":"https:\/\/akunq.net\/turkish\/#website","url":"https:\/\/akunq.net\/turkish\/","name":"Bati Ermenistan Ve Bati Ermenileri Sorunlari Ara\u015ftirmalar Merkezi","description":"","potentialAction":[{"@type":"SearchAction","target":{"@type":"EntryPoint","urlTemplate":"https:\/\/akunq.net\/turkish\/?s={search_term_string}"},"query-input":{"@type":"PropertyValueSpecification","valueRequired":true,"valueName":"search_term_string"}}],"inLanguage":"en-US"},{"@type":"Person","@id":"https:\/\/akunq.net\/turkish\/#\/schema\/person\/135e7923d1aeb8887890799619969a6c","name":"kalem","image":{"@type":"ImageObject","inLanguage":"en-US","@id":"https:\/\/secure.gravatar.com\/avatar\/a06875e4b25feb5674296adf8e8a7ae1e587cebce2493fe63c456109967e27d3?s=96&d=mm&r=g","url":"https:\/\/secure.gravatar.com\/avatar\/a06875e4b25feb5674296adf8e8a7ae1e587cebce2493fe63c456109967e27d3?s=96&d=mm&r=g","contentUrl":"https:\/\/secure.gravatar.com\/avatar\/a06875e4b25feb5674296adf8e8a7ae1e587cebce2493fe63c456109967e27d3?s=96&d=mm&r=g","caption":"kalem"},"url":"https:\/\/akunq.net\/turkish\/author\/kalem\/"}]}},"_links":{"self":[{"href":"https:\/\/akunq.net\/turkish\/wp-json\/wp\/v2\/posts\/26654","targetHints":{"allow":["GET"]}}],"collection":[{"href":"https:\/\/akunq.net\/turkish\/wp-json\/wp\/v2\/posts"}],"about":[{"href":"https:\/\/akunq.net\/turkish\/wp-json\/wp\/v2\/types\/post"}],"author":[{"embeddable":true,"href":"https:\/\/akunq.net\/turkish\/wp-json\/wp\/v2\/users\/3"}],"replies":[{"embeddable":true,"href":"https:\/\/akunq.net\/turkish\/wp-json\/wp\/v2\/comments?post=26654"}],"version-history":[{"count":0,"href":"https:\/\/akunq.net\/turkish\/wp-json\/wp\/v2\/posts\/26654\/revisions"}],"wp:attachment":[{"href":"https:\/\/akunq.net\/turkish\/wp-json\/wp\/v2\/media?parent=26654"}],"wp:term":[{"taxonomy":"category","embeddable":true,"href":"https:\/\/akunq.net\/turkish\/wp-json\/wp\/v2\/categories?post=26654"},{"taxonomy":"post_tag","embeddable":true,"href":"https:\/\/akunq.net\/turkish\/wp-json\/wp\/v2\/tags?post=26654"}],"curies":[{"name":"wp","href":"https:\/\/api.w.org\/{rel}","templated":true}]}}