{"id":26555,"date":"2013-11-01T03:35:19","date_gmt":"2013-11-01T08:35:19","guid":{"rendered":"http:\/\/akunq.net\/tr\/?p=26555"},"modified":"2013-11-01T03:35:19","modified_gmt":"2013-11-01T08:35:19","slug":"kck-davasi-siyasi-sike","status":"publish","type":"post","link":"https:\/\/akunq.net\/turkish\/2013\/11\/01\/kck-davasi-siyasi-sike\/","title":{"rendered":"KCK davas\u0131 siyasi \u015fike"},"content":{"rendered":"<p style=\"text-align: justify\"><b><a href=\"http:\/\/akunq.net\/tr\/wp-content\/uploads\/2013\/11\/Rag\u0131p-Zarakolu.jpg\"><img loading=\"lazy\" decoding=\"async\" class=\"alignright size-full wp-image-26556\" alt=\"Rag\u0131p Zarakolu\" src=\"http:\/\/akunq.net\/tr\/wp-content\/uploads\/2013\/11\/Rag\u0131p-Zarakolu.jpg\" width=\"300\" height=\"200\" \/><\/a>HRANT KASPARYAN<\/b><\/p>\n<p style=\"text-align: justify\"><b><i>KCK davas\u0131nda tutuksuz yarg\u0131lanan yay\u0131nc\u0131 Rag\u0131p Zarakolu\u2019ya g\u00f6re bu dava siyasi bir \u015fike. Zarakolu, \u201cKCK\u2019l\u0131 diye tutuklananlar\u0131n tek su\u00e7u yerel se\u00e7imde ba\u015far\u0131l\u0131 olmak\u201d dedi. <\/i><\/b><\/p>\n<p style=\"text-align: justify\">KCK davas\u0131 kapsam\u0131nda 31 Ekim 2011\u2019de tutuklanan Belge Yay\u0131nevi\u2019nin sahibi, yay\u0131nc\u0131 ve yazar Rag\u0131p Zarakolu, 10 Nisan 2012\u2019de tahliye edildi. O\u011flu Deniz Zarakolu da ayn\u0131 dava kapsam\u0131nda 7 Ekim 2011\u2019de tutukland\u0131. Rag\u0131p Zarakolu, tahliye edildi\u011fi g\u00fcnden beri s\u00fcrd\u00fcrd\u00fc\u011f\u00fc \u201csusma eylemi\u201dni Taraf okurlar\u0131 i\u00e7in bozdu. Zarakolu ile KCK davas\u0131 hakk\u0131nda konu\u015ftuk.<\/p>\n<p style=\"text-align: justify\"><b>Tutuklanma gerek\u00e7eniz neydi?<br \/>\n<\/b><br \/>\nParlamentoda grubu olan legal bir partinin (BDP) Siyaset Akademisi\u2019nin a\u00e7\u0131l\u0131\u015f resepsiyonuna, birinci devre mezunlar\u0131 i\u00e7in yap\u0131lan t\u00f6rene kat\u0131lmam ve her ikisinde de konu\u015fma yapm\u0131\u015f olmam. Delil ise gazete haberleri ve bir \u201ctan\u0131\u011f\u0131n\u201d ifadesinde, benim hoca kadrosunda oldu\u011fumu belirtmesi. \u0130ddianamede, uluslararas\u0131 prestijimden \u201cter\u00f6r \u00f6rg\u00fct\u00fcn\u00fc, bile bile yararland\u0131rm\u0131\u015f oldu\u011fum\u201d iddia edildi. Bizi tutuklayarak K\u00fcrtlerle g\u00f6n\u00fcl ba\u011f\u0131 olan ya da olmayan, solcu ya da liberal ayd\u0131nlara, \u201cAya\u011f\u0131n\u0131z\u0131 denk al\u0131n\u201d mesaj\u0131 verdiler.<\/p>\n<p style=\"text-align: justify\"><b>S\u0130YASAL \u015e\u0130KE<\/b><\/p>\n<p style=\"text-align: justify\"><b>Tahliyeden sonra susma eylemi yapt\u0131n\u0131z, bunun sebebi neydi?<br \/>\n<\/b><br \/>\nB\u00fcy\u00fck yazar Izak Babel\u2019in 1936 sonras\u0131 SSCB\u2019de ger\u00e7ekle\u015fen siyasal kitlesel tutuklamalar\u0131 protesto etmek i\u00e7in yapt\u0131\u011f\u0131 susma eyleminden etkilendim. Benimle ayn\u0131 durumda olan binlerce insan hapisteyken yap\u0131lacak herhangi bir konu\u015fma, bana y\u00f6nelik hukuksuzlu\u011fun giderildi\u011fi anlam\u0131na gelecek ve sanki kalanlar\u0131n \u201cbir \u015feyler yapm\u0131\u015f\u201d oldu\u011fu \u015feklinde bir kanaat yaratmak i\u00e7in siyasal iktidar taraf\u0131ndan kullan\u0131lacakt\u0131. \u00d6te yandan, duru\u015fmada \u201cEz li v\u0131r\u0131m\u201d yani \u201cBuraday\u0131m\u201d dedi\u011fi i\u00e7in, kendilerine kimlik bilgileri sorulmayanlara y\u00f6nelik uygulama, beni anadilim olan T\u00fcrk\u00e7eyi kullanmaya utand\u0131rd\u0131. Bu nedenle, suskunlu\u011fumu sadece, anadilim olan T\u00fcrk\u00e7e ile s\u0131n\u0131rland\u0131rd\u0131m. Yoksa Agos\u2019ta Ermenice, Welat\u2019ta K\u00fcrt\u00e7e, Daily News\u2019da, Armenian Weekly\u2019de \u0130ngilizce, Frankfurter Allgemeine Zeitung\u2019da Almanca yaz\u0131 ve s\u00f6yle\u015filerim \u00e7\u0131kt\u0131.<\/p>\n<p style=\"text-align: justify\"><b>\u0130ddianamede neler \u201csu\u00e7\u201d ve \u201cdelil\u201d olarak lanse ediliyor?<br \/>\n<\/b><br \/>\nParti toplant\u0131s\u0131na kat\u0131lmak \u201csu\u00e7\u201d, bas\u0131n toplant\u0131s\u0131na kat\u0131lmak \u201csu\u00e7\u201d, protesto g\u00f6sterisine kat\u0131lmak, hatta izlemek bile \u201csu\u00e7\u201d&#8230; Parti binas\u0131na girip \u00e7\u0131kmak ise \u201csu\u00e7 delili\u201d. Arkada\u015f\u0131n\u0131n \u201cpartili\u201d olmas\u0131, senin de \u201c\u015f\u00fcpheli\u201d say\u0131lman i\u00e7in \u201cdelil\u201d. Parti \u00fcyesi olmayan ve tutuklanmasa bu davada belki \u00e7evirmenlik yapacak olan, K\u00fcrt\u00e7e hocam M\u00fclaz\u0131m \u00d6zcan gibi, Akademi\u2019de sadece bir kere K\u00fcrt dili \u00fczerine \u201cders vermek\u201d. \u00dcniversiteli arkada\u015flar\u0131n birbirlerini ziyaret etmesi \u201csu\u00e7\u201d. \u00d6zel hayat utanmazca izlenebiliyor. Mahkemede yap\u0131lan delil sunumlar\u0131n\u0131 dinledik\u00e7e, ortada bir \u201ckriminal olgu\u201d olmad\u0131\u011f\u0131 her seferinde biraz daha ortaya \u00e7\u0131k\u0131yor. Savunma yapan avukat Ercan Kanar\u2019\u0131n dedi\u011fi gibi, bu davada savunma, s\u00fct\u00fcn renginin beyaz oldu\u011funu kan\u0131tlamak gibi bir durum.<\/p>\n<p style=\"text-align: justify\"><b>\u201cKCK\u201d ad\u0131 alt\u0131nda yap\u0131lan operasyonlar ve tutuklamalar nedir tam olarak?<br \/>\n<\/b><br \/>\nBir \u00e7e\u015fit \u201csivilleri\u201d yasal rehin alma olay\u0131. Legal bir partinin se\u00e7ilmi\u015f ba\u015fkanlar\u0131n\u0131n yarg\u0131lanmas\u0131, se\u00e7ilmi\u015flerin h\u00e2l\u00e2 hapiste tutulmas\u0131 bir skandal. Bunlar\u0131n as\u0131l su\u00e7lar\u0131 ise yerel se\u00e7imlerde ve 2011 genel se\u00e7imlerinde umulmad\u0131k \u00f6l\u00e7\u00fcde ba\u015far\u0131l\u0131 olmalar\u0131. \u015eimdi bir\u00e7ok yerde BDP\u2019nin kolu kanad\u0131 h\u00e2l\u00e2 k\u0131r\u0131k. Bu durum bir \u00e7e\u015fit \u201csiyasal \u015fike\u201d olay\u0131 bile say\u0131labilir. \u00d6n\u00fcm\u00fczdeki siyasal ma\u00e7a BDP ve m\u00fcttefikleri olan T\u00fcrkiye solunun zay\u0131flam\u0131\u015f olarak girmesi isteniyor. \u201cFetih\u00e7i\u201d bir anlay\u0131\u015fla, se\u00e7ilmi\u015f K\u00fcrt belediyelerinin \u201cd\u00fc\u015f\u00fcr\u00fclmesi\u201d hesaplan\u0131yor.<\/p>\n<p style=\"text-align: justify\"><b>TMK KALDIRILMAZSA&#8230;<\/b><\/p>\n<p style=\"text-align: justify\">BDP legal siyaset yapan bir parti. PKK bahane edilerek bu partinin \u00e7al\u0131\u015fanlar\u0131n\u0131n kitlesel olarak tutuklanmas\u0131, insana sava\u015f hallerindeki kitlesel rehin almalar\u0131 hat\u0131rlat\u0131yor. Ter\u00f6rle M\u00fccadele Kanunu (TMK) kald\u0131r\u0131lmazsa, bu h\u00e2liyle devam ederse, ayn\u0131 yasa kazara iktidar\u0131n el de\u011fi\u015ftirmesiyle, intikam ama\u00e7l\u0131 AKP kar\u015f\u0131t\u0131, cemaat kar\u015f\u0131t\u0131 bir iktidar taraf\u0131ndan kullan\u0131lacakt\u0131r. Bug\u00fcn nas\u0131l d\u00fcn\u00fcn muktedirlerinin, adil yarg\u0131lanmaya ihtiya\u00e7lar\u0131 olduysa, yar\u0131n da bug\u00fcn\u00fcn muktedirlerinin ihtiyac\u0131 olabilir.<\/p>\n<p style=\"text-align: justify\"><b>Savunmalar\u0131n K\u00fcrt\u00e7e yap\u0131lamamas\u0131 krizi hakk\u0131nda neler s\u00f6ylenebilir?<br \/>\n<\/b><br \/>\nTahliye olabilmenin tek \u00f6l\u00e7\u00fct\u00fc ad\u0131 okunan san\u0131\u011f\u0131n T\u00fcrk\u00e7e \u201cBuraday\u0131m\u201d yerine, K\u00fcrt\u00e7e \u201cEz li v\u0131r\u0131m\u201d deyip demedi\u011fiydi. O\u011flum Cihan Deniz, Ay\u015fe Berktay, Dursun Y\u0131ld\u0131z ya da di\u011ferleri gibi bu iki s\u00f6zc\u00fc\u011f\u00fc kulland\u0131\u011f\u0131 i\u00e7in iki y\u0131ld\u0131r hapiste. Anadilde savunmadan do\u011fan bu yarg\u0131 krizinin \u00e7\u00f6z\u00fclebilmesi i\u00e7in TBMM\u2019nin \u00f6zel yasa \u00e7\u0131karmas\u0131 gerekti. Oysa yarg\u0131 bu krizi, siyasal iradeye ihtiya\u00e7 olmadan a\u015fabilirdi. \u015eu anda Silivri\u2019de insanlar on y\u0131llar boyunca resm\u00ee olarak \u201cvar olmad\u0131\u011f\u0131\u201d iddia edilen anadillerinde savunma yaparken, duru\u015fmay\u0131 g\u00f6zlerime inanamayarak izliyorum. Dava yeniden h\u0131z kazand\u0131. KCK davalar\u0131nda anadil hakk\u0131na sahip \u00e7\u0131k\u0131lmas\u0131n\u0131n hi\u00e7 olmazsa b\u00f6yle somut bir sonucu oldu.<\/p>\n<p style=\"text-align: justify\"><b>\u201cK\u00dcRT BASINI KISKA\u00c7 ALTINDA\u201d<\/b><\/p>\n<p style=\"text-align: justify\"><b>\u00bb GAZETEC\u0130LER\u0130N tutuklanmas\u0131 hakk\u0131nda neler s\u00f6ylenebilir?<br \/>\n<\/b><br \/>\nK\u00fcrt gazetecilerin toplu tutuklanmas\u0131, d\u00fcnyan\u0131n T\u00fcrkiye\u2019de bu kadar \u00e7ok gazeteci oldu\u011funu fark etmesini sa\u011flad\u0131. 90\u2019l\u0131 y\u0131llarda da K\u00fcrt gazeteciler toplu olarak TMK \u00e7er\u00e7evesinde tutukland\u0131. Ama be\u011fenmedi\u011fimiz DGM\u2019ler bile onlar\u0131 serbest b\u0131rakt\u0131. Toplu KCK tutuklamalar\u0131 sonucunda, d\u00fcnyada herkes \u201cPes yahu\u201d dedi. B\u00fct\u00fcn o \u201creformcu\u201d makyaj akt\u0131 gitti. \u015eu s\u0131ralarda T\u00fcrkiye sadece siyasi tutuklu ve h\u00fck\u00fcml\u00fcler a\u00e7\u0131s\u0131ndan de\u011fil, hapisteki \u00f6\u011frenciler bak\u0131m\u0131ndan t\u00fcm d\u00fcnyada en b\u00fcy\u00fck sahip \u00fclke konumunda<\/p>\n<p style=\"text-align: justify\"><b>\u00bb Size g\u00f6re savunmalar ba\u015fka t\u00fcrl\u00fc yap\u0131labilir miydi?<br \/>\n<\/b><br \/>\nYarg\u0131n\u0131n refleksi, devlet yanl\u0131s\u0131 tutumu bilinmekte. Ama yarg\u0131n\u0131n bu geleneksel e\u011filimini prati\u011fe d\u00f6n\u00fc\u015ft\u00fcrmesini kolayla\u015ft\u0131rmamak gerekiyor. Her t\u00fcrl\u00fc \u00f6tekile\u015ftirmeden, kutupla\u015fmadan ka\u00e7\u0131nmak zorunlu; yarg\u0131n\u0131n savunma, iddia ve de heyet ayaklar\u0131n\u0131n hepsi a\u00e7\u0131s\u0131ndan olmazsa olmaz bir ko\u015ful bu. \u00d6nyarg\u0131lar, haks\u0131z kararlar bizi \u00f6fkeye sevk etmemeli, yanl\u0131\u015f yapmaya itmemeli. Elbette yarg\u0131 organ\u0131n\u0131n infaz organ\u0131 olmamas\u0131 gerekti\u011fini s\u00fcrekli anlataca\u011f\u0131z ve uyaraca\u011f\u0131z. Ama KCK \u0130stanbul davas\u0131nda neden gittik\u00e7e az savunma al\u0131nd\u0131\u011f\u0131n\u0131 sorgulamal\u0131y\u0131z. E\u011fer yarg\u0131, son duru\u015fmada oldu\u011fu gibi, sorguda h\u00e2l\u00e2 \u201cs\u00f6zde K\u00fcrt sorunu\u201d s\u00f6ylemi ile c\u00fcmle kuruyorsa; bu, ancak yarg\u0131n\u0131n siyasal iktidardan da geri oldu\u011funu \u015f\u00fcphesini uyand\u0131r\u0131r ancak. Hi\u00e7bir ego, savunulan san\u0131\u011f\u0131n, onun haklar\u0131n\u0131n, onun ma\u011fduriyetinin \u00f6n\u00fcne ge\u00e7memeli.<\/p>\n<p style=\"text-align: justify\"><b><i>http:\/\/www.taraf.com.tr\/haber\/kck-davasi-siyasi-sike.htm<\/i><\/b><\/p>\n","protected":false},"excerpt":{"rendered":"<p>HRANT KASPARYAN KCK davas\u0131nda tutuksuz yarg\u0131lanan yay\u0131nc\u0131 Rag\u0131p Zarakolu\u2019ya g\u00f6re bu dava siyasi bir \u015fike. Zarakolu, \u201cKCK\u2019l\u0131 diye tutuklananlar\u0131n tek su\u00e7u yerel se\u00e7imde ba\u015far\u0131l\u0131 olmak\u201d dedi. KCK davas\u0131 kapsam\u0131nda 31 Ekim 2011\u2019de tutuklanan Belge Yay\u0131nevi\u2019nin sahibi, yay\u0131nc\u0131 ve yazar Rag\u0131p Zarakolu, 10 Nisan 2012\u2019de tahliye edildi. O\u011flu Deniz Zarakolu da ayn\u0131 dava kapsam\u0131nda 7 Ekim [&hellip;]<\/p>\n","protected":false},"author":3,"featured_media":0,"comment_status":"open","ping_status":"open","sticky":false,"template":"","format":"standard","meta":{"footnotes":""},"categories":[14,29],"tags":[],"class_list":["post-26555","post","type-post","status-publish","format-standard","hentry","category-haberler","category-mulakatlar"],"yoast_head":"<!-- This site is optimized with the Yoast SEO plugin v27.4 - https:\/\/yoast.com\/product\/yoast-seo-wordpress\/ -->\n<title>KCK davas\u0131 siyasi \u015fike - Bati Ermenistan Ve Bati Ermenileri Sorunlari Ara\u015ftirmalar Merkezi<\/title>\n<meta name=\"robots\" content=\"index, follow, max-snippet:-1, max-image-preview:large, max-video-preview:-1\" \/>\n<link rel=\"canonical\" href=\"https:\/\/akunq.net\/turkish\/2013\/11\/01\/kck-davasi-siyasi-sike\/\" \/>\n<meta property=\"og:locale\" content=\"en_US\" \/>\n<meta property=\"og:type\" content=\"article\" \/>\n<meta property=\"og:title\" content=\"KCK davas\u0131 siyasi \u015fike - Bati Ermenistan Ve Bati Ermenileri Sorunlari Ara\u015ftirmalar Merkezi\" \/>\n<meta property=\"og:description\" content=\"HRANT KASPARYAN KCK davas\u0131nda tutuksuz yarg\u0131lanan yay\u0131nc\u0131 Rag\u0131p Zarakolu\u2019ya g\u00f6re bu dava siyasi bir \u015fike. Zarakolu, \u201cKCK\u2019l\u0131 diye tutuklananlar\u0131n tek su\u00e7u yerel se\u00e7imde ba\u015far\u0131l\u0131 olmak\u201d dedi. KCK davas\u0131 kapsam\u0131nda 31 Ekim 2011\u2019de tutuklanan Belge Yay\u0131nevi\u2019nin sahibi, yay\u0131nc\u0131 ve yazar Rag\u0131p Zarakolu, 10 Nisan 2012\u2019de tahliye edildi. O\u011flu Deniz Zarakolu da ayn\u0131 dava kapsam\u0131nda 7 Ekim [&hellip;]\" \/>\n<meta property=\"og:url\" content=\"https:\/\/akunq.net\/turkish\/2013\/11\/01\/kck-davasi-siyasi-sike\/\" \/>\n<meta property=\"og:site_name\" content=\"Bati Ermenistan Ve Bati Ermenileri Sorunlari Ara\u015ftirmalar Merkezi\" \/>\n<meta property=\"article:published_time\" content=\"2013-11-01T08:35:19+00:00\" \/>\n<meta name=\"author\" content=\"kalem\" \/>\n<meta name=\"twitter:card\" content=\"summary_large_image\" \/>\n<meta name=\"twitter:label1\" content=\"Written by\" \/>\n\t<meta name=\"twitter:data1\" content=\"kalem\" \/>\n\t<meta name=\"twitter:label2\" content=\"Est. reading time\" \/>\n\t<meta name=\"twitter:data2\" content=\"6 minutes\" \/>\n<script type=\"application\/ld+json\" class=\"yoast-schema-graph\">{\"@context\":\"https:\\\/\\\/schema.org\",\"@graph\":[{\"@type\":\"Article\",\"@id\":\"https:\\\/\\\/akunq.net\\\/turkish\\\/2013\\\/11\\\/01\\\/kck-davasi-siyasi-sike\\\/#article\",\"isPartOf\":{\"@id\":\"https:\\\/\\\/akunq.net\\\/turkish\\\/2013\\\/11\\\/01\\\/kck-davasi-siyasi-sike\\\/\"},\"author\":{\"name\":\"kalem\",\"@id\":\"https:\\\/\\\/akunq.net\\\/turkish\\\/#\\\/schema\\\/person\\\/135e7923d1aeb8887890799619969a6c\"},\"headline\":\"KCK davas\u0131 siyasi \u015fike\",\"datePublished\":\"2013-11-01T08:35:19+00:00\",\"mainEntityOfPage\":{\"@id\":\"https:\\\/\\\/akunq.net\\\/turkish\\\/2013\\\/11\\\/01\\\/kck-davasi-siyasi-sike\\\/\"},\"wordCount\":1136,\"commentCount\":0,\"articleSection\":[\"Haberler\",\"M\u00fclakatlar\"],\"inLanguage\":\"en-US\",\"potentialAction\":[{\"@type\":\"CommentAction\",\"name\":\"Comment\",\"target\":[\"https:\\\/\\\/akunq.net\\\/turkish\\\/2013\\\/11\\\/01\\\/kck-davasi-siyasi-sike\\\/#respond\"]}]},{\"@type\":\"WebPage\",\"@id\":\"https:\\\/\\\/akunq.net\\\/turkish\\\/2013\\\/11\\\/01\\\/kck-davasi-siyasi-sike\\\/\",\"url\":\"https:\\\/\\\/akunq.net\\\/turkish\\\/2013\\\/11\\\/01\\\/kck-davasi-siyasi-sike\\\/\",\"name\":\"KCK davas\u0131 siyasi \u015fike - Bati Ermenistan Ve Bati Ermenileri Sorunlari Ara\u015ftirmalar Merkezi\",\"isPartOf\":{\"@id\":\"https:\\\/\\\/akunq.net\\\/turkish\\\/#website\"},\"datePublished\":\"2013-11-01T08:35:19+00:00\",\"author\":{\"@id\":\"https:\\\/\\\/akunq.net\\\/turkish\\\/#\\\/schema\\\/person\\\/135e7923d1aeb8887890799619969a6c\"},\"breadcrumb\":{\"@id\":\"https:\\\/\\\/akunq.net\\\/turkish\\\/2013\\\/11\\\/01\\\/kck-davasi-siyasi-sike\\\/#breadcrumb\"},\"inLanguage\":\"en-US\",\"potentialAction\":[{\"@type\":\"ReadAction\",\"target\":[\"https:\\\/\\\/akunq.net\\\/turkish\\\/2013\\\/11\\\/01\\\/kck-davasi-siyasi-sike\\\/\"]}]},{\"@type\":\"BreadcrumbList\",\"@id\":\"https:\\\/\\\/akunq.net\\\/turkish\\\/2013\\\/11\\\/01\\\/kck-davasi-siyasi-sike\\\/#breadcrumb\",\"itemListElement\":[{\"@type\":\"ListItem\",\"position\":1,\"name\":\"Home\",\"item\":\"https:\\\/\\\/akunq.net\\\/turkish\\\/\"},{\"@type\":\"ListItem\",\"position\":2,\"name\":\"KCK davas\u0131 siyasi \u015fike\"}]},{\"@type\":\"WebSite\",\"@id\":\"https:\\\/\\\/akunq.net\\\/turkish\\\/#website\",\"url\":\"https:\\\/\\\/akunq.net\\\/turkish\\\/\",\"name\":\"Bati Ermenistan Ve Bati Ermenileri Sorunlari Ara\u015ftirmalar Merkezi\",\"description\":\"\",\"potentialAction\":[{\"@type\":\"SearchAction\",\"target\":{\"@type\":\"EntryPoint\",\"urlTemplate\":\"https:\\\/\\\/akunq.net\\\/turkish\\\/?s={search_term_string}\"},\"query-input\":{\"@type\":\"PropertyValueSpecification\",\"valueRequired\":true,\"valueName\":\"search_term_string\"}}],\"inLanguage\":\"en-US\"},{\"@type\":\"Person\",\"@id\":\"https:\\\/\\\/akunq.net\\\/turkish\\\/#\\\/schema\\\/person\\\/135e7923d1aeb8887890799619969a6c\",\"name\":\"kalem\",\"image\":{\"@type\":\"ImageObject\",\"inLanguage\":\"en-US\",\"@id\":\"https:\\\/\\\/secure.gravatar.com\\\/avatar\\\/a06875e4b25feb5674296adf8e8a7ae1e587cebce2493fe63c456109967e27d3?s=96&d=mm&r=g\",\"url\":\"https:\\\/\\\/secure.gravatar.com\\\/avatar\\\/a06875e4b25feb5674296adf8e8a7ae1e587cebce2493fe63c456109967e27d3?s=96&d=mm&r=g\",\"contentUrl\":\"https:\\\/\\\/secure.gravatar.com\\\/avatar\\\/a06875e4b25feb5674296adf8e8a7ae1e587cebce2493fe63c456109967e27d3?s=96&d=mm&r=g\",\"caption\":\"kalem\"},\"url\":\"https:\\\/\\\/akunq.net\\\/turkish\\\/author\\\/kalem\\\/\"}]}<\/script>\n<!-- \/ Yoast SEO plugin. -->","yoast_head_json":{"title":"KCK davas\u0131 siyasi \u015fike - Bati Ermenistan Ve Bati Ermenileri Sorunlari Ara\u015ftirmalar Merkezi","robots":{"index":"index","follow":"follow","max-snippet":"max-snippet:-1","max-image-preview":"max-image-preview:large","max-video-preview":"max-video-preview:-1"},"canonical":"https:\/\/akunq.net\/turkish\/2013\/11\/01\/kck-davasi-siyasi-sike\/","og_locale":"en_US","og_type":"article","og_title":"KCK davas\u0131 siyasi \u015fike - Bati Ermenistan Ve Bati Ermenileri Sorunlari Ara\u015ftirmalar Merkezi","og_description":"HRANT KASPARYAN KCK davas\u0131nda tutuksuz yarg\u0131lanan yay\u0131nc\u0131 Rag\u0131p Zarakolu\u2019ya g\u00f6re bu dava siyasi bir \u015fike. Zarakolu, \u201cKCK\u2019l\u0131 diye tutuklananlar\u0131n tek su\u00e7u yerel se\u00e7imde ba\u015far\u0131l\u0131 olmak\u201d dedi. KCK davas\u0131 kapsam\u0131nda 31 Ekim 2011\u2019de tutuklanan Belge Yay\u0131nevi\u2019nin sahibi, yay\u0131nc\u0131 ve yazar Rag\u0131p Zarakolu, 10 Nisan 2012\u2019de tahliye edildi. O\u011flu Deniz Zarakolu da ayn\u0131 dava kapsam\u0131nda 7 Ekim [&hellip;]","og_url":"https:\/\/akunq.net\/turkish\/2013\/11\/01\/kck-davasi-siyasi-sike\/","og_site_name":"Bati Ermenistan Ve Bati Ermenileri Sorunlari Ara\u015ftirmalar Merkezi","article_published_time":"2013-11-01T08:35:19+00:00","author":"kalem","twitter_card":"summary_large_image","twitter_misc":{"Written by":"kalem","Est. reading time":"6 minutes"},"schema":{"@context":"https:\/\/schema.org","@graph":[{"@type":"Article","@id":"https:\/\/akunq.net\/turkish\/2013\/11\/01\/kck-davasi-siyasi-sike\/#article","isPartOf":{"@id":"https:\/\/akunq.net\/turkish\/2013\/11\/01\/kck-davasi-siyasi-sike\/"},"author":{"name":"kalem","@id":"https:\/\/akunq.net\/turkish\/#\/schema\/person\/135e7923d1aeb8887890799619969a6c"},"headline":"KCK davas\u0131 siyasi \u015fike","datePublished":"2013-11-01T08:35:19+00:00","mainEntityOfPage":{"@id":"https:\/\/akunq.net\/turkish\/2013\/11\/01\/kck-davasi-siyasi-sike\/"},"wordCount":1136,"commentCount":0,"articleSection":["Haberler","M\u00fclakatlar"],"inLanguage":"en-US","potentialAction":[{"@type":"CommentAction","name":"Comment","target":["https:\/\/akunq.net\/turkish\/2013\/11\/01\/kck-davasi-siyasi-sike\/#respond"]}]},{"@type":"WebPage","@id":"https:\/\/akunq.net\/turkish\/2013\/11\/01\/kck-davasi-siyasi-sike\/","url":"https:\/\/akunq.net\/turkish\/2013\/11\/01\/kck-davasi-siyasi-sike\/","name":"KCK davas\u0131 siyasi \u015fike - Bati Ermenistan Ve Bati Ermenileri Sorunlari Ara\u015ftirmalar Merkezi","isPartOf":{"@id":"https:\/\/akunq.net\/turkish\/#website"},"datePublished":"2013-11-01T08:35:19+00:00","author":{"@id":"https:\/\/akunq.net\/turkish\/#\/schema\/person\/135e7923d1aeb8887890799619969a6c"},"breadcrumb":{"@id":"https:\/\/akunq.net\/turkish\/2013\/11\/01\/kck-davasi-siyasi-sike\/#breadcrumb"},"inLanguage":"en-US","potentialAction":[{"@type":"ReadAction","target":["https:\/\/akunq.net\/turkish\/2013\/11\/01\/kck-davasi-siyasi-sike\/"]}]},{"@type":"BreadcrumbList","@id":"https:\/\/akunq.net\/turkish\/2013\/11\/01\/kck-davasi-siyasi-sike\/#breadcrumb","itemListElement":[{"@type":"ListItem","position":1,"name":"Home","item":"https:\/\/akunq.net\/turkish\/"},{"@type":"ListItem","position":2,"name":"KCK davas\u0131 siyasi \u015fike"}]},{"@type":"WebSite","@id":"https:\/\/akunq.net\/turkish\/#website","url":"https:\/\/akunq.net\/turkish\/","name":"Bati Ermenistan Ve Bati Ermenileri Sorunlari Ara\u015ftirmalar Merkezi","description":"","potentialAction":[{"@type":"SearchAction","target":{"@type":"EntryPoint","urlTemplate":"https:\/\/akunq.net\/turkish\/?s={search_term_string}"},"query-input":{"@type":"PropertyValueSpecification","valueRequired":true,"valueName":"search_term_string"}}],"inLanguage":"en-US"},{"@type":"Person","@id":"https:\/\/akunq.net\/turkish\/#\/schema\/person\/135e7923d1aeb8887890799619969a6c","name":"kalem","image":{"@type":"ImageObject","inLanguage":"en-US","@id":"https:\/\/secure.gravatar.com\/avatar\/a06875e4b25feb5674296adf8e8a7ae1e587cebce2493fe63c456109967e27d3?s=96&d=mm&r=g","url":"https:\/\/secure.gravatar.com\/avatar\/a06875e4b25feb5674296adf8e8a7ae1e587cebce2493fe63c456109967e27d3?s=96&d=mm&r=g","contentUrl":"https:\/\/secure.gravatar.com\/avatar\/a06875e4b25feb5674296adf8e8a7ae1e587cebce2493fe63c456109967e27d3?s=96&d=mm&r=g","caption":"kalem"},"url":"https:\/\/akunq.net\/turkish\/author\/kalem\/"}]}},"_links":{"self":[{"href":"https:\/\/akunq.net\/turkish\/wp-json\/wp\/v2\/posts\/26555","targetHints":{"allow":["GET"]}}],"collection":[{"href":"https:\/\/akunq.net\/turkish\/wp-json\/wp\/v2\/posts"}],"about":[{"href":"https:\/\/akunq.net\/turkish\/wp-json\/wp\/v2\/types\/post"}],"author":[{"embeddable":true,"href":"https:\/\/akunq.net\/turkish\/wp-json\/wp\/v2\/users\/3"}],"replies":[{"embeddable":true,"href":"https:\/\/akunq.net\/turkish\/wp-json\/wp\/v2\/comments?post=26555"}],"version-history":[{"count":0,"href":"https:\/\/akunq.net\/turkish\/wp-json\/wp\/v2\/posts\/26555\/revisions"}],"wp:attachment":[{"href":"https:\/\/akunq.net\/turkish\/wp-json\/wp\/v2\/media?parent=26555"}],"wp:term":[{"taxonomy":"category","embeddable":true,"href":"https:\/\/akunq.net\/turkish\/wp-json\/wp\/v2\/categories?post=26555"},{"taxonomy":"post_tag","embeddable":true,"href":"https:\/\/akunq.net\/turkish\/wp-json\/wp\/v2\/tags?post=26555"}],"curies":[{"name":"wp","href":"https:\/\/api.w.org\/{rel}","templated":true}]}}