{"id":26418,"date":"2013-10-25T04:29:45","date_gmt":"2013-10-25T09:29:45","guid":{"rendered":"http:\/\/akunq.net\/tr\/?p=26418"},"modified":"2013-10-25T04:29:45","modified_gmt":"2013-10-25T09:29:45","slug":"turkiye-2015te-ozur-dilemese-de-orta-vadede-degisim-yasanacak","status":"publish","type":"post","link":"https:\/\/akunq.net\/turkish\/2013\/10\/25\/turkiye-2015te-ozur-dilemese-de-orta-vadede-degisim-yasanacak\/","title":{"rendered":"\u2018T\u00fcrkiye 2015\u2019te \u00f6z\u00fcr dilemese de orta vadede de\u011fi\u015fim ya\u015fanacak\u2019"},"content":{"rendered":"<p style=\"text-align: justify\"><b><a href=\"http:\/\/akunq.net\/tr\/wp-content\/uploads\/2013\/10\/Prof.-Elazar-Barkan.jpg\"><img loading=\"lazy\" decoding=\"async\" class=\"alignright size-medium wp-image-26419\" alt=\"Prof. Elazar Barkan\" src=\"http:\/\/akunq.net\/tr\/wp-content\/uploads\/2013\/10\/Prof.-Elazar-Barkan-300x217.jpg\" width=\"300\" height=\"217\" \/><\/a>BARI\u015e YILDIRIM<\/b><\/p>\n<p style=\"text-align: justify\"><b><i>T\u00fcrkiye&#8217;de devletin \u00f6z\u00fcr dilemesine pek al\u0131\u015f\u0131k de\u011filiz. Tam da soyk\u0131r\u0131m\u0131n y\u00fcz\u00fcnc\u00fc y\u0131l\u0131na do\u011fru yol al\u0131rken, Anadolu K\u00fclt\u00fcr ve A\u00e7\u0131k Toplum Vakf\u0131 \u2018Bir Daha Asla! Ge\u00e7mi\u015fle Y\u00fczle\u015fme ve \u00d6z\u00fcr\u2019 sergisini a\u00e7t\u0131. Sergide Almanya, ABD, Bulgaristan gibi sekiz \u00fclkenin ge\u00e7mi\u015flerindeki katliam ve soyk\u0131r\u0131mlarla nas\u0131l y\u00fczle\u015fti\u011fi foto\u011fraf, belge, video ve tan\u0131kl\u0131klar ile ele al\u0131n\u0131yor. <\/i><\/b><b><i>Siyaset\u00e7ilerin devlet ad\u0131na ma\u011fdurlardan diledi\u011fi \u00f6z\u00fcrler masaya yat\u0131r\u0131l\u0131yor. Sergi 24 Ekim\u2019de Tophane\u2019deki Depo\u2019da kap\u0131lar\u0131n\u0131 a\u00e7t\u0131. Biz de serginin akademik dan\u0131\u015fman\u0131 Prof. Elazar Barkan&#8217;la \u00f6z\u00fcr konusunu konu\u015ftuk. Columbia \u00dcniversitesi Uluslararas\u0131 \u0130li\u015fkiler B\u00f6l\u00fcm\u00fc\u2019nde \u0130nsan Haklar\u0131 Birimi direkt\u00f6r\u00fc olan Barkan, Lahey\u2019deki Tarihsel Adalet ve Bar\u0131\u015f Enstit\u00fcs\u00fc\u2019n\u00fcn de kurucular\u0131 aras\u0131nda yer al\u0131yor.<\/i><\/b><\/p>\n<ul style=\"text-align: justify\">\n<li><b>As\u0131l mesle\u011finiz tarih\u00e7ilik; \u00f6z\u00fcr konusuna ne zaman e\u011filmeye ba\u015flad\u0131n\u0131z?<\/b><\/li>\n<\/ul>\n<p style=\"text-align: justify\">Tarihte ya\u015fanm\u0131\u015f gaddarl\u0131klar\u0131n telafi edilmesiyle ilgilenmeye 1990&#8217;lar\u0131n ortas\u0131nda ba\u015flad\u0131m. \u2018Guilt of Nations\u2019 (Uluslar\u0131n G\u00fcnah\u0131) kitab\u0131m\u0131 2000 y\u0131l\u0131nda yay\u0131nlad\u0131m. Bu \u00e7al\u0131\u015fmamda g\u00fcn\u00fcm\u00fczde devletlerin, tarihte ilk kez olmak \u00fczere, su\u00e7lar\u0131yla y\u00fczle\u015fti\u011fini ve \u00f6z\u00fcrlerle bunu telafi etmeye \u00e7al\u0131\u015ft\u0131\u011f\u0131n\u0131 yazd\u0131m. Temel iddiam, ge\u00e7mi\u015fte ya\u015fananlar\u0131 de\u011fi\u015ftiremesek de, insanlar\u0131n ge\u00e7mi\u015fi d\u00fc\u015f\u00fcnme bi\u00e7imini de\u011fi\u015ftirebilece\u011fimiz. Baz\u0131lar\u0131, ge\u00e7mi\u015fi unutal\u0131m gelece\u011fe bakal\u0131m, diyor; ancak insanlar tarihi unutmaz ve kimlikler ge\u00e7mi\u015f olaylar \u00fczerine kurulur. Bir tarih\u00e7i olarak, tarih yaz\u0131m\u0131n\u0131n \u00e7at\u0131\u015fma \u00e7\u00f6z\u00fcm\u00fcnde nas\u0131l bir ara\u00e7 olarak kullan\u0131labilece\u011fiyle ilgileniyorum. Bu kayg\u0131yla 2000 y\u0131l\u0131nda Lahey\u2019de Tarihsel Adalet ve Bar\u0131\u015f Enstit\u00fcs\u00fc adl\u0131 STK&#8217;y\u0131 kurdum. \u00d6rg\u00fct\u00fcn amac\u0131, \u00e7at\u0131\u015fmalar\u0131n iki taraf\u0131ndan tarih\u00e7ileri biraraya getirerek milliyet\u00e7i olmayan bir tarih anlat\u0131s\u0131 olu\u015fturmak. Ermeni soyk\u0131r\u0131m\u0131yla ilgilenmem ise Ermeni-T\u00fcrk Ara\u015ft\u0131rmalar\u0131 \u00c7al\u0131\u015ftay\u0131 (WATS) kanal\u0131yla oldu. Soyk\u0131r\u0131m\u0131n 90. y\u0131l\u0131nda, Salzburg&#8217;daki WATS etkinli\u011finde Hrant Dink&#8217;le tan\u0131\u015ft\u0131m. Ard\u0131ndan Anadolu K\u00fclt\u00fcr&#8217;le temas kurdum ve yava\u015f yava\u015f bu sergi fikri ortaya \u00e7\u0131kt\u0131.<\/p>\n<ul style=\"text-align: justify\">\n<li><b>Bulgaristan&#8217;dan Almanya&#8217;ya pek \u00e7ok \u00f6z\u00fcr \u00f6rne\u011fini incelediniz. Bir as\u0131rd\u0131r \u00f6z\u00fcr dilemeyen T\u00fcrkiye bir istisna m\u0131? \u00a0 \u00a0<\/b><\/li>\n<\/ul>\n<p style=\"text-align: justify\">Bence de\u011fil; bunun yitirilmi\u015f bir m\u00fccadele oldu\u011funu da d\u00fc\u015f\u00fcnm\u00fcyorum. Barda\u011f\u0131n bo\u015f de\u011fil dolu taraf\u0131na bakmay\u0131 tercih ediyorum. Erdo\u011fan&#8217;\u0131n Dersim katliam\u0131 i\u00e7in \u00f6z\u00fcr dilemesi ve Mavi Marmara nedeniyle \u0130srail&#8217;den \u0131srarla \u00f6z\u00fcr talep etmesi, \u00f6z\u00fcr meselesine verdi\u011fi \u00f6nemi g\u00f6steriyor. Yani T\u00fcrkiye, \u00f6zr\u00fcn \u00f6nemli bir siyasal ara\u00e7 oldu\u011funu kabul ediyor. Umut var; \u00d6z\u00fcr imkans\u0131z de\u011fil. \u00d6z\u00fcrler ya belirli bir liderin inisiyatifiyle ortaya \u00e7\u0131kar, ya sivil toplumun yo\u011fun m\u00fccadelesiyle. Almanya&#8217;da Willy Brandt&#8217;\u0131n Var\u015fova Gettosu katliam\u0131 i\u00e7in diz \u00e7\u00f6kerek \u00f6z\u00fcr dilemesi ilkine bir \u00f6rnek. Ancak Japonlar \u0131srarla, 2. D\u00fcnya Sava\u015f\u0131&#8217;ndaki su\u00e7lar\u0131 i\u00e7in Kore ve \u00c7in&#8217;in talep etti\u011fi terimlerle \u00f6z\u00fcr dilemiyor. Dolay\u0131s\u0131yla \u00f6z\u00fcr, salt etik bir problem de\u011fil, yo\u011fun politik m\u00fczakere ve m\u00fccadelelere konu olan bir mesele. \u00d6z\u00fcrler, maalesef ma\u011fdurlar \u00f6zr\u00fc hak etti\u011fi zaman ortaya \u00e7\u0131km\u0131yor; uzun soluklu bir siyasi aktivizm ve bas\u0131n\u00e7 gerekiyor.<\/p>\n<ul style=\"text-align: justify\">\n<li><b>T\u00fcrkiye&#8217;nin 2015&#8217;te \u00f6z\u00fcr dilemesi sizce olas\u0131 m\u0131?<\/b><\/li>\n<\/ul>\n<p style=\"text-align: justify\">2005 y\u0131l\u0131nda, 2015&#8217;e kadar meselenin \u00e7oktan \u00e7\u00f6z\u00fclm\u00fc\u015f olaca\u011f\u0131n\u0131 ve T\u00fcrkiye&#8217;de b\u00fcy\u00fck bir anma d\u00fczenlenece\u011fini d\u00fc\u015f\u00fcn\u00fcyordum. \u015eu anda \u00e7ok \u015f\u00fcpheliyim. Ancak gecikme olsa bile, genel gidi\u015fat de\u011fi\u015fmedi. Suriye&#8217;deki i\u00e7 sava\u015f ve b\u00f6lgedeki geli\u015fmeler nedeniyle ABD, T\u00fcrkiye \u00fczerinde \u00e7ok daha az bas\u0131n\u00e7 uygulayabiliyor. Dolay\u0131s\u0131yla soyk\u0131r\u0131m\u0131n 100. y\u0131l\u0131na giderken, ABD&#8217;nin T\u00fcrkiye&#8217;nin \u00f6z\u00fcr dilemesi i\u00e7in bast\u0131rmas\u0131 bana pek olas\u0131 g\u00f6r\u00fcnm\u00fcyor. Gelgelelim T\u00fcrkiye&#8217;deki as\u0131l sorun, muhalefettekiler dahil hi\u00e7bir partinin \u00f6z\u00fcr fikrini savunmamas\u0131. Ortadaki engel, ba\u015fka \u00f6rneklerden \u00e7ok daha b\u00fcy\u00fck.<\/p>\n<ul style=\"text-align: justify\">\n<li><b>Peki, genel gidi\u015fat neden olumlu?<\/b><\/li>\n<\/ul>\n<p style=\"text-align: justify\">T\u00fcrkiye&#8217;de 2005&#8217;te d\u00fczenlenen, soyk\u0131r\u0131mla ilgili konferanslar bir \u00e7\u0131\u011f\u0131r a\u00e7t\u0131. Soyk\u0131r\u0131m\u0131n g\u00fcndemle\u015ftirilmesi, ifade \u00f6zg\u00fcrl\u00fc\u011f\u00fc m\u00fccadelesinin kilit konusu haline geldi. M\u00fccadele sivil toplum d\u00fczeyinde s\u00fcr\u00fcyor ve artan say\u0131da insan demokratikle\u015fme davas\u0131n\u0131 sahipleniyor. T\u00fcrkiye AB&#8217;ye kat\u0131ls\u0131n kat\u0131lmas\u0131n, \u00f6zellikle gen\u00e7 ku\u015fa\u011f\u0131n tavr\u0131 de\u011fi\u015fiyor ve bir noktada dengeler de\u011fi\u015fecek. Dahas\u0131, Ermeni kimli\u011fi \u00e7ok b\u00fcy\u00fck \u00f6l\u00e7\u00fcde soyk\u0131r\u0131m\u0131n tan\u0131nmas\u0131 meselesi \u00fczerine kurulu ve bunun de\u011fi\u015fece\u011fi yok. Yurtd\u0131\u015f\u0131nda da T\u00fcrkiye &#8216;ekonomik mucize&#8217;siyle de\u011fil, T\u00fcrk \u2013 Ermeni ili\u015fkileriyle konu\u015fuluyor. Dolay\u0131s\u0131yla konu g\u00fcndemden kalkm\u0131yor ve bir noktada \u00f6z\u00fcr dilenmesi bana ka\u00e7\u0131n\u0131lmaz g\u00f6r\u00fcn\u00fcyor. \u00d6rne\u011fin G\u00fcl ve Erdo\u011fan&#8217;\u0131n g\u00f6revlerini de\u011fi\u015ftirmesi durumunda bu konuda bir geli\u015fme olabilir. T\u00fcrkiye 2015&#8217;te \u00f6z\u00fcr dilemese bile, orta vadede de\u011fi\u015fim ya\u015fanacak.<\/p>\n<ul style=\"text-align: justify\">\n<li><b>Gezi eylemleri ve h\u00fck\u00fcmetin otoriter yakla\u015f\u0131m\u0131 g\u00f6r\u00fc\u015flerinizi etkiledi mi?<\/b><\/li>\n<\/ul>\n<p style=\"text-align: justify\">Protestolar beni uzun vadeli, yap\u0131sal d\u00fczeyde daha iyimser k\u0131ld\u0131, ama siyasal d\u00fczeyde bilakis k\u00f6t\u00fcmserle\u015ftim. H\u00fck\u00fcmetin eylemlere \u0131l\u0131ml\u0131 yakla\u015fmas\u0131n\u0131 umard\u0131m; oysa Erdo\u011fan gittik\u00e7e daha otoriter hale geliyor. Ayr\u0131ca, Gezi protestolar\u0131n\u0131 biraz Wall Street&#8217;i \u0130\u015fgal Et eylemlerine benzetiyorum. Zira T\u00fcrkiye&#8217;de de, g\u00f6steriler, toplumsal bas\u0131nc\u0131 siyasal arenaya ta\u015f\u0131yacak politik bir mekanizma olu\u015fturamad\u0131. \u00dclkede muhalefet partisi yok. Bu da k\u0131sa vadede insanlarda h\u00fcsran yaratabilir.<\/p>\n<ul style=\"text-align: justify\">\n<li><b>2008&#8217;de T\u00fcrkiye h\u00fck\u00fcmeti, 1915&#8217;le ilgili uluslararas\u0131 komisyon \u00f6nerdi\u011finde, siz New York Times&#8217;daki yaz\u0131n\u0131zda bunu desteklemi\u015ftiniz. G\u00f6r\u00fc\u015f\u00fcn\u00fcz h\u00e2l\u00e2 ge\u00e7erli mi?<\/b><\/li>\n<\/ul>\n<p style=\"text-align: justify\">Evet. Elbette bu t\u00fcr bir komisyon, Ermenilerin bilmedi\u011fi yepyeni ger\u00e7ekler ortaya \u00e7\u0131karacak de\u011fil. Mesele, iki taraftan tarih\u00e7ilerin biraraya gelip diyalog ba\u015flatmas\u0131, farklar\u0131 tespit etmesi ve ampirik veriyi taraflar\u0131n kabul edece\u011fi bir tarihsel anlat\u0131 haline getirmesi. Tarih\u00e7iler zaten ger\u00e7ekleri biliyor; ar\u015fivler a\u00e7\u0131ld\u0131k\u00e7a yeni bilgiler de derleniyor. Art\u0131k T\u00fcrk tarih\u00e7iler de de\u011ferli \u00e7al\u0131\u015fmalar yap\u0131yor. Bana kal\u0131rsa tarih\u00e7iler \u00e7ok daha \u00f6nemli bir rol oynamal\u0131. Mesle\u011fin k\u00fclt\u00fcr\u00fc nedeniyle, genelde ar\u015fivlerde tek ba\u015flar\u0131na \u00e7al\u0131\u015f\u0131yorlar ve kendilerini \u00e7at\u0131\u015fma \u00e7\u00f6z\u00fcm\u00fc uzman\u0131 gibi g\u00f6rm\u00fcyorlar. Oysa kolektif bi\u00e7imde aktif rol \u00fcstlenen tarih\u00e7iler, k\u00f6kl\u00fc anla\u015fmazl\u0131klar\u0131 a\u015facak k\u00f6pr\u00fc rol\u00fc oynayabilir.\u00a0\u00a0<\/p>\n<ul style=\"text-align: justify\">\n<li><b>Abdullah \u00d6calan&#8217;\u0131n K\u00fcrt sorununda \u00e7\u00f6z\u00fcm s\u00fcreci i\u00e7in ba\u011f\u0131ms\u0131z uluslararas\u0131 heyet \u00f6nerisini nas\u0131l g\u00f6r\u00fcyorsunuz?<\/b><\/li>\n<\/ul>\n<p style=\"text-align: justify\">Bu t\u00fcr bir komisyon faydal\u0131 olacakt\u0131r. Ba\u015fbakan Erdo\u011fan&#8217;\u0131n sadece \u00d6calan&#8217;la g\u00f6r\u00fc\u015fmeyi tercih etmesi ve K\u00fcrt sivil toplumunu s\u00fcrece katmamas\u0131 ciddi bir sorun. Bir y\u00f6ntem de h\u00fck\u00fcmeti beklemeden sivil toplum nezdinde, T\u00fcrk ve K\u00fcrt tarih\u00e7ilerin de kat\u0131l\u0131m\u0131yla, ba\u011f\u0131ms\u0131z bir komisyon kurulmas\u0131 olabilir. \u00a0<\/p>\n<p style=\"text-align: justify\"><b><i>http:\/\/www.agos.com.tr\/haber.php?seo=turkiye-2015te-ozur-dilemese-de-orta-vadede-degisim-yasanacak&amp;haberid=5966<\/i><\/b><\/p>\n","protected":false},"excerpt":{"rendered":"<p>BARI\u015e YILDIRIM T\u00fcrkiye&#8217;de devletin \u00f6z\u00fcr dilemesine pek al\u0131\u015f\u0131k de\u011filiz. Tam da soyk\u0131r\u0131m\u0131n y\u00fcz\u00fcnc\u00fc y\u0131l\u0131na do\u011fru yol al\u0131rken, Anadolu K\u00fclt\u00fcr ve A\u00e7\u0131k Toplum Vakf\u0131 \u2018Bir Daha Asla! Ge\u00e7mi\u015fle Y\u00fczle\u015fme ve \u00d6z\u00fcr\u2019 sergisini a\u00e7t\u0131. Sergide Almanya, ABD, Bulgaristan gibi sekiz \u00fclkenin ge\u00e7mi\u015flerindeki katliam ve soyk\u0131r\u0131mlarla nas\u0131l y\u00fczle\u015fti\u011fi foto\u011fraf, belge, video ve tan\u0131kl\u0131klar ile ele al\u0131n\u0131yor. Siyaset\u00e7ilerin devlet [&hellip;]<\/p>\n","protected":false},"author":3,"featured_media":0,"comment_status":"open","ping_status":"open","sticky":false,"template":"","format":"standard","meta":{"footnotes":""},"categories":[6,14,29],"tags":[],"class_list":["post-26418","post","type-post","status-publish","format-standard","hentry","category-ermeni-soykirimi","category-haberler","category-mulakatlar"],"yoast_head":"<!-- This site is optimized with the Yoast SEO plugin v27.4 - https:\/\/yoast.com\/product\/yoast-seo-wordpress\/ -->\n<title>\u2018T\u00fcrkiye 2015\u2019te \u00f6z\u00fcr dilemese de orta vadede de\u011fi\u015fim ya\u015fanacak\u2019 - Bati Ermenistan Ve Bati Ermenileri Sorunlari Ara\u015ftirmalar Merkezi<\/title>\n<meta name=\"robots\" content=\"index, follow, max-snippet:-1, max-image-preview:large, max-video-preview:-1\" \/>\n<link rel=\"canonical\" href=\"https:\/\/akunq.net\/turkish\/2013\/10\/25\/turkiye-2015te-ozur-dilemese-de-orta-vadede-degisim-yasanacak\/\" \/>\n<meta property=\"og:locale\" content=\"en_US\" \/>\n<meta property=\"og:type\" content=\"article\" \/>\n<meta property=\"og:title\" content=\"\u2018T\u00fcrkiye 2015\u2019te \u00f6z\u00fcr dilemese de orta vadede de\u011fi\u015fim ya\u015fanacak\u2019 - Bati Ermenistan Ve Bati Ermenileri Sorunlari Ara\u015ftirmalar Merkezi\" \/>\n<meta property=\"og:description\" content=\"BARI\u015e YILDIRIM T\u00fcrkiye&#8217;de devletin \u00f6z\u00fcr dilemesine pek al\u0131\u015f\u0131k de\u011filiz. Tam da soyk\u0131r\u0131m\u0131n y\u00fcz\u00fcnc\u00fc y\u0131l\u0131na do\u011fru yol al\u0131rken, Anadolu K\u00fclt\u00fcr ve A\u00e7\u0131k Toplum Vakf\u0131 \u2018Bir Daha Asla! Ge\u00e7mi\u015fle Y\u00fczle\u015fme ve \u00d6z\u00fcr\u2019 sergisini a\u00e7t\u0131. Sergide Almanya, ABD, Bulgaristan gibi sekiz \u00fclkenin ge\u00e7mi\u015flerindeki katliam ve soyk\u0131r\u0131mlarla nas\u0131l y\u00fczle\u015fti\u011fi foto\u011fraf, belge, video ve tan\u0131kl\u0131klar ile ele al\u0131n\u0131yor. Siyaset\u00e7ilerin devlet [&hellip;]\" \/>\n<meta property=\"og:url\" content=\"https:\/\/akunq.net\/turkish\/2013\/10\/25\/turkiye-2015te-ozur-dilemese-de-orta-vadede-degisim-yasanacak\/\" \/>\n<meta property=\"og:site_name\" content=\"Bati Ermenistan Ve Bati Ermenileri Sorunlari Ara\u015ftirmalar Merkezi\" \/>\n<meta property=\"article:published_time\" content=\"2013-10-25T09:29:45+00:00\" \/>\n<meta property=\"og:image\" content=\"https:\/\/akunq.net\/turkish\/wp-content\/uploads\/sites\/5\/2013\/10\/Prof.-Elazar-Barkan.jpg\" \/>\n\t<meta property=\"og:image:width\" content=\"551\" \/>\n\t<meta property=\"og:image:height\" content=\"400\" \/>\n\t<meta property=\"og:image:type\" content=\"image\/jpeg\" \/>\n<meta name=\"author\" content=\"kalem\" \/>\n<meta name=\"twitter:card\" content=\"summary_large_image\" \/>\n<meta name=\"twitter:label1\" content=\"Written by\" \/>\n\t<meta name=\"twitter:data1\" content=\"kalem\" \/>\n\t<meta name=\"twitter:label2\" content=\"Est. reading time\" \/>\n\t<meta name=\"twitter:data2\" content=\"6 minutes\" \/>\n<script type=\"application\/ld+json\" class=\"yoast-schema-graph\">{\"@context\":\"https:\\\/\\\/schema.org\",\"@graph\":[{\"@type\":\"Article\",\"@id\":\"https:\\\/\\\/akunq.net\\\/turkish\\\/2013\\\/10\\\/25\\\/turkiye-2015te-ozur-dilemese-de-orta-vadede-degisim-yasanacak\\\/#article\",\"isPartOf\":{\"@id\":\"https:\\\/\\\/akunq.net\\\/turkish\\\/2013\\\/10\\\/25\\\/turkiye-2015te-ozur-dilemese-de-orta-vadede-degisim-yasanacak\\\/\"},\"author\":{\"name\":\"kalem\",\"@id\":\"https:\\\/\\\/akunq.net\\\/turkish\\\/#\\\/schema\\\/person\\\/135e7923d1aeb8887890799619969a6c\"},\"headline\":\"\u2018T\u00fcrkiye 2015\u2019te \u00f6z\u00fcr dilemese de orta vadede de\u011fi\u015fim ya\u015fanacak\u2019\",\"datePublished\":\"2013-10-25T09:29:45+00:00\",\"mainEntityOfPage\":{\"@id\":\"https:\\\/\\\/akunq.net\\\/turkish\\\/2013\\\/10\\\/25\\\/turkiye-2015te-ozur-dilemese-de-orta-vadede-degisim-yasanacak\\\/\"},\"wordCount\":1263,\"commentCount\":0,\"image\":{\"@id\":\"https:\\\/\\\/akunq.net\\\/turkish\\\/2013\\\/10\\\/25\\\/turkiye-2015te-ozur-dilemese-de-orta-vadede-degisim-yasanacak\\\/#primaryimage\"},\"thumbnailUrl\":\"http:\\\/\\\/akunq.net\\\/tr\\\/wp-content\\\/uploads\\\/2013\\\/10\\\/Prof.-Elazar-Barkan-300x217.jpg\",\"articleSection\":[\"Ermeni Soyk\u0131r\u0131m\u0131\",\"Haberler\",\"M\u00fclakatlar\"],\"inLanguage\":\"en-US\",\"potentialAction\":[{\"@type\":\"CommentAction\",\"name\":\"Comment\",\"target\":[\"https:\\\/\\\/akunq.net\\\/turkish\\\/2013\\\/10\\\/25\\\/turkiye-2015te-ozur-dilemese-de-orta-vadede-degisim-yasanacak\\\/#respond\"]}]},{\"@type\":\"WebPage\",\"@id\":\"https:\\\/\\\/akunq.net\\\/turkish\\\/2013\\\/10\\\/25\\\/turkiye-2015te-ozur-dilemese-de-orta-vadede-degisim-yasanacak\\\/\",\"url\":\"https:\\\/\\\/akunq.net\\\/turkish\\\/2013\\\/10\\\/25\\\/turkiye-2015te-ozur-dilemese-de-orta-vadede-degisim-yasanacak\\\/\",\"name\":\"\u2018T\u00fcrkiye 2015\u2019te \u00f6z\u00fcr dilemese de orta vadede de\u011fi\u015fim ya\u015fanacak\u2019 - Bati Ermenistan Ve Bati Ermenileri Sorunlari Ara\u015ftirmalar Merkezi\",\"isPartOf\":{\"@id\":\"https:\\\/\\\/akunq.net\\\/turkish\\\/#website\"},\"primaryImageOfPage\":{\"@id\":\"https:\\\/\\\/akunq.net\\\/turkish\\\/2013\\\/10\\\/25\\\/turkiye-2015te-ozur-dilemese-de-orta-vadede-degisim-yasanacak\\\/#primaryimage\"},\"image\":{\"@id\":\"https:\\\/\\\/akunq.net\\\/turkish\\\/2013\\\/10\\\/25\\\/turkiye-2015te-ozur-dilemese-de-orta-vadede-degisim-yasanacak\\\/#primaryimage\"},\"thumbnailUrl\":\"http:\\\/\\\/akunq.net\\\/tr\\\/wp-content\\\/uploads\\\/2013\\\/10\\\/Prof.-Elazar-Barkan-300x217.jpg\",\"datePublished\":\"2013-10-25T09:29:45+00:00\",\"author\":{\"@id\":\"https:\\\/\\\/akunq.net\\\/turkish\\\/#\\\/schema\\\/person\\\/135e7923d1aeb8887890799619969a6c\"},\"breadcrumb\":{\"@id\":\"https:\\\/\\\/akunq.net\\\/turkish\\\/2013\\\/10\\\/25\\\/turkiye-2015te-ozur-dilemese-de-orta-vadede-degisim-yasanacak\\\/#breadcrumb\"},\"inLanguage\":\"en-US\",\"potentialAction\":[{\"@type\":\"ReadAction\",\"target\":[\"https:\\\/\\\/akunq.net\\\/turkish\\\/2013\\\/10\\\/25\\\/turkiye-2015te-ozur-dilemese-de-orta-vadede-degisim-yasanacak\\\/\"]}]},{\"@type\":\"ImageObject\",\"inLanguage\":\"en-US\",\"@id\":\"https:\\\/\\\/akunq.net\\\/turkish\\\/2013\\\/10\\\/25\\\/turkiye-2015te-ozur-dilemese-de-orta-vadede-degisim-yasanacak\\\/#primaryimage\",\"url\":\"http:\\\/\\\/akunq.net\\\/tr\\\/wp-content\\\/uploads\\\/2013\\\/10\\\/Prof.-Elazar-Barkan-300x217.jpg\",\"contentUrl\":\"http:\\\/\\\/akunq.net\\\/tr\\\/wp-content\\\/uploads\\\/2013\\\/10\\\/Prof.-Elazar-Barkan-300x217.jpg\"},{\"@type\":\"BreadcrumbList\",\"@id\":\"https:\\\/\\\/akunq.net\\\/turkish\\\/2013\\\/10\\\/25\\\/turkiye-2015te-ozur-dilemese-de-orta-vadede-degisim-yasanacak\\\/#breadcrumb\",\"itemListElement\":[{\"@type\":\"ListItem\",\"position\":1,\"name\":\"Home\",\"item\":\"https:\\\/\\\/akunq.net\\\/turkish\\\/\"},{\"@type\":\"ListItem\",\"position\":2,\"name\":\"\u2018T\u00fcrkiye 2015\u2019te \u00f6z\u00fcr dilemese de orta vadede de\u011fi\u015fim ya\u015fanacak\u2019\"}]},{\"@type\":\"WebSite\",\"@id\":\"https:\\\/\\\/akunq.net\\\/turkish\\\/#website\",\"url\":\"https:\\\/\\\/akunq.net\\\/turkish\\\/\",\"name\":\"Bati Ermenistan Ve Bati Ermenileri Sorunlari Ara\u015ftirmalar Merkezi\",\"description\":\"\",\"potentialAction\":[{\"@type\":\"SearchAction\",\"target\":{\"@type\":\"EntryPoint\",\"urlTemplate\":\"https:\\\/\\\/akunq.net\\\/turkish\\\/?s={search_term_string}\"},\"query-input\":{\"@type\":\"PropertyValueSpecification\",\"valueRequired\":true,\"valueName\":\"search_term_string\"}}],\"inLanguage\":\"en-US\"},{\"@type\":\"Person\",\"@id\":\"https:\\\/\\\/akunq.net\\\/turkish\\\/#\\\/schema\\\/person\\\/135e7923d1aeb8887890799619969a6c\",\"name\":\"kalem\",\"image\":{\"@type\":\"ImageObject\",\"inLanguage\":\"en-US\",\"@id\":\"https:\\\/\\\/secure.gravatar.com\\\/avatar\\\/a06875e4b25feb5674296adf8e8a7ae1e587cebce2493fe63c456109967e27d3?s=96&d=mm&r=g\",\"url\":\"https:\\\/\\\/secure.gravatar.com\\\/avatar\\\/a06875e4b25feb5674296adf8e8a7ae1e587cebce2493fe63c456109967e27d3?s=96&d=mm&r=g\",\"contentUrl\":\"https:\\\/\\\/secure.gravatar.com\\\/avatar\\\/a06875e4b25feb5674296adf8e8a7ae1e587cebce2493fe63c456109967e27d3?s=96&d=mm&r=g\",\"caption\":\"kalem\"},\"url\":\"https:\\\/\\\/akunq.net\\\/turkish\\\/author\\\/kalem\\\/\"}]}<\/script>\n<!-- \/ Yoast SEO plugin. -->","yoast_head_json":{"title":"\u2018T\u00fcrkiye 2015\u2019te \u00f6z\u00fcr dilemese de orta vadede de\u011fi\u015fim ya\u015fanacak\u2019 - Bati Ermenistan Ve Bati Ermenileri Sorunlari Ara\u015ftirmalar Merkezi","robots":{"index":"index","follow":"follow","max-snippet":"max-snippet:-1","max-image-preview":"max-image-preview:large","max-video-preview":"max-video-preview:-1"},"canonical":"https:\/\/akunq.net\/turkish\/2013\/10\/25\/turkiye-2015te-ozur-dilemese-de-orta-vadede-degisim-yasanacak\/","og_locale":"en_US","og_type":"article","og_title":"\u2018T\u00fcrkiye 2015\u2019te \u00f6z\u00fcr dilemese de orta vadede de\u011fi\u015fim ya\u015fanacak\u2019 - Bati Ermenistan Ve Bati Ermenileri Sorunlari Ara\u015ftirmalar Merkezi","og_description":"BARI\u015e YILDIRIM T\u00fcrkiye&#8217;de devletin \u00f6z\u00fcr dilemesine pek al\u0131\u015f\u0131k de\u011filiz. Tam da soyk\u0131r\u0131m\u0131n y\u00fcz\u00fcnc\u00fc y\u0131l\u0131na do\u011fru yol al\u0131rken, Anadolu K\u00fclt\u00fcr ve A\u00e7\u0131k Toplum Vakf\u0131 \u2018Bir Daha Asla! Ge\u00e7mi\u015fle Y\u00fczle\u015fme ve \u00d6z\u00fcr\u2019 sergisini a\u00e7t\u0131. Sergide Almanya, ABD, Bulgaristan gibi sekiz \u00fclkenin ge\u00e7mi\u015flerindeki katliam ve soyk\u0131r\u0131mlarla nas\u0131l y\u00fczle\u015fti\u011fi foto\u011fraf, belge, video ve tan\u0131kl\u0131klar ile ele al\u0131n\u0131yor. Siyaset\u00e7ilerin devlet [&hellip;]","og_url":"https:\/\/akunq.net\/turkish\/2013\/10\/25\/turkiye-2015te-ozur-dilemese-de-orta-vadede-degisim-yasanacak\/","og_site_name":"Bati Ermenistan Ve Bati Ermenileri Sorunlari Ara\u015ftirmalar Merkezi","article_published_time":"2013-10-25T09:29:45+00:00","og_image":[{"width":551,"height":400,"url":"https:\/\/akunq.net\/turkish\/wp-content\/uploads\/sites\/5\/2013\/10\/Prof.-Elazar-Barkan.jpg","type":"image\/jpeg"}],"author":"kalem","twitter_card":"summary_large_image","twitter_misc":{"Written by":"kalem","Est. reading time":"6 minutes"},"schema":{"@context":"https:\/\/schema.org","@graph":[{"@type":"Article","@id":"https:\/\/akunq.net\/turkish\/2013\/10\/25\/turkiye-2015te-ozur-dilemese-de-orta-vadede-degisim-yasanacak\/#article","isPartOf":{"@id":"https:\/\/akunq.net\/turkish\/2013\/10\/25\/turkiye-2015te-ozur-dilemese-de-orta-vadede-degisim-yasanacak\/"},"author":{"name":"kalem","@id":"https:\/\/akunq.net\/turkish\/#\/schema\/person\/135e7923d1aeb8887890799619969a6c"},"headline":"\u2018T\u00fcrkiye 2015\u2019te \u00f6z\u00fcr dilemese de orta vadede de\u011fi\u015fim ya\u015fanacak\u2019","datePublished":"2013-10-25T09:29:45+00:00","mainEntityOfPage":{"@id":"https:\/\/akunq.net\/turkish\/2013\/10\/25\/turkiye-2015te-ozur-dilemese-de-orta-vadede-degisim-yasanacak\/"},"wordCount":1263,"commentCount":0,"image":{"@id":"https:\/\/akunq.net\/turkish\/2013\/10\/25\/turkiye-2015te-ozur-dilemese-de-orta-vadede-degisim-yasanacak\/#primaryimage"},"thumbnailUrl":"http:\/\/akunq.net\/tr\/wp-content\/uploads\/2013\/10\/Prof.-Elazar-Barkan-300x217.jpg","articleSection":["Ermeni Soyk\u0131r\u0131m\u0131","Haberler","M\u00fclakatlar"],"inLanguage":"en-US","potentialAction":[{"@type":"CommentAction","name":"Comment","target":["https:\/\/akunq.net\/turkish\/2013\/10\/25\/turkiye-2015te-ozur-dilemese-de-orta-vadede-degisim-yasanacak\/#respond"]}]},{"@type":"WebPage","@id":"https:\/\/akunq.net\/turkish\/2013\/10\/25\/turkiye-2015te-ozur-dilemese-de-orta-vadede-degisim-yasanacak\/","url":"https:\/\/akunq.net\/turkish\/2013\/10\/25\/turkiye-2015te-ozur-dilemese-de-orta-vadede-degisim-yasanacak\/","name":"\u2018T\u00fcrkiye 2015\u2019te \u00f6z\u00fcr dilemese de orta vadede de\u011fi\u015fim ya\u015fanacak\u2019 - Bati Ermenistan Ve Bati Ermenileri Sorunlari Ara\u015ftirmalar Merkezi","isPartOf":{"@id":"https:\/\/akunq.net\/turkish\/#website"},"primaryImageOfPage":{"@id":"https:\/\/akunq.net\/turkish\/2013\/10\/25\/turkiye-2015te-ozur-dilemese-de-orta-vadede-degisim-yasanacak\/#primaryimage"},"image":{"@id":"https:\/\/akunq.net\/turkish\/2013\/10\/25\/turkiye-2015te-ozur-dilemese-de-orta-vadede-degisim-yasanacak\/#primaryimage"},"thumbnailUrl":"http:\/\/akunq.net\/tr\/wp-content\/uploads\/2013\/10\/Prof.-Elazar-Barkan-300x217.jpg","datePublished":"2013-10-25T09:29:45+00:00","author":{"@id":"https:\/\/akunq.net\/turkish\/#\/schema\/person\/135e7923d1aeb8887890799619969a6c"},"breadcrumb":{"@id":"https:\/\/akunq.net\/turkish\/2013\/10\/25\/turkiye-2015te-ozur-dilemese-de-orta-vadede-degisim-yasanacak\/#breadcrumb"},"inLanguage":"en-US","potentialAction":[{"@type":"ReadAction","target":["https:\/\/akunq.net\/turkish\/2013\/10\/25\/turkiye-2015te-ozur-dilemese-de-orta-vadede-degisim-yasanacak\/"]}]},{"@type":"ImageObject","inLanguage":"en-US","@id":"https:\/\/akunq.net\/turkish\/2013\/10\/25\/turkiye-2015te-ozur-dilemese-de-orta-vadede-degisim-yasanacak\/#primaryimage","url":"http:\/\/akunq.net\/tr\/wp-content\/uploads\/2013\/10\/Prof.-Elazar-Barkan-300x217.jpg","contentUrl":"http:\/\/akunq.net\/tr\/wp-content\/uploads\/2013\/10\/Prof.-Elazar-Barkan-300x217.jpg"},{"@type":"BreadcrumbList","@id":"https:\/\/akunq.net\/turkish\/2013\/10\/25\/turkiye-2015te-ozur-dilemese-de-orta-vadede-degisim-yasanacak\/#breadcrumb","itemListElement":[{"@type":"ListItem","position":1,"name":"Home","item":"https:\/\/akunq.net\/turkish\/"},{"@type":"ListItem","position":2,"name":"\u2018T\u00fcrkiye 2015\u2019te \u00f6z\u00fcr dilemese de orta vadede de\u011fi\u015fim ya\u015fanacak\u2019"}]},{"@type":"WebSite","@id":"https:\/\/akunq.net\/turkish\/#website","url":"https:\/\/akunq.net\/turkish\/","name":"Bati Ermenistan Ve Bati Ermenileri Sorunlari Ara\u015ftirmalar Merkezi","description":"","potentialAction":[{"@type":"SearchAction","target":{"@type":"EntryPoint","urlTemplate":"https:\/\/akunq.net\/turkish\/?s={search_term_string}"},"query-input":{"@type":"PropertyValueSpecification","valueRequired":true,"valueName":"search_term_string"}}],"inLanguage":"en-US"},{"@type":"Person","@id":"https:\/\/akunq.net\/turkish\/#\/schema\/person\/135e7923d1aeb8887890799619969a6c","name":"kalem","image":{"@type":"ImageObject","inLanguage":"en-US","@id":"https:\/\/secure.gravatar.com\/avatar\/a06875e4b25feb5674296adf8e8a7ae1e587cebce2493fe63c456109967e27d3?s=96&d=mm&r=g","url":"https:\/\/secure.gravatar.com\/avatar\/a06875e4b25feb5674296adf8e8a7ae1e587cebce2493fe63c456109967e27d3?s=96&d=mm&r=g","contentUrl":"https:\/\/secure.gravatar.com\/avatar\/a06875e4b25feb5674296adf8e8a7ae1e587cebce2493fe63c456109967e27d3?s=96&d=mm&r=g","caption":"kalem"},"url":"https:\/\/akunq.net\/turkish\/author\/kalem\/"}]}},"_links":{"self":[{"href":"https:\/\/akunq.net\/turkish\/wp-json\/wp\/v2\/posts\/26418","targetHints":{"allow":["GET"]}}],"collection":[{"href":"https:\/\/akunq.net\/turkish\/wp-json\/wp\/v2\/posts"}],"about":[{"href":"https:\/\/akunq.net\/turkish\/wp-json\/wp\/v2\/types\/post"}],"author":[{"embeddable":true,"href":"https:\/\/akunq.net\/turkish\/wp-json\/wp\/v2\/users\/3"}],"replies":[{"embeddable":true,"href":"https:\/\/akunq.net\/turkish\/wp-json\/wp\/v2\/comments?post=26418"}],"version-history":[{"count":0,"href":"https:\/\/akunq.net\/turkish\/wp-json\/wp\/v2\/posts\/26418\/revisions"}],"wp:attachment":[{"href":"https:\/\/akunq.net\/turkish\/wp-json\/wp\/v2\/media?parent=26418"}],"wp:term":[{"taxonomy":"category","embeddable":true,"href":"https:\/\/akunq.net\/turkish\/wp-json\/wp\/v2\/categories?post=26418"},{"taxonomy":"post_tag","embeddable":true,"href":"https:\/\/akunq.net\/turkish\/wp-json\/wp\/v2\/tags?post=26418"}],"curies":[{"name":"wp","href":"https:\/\/api.w.org\/{rel}","templated":true}]}}