{"id":26238,"date":"2013-10-19T01:27:43","date_gmt":"2013-10-19T06:27:43","guid":{"rendered":"http:\/\/akunq.net\/tr\/?p=26238"},"modified":"2013-10-19T01:27:43","modified_gmt":"2013-10-19T06:27:43","slug":"yerevanda-istanbul-marmara-gazetesi-gn-yayin-yonet-yard-makruhi-hakobyanin-eserinin-tanitimi-gerceklestirildi","status":"publish","type":"post","link":"https:\/\/akunq.net\/turkish\/2013\/10\/19\/yerevanda-istanbul-marmara-gazetesi-gn-yayin-yonet-yard-makruhi-hakobyanin-eserinin-tanitimi-gerceklestirildi\/","title":{"rendered":"Yerevan\u2019da \u0130stanbul \u00abMarmara\u00bb gazetesi Gn. Yay\u0131n Y\u00f6net. yard. Makruhi Hakobyan\u2019\u0131n eserinin tan\u0131t\u0131m\u0131 ger\u00e7ekle\u015ftirildi"},"content":{"rendered":"<p style=\"text-align: justify\"><b><i><a href=\"http:\/\/akunq.net\/tr\/wp-content\/uploads\/2013\/10\/Makruhi-Hakobyan\u2019\u0131n-eserinin-tan\u0131t\u0131m\u0131.jpg\"><img loading=\"lazy\" decoding=\"async\" class=\"alignright size-medium wp-image-26239\" alt=\"Makruhi Hakobyan\u2019\u0131n eserinin tan\u0131t\u0131m\u0131\" src=\"http:\/\/akunq.net\/tr\/wp-content\/uploads\/2013\/10\/Makruhi-Hakobyan\u2019\u0131n-eserinin-tan\u0131t\u0131m\u0131-300x226.jpg\" width=\"300\" height=\"226\" \/><\/a>Yerevan\u2019da 17 Ekim\u2019de \u0130stanbul \u00abMarmara\u00bb gazetesi Gn. Yay\u0131n Y\u00f6net. yard., \u00abSp.P\u0131rgi\u00e7\u00bb\u00a0 dergisi edit\u00f6r\u00fc, \u00e7evirmen, emektar e\u011fitmen Makruhi B. Hakobyan\u2019\u0131n \u00abEdebiyat\u0131m\u0131z\u0131n emektarlar\u0131yla noktas\u0131z sohbet\u00bb eserinin tan\u0131t\u0131m\u0131 ger\u00e7ekle\u015ftirildi.<\/i><\/b><\/p>\n<p style=\"text-align: justify\">Diaspora Bakanl\u0131\u011f\u0131 Bas\u0131n Servisinin verdi\u011fi bilgiye g\u00f6re; etkinli\u011fin a\u00e7\u0131l\u0131\u015f konu\u015fmas\u0131n\u0131 Diaspora Bakan yard. Serj Srapionyan yapt\u0131. Emektar edit\u00f6r\u00fcn \u00e7al\u0131\u015fmalar\u0131n\u0131 olduk\u00e7a takdir eden Srapionyan \u00abMakruhi Hakobyan\u2019\u0131n bu \u00e7al\u0131\u015fmas\u0131 gerilemenin \u00f6zg\u00fcn bir alarm\u0131, toplumun dikkatini yok olmakta olan \u0130stanbul Ermeni nesli \u00fczerine toplamaya y\u00f6nelik kaydedici ve esasl\u0131 bir eserdir\u2033 dedi. Srapionyan, Diaspora bakan\u0131 Hranu\u015f Hakobyan\u2019\u0131n, Makruhi Hakobyan\u2019\u0131n \u0130stabul Ermeni toplumunun yetenekli\u00a0 simalar\u0131n\u0131 Anayurtta tan\u0131t\u0131m y\u00f6n\u00fcndeki \u00e7al\u0131\u015fmalar\u0131n\u0131 daima takdir eti\u011fini ifade etti.\u00a0 Diaspora Bakan yard. \u2033Sizin gibi kendini ulusuna adayan Emeniler sayesinde, \u0130stanbul Ermeni edebiyat ve k\u00fclt\u00fcr ya\u015fam\u0131 lay\u0131k oldu\u011fu yeni nesillere sahip olacakt\u0131r\u2033 dedi.<\/p>\n<p style=\"text-align: justify\">Ermenistan Yazarlar Birli\u011fi Ge\u00e7ici B\u015fk. Edvard Milidonyan, \u0130stanbul Ermeni toplumunda\u00a0 Emeni k\u00fclt\u00fcr\u00fcn\u00fcn yay\u0131lmas\u0131 i\u015fine y\u00f6nelik Hakobyan\u2019\u0131n \u00e7al\u0131\u015fmalar\u0131n\u0131n \u00f6nemini kaydetti.<\/p>\n<p style=\"text-align: justify\">Ermenistan Gazeteciler Birli\u011fi (EGB) B\u015fk. Astghik Gevorgyan, edit\u00f6r Makruhi Hakobyan\u2019\u0131n Bat\u0131 Ermenicesine istisnai hakimiyetine dikkat \u00e7ekti. Art\u0131k yokolmaya y\u00fcz tutmu\u015f Ermenice\u2019nin bu t\u00fcr\u00fcyle yap\u0131lan r\u00f6portajlar se\u00e7kisinin, her\u015feyden \u00f6nce toplum ve bu toplumda ya\u015fayan insanlar\u0131n belgesel d\u00f6k\u00fcm\u00fc, gelece\u011fin ara\u015ft\u0131rmac\u0131lar\u0131 i\u00e7in ciddi bir belgesel kaynak oldu\u011funu ifade etti.<\/p>\n<p style=\"text-align: justify\">Yazar\u0131n edit\u00f6rl\u00fck i\u015fine\u00a0 ve Ermeni edebiyat\u0131na y\u00f6nelik \u00f6zveri ve sadakatini\u00a0 olduk\u00e7a takdir eden A. Gevorgyan, M. Hakobyan\u2019\u0131 EGB madalyas\u0131yla taltif etti.<\/p>\n<p style=\"text-align: justify\">Etkinlikte \u00abDiaspora\u00bb Bilim-Ara\u015ft\u0131rma Merkezi metod uzman\u0131 K. Abrahamyan, drama uzman\u0131 L. Mutafyan, Diaspora Bakanl\u0131\u011f\u0131 \u00e7al\u0131\u015fan\u0131 L. Demiryan vd. konu\u015fmalar yapt\u0131lar.<\/p>\n<p style=\"text-align: justify\">Etkinli\u011fin sanat b\u00f6l\u00fcm\u00fcnde \u015fef Sevan Ago\u015fyan y\u00f6netimindeki \u0130stanbul \u00abSahakyan Korosu\u00bb bir konser verdi.<\/p>\n<p style=\"text-align: justify\"><b><i>http:\/\/news.am\/tur\/news\/176480.html<\/i><\/b><\/p>\n","protected":false},"excerpt":{"rendered":"<p>Yerevan\u2019da 17 Ekim\u2019de \u0130stanbul \u00abMarmara\u00bb gazetesi Gn. Yay\u0131n Y\u00f6net. yard., \u00abSp.P\u0131rgi\u00e7\u00bb\u00a0 dergisi edit\u00f6r\u00fc, \u00e7evirmen, emektar e\u011fitmen Makruhi B. Hakobyan\u2019\u0131n \u00abEdebiyat\u0131m\u0131z\u0131n emektarlar\u0131yla noktas\u0131z sohbet\u00bb eserinin tan\u0131t\u0131m\u0131 ger\u00e7ekle\u015ftirildi. Diaspora Bakanl\u0131\u011f\u0131 Bas\u0131n Servisinin verdi\u011fi bilgiye g\u00f6re; etkinli\u011fin a\u00e7\u0131l\u0131\u015f konu\u015fmas\u0131n\u0131 Diaspora Bakan yard. Serj Srapionyan yapt\u0131. Emektar edit\u00f6r\u00fcn \u00e7al\u0131\u015fmalar\u0131n\u0131 olduk\u00e7a takdir eden Srapionyan \u00abMakruhi Hakobyan\u2019\u0131n bu \u00e7al\u0131\u015fmas\u0131 gerilemenin \u00f6zg\u00fcn [&hellip;]<\/p>\n","protected":false},"author":3,"featured_media":0,"comment_status":"open","ping_status":"open","sticky":false,"template":"","format":"standard","meta":{"footnotes":""},"categories":[14,22],"tags":[],"class_list":["post-26238","post","type-post","status-publish","format-standard","hentry","category-haberler","category-kitaplar-elestiriler"],"yoast_head":"<!-- This site is optimized with the Yoast SEO plugin v27.4 - https:\/\/yoast.com\/product\/yoast-seo-wordpress\/ -->\n<title>Yerevan\u2019da \u0130stanbul \u00abMarmara\u00bb gazetesi Gn. Yay\u0131n Y\u00f6net. yard. Makruhi Hakobyan\u2019\u0131n eserinin tan\u0131t\u0131m\u0131 ger\u00e7ekle\u015ftirildi - Bati Ermenistan Ve Bati Ermenileri Sorunlari Ara\u015ftirmalar Merkezi<\/title>\n<meta name=\"robots\" content=\"index, follow, max-snippet:-1, max-image-preview:large, max-video-preview:-1\" \/>\n<link rel=\"canonical\" href=\"https:\/\/akunq.net\/turkish\/2013\/10\/19\/yerevanda-istanbul-marmara-gazetesi-gn-yayin-yonet-yard-makruhi-hakobyanin-eserinin-tanitimi-gerceklestirildi\/\" \/>\n<meta property=\"og:locale\" content=\"en_US\" \/>\n<meta property=\"og:type\" content=\"article\" \/>\n<meta property=\"og:title\" content=\"Yerevan\u2019da \u0130stanbul \u00abMarmara\u00bb gazetesi Gn. Yay\u0131n Y\u00f6net. yard. Makruhi Hakobyan\u2019\u0131n eserinin tan\u0131t\u0131m\u0131 ger\u00e7ekle\u015ftirildi - Bati Ermenistan Ve Bati Ermenileri Sorunlari Ara\u015ftirmalar Merkezi\" \/>\n<meta property=\"og:description\" content=\"Yerevan\u2019da 17 Ekim\u2019de \u0130stanbul \u00abMarmara\u00bb gazetesi Gn. Yay\u0131n Y\u00f6net. yard., \u00abSp.P\u0131rgi\u00e7\u00bb\u00a0 dergisi edit\u00f6r\u00fc, \u00e7evirmen, emektar e\u011fitmen Makruhi B. Hakobyan\u2019\u0131n \u00abEdebiyat\u0131m\u0131z\u0131n emektarlar\u0131yla noktas\u0131z sohbet\u00bb eserinin tan\u0131t\u0131m\u0131 ger\u00e7ekle\u015ftirildi. Diaspora Bakanl\u0131\u011f\u0131 Bas\u0131n Servisinin verdi\u011fi bilgiye g\u00f6re; etkinli\u011fin a\u00e7\u0131l\u0131\u015f konu\u015fmas\u0131n\u0131 Diaspora Bakan yard. Serj Srapionyan yapt\u0131. Emektar edit\u00f6r\u00fcn \u00e7al\u0131\u015fmalar\u0131n\u0131 olduk\u00e7a takdir eden Srapionyan \u00abMakruhi Hakobyan\u2019\u0131n bu \u00e7al\u0131\u015fmas\u0131 gerilemenin \u00f6zg\u00fcn [&hellip;]\" \/>\n<meta property=\"og:url\" content=\"https:\/\/akunq.net\/turkish\/2013\/10\/19\/yerevanda-istanbul-marmara-gazetesi-gn-yayin-yonet-yard-makruhi-hakobyanin-eserinin-tanitimi-gerceklestirildi\/\" \/>\n<meta property=\"og:site_name\" content=\"Bati Ermenistan Ve Bati Ermenileri Sorunlari Ara\u015ftirmalar Merkezi\" \/>\n<meta property=\"article:published_time\" content=\"2013-10-19T06:27:43+00:00\" \/>\n<meta name=\"author\" content=\"kalem\" \/>\n<meta name=\"twitter:card\" content=\"summary_large_image\" \/>\n<meta name=\"twitter:label1\" content=\"Written by\" \/>\n\t<meta name=\"twitter:data1\" content=\"kalem\" \/>\n\t<meta name=\"twitter:label2\" content=\"Est. reading time\" \/>\n\t<meta name=\"twitter:data2\" content=\"2 minutes\" \/>\n<script type=\"application\/ld+json\" class=\"yoast-schema-graph\">{\"@context\":\"https:\\\/\\\/schema.org\",\"@graph\":[{\"@type\":\"Article\",\"@id\":\"https:\\\/\\\/akunq.net\\\/turkish\\\/2013\\\/10\\\/19\\\/yerevanda-istanbul-marmara-gazetesi-gn-yayin-yonet-yard-makruhi-hakobyanin-eserinin-tanitimi-gerceklestirildi\\\/#article\",\"isPartOf\":{\"@id\":\"https:\\\/\\\/akunq.net\\\/turkish\\\/2013\\\/10\\\/19\\\/yerevanda-istanbul-marmara-gazetesi-gn-yayin-yonet-yard-makruhi-hakobyanin-eserinin-tanitimi-gerceklestirildi\\\/\"},\"author\":{\"name\":\"kalem\",\"@id\":\"https:\\\/\\\/akunq.net\\\/turkish\\\/#\\\/schema\\\/person\\\/135e7923d1aeb8887890799619969a6c\"},\"headline\":\"Yerevan\u2019da \u0130stanbul \u00abMarmara\u00bb gazetesi Gn. Yay\u0131n Y\u00f6net. yard. Makruhi Hakobyan\u2019\u0131n eserinin tan\u0131t\u0131m\u0131 ger\u00e7ekle\u015ftirildi\",\"datePublished\":\"2013-10-19T06:27:43+00:00\",\"mainEntityOfPage\":{\"@id\":\"https:\\\/\\\/akunq.net\\\/turkish\\\/2013\\\/10\\\/19\\\/yerevanda-istanbul-marmara-gazetesi-gn-yayin-yonet-yard-makruhi-hakobyanin-eserinin-tanitimi-gerceklestirildi\\\/\"},\"wordCount\":369,\"commentCount\":0,\"articleSection\":[\"Haberler\",\"Kitaplar-Ele\u015ftiriler\"],\"inLanguage\":\"en-US\",\"potentialAction\":[{\"@type\":\"CommentAction\",\"name\":\"Comment\",\"target\":[\"https:\\\/\\\/akunq.net\\\/turkish\\\/2013\\\/10\\\/19\\\/yerevanda-istanbul-marmara-gazetesi-gn-yayin-yonet-yard-makruhi-hakobyanin-eserinin-tanitimi-gerceklestirildi\\\/#respond\"]}]},{\"@type\":\"WebPage\",\"@id\":\"https:\\\/\\\/akunq.net\\\/turkish\\\/2013\\\/10\\\/19\\\/yerevanda-istanbul-marmara-gazetesi-gn-yayin-yonet-yard-makruhi-hakobyanin-eserinin-tanitimi-gerceklestirildi\\\/\",\"url\":\"https:\\\/\\\/akunq.net\\\/turkish\\\/2013\\\/10\\\/19\\\/yerevanda-istanbul-marmara-gazetesi-gn-yayin-yonet-yard-makruhi-hakobyanin-eserinin-tanitimi-gerceklestirildi\\\/\",\"name\":\"Yerevan\u2019da \u0130stanbul \u00abMarmara\u00bb gazetesi Gn. Yay\u0131n Y\u00f6net. yard. Makruhi Hakobyan\u2019\u0131n eserinin tan\u0131t\u0131m\u0131 ger\u00e7ekle\u015ftirildi - Bati Ermenistan Ve Bati Ermenileri Sorunlari Ara\u015ftirmalar Merkezi\",\"isPartOf\":{\"@id\":\"https:\\\/\\\/akunq.net\\\/turkish\\\/#website\"},\"datePublished\":\"2013-10-19T06:27:43+00:00\",\"author\":{\"@id\":\"https:\\\/\\\/akunq.net\\\/turkish\\\/#\\\/schema\\\/person\\\/135e7923d1aeb8887890799619969a6c\"},\"breadcrumb\":{\"@id\":\"https:\\\/\\\/akunq.net\\\/turkish\\\/2013\\\/10\\\/19\\\/yerevanda-istanbul-marmara-gazetesi-gn-yayin-yonet-yard-makruhi-hakobyanin-eserinin-tanitimi-gerceklestirildi\\\/#breadcrumb\"},\"inLanguage\":\"en-US\",\"potentialAction\":[{\"@type\":\"ReadAction\",\"target\":[\"https:\\\/\\\/akunq.net\\\/turkish\\\/2013\\\/10\\\/19\\\/yerevanda-istanbul-marmara-gazetesi-gn-yayin-yonet-yard-makruhi-hakobyanin-eserinin-tanitimi-gerceklestirildi\\\/\"]}]},{\"@type\":\"BreadcrumbList\",\"@id\":\"https:\\\/\\\/akunq.net\\\/turkish\\\/2013\\\/10\\\/19\\\/yerevanda-istanbul-marmara-gazetesi-gn-yayin-yonet-yard-makruhi-hakobyanin-eserinin-tanitimi-gerceklestirildi\\\/#breadcrumb\",\"itemListElement\":[{\"@type\":\"ListItem\",\"position\":1,\"name\":\"Home\",\"item\":\"https:\\\/\\\/akunq.net\\\/turkish\\\/\"},{\"@type\":\"ListItem\",\"position\":2,\"name\":\"Yerevan\u2019da \u0130stanbul \u00abMarmara\u00bb gazetesi Gn. Yay\u0131n Y\u00f6net. yard. Makruhi Hakobyan\u2019\u0131n eserinin tan\u0131t\u0131m\u0131 ger\u00e7ekle\u015ftirildi\"}]},{\"@type\":\"WebSite\",\"@id\":\"https:\\\/\\\/akunq.net\\\/turkish\\\/#website\",\"url\":\"https:\\\/\\\/akunq.net\\\/turkish\\\/\",\"name\":\"Bati Ermenistan Ve Bati Ermenileri Sorunlari Ara\u015ftirmalar Merkezi\",\"description\":\"\",\"potentialAction\":[{\"@type\":\"SearchAction\",\"target\":{\"@type\":\"EntryPoint\",\"urlTemplate\":\"https:\\\/\\\/akunq.net\\\/turkish\\\/?s={search_term_string}\"},\"query-input\":{\"@type\":\"PropertyValueSpecification\",\"valueRequired\":true,\"valueName\":\"search_term_string\"}}],\"inLanguage\":\"en-US\"},{\"@type\":\"Person\",\"@id\":\"https:\\\/\\\/akunq.net\\\/turkish\\\/#\\\/schema\\\/person\\\/135e7923d1aeb8887890799619969a6c\",\"name\":\"kalem\",\"image\":{\"@type\":\"ImageObject\",\"inLanguage\":\"en-US\",\"@id\":\"https:\\\/\\\/secure.gravatar.com\\\/avatar\\\/a06875e4b25feb5674296adf8e8a7ae1e587cebce2493fe63c456109967e27d3?s=96&d=mm&r=g\",\"url\":\"https:\\\/\\\/secure.gravatar.com\\\/avatar\\\/a06875e4b25feb5674296adf8e8a7ae1e587cebce2493fe63c456109967e27d3?s=96&d=mm&r=g\",\"contentUrl\":\"https:\\\/\\\/secure.gravatar.com\\\/avatar\\\/a06875e4b25feb5674296adf8e8a7ae1e587cebce2493fe63c456109967e27d3?s=96&d=mm&r=g\",\"caption\":\"kalem\"},\"url\":\"https:\\\/\\\/akunq.net\\\/turkish\\\/author\\\/kalem\\\/\"}]}<\/script>\n<!-- \/ Yoast SEO plugin. -->","yoast_head_json":{"title":"Yerevan\u2019da \u0130stanbul \u00abMarmara\u00bb gazetesi Gn. Yay\u0131n Y\u00f6net. yard. Makruhi Hakobyan\u2019\u0131n eserinin tan\u0131t\u0131m\u0131 ger\u00e7ekle\u015ftirildi - Bati Ermenistan Ve Bati Ermenileri Sorunlari Ara\u015ftirmalar Merkezi","robots":{"index":"index","follow":"follow","max-snippet":"max-snippet:-1","max-image-preview":"max-image-preview:large","max-video-preview":"max-video-preview:-1"},"canonical":"https:\/\/akunq.net\/turkish\/2013\/10\/19\/yerevanda-istanbul-marmara-gazetesi-gn-yayin-yonet-yard-makruhi-hakobyanin-eserinin-tanitimi-gerceklestirildi\/","og_locale":"en_US","og_type":"article","og_title":"Yerevan\u2019da \u0130stanbul \u00abMarmara\u00bb gazetesi Gn. Yay\u0131n Y\u00f6net. yard. Makruhi Hakobyan\u2019\u0131n eserinin tan\u0131t\u0131m\u0131 ger\u00e7ekle\u015ftirildi - Bati Ermenistan Ve Bati Ermenileri Sorunlari Ara\u015ftirmalar Merkezi","og_description":"Yerevan\u2019da 17 Ekim\u2019de \u0130stanbul \u00abMarmara\u00bb gazetesi Gn. Yay\u0131n Y\u00f6net. yard., \u00abSp.P\u0131rgi\u00e7\u00bb\u00a0 dergisi edit\u00f6r\u00fc, \u00e7evirmen, emektar e\u011fitmen Makruhi B. Hakobyan\u2019\u0131n \u00abEdebiyat\u0131m\u0131z\u0131n emektarlar\u0131yla noktas\u0131z sohbet\u00bb eserinin tan\u0131t\u0131m\u0131 ger\u00e7ekle\u015ftirildi. Diaspora Bakanl\u0131\u011f\u0131 Bas\u0131n Servisinin verdi\u011fi bilgiye g\u00f6re; etkinli\u011fin a\u00e7\u0131l\u0131\u015f konu\u015fmas\u0131n\u0131 Diaspora Bakan yard. Serj Srapionyan yapt\u0131. Emektar edit\u00f6r\u00fcn \u00e7al\u0131\u015fmalar\u0131n\u0131 olduk\u00e7a takdir eden Srapionyan \u00abMakruhi Hakobyan\u2019\u0131n bu \u00e7al\u0131\u015fmas\u0131 gerilemenin \u00f6zg\u00fcn [&hellip;]","og_url":"https:\/\/akunq.net\/turkish\/2013\/10\/19\/yerevanda-istanbul-marmara-gazetesi-gn-yayin-yonet-yard-makruhi-hakobyanin-eserinin-tanitimi-gerceklestirildi\/","og_site_name":"Bati Ermenistan Ve Bati Ermenileri Sorunlari Ara\u015ftirmalar Merkezi","article_published_time":"2013-10-19T06:27:43+00:00","author":"kalem","twitter_card":"summary_large_image","twitter_misc":{"Written by":"kalem","Est. reading time":"2 minutes"},"schema":{"@context":"https:\/\/schema.org","@graph":[{"@type":"Article","@id":"https:\/\/akunq.net\/turkish\/2013\/10\/19\/yerevanda-istanbul-marmara-gazetesi-gn-yayin-yonet-yard-makruhi-hakobyanin-eserinin-tanitimi-gerceklestirildi\/#article","isPartOf":{"@id":"https:\/\/akunq.net\/turkish\/2013\/10\/19\/yerevanda-istanbul-marmara-gazetesi-gn-yayin-yonet-yard-makruhi-hakobyanin-eserinin-tanitimi-gerceklestirildi\/"},"author":{"name":"kalem","@id":"https:\/\/akunq.net\/turkish\/#\/schema\/person\/135e7923d1aeb8887890799619969a6c"},"headline":"Yerevan\u2019da \u0130stanbul \u00abMarmara\u00bb gazetesi Gn. Yay\u0131n Y\u00f6net. yard. Makruhi Hakobyan\u2019\u0131n eserinin tan\u0131t\u0131m\u0131 ger\u00e7ekle\u015ftirildi","datePublished":"2013-10-19T06:27:43+00:00","mainEntityOfPage":{"@id":"https:\/\/akunq.net\/turkish\/2013\/10\/19\/yerevanda-istanbul-marmara-gazetesi-gn-yayin-yonet-yard-makruhi-hakobyanin-eserinin-tanitimi-gerceklestirildi\/"},"wordCount":369,"commentCount":0,"articleSection":["Haberler","Kitaplar-Ele\u015ftiriler"],"inLanguage":"en-US","potentialAction":[{"@type":"CommentAction","name":"Comment","target":["https:\/\/akunq.net\/turkish\/2013\/10\/19\/yerevanda-istanbul-marmara-gazetesi-gn-yayin-yonet-yard-makruhi-hakobyanin-eserinin-tanitimi-gerceklestirildi\/#respond"]}]},{"@type":"WebPage","@id":"https:\/\/akunq.net\/turkish\/2013\/10\/19\/yerevanda-istanbul-marmara-gazetesi-gn-yayin-yonet-yard-makruhi-hakobyanin-eserinin-tanitimi-gerceklestirildi\/","url":"https:\/\/akunq.net\/turkish\/2013\/10\/19\/yerevanda-istanbul-marmara-gazetesi-gn-yayin-yonet-yard-makruhi-hakobyanin-eserinin-tanitimi-gerceklestirildi\/","name":"Yerevan\u2019da \u0130stanbul \u00abMarmara\u00bb gazetesi Gn. Yay\u0131n Y\u00f6net. yard. Makruhi Hakobyan\u2019\u0131n eserinin tan\u0131t\u0131m\u0131 ger\u00e7ekle\u015ftirildi - Bati Ermenistan Ve Bati Ermenileri Sorunlari Ara\u015ftirmalar Merkezi","isPartOf":{"@id":"https:\/\/akunq.net\/turkish\/#website"},"datePublished":"2013-10-19T06:27:43+00:00","author":{"@id":"https:\/\/akunq.net\/turkish\/#\/schema\/person\/135e7923d1aeb8887890799619969a6c"},"breadcrumb":{"@id":"https:\/\/akunq.net\/turkish\/2013\/10\/19\/yerevanda-istanbul-marmara-gazetesi-gn-yayin-yonet-yard-makruhi-hakobyanin-eserinin-tanitimi-gerceklestirildi\/#breadcrumb"},"inLanguage":"en-US","potentialAction":[{"@type":"ReadAction","target":["https:\/\/akunq.net\/turkish\/2013\/10\/19\/yerevanda-istanbul-marmara-gazetesi-gn-yayin-yonet-yard-makruhi-hakobyanin-eserinin-tanitimi-gerceklestirildi\/"]}]},{"@type":"BreadcrumbList","@id":"https:\/\/akunq.net\/turkish\/2013\/10\/19\/yerevanda-istanbul-marmara-gazetesi-gn-yayin-yonet-yard-makruhi-hakobyanin-eserinin-tanitimi-gerceklestirildi\/#breadcrumb","itemListElement":[{"@type":"ListItem","position":1,"name":"Home","item":"https:\/\/akunq.net\/turkish\/"},{"@type":"ListItem","position":2,"name":"Yerevan\u2019da \u0130stanbul \u00abMarmara\u00bb gazetesi Gn. Yay\u0131n Y\u00f6net. yard. Makruhi Hakobyan\u2019\u0131n eserinin tan\u0131t\u0131m\u0131 ger\u00e7ekle\u015ftirildi"}]},{"@type":"WebSite","@id":"https:\/\/akunq.net\/turkish\/#website","url":"https:\/\/akunq.net\/turkish\/","name":"Bati Ermenistan Ve Bati Ermenileri Sorunlari Ara\u015ftirmalar Merkezi","description":"","potentialAction":[{"@type":"SearchAction","target":{"@type":"EntryPoint","urlTemplate":"https:\/\/akunq.net\/turkish\/?s={search_term_string}"},"query-input":{"@type":"PropertyValueSpecification","valueRequired":true,"valueName":"search_term_string"}}],"inLanguage":"en-US"},{"@type":"Person","@id":"https:\/\/akunq.net\/turkish\/#\/schema\/person\/135e7923d1aeb8887890799619969a6c","name":"kalem","image":{"@type":"ImageObject","inLanguage":"en-US","@id":"https:\/\/secure.gravatar.com\/avatar\/a06875e4b25feb5674296adf8e8a7ae1e587cebce2493fe63c456109967e27d3?s=96&d=mm&r=g","url":"https:\/\/secure.gravatar.com\/avatar\/a06875e4b25feb5674296adf8e8a7ae1e587cebce2493fe63c456109967e27d3?s=96&d=mm&r=g","contentUrl":"https:\/\/secure.gravatar.com\/avatar\/a06875e4b25feb5674296adf8e8a7ae1e587cebce2493fe63c456109967e27d3?s=96&d=mm&r=g","caption":"kalem"},"url":"https:\/\/akunq.net\/turkish\/author\/kalem\/"}]}},"_links":{"self":[{"href":"https:\/\/akunq.net\/turkish\/wp-json\/wp\/v2\/posts\/26238","targetHints":{"allow":["GET"]}}],"collection":[{"href":"https:\/\/akunq.net\/turkish\/wp-json\/wp\/v2\/posts"}],"about":[{"href":"https:\/\/akunq.net\/turkish\/wp-json\/wp\/v2\/types\/post"}],"author":[{"embeddable":true,"href":"https:\/\/akunq.net\/turkish\/wp-json\/wp\/v2\/users\/3"}],"replies":[{"embeddable":true,"href":"https:\/\/akunq.net\/turkish\/wp-json\/wp\/v2\/comments?post=26238"}],"version-history":[{"count":0,"href":"https:\/\/akunq.net\/turkish\/wp-json\/wp\/v2\/posts\/26238\/revisions"}],"wp:attachment":[{"href":"https:\/\/akunq.net\/turkish\/wp-json\/wp\/v2\/media?parent=26238"}],"wp:term":[{"taxonomy":"category","embeddable":true,"href":"https:\/\/akunq.net\/turkish\/wp-json\/wp\/v2\/categories?post=26238"},{"taxonomy":"post_tag","embeddable":true,"href":"https:\/\/akunq.net\/turkish\/wp-json\/wp\/v2\/tags?post=26238"}],"curies":[{"name":"wp","href":"https:\/\/api.w.org\/{rel}","templated":true}]}}