{"id":26235,"date":"2013-10-19T01:11:13","date_gmt":"2013-10-19T06:11:13","guid":{"rendered":"http:\/\/akunq.net\/tr\/?p=26235"},"modified":"2013-10-19T01:11:13","modified_gmt":"2013-10-19T06:11:13","slug":"azerbaycandan-hurriyete-karabag-ofkesi","status":"publish","type":"post","link":"https:\/\/akunq.net\/turkish\/2013\/10\/19\/azerbaycandan-hurriyete-karabag-ofkesi\/","title":{"rendered":"Azerbaycan\u2019dan \u201cH\u00fcrriyet\u201de Karaba\u011f \u00f6fkesi"},"content":{"rendered":"<p style=\"text-align: justify\"><a href=\"http:\/\/akunq.net\/tr\/wp-content\/uploads\/2013\/10\/H\u00fcrr\u0131yet.jpg\"><img loading=\"lazy\" decoding=\"async\" class=\"alignright size-medium wp-image-26236\" alt=\"H\u00fcrr\u0131yet\" src=\"http:\/\/akunq.net\/tr\/wp-content\/uploads\/2013\/10\/H\u00fcrr\u0131yet-300x195.jpg\" width=\"300\" height=\"195\" \/><\/a>Azerbaycan kaynakl\u0131 1news.az sitesinin \u201c<i>H\u00fcrriyet\u2019ten Azerbaycan\u2019\u0131n toprak b\u00fct\u00fcnl\u00fc\u011f\u00fcne b\u00fcy\u00fck sayg\u0131s\u0131zl\u0131k<\/i> \u201cba\u015fl\u0131\u011f\u0131n\u0131 ta\u015f\u0131yan haberin konusu T\u00fcrkiye\u2019de yay\u0131nlanan H\u00fcrriyet gazetesinin sitesinde kay\u0131tl\u0131 kullan\u0131c\u0131 olabilmek i\u00e7in olu\u015fturulan forumda Da\u011fl\u0131k Karaba\u011f Cumhuriyetinin isminin ayr\u0131 devlet olarak \u00e7\u0131kmas\u0131d\u0131r.<br \/>\nKullan\u0131c\u0131lar uyruklar\u0131n\u0131 se\u00e7mek \u00fczere \u00fclke listesine bakt\u0131klar\u0131nda kar\u015f\u0131lar\u0131na \u00e7\u0131kan se\u00e7enekler aras\u0131nda Da\u011fl\u0131k Karaba\u011f Cumhuriyetinin de yer ald\u0131\u011f\u0131n\u0131 Azerbaycanl\u0131lar\u0131 ciddice k\u0131zd\u0131rd\u0131.<\/p>\n<p style=\"text-align: justify\">1News.az\u2019a g\u00f6re Azerbaycan D\u0131\u015fi\u015fleri Bakanl\u0131\u011f\u0131 da konuyla ilgili harekete ge\u00e7ti. Bakanl\u0131k S\u00f6zc\u00fcs\u00fc Elman Abdullayev konunun ayd\u0131nl\u0131\u011fa kovu\u015fturulmas\u0131 i\u00e7in T\u00fcrkiye\u2019deki B\u00fcy\u00fckel\u00e7ili\u011fe talimat g\u00f6nderildi\u011fini a\u00e7\u0131klad\u0131. Abdullayev, konunun bir hatadan, yoksa ba\u015fka bir nedenden mi kaynakland\u0131\u011f\u0131n\u0131 \u00f6\u011frenmeye \u00e7al\u0131\u015facaklar\u0131n\u0131 ifade etti.<\/p>\n<p style=\"text-align: justify\"><b><i>http:\/\/www.ermenihaber.am\/?lang_id=1&amp;news_=3&amp;cur_news=1074<\/i><\/b><\/p>\n","protected":false},"excerpt":{"rendered":"<p>Azerbaycan kaynakl\u0131 1news.az sitesinin \u201cH\u00fcrriyet\u2019ten Azerbaycan\u2019\u0131n toprak b\u00fct\u00fcnl\u00fc\u011f\u00fcne b\u00fcy\u00fck sayg\u0131s\u0131zl\u0131k \u201cba\u015fl\u0131\u011f\u0131n\u0131 ta\u015f\u0131yan haberin konusu T\u00fcrkiye\u2019de yay\u0131nlanan H\u00fcrriyet gazetesinin sitesinde kay\u0131tl\u0131 kullan\u0131c\u0131 olabilmek i\u00e7in olu\u015fturulan forumda Da\u011fl\u0131k Karaba\u011f Cumhuriyetinin isminin ayr\u0131 devlet olarak \u00e7\u0131kmas\u0131d\u0131r. Kullan\u0131c\u0131lar uyruklar\u0131n\u0131 se\u00e7mek \u00fczere \u00fclke listesine bakt\u0131klar\u0131nda kar\u015f\u0131lar\u0131na \u00e7\u0131kan se\u00e7enekler aras\u0131nda Da\u011fl\u0131k Karaba\u011f Cumhuriyetinin de yer ald\u0131\u011f\u0131n\u0131 Azerbaycanl\u0131lar\u0131 ciddice k\u0131zd\u0131rd\u0131. 1News.az\u2019a g\u00f6re [&hellip;]<\/p>\n","protected":false},"author":3,"featured_media":0,"comment_status":"open","ping_status":"open","sticky":false,"template":"","format":"standard","meta":{"footnotes":""},"categories":[14,41],"tags":[],"class_list":["post-26235","post","type-post","status-publish","format-standard","hentry","category-haberler","category-turkiye-azerbaycan"],"yoast_head":"<!-- This site is optimized with the Yoast SEO plugin v27.4 - https:\/\/yoast.com\/product\/yoast-seo-wordpress\/ -->\n<title>Azerbaycan\u2019dan \u201cH\u00fcrriyet\u201de Karaba\u011f \u00f6fkesi - Bati Ermenistan Ve Bati Ermenileri Sorunlari Ara\u015ftirmalar Merkezi<\/title>\n<meta name=\"robots\" content=\"index, follow, max-snippet:-1, max-image-preview:large, max-video-preview:-1\" \/>\n<link rel=\"canonical\" href=\"https:\/\/akunq.net\/turkish\/2013\/10\/19\/azerbaycandan-hurriyete-karabag-ofkesi\/\" \/>\n<meta property=\"og:locale\" content=\"en_US\" \/>\n<meta property=\"og:type\" content=\"article\" \/>\n<meta property=\"og:title\" content=\"Azerbaycan\u2019dan \u201cH\u00fcrriyet\u201de Karaba\u011f \u00f6fkesi - Bati Ermenistan Ve Bati Ermenileri Sorunlari Ara\u015ftirmalar Merkezi\" \/>\n<meta property=\"og:description\" content=\"Azerbaycan kaynakl\u0131 1news.az sitesinin \u201cH\u00fcrriyet\u2019ten Azerbaycan\u2019\u0131n toprak b\u00fct\u00fcnl\u00fc\u011f\u00fcne b\u00fcy\u00fck sayg\u0131s\u0131zl\u0131k \u201cba\u015fl\u0131\u011f\u0131n\u0131 ta\u015f\u0131yan haberin konusu T\u00fcrkiye\u2019de yay\u0131nlanan H\u00fcrriyet gazetesinin sitesinde kay\u0131tl\u0131 kullan\u0131c\u0131 olabilmek i\u00e7in olu\u015fturulan forumda Da\u011fl\u0131k Karaba\u011f Cumhuriyetinin isminin ayr\u0131 devlet olarak \u00e7\u0131kmas\u0131d\u0131r. Kullan\u0131c\u0131lar uyruklar\u0131n\u0131 se\u00e7mek \u00fczere \u00fclke listesine bakt\u0131klar\u0131nda kar\u015f\u0131lar\u0131na \u00e7\u0131kan se\u00e7enekler aras\u0131nda Da\u011fl\u0131k Karaba\u011f Cumhuriyetinin de yer ald\u0131\u011f\u0131n\u0131 Azerbaycanl\u0131lar\u0131 ciddice k\u0131zd\u0131rd\u0131. 1News.az\u2019a g\u00f6re [&hellip;]\" \/>\n<meta property=\"og:url\" content=\"https:\/\/akunq.net\/turkish\/2013\/10\/19\/azerbaycandan-hurriyete-karabag-ofkesi\/\" \/>\n<meta property=\"og:site_name\" content=\"Bati Ermenistan Ve Bati Ermenileri Sorunlari Ara\u015ftirmalar Merkezi\" \/>\n<meta property=\"article:published_time\" content=\"2013-10-19T06:11:13+00:00\" \/>\n<meta name=\"author\" content=\"kalem\" \/>\n<meta name=\"twitter:card\" content=\"summary_large_image\" \/>\n<meta name=\"twitter:label1\" content=\"Written by\" \/>\n\t<meta name=\"twitter:data1\" content=\"kalem\" \/>\n\t<meta name=\"twitter:label2\" content=\"Est. reading time\" \/>\n\t<meta name=\"twitter:data2\" content=\"1 minute\" \/>\n<script type=\"application\/ld+json\" class=\"yoast-schema-graph\">{\"@context\":\"https:\\\/\\\/schema.org\",\"@graph\":[{\"@type\":\"Article\",\"@id\":\"https:\\\/\\\/akunq.net\\\/turkish\\\/2013\\\/10\\\/19\\\/azerbaycandan-hurriyete-karabag-ofkesi\\\/#article\",\"isPartOf\":{\"@id\":\"https:\\\/\\\/akunq.net\\\/turkish\\\/2013\\\/10\\\/19\\\/azerbaycandan-hurriyete-karabag-ofkesi\\\/\"},\"author\":{\"name\":\"kalem\",\"@id\":\"https:\\\/\\\/akunq.net\\\/turkish\\\/#\\\/schema\\\/person\\\/135e7923d1aeb8887890799619969a6c\"},\"headline\":\"Azerbaycan\u2019dan \u201cH\u00fcrriyet\u201de Karaba\u011f \u00f6fkesi\",\"datePublished\":\"2013-10-19T06:11:13+00:00\",\"mainEntityOfPage\":{\"@id\":\"https:\\\/\\\/akunq.net\\\/turkish\\\/2013\\\/10\\\/19\\\/azerbaycandan-hurriyete-karabag-ofkesi\\\/\"},\"wordCount\":177,\"commentCount\":0,\"articleSection\":[\"Haberler\",\"T\u00fcrkiye-Azerbaycan\"],\"inLanguage\":\"en-US\",\"potentialAction\":[{\"@type\":\"CommentAction\",\"name\":\"Comment\",\"target\":[\"https:\\\/\\\/akunq.net\\\/turkish\\\/2013\\\/10\\\/19\\\/azerbaycandan-hurriyete-karabag-ofkesi\\\/#respond\"]}]},{\"@type\":\"WebPage\",\"@id\":\"https:\\\/\\\/akunq.net\\\/turkish\\\/2013\\\/10\\\/19\\\/azerbaycandan-hurriyete-karabag-ofkesi\\\/\",\"url\":\"https:\\\/\\\/akunq.net\\\/turkish\\\/2013\\\/10\\\/19\\\/azerbaycandan-hurriyete-karabag-ofkesi\\\/\",\"name\":\"Azerbaycan\u2019dan \u201cH\u00fcrriyet\u201de Karaba\u011f \u00f6fkesi - Bati Ermenistan Ve Bati Ermenileri Sorunlari Ara\u015ftirmalar Merkezi\",\"isPartOf\":{\"@id\":\"https:\\\/\\\/akunq.net\\\/turkish\\\/#website\"},\"datePublished\":\"2013-10-19T06:11:13+00:00\",\"author\":{\"@id\":\"https:\\\/\\\/akunq.net\\\/turkish\\\/#\\\/schema\\\/person\\\/135e7923d1aeb8887890799619969a6c\"},\"breadcrumb\":{\"@id\":\"https:\\\/\\\/akunq.net\\\/turkish\\\/2013\\\/10\\\/19\\\/azerbaycandan-hurriyete-karabag-ofkesi\\\/#breadcrumb\"},\"inLanguage\":\"en-US\",\"potentialAction\":[{\"@type\":\"ReadAction\",\"target\":[\"https:\\\/\\\/akunq.net\\\/turkish\\\/2013\\\/10\\\/19\\\/azerbaycandan-hurriyete-karabag-ofkesi\\\/\"]}]},{\"@type\":\"BreadcrumbList\",\"@id\":\"https:\\\/\\\/akunq.net\\\/turkish\\\/2013\\\/10\\\/19\\\/azerbaycandan-hurriyete-karabag-ofkesi\\\/#breadcrumb\",\"itemListElement\":[{\"@type\":\"ListItem\",\"position\":1,\"name\":\"Home\",\"item\":\"https:\\\/\\\/akunq.net\\\/turkish\\\/\"},{\"@type\":\"ListItem\",\"position\":2,\"name\":\"Azerbaycan\u2019dan \u201cH\u00fcrriyet\u201de Karaba\u011f \u00f6fkesi\"}]},{\"@type\":\"WebSite\",\"@id\":\"https:\\\/\\\/akunq.net\\\/turkish\\\/#website\",\"url\":\"https:\\\/\\\/akunq.net\\\/turkish\\\/\",\"name\":\"Bati Ermenistan Ve Bati Ermenileri Sorunlari Ara\u015ftirmalar Merkezi\",\"description\":\"\",\"potentialAction\":[{\"@type\":\"SearchAction\",\"target\":{\"@type\":\"EntryPoint\",\"urlTemplate\":\"https:\\\/\\\/akunq.net\\\/turkish\\\/?s={search_term_string}\"},\"query-input\":{\"@type\":\"PropertyValueSpecification\",\"valueRequired\":true,\"valueName\":\"search_term_string\"}}],\"inLanguage\":\"en-US\"},{\"@type\":\"Person\",\"@id\":\"https:\\\/\\\/akunq.net\\\/turkish\\\/#\\\/schema\\\/person\\\/135e7923d1aeb8887890799619969a6c\",\"name\":\"kalem\",\"image\":{\"@type\":\"ImageObject\",\"inLanguage\":\"en-US\",\"@id\":\"https:\\\/\\\/secure.gravatar.com\\\/avatar\\\/a06875e4b25feb5674296adf8e8a7ae1e587cebce2493fe63c456109967e27d3?s=96&d=mm&r=g\",\"url\":\"https:\\\/\\\/secure.gravatar.com\\\/avatar\\\/a06875e4b25feb5674296adf8e8a7ae1e587cebce2493fe63c456109967e27d3?s=96&d=mm&r=g\",\"contentUrl\":\"https:\\\/\\\/secure.gravatar.com\\\/avatar\\\/a06875e4b25feb5674296adf8e8a7ae1e587cebce2493fe63c456109967e27d3?s=96&d=mm&r=g\",\"caption\":\"kalem\"},\"url\":\"https:\\\/\\\/akunq.net\\\/turkish\\\/author\\\/kalem\\\/\"}]}<\/script>\n<!-- \/ Yoast SEO plugin. -->","yoast_head_json":{"title":"Azerbaycan\u2019dan \u201cH\u00fcrriyet\u201de Karaba\u011f \u00f6fkesi - Bati Ermenistan Ve Bati Ermenileri Sorunlari Ara\u015ftirmalar Merkezi","robots":{"index":"index","follow":"follow","max-snippet":"max-snippet:-1","max-image-preview":"max-image-preview:large","max-video-preview":"max-video-preview:-1"},"canonical":"https:\/\/akunq.net\/turkish\/2013\/10\/19\/azerbaycandan-hurriyete-karabag-ofkesi\/","og_locale":"en_US","og_type":"article","og_title":"Azerbaycan\u2019dan \u201cH\u00fcrriyet\u201de Karaba\u011f \u00f6fkesi - Bati Ermenistan Ve Bati Ermenileri Sorunlari Ara\u015ftirmalar Merkezi","og_description":"Azerbaycan kaynakl\u0131 1news.az sitesinin \u201cH\u00fcrriyet\u2019ten Azerbaycan\u2019\u0131n toprak b\u00fct\u00fcnl\u00fc\u011f\u00fcne b\u00fcy\u00fck sayg\u0131s\u0131zl\u0131k \u201cba\u015fl\u0131\u011f\u0131n\u0131 ta\u015f\u0131yan haberin konusu T\u00fcrkiye\u2019de yay\u0131nlanan H\u00fcrriyet gazetesinin sitesinde kay\u0131tl\u0131 kullan\u0131c\u0131 olabilmek i\u00e7in olu\u015fturulan forumda Da\u011fl\u0131k Karaba\u011f Cumhuriyetinin isminin ayr\u0131 devlet olarak \u00e7\u0131kmas\u0131d\u0131r. Kullan\u0131c\u0131lar uyruklar\u0131n\u0131 se\u00e7mek \u00fczere \u00fclke listesine bakt\u0131klar\u0131nda kar\u015f\u0131lar\u0131na \u00e7\u0131kan se\u00e7enekler aras\u0131nda Da\u011fl\u0131k Karaba\u011f Cumhuriyetinin de yer ald\u0131\u011f\u0131n\u0131 Azerbaycanl\u0131lar\u0131 ciddice k\u0131zd\u0131rd\u0131. 1News.az\u2019a g\u00f6re [&hellip;]","og_url":"https:\/\/akunq.net\/turkish\/2013\/10\/19\/azerbaycandan-hurriyete-karabag-ofkesi\/","og_site_name":"Bati Ermenistan Ve Bati Ermenileri Sorunlari Ara\u015ftirmalar Merkezi","article_published_time":"2013-10-19T06:11:13+00:00","author":"kalem","twitter_card":"summary_large_image","twitter_misc":{"Written by":"kalem","Est. reading time":"1 minute"},"schema":{"@context":"https:\/\/schema.org","@graph":[{"@type":"Article","@id":"https:\/\/akunq.net\/turkish\/2013\/10\/19\/azerbaycandan-hurriyete-karabag-ofkesi\/#article","isPartOf":{"@id":"https:\/\/akunq.net\/turkish\/2013\/10\/19\/azerbaycandan-hurriyete-karabag-ofkesi\/"},"author":{"name":"kalem","@id":"https:\/\/akunq.net\/turkish\/#\/schema\/person\/135e7923d1aeb8887890799619969a6c"},"headline":"Azerbaycan\u2019dan \u201cH\u00fcrriyet\u201de Karaba\u011f \u00f6fkesi","datePublished":"2013-10-19T06:11:13+00:00","mainEntityOfPage":{"@id":"https:\/\/akunq.net\/turkish\/2013\/10\/19\/azerbaycandan-hurriyete-karabag-ofkesi\/"},"wordCount":177,"commentCount":0,"articleSection":["Haberler","T\u00fcrkiye-Azerbaycan"],"inLanguage":"en-US","potentialAction":[{"@type":"CommentAction","name":"Comment","target":["https:\/\/akunq.net\/turkish\/2013\/10\/19\/azerbaycandan-hurriyete-karabag-ofkesi\/#respond"]}]},{"@type":"WebPage","@id":"https:\/\/akunq.net\/turkish\/2013\/10\/19\/azerbaycandan-hurriyete-karabag-ofkesi\/","url":"https:\/\/akunq.net\/turkish\/2013\/10\/19\/azerbaycandan-hurriyete-karabag-ofkesi\/","name":"Azerbaycan\u2019dan \u201cH\u00fcrriyet\u201de Karaba\u011f \u00f6fkesi - Bati Ermenistan Ve Bati Ermenileri Sorunlari Ara\u015ftirmalar Merkezi","isPartOf":{"@id":"https:\/\/akunq.net\/turkish\/#website"},"datePublished":"2013-10-19T06:11:13+00:00","author":{"@id":"https:\/\/akunq.net\/turkish\/#\/schema\/person\/135e7923d1aeb8887890799619969a6c"},"breadcrumb":{"@id":"https:\/\/akunq.net\/turkish\/2013\/10\/19\/azerbaycandan-hurriyete-karabag-ofkesi\/#breadcrumb"},"inLanguage":"en-US","potentialAction":[{"@type":"ReadAction","target":["https:\/\/akunq.net\/turkish\/2013\/10\/19\/azerbaycandan-hurriyete-karabag-ofkesi\/"]}]},{"@type":"BreadcrumbList","@id":"https:\/\/akunq.net\/turkish\/2013\/10\/19\/azerbaycandan-hurriyete-karabag-ofkesi\/#breadcrumb","itemListElement":[{"@type":"ListItem","position":1,"name":"Home","item":"https:\/\/akunq.net\/turkish\/"},{"@type":"ListItem","position":2,"name":"Azerbaycan\u2019dan \u201cH\u00fcrriyet\u201de Karaba\u011f \u00f6fkesi"}]},{"@type":"WebSite","@id":"https:\/\/akunq.net\/turkish\/#website","url":"https:\/\/akunq.net\/turkish\/","name":"Bati Ermenistan Ve Bati Ermenileri Sorunlari Ara\u015ftirmalar Merkezi","description":"","potentialAction":[{"@type":"SearchAction","target":{"@type":"EntryPoint","urlTemplate":"https:\/\/akunq.net\/turkish\/?s={search_term_string}"},"query-input":{"@type":"PropertyValueSpecification","valueRequired":true,"valueName":"search_term_string"}}],"inLanguage":"en-US"},{"@type":"Person","@id":"https:\/\/akunq.net\/turkish\/#\/schema\/person\/135e7923d1aeb8887890799619969a6c","name":"kalem","image":{"@type":"ImageObject","inLanguage":"en-US","@id":"https:\/\/secure.gravatar.com\/avatar\/a06875e4b25feb5674296adf8e8a7ae1e587cebce2493fe63c456109967e27d3?s=96&d=mm&r=g","url":"https:\/\/secure.gravatar.com\/avatar\/a06875e4b25feb5674296adf8e8a7ae1e587cebce2493fe63c456109967e27d3?s=96&d=mm&r=g","contentUrl":"https:\/\/secure.gravatar.com\/avatar\/a06875e4b25feb5674296adf8e8a7ae1e587cebce2493fe63c456109967e27d3?s=96&d=mm&r=g","caption":"kalem"},"url":"https:\/\/akunq.net\/turkish\/author\/kalem\/"}]}},"_links":{"self":[{"href":"https:\/\/akunq.net\/turkish\/wp-json\/wp\/v2\/posts\/26235","targetHints":{"allow":["GET"]}}],"collection":[{"href":"https:\/\/akunq.net\/turkish\/wp-json\/wp\/v2\/posts"}],"about":[{"href":"https:\/\/akunq.net\/turkish\/wp-json\/wp\/v2\/types\/post"}],"author":[{"embeddable":true,"href":"https:\/\/akunq.net\/turkish\/wp-json\/wp\/v2\/users\/3"}],"replies":[{"embeddable":true,"href":"https:\/\/akunq.net\/turkish\/wp-json\/wp\/v2\/comments?post=26235"}],"version-history":[{"count":0,"href":"https:\/\/akunq.net\/turkish\/wp-json\/wp\/v2\/posts\/26235\/revisions"}],"wp:attachment":[{"href":"https:\/\/akunq.net\/turkish\/wp-json\/wp\/v2\/media?parent=26235"}],"wp:term":[{"taxonomy":"category","embeddable":true,"href":"https:\/\/akunq.net\/turkish\/wp-json\/wp\/v2\/categories?post=26235"},{"taxonomy":"post_tag","embeddable":true,"href":"https:\/\/akunq.net\/turkish\/wp-json\/wp\/v2\/tags?post=26235"}],"curies":[{"name":"wp","href":"https:\/\/api.w.org\/{rel}","templated":true}]}}