{"id":26227,"date":"2013-10-18T04:25:45","date_gmt":"2013-10-18T09:25:45","guid":{"rendered":"http:\/\/akunq.net\/tr\/?p=26227"},"modified":"2013-10-18T04:25:45","modified_gmt":"2013-10-18T09:25:45","slug":"47-kilikya-ermenistaninin-zayiflamasi-ve-yikilmasi","status":"publish","type":"post","link":"https:\/\/akunq.net\/turkish\/2013\/10\/18\/47-kilikya-ermenistaninin-zayiflamasi-ve-yikilmasi\/","title":{"rendered":"47. Kilikya Ermenistan\u2019\u0131n\u0131n zay\u0131flamas\u0131 ve y\u0131k\u0131lmas\u0131"},"content":{"rendered":"<p style=\"text-align: justify\"><b>XIV. y\u00fczy\u0131l ba\u015f\u0131nda Kilikya Ermenistan\u2019\u0131<\/b><\/p>\n<p style=\"text-align: justify\">\u00a0<\/p>\n<figure id=\"attachment_26229\" aria-describedby=\"caption-attachment-26229\" style=\"width: 280px\" class=\"wp-caption alignright\"><a href=\"http:\/\/akunq.net\/tr\/wp-content\/uploads\/2013\/10\/V.-Levon-kral\u01311.jpg\"><img loading=\"lazy\" decoding=\"async\" class=\"size-full wp-image-26229\" alt=\"V. Levon kral\u0131\" src=\"http:\/\/akunq.net\/tr\/wp-content\/uploads\/2013\/10\/V.-Levon-kral\u01311.jpg\" width=\"280\" height=\"329\" \/><\/a><figcaption id=\"caption-attachment-26229\" class=\"wp-caption-text\">V. Levon kral\u0131<\/figcaption><\/figure>\n<p style=\"text-align: justify\">Kilikya Ermenistan\u2019\u0131 i\u00e7in olu\u015fan olumsuz \u015fartlar, XIV. y\u00fczy\u0131lda da devam eder. Mo\u011follar M\u00fcsl\u00fcmanl\u0131\u011f\u0131 kabul ettikten sonra, H\u0131ristiyanlara y\u00f6nelik tutumlar\u0131nda de\u011fi\u015fiklik olunca, durum daha da zorla\u015f\u0131r. Mo\u011fol-Memluk \u00e7at\u0131\u015fmas\u0131, Memluklar\u0131n galibiyetiyle son bulur. Bundan faydalanan Memluklar, tekrar Kilikya\u2019ya sald\u0131r\u0131r.<\/p>\n<p style=\"text-align: justify\">H\u00e2s\u0131l olan a\u011f\u0131r durumdan kurtulmak i\u00e7in, y\u00f6neticiler Bizans ve Bat\u0131 Avrupa \u00fclkeleriyle g\u00f6r\u00fc\u015fmelere ba\u015flar. Ermeniler, yard\u0131m kar\u015f\u0131l\u0131\u011f\u0131nda, Bizans ve Katolik Kiliselerine baz\u0131 doktrinsel tavizlerde bulunmaya haz\u0131rd\u0131. Bu konu, 1307 Sis Konseyi\u2019nde tart\u0131\u015f\u0131l\u0131r. Ermeni krall\u0131\u011f\u0131, kiliselerin birle\u015fmesi yoluyla, M\u00fcsl\u00fcmanlara kar\u015f\u0131 bir H\u0131ristiyan \u00fclkeleri ittifak\u0131 olu\u015fturmak niyetindeydi.<\/p>\n<p style=\"text-align: justify\">Kilikya\u2019da konu\u015flanm\u0131\u015f olan Mo\u011fol ordular\u0131n\u0131n komutan\u0131, 1307 Kas\u0131m\u0131nda, Ermeni kral\u0131 III. Levon\u2019u, eski kral II. Hetum\u2019u ve 40 Ermeni prensini, a\u011f\u0131rlamak niyetiyle Anavarza\u2019ya davet eder ve \u00f6ld\u00fcrt\u00fcr. Lakin kral\u0131n amcas\u0131 O\u015fin, Mo\u011follar\u0131 Kilikya\u2019dan d\u0131\u015far\u0131 atmay\u0131 ba\u015far\u0131r ve kendisini kral ilan eder.<\/p>\n<figure id=\"attachment_26231\" aria-describedby=\"caption-attachment-26231\" style=\"width: 300px\" class=\"wp-caption alignright\"><a href=\"http:\/\/akunq.net\/tr\/wp-content\/uploads\/2013\/10\/Kilikya-paras\u0131nda-kral-I.-Oshin.jpg\"><img loading=\"lazy\" decoding=\"async\" class=\"size-medium wp-image-26231\" alt=\"Kilikya paras\u0131nda kral I.  Oshin\" src=\"http:\/\/akunq.net\/tr\/wp-content\/uploads\/2013\/10\/Kilikya-paras\u0131nda-kral-I.-Oshin-300x282.jpg\" width=\"300\" height=\"282\" \/><\/a><figcaption id=\"caption-attachment-26231\" class=\"wp-caption-text\">Kilikya paras\u0131nda kral I. Oshin<\/figcaption><\/figure>\n<p style=\"text-align: justify\">O\u015fin ve katolikos (Ermeni Kilisesi \u00f6nderi) Konstandin Kesaratsi, Sis Konseyi kararlar\u0131n\u0131 ger\u00e7ekle\u015ftirmeye kalk\u0131nca, \u00fclkede gerginlik h\u00e2s\u0131l olur. Ba\u015fkentte yap\u0131lan g\u00f6steriler ve toplant\u0131larda, Sis Konseyi kararlar\u0131ndan vazge\u00e7ilme talebinde bulunulur. O\u015fin, g\u00f6r\u00fc\u015f ayr\u0131l\u0131klar\u0131na son vermek amac\u0131yla, Adana\u2019da yeni bir konsey toplar ve Sis Konseyi\u2019nin kararlar\u0131 tasdik edilir. B\u00f6ylece, Ermeni toplumunda, Ermeni Kilisesi\u2019ni di\u011fer H\u0131ristiyan kiliseleriyle birle\u015ftirmek isteyen bir grup olu\u015fur. Bu grup, \u00fcniterler (birlik\u00e7i) olarak adland\u0131r\u0131l\u0131r. \u00dcniterler ve \u00fcniter kar\u015f\u0131tlar\u0131 m\u00fccadelesi, toplumun birli\u011fini bozar ve \u00fclkeyi zay\u0131flat\u0131r.<\/p>\n<p style=\"text-align: justify\"><b>Memluklar\u0131n yeni ak\u0131nlar\u0131<\/b><\/p>\n<p style=\"text-align: justify\">Kral O\u015fin\u2019in \u00f6l\u00fcm\u00fcnden sonra taht, o\u011flu IV. Levon\u2019a (1320-1342) ge\u00e7er. IV. Levon re\u015fit olmad\u0131\u011f\u0131ndan dolay\u0131, \u00fclkeyi hamiler vas\u0131tas\u0131yla y\u00f6netir. O d\u00f6nemde Kilikya, m\u00fcttefiksiz ve M\u00fcsl\u00fcman \u00fclkelerle ku\u015fat\u0131lm\u0131\u015f bir durumdayd\u0131. Bat\u0131 Avrupa\u2019n\u0131n yard\u0131m\u0131 da, o d\u00f6nemde Fransa ve \u0130ngiltere aras\u0131nda patlak veren Y\u00fcz y\u0131l Sava\u015f\u0131 nedeniyle imk\u00e2ns\u0131z olur.<\/p>\n<p style=\"text-align: justify\">XIV. y\u00fczy\u0131l\u0131n 20\u2019li y\u0131llar\u0131ndan itibaren, Memluklar\u0131n ak\u0131nlar\u0131 devam eder. Ermeni Krall\u0131\u011f\u0131, 1323 ve 1337 y\u0131llar\u0131nda, d\u00fc\u015fmana maddi ve b\u00f6lgesel b\u00fcy\u00fck tavizler vererek, a\u011f\u0131r \u015fartlar ihtiva eden bir bar\u0131\u015f antla\u015fmas\u0131 yapmaya mecbur olur.<\/p>\n<p style=\"text-align: justify\"><b>Kilikya Ermeni Krall\u0131\u011f\u0131\u2019n\u0131n \u00e7\u00f6k\u00fc\u015f\u00fc<\/b><\/p>\n<p style=\"text-align: justify\">Levon\u2019un varisi olmad\u0131\u011f\u0131ndan dolay\u0131, saray e\u015fraf\u0131, taht\u0131 halas\u0131n\u0131n o\u011flu Gvidon Lusinyan\u2019a teslim etmeyi uygun g\u00f6r\u00fcr. Lusinyanlar, Frans\u0131z as\u0131ll\u0131 olup, K\u0131br\u0131s\u2019ta h\u00fck\u00fcm s\u00fcrmekteydi. Lusinyanlar\u2019\u0131n Kilikya\u2019daki h\u00fck\u00fcmranl\u0131\u011f\u0131 k\u0131sa s\u00fcrer. Taht, k\u0131sa s\u00fcre sonra, Hetumyanlara akraba olan N\u0131\u011fretsiler\u2019in eline ge\u00e7er ve bir an i\u00e7in durum d\u00fczelir gibi olur.<\/p>\n<p style=\"text-align: justify\">Lakin Kilikya Ermenistan\u2019\u0131n\u0131n durumu a\u011f\u0131rd\u0131r. Memluklar\u0131n ve T\u00fcrkmenlerin, sonu gelmeyen ak\u0131nlar\u0131, devletin varl\u0131\u011f\u0131n\u0131 tehdit etmeye ba\u015flar. Memluklar, 1360 y\u0131l\u0131nda Tarson ve Adana \u015fehirlerini i\u015fgal eder ve ba\u015fkent Sis\u2019i ku\u015fat\u0131r. Ordu komutan\u0131 Libarit ve kar\u0131 koca Hetum ile Zarmandukht, \u00e7at\u0131\u015fmalarda kahramanl\u0131klar\u0131yla g\u00f6ze \u00e7arpar. Ermeniler, b\u00fcy\u00fck zorluklarla \u015fehrin ku\u015fatmas\u0131n\u0131 kald\u0131rmay\u0131 ba\u015far\u0131r.<\/p>\n<p style=\"text-align: justify\"><a href=\"http:\/\/akunq.net\/tr\/wp-content\/uploads\/2013\/10\/\u053c\u0587\u0578\u0576-67-\u056b-\u0566\u056b\u0576\u0561\u0576\u0577\u0561\u0576\u0568-\u0561\u0575\u057d\u057f\u0565\u0572-\u0574\u056b\u0561\u0570\u0575\u0578\u0582\u057d\u057e\u0561\u056e-\u0565\u0576-\u0540\u0565\u0569\u0578\u0582\u0574\u0575\u0561\u0576\u0576\u0565\u0580\u056b-\u0586\u0580\u0561\u0576\u056f-\u053c\u0578\u0582\u0566\u056b\u0576\u0575\u0561\u0576\u0576\u0565\u0580\u056b-\u0587-\u0535\u0580\u0578\u0582\u057d\u0561\u0572\u0565\u0574\u056b-\u0569\u0561\u0563\u0561\u057e\u0578\u0580\u0578\u0582\u0569\u0575\u0561\u0576-\u0564\u0580\u0578\u0577\u0576\u0565\u0580\u056b-\u057f\u0561\u0580\u0580\u0565\u0580.jpg\"><img loading=\"lazy\" decoding=\"async\" class=\"alignright size-full wp-image-26233\" alt=\"\u053c\u0587\u0578\u0576 6(7)-\u056b \u0566\u056b\u0576\u0561\u0576\u0577\u0561\u0576\u0568, \u0561\u0575\u057d\u057f\u0565\u0572 \u0574\u056b\u0561\u0570\u0575\u0578\u0582\u057d\u057e\u0561\u056e \u0565\u0576 \u0540\u0565\u0569\u0578\u0582\u0574\u0575\u0561\u0576\u0576\u0565\u0580\u056b, \u0586\u0580\u0561\u0576\u056f \u053c\u0578\u0582\u0566\u056b\u0576\u0575\u0561\u0576\u0576\u0565\u0580\u056b \u0587 \u0535\u0580\u0578\u0582\u057d\u0561\u0572\u0565\u0574\u056b \u0569\u0561\u0563\u0561\u057e\u0578\u0580\u0578\u0582\u0569\u0575\u0561\u0576 \u0564\u0580\u0578\u0577\u0576\u0565\u0580\u056b \u057f\u0561\u0580\u0580\u0565\u0580\" src=\"http:\/\/akunq.net\/tr\/wp-content\/uploads\/2013\/10\/\u053c\u0587\u0578\u0576-67-\u056b-\u0566\u056b\u0576\u0561\u0576\u0577\u0561\u0576\u0568-\u0561\u0575\u057d\u057f\u0565\u0572-\u0574\u056b\u0561\u0570\u0575\u0578\u0582\u057d\u057e\u0561\u056e-\u0565\u0576-\u0540\u0565\u0569\u0578\u0582\u0574\u0575\u0561\u0576\u0576\u0565\u0580\u056b-\u0586\u0580\u0561\u0576\u056f-\u053c\u0578\u0582\u0566\u056b\u0576\u0575\u0561\u0576\u0576\u0565\u0580\u056b-\u0587-\u0535\u0580\u0578\u0582\u057d\u0561\u0572\u0565\u0574\u056b-\u0569\u0561\u0563\u0561\u057e\u0578\u0580\u0578\u0582\u0569\u0575\u0561\u0576-\u0564\u0580\u0578\u0577\u0576\u0565\u0580\u056b-\u057f\u0561\u0580\u0580\u0565\u0580.jpg\" width=\"200\" height=\"239\" \/><\/a>H\u0131ristiyan \u00fclkelerin Ermenistan\u2019a yard\u0131m etmeyece\u011finin bilincinde olan katolikos Mesrop Artazetsi, Sis\u2019te bir kilise konseyi toplay\u0131p, Sis ve Adana konseylerinin kararlar\u0131n\u0131 ge\u00e7ersiz sayar.<\/p>\n<p style=\"text-align: justify\">1373 y\u0131l\u0131nda, Ermeni saray\u0131n\u0131n \u00f6nde gelenleri, Gvidon Lusinyan\u2019\u0131n karde\u015f \u00e7ocu\u011fu olan ve o d\u00f6nemde K\u0131br\u0131s\u2019ta bulunan V. Levon\u2019a taht\u0131 teslim etmeye karar verir. V. Levon, 1374 y\u0131l\u0131nda b\u00fcy\u00fck zorluklarla Sis\u2019e ula\u015f\u0131r ve kral olarak takdis edilir. Bu d\u00f6nemde Memluklar ve T\u00fcrkmenler ba\u015fkenti tekrar ku\u015fatm\u0131\u015ft\u0131. Ku\u015fat\u0131lanlar, d\u0131\u015far\u0131dan hi\u00e7bir yard\u0131m alamay\u0131nca, \u015fehri ate\u015fe verip, i\u00e7 kaleye \u00e7ekilir. Sis, \u00e7etin bir direni\u015f sonucunda, cephane ve g\u0131dan\u0131n t\u00fckenmesi sebebiyle, 16 Nisan 1375 tarihinde d\u00fc\u015fer. Esir al\u0131nanlar i\u00e7inde ailesiyle birlikte bulunan Levon Lusinyan ve katolikos Po\u011fos S\u0131setsi Kahire\u2019ye g\u00f6t\u00fcr\u00fcl\u00fcr. Sultan, katolikosa d\u00f6n\u00fc\u015f izni verir, fakat Levon\u2019un, Kahire\u2019yi terk etmesini yasaklar. Daha sonra Levon da azat edilir, Avrupa\u2019ya ge\u00e7er ve yeni bir ha\u00e7l\u0131 seferi d\u00fczenleme konusunda ba\u015far\u0131s\u0131z giri\u015fimlerde bulunur. V. Levon Lusinyan, 1393 y\u0131l\u0131nda Paris\u2019te vefat eder.<\/p>\n<p style=\"text-align: justify\">Sis\u2019in d\u00fc\u015fmesinden sonra Da\u011fl\u0131k Kilikya\u2019n\u0131n baz\u0131 k\u0131s\u0131mlar\u0131nda Ermeni beyleri, daha uzun zaman yar\u0131-\u00f6zerk durumlar\u0131n\u0131 korumay\u0131 s\u00fcrd\u00fcr\u00fcr. Baz\u0131 verilere g\u00f6re krall\u0131k, k\u00fc\u00e7\u00fclm\u00fc\u015f b\u00f6lgesiyle, 1420\u2019li y\u0131llara kadar varl\u0131\u011f\u0131n\u0131 s\u00fcrd\u00fcrm\u00fc\u015ft\u00fcr.<\/p>\n<p style=\"text-align: justify\"><a href=\"http:\/\/www.findarmenia.com\/arm\/history\/20\/306\">http:\/\/www.findarmenia.com\/arm\/history\/20\/306<\/a><\/p>\n<p style=\"text-align: justify\"><b>\u00c7eviren: Diran Lokmag\u00f6zyan<\/b><\/p>\n","protected":false},"excerpt":{"rendered":"<p>XIV. y\u00fczy\u0131l ba\u015f\u0131nda Kilikya Ermenistan\u2019\u0131 \u00a0 Kilikya Ermenistan\u2019\u0131 i\u00e7in olu\u015fan olumsuz \u015fartlar, XIV. y\u00fczy\u0131lda da devam eder. Mo\u011follar M\u00fcsl\u00fcmanl\u0131\u011f\u0131 kabul ettikten sonra, H\u0131ristiyanlara y\u00f6nelik tutumlar\u0131nda de\u011fi\u015fiklik olunca, durum daha da zorla\u015f\u0131r. Mo\u011fol-Memluk \u00e7at\u0131\u015fmas\u0131, Memluklar\u0131n galibiyetiyle son bulur. Bundan faydalanan Memluklar, tekrar Kilikya\u2019ya sald\u0131r\u0131r. H\u00e2s\u0131l olan a\u011f\u0131r durumdan kurtulmak i\u00e7in, y\u00f6neticiler Bizans ve Bat\u0131 Avrupa \u00fclkeleriyle [&hellip;]<\/p>\n","protected":false},"author":3,"featured_media":0,"comment_status":"open","ping_status":"open","sticky":false,"template":"","format":"standard","meta":{"footnotes":""},"categories":[7,14],"tags":[],"class_list":["post-26227","post","type-post","status-publish","format-standard","hentry","category-ermenilerin-tarihi","category-haberler"],"yoast_head":"<!-- This site is optimized with the Yoast SEO plugin v27.4 - https:\/\/yoast.com\/product\/yoast-seo-wordpress\/ -->\n<title>47. Kilikya Ermenistan\u2019\u0131n\u0131n zay\u0131flamas\u0131 ve y\u0131k\u0131lmas\u0131 - Bati Ermenistan Ve Bati Ermenileri Sorunlari Ara\u015ftirmalar Merkezi<\/title>\n<meta name=\"robots\" content=\"index, follow, max-snippet:-1, max-image-preview:large, max-video-preview:-1\" \/>\n<link rel=\"canonical\" href=\"https:\/\/akunq.net\/turkish\/2013\/10\/18\/47-kilikya-ermenistaninin-zayiflamasi-ve-yikilmasi\/\" \/>\n<meta property=\"og:locale\" content=\"en_US\" \/>\n<meta property=\"og:type\" content=\"article\" \/>\n<meta property=\"og:title\" content=\"47. Kilikya Ermenistan\u2019\u0131n\u0131n zay\u0131flamas\u0131 ve y\u0131k\u0131lmas\u0131 - Bati Ermenistan Ve Bati Ermenileri Sorunlari Ara\u015ftirmalar Merkezi\" \/>\n<meta property=\"og:description\" content=\"XIV. y\u00fczy\u0131l ba\u015f\u0131nda Kilikya Ermenistan\u2019\u0131 \u00a0 Kilikya Ermenistan\u2019\u0131 i\u00e7in olu\u015fan olumsuz \u015fartlar, XIV. y\u00fczy\u0131lda da devam eder. Mo\u011follar M\u00fcsl\u00fcmanl\u0131\u011f\u0131 kabul ettikten sonra, H\u0131ristiyanlara y\u00f6nelik tutumlar\u0131nda de\u011fi\u015fiklik olunca, durum daha da zorla\u015f\u0131r. Mo\u011fol-Memluk \u00e7at\u0131\u015fmas\u0131, Memluklar\u0131n galibiyetiyle son bulur. Bundan faydalanan Memluklar, tekrar Kilikya\u2019ya sald\u0131r\u0131r. H\u00e2s\u0131l olan a\u011f\u0131r durumdan kurtulmak i\u00e7in, y\u00f6neticiler Bizans ve Bat\u0131 Avrupa \u00fclkeleriyle [&hellip;]\" \/>\n<meta property=\"og:url\" content=\"https:\/\/akunq.net\/turkish\/2013\/10\/18\/47-kilikya-ermenistaninin-zayiflamasi-ve-yikilmasi\/\" \/>\n<meta property=\"og:site_name\" content=\"Bati Ermenistan Ve Bati Ermenileri Sorunlari Ara\u015ftirmalar Merkezi\" \/>\n<meta property=\"article:published_time\" content=\"2013-10-18T09:25:45+00:00\" \/>\n<meta name=\"author\" content=\"kalem\" \/>\n<meta name=\"twitter:card\" content=\"summary_large_image\" \/>\n<meta name=\"twitter:label1\" content=\"Written by\" \/>\n\t<meta name=\"twitter:data1\" content=\"kalem\" \/>\n\t<meta name=\"twitter:label2\" content=\"Est. reading time\" \/>\n\t<meta name=\"twitter:data2\" content=\"4 minutes\" \/>\n<script type=\"application\/ld+json\" class=\"yoast-schema-graph\">{\"@context\":\"https:\\\/\\\/schema.org\",\"@graph\":[{\"@type\":\"Article\",\"@id\":\"https:\\\/\\\/akunq.net\\\/turkish\\\/2013\\\/10\\\/18\\\/47-kilikya-ermenistaninin-zayiflamasi-ve-yikilmasi\\\/#article\",\"isPartOf\":{\"@id\":\"https:\\\/\\\/akunq.net\\\/turkish\\\/2013\\\/10\\\/18\\\/47-kilikya-ermenistaninin-zayiflamasi-ve-yikilmasi\\\/\"},\"author\":{\"name\":\"kalem\",\"@id\":\"https:\\\/\\\/akunq.net\\\/turkish\\\/#\\\/schema\\\/person\\\/135e7923d1aeb8887890799619969a6c\"},\"headline\":\"47. Kilikya Ermenistan\u2019\u0131n\u0131n zay\u0131flamas\u0131 ve y\u0131k\u0131lmas\u0131\",\"datePublished\":\"2013-10-18T09:25:45+00:00\",\"mainEntityOfPage\":{\"@id\":\"https:\\\/\\\/akunq.net\\\/turkish\\\/2013\\\/10\\\/18\\\/47-kilikya-ermenistaninin-zayiflamasi-ve-yikilmasi\\\/\"},\"wordCount\":876,\"commentCount\":0,\"articleSection\":[\"Ermenilerin Tarihi\",\"Haberler\"],\"inLanguage\":\"en-US\",\"potentialAction\":[{\"@type\":\"CommentAction\",\"name\":\"Comment\",\"target\":[\"https:\\\/\\\/akunq.net\\\/turkish\\\/2013\\\/10\\\/18\\\/47-kilikya-ermenistaninin-zayiflamasi-ve-yikilmasi\\\/#respond\"]}]},{\"@type\":\"WebPage\",\"@id\":\"https:\\\/\\\/akunq.net\\\/turkish\\\/2013\\\/10\\\/18\\\/47-kilikya-ermenistaninin-zayiflamasi-ve-yikilmasi\\\/\",\"url\":\"https:\\\/\\\/akunq.net\\\/turkish\\\/2013\\\/10\\\/18\\\/47-kilikya-ermenistaninin-zayiflamasi-ve-yikilmasi\\\/\",\"name\":\"47. Kilikya Ermenistan\u2019\u0131n\u0131n zay\u0131flamas\u0131 ve y\u0131k\u0131lmas\u0131 - Bati Ermenistan Ve Bati Ermenileri Sorunlari Ara\u015ftirmalar Merkezi\",\"isPartOf\":{\"@id\":\"https:\\\/\\\/akunq.net\\\/turkish\\\/#website\"},\"datePublished\":\"2013-10-18T09:25:45+00:00\",\"author\":{\"@id\":\"https:\\\/\\\/akunq.net\\\/turkish\\\/#\\\/schema\\\/person\\\/135e7923d1aeb8887890799619969a6c\"},\"breadcrumb\":{\"@id\":\"https:\\\/\\\/akunq.net\\\/turkish\\\/2013\\\/10\\\/18\\\/47-kilikya-ermenistaninin-zayiflamasi-ve-yikilmasi\\\/#breadcrumb\"},\"inLanguage\":\"en-US\",\"potentialAction\":[{\"@type\":\"ReadAction\",\"target\":[\"https:\\\/\\\/akunq.net\\\/turkish\\\/2013\\\/10\\\/18\\\/47-kilikya-ermenistaninin-zayiflamasi-ve-yikilmasi\\\/\"]}]},{\"@type\":\"BreadcrumbList\",\"@id\":\"https:\\\/\\\/akunq.net\\\/turkish\\\/2013\\\/10\\\/18\\\/47-kilikya-ermenistaninin-zayiflamasi-ve-yikilmasi\\\/#breadcrumb\",\"itemListElement\":[{\"@type\":\"ListItem\",\"position\":1,\"name\":\"Home\",\"item\":\"https:\\\/\\\/akunq.net\\\/turkish\\\/\"},{\"@type\":\"ListItem\",\"position\":2,\"name\":\"47. Kilikya Ermenistan\u2019\u0131n\u0131n zay\u0131flamas\u0131 ve y\u0131k\u0131lmas\u0131\"}]},{\"@type\":\"WebSite\",\"@id\":\"https:\\\/\\\/akunq.net\\\/turkish\\\/#website\",\"url\":\"https:\\\/\\\/akunq.net\\\/turkish\\\/\",\"name\":\"Bati Ermenistan Ve Bati Ermenileri Sorunlari Ara\u015ftirmalar Merkezi\",\"description\":\"\",\"potentialAction\":[{\"@type\":\"SearchAction\",\"target\":{\"@type\":\"EntryPoint\",\"urlTemplate\":\"https:\\\/\\\/akunq.net\\\/turkish\\\/?s={search_term_string}\"},\"query-input\":{\"@type\":\"PropertyValueSpecification\",\"valueRequired\":true,\"valueName\":\"search_term_string\"}}],\"inLanguage\":\"en-US\"},{\"@type\":\"Person\",\"@id\":\"https:\\\/\\\/akunq.net\\\/turkish\\\/#\\\/schema\\\/person\\\/135e7923d1aeb8887890799619969a6c\",\"name\":\"kalem\",\"image\":{\"@type\":\"ImageObject\",\"inLanguage\":\"en-US\",\"@id\":\"https:\\\/\\\/secure.gravatar.com\\\/avatar\\\/a06875e4b25feb5674296adf8e8a7ae1e587cebce2493fe63c456109967e27d3?s=96&d=mm&r=g\",\"url\":\"https:\\\/\\\/secure.gravatar.com\\\/avatar\\\/a06875e4b25feb5674296adf8e8a7ae1e587cebce2493fe63c456109967e27d3?s=96&d=mm&r=g\",\"contentUrl\":\"https:\\\/\\\/secure.gravatar.com\\\/avatar\\\/a06875e4b25feb5674296adf8e8a7ae1e587cebce2493fe63c456109967e27d3?s=96&d=mm&r=g\",\"caption\":\"kalem\"},\"url\":\"https:\\\/\\\/akunq.net\\\/turkish\\\/author\\\/kalem\\\/\"}]}<\/script>\n<!-- \/ Yoast SEO plugin. -->","yoast_head_json":{"title":"47. Kilikya Ermenistan\u2019\u0131n\u0131n zay\u0131flamas\u0131 ve y\u0131k\u0131lmas\u0131 - Bati Ermenistan Ve Bati Ermenileri Sorunlari Ara\u015ftirmalar Merkezi","robots":{"index":"index","follow":"follow","max-snippet":"max-snippet:-1","max-image-preview":"max-image-preview:large","max-video-preview":"max-video-preview:-1"},"canonical":"https:\/\/akunq.net\/turkish\/2013\/10\/18\/47-kilikya-ermenistaninin-zayiflamasi-ve-yikilmasi\/","og_locale":"en_US","og_type":"article","og_title":"47. Kilikya Ermenistan\u2019\u0131n\u0131n zay\u0131flamas\u0131 ve y\u0131k\u0131lmas\u0131 - Bati Ermenistan Ve Bati Ermenileri Sorunlari Ara\u015ftirmalar Merkezi","og_description":"XIV. y\u00fczy\u0131l ba\u015f\u0131nda Kilikya Ermenistan\u2019\u0131 \u00a0 Kilikya Ermenistan\u2019\u0131 i\u00e7in olu\u015fan olumsuz \u015fartlar, XIV. y\u00fczy\u0131lda da devam eder. Mo\u011follar M\u00fcsl\u00fcmanl\u0131\u011f\u0131 kabul ettikten sonra, H\u0131ristiyanlara y\u00f6nelik tutumlar\u0131nda de\u011fi\u015fiklik olunca, durum daha da zorla\u015f\u0131r. Mo\u011fol-Memluk \u00e7at\u0131\u015fmas\u0131, Memluklar\u0131n galibiyetiyle son bulur. Bundan faydalanan Memluklar, tekrar Kilikya\u2019ya sald\u0131r\u0131r. H\u00e2s\u0131l olan a\u011f\u0131r durumdan kurtulmak i\u00e7in, y\u00f6neticiler Bizans ve Bat\u0131 Avrupa \u00fclkeleriyle [&hellip;]","og_url":"https:\/\/akunq.net\/turkish\/2013\/10\/18\/47-kilikya-ermenistaninin-zayiflamasi-ve-yikilmasi\/","og_site_name":"Bati Ermenistan Ve Bati Ermenileri Sorunlari Ara\u015ftirmalar Merkezi","article_published_time":"2013-10-18T09:25:45+00:00","author":"kalem","twitter_card":"summary_large_image","twitter_misc":{"Written by":"kalem","Est. reading time":"4 minutes"},"schema":{"@context":"https:\/\/schema.org","@graph":[{"@type":"Article","@id":"https:\/\/akunq.net\/turkish\/2013\/10\/18\/47-kilikya-ermenistaninin-zayiflamasi-ve-yikilmasi\/#article","isPartOf":{"@id":"https:\/\/akunq.net\/turkish\/2013\/10\/18\/47-kilikya-ermenistaninin-zayiflamasi-ve-yikilmasi\/"},"author":{"name":"kalem","@id":"https:\/\/akunq.net\/turkish\/#\/schema\/person\/135e7923d1aeb8887890799619969a6c"},"headline":"47. Kilikya Ermenistan\u2019\u0131n\u0131n zay\u0131flamas\u0131 ve y\u0131k\u0131lmas\u0131","datePublished":"2013-10-18T09:25:45+00:00","mainEntityOfPage":{"@id":"https:\/\/akunq.net\/turkish\/2013\/10\/18\/47-kilikya-ermenistaninin-zayiflamasi-ve-yikilmasi\/"},"wordCount":876,"commentCount":0,"articleSection":["Ermenilerin Tarihi","Haberler"],"inLanguage":"en-US","potentialAction":[{"@type":"CommentAction","name":"Comment","target":["https:\/\/akunq.net\/turkish\/2013\/10\/18\/47-kilikya-ermenistaninin-zayiflamasi-ve-yikilmasi\/#respond"]}]},{"@type":"WebPage","@id":"https:\/\/akunq.net\/turkish\/2013\/10\/18\/47-kilikya-ermenistaninin-zayiflamasi-ve-yikilmasi\/","url":"https:\/\/akunq.net\/turkish\/2013\/10\/18\/47-kilikya-ermenistaninin-zayiflamasi-ve-yikilmasi\/","name":"47. Kilikya Ermenistan\u2019\u0131n\u0131n zay\u0131flamas\u0131 ve y\u0131k\u0131lmas\u0131 - Bati Ermenistan Ve Bati Ermenileri Sorunlari Ara\u015ftirmalar Merkezi","isPartOf":{"@id":"https:\/\/akunq.net\/turkish\/#website"},"datePublished":"2013-10-18T09:25:45+00:00","author":{"@id":"https:\/\/akunq.net\/turkish\/#\/schema\/person\/135e7923d1aeb8887890799619969a6c"},"breadcrumb":{"@id":"https:\/\/akunq.net\/turkish\/2013\/10\/18\/47-kilikya-ermenistaninin-zayiflamasi-ve-yikilmasi\/#breadcrumb"},"inLanguage":"en-US","potentialAction":[{"@type":"ReadAction","target":["https:\/\/akunq.net\/turkish\/2013\/10\/18\/47-kilikya-ermenistaninin-zayiflamasi-ve-yikilmasi\/"]}]},{"@type":"BreadcrumbList","@id":"https:\/\/akunq.net\/turkish\/2013\/10\/18\/47-kilikya-ermenistaninin-zayiflamasi-ve-yikilmasi\/#breadcrumb","itemListElement":[{"@type":"ListItem","position":1,"name":"Home","item":"https:\/\/akunq.net\/turkish\/"},{"@type":"ListItem","position":2,"name":"47. Kilikya Ermenistan\u2019\u0131n\u0131n zay\u0131flamas\u0131 ve y\u0131k\u0131lmas\u0131"}]},{"@type":"WebSite","@id":"https:\/\/akunq.net\/turkish\/#website","url":"https:\/\/akunq.net\/turkish\/","name":"Bati Ermenistan Ve Bati Ermenileri Sorunlari Ara\u015ftirmalar Merkezi","description":"","potentialAction":[{"@type":"SearchAction","target":{"@type":"EntryPoint","urlTemplate":"https:\/\/akunq.net\/turkish\/?s={search_term_string}"},"query-input":{"@type":"PropertyValueSpecification","valueRequired":true,"valueName":"search_term_string"}}],"inLanguage":"en-US"},{"@type":"Person","@id":"https:\/\/akunq.net\/turkish\/#\/schema\/person\/135e7923d1aeb8887890799619969a6c","name":"kalem","image":{"@type":"ImageObject","inLanguage":"en-US","@id":"https:\/\/secure.gravatar.com\/avatar\/a06875e4b25feb5674296adf8e8a7ae1e587cebce2493fe63c456109967e27d3?s=96&d=mm&r=g","url":"https:\/\/secure.gravatar.com\/avatar\/a06875e4b25feb5674296adf8e8a7ae1e587cebce2493fe63c456109967e27d3?s=96&d=mm&r=g","contentUrl":"https:\/\/secure.gravatar.com\/avatar\/a06875e4b25feb5674296adf8e8a7ae1e587cebce2493fe63c456109967e27d3?s=96&d=mm&r=g","caption":"kalem"},"url":"https:\/\/akunq.net\/turkish\/author\/kalem\/"}]}},"_links":{"self":[{"href":"https:\/\/akunq.net\/turkish\/wp-json\/wp\/v2\/posts\/26227","targetHints":{"allow":["GET"]}}],"collection":[{"href":"https:\/\/akunq.net\/turkish\/wp-json\/wp\/v2\/posts"}],"about":[{"href":"https:\/\/akunq.net\/turkish\/wp-json\/wp\/v2\/types\/post"}],"author":[{"embeddable":true,"href":"https:\/\/akunq.net\/turkish\/wp-json\/wp\/v2\/users\/3"}],"replies":[{"embeddable":true,"href":"https:\/\/akunq.net\/turkish\/wp-json\/wp\/v2\/comments?post=26227"}],"version-history":[{"count":0,"href":"https:\/\/akunq.net\/turkish\/wp-json\/wp\/v2\/posts\/26227\/revisions"}],"wp:attachment":[{"href":"https:\/\/akunq.net\/turkish\/wp-json\/wp\/v2\/media?parent=26227"}],"wp:term":[{"taxonomy":"category","embeddable":true,"href":"https:\/\/akunq.net\/turkish\/wp-json\/wp\/v2\/categories?post=26227"},{"taxonomy":"post_tag","embeddable":true,"href":"https:\/\/akunq.net\/turkish\/wp-json\/wp\/v2\/tags?post=26227"}],"curies":[{"name":"wp","href":"https:\/\/api.w.org\/{rel}","templated":true}]}}