{"id":26115,"date":"2013-10-14T02:56:05","date_gmt":"2013-10-14T07:56:05","guid":{"rendered":"http:\/\/akunq.net\/tr\/?p=26115"},"modified":"2013-10-14T02:56:05","modified_gmt":"2013-10-14T07:56:05","slug":"ezbere-cumleler-okumakla-olmuyor","status":"publish","type":"post","link":"https:\/\/akunq.net\/turkish\/2013\/10\/14\/ezbere-cumleler-okumakla-olmuyor\/","title":{"rendered":"&#8220;Ezbere c\u00fcmleler\u201d okumakla olmuyor"},"content":{"rendered":"<p style=\"text-align: justify\"><b><a href=\"http:\/\/akunq.net\/tr\/wp-content\/uploads\/2013\/10\/\u015eirin-Payz\u0131n.jpg\"><img loading=\"lazy\" decoding=\"async\" class=\"alignright size-full wp-image-26116\" alt=\"\u015eirin Payz\u0131n\" src=\"http:\/\/akunq.net\/tr\/wp-content\/uploads\/2013\/10\/\u015eirin-Payz\u0131n.jpg\" width=\"227\" height=\"222\" \/><\/a>\u015eirin Payz\u0131n<\/b><\/p>\n<p style=\"text-align: justify\"><strong><i>\u00c7ocuklar art\u0131k and\u0131m\u0131z\u0131 okumayacaklar okullarda\u2026 Baz\u0131 yazarlar \u00e7ok tepkili bu i\u015fe. <\/i><\/strong><\/p>\n<p style=\"text-align: justify\">Diyorlar ki, ba\u015f\u0131ndaki b\u00f6l\u00fcme yani \u201cT\u00fcrk\u00fcm\u201d denilen b\u00f6l\u00fcme b\u00f6l\u00fcc\u00fcler kar\u015f\u0131<\/p>\n<p style=\"text-align: justify\">Kalan\u0131na da Atat\u00fcrk d\u00fc\u015fmanlar\u0131. \u00a0\u00a0\u00a0<\/p>\n<p style=\"text-align: justify\">Bu yazarlara g\u00f6re \u00e7ocuklar and\u0131m\u0131z\u0131 okumazlarsa e\u011fer \u00fclke batacak, b\u00f6l\u00fcnecek, T\u00fcrkiye kalmayacak. Daha az ahlakl\u0131, tembel ve e\u011fri olacak yeni nesil.<\/p>\n<p style=\"text-align: justify\">Ger\u00e7ekten \u00f6yle mi?<\/p>\n<p style=\"text-align: justify\">1933 y\u0131l\u0131nda yaz\u0131lm\u0131\u015f \u201cAnd\u0131m\u0131z\u201d.<\/p>\n<p style=\"text-align: justify\">12 Mart darbesinin ard\u0131ndan Atat\u00fcrk b\u00f6l\u00fcm\u00fc eklenmi\u015f.<\/p>\n<p style=\"text-align: justify\">1933\u2019ten beri her nesil ayn\u0131 c\u00fcmleleri ezberleyerek b\u00fcy\u00fcyor.<\/p>\n<p style=\"text-align: justify\">\u201cAnd\u0131m\u0131z\u201d\u0131 ezberleyen \u00e7ocuklar\u0131n daha iyi bir vatanda\u015f olmas\u0131 bekleniyor.<\/p>\n<p style=\"text-align: justify\">Peki, olduk mu? \u00a0Bunca y\u0131l\u0131n ard\u0131ndan her birimiz bu and\u0131 ezberleyerek \u00a0b\u00fcy\u00fcmemize ra\u011fmen \u00f6rnek bir toplum, model bir \u00fclke\u00a0olabildik mi?\u00a0<\/p>\n<p style=\"text-align: justify\">\u201cT\u00fcrk\u00fcm\u201d b\u00f6l\u00fcm\u00fcne bakal\u0131m. Bu \u00fclkede ya\u015fayan herkes T\u00fcrk m\u00fc? Hay\u0131r de\u011fil. Efendim \u201cBu c\u00fcmledeki T\u00fcrk \u0131rk\u00e7\u0131l\u0131\u011f\u0131 ifade etmiyor\u201d deniliyor. Uygulamada b\u00f6yle mi ger\u00e7ekten? Her bir vatanda\u015f\u0131n g\u00f6\u011fs\u00fcn\u00fc gere gere \u201c\u00fclkenin vatanda\u015f\u0131y\u0131m\u201d demesini sa\u011flayabildik mi?\u00a0<\/p>\n<p style=\"text-align: justify\">T\u00fcrk&#8217;\u00fcm demeyince niye b\u00f6l\u00fcc\u00fcl\u00fck olsun? M\u00fchim olan hangi k\u00f6kenden olursan ol e\u015fit oldu\u011funu hissetmek de\u011fil midir? Ben T\u00fcrkiye vatanda\u015f\u0131y\u0131m ama K\u00fcrt&#8217;\u00fcm ya da S\u00fcryani&#8217;yim ya da Ermeni&#8217;yim demek bizi\u00a0daha g\u00fc\u00e7l\u00fc k\u0131lmaz m\u0131? Bunu diyebilen vatan\u0131na daha g\u00fc\u00e7l\u00fc ba\u011flarla ba\u011flanmaz m\u0131?\u00a0\u00a0<\/p>\n<p style=\"text-align: justify\">And\u0131m\u0131z\u0131 ezberletti\u011fimiz \u00e7ocuklar \u00fclkede etnik k\u00f6keni, ana dili, k\u00fclt\u00fcr\u00fc, mali durumu ne olursa olsun herkesin e\u015fit oldu\u011funu ve devletin herkese e\u015fit davrand\u0131\u011f\u0131n\u0131 hissedebildiler mi? Ayr\u0131mc\u0131l\u0131\u011fa u\u011framad\u0131klar\u0131na emin olabildiler mi?<\/p>\n<p style=\"text-align: justify\">\u00dclkenin b\u00fcy\u00fck bir b\u00f6l\u00fcm\u00fcnde y\u0131llarca \u00e7ocuklar\u0131n do\u011fru d\u00fcr\u00fcst okula gidemedi\u011fi, k\u0131z \u00e7ocuklar\u0131n okula g\u00f6nderilmedi\u011fi, okullarda \u00f6\u011fretmen olmad\u0131\u011f\u0131, okula gitmek i\u00e7in karda kilometrelerce yol y\u00fcr\u00fcmek zorunda kald\u0131klar\u0131, donduklar\u0131, ayaklar\u0131na giyecek ayakkab\u0131, s\u0131n\u0131fta oturacak yer bulamadan e\u011fitim g\u00f6rd\u00fckleri ger\u00e7e\u011fini de\u011fi\u015ftirdi mi? Ezberletilen \u201cAnd\u0131m\u0131z\u201d S\u00fcryani, K\u00fcrt, Ermeni, Rum \u00e7ocuklara bu \u00fclkenin e\u015fit vatanda\u015f\u0131s\u0131n\u0131z g\u00fcvencesini verebildik mi? Bir S\u00fcryani \u201cAnd\u0131m\u0131z\u201d\u0131 eksiksiz ezberledi diye memur, polis, asker, milletvekili olabildi mi? \u00a0\u00a0\u00a0\u00a0<\/p>\n<p style=\"text-align: justify\">And\u0131m\u0131z\u0131 eksiksiz \u201cezberledi\u011fimiz\u201d i\u00e7in mi bug\u00fcn \u00fclkede her g\u00fcn bir kad\u0131na ya tecav\u00fcz ediliyor ya da \u00f6ld\u00fcr\u00fcl\u00fcyor?<\/p>\n<p style=\"text-align: justify\">And\u0131m\u0131z\u0131n \u201cdo\u011fruyum\u201d b\u00f6l\u00fcm\u00fcn\u00fc herkes ezbere bildi\u011fi i\u00e7in mi \u00fclkede r\u00fc\u015fvet, doland\u0131r\u0131c\u0131l\u0131k, fikir h\u0131rs\u0131zl\u0131\u011f\u0131 alm\u0131\u015f ba\u015f\u0131n\u0131 gidiyor.<\/p>\n<p style=\"text-align: justify\">And\u0131m\u0131z\u0131n \u201c\u00e7al\u0131\u015fkan\u0131m\u201d b\u00f6l\u00fcm\u00fcn\u00fc en g\u00fc\u00e7l\u00fc sesimizle ba\u011f\u0131rarak okumak bizi d\u00fcnyan\u0131n en \u00fcretken, en \u00e7al\u0131\u015fkan, en zengin \u00fclkesi yapt\u0131 m\u0131?<\/p>\n<p style=\"text-align: justify\">E\u011fitim sistemi yerlerde s\u00fcr\u00fcn\u00fcyor. \u00dcniversite sistemi yerlerde s\u00fcr\u00fcn\u00fcyor.<\/p>\n<p style=\"text-align: justify\">\u201cAnd\u0131m\u0131z\u201d bu \u00fclkeyle gurur duymam\u0131z\u0131 ama\u00e7l\u0131yordu.\u00a0 Yeti\u015fmi\u015f beyinleri, yazarlar\u0131, d\u00fc\u015f\u00fcn\u00fcrleri, \u015fairleri, akademisyenleri yurt d\u0131\u015f\u0131na zorla g\u00f6nderdik, vatanda\u015fl\u0131ktan \u00e7\u0131kard\u0131k, hakaret ettik, hapislere att\u0131k, i\u015fkence yapt\u0131k. Bu \u00fclkeyle gurur duyabildiler mi? Ve onlar gidince o istenilen medeniyet seviyesine \u00e7\u0131kabildi mi?\u00a0 \u00a0\u00a0\u00a0\u00a0<\/p>\n<p style=\"text-align: justify\">Y\u0131llarca \u00e7ocuklara milli g\u00fcvenlik dersi verildi\u011fi i\u00e7in bug\u00fcn \u0130sve\u00e7\u2019le yar\u0131\u015fabilen bir demokrasimiz mi var?<\/p>\n<p style=\"text-align: justify\">\u201cVatan i\u00e7in \u00f6lmek laz\u0131m\u0131\u201d hi\u00e7 sorgulamadan\u00a0ezberleyen \u00e7ocuklara, neden hep fakir \u00e7ocuklar\u0131n \u00f6ld\u00fc\u011f\u00fcn\u00fc ama zengin \u00e7ocuklar\u0131n ya\u015fama hakk\u0131 oldu\u011funu anlatabildik mi? \u00a0<\/p>\n<p style=\"text-align: justify\">Listeyi uzatmak m\u00fcmk\u00fcn. \u00a0S\u00f6z\u00fcn \u00f6z\u00fc \u015fu. \u00c7ocuklara i\u00e7ini dolduramad\u0131\u011f\u0131m\u0131z, hayata ge\u00e7iremedi\u011fimiz c\u00fcmleler ezberletmek, vatana kurban olmay\u0131 \u00f6\u011fretmekle\u00a0ileri gidilmiyor. Vatan ger\u00e7ekten vatan olmuyor. \u00a0Vatanda\u015f\u0131n\u0131n \u00f6zg\u00fcrl\u00fc\u011f\u00fc, e\u015fitli\u011fi, adaleti i\u00e7in yemin eden ve varl\u0131\u011f\u0131n\u0131, hi\u00e7 bir fark g\u00f6zetmeden halk\u0131n\u0131n varl\u0131\u011f\u0131na arma\u011fan eden bir devlet yaratmak gerekiyor. Bu da her saban \u201cezbere c\u00fcmleler\u201d okumakla olmuyor maalesef.\u00a0\u00a0\u00a0\u00a0\u00a0\u00a0\u00a0\u00a0\u00a0\u00a0\u00a0\u00a0\u00a0\u00a0\u00a0\u00a0\u00a0\u00a0\u00a0\u00a0\u00a0\u00a0\u00a0\u00a0\u00a0\u00a0\u00a0<\/p>\n<p style=\"text-align: justify\"><b><i>sirinp@cnnturk.com.tr<\/i><\/b><\/p>\n<p style=\"text-align: justify\"><b><i>http:\/\/www.cnnturk.com\/Yazarlar\/Sirin.Payzin\/Andimizi.ezberleyen.daha.mi.iyi\/134.6826\/<\/i><\/b><\/p>\n","protected":false},"excerpt":{"rendered":"<p>\u015eirin Payz\u0131n \u00c7ocuklar art\u0131k and\u0131m\u0131z\u0131 okumayacaklar okullarda\u2026 Baz\u0131 yazarlar \u00e7ok tepkili bu i\u015fe. Diyorlar ki, ba\u015f\u0131ndaki b\u00f6l\u00fcme yani \u201cT\u00fcrk\u00fcm\u201d denilen b\u00f6l\u00fcme b\u00f6l\u00fcc\u00fcler kar\u015f\u0131 Kalan\u0131na da Atat\u00fcrk d\u00fc\u015fmanlar\u0131. \u00a0\u00a0\u00a0 Bu yazarlara g\u00f6re \u00e7ocuklar and\u0131m\u0131z\u0131 okumazlarsa e\u011fer \u00fclke batacak, b\u00f6l\u00fcnecek, T\u00fcrkiye kalmayacak. Daha az ahlakl\u0131, tembel ve e\u011fri olacak yeni nesil. Ger\u00e7ekten \u00f6yle mi? 1933 y\u0131l\u0131nda yaz\u0131lm\u0131\u015f [&hellip;]<\/p>\n","protected":false},"author":3,"featured_media":0,"comment_status":"open","ping_status":"open","sticky":false,"template":"","format":"standard","meta":{"footnotes":""},"categories":[14,26,42],"tags":[],"class_list":["post-26115","post","type-post","status-publish","format-standard","hentry","category-haberler","category-makaleler","category-turkiyede-azinliklar"],"yoast_head":"<!-- This site is optimized with the Yoast SEO plugin v27.4 - https:\/\/yoast.com\/product\/yoast-seo-wordpress\/ -->\n<title>&quot;Ezbere c\u00fcmleler\u201d okumakla olmuyor - Bati Ermenistan Ve Bati Ermenileri Sorunlari Ara\u015ftirmalar Merkezi<\/title>\n<meta name=\"robots\" content=\"index, follow, max-snippet:-1, max-image-preview:large, max-video-preview:-1\" \/>\n<link rel=\"canonical\" href=\"https:\/\/akunq.net\/turkish\/2013\/10\/14\/ezbere-cumleler-okumakla-olmuyor\/\" \/>\n<meta property=\"og:locale\" content=\"en_US\" \/>\n<meta property=\"og:type\" content=\"article\" \/>\n<meta property=\"og:title\" content=\"&quot;Ezbere c\u00fcmleler\u201d okumakla olmuyor - Bati Ermenistan Ve Bati Ermenileri Sorunlari Ara\u015ftirmalar Merkezi\" \/>\n<meta property=\"og:description\" content=\"\u015eirin Payz\u0131n \u00c7ocuklar art\u0131k and\u0131m\u0131z\u0131 okumayacaklar okullarda\u2026 Baz\u0131 yazarlar \u00e7ok tepkili bu i\u015fe. Diyorlar ki, ba\u015f\u0131ndaki b\u00f6l\u00fcme yani \u201cT\u00fcrk\u00fcm\u201d denilen b\u00f6l\u00fcme b\u00f6l\u00fcc\u00fcler kar\u015f\u0131 Kalan\u0131na da Atat\u00fcrk d\u00fc\u015fmanlar\u0131. \u00a0\u00a0\u00a0 Bu yazarlara g\u00f6re \u00e7ocuklar and\u0131m\u0131z\u0131 okumazlarsa e\u011fer \u00fclke batacak, b\u00f6l\u00fcnecek, T\u00fcrkiye kalmayacak. Daha az ahlakl\u0131, tembel ve e\u011fri olacak yeni nesil. Ger\u00e7ekten \u00f6yle mi? 1933 y\u0131l\u0131nda yaz\u0131lm\u0131\u015f [&hellip;]\" \/>\n<meta property=\"og:url\" content=\"https:\/\/akunq.net\/turkish\/2013\/10\/14\/ezbere-cumleler-okumakla-olmuyor\/\" \/>\n<meta property=\"og:site_name\" content=\"Bati Ermenistan Ve Bati Ermenileri Sorunlari Ara\u015ftirmalar Merkezi\" \/>\n<meta property=\"article:published_time\" content=\"2013-10-14T07:56:05+00:00\" \/>\n<meta name=\"author\" content=\"kalem\" \/>\n<meta name=\"twitter:card\" content=\"summary_large_image\" \/>\n<meta name=\"twitter:label1\" content=\"Written by\" \/>\n\t<meta name=\"twitter:data1\" content=\"kalem\" \/>\n\t<meta name=\"twitter:label2\" content=\"Est. reading time\" \/>\n\t<meta name=\"twitter:data2\" content=\"4 minutes\" \/>\n<script type=\"application\/ld+json\" class=\"yoast-schema-graph\">{\"@context\":\"https:\\\/\\\/schema.org\",\"@graph\":[{\"@type\":\"Article\",\"@id\":\"https:\\\/\\\/akunq.net\\\/turkish\\\/2013\\\/10\\\/14\\\/ezbere-cumleler-okumakla-olmuyor\\\/#article\",\"isPartOf\":{\"@id\":\"https:\\\/\\\/akunq.net\\\/turkish\\\/2013\\\/10\\\/14\\\/ezbere-cumleler-okumakla-olmuyor\\\/\"},\"author\":{\"name\":\"kalem\",\"@id\":\"https:\\\/\\\/akunq.net\\\/turkish\\\/#\\\/schema\\\/person\\\/135e7923d1aeb8887890799619969a6c\"},\"headline\":\"&#8220;Ezbere c\u00fcmleler\u201d okumakla olmuyor\",\"datePublished\":\"2013-10-14T07:56:05+00:00\",\"mainEntityOfPage\":{\"@id\":\"https:\\\/\\\/akunq.net\\\/turkish\\\/2013\\\/10\\\/14\\\/ezbere-cumleler-okumakla-olmuyor\\\/\"},\"wordCount\":725,\"commentCount\":0,\"articleSection\":[\"Haberler\",\"Makaleler\",\"T\u00fcrkiye\u2019de Az\u0131nl\u0131klar\"],\"inLanguage\":\"en-US\",\"potentialAction\":[{\"@type\":\"CommentAction\",\"name\":\"Comment\",\"target\":[\"https:\\\/\\\/akunq.net\\\/turkish\\\/2013\\\/10\\\/14\\\/ezbere-cumleler-okumakla-olmuyor\\\/#respond\"]}]},{\"@type\":\"WebPage\",\"@id\":\"https:\\\/\\\/akunq.net\\\/turkish\\\/2013\\\/10\\\/14\\\/ezbere-cumleler-okumakla-olmuyor\\\/\",\"url\":\"https:\\\/\\\/akunq.net\\\/turkish\\\/2013\\\/10\\\/14\\\/ezbere-cumleler-okumakla-olmuyor\\\/\",\"name\":\"\\\"Ezbere c\u00fcmleler\u201d okumakla olmuyor - Bati Ermenistan Ve Bati Ermenileri Sorunlari Ara\u015ftirmalar Merkezi\",\"isPartOf\":{\"@id\":\"https:\\\/\\\/akunq.net\\\/turkish\\\/#website\"},\"datePublished\":\"2013-10-14T07:56:05+00:00\",\"author\":{\"@id\":\"https:\\\/\\\/akunq.net\\\/turkish\\\/#\\\/schema\\\/person\\\/135e7923d1aeb8887890799619969a6c\"},\"breadcrumb\":{\"@id\":\"https:\\\/\\\/akunq.net\\\/turkish\\\/2013\\\/10\\\/14\\\/ezbere-cumleler-okumakla-olmuyor\\\/#breadcrumb\"},\"inLanguage\":\"en-US\",\"potentialAction\":[{\"@type\":\"ReadAction\",\"target\":[\"https:\\\/\\\/akunq.net\\\/turkish\\\/2013\\\/10\\\/14\\\/ezbere-cumleler-okumakla-olmuyor\\\/\"]}]},{\"@type\":\"BreadcrumbList\",\"@id\":\"https:\\\/\\\/akunq.net\\\/turkish\\\/2013\\\/10\\\/14\\\/ezbere-cumleler-okumakla-olmuyor\\\/#breadcrumb\",\"itemListElement\":[{\"@type\":\"ListItem\",\"position\":1,\"name\":\"Home\",\"item\":\"https:\\\/\\\/akunq.net\\\/turkish\\\/\"},{\"@type\":\"ListItem\",\"position\":2,\"name\":\"&#8220;Ezbere c\u00fcmleler\u201d okumakla olmuyor\"}]},{\"@type\":\"WebSite\",\"@id\":\"https:\\\/\\\/akunq.net\\\/turkish\\\/#website\",\"url\":\"https:\\\/\\\/akunq.net\\\/turkish\\\/\",\"name\":\"Bati Ermenistan Ve Bati Ermenileri Sorunlari Ara\u015ftirmalar Merkezi\",\"description\":\"\",\"potentialAction\":[{\"@type\":\"SearchAction\",\"target\":{\"@type\":\"EntryPoint\",\"urlTemplate\":\"https:\\\/\\\/akunq.net\\\/turkish\\\/?s={search_term_string}\"},\"query-input\":{\"@type\":\"PropertyValueSpecification\",\"valueRequired\":true,\"valueName\":\"search_term_string\"}}],\"inLanguage\":\"en-US\"},{\"@type\":\"Person\",\"@id\":\"https:\\\/\\\/akunq.net\\\/turkish\\\/#\\\/schema\\\/person\\\/135e7923d1aeb8887890799619969a6c\",\"name\":\"kalem\",\"image\":{\"@type\":\"ImageObject\",\"inLanguage\":\"en-US\",\"@id\":\"https:\\\/\\\/secure.gravatar.com\\\/avatar\\\/a06875e4b25feb5674296adf8e8a7ae1e587cebce2493fe63c456109967e27d3?s=96&d=mm&r=g\",\"url\":\"https:\\\/\\\/secure.gravatar.com\\\/avatar\\\/a06875e4b25feb5674296adf8e8a7ae1e587cebce2493fe63c456109967e27d3?s=96&d=mm&r=g\",\"contentUrl\":\"https:\\\/\\\/secure.gravatar.com\\\/avatar\\\/a06875e4b25feb5674296adf8e8a7ae1e587cebce2493fe63c456109967e27d3?s=96&d=mm&r=g\",\"caption\":\"kalem\"},\"url\":\"https:\\\/\\\/akunq.net\\\/turkish\\\/author\\\/kalem\\\/\"}]}<\/script>\n<!-- \/ Yoast SEO plugin. -->","yoast_head_json":{"title":"\"Ezbere c\u00fcmleler\u201d okumakla olmuyor - Bati Ermenistan Ve Bati Ermenileri Sorunlari Ara\u015ftirmalar Merkezi","robots":{"index":"index","follow":"follow","max-snippet":"max-snippet:-1","max-image-preview":"max-image-preview:large","max-video-preview":"max-video-preview:-1"},"canonical":"https:\/\/akunq.net\/turkish\/2013\/10\/14\/ezbere-cumleler-okumakla-olmuyor\/","og_locale":"en_US","og_type":"article","og_title":"\"Ezbere c\u00fcmleler\u201d okumakla olmuyor - Bati Ermenistan Ve Bati Ermenileri Sorunlari Ara\u015ftirmalar Merkezi","og_description":"\u015eirin Payz\u0131n \u00c7ocuklar art\u0131k and\u0131m\u0131z\u0131 okumayacaklar okullarda\u2026 Baz\u0131 yazarlar \u00e7ok tepkili bu i\u015fe. Diyorlar ki, ba\u015f\u0131ndaki b\u00f6l\u00fcme yani \u201cT\u00fcrk\u00fcm\u201d denilen b\u00f6l\u00fcme b\u00f6l\u00fcc\u00fcler kar\u015f\u0131 Kalan\u0131na da Atat\u00fcrk d\u00fc\u015fmanlar\u0131. \u00a0\u00a0\u00a0 Bu yazarlara g\u00f6re \u00e7ocuklar and\u0131m\u0131z\u0131 okumazlarsa e\u011fer \u00fclke batacak, b\u00f6l\u00fcnecek, T\u00fcrkiye kalmayacak. Daha az ahlakl\u0131, tembel ve e\u011fri olacak yeni nesil. Ger\u00e7ekten \u00f6yle mi? 1933 y\u0131l\u0131nda yaz\u0131lm\u0131\u015f [&hellip;]","og_url":"https:\/\/akunq.net\/turkish\/2013\/10\/14\/ezbere-cumleler-okumakla-olmuyor\/","og_site_name":"Bati Ermenistan Ve Bati Ermenileri Sorunlari Ara\u015ftirmalar Merkezi","article_published_time":"2013-10-14T07:56:05+00:00","author":"kalem","twitter_card":"summary_large_image","twitter_misc":{"Written by":"kalem","Est. reading time":"4 minutes"},"schema":{"@context":"https:\/\/schema.org","@graph":[{"@type":"Article","@id":"https:\/\/akunq.net\/turkish\/2013\/10\/14\/ezbere-cumleler-okumakla-olmuyor\/#article","isPartOf":{"@id":"https:\/\/akunq.net\/turkish\/2013\/10\/14\/ezbere-cumleler-okumakla-olmuyor\/"},"author":{"name":"kalem","@id":"https:\/\/akunq.net\/turkish\/#\/schema\/person\/135e7923d1aeb8887890799619969a6c"},"headline":"&#8220;Ezbere c\u00fcmleler\u201d okumakla olmuyor","datePublished":"2013-10-14T07:56:05+00:00","mainEntityOfPage":{"@id":"https:\/\/akunq.net\/turkish\/2013\/10\/14\/ezbere-cumleler-okumakla-olmuyor\/"},"wordCount":725,"commentCount":0,"articleSection":["Haberler","Makaleler","T\u00fcrkiye\u2019de Az\u0131nl\u0131klar"],"inLanguage":"en-US","potentialAction":[{"@type":"CommentAction","name":"Comment","target":["https:\/\/akunq.net\/turkish\/2013\/10\/14\/ezbere-cumleler-okumakla-olmuyor\/#respond"]}]},{"@type":"WebPage","@id":"https:\/\/akunq.net\/turkish\/2013\/10\/14\/ezbere-cumleler-okumakla-olmuyor\/","url":"https:\/\/akunq.net\/turkish\/2013\/10\/14\/ezbere-cumleler-okumakla-olmuyor\/","name":"\"Ezbere c\u00fcmleler\u201d okumakla olmuyor - Bati Ermenistan Ve Bati Ermenileri Sorunlari Ara\u015ftirmalar Merkezi","isPartOf":{"@id":"https:\/\/akunq.net\/turkish\/#website"},"datePublished":"2013-10-14T07:56:05+00:00","author":{"@id":"https:\/\/akunq.net\/turkish\/#\/schema\/person\/135e7923d1aeb8887890799619969a6c"},"breadcrumb":{"@id":"https:\/\/akunq.net\/turkish\/2013\/10\/14\/ezbere-cumleler-okumakla-olmuyor\/#breadcrumb"},"inLanguage":"en-US","potentialAction":[{"@type":"ReadAction","target":["https:\/\/akunq.net\/turkish\/2013\/10\/14\/ezbere-cumleler-okumakla-olmuyor\/"]}]},{"@type":"BreadcrumbList","@id":"https:\/\/akunq.net\/turkish\/2013\/10\/14\/ezbere-cumleler-okumakla-olmuyor\/#breadcrumb","itemListElement":[{"@type":"ListItem","position":1,"name":"Home","item":"https:\/\/akunq.net\/turkish\/"},{"@type":"ListItem","position":2,"name":"&#8220;Ezbere c\u00fcmleler\u201d okumakla olmuyor"}]},{"@type":"WebSite","@id":"https:\/\/akunq.net\/turkish\/#website","url":"https:\/\/akunq.net\/turkish\/","name":"Bati Ermenistan Ve Bati Ermenileri Sorunlari Ara\u015ftirmalar Merkezi","description":"","potentialAction":[{"@type":"SearchAction","target":{"@type":"EntryPoint","urlTemplate":"https:\/\/akunq.net\/turkish\/?s={search_term_string}"},"query-input":{"@type":"PropertyValueSpecification","valueRequired":true,"valueName":"search_term_string"}}],"inLanguage":"en-US"},{"@type":"Person","@id":"https:\/\/akunq.net\/turkish\/#\/schema\/person\/135e7923d1aeb8887890799619969a6c","name":"kalem","image":{"@type":"ImageObject","inLanguage":"en-US","@id":"https:\/\/secure.gravatar.com\/avatar\/a06875e4b25feb5674296adf8e8a7ae1e587cebce2493fe63c456109967e27d3?s=96&d=mm&r=g","url":"https:\/\/secure.gravatar.com\/avatar\/a06875e4b25feb5674296adf8e8a7ae1e587cebce2493fe63c456109967e27d3?s=96&d=mm&r=g","contentUrl":"https:\/\/secure.gravatar.com\/avatar\/a06875e4b25feb5674296adf8e8a7ae1e587cebce2493fe63c456109967e27d3?s=96&d=mm&r=g","caption":"kalem"},"url":"https:\/\/akunq.net\/turkish\/author\/kalem\/"}]}},"_links":{"self":[{"href":"https:\/\/akunq.net\/turkish\/wp-json\/wp\/v2\/posts\/26115","targetHints":{"allow":["GET"]}}],"collection":[{"href":"https:\/\/akunq.net\/turkish\/wp-json\/wp\/v2\/posts"}],"about":[{"href":"https:\/\/akunq.net\/turkish\/wp-json\/wp\/v2\/types\/post"}],"author":[{"embeddable":true,"href":"https:\/\/akunq.net\/turkish\/wp-json\/wp\/v2\/users\/3"}],"replies":[{"embeddable":true,"href":"https:\/\/akunq.net\/turkish\/wp-json\/wp\/v2\/comments?post=26115"}],"version-history":[{"count":0,"href":"https:\/\/akunq.net\/turkish\/wp-json\/wp\/v2\/posts\/26115\/revisions"}],"wp:attachment":[{"href":"https:\/\/akunq.net\/turkish\/wp-json\/wp\/v2\/media?parent=26115"}],"wp:term":[{"taxonomy":"category","embeddable":true,"href":"https:\/\/akunq.net\/turkish\/wp-json\/wp\/v2\/categories?post=26115"},{"taxonomy":"post_tag","embeddable":true,"href":"https:\/\/akunq.net\/turkish\/wp-json\/wp\/v2\/tags?post=26115"}],"curies":[{"name":"wp","href":"https:\/\/api.w.org\/{rel}","templated":true}]}}