{"id":26083,"date":"2013-10-12T01:52:00","date_gmt":"2013-10-12T06:52:00","guid":{"rendered":"http:\/\/akunq.net\/tr\/?p=26083"},"modified":"2013-10-12T01:52:00","modified_gmt":"2013-10-12T06:52:00","slug":"basbakan-azinliklar-konusunda-iyi-niyetli-mi","status":"publish","type":"post","link":"https:\/\/akunq.net\/turkish\/2013\/10\/12\/basbakan-azinliklar-konusunda-iyi-niyetli-mi\/","title":{"rendered":"Ba\u015fbakan az\u0131nl\u0131klar konusunda iyi niyetli mi?"},"content":{"rendered":"<p style=\"text-align: justify\"><b><i><a href=\"http:\/\/akunq.net\/tr\/wp-content\/uploads\/2013\/10\/Az\u0131nl\u0131klar.jpg\"><img loading=\"lazy\" decoding=\"async\" class=\"alignright size-medium wp-image-26084\" alt=\"Az\u0131nl\u0131klar\" src=\"http:\/\/akunq.net\/tr\/wp-content\/uploads\/2013\/10\/Az\u0131nl\u0131klar-300x218.jpg\" width=\"300\" height=\"218\" \/><\/a>Rober Kopta\u015f, Ruhban Okulu ve az\u0131nl\u0131k haklar\u0131 konusunda Ba\u015fbakan Erdo\u011fan\u2019\u0131n tavr\u0131n\u0131 ele\u015ftirdi. Erdo\u011fan\u2019\u0131n \u201cM\u00fcslimin de gayrim\u00fcslimin de hakk\u0131n\u0131 korumak devletin g\u00f6revidir\u201d s\u00f6z\u00fcn\u00fc an\u0131msatan Kopta\u015f, \u201cPeki, madem ortada \u2018\u0130yi niyetimiz\u2019 diye s\u00f6z\u00fc edilen bir iyi niyet var, Ba\u015fbakan ve iktidar\u0131, bu ad\u0131mlar\u0131n eksik ve y\u00fczeysel oldu\u011fu ele\u015ftirisine kulak vermede neden bu kadar \u2018niyetsiz\u2019?\u201d diye sordu.<\/i><\/b><\/p>\n<p style=\"text-align: justify\"><b>Rober<\/b><b>Kopta<\/b><b>\u015f<\/b><\/p>\n<p style=\"text-align: justify\">Ba\u015fbakan Erdo\u011fan, D\u0131\u015fi\u015fleri Bakan\u0131 Davuto\u011flu ve AB Bakan\u0131 Ba\u011f\u0131\u015f bir hafta i\u00e7inde ard\u0131 ard\u0131na Ruhban Okulu\u2019yla ilgili \u015funu s\u00f6ylediler kabaca: \u201cHeybeliada Ruhban Okulu\u2019nun yeniden a\u00e7\u0131lmas\u0131, ancak Atina\u2019da cami ve Bat\u0131 Trakya&#8217;da m\u00fcft\u00fcl\u00fck (ve ayr\u0131ca ba\u015f m\u00fcft\u00fcl\u00fck) se\u00e7imine ba\u011fl\u0131. Bunlar olursa Ruhban Okulu a\u00e7\u0131lacak, Yunanistan bunlar\u0131 yapmaz ise, Ruhban Okulu a\u00e7\u0131lmayacak!\u201d<\/p>\n<p style=\"text-align: justify\">Ba\u015fbakan bunun \u00fcst\u00fcne bir de, \u201cBizim i\u00e7in Ruhban Okulu anl\u0131k meseledir. Sen camilerden haber ver\u201d dedi.<\/p>\n<p style=\"text-align: justify\">Sanki Ruhban Okulu\u2019ndan veya camiden, nihayetinde din \u00f6zg\u00fcrl\u00fc\u011f\u00fcyle ilgili \u00f6nemli bir meseleden de\u011fil, pazar yerinde alelade bir mal pazarl\u0131\u011f\u0131ndan s\u00f6z ediyoruz!<\/p>\n<p style=\"text-align: justify\">Erdo\u011fan ayr\u0131ca, yine az\u0131nl\u0131klarla ilgili olarak Adana\u2019da, \u201cBizim bu iyi niyetimiz yeter. Yetimhaneyi verdik, \u015fu \u00e2na kadar 2 bu\u00e7uk milyar liral\u0131k gayrimenkullerini, Rumlar\u0131n, Musevilerin, Ermenilerin iade ettik. Biz bunu da yapt\u0131k. Niye? Dedik ki &#8216;Bu onlar\u0131n hakk\u0131d\u0131r, bug\u00fcne kadar burada bir yanl\u0131\u015fl\u0131k oldu, bu yanl\u0131\u015f\u0131 da biz d\u00fczeltelim&#8217;. Zira bizim tarihimizde, bizim medeniyetimizde M\u00fcslimin de gayrim\u00fcslimin de hakk\u0131n\u0131 korumak devletin g\u00f6revidir. Biz bunu yapt\u0131k.\u201d<\/p>\n<p style=\"text-align: justify\">Allah i\u00e7in, Ba\u015fbakan \u201cYapt\u0131k\u201d derken yalan s\u00f6ylemiyor. Yapt\u0131lar. \u00d6nceki h\u00fck\u00fcmetlerin bu memleketin gayrim\u00fcslim vatanda\u015f\u0131na yapt\u0131\u011f\u0131 haks\u0131zl\u0131klar\u0131 gidermek i\u00e7in baz\u0131 ad\u0131mlar att\u0131lar. Peki, madem ortada \u201c\u0130yi niyetimiz\u201d diye s\u00f6z\u00fc edilen bir iyi niyet var, Ba\u015fbakan ve iktidar\u0131, bu ad\u0131mlar\u0131n eksik ve y\u00fczeysel oldu\u011fu ele\u015ftirisine kulak vermede neden bu kadar \u201cniyetsiz\u201d?<\/p>\n<p style=\"text-align: justify\">S\u0131rf yukar\u0131da al\u0131nt\u0131lanan c\u00fcmlelerde bile tonla hata, \u00e7arp\u0131tma, hakikati e\u011fip b\u00fckme var.<\/p>\n<p style=\"text-align: justify\"><b>\u2022 Yetimhane\u2019yi verdik:<\/b> Hay\u0131r, siz vermediniz. A\u0130HM T\u00fcrkiye\u2019yi mahk\u00fbm etti ve B\u00fcy\u00fckada\u2019daki Rum yetimhanesinin iade edilmesine karar verdi.<\/p>\n<p style=\"text-align: justify\"><b>\u2022 2,5 milyar liral\u0131k gayrimenkul iade ettik:<\/b> Hani, nerede? Daha \u00f6nce de bu rakam\u0131 zikrettiniz; \u015fu hesab\u0131 bir ortaya \u00e7\u0131kar\u0131n da 2,5 milyar lira rakam\u0131na nas\u0131l ula\u015ft\u0131n\u0131z bir bilelim.<b>\u00a0<\/b>Diyelim ki rakam do\u011fru, peki, ya iade etmediklerinizin de\u011feri ne? Ka\u00e7 milyar lira? Ya da, iade etti\u011finiz m\u00fclklerin onlarca y\u0131ll\u0131k gasp\u0131 sonucunda ortaya \u00e7\u0131kmas\u0131 gereken kullan\u0131m de\u011feri? Tazminat?<\/p>\n<p style=\"text-align: justify\"><b>\u2022 Bizim medeniyetimizde M\u00fcslimin de gayrim\u00fcslimin de hakk\u0131n\u0131 korumak devletin g\u00f6revidir:<\/b> Ne kadar g\u00fczel bir yakla\u015f\u0131m. Peki, madem M\u00fcslimin de gayrim\u00fcslimin de hakk\u0131n\u0131 korumak devletin g\u00f6revi, o zaman, misal \u201canl\u0131k mesele\u201d olan Ruhban okulu neden a\u00e7\u0131lm\u0131yor? Neden Atina\u2019da cami yap\u0131lmas\u0131 \u015fart\u0131na ba\u011flan\u0131yor. Evet, Yunanistan, Atina\u2019da cami in\u015fa edilmesine izin vermeyerek, Avrupa\u2019n\u0131n camisiz tek ba\u015fkentine sahip olarak son derece ayr\u0131mc\u0131 bir politika y\u00fcr\u00fct\u00fcyor, peki ama Ruhban okulunun a\u00e7\u0131lmas\u0131n\u0131 Atina\u2019ya cami \u015fart\u0131na ba\u011flad\u0131\u011f\u0131n\u0131zda siz ne yapm\u0131\u015f oluyorsunuz?<\/p>\n<p style=\"text-align: justify\"><b>\u2022 \u0130ade ettik:<\/b> Do\u011fru, ettiniz. Ancak \u015fu ana kadar vak\u0131f m\u00fclklerinin yakla\u015f\u0131k y\u00fczde 25\u2019ini iade ettiniz. Bu \u00fclkenin gayrim\u00fcslim yurtta\u015flar\u0131n\u0131n vak\u0131flar\u0131n\u0131n mallar\u0131n\u0131n y\u00fczde 75\u2019i h\u00e2l\u00e2 devletin veya kapan\u0131n elinde. \u00dcstelik bu rakama, vak\u0131f m\u00fclk\u00fc olmayan mallar, ki\u015filerden gasp edilenler dahil de\u011fil.<\/p>\n<p style=\"text-align: justify\"><b>\u2022 Bizim bu iyi niyetimiz:<\/b> S\u00f6ylediklerinizde bu kadar hata, \u00e7arp\u0131tma, kenardan dolanma ve b\u00f6b\u00fcrlenme varken, hangi iyi niyetten s\u00f6z ediyorsunuz? Al\u00e7akg\u00f6n\u00fcll\u00fcl\u00fck, tevazu, iyi niyetin olmazsa olmaz\u0131 de\u011fil midir? Yurtta\u015flar\u0131n\u0131z\u0131n gasp edilmi\u015f haklar\u0131n\u0131 iade etti\u011finizi onlar\u0131n g\u00f6z\u00fcn\u00fcn i\u00e7ine sokman\u0131z, onlar l\u00fctuf veriyormu\u015f.<\/p>\n<div style=\"text-align: justify\" align=\"center\">\n<hr align=\"center\" size=\"2\" width=\"100%\" \/>\n<\/div>\n<p style=\"text-align: justify\"><b>Oy artar ama huzur kal\u0131r m\u0131?<\/b><\/p>\n<p style=\"text-align: justify\">\u00d6zellikle Gezi sonras\u0131nda muhafazak\u00e2r cenahta gittik\u00e7e daha fazla g\u00f6r\u00fclen, her ne pahas\u0131na olursa olsun AK Parti\u2019yi savunma, laf s\u00f6yletmeme, her ele\u015ftirinin ard\u0131nda darbecilik, ulusalc\u0131l\u0131k arama reflekslerinin ne kadar zararl\u0131 oldu\u011funu g\u00f6rmek bu kadar zor mu?<\/p>\n<p style=\"text-align: justify\">\u015eu son H\u00fcseyin \u00c7elik vakas\u0131n\u0131 alal\u0131m. \u00dcstelik T\u00fcrkiye\u2019de b\u00fcy\u00fck bir haks\u0131zl\u0131\u011f\u0131n ortadan kalkt\u0131\u011f\u0131, kad\u0131nlar\u0131n ba\u015f\u00f6rt\u00fcleriyle okullarda, devlet dairelerinde g\u00f6rev yapmaya ba\u015flad\u0131\u011f\u0131 g\u00fcnde, bir televizyon program\u0131nda sunuculuk yapan bir kad\u0131n\u0131n giyimine kafay\u0131 takarak televizyonda neyin giyilip neyin giyilmeyece\u011fini belirleme c\u00fcretini kendinde g\u00f6ren bir bakan\u0131 ele\u015ftirenler sadece laikler mi olmal\u0131 T\u00fcrkiye\u2019de?<\/p>\n<p style=\"text-align: justify\">AK Parti i\u00e7inden de bakan\u0131 k\u0131nayan, muhafazak\u00e2rlardan da bu s\u00f6zlerin kabul edilemez oldu\u011funu ilan eden beyanlar, a\u00e7\u0131klamalar, bildiriler gelmemeli mi? Bu adil tavr\u0131 beklemek \u00e7ok mu fazla l\u00fcks? Olmamal\u0131 oysa\u2026<\/p>\n<p style=\"text-align: justify\">Ba\u015fbakan, kutupla\u015fmay\u0131 art\u0131rma siyasetinin \u00f6n\u00fcm\u00fczdeki se\u00e7imlerde AK Parti\u2019nin oylar\u0131n\u0131 art\u0131raca\u011f\u0131 hesab\u0131yla hareket ediyor, bu a\u00e7\u0131k. Bunu yaparken de, bu kutupla\u015fman\u0131n toplum \u00fczerinde b\u0131rakt\u0131\u011f\u0131 geri d\u00f6n\u00fclmez tahribat\u0131 hesaba katm\u0131yor. Oysa hakl\u0131 olsun olmas\u0131n, toplumun bir kesiminin, AK Parti\u2019nin g\u00fcnl\u00fck ya\u015fam dinamikleri \u00fczerindeki niyetine dair ciddi kayg\u0131lar\u0131 var. AK Parti ise bu kayg\u0131lar\u0131 gidermek yerine daha da ka\u015f\u0131yarak toplumsal deste\u011fini tahakk\u00fcm etmekten ba\u015fka bir yol tutmuyor.<\/p>\n<p style=\"text-align: justify\">Bu durumda sorumluluk, muhafazak\u00e2rlar aras\u0131nda akl\u0131selim ve vicdan sahibi insanlara d\u00fc\u015f\u00fcyor. Onlar ad\u0131na siyaset yapanlara, \u201cNe yap\u0131yorsunuz, nas\u0131l ki M\u00fcsl\u00fcman kad\u0131nlar\u0131n ba\u015f\u00f6rt\u00fcs\u00fcne kar\u0131\u015f\u0131lmas\u0131n\u0131 istemiyoruz, kimin ne giyece\u011fine de kar\u0131\u015fmamal\u0131y\u0131z\u201d demeleri gerekiyor. Tabii ki, bir partinin iktidar\u0131n\u0131, inand\u0131klar\u0131 adil de\u011ferlerin \u00f6n\u00fcnde tutmuyorlarsa.<\/p>\n<p style=\"text-align: justify\">AK Parti bu y\u00f6n\u00fcyle, gittik\u00e7e miad\u0131n\u0131 doldurmaya do\u011fru giden ve eninde sonunda kendi i\u00e7inden \u00e7\u0131kacak yeni bir ak\u0131m taraf\u0131ndan yenilecek bir kazulete d\u00f6n\u00fc\u015f\u00fcyor. Buna dur demek ise, \u00f6ncelikle AK Parti\u2019nin sevenlerine d\u00fc\u015f\u00fcyor. Bu sa\u011fduyu g\u00f6sterilmezse, belki AK Parti yine iktidarda kal\u0131r, ama bu toplumun iki yakas\u0131 bir araya gelmez kolay kolay.<\/p>\n<div style=\"text-align: justify\" align=\"center\">\n<hr align=\"center\" size=\"2\" width=\"100%\" \/>\n<\/div>\n<p style=\"text-align: justify\"><b>B\u00f6yle muhalifli\u011fe b\u00f6yle iktidar<\/b><\/p>\n<p style=\"text-align: justify\">Can D\u00fcndar ve Kemal K\u0131l\u0131\u00e7daro\u011flu\u2019nun a\u00e7\u0131klamalar\u0131 ard\u0131 ard\u0131na geldi. K\u0131l\u0131\u00e7daro\u011flu And\u0131m\u0131z\u2019\u0131n kald\u0131r\u0131lmas\u0131na cansiperane bir \u015fekilde kar\u015f\u0131 \u00e7\u0131karken, Can D\u00fcndar da, bas\u0131n \u00fczerindeki bask\u0131lardan dem vurdu, ge\u00e7mi\u015fte askerlerle nas\u0131l uyum i\u00e7inde \u00e7al\u0131\u015ft\u0131klar\u0131ndan ve hatta 12 Eyl\u00fcl d\u00f6nemi sans\u00fcr\u00fcn\u00fc dahi \u00f6zledi\u011finden bahsetti.<\/p>\n<p style=\"text-align: justify\">Ana \u2018muhalefet\u2019 partisinin genel ba\u015fkan\u0131 ve tan\u0131nm\u0131\u015f bir \u2018muhalif\u2019 gazeteci. Muhalefet buysa, AK Parti daha \u00e7ok se\u00e7ime rakipsiz gider.<\/p>\n<p style=\"text-align: justify\"><b><i>http:\/\/agos.com.tr\/haber.php?seo=rober-koptas-yazdi-basbakan-azinliklar-konusunda-iyi-niyetli-mi&amp;haberid=5905<\/i><\/b><\/p>\n","protected":false},"excerpt":{"rendered":"<p>Rober Kopta\u015f, Ruhban Okulu ve az\u0131nl\u0131k haklar\u0131 konusunda Ba\u015fbakan Erdo\u011fan\u2019\u0131n tavr\u0131n\u0131 ele\u015ftirdi. Erdo\u011fan\u2019\u0131n \u201cM\u00fcslimin de gayrim\u00fcslimin de hakk\u0131n\u0131 korumak devletin g\u00f6revidir\u201d s\u00f6z\u00fcn\u00fc an\u0131msatan Kopta\u015f, \u201cPeki, madem ortada \u2018\u0130yi niyetimiz\u2019 diye s\u00f6z\u00fc edilen bir iyi niyet var, Ba\u015fbakan ve iktidar\u0131, bu ad\u0131mlar\u0131n eksik ve y\u00fczeysel oldu\u011fu ele\u015ftirisine kulak vermede neden bu kadar \u2018niyetsiz\u2019?\u201d diye sordu. RoberKopta\u015f [&hellip;]<\/p>\n","protected":false},"author":3,"featured_media":0,"comment_status":"open","ping_status":"open","sticky":false,"template":"","format":"standard","meta":{"footnotes":""},"categories":[14,26,42],"tags":[],"class_list":["post-26083","post","type-post","status-publish","format-standard","hentry","category-haberler","category-makaleler","category-turkiyede-azinliklar"],"yoast_head":"<!-- This site is optimized with the Yoast SEO plugin v27.4 - https:\/\/yoast.com\/product\/yoast-seo-wordpress\/ -->\n<title>Ba\u015fbakan az\u0131nl\u0131klar konusunda iyi niyetli mi? - Bati Ermenistan Ve Bati Ermenileri Sorunlari Ara\u015ftirmalar Merkezi<\/title>\n<meta name=\"robots\" content=\"index, follow, max-snippet:-1, max-image-preview:large, max-video-preview:-1\" \/>\n<link rel=\"canonical\" href=\"https:\/\/akunq.net\/turkish\/2013\/10\/12\/basbakan-azinliklar-konusunda-iyi-niyetli-mi\/\" \/>\n<meta property=\"og:locale\" content=\"en_US\" \/>\n<meta property=\"og:type\" content=\"article\" \/>\n<meta property=\"og:title\" content=\"Ba\u015fbakan az\u0131nl\u0131klar konusunda iyi niyetli mi? - Bati Ermenistan Ve Bati Ermenileri Sorunlari Ara\u015ftirmalar Merkezi\" \/>\n<meta property=\"og:description\" content=\"Rober Kopta\u015f, Ruhban Okulu ve az\u0131nl\u0131k haklar\u0131 konusunda Ba\u015fbakan Erdo\u011fan\u2019\u0131n tavr\u0131n\u0131 ele\u015ftirdi. Erdo\u011fan\u2019\u0131n \u201cM\u00fcslimin de gayrim\u00fcslimin de hakk\u0131n\u0131 korumak devletin g\u00f6revidir\u201d s\u00f6z\u00fcn\u00fc an\u0131msatan Kopta\u015f, \u201cPeki, madem ortada \u2018\u0130yi niyetimiz\u2019 diye s\u00f6z\u00fc edilen bir iyi niyet var, Ba\u015fbakan ve iktidar\u0131, bu ad\u0131mlar\u0131n eksik ve y\u00fczeysel oldu\u011fu ele\u015ftirisine kulak vermede neden bu kadar \u2018niyetsiz\u2019?\u201d diye sordu. RoberKopta\u015f [&hellip;]\" \/>\n<meta property=\"og:url\" content=\"https:\/\/akunq.net\/turkish\/2013\/10\/12\/basbakan-azinliklar-konusunda-iyi-niyetli-mi\/\" \/>\n<meta property=\"og:site_name\" content=\"Bati Ermenistan Ve Bati Ermenileri Sorunlari Ara\u015ftirmalar Merkezi\" \/>\n<meta property=\"article:published_time\" content=\"2013-10-12T06:52:00+00:00\" \/>\n<meta name=\"author\" content=\"kalem\" \/>\n<meta name=\"twitter:card\" content=\"summary_large_image\" \/>\n<meta name=\"twitter:label1\" content=\"Written by\" \/>\n\t<meta name=\"twitter:data1\" content=\"kalem\" \/>\n\t<meta name=\"twitter:label2\" content=\"Est. reading time\" \/>\n\t<meta name=\"twitter:data2\" content=\"6 minutes\" \/>\n<script type=\"application\/ld+json\" class=\"yoast-schema-graph\">{\"@context\":\"https:\\\/\\\/schema.org\",\"@graph\":[{\"@type\":\"Article\",\"@id\":\"https:\\\/\\\/akunq.net\\\/turkish\\\/2013\\\/10\\\/12\\\/basbakan-azinliklar-konusunda-iyi-niyetli-mi\\\/#article\",\"isPartOf\":{\"@id\":\"https:\\\/\\\/akunq.net\\\/turkish\\\/2013\\\/10\\\/12\\\/basbakan-azinliklar-konusunda-iyi-niyetli-mi\\\/\"},\"author\":{\"name\":\"kalem\",\"@id\":\"https:\\\/\\\/akunq.net\\\/turkish\\\/#\\\/schema\\\/person\\\/135e7923d1aeb8887890799619969a6c\"},\"headline\":\"Ba\u015fbakan az\u0131nl\u0131klar konusunda iyi niyetli mi?\",\"datePublished\":\"2013-10-12T06:52:00+00:00\",\"mainEntityOfPage\":{\"@id\":\"https:\\\/\\\/akunq.net\\\/turkish\\\/2013\\\/10\\\/12\\\/basbakan-azinliklar-konusunda-iyi-niyetli-mi\\\/\"},\"wordCount\":1209,\"commentCount\":0,\"articleSection\":[\"Haberler\",\"Makaleler\",\"T\u00fcrkiye\u2019de Az\u0131nl\u0131klar\"],\"inLanguage\":\"en-US\",\"potentialAction\":[{\"@type\":\"CommentAction\",\"name\":\"Comment\",\"target\":[\"https:\\\/\\\/akunq.net\\\/turkish\\\/2013\\\/10\\\/12\\\/basbakan-azinliklar-konusunda-iyi-niyetli-mi\\\/#respond\"]}]},{\"@type\":\"WebPage\",\"@id\":\"https:\\\/\\\/akunq.net\\\/turkish\\\/2013\\\/10\\\/12\\\/basbakan-azinliklar-konusunda-iyi-niyetli-mi\\\/\",\"url\":\"https:\\\/\\\/akunq.net\\\/turkish\\\/2013\\\/10\\\/12\\\/basbakan-azinliklar-konusunda-iyi-niyetli-mi\\\/\",\"name\":\"Ba\u015fbakan az\u0131nl\u0131klar konusunda iyi niyetli mi? - Bati Ermenistan Ve Bati Ermenileri Sorunlari Ara\u015ftirmalar Merkezi\",\"isPartOf\":{\"@id\":\"https:\\\/\\\/akunq.net\\\/turkish\\\/#website\"},\"datePublished\":\"2013-10-12T06:52:00+00:00\",\"author\":{\"@id\":\"https:\\\/\\\/akunq.net\\\/turkish\\\/#\\\/schema\\\/person\\\/135e7923d1aeb8887890799619969a6c\"},\"breadcrumb\":{\"@id\":\"https:\\\/\\\/akunq.net\\\/turkish\\\/2013\\\/10\\\/12\\\/basbakan-azinliklar-konusunda-iyi-niyetli-mi\\\/#breadcrumb\"},\"inLanguage\":\"en-US\",\"potentialAction\":[{\"@type\":\"ReadAction\",\"target\":[\"https:\\\/\\\/akunq.net\\\/turkish\\\/2013\\\/10\\\/12\\\/basbakan-azinliklar-konusunda-iyi-niyetli-mi\\\/\"]}]},{\"@type\":\"BreadcrumbList\",\"@id\":\"https:\\\/\\\/akunq.net\\\/turkish\\\/2013\\\/10\\\/12\\\/basbakan-azinliklar-konusunda-iyi-niyetli-mi\\\/#breadcrumb\",\"itemListElement\":[{\"@type\":\"ListItem\",\"position\":1,\"name\":\"Home\",\"item\":\"https:\\\/\\\/akunq.net\\\/turkish\\\/\"},{\"@type\":\"ListItem\",\"position\":2,\"name\":\"Ba\u015fbakan az\u0131nl\u0131klar konusunda iyi niyetli mi?\"}]},{\"@type\":\"WebSite\",\"@id\":\"https:\\\/\\\/akunq.net\\\/turkish\\\/#website\",\"url\":\"https:\\\/\\\/akunq.net\\\/turkish\\\/\",\"name\":\"Bati Ermenistan Ve Bati Ermenileri Sorunlari Ara\u015ftirmalar Merkezi\",\"description\":\"\",\"potentialAction\":[{\"@type\":\"SearchAction\",\"target\":{\"@type\":\"EntryPoint\",\"urlTemplate\":\"https:\\\/\\\/akunq.net\\\/turkish\\\/?s={search_term_string}\"},\"query-input\":{\"@type\":\"PropertyValueSpecification\",\"valueRequired\":true,\"valueName\":\"search_term_string\"}}],\"inLanguage\":\"en-US\"},{\"@type\":\"Person\",\"@id\":\"https:\\\/\\\/akunq.net\\\/turkish\\\/#\\\/schema\\\/person\\\/135e7923d1aeb8887890799619969a6c\",\"name\":\"kalem\",\"image\":{\"@type\":\"ImageObject\",\"inLanguage\":\"en-US\",\"@id\":\"https:\\\/\\\/secure.gravatar.com\\\/avatar\\\/a06875e4b25feb5674296adf8e8a7ae1e587cebce2493fe63c456109967e27d3?s=96&d=mm&r=g\",\"url\":\"https:\\\/\\\/secure.gravatar.com\\\/avatar\\\/a06875e4b25feb5674296adf8e8a7ae1e587cebce2493fe63c456109967e27d3?s=96&d=mm&r=g\",\"contentUrl\":\"https:\\\/\\\/secure.gravatar.com\\\/avatar\\\/a06875e4b25feb5674296adf8e8a7ae1e587cebce2493fe63c456109967e27d3?s=96&d=mm&r=g\",\"caption\":\"kalem\"},\"url\":\"https:\\\/\\\/akunq.net\\\/turkish\\\/author\\\/kalem\\\/\"}]}<\/script>\n<!-- \/ Yoast SEO plugin. -->","yoast_head_json":{"title":"Ba\u015fbakan az\u0131nl\u0131klar konusunda iyi niyetli mi? - Bati Ermenistan Ve Bati Ermenileri Sorunlari Ara\u015ftirmalar Merkezi","robots":{"index":"index","follow":"follow","max-snippet":"max-snippet:-1","max-image-preview":"max-image-preview:large","max-video-preview":"max-video-preview:-1"},"canonical":"https:\/\/akunq.net\/turkish\/2013\/10\/12\/basbakan-azinliklar-konusunda-iyi-niyetli-mi\/","og_locale":"en_US","og_type":"article","og_title":"Ba\u015fbakan az\u0131nl\u0131klar konusunda iyi niyetli mi? - Bati Ermenistan Ve Bati Ermenileri Sorunlari Ara\u015ftirmalar Merkezi","og_description":"Rober Kopta\u015f, Ruhban Okulu ve az\u0131nl\u0131k haklar\u0131 konusunda Ba\u015fbakan Erdo\u011fan\u2019\u0131n tavr\u0131n\u0131 ele\u015ftirdi. Erdo\u011fan\u2019\u0131n \u201cM\u00fcslimin de gayrim\u00fcslimin de hakk\u0131n\u0131 korumak devletin g\u00f6revidir\u201d s\u00f6z\u00fcn\u00fc an\u0131msatan Kopta\u015f, \u201cPeki, madem ortada \u2018\u0130yi niyetimiz\u2019 diye s\u00f6z\u00fc edilen bir iyi niyet var, Ba\u015fbakan ve iktidar\u0131, bu ad\u0131mlar\u0131n eksik ve y\u00fczeysel oldu\u011fu ele\u015ftirisine kulak vermede neden bu kadar \u2018niyetsiz\u2019?\u201d diye sordu. RoberKopta\u015f [&hellip;]","og_url":"https:\/\/akunq.net\/turkish\/2013\/10\/12\/basbakan-azinliklar-konusunda-iyi-niyetli-mi\/","og_site_name":"Bati Ermenistan Ve Bati Ermenileri Sorunlari Ara\u015ftirmalar Merkezi","article_published_time":"2013-10-12T06:52:00+00:00","author":"kalem","twitter_card":"summary_large_image","twitter_misc":{"Written by":"kalem","Est. reading time":"6 minutes"},"schema":{"@context":"https:\/\/schema.org","@graph":[{"@type":"Article","@id":"https:\/\/akunq.net\/turkish\/2013\/10\/12\/basbakan-azinliklar-konusunda-iyi-niyetli-mi\/#article","isPartOf":{"@id":"https:\/\/akunq.net\/turkish\/2013\/10\/12\/basbakan-azinliklar-konusunda-iyi-niyetli-mi\/"},"author":{"name":"kalem","@id":"https:\/\/akunq.net\/turkish\/#\/schema\/person\/135e7923d1aeb8887890799619969a6c"},"headline":"Ba\u015fbakan az\u0131nl\u0131klar konusunda iyi niyetli mi?","datePublished":"2013-10-12T06:52:00+00:00","mainEntityOfPage":{"@id":"https:\/\/akunq.net\/turkish\/2013\/10\/12\/basbakan-azinliklar-konusunda-iyi-niyetli-mi\/"},"wordCount":1209,"commentCount":0,"articleSection":["Haberler","Makaleler","T\u00fcrkiye\u2019de Az\u0131nl\u0131klar"],"inLanguage":"en-US","potentialAction":[{"@type":"CommentAction","name":"Comment","target":["https:\/\/akunq.net\/turkish\/2013\/10\/12\/basbakan-azinliklar-konusunda-iyi-niyetli-mi\/#respond"]}]},{"@type":"WebPage","@id":"https:\/\/akunq.net\/turkish\/2013\/10\/12\/basbakan-azinliklar-konusunda-iyi-niyetli-mi\/","url":"https:\/\/akunq.net\/turkish\/2013\/10\/12\/basbakan-azinliklar-konusunda-iyi-niyetli-mi\/","name":"Ba\u015fbakan az\u0131nl\u0131klar konusunda iyi niyetli mi? - Bati Ermenistan Ve Bati Ermenileri Sorunlari Ara\u015ftirmalar Merkezi","isPartOf":{"@id":"https:\/\/akunq.net\/turkish\/#website"},"datePublished":"2013-10-12T06:52:00+00:00","author":{"@id":"https:\/\/akunq.net\/turkish\/#\/schema\/person\/135e7923d1aeb8887890799619969a6c"},"breadcrumb":{"@id":"https:\/\/akunq.net\/turkish\/2013\/10\/12\/basbakan-azinliklar-konusunda-iyi-niyetli-mi\/#breadcrumb"},"inLanguage":"en-US","potentialAction":[{"@type":"ReadAction","target":["https:\/\/akunq.net\/turkish\/2013\/10\/12\/basbakan-azinliklar-konusunda-iyi-niyetli-mi\/"]}]},{"@type":"BreadcrumbList","@id":"https:\/\/akunq.net\/turkish\/2013\/10\/12\/basbakan-azinliklar-konusunda-iyi-niyetli-mi\/#breadcrumb","itemListElement":[{"@type":"ListItem","position":1,"name":"Home","item":"https:\/\/akunq.net\/turkish\/"},{"@type":"ListItem","position":2,"name":"Ba\u015fbakan az\u0131nl\u0131klar konusunda iyi niyetli mi?"}]},{"@type":"WebSite","@id":"https:\/\/akunq.net\/turkish\/#website","url":"https:\/\/akunq.net\/turkish\/","name":"Bati Ermenistan Ve Bati Ermenileri Sorunlari Ara\u015ftirmalar Merkezi","description":"","potentialAction":[{"@type":"SearchAction","target":{"@type":"EntryPoint","urlTemplate":"https:\/\/akunq.net\/turkish\/?s={search_term_string}"},"query-input":{"@type":"PropertyValueSpecification","valueRequired":true,"valueName":"search_term_string"}}],"inLanguage":"en-US"},{"@type":"Person","@id":"https:\/\/akunq.net\/turkish\/#\/schema\/person\/135e7923d1aeb8887890799619969a6c","name":"kalem","image":{"@type":"ImageObject","inLanguage":"en-US","@id":"https:\/\/secure.gravatar.com\/avatar\/a06875e4b25feb5674296adf8e8a7ae1e587cebce2493fe63c456109967e27d3?s=96&d=mm&r=g","url":"https:\/\/secure.gravatar.com\/avatar\/a06875e4b25feb5674296adf8e8a7ae1e587cebce2493fe63c456109967e27d3?s=96&d=mm&r=g","contentUrl":"https:\/\/secure.gravatar.com\/avatar\/a06875e4b25feb5674296adf8e8a7ae1e587cebce2493fe63c456109967e27d3?s=96&d=mm&r=g","caption":"kalem"},"url":"https:\/\/akunq.net\/turkish\/author\/kalem\/"}]}},"_links":{"self":[{"href":"https:\/\/akunq.net\/turkish\/wp-json\/wp\/v2\/posts\/26083","targetHints":{"allow":["GET"]}}],"collection":[{"href":"https:\/\/akunq.net\/turkish\/wp-json\/wp\/v2\/posts"}],"about":[{"href":"https:\/\/akunq.net\/turkish\/wp-json\/wp\/v2\/types\/post"}],"author":[{"embeddable":true,"href":"https:\/\/akunq.net\/turkish\/wp-json\/wp\/v2\/users\/3"}],"replies":[{"embeddable":true,"href":"https:\/\/akunq.net\/turkish\/wp-json\/wp\/v2\/comments?post=26083"}],"version-history":[{"count":0,"href":"https:\/\/akunq.net\/turkish\/wp-json\/wp\/v2\/posts\/26083\/revisions"}],"wp:attachment":[{"href":"https:\/\/akunq.net\/turkish\/wp-json\/wp\/v2\/media?parent=26083"}],"wp:term":[{"taxonomy":"category","embeddable":true,"href":"https:\/\/akunq.net\/turkish\/wp-json\/wp\/v2\/categories?post=26083"},{"taxonomy":"post_tag","embeddable":true,"href":"https:\/\/akunq.net\/turkish\/wp-json\/wp\/v2\/tags?post=26083"}],"curies":[{"name":"wp","href":"https:\/\/api.w.org\/{rel}","templated":true}]}}