{"id":26075,"date":"2013-10-11T04:42:12","date_gmt":"2013-10-11T09:42:12","guid":{"rendered":"http:\/\/akunq.net\/tr\/?p=26075"},"modified":"2013-10-11T04:42:12","modified_gmt":"2013-10-11T09:42:12","slug":"46-xiii-yuzyilda-ermeni-kralligi","status":"publish","type":"post","link":"https:\/\/akunq.net\/turkish\/2013\/10\/11\/46-xiii-yuzyilda-ermeni-kralligi\/","title":{"rendered":"46. XIII. y\u00fczy\u0131lda Ermeni Krall\u0131\u011f\u0131"},"content":{"rendered":"<p style=\"text-align: justify\"><b>Hetum hanedanl\u0131\u011f\u0131n\u0131n egemenli\u011finin tesisi<\/b><\/p>\n<figure id=\"attachment_26098\" aria-describedby=\"caption-attachment-26098\" style=\"width: 200px\" class=\"wp-caption alignright\"><a href=\"http:\/\/akunq.net\/tr\/wp-content\/uploads\/2013\/10\/\u0540\u0565\u0569\u0578\u0582\u0574-\u0531-\u0587-\u0536\u0561\u057a\u0565\u056c-\u0569\u0561\u0563\u0578\u0582\u0570\u056b\u0576-\u056f\u056b\u056c\u056b\u056f\u0575\u0561\u0576-\u0564\u0580\u0561\u0574\u056b-\u057e\u0580\u0561\u0589.jpeg\"><img loading=\"lazy\" decoding=\"async\" class=\"size-full wp-image-26098\" alt=\"Kilikya paras\u0131nda kral I. Hetum ve Krali\u00e7e Zabel \" src=\"http:\/\/akunq.net\/tr\/wp-content\/uploads\/2013\/10\/\u0540\u0565\u0569\u0578\u0582\u0574-\u0531-\u0587-\u0536\u0561\u057a\u0565\u056c-\u0569\u0561\u0563\u0578\u0582\u0570\u056b\u0576-\u056f\u056b\u056c\u056b\u056f\u0575\u0561\u0576-\u0564\u0580\u0561\u0574\u056b-\u057e\u0580\u0561\u0589.jpeg\" width=\"200\" height=\"206\" \/><\/a><figcaption id=\"caption-attachment-26098\" class=\"wp-caption-text\">Kilikya paras\u0131nda kral I. Hetum ve Krali\u00e7e Zabel<\/figcaption><\/figure>\n<p style=\"text-align: justify\">Veliaht Zabel hen\u00fcz re\u015fit olmad\u0131\u011f\u0131ndan dolay\u0131, Ermeni katolikosu (Ermeni Kilisesi dini \u00f6nderi) VI. Hovhannes S\u0131setsi, Atan payl ve Konstandin Gundstabl \u015fahs\u0131nda \u00fc\u00e7 hami tayin edilmi\u015fti. K\u0131sa s\u00fcre sonra Atan payl \u00f6ld\u00fcr\u00fcl\u00fcr, Ermenistan katolikosu ise \u00f6l\u00fcr. Konstandin Gundstabl, Zabel\u2019in tek hamisi olarak kal\u0131r. I. Levon\u2019un \u00f6l\u00fcm\u00fcnden sonra Raymond-Ruben, Ermenistan taht\u0131n\u0131 ele ge\u00e7irmeye kalkar, fakat yenilir. Tutuklanarak, hapse at\u0131l\u0131r.<\/p>\n<p style=\"text-align: justify\">Ermeni saray\u0131, Zabel\u2019i, Antiok D\u00fck\u00fc IV. Bohemund\u2019un o\u011flu Filip\u2019le evlendirmeye karar verir. Bu se\u00e7im tesad\u00fcf\u00fc de\u011fildi. Antiok (Antakya) ve Kilikya aras\u0131ndaki d\u00fc\u015fmanl\u0131\u011fa son verme denemesi yap\u0131l\u0131yordu. \u00dclke Ermeni kanunlar\u0131na g\u00f6re y\u00f6netilecek ve Ermeni Kilisesi\u2019nin doktrinine sayg\u0131 g\u00f6sterilecekti. Lakin Filip, Ermeni Kilisesi\u2019nin doktrinini hor g\u00f6rmeye ve ha\u00e7l\u0131lar\u0131 himaye etmeye ba\u015flar. Ermeni beyleri saraydan uzakla\u015ft\u0131r\u0131p, \u00f6nemli g\u00f6revleri ha\u00e7l\u0131lara teslim eder. Hiddetlenen Ermeni beyler taraf\u0131ndan hapse at\u0131l\u0131r ve orada \u00f6l\u00fcr.<\/p>\n<p style=\"text-align: justify\">Ermeni ileri gelenleri Tarson\u2019da (Tarsus) bir toplant\u0131 yaparak Zabeli, Konstandin Gundstabl\u2019\u0131n o\u011flu Hetum\u2019la evlendirmeye karar verirler. 1226 y\u0131l\u0131nda ger\u00e7ekle\u015ftirilen Zabel ve Hetum\u2019un evlili\u011fiyle, taht sorunu \u00e7\u00f6z\u00fcl\u00fcr. Hetum, Ermeni kral\u0131 ilan edilir (1226-1270) ve Hetumyan hanedanl\u0131\u011f\u0131n\u0131n temellerini atar.<\/p>\n<p style=\"text-align: justify\"><b>Ermeni-Mo\u011fol ittifak\u0131<\/b><\/p>\n<p style=\"text-align: justify\">\u00a0<\/p>\n<figure id=\"attachment_26099\" aria-describedby=\"caption-attachment-26099\" style=\"width: 300px\" class=\"wp-caption alignright\"><a href=\"http:\/\/akunq.net\/tr\/wp-content\/uploads\/2013\/10\/\u0542\u0561\u0566\u0561\u0576-\u056d\u0561\u0576\u0568-\u056d\u0576\u0564\u0580\u0578\u0582\u0574-\u0567-\u0540\u0565\u0569\u0578\u0582\u0574-\u0532-\u0561\u0580\u0584\u0561\u0575\u056b\u0576-\u0585\u0563\u0576\u0565\u056c-\u056b\u0580\u0565\u0576-1303-\u0569-\u056b-\u0534\u0561\u0574\u0561\u057d\u056f\u0578\u057d\u0575\u0561\u0576-\u0561\u0580\u0577\u0561\u057e\u0561\u0576\u0584\u056b\u0576\u0589.jpg\"><img loading=\"lazy\" decoding=\"async\" class=\"size-medium wp-image-26099\" alt=\"Ghazan han, 1303 y\u0131l\u0131ndaki \u015eam seferinde kral II. Hetum\u2019un yard\u0131m\u0131n\u0131 istiyor\" src=\"http:\/\/akunq.net\/tr\/wp-content\/uploads\/2013\/10\/\u0542\u0561\u0566\u0561\u0576-\u056d\u0561\u0576\u0568-\u056d\u0576\u0564\u0580\u0578\u0582\u0574-\u0567-\u0540\u0565\u0569\u0578\u0582\u0574-\u0532-\u0561\u0580\u0584\u0561\u0575\u056b\u0576-\u0585\u0563\u0576\u0565\u056c-\u056b\u0580\u0565\u0576-1303-\u0569-\u056b-\u0534\u0561\u0574\u0561\u057d\u056f\u0578\u057d\u0575\u0561\u0576-\u0561\u0580\u0577\u0561\u057e\u0561\u0576\u0584\u056b\u0576\u0589-300x229.jpg\" width=\"300\" height=\"229\" \/><\/a><figcaption id=\"caption-attachment-26099\" class=\"wp-caption-text\">Ghazan han, 1303 y\u0131l\u0131ndaki \u015eam seferinde kral II. Hetum\u2019un yard\u0131m\u0131n\u0131 istiyor<\/figcaption><\/figure>\n<p style=\"text-align: justify\">Bilindi\u011fi gibi XIII. y\u00fczy\u0131l sonlar\u0131nda, Yak\u0131ndo\u011fu\u2019da Mo\u011follar ortaya \u00e7\u0131kar, M\u0131s\u0131r\u2019da ise Memluklar y\u00f6netimi ele ge\u00e7irir. G\u00fcney Kafkasya ve Ermenistan\u2019\u0131 i\u015fgal eden Mo\u011fol hordalar\u0131, K\u00fc\u00e7\u00fck Asya\u2019ya girer ve \u0130konia Sultanl\u0131\u011f\u0131\u2019n\u0131 a\u011f\u0131r bir yenilgiye u\u011frat\u0131r. Mo\u011fol ak\u0131nlar\u0131, Kilikya Ermeni Devleti\u2019ni de a\u011f\u0131r problemlerle kar\u015f\u0131 kar\u015f\u0131ya b\u0131rak\u0131r. Sadece Mo\u011follarla bir antla\u015fman\u0131n Kilikya\u2019y\u0131 kurtaracak olaca\u011f\u0131n\u0131n bilincinde olan Hetum, \u0130konia Sel\u00e7uklar\u0131na yard\u0131m etmez. Karde\u015fi S\u0131mbat Gundstabl\u2019\u0131, Mo\u011folistan\u2019\u0131n ba\u015fkenti Karakurum\u2019a g\u00f6nderir. Mo\u011follar, Kilikya Ermenistan\u2019\u0131 ile antla\u015fma yapmay\u0131 kabul eder. Ermenilerin tevecc\u00fch\u00fcn\u00fc kazanmak niyetiyle, M\u00fcsl\u00fcmanlar taraf\u0131ndan Ermenilerin elinden al\u0131nm\u0131\u015f olan b\u00f6lgeleri de geri vermeye s\u00f6z verirler.<\/p>\n<p style=\"text-align: justify\">Ermeni-Mo\u011fol ittifak\u0131, iki taraf i\u00e7in de elveri\u015fliydi. Mo\u011follar, Suriye ve Filistin\u2019i ele ge\u00e7irmeye karar verdiklerinden dolay\u0131, g\u00fcvenilir bir m\u00fcttefike ihtiya\u00e7lar\u0131 vard\u0131. H\u0131ristiyan Kilikya Ermenistan\u2019\u0131 bu konuda \u00e7ok elveri\u015fliydi. Ermenistan ise, kendi g\u00fc\u00e7leriyle hem M\u0131s\u0131r\u2019a, ve Sel\u00e7uklara, hem de Mo\u011follara kar\u015f\u0131 m\u00fccadele etme imk\u00e2n\u0131 olmad\u0131\u011f\u0131ndan, iki musibetten birini se\u00e7erek, Mo\u011follarla ittifak yapar.<\/p>\n<p style=\"text-align: justify\">Hetum, Ermeni-Mo\u011fol antla\u015fmas\u0131n\u0131 onaylamak maksad\u0131yla, 1254 y\u0131l\u0131nda Karakurum\u2019a gider. Hetum ve Mangu B\u00fcy\u00fck Han, ayn\u0131 y\u0131l\u0131n sonbahar\u0131nda, Ermeni-Mo\u011fol ittifak\u0131n\u0131 imzalar. Taraflar, sava\u015f zaman\u0131nda birbirlerine yard\u0131m etme taahh\u00fcd\u00fcnde bulunur. Ermeni Kilisesi, vergilerden muaf olur.<\/p>\n<p style=\"text-align: justify\"><b>Kilikya Ermenistan\u2019\u0131, Mo\u011follar ve Memluklar aras\u0131nda<\/b><\/p>\n<figure id=\"attachment_26100\" aria-describedby=\"caption-attachment-26100\" style=\"width: 300px\" class=\"wp-caption alignright\"><a href=\"http:\/\/akunq.net\/tr\/wp-content\/uploads\/2013\/10\/\u0546\u056f\u0561\u0580\u0568-\u057a\u0561\u057f\u056f\u0565\u0580\u0578\u0582\u0574-\u0567-\u0544\u0561\u057c\u056b-\u0573\u0561\u056f\u0561\u057f\u0561\u0574\u0561\u0580\u057f\u0568-\u0578\u0582\u0580-\u0539\u0578\u0580\u0578\u057d\u0568-\u0561\u0580\u0564\u0565\u0576-\u057d\u057a\u0561\u0576\u057e\u0578\u0582\u0574-\u0567-\u056b\u057d\u056f-\u053c\u0587\u0578\u0576\u0568-\u0563\u0565\u0580\u057e\u0578\u0582\u0574.jpg\"><img loading=\"lazy\" decoding=\"async\" class=\"size-medium wp-image-26100\" alt=\"Resimde, Mar muharebesinde Toros\u2019un \u00f6ld\u00fcr\u00fclm\u00fc\u015f, Levon\u2019un ise esir d\u00fc\u015fm\u00fc\u015f oldu\u011fu an g\u00f6sterilmektedir\" src=\"http:\/\/akunq.net\/tr\/wp-content\/uploads\/2013\/10\/\u0546\u056f\u0561\u0580\u0568-\u057a\u0561\u057f\u056f\u0565\u0580\u0578\u0582\u0574-\u0567-\u0544\u0561\u057c\u056b-\u0573\u0561\u056f\u0561\u057f\u0561\u0574\u0561\u0580\u057f\u0568-\u0578\u0582\u0580-\u0539\u0578\u0580\u0578\u057d\u0568-\u0561\u0580\u0564\u0565\u0576-\u057d\u057a\u0561\u0576\u057e\u0578\u0582\u0574-\u0567-\u056b\u057d\u056f-\u053c\u0587\u0578\u0576\u0568-\u0563\u0565\u0580\u057e\u0578\u0582\u0574-300x207.jpg\" width=\"300\" height=\"207\" srcset=\"https:\/\/akunq.net\/turkish\/wp-content\/uploads\/sites\/5\/2013\/10\/\u0546\u056f\u0561\u0580\u0568-\u057a\u0561\u057f\u056f\u0565\u0580\u0578\u0582\u0574-\u0567-\u0544\u0561\u057c\u056b-\u0573\u0561\u056f\u0561\u057f\u0561\u0574\u0561\u0580\u057f\u0568-\u0578\u0582\u0580-\u0539\u0578\u0580\u0578\u057d\u0568-\u0561\u0580\u0564\u0565\u0576-\u057d\u057a\u0561\u0576\u057e\u0578\u0582\u0574-\u0567-\u056b\u057d\u056f-\u053c\u0587\u0578\u0576\u0568-\u0563\u0565\u0580\u057e\u0578\u0582\u0574-300x207.jpg 300w, https:\/\/akunq.net\/turkish\/wp-content\/uploads\/sites\/5\/2013\/10\/\u0546\u056f\u0561\u0580\u0568-\u057a\u0561\u057f\u056f\u0565\u0580\u0578\u0582\u0574-\u0567-\u0544\u0561\u057c\u056b-\u0573\u0561\u056f\u0561\u057f\u0561\u0574\u0561\u0580\u057f\u0568-\u0578\u0582\u0580-\u0539\u0578\u0580\u0578\u057d\u0568-\u0561\u0580\u0564\u0565\u0576-\u057d\u057a\u0561\u0576\u057e\u0578\u0582\u0574-\u0567-\u056b\u057d\u056f-\u053c\u0587\u0578\u0576\u0568-\u0563\u0565\u0580\u057e\u0578\u0582\u0574-1024x707.jpg 1024w, https:\/\/akunq.net\/turkish\/wp-content\/uploads\/sites\/5\/2013\/10\/\u0546\u056f\u0561\u0580\u0568-\u057a\u0561\u057f\u056f\u0565\u0580\u0578\u0582\u0574-\u0567-\u0544\u0561\u057c\u056b-\u0573\u0561\u056f\u0561\u057f\u0561\u0574\u0561\u0580\u057f\u0568-\u0578\u0582\u0580-\u0539\u0578\u0580\u0578\u057d\u0568-\u0561\u0580\u0564\u0565\u0576-\u057d\u057a\u0561\u0576\u057e\u0578\u0582\u0574-\u0567-\u056b\u057d\u056f-\u053c\u0587\u0578\u0576\u0568-\u0563\u0565\u0580\u057e\u0578\u0582\u0574-768x530.jpg 768w, https:\/\/akunq.net\/turkish\/wp-content\/uploads\/sites\/5\/2013\/10\/\u0546\u056f\u0561\u0580\u0568-\u057a\u0561\u057f\u056f\u0565\u0580\u0578\u0582\u0574-\u0567-\u0544\u0561\u057c\u056b-\u0573\u0561\u056f\u0561\u057f\u0561\u0574\u0561\u0580\u057f\u0568-\u0578\u0582\u0580-\u0539\u0578\u0580\u0578\u057d\u0568-\u0561\u0580\u0564\u0565\u0576-\u057d\u057a\u0561\u0576\u057e\u0578\u0582\u0574-\u0567-\u056b\u057d\u056f-\u053c\u0587\u0578\u0576\u0568-\u0563\u0565\u0580\u057e\u0578\u0582\u0574.jpg 1317w\" sizes=\"auto, (max-width: 300px) 100vw, 300px\" \/><\/a><figcaption id=\"caption-attachment-26100\" class=\"wp-caption-text\">Resimde, Mar muharebesinde Toros\u2019un \u00f6ld\u00fcr\u00fclm\u00fc\u015f, Levon\u2019un ise esir d\u00fc\u015fm\u00fc\u015f oldu\u011fu an g\u00f6sterilmektedir<\/figcaption><\/figure>\n<p style=\"text-align: justify\">1259 y\u0131l\u0131nda M\u0131s\u0131r\u2019da Memluklar y\u00f6netime gelir. Memluklar, sultan\u0131n \u00f6zel muhaf\u0131z alay\u0131nda hizmet eden k\u00f6lelerdi. Memluklar, Mo\u011follara ve H\u0131ristiyanlara kar\u015f\u0131 kutsal sava\u015f fikriyle ilerlemekte ve ha\u00e7l\u0131lar\u0131n elindeki topraklar haricinde, Kilikya\u2019y\u0131 da i\u015fgal etmeye \u00e7al\u0131\u015fmaktayd\u0131. Bu y\u00fczden, Ermenilere y\u00f6nelik d\u00fc\u015fmanca tutumlar\u0131, sadece Ermeni-Mo\u011fol ittifak\u0131ndan dolay\u0131 de\u011fildi.<\/p>\n<p style=\"text-align: justify\">Mo\u011follar, 1259 y\u0131l\u0131nda Suriye\u2019yi ele ge\u00e7irmeye kalkar. Bu sefere Ermeni ordusu da kat\u0131l\u0131r. Lakin Memluklar, m\u00fcttefikleri yenmeye muvaffak olur ve 1266 y\u0131l\u0131nda Antiok\u2019u i\u015fgal ettikten sonra, Kilikya\u2019ya sald\u0131r\u0131rlar. Mo\u011follar\u0131n yard\u0131m\u0131 zaman\u0131nda ula\u015fmaz. Ermeniler, Mari olarak an\u0131lan mevkide kahramanca direnir, fakat Memluklar\u0131n say\u0131 \u00fcst\u00fcnl\u00fc\u011f\u00fc kar\u015f\u0131s\u0131nda yenilir. \u015eehit d\u00fc\u015fenlerin aras\u0131nda Hetum\u2019un o\u011flu Toros da bulunmaktayd\u0131. Hetum\u2019un di\u011fer o\u011flu Levon ise esir d\u00fc\u015fer. D\u00fc\u015fman, \u00fclkeyi tahrip eder ve ya\u011fmalar, ba\u015fkent Sis\u2019i i\u015fgal eder. Memluklar, katedrali ate\u015fe verir ve kraliyet hazinesini ya\u011fmalar. Sonunda, Ermeniler, \u00fclkeyi d\u00fc\u015fmandan temizlemeyi ba\u015far\u0131r ve Memluklar Kilikya ile bar\u0131\u015f imzalamaya mecbur olur. Kilikya, \u0130slam ku\u015fatmas\u0131 aras\u0131nda kal\u0131r. Memluklar, Antiok\u2019u i\u015fgal etmi\u015fti. Hetum, 1270 y\u0131l\u0131nda taht\u0131, M\u0131s\u0131r esaretinden kurtulan II. Levon\u2019a (1270-1289) teslim eder. II. Levon\u2019un y\u00f6netiminin ilk y\u0131llar\u0131nda bar\u0131\u015f h\u00fck\u00fcm s\u00fcrer ve bu durum, \u00fclkenin bozulmu\u015f ekonomisini tekrar aya\u011fa kald\u0131rma imk\u00e2n\u0131 verir.<\/p>\n<figure id=\"attachment_26101\" aria-describedby=\"caption-attachment-26101\" style=\"width: 300px\" class=\"wp-caption alignright\"><a href=\"http:\/\/akunq.net\/tr\/wp-content\/uploads\/2013\/10\/\u0540\u0561\u0575-\u0574\u0578\u0576\u0572\u0578\u056c\u0561\u056f\u0561\u0576-\u0562\u0561\u0576\u0561\u056f\u0568-\u0568\u0576\u0564\u0565\u0574-\u0574\u0561\u0574\u056c\u0578\u0582\u0584\u0576\u0565\u0580\u056b-\u0540\u0578\u0574\u057d\u056b-\u0573\u0561\u056f\u0561\u057f\u0561\u0574\u0561\u0580\u057f-1281.jpg\"><img loading=\"lazy\" decoding=\"async\" class=\"size-medium wp-image-26101\" alt=\"Meml\u00fcklere kar\u015f\u0131 Ermeni-Mo\u011fol ordusu, 1281 y\u0131l\u0131nda Homs muharebesi\" src=\"http:\/\/akunq.net\/tr\/wp-content\/uploads\/2013\/10\/\u0540\u0561\u0575-\u0574\u0578\u0576\u0572\u0578\u056c\u0561\u056f\u0561\u0576-\u0562\u0561\u0576\u0561\u056f\u0568-\u0568\u0576\u0564\u0565\u0574-\u0574\u0561\u0574\u056c\u0578\u0582\u0584\u0576\u0565\u0580\u056b-\u0540\u0578\u0574\u057d\u056b-\u0573\u0561\u056f\u0561\u057f\u0561\u0574\u0561\u0580\u057f-1281-300x197.jpg\" width=\"300\" height=\"197\" srcset=\"https:\/\/akunq.net\/turkish\/wp-content\/uploads\/sites\/5\/2013\/10\/\u0540\u0561\u0575-\u0574\u0578\u0576\u0572\u0578\u056c\u0561\u056f\u0561\u0576-\u0562\u0561\u0576\u0561\u056f\u0568-\u0568\u0576\u0564\u0565\u0574-\u0574\u0561\u0574\u056c\u0578\u0582\u0584\u0576\u0565\u0580\u056b-\u0540\u0578\u0574\u057d\u056b-\u0573\u0561\u056f\u0561\u057f\u0561\u0574\u0561\u0580\u057f-1281-300x197.jpg 300w, https:\/\/akunq.net\/turkish\/wp-content\/uploads\/sites\/5\/2013\/10\/\u0540\u0561\u0575-\u0574\u0578\u0576\u0572\u0578\u056c\u0561\u056f\u0561\u0576-\u0562\u0561\u0576\u0561\u056f\u0568-\u0568\u0576\u0564\u0565\u0574-\u0574\u0561\u0574\u056c\u0578\u0582\u0584\u0576\u0565\u0580\u056b-\u0540\u0578\u0574\u057d\u056b-\u0573\u0561\u056f\u0561\u057f\u0561\u0574\u0561\u0580\u057f-1281.jpg 400w\" sizes=\"auto, (max-width: 300px) 100vw, 300px\" \/><\/a><figcaption id=\"caption-attachment-26101\" class=\"wp-caption-text\">Meml\u00fcklere kar\u015f\u0131 Ermeni-Mo\u011fol ordusu, 1281 y\u0131l\u0131nda Homs muharebesi<\/figcaption><\/figure>\n<p style=\"text-align: justify\">1275 y\u0131l\u0131nda Memluklar\u0131n sald\u0131r\u0131lar\u0131 tekrar ba\u015flar. K\u00fc\u00e7\u00fck Asya\u2019ya yerle\u015fmi\u015f olan T\u00fcrkmenler de ayn\u0131 zamanda, bat\u0131dan Kilikya\u2019ya ak\u0131n eder. Ermeniler, b\u00fcy\u00fck zorluklarla bu sald\u0131r\u0131lara kar\u015f\u0131 koymay\u0131 ba\u015far\u0131r. Bu esnada Mo\u011follar Antiok\u2019u ele ge\u00e7irmek i\u00e7in yeni bir ak\u0131n d\u00fczenler ve Ermeniler de buna kat\u0131l\u0131r. Lakin bu ak\u0131n da ba\u015far\u0131s\u0131zl\u0131kla sonu\u00e7land\u0131\u011f\u0131ndan, II. Levon M\u0131s\u0131r\u2019la g\u00f6r\u00fc\u015fmelere ba\u015flamaya mecbur olur. 1285 y\u0131l\u0131nda, a\u011f\u0131r \u015fartlar alt\u0131nda, on y\u0131ll\u0131k bir ate\u015fkes sa\u011flan\u0131r.<\/p>\n<p style=\"text-align: justify\">Memluklar, 1292 y\u0131l\u0131nda katolikosluk makam\u0131n\u0131n bulundu\u011fu Hromkla\u2019y\u0131 (Rumkale) i\u015fgal eder. \u00c7ok say\u0131da din adam\u0131 \u00f6ld\u00fcr\u00fcl\u00fcr, katolikos Stepanos ise kalanlarla birlikte esir al\u0131n\u0131r. Memluklar, Hromkla\u2019daki kiliseleri ya\u011fmalar ve tahrip eder. II. Hetum (1298-1306), katolikoslu\u011fu Sis\u2019e nakletmeye mecbur olur.<\/p>\n<p style=\"text-align: justify\">Memluklar, Kilikya\u2019da ba\u015f g\u00f6steren taht kavgas\u0131ndan faydalanarak, Kilikya\u2019ya sald\u0131rarak, yeni y\u0131k\u0131mlara sebebiyet verir. Hetum, Memluklar\u0131 Mo\u011follar\u0131n deste\u011fiyle yenmeyi \u00fcmit eder, fakat Kilikya\u2019n\u0131n da kat\u0131ld\u0131\u011f\u0131, Mo\u011follar\u0131n Suriye ak\u0131nlar\u0131 ba\u015far\u0131s\u0131zl\u0131kla sonu\u00e7lan\u0131r.<\/p>\n<p style=\"text-align: justify\"><a href=\"http:\/\/www.findarmenia.com\/arm\/history\/20\/302\">http:\/\/www.findarmenia.com\/arm\/history\/20\/302<\/a><\/p>\n<p style=\"text-align: justify\"><b>\u00c7eviren: Diran Lokmag\u00f6zyan<\/b><\/p>\n","protected":false},"excerpt":{"rendered":"<p>Hetum hanedanl\u0131\u011f\u0131n\u0131n egemenli\u011finin tesisi Veliaht Zabel hen\u00fcz re\u015fit olmad\u0131\u011f\u0131ndan dolay\u0131, Ermeni katolikosu (Ermeni Kilisesi dini \u00f6nderi) VI. Hovhannes S\u0131setsi, Atan payl ve Konstandin Gundstabl \u015fahs\u0131nda \u00fc\u00e7 hami tayin edilmi\u015fti. K\u0131sa s\u00fcre sonra Atan payl \u00f6ld\u00fcr\u00fcl\u00fcr, Ermenistan katolikosu ise \u00f6l\u00fcr. Konstandin Gundstabl, Zabel\u2019in tek hamisi olarak kal\u0131r. I. Levon\u2019un \u00f6l\u00fcm\u00fcnden sonra Raymond-Ruben, Ermenistan taht\u0131n\u0131 ele ge\u00e7irmeye [&hellip;]<\/p>\n","protected":false},"author":3,"featured_media":0,"comment_status":"open","ping_status":"open","sticky":false,"template":"","format":"standard","meta":{"footnotes":""},"categories":[7,14],"tags":[],"class_list":["post-26075","post","type-post","status-publish","format-standard","hentry","category-ermenilerin-tarihi","category-haberler"],"yoast_head":"<!-- This site is optimized with the Yoast SEO plugin v27.4 - https:\/\/yoast.com\/product\/yoast-seo-wordpress\/ -->\n<title>46. XIII. y\u00fczy\u0131lda Ermeni Krall\u0131\u011f\u0131 - Bati Ermenistan Ve Bati Ermenileri Sorunlari Ara\u015ftirmalar Merkezi<\/title>\n<meta name=\"robots\" content=\"index, follow, max-snippet:-1, max-image-preview:large, max-video-preview:-1\" \/>\n<link rel=\"canonical\" href=\"https:\/\/akunq.net\/turkish\/2013\/10\/11\/46-xiii-yuzyilda-ermeni-kralligi\/\" \/>\n<meta property=\"og:locale\" content=\"en_US\" \/>\n<meta property=\"og:type\" content=\"article\" \/>\n<meta property=\"og:title\" content=\"46. XIII. y\u00fczy\u0131lda Ermeni Krall\u0131\u011f\u0131 - Bati Ermenistan Ve Bati Ermenileri Sorunlari Ara\u015ftirmalar Merkezi\" \/>\n<meta property=\"og:description\" content=\"Hetum hanedanl\u0131\u011f\u0131n\u0131n egemenli\u011finin tesisi Veliaht Zabel hen\u00fcz re\u015fit olmad\u0131\u011f\u0131ndan dolay\u0131, Ermeni katolikosu (Ermeni Kilisesi dini \u00f6nderi) VI. Hovhannes S\u0131setsi, Atan payl ve Konstandin Gundstabl \u015fahs\u0131nda \u00fc\u00e7 hami tayin edilmi\u015fti. K\u0131sa s\u00fcre sonra Atan payl \u00f6ld\u00fcr\u00fcl\u00fcr, Ermenistan katolikosu ise \u00f6l\u00fcr. Konstandin Gundstabl, Zabel\u2019in tek hamisi olarak kal\u0131r. I. Levon\u2019un \u00f6l\u00fcm\u00fcnden sonra Raymond-Ruben, Ermenistan taht\u0131n\u0131 ele ge\u00e7irmeye [&hellip;]\" \/>\n<meta property=\"og:url\" content=\"https:\/\/akunq.net\/turkish\/2013\/10\/11\/46-xiii-yuzyilda-ermeni-kralligi\/\" \/>\n<meta property=\"og:site_name\" content=\"Bati Ermenistan Ve Bati Ermenileri Sorunlari Ara\u015ftirmalar Merkezi\" \/>\n<meta property=\"article:published_time\" content=\"2013-10-11T09:42:12+00:00\" \/>\n<meta name=\"author\" content=\"kalem\" \/>\n<meta name=\"twitter:card\" content=\"summary_large_image\" \/>\n<meta name=\"twitter:label1\" content=\"Written by\" \/>\n\t<meta name=\"twitter:data1\" content=\"kalem\" \/>\n\t<meta name=\"twitter:label2\" content=\"Est. reading time\" \/>\n\t<meta name=\"twitter:data2\" content=\"5 minutes\" \/>\n<script type=\"application\/ld+json\" class=\"yoast-schema-graph\">{\"@context\":\"https:\\\/\\\/schema.org\",\"@graph\":[{\"@type\":\"Article\",\"@id\":\"https:\\\/\\\/akunq.net\\\/turkish\\\/2013\\\/10\\\/11\\\/46-xiii-yuzyilda-ermeni-kralligi\\\/#article\",\"isPartOf\":{\"@id\":\"https:\\\/\\\/akunq.net\\\/turkish\\\/2013\\\/10\\\/11\\\/46-xiii-yuzyilda-ermeni-kralligi\\\/\"},\"author\":{\"name\":\"kalem\",\"@id\":\"https:\\\/\\\/akunq.net\\\/turkish\\\/#\\\/schema\\\/person\\\/135e7923d1aeb8887890799619969a6c\"},\"headline\":\"46. XIII. y\u00fczy\u0131lda Ermeni Krall\u0131\u011f\u0131\",\"datePublished\":\"2013-10-11T09:42:12+00:00\",\"mainEntityOfPage\":{\"@id\":\"https:\\\/\\\/akunq.net\\\/turkish\\\/2013\\\/10\\\/11\\\/46-xiii-yuzyilda-ermeni-kralligi\\\/\"},\"wordCount\":1087,\"commentCount\":0,\"articleSection\":[\"Ermenilerin Tarihi\",\"Haberler\"],\"inLanguage\":\"en-US\",\"potentialAction\":[{\"@type\":\"CommentAction\",\"name\":\"Comment\",\"target\":[\"https:\\\/\\\/akunq.net\\\/turkish\\\/2013\\\/10\\\/11\\\/46-xiii-yuzyilda-ermeni-kralligi\\\/#respond\"]}]},{\"@type\":\"WebPage\",\"@id\":\"https:\\\/\\\/akunq.net\\\/turkish\\\/2013\\\/10\\\/11\\\/46-xiii-yuzyilda-ermeni-kralligi\\\/\",\"url\":\"https:\\\/\\\/akunq.net\\\/turkish\\\/2013\\\/10\\\/11\\\/46-xiii-yuzyilda-ermeni-kralligi\\\/\",\"name\":\"46. XIII. y\u00fczy\u0131lda Ermeni Krall\u0131\u011f\u0131 - Bati Ermenistan Ve Bati Ermenileri Sorunlari Ara\u015ftirmalar Merkezi\",\"isPartOf\":{\"@id\":\"https:\\\/\\\/akunq.net\\\/turkish\\\/#website\"},\"datePublished\":\"2013-10-11T09:42:12+00:00\",\"author\":{\"@id\":\"https:\\\/\\\/akunq.net\\\/turkish\\\/#\\\/schema\\\/person\\\/135e7923d1aeb8887890799619969a6c\"},\"breadcrumb\":{\"@id\":\"https:\\\/\\\/akunq.net\\\/turkish\\\/2013\\\/10\\\/11\\\/46-xiii-yuzyilda-ermeni-kralligi\\\/#breadcrumb\"},\"inLanguage\":\"en-US\",\"potentialAction\":[{\"@type\":\"ReadAction\",\"target\":[\"https:\\\/\\\/akunq.net\\\/turkish\\\/2013\\\/10\\\/11\\\/46-xiii-yuzyilda-ermeni-kralligi\\\/\"]}]},{\"@type\":\"BreadcrumbList\",\"@id\":\"https:\\\/\\\/akunq.net\\\/turkish\\\/2013\\\/10\\\/11\\\/46-xiii-yuzyilda-ermeni-kralligi\\\/#breadcrumb\",\"itemListElement\":[{\"@type\":\"ListItem\",\"position\":1,\"name\":\"Home\",\"item\":\"https:\\\/\\\/akunq.net\\\/turkish\\\/\"},{\"@type\":\"ListItem\",\"position\":2,\"name\":\"46. XIII. y\u00fczy\u0131lda Ermeni Krall\u0131\u011f\u0131\"}]},{\"@type\":\"WebSite\",\"@id\":\"https:\\\/\\\/akunq.net\\\/turkish\\\/#website\",\"url\":\"https:\\\/\\\/akunq.net\\\/turkish\\\/\",\"name\":\"Bati Ermenistan Ve Bati Ermenileri Sorunlari Ara\u015ftirmalar Merkezi\",\"description\":\"\",\"potentialAction\":[{\"@type\":\"SearchAction\",\"target\":{\"@type\":\"EntryPoint\",\"urlTemplate\":\"https:\\\/\\\/akunq.net\\\/turkish\\\/?s={search_term_string}\"},\"query-input\":{\"@type\":\"PropertyValueSpecification\",\"valueRequired\":true,\"valueName\":\"search_term_string\"}}],\"inLanguage\":\"en-US\"},{\"@type\":\"Person\",\"@id\":\"https:\\\/\\\/akunq.net\\\/turkish\\\/#\\\/schema\\\/person\\\/135e7923d1aeb8887890799619969a6c\",\"name\":\"kalem\",\"image\":{\"@type\":\"ImageObject\",\"inLanguage\":\"en-US\",\"@id\":\"https:\\\/\\\/secure.gravatar.com\\\/avatar\\\/a06875e4b25feb5674296adf8e8a7ae1e587cebce2493fe63c456109967e27d3?s=96&d=mm&r=g\",\"url\":\"https:\\\/\\\/secure.gravatar.com\\\/avatar\\\/a06875e4b25feb5674296adf8e8a7ae1e587cebce2493fe63c456109967e27d3?s=96&d=mm&r=g\",\"contentUrl\":\"https:\\\/\\\/secure.gravatar.com\\\/avatar\\\/a06875e4b25feb5674296adf8e8a7ae1e587cebce2493fe63c456109967e27d3?s=96&d=mm&r=g\",\"caption\":\"kalem\"},\"url\":\"https:\\\/\\\/akunq.net\\\/turkish\\\/author\\\/kalem\\\/\"}]}<\/script>\n<!-- \/ Yoast SEO plugin. -->","yoast_head_json":{"title":"46. XIII. y\u00fczy\u0131lda Ermeni Krall\u0131\u011f\u0131 - Bati Ermenistan Ve Bati Ermenileri Sorunlari Ara\u015ftirmalar Merkezi","robots":{"index":"index","follow":"follow","max-snippet":"max-snippet:-1","max-image-preview":"max-image-preview:large","max-video-preview":"max-video-preview:-1"},"canonical":"https:\/\/akunq.net\/turkish\/2013\/10\/11\/46-xiii-yuzyilda-ermeni-kralligi\/","og_locale":"en_US","og_type":"article","og_title":"46. XIII. y\u00fczy\u0131lda Ermeni Krall\u0131\u011f\u0131 - Bati Ermenistan Ve Bati Ermenileri Sorunlari Ara\u015ftirmalar Merkezi","og_description":"Hetum hanedanl\u0131\u011f\u0131n\u0131n egemenli\u011finin tesisi Veliaht Zabel hen\u00fcz re\u015fit olmad\u0131\u011f\u0131ndan dolay\u0131, Ermeni katolikosu (Ermeni Kilisesi dini \u00f6nderi) VI. Hovhannes S\u0131setsi, Atan payl ve Konstandin Gundstabl \u015fahs\u0131nda \u00fc\u00e7 hami tayin edilmi\u015fti. K\u0131sa s\u00fcre sonra Atan payl \u00f6ld\u00fcr\u00fcl\u00fcr, Ermenistan katolikosu ise \u00f6l\u00fcr. Konstandin Gundstabl, Zabel\u2019in tek hamisi olarak kal\u0131r. I. Levon\u2019un \u00f6l\u00fcm\u00fcnden sonra Raymond-Ruben, Ermenistan taht\u0131n\u0131 ele ge\u00e7irmeye [&hellip;]","og_url":"https:\/\/akunq.net\/turkish\/2013\/10\/11\/46-xiii-yuzyilda-ermeni-kralligi\/","og_site_name":"Bati Ermenistan Ve Bati Ermenileri Sorunlari Ara\u015ftirmalar Merkezi","article_published_time":"2013-10-11T09:42:12+00:00","author":"kalem","twitter_card":"summary_large_image","twitter_misc":{"Written by":"kalem","Est. reading time":"5 minutes"},"schema":{"@context":"https:\/\/schema.org","@graph":[{"@type":"Article","@id":"https:\/\/akunq.net\/turkish\/2013\/10\/11\/46-xiii-yuzyilda-ermeni-kralligi\/#article","isPartOf":{"@id":"https:\/\/akunq.net\/turkish\/2013\/10\/11\/46-xiii-yuzyilda-ermeni-kralligi\/"},"author":{"name":"kalem","@id":"https:\/\/akunq.net\/turkish\/#\/schema\/person\/135e7923d1aeb8887890799619969a6c"},"headline":"46. XIII. y\u00fczy\u0131lda Ermeni Krall\u0131\u011f\u0131","datePublished":"2013-10-11T09:42:12+00:00","mainEntityOfPage":{"@id":"https:\/\/akunq.net\/turkish\/2013\/10\/11\/46-xiii-yuzyilda-ermeni-kralligi\/"},"wordCount":1087,"commentCount":0,"articleSection":["Ermenilerin Tarihi","Haberler"],"inLanguage":"en-US","potentialAction":[{"@type":"CommentAction","name":"Comment","target":["https:\/\/akunq.net\/turkish\/2013\/10\/11\/46-xiii-yuzyilda-ermeni-kralligi\/#respond"]}]},{"@type":"WebPage","@id":"https:\/\/akunq.net\/turkish\/2013\/10\/11\/46-xiii-yuzyilda-ermeni-kralligi\/","url":"https:\/\/akunq.net\/turkish\/2013\/10\/11\/46-xiii-yuzyilda-ermeni-kralligi\/","name":"46. XIII. y\u00fczy\u0131lda Ermeni Krall\u0131\u011f\u0131 - Bati Ermenistan Ve Bati Ermenileri Sorunlari Ara\u015ftirmalar Merkezi","isPartOf":{"@id":"https:\/\/akunq.net\/turkish\/#website"},"datePublished":"2013-10-11T09:42:12+00:00","author":{"@id":"https:\/\/akunq.net\/turkish\/#\/schema\/person\/135e7923d1aeb8887890799619969a6c"},"breadcrumb":{"@id":"https:\/\/akunq.net\/turkish\/2013\/10\/11\/46-xiii-yuzyilda-ermeni-kralligi\/#breadcrumb"},"inLanguage":"en-US","potentialAction":[{"@type":"ReadAction","target":["https:\/\/akunq.net\/turkish\/2013\/10\/11\/46-xiii-yuzyilda-ermeni-kralligi\/"]}]},{"@type":"BreadcrumbList","@id":"https:\/\/akunq.net\/turkish\/2013\/10\/11\/46-xiii-yuzyilda-ermeni-kralligi\/#breadcrumb","itemListElement":[{"@type":"ListItem","position":1,"name":"Home","item":"https:\/\/akunq.net\/turkish\/"},{"@type":"ListItem","position":2,"name":"46. XIII. y\u00fczy\u0131lda Ermeni Krall\u0131\u011f\u0131"}]},{"@type":"WebSite","@id":"https:\/\/akunq.net\/turkish\/#website","url":"https:\/\/akunq.net\/turkish\/","name":"Bati Ermenistan Ve Bati Ermenileri Sorunlari Ara\u015ftirmalar Merkezi","description":"","potentialAction":[{"@type":"SearchAction","target":{"@type":"EntryPoint","urlTemplate":"https:\/\/akunq.net\/turkish\/?s={search_term_string}"},"query-input":{"@type":"PropertyValueSpecification","valueRequired":true,"valueName":"search_term_string"}}],"inLanguage":"en-US"},{"@type":"Person","@id":"https:\/\/akunq.net\/turkish\/#\/schema\/person\/135e7923d1aeb8887890799619969a6c","name":"kalem","image":{"@type":"ImageObject","inLanguage":"en-US","@id":"https:\/\/secure.gravatar.com\/avatar\/a06875e4b25feb5674296adf8e8a7ae1e587cebce2493fe63c456109967e27d3?s=96&d=mm&r=g","url":"https:\/\/secure.gravatar.com\/avatar\/a06875e4b25feb5674296adf8e8a7ae1e587cebce2493fe63c456109967e27d3?s=96&d=mm&r=g","contentUrl":"https:\/\/secure.gravatar.com\/avatar\/a06875e4b25feb5674296adf8e8a7ae1e587cebce2493fe63c456109967e27d3?s=96&d=mm&r=g","caption":"kalem"},"url":"https:\/\/akunq.net\/turkish\/author\/kalem\/"}]}},"_links":{"self":[{"href":"https:\/\/akunq.net\/turkish\/wp-json\/wp\/v2\/posts\/26075","targetHints":{"allow":["GET"]}}],"collection":[{"href":"https:\/\/akunq.net\/turkish\/wp-json\/wp\/v2\/posts"}],"about":[{"href":"https:\/\/akunq.net\/turkish\/wp-json\/wp\/v2\/types\/post"}],"author":[{"embeddable":true,"href":"https:\/\/akunq.net\/turkish\/wp-json\/wp\/v2\/users\/3"}],"replies":[{"embeddable":true,"href":"https:\/\/akunq.net\/turkish\/wp-json\/wp\/v2\/comments?post=26075"}],"version-history":[{"count":0,"href":"https:\/\/akunq.net\/turkish\/wp-json\/wp\/v2\/posts\/26075\/revisions"}],"wp:attachment":[{"href":"https:\/\/akunq.net\/turkish\/wp-json\/wp\/v2\/media?parent=26075"}],"wp:term":[{"taxonomy":"category","embeddable":true,"href":"https:\/\/akunq.net\/turkish\/wp-json\/wp\/v2\/categories?post=26075"},{"taxonomy":"post_tag","embeddable":true,"href":"https:\/\/akunq.net\/turkish\/wp-json\/wp\/v2\/tags?post=26075"}],"curies":[{"name":"wp","href":"https:\/\/api.w.org\/{rel}","templated":true}]}}