{"id":26058,"date":"2013-10-11T02:14:33","date_gmt":"2013-10-11T07:14:33","guid":{"rendered":"http:\/\/akunq.net\/tr\/?p=26058"},"modified":"2013-10-11T02:14:33","modified_gmt":"2013-10-11T07:14:33","slug":"aristoteles-turkiye-adaletinin-ocusu","status":"publish","type":"post","link":"https:\/\/akunq.net\/turkish\/2013\/10\/11\/aristoteles-turkiye-adaletinin-ocusu\/","title":{"rendered":"Aristoteles; T\u00fcrkiye Adaletinin \u00d6c\u00fcs\u00fc"},"content":{"rendered":"<p style=\"text-align: justify\"><b><i><a href=\"http:\/\/akunq.net\/tr\/wp-content\/uploads\/2013\/10\/Aristoteles-T\u00fcrkiye-Adaletinin-\u00d6c\u00fcs\u00fc.jpg\"><img loading=\"lazy\" decoding=\"async\" class=\"alignright size-medium wp-image-26059\" alt=\"Aristoteles; T\u00fcrkiye Adaletinin \u00d6c\u00fcs\u00fc\" src=\"http:\/\/akunq.net\/tr\/wp-content\/uploads\/2013\/10\/Aristoteles-T\u00fcrkiye-Adaletinin-\u00d6c\u00fcs\u00fc-300x420.jpg\" width=\"300\" height=\"420\" \/><\/a>Seta Papazian Huffington Post\u2019ta KCK davalar\u0131n\u0131 de\u011ferlendirdi\u2026<\/i><\/b><\/p>\n<p style=\"text-align: justify\">VAN Kolektifi Ba\u015fkan\u0131 (Vigilance Armenienne contre le Negationnisme \u2013 \u0130nk\u00e2rc\u0131l\u0131\u011fa kar\u015f\u0131 Ermeni Teyakkuzu) Seta Papazian Huffington Post\u2019un Frans\u0131zca olarak yay\u0131nlanan sitesinde T\u00fcrkiye\u2019de s\u00fcren KCK davalar\u0131n\u0131 de\u011ferlendiren bir makale kaleme ald\u0131.<\/p>\n<p style=\"text-align: justify\">Ba\u015fbakan\u0131 Erdo\u011fan\u2019\u0131n a\u00e7\u0131klad\u0131\u011f\u0131 \u201cdemokratikle\u015fme paketi\u201dni \u201cneo-Osmanl\u0131\u201d diplomasisi propagandas\u0131 olarak de\u011ferlendiren Papazian, 7000 siyasi tutuklunun serbest b\u0131rak\u0131lmamas\u0131 i\u00e7in tam bir hayal k\u0131r\u0131kl\u0131\u011f\u0131 de\u011ferlendirmesi yapt\u0131. Seta Papazian\u2019\u0131n makalesini Alev Er\u2019in \u00e7evirisi ile sunuyoruz:<\/p>\n<p style=\"text-align: justify\"><a href=\"http:\/\/www.huffingtonpost.fr\/seta-papazian\"><b>S\u00e9ta Papazian<\/b><\/a><\/p>\n<p style=\"text-align: justify\"><b>AR\u0130STOTELES; T\u00dcRK\u0130YE ADALET\u0130N\u0130N \u00d6C\u00dcS\u00dc<\/b><\/p>\n<p style=\"text-align: justify\">T\u00fcrkiye Ba\u015fbakan\u0131 Recep Tayyip Erdo\u011fan, Eyl\u00fcl ay\u0131 sonunda, onca zamand\u0131r beklenen o \u00fcnl\u00fc \u201cdemokratikle\u015fme paketi\u201dni a\u00e7\u0131klad\u0131. Sonu\u00e7ta ortaya, a\u015fina oldu\u011fumuz \u201cneo-Osmanl\u0131\u201d diplomasisi propagandas\u0131n\u0131n \u00f6tesinde pek bir \u015fey \u00e7\u0131kmad\u0131. T\u00fcrkiye\u2019deki 7000 siyasi tutuklu i\u00e7in ise tam bir hayal k\u0131r\u0131kl\u0131\u011f\u0131 oldu: G\u00f6r\u00fcn\u00fcr gelecekte \u00f6zg\u00fcrl\u00fck s\u00f6z konusu de\u011fil. T\u00fcrk \u201cdemokratikle\u015fmesi\u201dnin s\u00f6zde ya da ger\u00e7ek \u201cilerlemeleri\u201dnden tatmin olmu\u015f gibi g\u00f6r\u00fcnen kimi g\u00f6zlemciler olsa da, \u0130stanbul\u2019un 67 km d\u0131\u015f\u0131nda bir yerde s\u00fcrmekte olan ac\u0131mas\u0131z bir siyasi yarg\u0131lamadan s\u00f6z etmekte yine de yarar var.<\/p>\n<p style=\"text-align: justify\">1 Ekim\u2019den bu yana s\u00fcrmekte olan h\u00e2lihaz\u0131rdaki yarg\u0131lama 10 Ekim, ak\u015fam\u0131 sona erecek. \u201cTer\u00f6rizm\u201d su\u00e7lamas\u0131yla iki y\u0131ld\u0131r tutuklu olman\u0131n bunaltt\u0131\u011f\u0131 \u00e7ok say\u0131da T\u00fcrk ve K\u00fcrt ayd\u0131n\u0131 \u2013 ki \u00e7o\u011fu Rag\u0131p Zarakolu\u2019nun yak\u0131n arkada\u015flar\u0131 \u2013 tahliye ve \u00e7oktand\u0131r a\u00e7\u0131k\u00e7a hak edilmi\u015f bir beraat bekliyor. Problem \u015fu: Anla\u015f\u0131lan, T\u00fcrkiye\u2019de Aristoteles hakk\u0131nda konferans vermek su\u00e7\u2026<\/p>\n<p style=\"text-align: justify\">180 san\u0131\u011f\u0131n ancak s\u0131\u011fabilece\u011fi bir mahkeme salonunda s\u00fcren ve Stalin d\u00f6neminde Avrupa\u2019n\u0131n lanetleyip k\u0131nad\u0131klar\u0131n\u0131 and\u0131ran bu uzun yarg\u0131lamada, 2009 ve 2011 aras\u0131ndaki KCK operasyonlar\u0131nda keyfi bi\u00e7imde g\u00f6zalt\u0131na al\u0131nan y\u00fczlerce tutuklu yer al\u0131yor. Silivri\u2019deki muazzam cezaevi kompleksinde ge\u00e7en Eyl\u00fcl ay\u0131n\u0131n 9 ve 20\u2019si aras\u0131nda yap\u0131lan \u201cyarg\u0131lama\u201dda, sadece 108\u2019i tutuksuz olan 205 insan haklar\u0131 savunucusu ve taraftar\u0131 mahkeme kar\u015f\u0131s\u0131na \u00e7\u0131kt\u0131.<\/p>\n<p style=\"text-align: justify\">Bat\u0131l\u0131 kimi \u015fahsiyetler (1), tarih\u00e7iler, gazeteciler (2) ve STK\u2019lar (3) bu yarg\u0131lamalar\u0131 k\u0131nam\u0131\u015f olsa da, T\u00fcrkiye\u2019deki s\u00f6zde ifade \u00f6zg\u00fcrl\u00fc\u011f\u00fcn\u00fcn kurban\u0131 olan gazeteci, yazar, \u00e7evirmen, avukat ve akademisyenlerin durumu bizim medya duvar\u0131m\u0131z\u0131 a\u015fabilmi\u015f, g\u00f6r\u00fcn\u00fcr ve anla\u015f\u0131l\u0131r olmaktan h\u00e2l\u00e2 \u00e7ok uzak.<\/p>\n<p style=\"text-align: justify\">Ger\u00e7ek \u015fu ki, T\u00fcrkiye\u2019de iktidar \u00e7ok zekice davranarak, bu farkl\u0131 g\u00f6r\u00fc\u015f sahiplerini \u201csilahl\u0131 bir ter\u00f6rist gruba mensup olmak\u201dla su\u00e7lama becerisi g\u00f6sterdi; muhtemel d\u0131\u015f destek ve dayan\u0131\u015fmay\u0131 susturup etkisiz k\u0131lmak i\u00e7in bundan daha iyi bir yol bulanamazd\u0131.<\/p>\n<p style=\"text-align: justify\"><b>Rag\u0131p ve Deniz Zarakolu: Baba ve O\u011ful ad\u0131na<\/b><\/p>\n<p style=\"text-align: justify\">Rag\u0131p Zarakolu ve yak\u0131nlar\u0131n\u0131n \u00fcrk\u00fct\u00fcc\u00fc bir kaderi var. Uluslararas\u0131 \u0130nsan Haklar\u0131 Federasyonu\u2019na ba\u011fl\u0131 \u0130nsan Haklar\u0131 Derne\u011fi\u2019nin kurucu \u00fcyesi olan bu bar\u0131\u015f yanl\u0131s\u0131 h\u00fcmanist ve insan haklar\u0131 savunucusu, 36 y\u0131ldan bu yana, sahibi oldu\u011fu Belge Yay\u0131nlar\u0131\u2019n\u0131n Ermeni Soyk\u0131r\u0131m\u0131\u2019yla, K\u00fcrtlerin ve daha geni\u015f anlamda, yan\u0131nda yer ald\u0131\u011f\u0131 T\u00fcrkiye\u2019deki az\u0131nl\u0131klar\u0131n haklar\u0131yla ilgili kitap yay\u0131nlar\u0131yla tan\u0131nd\u0131.<\/p>\n<p style=\"text-align: justify\">Ankara\u2019n\u0131n tarihin derinliklerine g\u00f6mmeyi uygun g\u00f6rd\u00fc\u011f\u00fc tabu konulardaki her yay\u0131n\u0131n\u0131n ona bedeli, bir ter\u00f6rizm yarg\u0131lamas\u0131na muhatap olmak oldu.<\/p>\n<p style=\"text-align: justify\">T\u00fcrk devlet ayg\u0131t\u0131 Ekim 2011\u2019de, 65 ya\u015f\u0131ndaki bu sembol ayd\u0131n\u0131 tutuklamakla yetinmedi. T\u00fcm\u00fcyle susturabilmek amac\u0131yla bu babaya can evinden sald\u0131rd\u0131: Bir o\u011flu, 7 Ekim 2011\u2019den bu yana, ayn\u0131 Ter\u00f6rle M\u00fccadele Yasas\u0131\u2019na ayk\u0131r\u0131 davrand\u0131\u011f\u0131 iddias\u0131yla, demir parmakl\u0131klar arkas\u0131nda.<\/p>\n<p style=\"text-align: justify\">1975 do\u011fumlu Cihan Deniz Zarakolu \u201cyasad\u0131\u015f\u0131 \u00f6rg\u00fct \u00fcyesi olmak\u201dla su\u00e7land\u0131 ve hakk\u0131nda 12 y\u0131la kadar hapis cezas\u0131 istendi.<\/p>\n<p style=\"text-align: justify\">Bug\u00fcne kadar tahliye edilmeyen bu gen\u00e7 doktora tezi \u00f6\u011frencisinin su\u00e7u neydi peki?<\/p>\n<p style=\"text-align: justify\">Meclis\u2019te grubu bulunan yasal bir parti olan BDP\u2019nin siyaset akademisinde Aristoteles\u2019in kitab\u0131 <i>Politika<\/i> ve siyaset felsefesi \u00fczerine konferans vermek\u2026<\/p>\n<p style=\"text-align: justify\">T\u00fcrkiye\u2019de ya\u015famak i\u015fte b\u00f6yle bir \u015fey ve BDP akademisinde Yunan klasiklerini ve siyasi d\u00fc\u015f\u00fcnce klasiklerini \u00f6\u011fretmenin maliyeti de bu.<\/p>\n<p style=\"text-align: justify\">Bu y\u00fczdendir ki, sosyal bilimler doktora \u00f6\u011frencisi, kendi ailesine ait yay\u0131nevinin \u00e7al\u0131\u015fan\u0131 Deniz, tam iki y\u0131ld\u0131r \u00f6zg\u00fcrl\u00fc\u011f\u00fcnden mahrum.<\/p>\n<p style=\"text-align: justify\">O\u011flu ve mesai arkada\u015f\u0131na cezaevindeki g\u00fcnleri i\u00e7in gerekli moral, psikolojik ve mal\u00ee deste\u011fi, 28 Ekim 2011\u2019den 10 Nisan 2012\u2019ye kadar 5.5 ay boyunca kendisi de tutuklu kalan ve bu y\u00fczden sa\u011fl\u0131k a\u00e7\u0131s\u0131ndan zay\u0131f d\u00fc\u015fen Rag\u0131p Zarakolu ta\u015f\u0131yor o ayda bir g\u00fcnl\u00fck a\u00e7\u0131k ziyaretlerinde. Zarakolu ailesi ister Kemalist, isterse muhafazak\u00e2r-\u0130slamc\u0131 olsun, fa\u015fizan otoriter bir y\u00f6netime kar\u015f\u0131 s\u00fcrd\u00fcrd\u00fc\u011f\u00fc bu e\u015fitsiz m\u00fccadelede a\u011f\u0131r bir bedel \u00f6d\u00fcyor.\u00a0 Unutmamam\u0131z gereken bir \u015fey daha var: Belge Yay\u0131nlar\u0131\u2019n\u0131n kurucusu, 2002\u2019de de e\u015fi Ay\u015fe Nur\u2019u kaybetmi\u015fti; cezaevinde tedaviden mahrum b\u0131rak\u0131ld\u0131\u011f\u0131 kanser hastal\u0131\u011f\u0131 nedeniyle.<\/p>\n<p style=\"text-align: justify\">Baba ve o\u011flu Zarakolu\u2019na y\u00f6neltilen su\u00e7lamalar, yasaklara meydan okumada bug\u00fcne kadar hi\u00e7bir teredd\u00fct g\u00f6stermemi\u015f olan bu iki yay\u0131nc\u0131y\u0131 t\u00fcm\u00fcyle susturmay\u0131 (4) ama\u00e7l\u0131yor. T\u00fcrkiye\u2019deki iktidar, mesaj\u0131n\u0131n iyice anla\u015f\u0131l\u0131r olmas\u0131n\u0131 sa\u011flamak amac\u0131yla, Belge Yay\u0131nlar\u0131 i\u00e7in \u00e7al\u0131\u015fan ba\u015fka baz\u0131 ki\u015fileri de ayn\u0131 su\u00e7lamalarla cezaevi parmakl\u0131klar\u0131n\u0131n arkas\u0131na g\u00f6nderdi: Bunlardan biri emekli \u00f6\u011fretmen Dursun Y\u0131ld\u0131z, bir di\u011feri ise \u00e7evirmen Ay\u015fe Berktay.<\/p>\n<p style=\"text-align: justify\">Birka\u00e7\u0131n\u0131n tahliyesi uluslararas\u0131 yo\u011fun dayan\u0131\u015fma kampanyalar\u0131 sayesinde ger\u00e7ekle\u015fen (5) b\u00fct\u00fcn bu ayd\u0131nlar, ister tutuklu, ister tutuksuz yarg\u0131lans\u0131nlar, a\u011f\u0131r hapis cezalar\u0131na \u00e7arpt\u0131r\u0131lma tehlikesiyle kar\u015f\u0131 kar\u015f\u0131ya:\u00a0 Bask\u0131c\u0131 devlet ayg\u0131t\u0131n\u0131n i\u00e7eri t\u0131kt\u0131\u011f\u0131 y\u00fczlerce \u00fcniversite \u00f6\u011frencisinin, T\u00fcrkiye\u2019yi \u0130ran, Eritre ve \u00c7in\u2019in de \u00f6tesinde, d\u00fcnyan\u0131n en b\u00fcy\u00fck gazeteci hapishanesi durumuna getiren tutuklu 76 gazetecinin durumu (Gazetecileri Koruma Komitesi CPJ\u2019nin 2012 Raporu) tam da bu.<\/p>\n<p style=\"text-align: justify\">Feminist sosyolog P\u0131nar Selek\u2019e gelince, tek yapabildi\u011fi Strasbourg\u2019a iltica etmek oldu: Kafka\u2019n\u0131n Davas\u0131\u2019n\u0131n \u00e7ok benzeri bir yarg\u0131laman\u0131n ve ak\u0131llar\u0131 zorlayacak bi\u00e7imde \u00f6m\u00fcr boyu hapis cezas\u0131na \u00e7arpt\u0131r\u0131lman\u0131n ard\u0131ndan, \u00fclkesindeki ilgili makamlar\u0131n ba\u015fvurusu \u00fczerine, bundan b\u00f6yle Interpol tehdidi alt\u0131nda ya\u015fayacak.\u00a0 Onunla ilgili olarak olu\u015fturulan Frans\u0131z Dayan\u0131\u015fma Komitesi de hakl\u0131 bir kayg\u0131yla kampanya ba\u015flatm\u0131\u015f durumda.<\/p>\n<p style=\"text-align: justify\">T\u00fcrk as\u0131ll\u0131 Alman yazar Do\u011fan Akhanl\u0131 ise, 12 Eyl\u00fcl 2011\u2019de aklan\u0131p \u00e7\u0131kt\u0131\u011f\u0131 halde, \u201cter\u00f6rist \u00f6rg\u00fct y\u00f6neticisi\u201d oldu\u011fu gerek\u00e7esiyle yeniden, hem de \u00f6m\u00fcr boyu hapis cezas\u0131 alma tehlikesiyle kar\u015f\u0131 kar\u015f\u0131ya. H\u00e2l\u00e2 de\u011fi\u015fen bir \u015fey yok.<\/p>\n<p style=\"text-align: justify\">\u00dcnl\u00fc baz\u0131 T\u00fcrkiye vatanda\u015flar\u0131 ise hakaret cezas\u0131na \u00e7arpt\u0131r\u0131ld\u0131; piyanist Faz\u0131l Say ve Ermeni gazeteci Sevan Ni\u015fanyan gibi.<\/p>\n<p style=\"text-align: justify\">Fransa Devlet Ba\u015fkan\u0131 ve D\u0131\u015fi\u015fleri Bakan\u0131 bizzat, daha geni\u015f anlamda da Avrupal\u0131 y\u00f6neticiler bu cesur kad\u0131n ve erkeklerin \u00f6zg\u00fcr kalmas\u0131 ve \u00fczerlerindeki bask\u0131lar\u0131n kald\u0131r\u0131lmas\u0131 kampanyalar\u0131n\u0131 desteklediklerini s\u00f6yl\u00fcyorlar. O insanlar\u0131n t\u00fcm\u00fc, bizim kendi Avrupa\u2019m\u0131za kabul etmeyi \u00f6ng\u00f6rd\u00fc\u011f\u00fcm\u00fcz yar\u0131n\u0131n T\u00fcrkiye\u2019sini in\u015fa ediyor \u00e7\u00fcnk\u00fc.<\/p>\n<p style=\"text-align: justify\">Buna kar\u015f\u0131l\u0131k, Br\u00fcksel ge\u00e7enlerde Avrupa polis te\u015fkilat\u0131yla T\u00fcrkiye Cumhuriyeti aras\u0131nda i\u015fbirli\u011fi \u00f6ng\u00f6ren bir anla\u015fma metnini kamuoyuna a\u00e7\u0131klad\u0131.\u00a0 Avrupa Birli\u011fi\u2019ne \u00fcye devletlerin polis te\u015fkilatlar\u0131n\u0131n i\u015fbirli\u011fini y\u00f6netmekten sorumlu Europol\u2019\u00fcn faaliyet alan\u0131n\u0131 geni\u015fleten bir anla\u015fma bu. Avrupa Parlamentosu\u2019nun 18\/04\/2013\u2019te \u201cter\u00f6r\u00fc \u00f6vmekle \u015fiddet kar\u015f\u0131t\u0131 fikirlerin ifade edilmesi aras\u0131nda net bir ayr\u0131m yap\u0131lmas\u0131n\u0131n aciliyet kazand\u0131\u011f\u0131na\u201d dair karar\u0131na ve \u201cola\u011fan\u00fcst\u00fc uzun tutukluluk s\u00fcreleriyle ilgili soruna \u00e7\u00f6z\u00fcm bulunmas\u0131\u201d \u00e7a\u011fr\u0131s\u0131na kar\u015f\u0131n, anla\u015fma, \u201c\u00fcye devletlerin Europol ile e\u015fg\u00fcd\u00fcm\u00fc artt\u0131rmas\u0131n\u0131 ve ter\u00f6rizm ve organize su\u00e7larla m\u00fccadelede T\u00fcrkiye ile i\u015fbirli\u011fini g\u00fc\u00e7lendirmesini\u201d talep ediyor.<\/p>\n<p style=\"text-align: justify\">Ara\u015ft\u0131rmac\u0131 Etienne Copeaux sormadan edemiyor: \u201cB\u00f6yle yaparsak, T\u00fcrkiye\u2019de giderek artt\u0131\u011f\u0131n\u0131 g\u00f6zlemledi\u011fimiz insan hakk\u0131 ihlallerinin Avrupa\u2019da ve b\u00fct\u00fcn d\u00fcnyada s\u0131radanla\u015fmas\u0131na yol a\u00e7m\u0131\u015f olmaz m\u0131y\u0131z?<\/p>\n<p style=\"text-align: justify\">\u201c\u00c7\u00fcnk\u00fc \u015funu g\u00f6r\u00fcyoruz; T\u00fcrkiye\u2019de y\u00fcr\u00fcrl\u00fckte olan Ter\u00f6rle M\u00fccadele yasalar\u0131 Ankara\u2019daki iktidar\u0131n ele\u015ftirel gazetecilikle ter\u00f6rizmi ayn\u0131 kefeye koyma hevesini g\u00fc\u00e7lendiriyor.\u201d<\/p>\n<p style=\"text-align: justify\">\u00a0TC devletinin otoriter e\u011filimini yans\u0131tan bu devletleraras\u0131 anla\u015fmalar Avrupa\u2019da da kendi uygun zeminini yarat\u0131yor: Dolay\u0131s\u0131yla, T\u00fcrkiyeli demokratlar\u0131n haklar\u0131n\u0131 savunmakla kendi \u00f6zg\u00fcrl\u00fcklerimizi de savunmu\u015f oluyoruz.<\/p>\n<p style=\"text-align: justify\">_______<\/p>\n<p>(1)\u00a0\u00a0\u00a0 VAN Kolektifi Ba\u015fkan\u0131 Seta Papazian\u2019\u0131n \u00e7a\u011fr\u0131s\u0131 \u00fczerine, a\u015fa\u011f\u0131da isimler 5 Haziran 2013\u2019te Nouvel Observateur\u2019\u00fcn sitesinde yer alan T\u00fcrkiyeli ayd\u0131nlarla dayan\u0131\u015fma metnini imzalam\u0131\u015ft\u0131r.<\/p>\n<p style=\"text-align: justify\">\u0130stanbul Cumhuriyet savc\u0131l\u0131\u011f\u0131n\u0131n o tarihten sonra, Eyl\u00fcl 2013\u2019te, imzac\u0131lardan biri olan \u0130stanbullu gazeteci-yazar Erol \u00d6zkoray hakk\u0131nda, e\u015fi Nurten \u00d6zkoray\u2019a birlikte A\u011fustos 2013\u2019te yay\u0131mlad\u0131\u011f\u0131 <i>Gezi Fenomeni<\/i> adl\u0131 kitap dolay\u0131s\u0131yla soru\u015fturma a\u00e7t\u0131\u011f\u0131n\u0131 da belirtelim.<\/p>\n<p style=\"text-align: justify\"><b>\u0130mzac\u0131lar listesi:<\/b><\/p>\n<p style=\"text-align: justify\"><i>Catherine Coquio [Paris 7 Edebiyat Profes\u00f6r\u00fc], Aircrige-Paris [Soyk\u0131r\u0131m ve \u0130nsanl\u0131\u011fa Kar\u015f\u0131 \u0130\u015flenmi\u015f Su\u00e7larla \u0130lgili Uluslararas\u0131 Ara\u015ft\u0131rma \u00d6rg\u00fct\u00fc], Serge Klarsfeld, Albert Herszkowicz- M\u00e9morial 98 ad\u0131na, Me\u00efr Waintrater, Yves Ternon [Tarih\u00e7i], Seve Izouli-Aydin [Avukat], Fr\u00e9d\u00e9ric Encel [Politolog], Etienne Copeaux [T\u00fcrkiye Tarih\u00e7isi], Claire Mauss-Copeaux [Tarih\u00e7i], Erol \u00d6zkoray [Yazar-gazeteci &#8211; Istanbul\/T\u00fcrkiye], Do\u011fan \u00d6zg\u00fcden [Gazetecie &#8211; Bruksel\/Bel\u00e7ika], Inci Tugsavul (Gazeteci &#8211; Bruksel\/Bel\u00e7ika], Jacques B\u00e9r\u00e8s [France Syrie D\u00e9mocratie Ba\u015fkan\u0131], Bernard Schalscha [France Syrie D\u00e9mocratie Genel sekreteri], MPCT [Bar\u0131\u015f ve Ter\u00f6rizm Kar\u015f\u0131tl\u0131\u011f\u0131 Hareketi], Andr\u00e9 M\u00e9tayer [Bretagne K\u00fcrt Dostluk Derne\u011fi Ba\u015fkan\u0131], LICRA [Irk\u00e7\u0131l\u0131k ve Antisemitizme Kar\u015f\u0131 Uluslararas\u0131 Birlik) Alain David [ LICRA \u0130cra komitesi, filozof], Roger W. Smith [Professor of government emeritus, College of William and Mary, Virginia, USA], Jacky Mamou [ CUD Ba\u015fkan\u0131 &#8211; Collectif Urgence Darfour], Alain Gauthier [ CPCR Ba\u015fkan\u0131 &#8211; Collectif des Parties Civiles pour le Rwanda], Appui Rwanda, Serge Av\u00e9dikian [Akt\u00f6r ve y\u00f6netmen], Anne Lain\u00e9 [Sinemac\u0131], Taner Ak\u00e7am [Tarih\u00e7i, Center for Holocaust and Genocide Studies, Clark University, USA], Marcel Kabanda [Ibuka Ba\u015fkan\u0131-Fransa], Cindy L\u00e9oni [ SOS Racisme Ba\u015fkan\u0131], Jonathan Hayoun [UEJF Ba\u015fkan\u0131 &#8211; Union des Etudiants Juifs de France], Aline Le Bail-Kremer [EGAM \u0130leti\u015fim ba\u015fkan\u0131 &#8211; European Grassroots Antiracist Movement], Benjamin Abtan, Mouvement Antiraciste Europ\u00e9en Ba\u015fkan\u0131 EGAM [European Grassroots Antiracist Movement], Arsin\u00e9e Khanjian [Kanadal\u0131 Oyuncu ve Yap\u0131mc\u0131].<\/i><\/p>\n<p style=\"text-align: justify\"><i>[2] Tarih\u00e7i Etienne Copeaux ve Vincent Duclert, gazeteciler Guillaume Perrier, Laure Marchand, Ariane Bonzon, Ursula Gauthier, Xavier Martinet ve Actualitt\u00e9 sitesi, a\u015fa\u011f\u0131daki konularda d\u00fczenli olarak yaz\u0131yorlar:<\/i><\/p>\n<p style=\"text-align: justify\"><i>&#8211;\u00a0B\u00fcsra Ersanl\u0131, Rag\u0131p Zarakolu<br \/>\n-Ermeni Soyk\u0131r\u0131m\u0131:\u00a0T\u00fcrk Devletinin \u0130nk\u00e2rc\u0131l\u0131\u011f\u0131 (3\/3)<\/i><\/p>\n<p style=\"text-align: justify\"><i>T\u00fcrkiye\u2019te ter\u00f6rizmle M\u00fccadele Yanl\u0131\u015f ve Sapmalar\u0131<br \/>\n-T\u00fcrk iktidar\u0131 K\u00fcrt yanl\u0131s\u0131 ayd\u0131nlar\u0131 susturuyor<br \/>\n&#8211;\u00a0<\/i><a href=\"http:\/\/www.slate.fr\/story\/74041\/istanbul-taksim-evacuee-apres\" target=\"_hplink\"><i>Istanbul: &#8211; Taksim Meydan\u0131 Hareketinden Geriye Kalan\u00a0<\/i><\/a><i><br \/>\n&#8211;\u00a0<\/i><a href=\"http:\/\/tempsreel.nouvelobs.com\/monde\/20120122.OBS9495\/ragip-zarakolu-en-finir-avec-l-esprit-genocidaire.html\" target=\"_hplink\"><i>Ragip Zarakolu : Soyk\u0131r\u0131mc\u0131 Anlay\u0131\u015fa Son Vermek<\/i><\/a><i><br \/>\n&#8211;\u00a0<\/i><a href=\"http:\/\/www.collectifvan.org\/article.php?r=0&amp;id=70303\" target=\"_hplink\"><i>Les pseudo-r\u00e9formes turques sur France-Culture<\/i><\/a>\u2019de s\u00f6zde T\u00fcrk reformlar\u0131<i><br \/>\n&#8211;\u00a0<\/i><a href=\"http:\/\/www.actualitte.com\/international\/turquie-l-arrestation-d-un-editeur-pour-terrorisme-scandalise-29838.htm\" target=\"_hplink\"><i>Turquie :Bir yay\u0131nc\u0131n\u0131n ter\u00f6rizm su\u00e7lamas\u0131yla tutuklanmas\u0131 rezaleti<\/i><\/a><\/p>\n<p style=\"text-align: justify\"><i>[3] RSF\u00a0<\/i>ve<i>\u00a0GIT France<\/i> d\u0131\u015f\u0131nda<i>, T\u00fcrkiyeli demokratlar\u0131 savunan ba\u015fl\u0131ca STK\u2019lar dili \u0130ngilizce olanlard\u0131r (Pen, IPA\/UIE, Association of American Publisher)..<\/i><\/p>\n<p style=\"text-align: justify\"><i>[4] K\u00f6t\u00fc bir \u201ctesad\u00fcf\u201d sonucu, Belge\u2019nin kitap deposunun, yay\u0131nevinin biti\u015fi\u011findeki <b>McDonald&#8217;s<\/b>\u2019tan kaynaklanan ve bir t\u00fcrl\u00fc \u00f6nlenemeyen su basmalar nedeniyle berbat hale geldi\u011fini ve yay\u0131nevinin alelacele ta\u015f\u0131nmak zorunda kald\u0131\u011f\u0131n\u0131 da belirmi\u015f olal\u0131m\u2026<\/i><\/p>\n<p style=\"text-align: justify\"><i>[5]Uluslararas\u0131 dayan\u0131\u015fma kampanyas\u0131n\u0131n ard\u0131ndan tahliye edilen ki\u015filerin en bilinenleri \u015funlard\u0131r: Yay\u0131nc\u0131\u00a0Ragip Zarakolu, Sosyoloji Profes\u00f6r\u00fc\u00a0B\u00fc\u015fra Ersanli,\u00a0Aziz Tun\u00e7\u00a0ve K\u00fcrt \u015fair M\u00fclazim \u00d6zcan.<\/i><\/p>\n<p style=\"text-align: justify\"><b>Kaynak:<\/b><\/p>\n<p style=\"text-align: justify\"><a href=\"http:\/\/www.collectifvan.org\/article.php?r=4&amp;id=76090\" target=\"_blank\"><i>http:\/\/www.collectifvan.org\/article.php?r=4&amp;id=76090<\/i><\/a><\/p>\n<p style=\"text-align: justify\"><i>By the way, the paper in the Huff website had until now a good number of &#8220;likes&#8221; (190) :<\/i><\/p>\n<p style=\"text-align: justify\"><a href=\"http:\/\/www.huffingtonpost.fr\/seta-papazian\/aristote-la-bete-noire-de-justice-turque_b_4058289.html\" target=\"_blank\"><i>http:\/\/www.huffingtonpost.fr\/seta-papazian\/aristote-la-bete-noire-de-justice-turque_b_4058289.html<\/i><\/a><\/p>\n<p style=\"text-align: justify\"><b><i>http:\/\/www.demokrathaber.net\/guncel\/aristoteles-turkiye-adaletinin-ocusu-h23536.html<\/i><\/b><\/p>\n","protected":false},"excerpt":{"rendered":"<p>Seta Papazian Huffington Post\u2019ta KCK davalar\u0131n\u0131 de\u011ferlendirdi\u2026 VAN Kolektifi Ba\u015fkan\u0131 (Vigilance Armenienne contre le Negationnisme \u2013 \u0130nk\u00e2rc\u0131l\u0131\u011fa kar\u015f\u0131 Ermeni Teyakkuzu) Seta Papazian Huffington Post\u2019un Frans\u0131zca olarak yay\u0131nlanan sitesinde T\u00fcrkiye\u2019de s\u00fcren KCK davalar\u0131n\u0131 de\u011ferlendiren bir makale kaleme ald\u0131. Ba\u015fbakan\u0131 Erdo\u011fan\u2019\u0131n a\u00e7\u0131klad\u0131\u011f\u0131 \u201cdemokratikle\u015fme paketi\u201dni \u201cneo-Osmanl\u0131\u201d diplomasisi propagandas\u0131 olarak de\u011ferlendiren Papazian, 7000 siyasi tutuklunun serbest b\u0131rak\u0131lmamas\u0131 i\u00e7in tam [&hellip;]<\/p>\n","protected":false},"author":3,"featured_media":0,"comment_status":"open","ping_status":"open","sticky":false,"template":"","format":"standard","meta":{"footnotes":""},"categories":[14,26],"tags":[],"class_list":["post-26058","post","type-post","status-publish","format-standard","hentry","category-haberler","category-makaleler"],"yoast_head":"<!-- This site is optimized with the Yoast SEO plugin v27.4 - https:\/\/yoast.com\/product\/yoast-seo-wordpress\/ -->\n<title>Aristoteles; T\u00fcrkiye Adaletinin \u00d6c\u00fcs\u00fc - Bati Ermenistan Ve Bati Ermenileri Sorunlari Ara\u015ftirmalar Merkezi<\/title>\n<meta name=\"robots\" content=\"index, follow, max-snippet:-1, max-image-preview:large, max-video-preview:-1\" \/>\n<link rel=\"canonical\" href=\"https:\/\/akunq.net\/turkish\/2013\/10\/11\/aristoteles-turkiye-adaletinin-ocusu\/\" \/>\n<meta property=\"og:locale\" content=\"en_US\" \/>\n<meta property=\"og:type\" content=\"article\" \/>\n<meta property=\"og:title\" content=\"Aristoteles; T\u00fcrkiye Adaletinin \u00d6c\u00fcs\u00fc - Bati Ermenistan Ve Bati Ermenileri Sorunlari Ara\u015ftirmalar Merkezi\" \/>\n<meta property=\"og:description\" content=\"Seta Papazian Huffington Post\u2019ta KCK davalar\u0131n\u0131 de\u011ferlendirdi\u2026 VAN Kolektifi Ba\u015fkan\u0131 (Vigilance Armenienne contre le Negationnisme \u2013 \u0130nk\u00e2rc\u0131l\u0131\u011fa kar\u015f\u0131 Ermeni Teyakkuzu) Seta Papazian Huffington Post\u2019un Frans\u0131zca olarak yay\u0131nlanan sitesinde T\u00fcrkiye\u2019de s\u00fcren KCK davalar\u0131n\u0131 de\u011ferlendiren bir makale kaleme ald\u0131. Ba\u015fbakan\u0131 Erdo\u011fan\u2019\u0131n a\u00e7\u0131klad\u0131\u011f\u0131 \u201cdemokratikle\u015fme paketi\u201dni \u201cneo-Osmanl\u0131\u201d diplomasisi propagandas\u0131 olarak de\u011ferlendiren Papazian, 7000 siyasi tutuklunun serbest b\u0131rak\u0131lmamas\u0131 i\u00e7in tam [&hellip;]\" \/>\n<meta property=\"og:url\" content=\"https:\/\/akunq.net\/turkish\/2013\/10\/11\/aristoteles-turkiye-adaletinin-ocusu\/\" \/>\n<meta property=\"og:site_name\" content=\"Bati Ermenistan Ve Bati Ermenileri Sorunlari Ara\u015ftirmalar Merkezi\" \/>\n<meta property=\"article:published_time\" content=\"2013-10-11T07:14:33+00:00\" \/>\n<meta name=\"author\" content=\"kalem\" \/>\n<meta name=\"twitter:card\" content=\"summary_large_image\" \/>\n<meta name=\"twitter:label1\" content=\"Written by\" \/>\n\t<meta name=\"twitter:data1\" content=\"kalem\" \/>\n\t<meta name=\"twitter:label2\" content=\"Est. reading time\" \/>\n\t<meta name=\"twitter:data2\" content=\"11 minutes\" \/>\n<script type=\"application\/ld+json\" class=\"yoast-schema-graph\">{\"@context\":\"https:\\\/\\\/schema.org\",\"@graph\":[{\"@type\":\"Article\",\"@id\":\"https:\\\/\\\/akunq.net\\\/turkish\\\/2013\\\/10\\\/11\\\/aristoteles-turkiye-adaletinin-ocusu\\\/#article\",\"isPartOf\":{\"@id\":\"https:\\\/\\\/akunq.net\\\/turkish\\\/2013\\\/10\\\/11\\\/aristoteles-turkiye-adaletinin-ocusu\\\/\"},\"author\":{\"name\":\"kalem\",\"@id\":\"https:\\\/\\\/akunq.net\\\/turkish\\\/#\\\/schema\\\/person\\\/135e7923d1aeb8887890799619969a6c\"},\"headline\":\"Aristoteles; T\u00fcrkiye Adaletinin \u00d6c\u00fcs\u00fc\",\"datePublished\":\"2013-10-11T07:14:33+00:00\",\"mainEntityOfPage\":{\"@id\":\"https:\\\/\\\/akunq.net\\\/turkish\\\/2013\\\/10\\\/11\\\/aristoteles-turkiye-adaletinin-ocusu\\\/\"},\"wordCount\":2135,\"commentCount\":0,\"articleSection\":[\"Haberler\",\"Makaleler\"],\"inLanguage\":\"en-US\",\"potentialAction\":[{\"@type\":\"CommentAction\",\"name\":\"Comment\",\"target\":[\"https:\\\/\\\/akunq.net\\\/turkish\\\/2013\\\/10\\\/11\\\/aristoteles-turkiye-adaletinin-ocusu\\\/#respond\"]}]},{\"@type\":\"WebPage\",\"@id\":\"https:\\\/\\\/akunq.net\\\/turkish\\\/2013\\\/10\\\/11\\\/aristoteles-turkiye-adaletinin-ocusu\\\/\",\"url\":\"https:\\\/\\\/akunq.net\\\/turkish\\\/2013\\\/10\\\/11\\\/aristoteles-turkiye-adaletinin-ocusu\\\/\",\"name\":\"Aristoteles; T\u00fcrkiye Adaletinin \u00d6c\u00fcs\u00fc - Bati Ermenistan Ve Bati Ermenileri Sorunlari Ara\u015ftirmalar Merkezi\",\"isPartOf\":{\"@id\":\"https:\\\/\\\/akunq.net\\\/turkish\\\/#website\"},\"datePublished\":\"2013-10-11T07:14:33+00:00\",\"author\":{\"@id\":\"https:\\\/\\\/akunq.net\\\/turkish\\\/#\\\/schema\\\/person\\\/135e7923d1aeb8887890799619969a6c\"},\"breadcrumb\":{\"@id\":\"https:\\\/\\\/akunq.net\\\/turkish\\\/2013\\\/10\\\/11\\\/aristoteles-turkiye-adaletinin-ocusu\\\/#breadcrumb\"},\"inLanguage\":\"en-US\",\"potentialAction\":[{\"@type\":\"ReadAction\",\"target\":[\"https:\\\/\\\/akunq.net\\\/turkish\\\/2013\\\/10\\\/11\\\/aristoteles-turkiye-adaletinin-ocusu\\\/\"]}]},{\"@type\":\"BreadcrumbList\",\"@id\":\"https:\\\/\\\/akunq.net\\\/turkish\\\/2013\\\/10\\\/11\\\/aristoteles-turkiye-adaletinin-ocusu\\\/#breadcrumb\",\"itemListElement\":[{\"@type\":\"ListItem\",\"position\":1,\"name\":\"Home\",\"item\":\"https:\\\/\\\/akunq.net\\\/turkish\\\/\"},{\"@type\":\"ListItem\",\"position\":2,\"name\":\"Aristoteles; T\u00fcrkiye Adaletinin \u00d6c\u00fcs\u00fc\"}]},{\"@type\":\"WebSite\",\"@id\":\"https:\\\/\\\/akunq.net\\\/turkish\\\/#website\",\"url\":\"https:\\\/\\\/akunq.net\\\/turkish\\\/\",\"name\":\"Bati Ermenistan Ve Bati Ermenileri Sorunlari Ara\u015ftirmalar Merkezi\",\"description\":\"\",\"potentialAction\":[{\"@type\":\"SearchAction\",\"target\":{\"@type\":\"EntryPoint\",\"urlTemplate\":\"https:\\\/\\\/akunq.net\\\/turkish\\\/?s={search_term_string}\"},\"query-input\":{\"@type\":\"PropertyValueSpecification\",\"valueRequired\":true,\"valueName\":\"search_term_string\"}}],\"inLanguage\":\"en-US\"},{\"@type\":\"Person\",\"@id\":\"https:\\\/\\\/akunq.net\\\/turkish\\\/#\\\/schema\\\/person\\\/135e7923d1aeb8887890799619969a6c\",\"name\":\"kalem\",\"image\":{\"@type\":\"ImageObject\",\"inLanguage\":\"en-US\",\"@id\":\"https:\\\/\\\/secure.gravatar.com\\\/avatar\\\/a06875e4b25feb5674296adf8e8a7ae1e587cebce2493fe63c456109967e27d3?s=96&d=mm&r=g\",\"url\":\"https:\\\/\\\/secure.gravatar.com\\\/avatar\\\/a06875e4b25feb5674296adf8e8a7ae1e587cebce2493fe63c456109967e27d3?s=96&d=mm&r=g\",\"contentUrl\":\"https:\\\/\\\/secure.gravatar.com\\\/avatar\\\/a06875e4b25feb5674296adf8e8a7ae1e587cebce2493fe63c456109967e27d3?s=96&d=mm&r=g\",\"caption\":\"kalem\"},\"url\":\"https:\\\/\\\/akunq.net\\\/turkish\\\/author\\\/kalem\\\/\"}]}<\/script>\n<!-- \/ Yoast SEO plugin. -->","yoast_head_json":{"title":"Aristoteles; T\u00fcrkiye Adaletinin \u00d6c\u00fcs\u00fc - Bati Ermenistan Ve Bati Ermenileri Sorunlari Ara\u015ftirmalar Merkezi","robots":{"index":"index","follow":"follow","max-snippet":"max-snippet:-1","max-image-preview":"max-image-preview:large","max-video-preview":"max-video-preview:-1"},"canonical":"https:\/\/akunq.net\/turkish\/2013\/10\/11\/aristoteles-turkiye-adaletinin-ocusu\/","og_locale":"en_US","og_type":"article","og_title":"Aristoteles; T\u00fcrkiye Adaletinin \u00d6c\u00fcs\u00fc - Bati Ermenistan Ve Bati Ermenileri Sorunlari Ara\u015ftirmalar Merkezi","og_description":"Seta Papazian Huffington Post\u2019ta KCK davalar\u0131n\u0131 de\u011ferlendirdi\u2026 VAN Kolektifi Ba\u015fkan\u0131 (Vigilance Armenienne contre le Negationnisme \u2013 \u0130nk\u00e2rc\u0131l\u0131\u011fa kar\u015f\u0131 Ermeni Teyakkuzu) Seta Papazian Huffington Post\u2019un Frans\u0131zca olarak yay\u0131nlanan sitesinde T\u00fcrkiye\u2019de s\u00fcren KCK davalar\u0131n\u0131 de\u011ferlendiren bir makale kaleme ald\u0131. Ba\u015fbakan\u0131 Erdo\u011fan\u2019\u0131n a\u00e7\u0131klad\u0131\u011f\u0131 \u201cdemokratikle\u015fme paketi\u201dni \u201cneo-Osmanl\u0131\u201d diplomasisi propagandas\u0131 olarak de\u011ferlendiren Papazian, 7000 siyasi tutuklunun serbest b\u0131rak\u0131lmamas\u0131 i\u00e7in tam [&hellip;]","og_url":"https:\/\/akunq.net\/turkish\/2013\/10\/11\/aristoteles-turkiye-adaletinin-ocusu\/","og_site_name":"Bati Ermenistan Ve Bati Ermenileri Sorunlari Ara\u015ftirmalar Merkezi","article_published_time":"2013-10-11T07:14:33+00:00","author":"kalem","twitter_card":"summary_large_image","twitter_misc":{"Written by":"kalem","Est. reading time":"11 minutes"},"schema":{"@context":"https:\/\/schema.org","@graph":[{"@type":"Article","@id":"https:\/\/akunq.net\/turkish\/2013\/10\/11\/aristoteles-turkiye-adaletinin-ocusu\/#article","isPartOf":{"@id":"https:\/\/akunq.net\/turkish\/2013\/10\/11\/aristoteles-turkiye-adaletinin-ocusu\/"},"author":{"name":"kalem","@id":"https:\/\/akunq.net\/turkish\/#\/schema\/person\/135e7923d1aeb8887890799619969a6c"},"headline":"Aristoteles; T\u00fcrkiye Adaletinin \u00d6c\u00fcs\u00fc","datePublished":"2013-10-11T07:14:33+00:00","mainEntityOfPage":{"@id":"https:\/\/akunq.net\/turkish\/2013\/10\/11\/aristoteles-turkiye-adaletinin-ocusu\/"},"wordCount":2135,"commentCount":0,"articleSection":["Haberler","Makaleler"],"inLanguage":"en-US","potentialAction":[{"@type":"CommentAction","name":"Comment","target":["https:\/\/akunq.net\/turkish\/2013\/10\/11\/aristoteles-turkiye-adaletinin-ocusu\/#respond"]}]},{"@type":"WebPage","@id":"https:\/\/akunq.net\/turkish\/2013\/10\/11\/aristoteles-turkiye-adaletinin-ocusu\/","url":"https:\/\/akunq.net\/turkish\/2013\/10\/11\/aristoteles-turkiye-adaletinin-ocusu\/","name":"Aristoteles; T\u00fcrkiye Adaletinin \u00d6c\u00fcs\u00fc - Bati Ermenistan Ve Bati Ermenileri Sorunlari Ara\u015ftirmalar Merkezi","isPartOf":{"@id":"https:\/\/akunq.net\/turkish\/#website"},"datePublished":"2013-10-11T07:14:33+00:00","author":{"@id":"https:\/\/akunq.net\/turkish\/#\/schema\/person\/135e7923d1aeb8887890799619969a6c"},"breadcrumb":{"@id":"https:\/\/akunq.net\/turkish\/2013\/10\/11\/aristoteles-turkiye-adaletinin-ocusu\/#breadcrumb"},"inLanguage":"en-US","potentialAction":[{"@type":"ReadAction","target":["https:\/\/akunq.net\/turkish\/2013\/10\/11\/aristoteles-turkiye-adaletinin-ocusu\/"]}]},{"@type":"BreadcrumbList","@id":"https:\/\/akunq.net\/turkish\/2013\/10\/11\/aristoteles-turkiye-adaletinin-ocusu\/#breadcrumb","itemListElement":[{"@type":"ListItem","position":1,"name":"Home","item":"https:\/\/akunq.net\/turkish\/"},{"@type":"ListItem","position":2,"name":"Aristoteles; T\u00fcrkiye Adaletinin \u00d6c\u00fcs\u00fc"}]},{"@type":"WebSite","@id":"https:\/\/akunq.net\/turkish\/#website","url":"https:\/\/akunq.net\/turkish\/","name":"Bati Ermenistan Ve Bati Ermenileri Sorunlari Ara\u015ftirmalar Merkezi","description":"","potentialAction":[{"@type":"SearchAction","target":{"@type":"EntryPoint","urlTemplate":"https:\/\/akunq.net\/turkish\/?s={search_term_string}"},"query-input":{"@type":"PropertyValueSpecification","valueRequired":true,"valueName":"search_term_string"}}],"inLanguage":"en-US"},{"@type":"Person","@id":"https:\/\/akunq.net\/turkish\/#\/schema\/person\/135e7923d1aeb8887890799619969a6c","name":"kalem","image":{"@type":"ImageObject","inLanguage":"en-US","@id":"https:\/\/secure.gravatar.com\/avatar\/a06875e4b25feb5674296adf8e8a7ae1e587cebce2493fe63c456109967e27d3?s=96&d=mm&r=g","url":"https:\/\/secure.gravatar.com\/avatar\/a06875e4b25feb5674296adf8e8a7ae1e587cebce2493fe63c456109967e27d3?s=96&d=mm&r=g","contentUrl":"https:\/\/secure.gravatar.com\/avatar\/a06875e4b25feb5674296adf8e8a7ae1e587cebce2493fe63c456109967e27d3?s=96&d=mm&r=g","caption":"kalem"},"url":"https:\/\/akunq.net\/turkish\/author\/kalem\/"}]}},"_links":{"self":[{"href":"https:\/\/akunq.net\/turkish\/wp-json\/wp\/v2\/posts\/26058","targetHints":{"allow":["GET"]}}],"collection":[{"href":"https:\/\/akunq.net\/turkish\/wp-json\/wp\/v2\/posts"}],"about":[{"href":"https:\/\/akunq.net\/turkish\/wp-json\/wp\/v2\/types\/post"}],"author":[{"embeddable":true,"href":"https:\/\/akunq.net\/turkish\/wp-json\/wp\/v2\/users\/3"}],"replies":[{"embeddable":true,"href":"https:\/\/akunq.net\/turkish\/wp-json\/wp\/v2\/comments?post=26058"}],"version-history":[{"count":0,"href":"https:\/\/akunq.net\/turkish\/wp-json\/wp\/v2\/posts\/26058\/revisions"}],"wp:attachment":[{"href":"https:\/\/akunq.net\/turkish\/wp-json\/wp\/v2\/media?parent=26058"}],"wp:term":[{"taxonomy":"category","embeddable":true,"href":"https:\/\/akunq.net\/turkish\/wp-json\/wp\/v2\/categories?post=26058"},{"taxonomy":"post_tag","embeddable":true,"href":"https:\/\/akunq.net\/turkish\/wp-json\/wp\/v2\/tags?post=26058"}],"curies":[{"name":"wp","href":"https:\/\/api.w.org\/{rel}","templated":true}]}}