{"id":26035,"date":"2013-10-10T01:49:26","date_gmt":"2013-10-10T06:49:26","guid":{"rendered":"http:\/\/akunq.net\/tr\/?p=26035"},"modified":"2013-10-10T01:49:26","modified_gmt":"2013-10-10T06:49:26","slug":"duyuru","status":"publish","type":"post","link":"https:\/\/akunq.net\/turkish\/2013\/10\/10\/duyuru\/","title":{"rendered":"Duyuru"},"content":{"rendered":"<table width=\"662\" border=\"1\" cellspacing=\"0\" cellpadding=\"0\">\n<tbody>\n<tr>\n<td colspan=\"3\" valign=\"top\" width=\"662\"><a href=\"http:\/\/akunq.net\/tr\/wp-content\/uploads\/2013\/10\/Umit-Kurt.jpg\"><img loading=\"lazy\" decoding=\"async\" class=\"alignright size-medium wp-image-26037\" alt=\"Umit Kurt\" src=\"http:\/\/akunq.net\/tr\/wp-content\/uploads\/2013\/10\/Umit-Kurt-300x204.jpg\" width=\"300\" height=\"204\" \/><\/a>\u00a0<b><i>Prof. Dr. Taner Ak\u00e7am\u2018\u0131n ve \u00dcmit Kurt\u2019un ortak \u00e7al\u0131\u015fmalar\u0131 olan \u201eKanunlar\u0131n Ruhu\u201c adl\u0131 kitap \u00fczerine Akademisyen \u00dcmit Kurt, konferanslar verecektir. <\/i><\/b><\/td>\n<\/tr>\n<tr>\n<td colspan=\"3\" valign=\"top\" width=\"662\">Almanya Asuri Demokratik Organizasyonu,<\/td>\n<\/tr>\n<tr>\n<td colspan=\"3\" valign=\"top\" width=\"662\">Orta Avrupa Asuri Dernekleri Federasyonu ve<\/td>\n<\/tr>\n<tr>\n<td colspan=\"3\" valign=\"top\" width=\"662\">Soyk\u0131r\u0131m Kar\u015f\u0131tlar\u0131 Derne\u011fi (SKD),<\/td>\n<\/tr>\n<tr>\n<td colspan=\"3\" valign=\"top\" width=\"662\">\u00a0<\/td>\n<\/tr>\n<tr>\n<td colspan=\"3\" valign=\"top\" width=\"662\">Sizleri, \u00dcmit Kurt\u2019un konferans\u0131na kat\u0131lman\u0131z i\u00e7in candandan davet etmektedirler. \u00dcmit Kurt bize, soyk\u0131r\u0131m ve s\u00fcrg\u00fcnlerle Osmanl\u0131 ve onun devam\u0131 olan TC H\u0131ristiyan vatanda\u015flar\u0131n\u0131n mallar\u0131n\u0131 sanki y\u00e2rin geri iade edilecekmi\u015f gibi zimmetine ge\u00e7iren devletin, sonu\u00e7ta nas\u0131l talan etti\u011fini, asker-sivil \u00fcst d\u00fcze b\u00fcrokratlar\u0131n\u0131, kentsel ve k\u0131rsal e\u015fraf\u0131 nas\u0131l ihya etti\u011fini anlatacak. Soyk\u0131r\u0131m ve s\u00fcrg\u00fcn cehenneminden her \u015feye ra\u011fmen sa\u011f \u00e7\u0131kmay\u0131 ba\u015far\u0131p evine yurduna mal\u0131n\u0131n m\u00fclk\u00fcn\u00fcn ba\u015f\u0131na geri d\u00f6nmek isteyen \u201ctalihlileri\u201d, yerine g\u00f6re zorla, yerine g\u00f6re hile ve entrikalarla nas\u0131l engelledi\u011fini, k\u0131sacas\u0131 d\u00fcnyada e\u015fine ender rastlanan b\u00fcy\u00fck bir vurgunu, talan\u0131, kanunlarla nas\u0131l koruma alt\u0131na ald\u0131\u011f\u0131n\u0131 ve me\u015fruiyet kazand\u0131rmaya \u00e7al\u0131\u015ft\u0131\u011f\u0131n\u0131 anlatacak. Say\u0131n \u00dcmit Kurt\u2019u, hep birlikte dinleyelim. Ele\u015ftirel d\u00fc\u015f\u00fcncelerimizi, kafam\u0131za tak\u0131lan sorular\u0131m\u0131z\u0131, dile getirelim. Sorular\u0131m\u0131za cevaplar \u00fczerine canl\u0131 bir tart\u0131\u015fma y\u00fcr\u00fctelim. Sava\u015flar\u0131n soyk\u0131r\u0131mlar\u0131n olmad\u0131\u011f\u0131 daha insanca bir gelecek i\u00e7in; ink\u00e2r edilen 1915 Soyk\u0131r\u0131m\u0131n\u0131n kamu vicdan\u0131nda mahk\u00fbm edilmesi i\u00e7in bir k\u00fc\u00e7\u00fck ad\u0131m olsun!<\/td>\n<\/tr>\n<tr>\n<td colspan=\"3\" valign=\"top\" width=\"662\">\u00a0<\/td>\n<\/tr>\n<tr>\n<td colspan=\"3\" valign=\"top\" width=\"662\">Toplant\u0131 tarihleri ve adresler:<\/td>\n<\/tr>\n<tr>\n<td valign=\"top\" width=\"254\">13 Ekim 2013<\/td>\n<td valign=\"top\" width=\"115\">Saat 15.00\u2019te<\/td>\n<td valign=\"top\" width=\"293\">\u00a0\u00a0\u00a0 Rebst\u00f6cker Str. 49\u00a0\u00a0\u00a0 G\u00fcne\u015f Tiyatrosu Salonu<\/p>\n<p>\u00a0\u00a0\u00a0 60326 Frankfurt<\/td>\n<\/tr>\n<tr>\n<td valign=\"top\" width=\"254\">18 Ekim 2013<\/td>\n<td valign=\"top\" width=\"115\">Saat belirlenecek<\/td>\n<td valign=\"top\" width=\"293\">\u00a0\u00a0\u00a0adres belirlenecek<\/td>\n<\/tr>\n<tr>\n<td valign=\"top\" width=\"254\">19 Ekim 2013<\/td>\n<td valign=\"top\" width=\"115\">Saat belirlenecek<\/td>\n<td valign=\"top\" width=\"293\">\u00a0\u00a0\u00a0adres belirlenecek<\/td>\n<\/tr>\n<tr>\n<td colspan=\"3\" valign=\"top\" width=\"662\">\u00a0<\/td>\n<\/tr>\n<tr>\n<td colspan=\"3\" valign=\"top\" width=\"662\">Ayr\u0131nt\u0131l\u0131 bilgi i\u00e7in telefon: 069 \/ 5970813<\/td>\n<\/tr>\n<tr>\n<td colspan=\"3\" valign=\"top\" width=\"662\">\n<p align=\"center\">\u00a0<\/p>\n<\/td>\n<\/tr>\n<\/tbody>\n<\/table>\n<p style=\"text-align: justify\">\u00a0<\/p>\n","protected":false},"excerpt":{"rendered":"<p>\u00a0Prof. Dr. Taner Ak\u00e7am\u2018\u0131n ve \u00dcmit Kurt\u2019un ortak \u00e7al\u0131\u015fmalar\u0131 olan \u201eKanunlar\u0131n Ruhu\u201c adl\u0131 kitap \u00fczerine Akademisyen \u00dcmit Kurt, konferanslar verecektir. Almanya Asuri Demokratik Organizasyonu, Orta Avrupa Asuri Dernekleri Federasyonu ve Soyk\u0131r\u0131m Kar\u015f\u0131tlar\u0131 Derne\u011fi (SKD), \u00a0 Sizleri, \u00dcmit Kurt\u2019un konferans\u0131na kat\u0131lman\u0131z i\u00e7in candandan davet etmektedirler. \u00dcmit Kurt bize, soyk\u0131r\u0131m ve s\u00fcrg\u00fcnlerle Osmanl\u0131 ve onun devam\u0131 olan [&hellip;]<\/p>\n","protected":false},"author":3,"featured_media":0,"comment_status":"open","ping_status":"open","sticky":false,"template":"","format":"standard","meta":{"footnotes":""},"categories":[6,14,39],"tags":[],"class_list":["post-26035","post","type-post","status-publish","format-standard","hentry","category-ermeni-soykirimi","category-haberler","category-tartismalar"],"yoast_head":"<!-- This site is optimized with the Yoast SEO plugin v27.4 - https:\/\/yoast.com\/product\/yoast-seo-wordpress\/ -->\n<title>Duyuru - Bati Ermenistan Ve Bati Ermenileri Sorunlari Ara\u015ftirmalar Merkezi<\/title>\n<meta name=\"robots\" content=\"index, follow, max-snippet:-1, max-image-preview:large, max-video-preview:-1\" \/>\n<link rel=\"canonical\" href=\"https:\/\/akunq.net\/turkish\/2013\/10\/10\/duyuru\/\" \/>\n<meta property=\"og:locale\" content=\"en_US\" \/>\n<meta property=\"og:type\" content=\"article\" \/>\n<meta property=\"og:title\" content=\"Duyuru - Bati Ermenistan Ve Bati Ermenileri Sorunlari Ara\u015ftirmalar Merkezi\" \/>\n<meta property=\"og:description\" content=\"\u00a0Prof. Dr. Taner Ak\u00e7am\u2018\u0131n ve \u00dcmit Kurt\u2019un ortak \u00e7al\u0131\u015fmalar\u0131 olan \u201eKanunlar\u0131n Ruhu\u201c adl\u0131 kitap \u00fczerine Akademisyen \u00dcmit Kurt, konferanslar verecektir. Almanya Asuri Demokratik Organizasyonu, Orta Avrupa Asuri Dernekleri Federasyonu ve Soyk\u0131r\u0131m Kar\u015f\u0131tlar\u0131 Derne\u011fi (SKD), \u00a0 Sizleri, \u00dcmit Kurt\u2019un konferans\u0131na kat\u0131lman\u0131z i\u00e7in candandan davet etmektedirler. \u00dcmit Kurt bize, soyk\u0131r\u0131m ve s\u00fcrg\u00fcnlerle Osmanl\u0131 ve onun devam\u0131 olan [&hellip;]\" \/>\n<meta property=\"og:url\" content=\"https:\/\/akunq.net\/turkish\/2013\/10\/10\/duyuru\/\" \/>\n<meta property=\"og:site_name\" content=\"Bati Ermenistan Ve Bati Ermenileri Sorunlari Ara\u015ftirmalar Merkezi\" \/>\n<meta property=\"article:published_time\" content=\"2013-10-10T06:49:26+00:00\" \/>\n<meta property=\"og:image\" content=\"https:\/\/akunq.net\/turkish\/wp-content\/uploads\/sites\/5\/2013\/10\/Umit-Kurt.jpg\" \/>\n\t<meta property=\"og:image:width\" content=\"440\" \/>\n\t<meta property=\"og:image:height\" content=\"300\" \/>\n\t<meta property=\"og:image:type\" content=\"image\/jpeg\" \/>\n<meta name=\"author\" content=\"kalem\" \/>\n<meta name=\"twitter:card\" content=\"summary_large_image\" \/>\n<meta name=\"twitter:label1\" content=\"Written by\" \/>\n\t<meta name=\"twitter:data1\" content=\"kalem\" \/>\n\t<meta name=\"twitter:label2\" content=\"Est. reading time\" \/>\n\t<meta name=\"twitter:data2\" content=\"1 minute\" \/>\n<script type=\"application\/ld+json\" class=\"yoast-schema-graph\">{\"@context\":\"https:\\\/\\\/schema.org\",\"@graph\":[{\"@type\":\"Article\",\"@id\":\"https:\\\/\\\/akunq.net\\\/turkish\\\/2013\\\/10\\\/10\\\/duyuru\\\/#article\",\"isPartOf\":{\"@id\":\"https:\\\/\\\/akunq.net\\\/turkish\\\/2013\\\/10\\\/10\\\/duyuru\\\/\"},\"author\":{\"name\":\"kalem\",\"@id\":\"https:\\\/\\\/akunq.net\\\/turkish\\\/#\\\/schema\\\/person\\\/135e7923d1aeb8887890799619969a6c\"},\"headline\":\"Duyuru\",\"datePublished\":\"2013-10-10T06:49:26+00:00\",\"mainEntityOfPage\":{\"@id\":\"https:\\\/\\\/akunq.net\\\/turkish\\\/2013\\\/10\\\/10\\\/duyuru\\\/\"},\"wordCount\":298,\"commentCount\":0,\"image\":{\"@id\":\"https:\\\/\\\/akunq.net\\\/turkish\\\/2013\\\/10\\\/10\\\/duyuru\\\/#primaryimage\"},\"thumbnailUrl\":\"http:\\\/\\\/akunq.net\\\/tr\\\/wp-content\\\/uploads\\\/2013\\\/10\\\/Umit-Kurt-300x204.jpg\",\"articleSection\":[\"Ermeni Soyk\u0131r\u0131m\u0131\",\"Haberler\",\"Tart\u0131\u015fmalar\"],\"inLanguage\":\"en-US\",\"potentialAction\":[{\"@type\":\"CommentAction\",\"name\":\"Comment\",\"target\":[\"https:\\\/\\\/akunq.net\\\/turkish\\\/2013\\\/10\\\/10\\\/duyuru\\\/#respond\"]}]},{\"@type\":\"WebPage\",\"@id\":\"https:\\\/\\\/akunq.net\\\/turkish\\\/2013\\\/10\\\/10\\\/duyuru\\\/\",\"url\":\"https:\\\/\\\/akunq.net\\\/turkish\\\/2013\\\/10\\\/10\\\/duyuru\\\/\",\"name\":\"Duyuru - Bati Ermenistan Ve Bati Ermenileri Sorunlari Ara\u015ftirmalar Merkezi\",\"isPartOf\":{\"@id\":\"https:\\\/\\\/akunq.net\\\/turkish\\\/#website\"},\"primaryImageOfPage\":{\"@id\":\"https:\\\/\\\/akunq.net\\\/turkish\\\/2013\\\/10\\\/10\\\/duyuru\\\/#primaryimage\"},\"image\":{\"@id\":\"https:\\\/\\\/akunq.net\\\/turkish\\\/2013\\\/10\\\/10\\\/duyuru\\\/#primaryimage\"},\"thumbnailUrl\":\"http:\\\/\\\/akunq.net\\\/tr\\\/wp-content\\\/uploads\\\/2013\\\/10\\\/Umit-Kurt-300x204.jpg\",\"datePublished\":\"2013-10-10T06:49:26+00:00\",\"author\":{\"@id\":\"https:\\\/\\\/akunq.net\\\/turkish\\\/#\\\/schema\\\/person\\\/135e7923d1aeb8887890799619969a6c\"},\"breadcrumb\":{\"@id\":\"https:\\\/\\\/akunq.net\\\/turkish\\\/2013\\\/10\\\/10\\\/duyuru\\\/#breadcrumb\"},\"inLanguage\":\"en-US\",\"potentialAction\":[{\"@type\":\"ReadAction\",\"target\":[\"https:\\\/\\\/akunq.net\\\/turkish\\\/2013\\\/10\\\/10\\\/duyuru\\\/\"]}]},{\"@type\":\"ImageObject\",\"inLanguage\":\"en-US\",\"@id\":\"https:\\\/\\\/akunq.net\\\/turkish\\\/2013\\\/10\\\/10\\\/duyuru\\\/#primaryimage\",\"url\":\"http:\\\/\\\/akunq.net\\\/tr\\\/wp-content\\\/uploads\\\/2013\\\/10\\\/Umit-Kurt-300x204.jpg\",\"contentUrl\":\"http:\\\/\\\/akunq.net\\\/tr\\\/wp-content\\\/uploads\\\/2013\\\/10\\\/Umit-Kurt-300x204.jpg\"},{\"@type\":\"BreadcrumbList\",\"@id\":\"https:\\\/\\\/akunq.net\\\/turkish\\\/2013\\\/10\\\/10\\\/duyuru\\\/#breadcrumb\",\"itemListElement\":[{\"@type\":\"ListItem\",\"position\":1,\"name\":\"Home\",\"item\":\"https:\\\/\\\/akunq.net\\\/turkish\\\/\"},{\"@type\":\"ListItem\",\"position\":2,\"name\":\"Duyuru\"}]},{\"@type\":\"WebSite\",\"@id\":\"https:\\\/\\\/akunq.net\\\/turkish\\\/#website\",\"url\":\"https:\\\/\\\/akunq.net\\\/turkish\\\/\",\"name\":\"Bati Ermenistan Ve Bati Ermenileri Sorunlari Ara\u015ftirmalar Merkezi\",\"description\":\"\",\"potentialAction\":[{\"@type\":\"SearchAction\",\"target\":{\"@type\":\"EntryPoint\",\"urlTemplate\":\"https:\\\/\\\/akunq.net\\\/turkish\\\/?s={search_term_string}\"},\"query-input\":{\"@type\":\"PropertyValueSpecification\",\"valueRequired\":true,\"valueName\":\"search_term_string\"}}],\"inLanguage\":\"en-US\"},{\"@type\":\"Person\",\"@id\":\"https:\\\/\\\/akunq.net\\\/turkish\\\/#\\\/schema\\\/person\\\/135e7923d1aeb8887890799619969a6c\",\"name\":\"kalem\",\"image\":{\"@type\":\"ImageObject\",\"inLanguage\":\"en-US\",\"@id\":\"https:\\\/\\\/secure.gravatar.com\\\/avatar\\\/a06875e4b25feb5674296adf8e8a7ae1e587cebce2493fe63c456109967e27d3?s=96&d=mm&r=g\",\"url\":\"https:\\\/\\\/secure.gravatar.com\\\/avatar\\\/a06875e4b25feb5674296adf8e8a7ae1e587cebce2493fe63c456109967e27d3?s=96&d=mm&r=g\",\"contentUrl\":\"https:\\\/\\\/secure.gravatar.com\\\/avatar\\\/a06875e4b25feb5674296adf8e8a7ae1e587cebce2493fe63c456109967e27d3?s=96&d=mm&r=g\",\"caption\":\"kalem\"},\"url\":\"https:\\\/\\\/akunq.net\\\/turkish\\\/author\\\/kalem\\\/\"}]}<\/script>\n<!-- \/ Yoast SEO plugin. -->","yoast_head_json":{"title":"Duyuru - Bati Ermenistan Ve Bati Ermenileri Sorunlari Ara\u015ftirmalar Merkezi","robots":{"index":"index","follow":"follow","max-snippet":"max-snippet:-1","max-image-preview":"max-image-preview:large","max-video-preview":"max-video-preview:-1"},"canonical":"https:\/\/akunq.net\/turkish\/2013\/10\/10\/duyuru\/","og_locale":"en_US","og_type":"article","og_title":"Duyuru - Bati Ermenistan Ve Bati Ermenileri Sorunlari Ara\u015ftirmalar Merkezi","og_description":"\u00a0Prof. Dr. Taner Ak\u00e7am\u2018\u0131n ve \u00dcmit Kurt\u2019un ortak \u00e7al\u0131\u015fmalar\u0131 olan \u201eKanunlar\u0131n Ruhu\u201c adl\u0131 kitap \u00fczerine Akademisyen \u00dcmit Kurt, konferanslar verecektir. Almanya Asuri Demokratik Organizasyonu, Orta Avrupa Asuri Dernekleri Federasyonu ve Soyk\u0131r\u0131m Kar\u015f\u0131tlar\u0131 Derne\u011fi (SKD), \u00a0 Sizleri, \u00dcmit Kurt\u2019un konferans\u0131na kat\u0131lman\u0131z i\u00e7in candandan davet etmektedirler. \u00dcmit Kurt bize, soyk\u0131r\u0131m ve s\u00fcrg\u00fcnlerle Osmanl\u0131 ve onun devam\u0131 olan [&hellip;]","og_url":"https:\/\/akunq.net\/turkish\/2013\/10\/10\/duyuru\/","og_site_name":"Bati Ermenistan Ve Bati Ermenileri Sorunlari Ara\u015ftirmalar Merkezi","article_published_time":"2013-10-10T06:49:26+00:00","og_image":[{"width":440,"height":300,"url":"https:\/\/akunq.net\/turkish\/wp-content\/uploads\/sites\/5\/2013\/10\/Umit-Kurt.jpg","type":"image\/jpeg"}],"author":"kalem","twitter_card":"summary_large_image","twitter_misc":{"Written by":"kalem","Est. reading time":"1 minute"},"schema":{"@context":"https:\/\/schema.org","@graph":[{"@type":"Article","@id":"https:\/\/akunq.net\/turkish\/2013\/10\/10\/duyuru\/#article","isPartOf":{"@id":"https:\/\/akunq.net\/turkish\/2013\/10\/10\/duyuru\/"},"author":{"name":"kalem","@id":"https:\/\/akunq.net\/turkish\/#\/schema\/person\/135e7923d1aeb8887890799619969a6c"},"headline":"Duyuru","datePublished":"2013-10-10T06:49:26+00:00","mainEntityOfPage":{"@id":"https:\/\/akunq.net\/turkish\/2013\/10\/10\/duyuru\/"},"wordCount":298,"commentCount":0,"image":{"@id":"https:\/\/akunq.net\/turkish\/2013\/10\/10\/duyuru\/#primaryimage"},"thumbnailUrl":"http:\/\/akunq.net\/tr\/wp-content\/uploads\/2013\/10\/Umit-Kurt-300x204.jpg","articleSection":["Ermeni Soyk\u0131r\u0131m\u0131","Haberler","Tart\u0131\u015fmalar"],"inLanguage":"en-US","potentialAction":[{"@type":"CommentAction","name":"Comment","target":["https:\/\/akunq.net\/turkish\/2013\/10\/10\/duyuru\/#respond"]}]},{"@type":"WebPage","@id":"https:\/\/akunq.net\/turkish\/2013\/10\/10\/duyuru\/","url":"https:\/\/akunq.net\/turkish\/2013\/10\/10\/duyuru\/","name":"Duyuru - Bati Ermenistan Ve Bati Ermenileri Sorunlari Ara\u015ftirmalar Merkezi","isPartOf":{"@id":"https:\/\/akunq.net\/turkish\/#website"},"primaryImageOfPage":{"@id":"https:\/\/akunq.net\/turkish\/2013\/10\/10\/duyuru\/#primaryimage"},"image":{"@id":"https:\/\/akunq.net\/turkish\/2013\/10\/10\/duyuru\/#primaryimage"},"thumbnailUrl":"http:\/\/akunq.net\/tr\/wp-content\/uploads\/2013\/10\/Umit-Kurt-300x204.jpg","datePublished":"2013-10-10T06:49:26+00:00","author":{"@id":"https:\/\/akunq.net\/turkish\/#\/schema\/person\/135e7923d1aeb8887890799619969a6c"},"breadcrumb":{"@id":"https:\/\/akunq.net\/turkish\/2013\/10\/10\/duyuru\/#breadcrumb"},"inLanguage":"en-US","potentialAction":[{"@type":"ReadAction","target":["https:\/\/akunq.net\/turkish\/2013\/10\/10\/duyuru\/"]}]},{"@type":"ImageObject","inLanguage":"en-US","@id":"https:\/\/akunq.net\/turkish\/2013\/10\/10\/duyuru\/#primaryimage","url":"http:\/\/akunq.net\/tr\/wp-content\/uploads\/2013\/10\/Umit-Kurt-300x204.jpg","contentUrl":"http:\/\/akunq.net\/tr\/wp-content\/uploads\/2013\/10\/Umit-Kurt-300x204.jpg"},{"@type":"BreadcrumbList","@id":"https:\/\/akunq.net\/turkish\/2013\/10\/10\/duyuru\/#breadcrumb","itemListElement":[{"@type":"ListItem","position":1,"name":"Home","item":"https:\/\/akunq.net\/turkish\/"},{"@type":"ListItem","position":2,"name":"Duyuru"}]},{"@type":"WebSite","@id":"https:\/\/akunq.net\/turkish\/#website","url":"https:\/\/akunq.net\/turkish\/","name":"Bati Ermenistan Ve Bati Ermenileri Sorunlari Ara\u015ftirmalar Merkezi","description":"","potentialAction":[{"@type":"SearchAction","target":{"@type":"EntryPoint","urlTemplate":"https:\/\/akunq.net\/turkish\/?s={search_term_string}"},"query-input":{"@type":"PropertyValueSpecification","valueRequired":true,"valueName":"search_term_string"}}],"inLanguage":"en-US"},{"@type":"Person","@id":"https:\/\/akunq.net\/turkish\/#\/schema\/person\/135e7923d1aeb8887890799619969a6c","name":"kalem","image":{"@type":"ImageObject","inLanguage":"en-US","@id":"https:\/\/secure.gravatar.com\/avatar\/a06875e4b25feb5674296adf8e8a7ae1e587cebce2493fe63c456109967e27d3?s=96&d=mm&r=g","url":"https:\/\/secure.gravatar.com\/avatar\/a06875e4b25feb5674296adf8e8a7ae1e587cebce2493fe63c456109967e27d3?s=96&d=mm&r=g","contentUrl":"https:\/\/secure.gravatar.com\/avatar\/a06875e4b25feb5674296adf8e8a7ae1e587cebce2493fe63c456109967e27d3?s=96&d=mm&r=g","caption":"kalem"},"url":"https:\/\/akunq.net\/turkish\/author\/kalem\/"}]}},"_links":{"self":[{"href":"https:\/\/akunq.net\/turkish\/wp-json\/wp\/v2\/posts\/26035","targetHints":{"allow":["GET"]}}],"collection":[{"href":"https:\/\/akunq.net\/turkish\/wp-json\/wp\/v2\/posts"}],"about":[{"href":"https:\/\/akunq.net\/turkish\/wp-json\/wp\/v2\/types\/post"}],"author":[{"embeddable":true,"href":"https:\/\/akunq.net\/turkish\/wp-json\/wp\/v2\/users\/3"}],"replies":[{"embeddable":true,"href":"https:\/\/akunq.net\/turkish\/wp-json\/wp\/v2\/comments?post=26035"}],"version-history":[{"count":0,"href":"https:\/\/akunq.net\/turkish\/wp-json\/wp\/v2\/posts\/26035\/revisions"}],"wp:attachment":[{"href":"https:\/\/akunq.net\/turkish\/wp-json\/wp\/v2\/media?parent=26035"}],"wp:term":[{"taxonomy":"category","embeddable":true,"href":"https:\/\/akunq.net\/turkish\/wp-json\/wp\/v2\/categories?post=26035"},{"taxonomy":"post_tag","embeddable":true,"href":"https:\/\/akunq.net\/turkish\/wp-json\/wp\/v2\/tags?post=26035"}],"curies":[{"name":"wp","href":"https:\/\/api.w.org\/{rel}","templated":true}]}}