{"id":25792,"date":"2013-09-27T04:59:40","date_gmt":"2013-09-27T09:59:40","guid":{"rendered":"http:\/\/akunq.net\/tr\/?p=25792"},"modified":"2013-09-27T04:59:40","modified_gmt":"2013-09-27T09:59:40","slug":"quo-vadimus","status":"publish","type":"post","link":"https:\/\/akunq.net\/turkish\/2013\/09\/27\/quo-vadimus\/","title":{"rendered":"Quo Vadimus"},"content":{"rendered":"<p style=\"text-align: justify\"><b><a href=\"http:\/\/akunq.net\/tr\/wp-content\/uploads\/2013\/09\/Cengiz-Aktar.jpg\"><img loading=\"lazy\" decoding=\"async\" class=\"alignright size-full wp-image-25793\" alt=\"Cengiz Aktar\" src=\"http:\/\/akunq.net\/tr\/wp-content\/uploads\/2013\/09\/Cengiz-Aktar.jpg\" width=\"168\" height=\"244\" \/><\/a><a title=\"Cengiz Aktar\" href=\"http:\/\/www.taraf.com.tr\/cengiz-aktar\/\">Cengiz Aktar<\/a><\/b><\/p>\n<p style=\"text-align: justify\"><b>YERLE\u015e\u0130M YER\u0130 ADLARI<\/b><\/p>\n<p style=\"text-align: justify\">M\u00fczakere edilece\u011fine paket \u00fczerine paket \u00e7\u0131kart\u0131l\u0131yor. Sonuncusu, pazartesi vezir-i azam taraf\u0131ndan a\u00e7\u0131klanacak. Bah\u015fedilecek yeni hak ve h\u00fcrriyetleri co\u015fkuyla bekliyoruz.<\/p>\n<p style=\"text-align: justify\">Paket servisinin ba\u015flang\u0131c\u0131ndan beri K\u00fcrt\u00e7e <b>yerle\u015fim yerlerinin adlar\u0131ndan<\/b> s\u00f6z edilir. Sembolik ama \u00f6nemli bir giri\u015fimdir, her \u015feye ra\u011fmen. Cumhurba\u015fkan\u0131, zaman\u0131nda Bitlis G\u00fcroymak\u2019\u0131n <b>Ermeniceden dev\u015firme Nor\u015fin<\/b> esas ad\u0131n\u0131 kullanm\u0131\u015f idi. Dar\u0131s\u0131 b\u00fct\u00fcn T\u00fcrkeli ve G\u00fczelyurtlar\u0131n ba\u015f\u0131na. Buram buram <b>f\u00fctuhat hakk\u0131<\/b> kokan bu <b>isim meselesinin<\/b> bir de <b>kentsel boyutu<\/b> var. Mis\u00e2len <b>Ermeni vatanda\u015flar\u0131n oturduklar\u0131 mahalleleri yaraya tuz basarcas\u0131na \u0130ttihat\u00e7\u0131 katillerin adlar\u0131yla donatmak gibi<\/b>. Bug\u00fcn memlekette sekiz Talat Pa\u015fa mahallesi, 38 Talat Pa\u015fa cadde veya soka\u011f\u0131, yedi Talat Pa\u015fa okulu, alt\u0131 Talat Pa\u015fa binas\u0131 ve iki Talat Pa\u015fa camii mevcut. Darbeci Kenan Evren ad\u0131na ise 44 cadde veya sokak, 17 de ilim irfan yuvas\u0131 var. Yani daha \u00e7ok paket l\u00e2z\u0131m&#8230; <b><br \/>\n\u00d6LES\u0130YE SEVMEK<\/b><\/p>\n<p style=\"text-align: justify\">Umut Vakf\u0131 y\u0131l\u0131n ilk be\u015f ay\u0131ndaki 644 bireysel silahl\u0131 vakada 742 \u00f6l\u00fcm, 120 yaralama olmak \u00fczere 862 ma\u011fdur kaydetmi\u015f. Ge\u00e7en y\u0131la oranla vakalarda art\u0131\u015f y\u00fczde 12, \u00f6l\u00fcmlerde y\u00fczde 15. <i>Bianet<\/i>\u2019in \u00e7etelesine g\u00f6re y\u0131l\u0131n ilk sekiz ay\u0131nda erkekler 122 kad\u0131n \u00f6ld\u00fcrm\u00fc\u015f, 118 kad\u0131na tecav\u00fcz etmi\u015f, 146 kad\u0131n\u0131 yaralam\u0131\u015f, 117 kad\u0131na cinsel tacizde bulunmu\u015f. <b>Memlekette ya\u015fayan 100.000 ki\u015fide cinayet oran\u0131 y\u00fczde<\/b> <b>11, d\u00fcnya ortalamas\u0131 y\u00fczde<\/b> <b>5. <\/b>\u015eiddet toplumu k\u0131van\u00e7la sunar&#8230;<\/p>\n<p style=\"text-align: justify\">Vak\u0131f \u201c<b><i>silahlar\u0131 kendimizi ve sevdiklerimizi korumak i\u00e7in ediniyoruz<\/i><\/b>\u201d diyenler i\u00e7in \u00e7ok manidar bir noktan\u0131n alt\u0131n\u0131 \u00e7iziyor: <b>Silahseverler en \u00e7ok koruduklar\u0131n\u0131 iddia ettikleri yak\u0131nlar\u0131na silah do\u011frultuyor<\/b>! Genel oran y\u00fczde 44! \u00d6ld\u00fcr\u00fclen kad\u0131nlar\u0131n ise y\u00fczde 83\u2019\u00fc kocalar\u0131 ve sevgilileri taraf\u0131ndan katlediliyor. \u00d6lesiye sevmek b\u00f6yle bir \u015fey zahir.<\/p>\n<p style=\"text-align: justify\">Dellenme katsay\u0131s\u0131 da m\u00fckemmel. \u00d6fke kontrol\u00fc s\u0131f\u0131r, olaylar\u0131n y\u00fczde 53\u2019\u00fc tart\u0131\u015fma \u00fczerine ya\u015fan\u0131yor.<\/p>\n<p style=\"text-align: justify\">\u0130\u015fin mevzuat k\u0131sm\u0131, tabii ki berbat. Silah Kanunu Tasar\u0131s\u0131\u2019nda \u00fc\u00e7 temel madde yetersiz: Edinim i\u00e7in hakl\u0131 bir sebep, ya\u015f s\u0131n\u0131r\u0131 ve bireyin kendi ya da kamu i\u00e7in tehlike arz etmemesi. Yani at\u0131\u015f serbest! <b><br \/>\nT\u00dcRK\u0130YE\u2019N\u0130N \u00d6D\u00dcLLER\u0130<\/b><\/p>\n<p style=\"text-align: justify\">Bu y\u0131lki <b>Hrant Dink \u00d6d\u00fcl\u00fc<\/b>\u2019n\u00fcn yurtd\u0131\u015f\u0131 aya\u011f\u0131n\u0131 kazanan S\u0131rp hukuk\u00e7u ve insan haklar\u0131 savunucusu <b>Nata\u015fa Kandi\u00e7<\/b> mukabil konu\u015fmas\u0131nda \u00f6d\u00fcllerin umumiyetle Bat\u0131\u2019dan geldi\u011fini, bizim co\u011frafyalarda \u00f6d\u00fcllendirmenin pek ender oldu\u011funu vurgulam\u0131\u015ft\u0131. \u00c7ok isabetli bir g\u00f6zlem&#8230; Buralarda hakk\u0131n\u0131 vererek, \u00f6zveride bulunarak i\u015fini yapan \u00f6d\u00fcllendirilmez anca k\u0131skan\u0131l\u0131r ve d\u0131\u015flan\u0131r.<\/p>\n<p style=\"text-align: justify\">Be\u015f y\u0131ld\u0131r her 15 Eyl\u00fcl\u2019de verilen Uluslararas\u0131 Hrant Dink \u00d6d\u00fcl\u00fc\u2019ne her 21 Eyl\u00fcl D\u00fcnya Bar\u0131\u015f G\u00fcn\u00fc\u2019nde verilecek olan <b>Bar\u0131\u015f \u00d6d\u00fcl\u00fc<\/b> kat\u0131ld\u0131 ge\u00e7en pazar. Bu y\u0131lki Bar\u0131\u015f \u00d6d\u00fcl\u00fc <b>Orhan Do\u011fan<\/b> an\u0131s\u0131nayd\u0131. Temennim odur ki, kimseler bar\u0131\u015f demezken g\u00fcler y\u00fcz\u00fcyle bar\u0131\u015f i\u00e7in \u00e7al\u0131\u015fan rahmetli Orhan Do\u011fan\u2019\u0131n ad\u0131 \u00f6d\u00fclde daim\u00ee olsun. <b><br \/>\nYANILARAK \u00d6\u011eRENME(ME)K<br \/>\nKorhan G\u00fcm\u00fc\u015f<\/b> polisten ge\u00e7ilmeyen \u201c<b>Yeni Taksim<\/b>\u201din fahi\u015f m\u00fchendislik hatalar\u0131n\u0131 foto\u011fraflar\u0131yla fa\u015f etti. <b>Kavruk kasabal\u0131 zevki kentlerden intikam almaya devam ediyor.<\/b><\/p>\n<p style=\"text-align: justify\">Ge\u00e7en y\u0131l\u0131n sonuna do\u011fru <b>Sirkeci ile havaalan\u0131<\/b> aras\u0131ndaki hepi topu iki \u015feritli sahil yolunun sa\u011f \u015feridi yo\u011fun saatlerde toplu ta\u015f\u0131maya tahsis edilmi\u015fti. M\u00fcteahhidin biri o fiyakal\u0131 sar\u0131 ETS ikazlar\u0131yla donatm\u0131\u015ft\u0131 \u015feridi. Kentin en kalabal\u0131k yollar\u0131ndan birinde yap\u0131lan bu ameliyat\u0131n ba\u015ftan a\u015fa\u011f\u0131 yanl\u0131\u015f oldu\u011fu a\u00e7\u0131kt\u0131. Bakt\u0131m ge\u00e7en g\u00fcn tahsisli saatler ve ceza tehdidinde bulunan levhalar s\u00f6k\u00fclm\u00fc\u015f. Sizin paran\u0131zla yap\u0131l\u0131yor bu yapbozlar, akl\u0131n\u0131zda olsun. <b><\/p>\n<p><\/b><\/p>\n<p style=\"text-align: justify\"><a href=\"mailto:cengizaktar@gmail.com\"><b><i>cengizaktar@gmail.com<\/i><\/b><\/a><\/p>\n<p style=\"text-align: justify\"><b><i>http:\/\/www.taraf.com.tr\/cengiz-aktar\/makale-cuma-notlari-43.htm<\/i><\/b><\/p>\n<p style=\"text-align: justify\"><b><i>\u00a0<\/i><\/b><\/p>\n","protected":false},"excerpt":{"rendered":"<p>Cengiz Aktar YERLE\u015e\u0130M YER\u0130 ADLARI M\u00fczakere edilece\u011fine paket \u00fczerine paket \u00e7\u0131kart\u0131l\u0131yor. Sonuncusu, pazartesi vezir-i azam taraf\u0131ndan a\u00e7\u0131klanacak. Bah\u015fedilecek yeni hak ve h\u00fcrriyetleri co\u015fkuyla bekliyoruz. Paket servisinin ba\u015flang\u0131c\u0131ndan beri K\u00fcrt\u00e7e yerle\u015fim yerlerinin adlar\u0131ndan s\u00f6z edilir. Sembolik ama \u00f6nemli bir giri\u015fimdir, her \u015feye ra\u011fmen. Cumhurba\u015fkan\u0131, zaman\u0131nda Bitlis G\u00fcroymak\u2019\u0131n Ermeniceden dev\u015firme Nor\u015fin esas ad\u0131n\u0131 kullanm\u0131\u015f idi. Dar\u0131s\u0131 b\u00fct\u00fcn [&hellip;]<\/p>\n","protected":false},"author":3,"featured_media":0,"comment_status":"open","ping_status":"open","sticky":false,"template":"","format":"standard","meta":{"footnotes":""},"categories":[14,26],"tags":[],"class_list":["post-25792","post","type-post","status-publish","format-standard","hentry","category-haberler","category-makaleler"],"yoast_head":"<!-- This site is optimized with the Yoast SEO plugin v26.6 - https:\/\/yoast.com\/wordpress\/plugins\/seo\/ -->\n<title>Quo Vadimus - Bati Ermenistan Ve Bati Ermenileri Sorunlari Ara\u015ftirmalar Merkezi<\/title>\n<meta name=\"robots\" content=\"index, follow, max-snippet:-1, max-image-preview:large, max-video-preview:-1\" \/>\n<link rel=\"canonical\" href=\"https:\/\/akunq.net\/turkish\/2013\/09\/27\/quo-vadimus\/\" \/>\n<meta property=\"og:locale\" content=\"en_US\" \/>\n<meta property=\"og:type\" content=\"article\" \/>\n<meta property=\"og:title\" content=\"Quo Vadimus - Bati Ermenistan Ve Bati Ermenileri Sorunlari Ara\u015ftirmalar Merkezi\" \/>\n<meta property=\"og:description\" content=\"Cengiz Aktar YERLE\u015e\u0130M YER\u0130 ADLARI M\u00fczakere edilece\u011fine paket \u00fczerine paket \u00e7\u0131kart\u0131l\u0131yor. Sonuncusu, pazartesi vezir-i azam taraf\u0131ndan a\u00e7\u0131klanacak. Bah\u015fedilecek yeni hak ve h\u00fcrriyetleri co\u015fkuyla bekliyoruz. Paket servisinin ba\u015flang\u0131c\u0131ndan beri K\u00fcrt\u00e7e yerle\u015fim yerlerinin adlar\u0131ndan s\u00f6z edilir. Sembolik ama \u00f6nemli bir giri\u015fimdir, her \u015feye ra\u011fmen. Cumhurba\u015fkan\u0131, zaman\u0131nda Bitlis G\u00fcroymak\u2019\u0131n Ermeniceden dev\u015firme Nor\u015fin esas ad\u0131n\u0131 kullanm\u0131\u015f idi. Dar\u0131s\u0131 b\u00fct\u00fcn [&hellip;]\" \/>\n<meta property=\"og:url\" content=\"https:\/\/akunq.net\/turkish\/2013\/09\/27\/quo-vadimus\/\" \/>\n<meta property=\"og:site_name\" content=\"Bati Ermenistan Ve Bati Ermenileri Sorunlari Ara\u015ftirmalar Merkezi\" \/>\n<meta property=\"article:published_time\" content=\"2013-09-27T09:59:40+00:00\" \/>\n<meta property=\"og:image\" content=\"https:\/\/akunq.net\/turkish\/wp-content\/uploads\/sites\/5\/2013\/09\/Cengiz-Aktar.jpg\" \/>\n\t<meta property=\"og:image:width\" content=\"168\" \/>\n\t<meta property=\"og:image:height\" content=\"244\" \/>\n\t<meta property=\"og:image:type\" content=\"image\/jpeg\" \/>\n<meta name=\"author\" content=\"kalem\" \/>\n<meta name=\"twitter:card\" content=\"summary_large_image\" \/>\n<meta name=\"twitter:label1\" content=\"Written by\" \/>\n\t<meta name=\"twitter:data1\" content=\"kalem\" \/>\n\t<meta name=\"twitter:label2\" content=\"Est. reading time\" \/>\n\t<meta name=\"twitter:data2\" content=\"3 minutes\" \/>\n<script type=\"application\/ld+json\" class=\"yoast-schema-graph\">{\"@context\":\"https:\/\/schema.org\",\"@graph\":[{\"@type\":\"WebPage\",\"@id\":\"https:\/\/akunq.net\/turkish\/2013\/09\/27\/quo-vadimus\/\",\"url\":\"https:\/\/akunq.net\/turkish\/2013\/09\/27\/quo-vadimus\/\",\"name\":\"Quo Vadimus - Bati Ermenistan Ve Bati Ermenileri Sorunlari Ara\u015ftirmalar Merkezi\",\"isPartOf\":{\"@id\":\"https:\/\/akunq.net\/turkish\/#website\"},\"primaryImageOfPage\":{\"@id\":\"https:\/\/akunq.net\/turkish\/2013\/09\/27\/quo-vadimus\/#primaryimage\"},\"image\":{\"@id\":\"https:\/\/akunq.net\/turkish\/2013\/09\/27\/quo-vadimus\/#primaryimage\"},\"thumbnailUrl\":\"http:\/\/akunq.net\/tr\/wp-content\/uploads\/2013\/09\/Cengiz-Aktar.jpg\",\"datePublished\":\"2013-09-27T09:59:40+00:00\",\"author\":{\"@id\":\"https:\/\/akunq.net\/turkish\/#\/schema\/person\/135e7923d1aeb8887890799619969a6c\"},\"breadcrumb\":{\"@id\":\"https:\/\/akunq.net\/turkish\/2013\/09\/27\/quo-vadimus\/#breadcrumb\"},\"inLanguage\":\"en-US\",\"potentialAction\":[{\"@type\":\"ReadAction\",\"target\":[\"https:\/\/akunq.net\/turkish\/2013\/09\/27\/quo-vadimus\/\"]}]},{\"@type\":\"ImageObject\",\"inLanguage\":\"en-US\",\"@id\":\"https:\/\/akunq.net\/turkish\/2013\/09\/27\/quo-vadimus\/#primaryimage\",\"url\":\"http:\/\/akunq.net\/tr\/wp-content\/uploads\/2013\/09\/Cengiz-Aktar.jpg\",\"contentUrl\":\"http:\/\/akunq.net\/tr\/wp-content\/uploads\/2013\/09\/Cengiz-Aktar.jpg\"},{\"@type\":\"BreadcrumbList\",\"@id\":\"https:\/\/akunq.net\/turkish\/2013\/09\/27\/quo-vadimus\/#breadcrumb\",\"itemListElement\":[{\"@type\":\"ListItem\",\"position\":1,\"name\":\"Home\",\"item\":\"https:\/\/akunq.net\/turkish\/\"},{\"@type\":\"ListItem\",\"position\":2,\"name\":\"Quo Vadimus\"}]},{\"@type\":\"WebSite\",\"@id\":\"https:\/\/akunq.net\/turkish\/#website\",\"url\":\"https:\/\/akunq.net\/turkish\/\",\"name\":\"Bati Ermenistan Ve Bati Ermenileri Sorunlari Ara\u015ftirmalar Merkezi\",\"description\":\"\",\"potentialAction\":[{\"@type\":\"SearchAction\",\"target\":{\"@type\":\"EntryPoint\",\"urlTemplate\":\"https:\/\/akunq.net\/turkish\/?s={search_term_string}\"},\"query-input\":{\"@type\":\"PropertyValueSpecification\",\"valueRequired\":true,\"valueName\":\"search_term_string\"}}],\"inLanguage\":\"en-US\"},{\"@type\":\"Person\",\"@id\":\"https:\/\/akunq.net\/turkish\/#\/schema\/person\/135e7923d1aeb8887890799619969a6c\",\"name\":\"kalem\",\"image\":{\"@type\":\"ImageObject\",\"inLanguage\":\"en-US\",\"@id\":\"https:\/\/akunq.net\/turkish\/#\/schema\/person\/image\/\",\"url\":\"https:\/\/secure.gravatar.com\/avatar\/a06875e4b25feb5674296adf8e8a7ae1e587cebce2493fe63c456109967e27d3?s=96&d=mm&r=g\",\"contentUrl\":\"https:\/\/secure.gravatar.com\/avatar\/a06875e4b25feb5674296adf8e8a7ae1e587cebce2493fe63c456109967e27d3?s=96&d=mm&r=g\",\"caption\":\"kalem\"},\"url\":\"https:\/\/akunq.net\/turkish\/author\/kalem\/\"}]}<\/script>\n<!-- \/ Yoast SEO plugin. -->","yoast_head_json":{"title":"Quo Vadimus - Bati Ermenistan Ve Bati Ermenileri Sorunlari Ara\u015ftirmalar Merkezi","robots":{"index":"index","follow":"follow","max-snippet":"max-snippet:-1","max-image-preview":"max-image-preview:large","max-video-preview":"max-video-preview:-1"},"canonical":"https:\/\/akunq.net\/turkish\/2013\/09\/27\/quo-vadimus\/","og_locale":"en_US","og_type":"article","og_title":"Quo Vadimus - Bati Ermenistan Ve Bati Ermenileri Sorunlari Ara\u015ftirmalar Merkezi","og_description":"Cengiz Aktar YERLE\u015e\u0130M YER\u0130 ADLARI M\u00fczakere edilece\u011fine paket \u00fczerine paket \u00e7\u0131kart\u0131l\u0131yor. Sonuncusu, pazartesi vezir-i azam taraf\u0131ndan a\u00e7\u0131klanacak. Bah\u015fedilecek yeni hak ve h\u00fcrriyetleri co\u015fkuyla bekliyoruz. Paket servisinin ba\u015flang\u0131c\u0131ndan beri K\u00fcrt\u00e7e yerle\u015fim yerlerinin adlar\u0131ndan s\u00f6z edilir. Sembolik ama \u00f6nemli bir giri\u015fimdir, her \u015feye ra\u011fmen. Cumhurba\u015fkan\u0131, zaman\u0131nda Bitlis G\u00fcroymak\u2019\u0131n Ermeniceden dev\u015firme Nor\u015fin esas ad\u0131n\u0131 kullanm\u0131\u015f idi. Dar\u0131s\u0131 b\u00fct\u00fcn [&hellip;]","og_url":"https:\/\/akunq.net\/turkish\/2013\/09\/27\/quo-vadimus\/","og_site_name":"Bati Ermenistan Ve Bati Ermenileri Sorunlari Ara\u015ftirmalar Merkezi","article_published_time":"2013-09-27T09:59:40+00:00","og_image":[{"width":168,"height":244,"url":"https:\/\/akunq.net\/turkish\/wp-content\/uploads\/sites\/5\/2013\/09\/Cengiz-Aktar.jpg","type":"image\/jpeg"}],"author":"kalem","twitter_card":"summary_large_image","twitter_misc":{"Written by":"kalem","Est. reading time":"3 minutes"},"schema":{"@context":"https:\/\/schema.org","@graph":[{"@type":"WebPage","@id":"https:\/\/akunq.net\/turkish\/2013\/09\/27\/quo-vadimus\/","url":"https:\/\/akunq.net\/turkish\/2013\/09\/27\/quo-vadimus\/","name":"Quo Vadimus - Bati Ermenistan Ve Bati Ermenileri Sorunlari Ara\u015ftirmalar Merkezi","isPartOf":{"@id":"https:\/\/akunq.net\/turkish\/#website"},"primaryImageOfPage":{"@id":"https:\/\/akunq.net\/turkish\/2013\/09\/27\/quo-vadimus\/#primaryimage"},"image":{"@id":"https:\/\/akunq.net\/turkish\/2013\/09\/27\/quo-vadimus\/#primaryimage"},"thumbnailUrl":"http:\/\/akunq.net\/tr\/wp-content\/uploads\/2013\/09\/Cengiz-Aktar.jpg","datePublished":"2013-09-27T09:59:40+00:00","author":{"@id":"https:\/\/akunq.net\/turkish\/#\/schema\/person\/135e7923d1aeb8887890799619969a6c"},"breadcrumb":{"@id":"https:\/\/akunq.net\/turkish\/2013\/09\/27\/quo-vadimus\/#breadcrumb"},"inLanguage":"en-US","potentialAction":[{"@type":"ReadAction","target":["https:\/\/akunq.net\/turkish\/2013\/09\/27\/quo-vadimus\/"]}]},{"@type":"ImageObject","inLanguage":"en-US","@id":"https:\/\/akunq.net\/turkish\/2013\/09\/27\/quo-vadimus\/#primaryimage","url":"http:\/\/akunq.net\/tr\/wp-content\/uploads\/2013\/09\/Cengiz-Aktar.jpg","contentUrl":"http:\/\/akunq.net\/tr\/wp-content\/uploads\/2013\/09\/Cengiz-Aktar.jpg"},{"@type":"BreadcrumbList","@id":"https:\/\/akunq.net\/turkish\/2013\/09\/27\/quo-vadimus\/#breadcrumb","itemListElement":[{"@type":"ListItem","position":1,"name":"Home","item":"https:\/\/akunq.net\/turkish\/"},{"@type":"ListItem","position":2,"name":"Quo Vadimus"}]},{"@type":"WebSite","@id":"https:\/\/akunq.net\/turkish\/#website","url":"https:\/\/akunq.net\/turkish\/","name":"Bati Ermenistan Ve Bati Ermenileri Sorunlari Ara\u015ftirmalar Merkezi","description":"","potentialAction":[{"@type":"SearchAction","target":{"@type":"EntryPoint","urlTemplate":"https:\/\/akunq.net\/turkish\/?s={search_term_string}"},"query-input":{"@type":"PropertyValueSpecification","valueRequired":true,"valueName":"search_term_string"}}],"inLanguage":"en-US"},{"@type":"Person","@id":"https:\/\/akunq.net\/turkish\/#\/schema\/person\/135e7923d1aeb8887890799619969a6c","name":"kalem","image":{"@type":"ImageObject","inLanguage":"en-US","@id":"https:\/\/akunq.net\/turkish\/#\/schema\/person\/image\/","url":"https:\/\/secure.gravatar.com\/avatar\/a06875e4b25feb5674296adf8e8a7ae1e587cebce2493fe63c456109967e27d3?s=96&d=mm&r=g","contentUrl":"https:\/\/secure.gravatar.com\/avatar\/a06875e4b25feb5674296adf8e8a7ae1e587cebce2493fe63c456109967e27d3?s=96&d=mm&r=g","caption":"kalem"},"url":"https:\/\/akunq.net\/turkish\/author\/kalem\/"}]}},"_links":{"self":[{"href":"https:\/\/akunq.net\/turkish\/wp-json\/wp\/v2\/posts\/25792","targetHints":{"allow":["GET"]}}],"collection":[{"href":"https:\/\/akunq.net\/turkish\/wp-json\/wp\/v2\/posts"}],"about":[{"href":"https:\/\/akunq.net\/turkish\/wp-json\/wp\/v2\/types\/post"}],"author":[{"embeddable":true,"href":"https:\/\/akunq.net\/turkish\/wp-json\/wp\/v2\/users\/3"}],"replies":[{"embeddable":true,"href":"https:\/\/akunq.net\/turkish\/wp-json\/wp\/v2\/comments?post=25792"}],"version-history":[{"count":0,"href":"https:\/\/akunq.net\/turkish\/wp-json\/wp\/v2\/posts\/25792\/revisions"}],"wp:attachment":[{"href":"https:\/\/akunq.net\/turkish\/wp-json\/wp\/v2\/media?parent=25792"}],"wp:term":[{"taxonomy":"category","embeddable":true,"href":"https:\/\/akunq.net\/turkish\/wp-json\/wp\/v2\/categories?post=25792"},{"taxonomy":"post_tag","embeddable":true,"href":"https:\/\/akunq.net\/turkish\/wp-json\/wp\/v2\/tags?post=25792"}],"curies":[{"name":"wp","href":"https:\/\/api.w.org\/{rel}","templated":true}]}}