{"id":25595,"date":"2013-09-18T04:16:20","date_gmt":"2013-09-18T09:16:20","guid":{"rendered":"http:\/\/akunq.net\/tr\/?p=25595"},"modified":"2013-09-18T04:16:20","modified_gmt":"2013-09-18T09:16:20","slug":"belki-daglik-karabagin-taninma-zamani-gelmistir","status":"publish","type":"post","link":"https:\/\/akunq.net\/turkish\/2013\/09\/18\/belki-daglik-karabagin-taninma-zamani-gelmistir\/","title":{"rendered":"Belki Da\u011fl\u0131k Karaba\u011f\u2019\u0131n tan\u0131nma zaman\u0131 gelmi\u015ftir"},"content":{"rendered":"<p style=\"text-align: justify\"><b><a href=\"http:\/\/akunq.net\/tr\/wp-content\/uploads\/2013\/09\/Rag\u0131p-ZARAKOLU.jpg\"><img loading=\"lazy\" decoding=\"async\" class=\"alignright size-full wp-image-25596\" alt=\"Rag\u0131p ZARAKOLU\" src=\"http:\/\/akunq.net\/tr\/wp-content\/uploads\/2013\/09\/Rag\u0131p-ZARAKOLU.jpg\" width=\"275\" height=\"183\" \/><\/a>Rag\u0131p ZARAKOLU<\/b><\/p>\n<p style=\"text-align: justify\">Armenian Weekly, ge\u00e7enlerde Da\u011fl\u0131k Karaba\u011f Cumhuriyeti\u2019nin ba\u011f\u0131ms\u0131zl\u0131\u011f\u0131n\u0131 ilan etmesinin 25. y\u0131ld\u00f6n\u00fcm\u00fc \u00f6ncesinde ilgin\u00e7 bir de\u011ferlendirme yay\u0131nlad\u0131. Kuzey K\u0131br\u0131s T\u00fcrk Cumhuriyeti ise uluslararas\u0131 camia taraf\u0131ndan tan\u0131nmadan 40.y\u0131l\u0131n\u0131 dolduracak gelecek y\u0131l&#8230;\u00a0 Kuzey Irak K\u00fcrdistan Federe Devleti ise, fiilen ba\u011f\u0131ms\u0131z bir devlet, uluslararas\u0131 camia taraf\u0131ndan tan\u0131nma a\u00e7\u0131s\u0131ndan. Bu nedenle bu iki \u00f6rne\u011fe oranla daha \u015fansl\u0131 bir durumda. DKC, 25 y\u0131l \u00f6nce, bir direni\u015f sava\u015f\u0131 y\u00fcr\u00fcterek, kendi hakk\u0131n\u0131 belirleme hakk\u0131n\u0131 kulland\u0131. Nas\u0131l Azerbeycan SSCB\u2019den ayr\u0131l\u0131rken bu hakk\u0131 kullanm\u0131\u015f ise&#8230;<br \/>\nArmenin Weekly, \u201cSarkisian Y\u00f6netimi\u2019nin olumlu yorumlanabilecek icraatlar\u0131 \u00e7ok ender g\u00f6r\u00fcl\u00fcyor. Ne var ki, Cumhurba\u015fkan\u0131 Sarkisian\u2019\u0131n tarihsel Bat\u0131 Ermenistan topraklar\u0131m\u0131z\u0131n iadesine yakla\u015f\u0131m\u0131ndaki belirgin de\u011fi\u015fiklik, tam bir s\u00fcrpriz olsa da \u00e7ok gecikmi\u015f bir hamle\u201d diye yorumda bulunuyor ve \u015f\u00f6yle devam ediyor: \u201cBesbelli ki, Ermenistan Cumhuriyeti Ba\u015fsavc\u0131s\u0131 Aghvan Hovsepyan, Ermenistan\u2019\u0131n bu topraklardaki taleplerini sa\u011flam hukuksal bir zemine oturtma gereksinimini vurgulayacak \u00f6nc\u00fc olarak se\u00e7ilmi\u015f. Bu a\u00e7\u0131k ihtiya\u00e7 her zaman mevcuttu; ama \u015fimdi Yerevan taraf\u0131ndan alenen desteklenmesi dinamikleri de\u011fi\u015ftiriyor. Bu politika de\u011fi\u015fikli\u011finin \u00f6nemi, T\u00fcrk D\u0131\u015fi\u015fleri Bakan\u0131 Ahmet Davuto\u011flu\u2019nun Yarevan\u2019\u0131 uyarmak i\u00e7in alelacele cevap vermesinden anla\u015f\u0131l\u0131yor: T\u00fcrkiye\u2019den toprak talebini\u00a0 \u201c&#8230;d\u00fc\u015f\u00fcnmek [bile] mevzubahis olamaz.\u201d<br \/>\nArmenin Weekly\u2019nin yorumunun \u00e7evirisini\u00a0a\u015fa\u011f\u0131da\u00a0sunmak istiyorum: \u201cYarevan\u2019\u0131n bu g\u00f6r\u00fcn\u00fcrdeki rota de\u011fi\u015fikli\u011fi, Da\u011fl\u0131k Karaba\u011f\u2019daki durumu yeniden d\u00fc\u015f\u00fcnme zaman\u0131n\u0131n geldi\u011fini d\u00fc\u015f\u00fcnd\u00fcrebilir. 1994 ate\u015fkesinden beri yakla\u015f\u0131k 20 y\u0131lda, Da\u011fl\u0131k Karaba\u011f Azeri ordusunun harap etti\u011fi altyap\u0131y\u0131 onarmakta ilerleme kaydetti. Ayr\u0131ca, yeterli girdilerin sa\u011flanmas\u0131 halinde h\u0131zla b\u00fcy\u00fcyebilecek bir ekonomik sisteminin kurulmas\u0131n\u0131n yan\u0131nda, demokratik ilkler temelinde bir h\u00fck\u00fcmet de olu\u015fturuldu. Bu ilerleme ne kadar \u00f6vg\u00fcye lay\u0131k olursa olsun, Da\u011fl\u0131k Karaba\u011f\u2019\u0131n 20 y\u0131l daha altyap\u0131n\u0131n geli\u015ftirilmesi ve ekonomik kalk\u0131nmada ayn\u0131 d\u00fc\u015f\u00fck oran\u0131 s\u00fcrd\u00fcrmesine izin veremeyiz. Buran\u0131n kalk\u0131nmas\u0131n\u0131 h\u0131zland\u0131rmak hayati bir ihtiya\u00e7t\u0131r. Bu hedefi tutturacak daha agresif bir politika olu\u015fturman\u0131n zaman\u0131 gelmi\u015f olabilir.<br \/>\nHer t\u00fcrl\u00fc politikan\u0131n \u00f6nemli bir bile\u015feni, n\u00fcfus art\u0131\u015f\u0131 ve Da\u011fl\u0131k Karaba\u011f\u2019\u0131n stratejik ihtiya\u00e7lar\u0131n\u0131 kar\u015f\u0131layacak planl\u0131 bir yerle\u015fim modelini h\u0131zla hayata ge\u00e7irmektir. Suriye\u2019deki durum, Da\u011fl\u0131k Karaba\u011f\u2019\u0131n Ka\u015fatag b\u00f6lgesinde baz\u0131 yeni yerle\u015fimler kuran Ermenilerin k\u00fc\u00e7\u00fck bir i\u00e7 g\u00f6\u00e7\u00fcne neden olmu\u015ftur. Ne var ki, bu son yerle\u015fimciler 1994\u2019den beri 20 y\u0131lda olu\u015fan durumu dikkate de\u011fer \u00f6l\u00e7\u00fclerde de\u011fi\u015ftirmemi\u015ftir; say\u0131lar\u0131 ve da\u011f\u0131l\u0131m\u0131 y\u00f6n\u00fcnden bu n\u00fcfus hemen hemen dura\u011fand\u0131r. Hem ekonomik kalk\u0131nma, hem de mekansal b\u00fct\u00fcnle\u015fme (Da\u011fl\u0131k Karaba\u011f\u2019\u0131n farkl\u0131 b\u00f6lgelerini birbirine etkili bir bi\u00e7imde ba\u011flama ihtiyac\u0131) s\u00fcrd\u00fcr\u00fclebilir bir y\u0131ll\u0131k n\u00fcfus art\u0131\u015f\u0131n\u0131n korunmas\u0131na ve \u00fclkenin ekonomik ve askeri hedeflerini kar\u015f\u0131layacak bir yerle\u015fim modelinin olu\u015fturulmas\u0131na do\u011frudan ba\u011f\u0131ml\u0131d\u0131r.<br \/>\nHemen Ermenistan\u2019\u0131n Da\u011fl\u0131k Karaba\u011f konusunda b\u00f6yle bir agresif politikay\u0131 a\u00e7\u0131k\u00e7a destekleyecek iradeye de etkiye de sahip olmad\u0131\u011f\u0131n\u0131 s\u00f6yleyenler \u00e7\u0131kacakt\u0131r. Pekala, mevcut y\u00f6netimin bir yetkilisinin sa\u011flam bir hukuksal zeminde T\u00fcrkiye\u2019den toprak talebimizi dile getirmesinin Yarevan\u2019\u0131n Da\u011fl\u0131k Karaba\u011f i\u00e7in \u00f6ng\u00f6r\u00fclenden \u00e7ok daha agresif bir duru\u015f oldu\u011fu g\u00f6r\u00fcl\u00fcyor. \u00d6yle olsa da bu pekala Da\u011fl\u0131k Karaba\u011f\u2019\u0131n sosyo-ekonomik altyap\u0131s\u0131 ve ekonomisinin geli\u015fmesini h\u0131zland\u0131rarak, i\u00e7 g\u00f6\u00e7\u00fc ve yeni yerle\u015fimlerin stratejik yap\u0131lanmas\u0131n\u0131 te\u015fvik etmesinin tam zaman\u0131d\u0131r. Ba\u015fkent \u00e7evresinde (Stepanakert ve \u015eu\u015fi) devam eden n\u00fcfus yo\u011funla\u015fmas\u0131n\u0131n ekonomik ve askeri a\u00e7\u0131dan hassasiyeti ortaya \u00e7\u0131kacakt\u0131r. Bu n\u00fcfus ve ekonomik faaliyet yo\u011funlu\u011fu, Da\u011fl\u0131k Karaba\u011f\u2019\u0131n sald\u0131r\u0131ya daha a\u00e7\u0131k hale gelmesine neden olur. Ayn\u0131 zamanda, haks\u0131z bir bi\u00e7imde kaynaklar\u0131n k\u0131rsal b\u00f6lgelerin aleyhine merkez b\u00f6lgeye tahsis edilmesi e\u011filimini do\u011furur. E\u011fer gelecek 20 y\u0131lda da ilk 20 y\u0131lda tan\u0131k oldu\u011fumuz ayn\u0131 yava\u015f, ama \u00f6vg\u00fcye lay\u0131k kalk\u0131nma h\u0131z\u0131n\u0131 s\u00fcrd\u00fcr\u00fcrsek, Da\u011fl\u0131k Karaba\u011f\u2019\u0131n net bir n\u00fcfus kayb\u0131 ya\u015famas\u0131 m\u00fcmk\u00fcnd\u00fcr. Bu, d\u00fc\u015f\u00fcn\u00fclmesi gereken siyasal bak\u0131mdan tehlikeli bir durumdur.<\/p>\n<p style=\"text-align: justify\">Da\u011fl\u0131k Karaba\u011f bizimdir. Da\u011fl\u0131k Karaba\u011f\u2019\u0131n bizim olarak kalmas\u0131n\u0131 sa\u011flamak bizim sorumlulu\u011fumuzdad\u0131r. Bu, s\u00f6z konusu ger\u00e7e\u011fi yans\u0131tan bir kalk\u0131nma program\u0131n\u0131n benimsenmesini gerektirir. Azerbaycan ve T\u00fcrkiye, Da\u011fl\u0131k Karaba\u011f\u2019\u0131n ya\u015fayabilirli\u011fini art\u0131ran her inisiyatife elbette itiraz edecek, bunu bo\u011fmak i\u00e7in ellerindeki her arac\u0131 kullanacaklard\u0131r. Giri\u015fimlerimizin gerek Bak\u00fc\u2019n\u00fcn, gerek Ankara\u2019n\u0131n yan\u0131lt\u0131c\u0131 iddialar\u0131 ya da askeri harekat tehditleriyle bo\u015fa \u00e7\u0131kar\u0131lmas\u0131na izin veremeyiz. Ermenistan ve Da\u011fl\u0131k Karaba\u011f i\u00e7in adaletten \u00e7ok kendi jeostratejik \u00e7\u0131karlar\u0131na sar\u0131lan \u00fclkelerin muhtemel diplomatik bask\u0131lar\u0131 da bizi g\u00f6revlerimizi yapmaktan al\u0131koymamal\u0131d\u0131r.<br \/>\n\u0130lk ad\u0131m, Karaba\u011f Ermenilerinin sa\u011flam bir hukuksal zeminde ba\u011f\u0131ms\u0131zl\u0131k ilan etme haklar\u0131n\u0131n teslim edilmesidir. Bu benim \u0131srarla savundu\u011fum bir hedeftir. Karaba\u011f Ermenilerinin bu deklarasyonunun eski Sovyet anayasas\u0131 m\u0131, uluslar\u0131n kaderlerini tayin hakk\u0131 m\u0131, yoksa ayr\u0131l\u0131k \u00e7\u00f6z\u00fcm\u00fc ilkesi \u0131\u015f\u0131\u011f\u0131nda m\u0131 yap\u0131laca\u011f\u0131n\u0131 belirlemek,\u00a0 Stepanakert taraf\u0131ndan toplanacak ve ARF ile birlikte di\u011fer siyasal partilerce desteklenecek konuyla ilgili uzmanlara kalm\u0131\u015ft\u0131r (bu Yeravan\u2019\u0131n \u00fcstlenmesi gereken bir g\u00f6revdir).\u00a0 Hukuksal zemin belirlenir belirlenmez, m\u00fczakerelerin oturtuldu\u011fu mevcut ilkeler \u0131skartaya \u00e7\u0131kacakt\u0131r. Zamanla hangi n\u00fcanslar\u0131 kazanm\u0131\u015f olursa olsun, bu ilkelerin Da\u011fl\u0131k Karaba\u011f i\u00e7in de jure ba\u011f\u0131ms\u0131zl\u0131k olas\u0131l\u0131\u011f\u0131n\u0131 hi\u00e7bir zaman kar\u015f\u0131lamad\u0131\u011f\u0131n\u0131 not edelim.<br \/>\nErmenistan ve Karaba\u011f\u2019\u0131n birlikte k\u00fc\u00e7\u00fck y\u00fcz\u00f6l\u00e7\u00fcmleriyle k\u0131yaslanmayacak kadar \u00f6nemli bir jeostratejik konuma dayal\u0131 belli bir a\u011f\u0131rl\u0131k ta\u015f\u0131d\u0131\u011f\u0131 ger\u00e7e\u011fini g\u00f6zden uzak tutamay\u0131z. Da\u011fl\u0131k Karaba\u011f\u2019\u0131n ba\u011f\u0131ms\u0131zl\u0131\u011f\u0131 herhangi bir a\u00e7\u0131dan ba\u015far\u0131s\u0131z olursa (yani, Stepanakert\u2018in mevcut yetki alan\u0131ndaki b\u00f6lgeye ba\u011f\u0131ms\u0131zl\u0131k verilmezse), bunun hem Amerika Birle\u015fik Devletleri ve Bat\u0131 Avrupa \u00fclkeleri gibi uzakta kalanlara, hem de G\u00fcney Kafkasya\u2019ya kom\u015fu her \u00fclkede muazzam bir etkisi olacakt\u0131r.<br \/>\nB\u00f6yle bir durumda, Ermenistan\u2019\u0131n m\u00fcttefiki ve g\u00fcya hamisi Rusya\u2019n\u0131n ka\u011f\u0131ttan kaplan oldu\u011fu g\u00f6r\u00fclecektir. Onun G\u00fcney Kafkasya\u2019daki etkisi onar\u0131lamaz bir yara alacakt\u0131r. Kafkaslar\u0131n kuzey yamac\u0131ndaki i\u00e7in i\u00e7in kaynayan M\u00fcsl\u00fcman vilayetler, bu durumu ba\u011f\u0131ms\u0131zl\u0131k m\u00fccadelelerini tekrar ba\u015flatma ya da yo\u011funla\u015ft\u0131rma f\u0131rsat\u0131 olarak g\u00f6rebilirler. \u015eubat 2014\u2019te ba\u015flayacak So\u00e7i K\u0131\u015f Olimpiyatlar\u0131, \u015fimdiden \u00c7e\u00e7en asi lider Doku Umarov taraf\u0131ndan hedef tahtas\u0131na konulmu\u015ftur.\u00a0 Da\u011fl\u0131k Karaba\u011f\u2019\u0131n ba\u015far\u0131s\u0131zl\u0131\u011f\u0131ndan en b\u00fcy\u00fck yarar\u0131 sa\u011flayacak olan T\u00fcrkiye, Orta Asya\u2019da Rusya (ve \u0130ran) ile rekabet etmek i\u00e7in b\u00fct\u00fcn Hazar Denizi\u2019ni i\u00e7ine alacak \u015fekilde G\u00fcney Kafkasya\u2019daki ekonomik ve siyasal etkisini geni\u015fletmek i\u00e7in elini g\u00fc\u00e7lendirecektir. \u0130ran, T\u00fcrkiye ve Azerbaycan\u2019a kom\u015fu kuzeybat\u0131 b\u00f6lgesinde ve T\u00fcrkmenistan\u2019la s\u0131n\u0131r kuzeydo\u011fuda muhtemel etnik sorunlarla bo\u011fu\u015fabilecektir. Ne var ki, \u015fu anda \u0130ran\u2019daki b\u00fcy\u00fck Azeri az\u0131nl\u0131\u011f\u0131 Tahran\u2019la makul bir uyum i\u00e7indedir. T\u00fcrkiye\u2019nin b\u00fcy\u00fck Ortado\u011fu b\u00f6lgesindeki ba\u015fl\u0131ca rakibi olarak,\u00a0 Ankara\u2019n\u0131n gerek Suriye, Irak, L\u00fcbnan, gerekse G\u00fcney Kafkasya\u2019daki etkisinde herhangi bir art\u0131\u015f, \u0130ran\u2019\u0131n b\u00f6lgedeki \u00e7\u0131karlar\u0131na do\u011frudan bir tehdit olacakt\u0131r. Ermenistan\u2019a gelince, bu \u00fclkenin G\u00fcney Kafkasya\u2019daki etkisi kal\u0131c\u0131 bi\u00e7imde ciddi olarak azalacakt\u0131r. Javakheti Ermenileri ve T\u00fcrkiye\u2019nin gizli Ermenileri de bundan ikincil derecede zararl\u0131 \u00e7\u0131kabilirler.<br \/>\nNihayet, Da\u011fl\u0131k Karaba\u011f\u2019\u0131n felaket boyutlar\u0131na varan kayb\u0131n\u0131n son dalgas\u0131, 7.000 azatamartikimizin [\u00f6zg\u00fcrl\u00fck sava\u015f\u00e7\u0131lar\u0131] ve Hai Tahd\u2019\u0131n [Ermeni davas\u0131] itibar\u0131n\u0131n gereksiz kayb\u0131 olacakt\u0131r. E\u011fer Da\u011fl\u0131k Karaba\u011f ba\u015far\u0131s\u0131z olursa, Ermenilerin Hai Tahd\u2019\u0131 ula\u015f\u0131labilir hedefler dizisini temsil etti\u011fi i\u00e7in benimsemeyi s\u00fcrd\u00fcreceklerine inanmak ger\u00e7ek\u00e7i olur muydu?<br \/>\nGelecek 20 y\u0131l\u0131n Da\u011fl\u0131k Karaba\u011f\u2019\u0131n n\u00fcfusunu art\u0131r\u0131p sosyal ve ekonomik altyap\u0131s\u0131n\u0131 iyile\u015ftirmeyi h\u0131zland\u0131rmak i\u00e7in kapsaml\u0131 bir politikadan yoksun olarak ge\u00e7irilmesine izin veremeyiz.\u00a0 Da\u011fl\u0131k Karaba\u011f, sadece Hai Tahd\u2019\u0131n de\u011fil ama Ermenistan\u2019\u0131n gelece\u011finin de anahtar\u0131d\u0131r. Uzun s\u00fcredir diasporada mayreni yergir\u2019lerine [anavatan] geri d\u00f6nme \u00f6zlemi ya\u015fayanlar gibi, yeni d\u0131\u015f g\u00f6\u00e7menlerin de bir f\u0131rsat topra\u011f\u0131 olarak evlerine geri d\u00f6n\u00fc\u015f\u00fcn\u00fc cazip k\u0131labilecek gelece\u011fin s\u0131n\u0131r\u0131d\u0131r buras\u0131.<br \/>\nDa\u011fl\u0131k Karaba\u011f\u2019\u0131 kalk\u0131nd\u0131racak b\u00f6yle bir agresif politikaya Minsk Grubu ya da [ABD] Kongresi Ermeni Grubu\u2019nun nas\u0131l cevap verece\u011fi, tahmin edilip gerekti\u011fi gibi tepki g\u00f6sterilmesi gereken bir konudur. Da\u011fl\u0131k Karaba\u011f\u2019\u0131n ba\u011f\u0131ms\u0131zl\u0131k ilan\u0131n\u0131n desteklenmesi i\u00e7in g\u00fc\u00e7l\u00fc bir hukuksal, ahlaki ve tarihsel g\u00f6r\u00fc\u015f\u00fcn haz\u0131rlanmas\u0131 bu nedenle gereklidir. Bak\u00fc\u2019ye gelince, bu ba\u015fkentin uygulamaya koyaca\u011f\u0131 sadece birka\u00e7 s\u00fcrd\u00fcr\u00fclebilir se\u00e7enek mevcut. Bak\u00fc, en sonunda ger\u00e7ekleri kabul edip Da\u011fl\u0131k Karaba\u011f\u2019\u0131 kom\u015fusu olarak tan\u0131yacak. E\u011fer bu Aliyev\u2019in kabul edebilece\u011fi k\u0131rm\u0131z\u0131 \u00e7izgiyi a\u015farsa, o zaman Aliyev\u2019in geriye kalan se\u00e7ene\u011fi s\u0131k s\u0131k tehdit savurdu\u011fu gibi orduyu harekete ge\u00e7irmek olacakt\u0131r. Ne yaz\u0131k ki, Aliyev bile askeri harekat\u0131n kara birliklerinin ger\u00e7ek muharebe \u015fartlar\u0131nda sadakat ile imkan ve kabiliyetlerinden ba\u015flayarak, \u00e7at\u0131\u015fmalar\u0131n yeniden ba\u015flamas\u0131na sivil halk\u0131n destek verip vermeyece\u011fine ve ordusunun ilk 72 saatte Da\u011fl\u0131k Karaba\u011f\u2019\u0131n savunmas\u0131n\u0131 yarma yetene\u011fine kadar bir\u00e7ok bilinmeyenle dolu oldu\u011funu anlamas\u0131 gerekir. Bu son hedef neredeyse bir gerekliliktir; \u00e7\u00fcnk\u00fc \u00e7ok say\u0131da ilgili \u00fclkeden derhal ate\u015fkes yap\u0131lmas\u0131 y\u00f6n\u00fcnde bask\u0131 gelecektir.<br \/>\nKafkasya tarihsel bir barut f\u0131\u00e7\u0131s\u0131d\u0131r. \u0130kinci bir \u00e7at\u0131\u015fma b\u00fct\u00fcn b\u00f6lgeyi tutu\u015fturabilecek bir k\u0131v\u0131lc\u0131m \u00e7akabilir. Ne Rusya, \u0130ran, T\u00fcrkiye, Amerika Birle\u015fik Devletleri, ne Bat\u0131 Avrupa ne de \u00e7e\u015fitli b\u00fcy\u00fck \u015firketlerin \u00e7\u0131karlar\u0131 gerek yay\u0131lan, gerekse uzun bir \u00e7at\u0131\u015fmadan yararlanmak isteyebilir &#8211; ya da yararlanabilir. Bunun beklenmedik sonu\u00e7lar\u0131 Pandora\u2019n\u0131n kutusunun talihsiz bir \u015fekilde a\u00e7\u0131lmas\u0131na benzeyecektir.<br \/>\nDa\u011fl\u0131k Karaba\u011f i\u00e7in agresif bir kalk\u0131nma politikas\u0131 izlemekle kar\u015f\u0131la\u015fabilece\u011fimiz herhangi bir tehlike, hayati ulusal \u00e7\u0131karlar\u0131m\u0131z\u0131 korumak i\u00e7in ba\u015fkalar\u0131na bel ba\u011flaman\u0131n yol a\u00e7aca\u011f\u0131 tehlikeden \u00f6nemli \u00f6l\u00e7\u00fcde k\u00fc\u00e7\u00fck kalacakt\u0131r.<\/p>\n<p style=\"text-align: justify\"><b><i>http:\/\/www.ozgur-gundem.com\/index.php?haberID=83777&amp;haberBaslik=Belki%20Da%C4%9Fl%C4%B1k%20Karaba%C4%9F%E2%80%99%C4%B1n%20tan%C4%B1nma%20zaman%C4%B1%20gelmi%C5%9Ftir&amp;action=haber_detay&amp;module=nuce&amp;authorName=Rag%C4%B1p%20ZARAKOLU&amp;authorID=139<\/i><\/b><\/p>\n","protected":false},"excerpt":{"rendered":"<p>Rag\u0131p ZARAKOLU Armenian Weekly, ge\u00e7enlerde Da\u011fl\u0131k Karaba\u011f Cumhuriyeti\u2019nin ba\u011f\u0131ms\u0131zl\u0131\u011f\u0131n\u0131 ilan etmesinin 25. y\u0131ld\u00f6n\u00fcm\u00fc \u00f6ncesinde ilgin\u00e7 bir de\u011ferlendirme yay\u0131nlad\u0131. Kuzey K\u0131br\u0131s T\u00fcrk Cumhuriyeti ise uluslararas\u0131 camia taraf\u0131ndan tan\u0131nmadan 40.y\u0131l\u0131n\u0131 dolduracak gelecek y\u0131l&#8230;\u00a0 Kuzey Irak K\u00fcrdistan Federe Devleti ise, fiilen ba\u011f\u0131ms\u0131z bir devlet, uluslararas\u0131 camia taraf\u0131ndan tan\u0131nma a\u00e7\u0131s\u0131ndan. Bu nedenle bu iki \u00f6rne\u011fe oranla daha \u015fansl\u0131 bir [&hellip;]<\/p>\n","protected":false},"author":3,"featured_media":0,"comment_status":"open","ping_status":"open","sticky":false,"template":"","format":"standard","meta":{"footnotes":""},"categories":[14,26],"tags":[],"class_list":["post-25595","post","type-post","status-publish","format-standard","hentry","category-haberler","category-makaleler"],"yoast_head":"<!-- This site is optimized with the Yoast SEO plugin v26.6 - https:\/\/yoast.com\/wordpress\/plugins\/seo\/ -->\n<title>Belki Da\u011fl\u0131k Karaba\u011f\u2019\u0131n tan\u0131nma zaman\u0131 gelmi\u015ftir - Bati Ermenistan Ve Bati Ermenileri Sorunlari Ara\u015ftirmalar Merkezi<\/title>\n<meta name=\"robots\" content=\"index, follow, max-snippet:-1, max-image-preview:large, max-video-preview:-1\" \/>\n<link rel=\"canonical\" href=\"https:\/\/akunq.net\/turkish\/2013\/09\/18\/belki-daglik-karabagin-taninma-zamani-gelmistir\/\" \/>\n<meta property=\"og:locale\" content=\"en_US\" \/>\n<meta property=\"og:type\" content=\"article\" \/>\n<meta property=\"og:title\" content=\"Belki Da\u011fl\u0131k Karaba\u011f\u2019\u0131n tan\u0131nma zaman\u0131 gelmi\u015ftir - Bati Ermenistan Ve Bati Ermenileri Sorunlari Ara\u015ftirmalar Merkezi\" \/>\n<meta property=\"og:description\" content=\"Rag\u0131p ZARAKOLU Armenian Weekly, ge\u00e7enlerde Da\u011fl\u0131k Karaba\u011f Cumhuriyeti\u2019nin ba\u011f\u0131ms\u0131zl\u0131\u011f\u0131n\u0131 ilan etmesinin 25. y\u0131ld\u00f6n\u00fcm\u00fc \u00f6ncesinde ilgin\u00e7 bir de\u011ferlendirme yay\u0131nlad\u0131. Kuzey K\u0131br\u0131s T\u00fcrk Cumhuriyeti ise uluslararas\u0131 camia taraf\u0131ndan tan\u0131nmadan 40.y\u0131l\u0131n\u0131 dolduracak gelecek y\u0131l&#8230;\u00a0 Kuzey Irak K\u00fcrdistan Federe Devleti ise, fiilen ba\u011f\u0131ms\u0131z bir devlet, uluslararas\u0131 camia taraf\u0131ndan tan\u0131nma a\u00e7\u0131s\u0131ndan. Bu nedenle bu iki \u00f6rne\u011fe oranla daha \u015fansl\u0131 bir [&hellip;]\" \/>\n<meta property=\"og:url\" content=\"https:\/\/akunq.net\/turkish\/2013\/09\/18\/belki-daglik-karabagin-taninma-zamani-gelmistir\/\" \/>\n<meta property=\"og:site_name\" content=\"Bati Ermenistan Ve Bati Ermenileri Sorunlari Ara\u015ftirmalar Merkezi\" \/>\n<meta property=\"article:published_time\" content=\"2013-09-18T09:16:20+00:00\" \/>\n<meta name=\"author\" content=\"kalem\" \/>\n<meta name=\"twitter:card\" content=\"summary_large_image\" \/>\n<meta name=\"twitter:label1\" content=\"Written by\" \/>\n\t<meta name=\"twitter:data1\" content=\"kalem\" \/>\n\t<meta name=\"twitter:label2\" content=\"Est. reading time\" \/>\n\t<meta name=\"twitter:data2\" content=\"10 minutes\" \/>\n<script type=\"application\/ld+json\" class=\"yoast-schema-graph\">{\"@context\":\"https:\/\/schema.org\",\"@graph\":[{\"@type\":\"WebPage\",\"@id\":\"https:\/\/akunq.net\/turkish\/2013\/09\/18\/belki-daglik-karabagin-taninma-zamani-gelmistir\/\",\"url\":\"https:\/\/akunq.net\/turkish\/2013\/09\/18\/belki-daglik-karabagin-taninma-zamani-gelmistir\/\",\"name\":\"Belki Da\u011fl\u0131k Karaba\u011f\u2019\u0131n tan\u0131nma zaman\u0131 gelmi\u015ftir - Bati Ermenistan Ve Bati Ermenileri Sorunlari Ara\u015ftirmalar Merkezi\",\"isPartOf\":{\"@id\":\"https:\/\/akunq.net\/turkish\/#website\"},\"datePublished\":\"2013-09-18T09:16:20+00:00\",\"author\":{\"@id\":\"https:\/\/akunq.net\/turkish\/#\/schema\/person\/135e7923d1aeb8887890799619969a6c\"},\"breadcrumb\":{\"@id\":\"https:\/\/akunq.net\/turkish\/2013\/09\/18\/belki-daglik-karabagin-taninma-zamani-gelmistir\/#breadcrumb\"},\"inLanguage\":\"en-US\",\"potentialAction\":[{\"@type\":\"ReadAction\",\"target\":[\"https:\/\/akunq.net\/turkish\/2013\/09\/18\/belki-daglik-karabagin-taninma-zamani-gelmistir\/\"]}]},{\"@type\":\"BreadcrumbList\",\"@id\":\"https:\/\/akunq.net\/turkish\/2013\/09\/18\/belki-daglik-karabagin-taninma-zamani-gelmistir\/#breadcrumb\",\"itemListElement\":[{\"@type\":\"ListItem\",\"position\":1,\"name\":\"Home\",\"item\":\"https:\/\/akunq.net\/turkish\/\"},{\"@type\":\"ListItem\",\"position\":2,\"name\":\"Belki Da\u011fl\u0131k Karaba\u011f\u2019\u0131n tan\u0131nma zaman\u0131 gelmi\u015ftir\"}]},{\"@type\":\"WebSite\",\"@id\":\"https:\/\/akunq.net\/turkish\/#website\",\"url\":\"https:\/\/akunq.net\/turkish\/\",\"name\":\"Bati Ermenistan Ve Bati Ermenileri Sorunlari Ara\u015ftirmalar Merkezi\",\"description\":\"\",\"potentialAction\":[{\"@type\":\"SearchAction\",\"target\":{\"@type\":\"EntryPoint\",\"urlTemplate\":\"https:\/\/akunq.net\/turkish\/?s={search_term_string}\"},\"query-input\":{\"@type\":\"PropertyValueSpecification\",\"valueRequired\":true,\"valueName\":\"search_term_string\"}}],\"inLanguage\":\"en-US\"},{\"@type\":\"Person\",\"@id\":\"https:\/\/akunq.net\/turkish\/#\/schema\/person\/135e7923d1aeb8887890799619969a6c\",\"name\":\"kalem\",\"image\":{\"@type\":\"ImageObject\",\"inLanguage\":\"en-US\",\"@id\":\"https:\/\/akunq.net\/turkish\/#\/schema\/person\/image\/\",\"url\":\"https:\/\/secure.gravatar.com\/avatar\/a06875e4b25feb5674296adf8e8a7ae1e587cebce2493fe63c456109967e27d3?s=96&d=mm&r=g\",\"contentUrl\":\"https:\/\/secure.gravatar.com\/avatar\/a06875e4b25feb5674296adf8e8a7ae1e587cebce2493fe63c456109967e27d3?s=96&d=mm&r=g\",\"caption\":\"kalem\"},\"url\":\"https:\/\/akunq.net\/turkish\/author\/kalem\/\"}]}<\/script>\n<!-- \/ Yoast SEO plugin. -->","yoast_head_json":{"title":"Belki Da\u011fl\u0131k Karaba\u011f\u2019\u0131n tan\u0131nma zaman\u0131 gelmi\u015ftir - Bati Ermenistan Ve Bati Ermenileri Sorunlari Ara\u015ftirmalar Merkezi","robots":{"index":"index","follow":"follow","max-snippet":"max-snippet:-1","max-image-preview":"max-image-preview:large","max-video-preview":"max-video-preview:-1"},"canonical":"https:\/\/akunq.net\/turkish\/2013\/09\/18\/belki-daglik-karabagin-taninma-zamani-gelmistir\/","og_locale":"en_US","og_type":"article","og_title":"Belki Da\u011fl\u0131k Karaba\u011f\u2019\u0131n tan\u0131nma zaman\u0131 gelmi\u015ftir - Bati Ermenistan Ve Bati Ermenileri Sorunlari Ara\u015ftirmalar Merkezi","og_description":"Rag\u0131p ZARAKOLU Armenian Weekly, ge\u00e7enlerde Da\u011fl\u0131k Karaba\u011f Cumhuriyeti\u2019nin ba\u011f\u0131ms\u0131zl\u0131\u011f\u0131n\u0131 ilan etmesinin 25. y\u0131ld\u00f6n\u00fcm\u00fc \u00f6ncesinde ilgin\u00e7 bir de\u011ferlendirme yay\u0131nlad\u0131. Kuzey K\u0131br\u0131s T\u00fcrk Cumhuriyeti ise uluslararas\u0131 camia taraf\u0131ndan tan\u0131nmadan 40.y\u0131l\u0131n\u0131 dolduracak gelecek y\u0131l&#8230;\u00a0 Kuzey Irak K\u00fcrdistan Federe Devleti ise, fiilen ba\u011f\u0131ms\u0131z bir devlet, uluslararas\u0131 camia taraf\u0131ndan tan\u0131nma a\u00e7\u0131s\u0131ndan. Bu nedenle bu iki \u00f6rne\u011fe oranla daha \u015fansl\u0131 bir [&hellip;]","og_url":"https:\/\/akunq.net\/turkish\/2013\/09\/18\/belki-daglik-karabagin-taninma-zamani-gelmistir\/","og_site_name":"Bati Ermenistan Ve Bati Ermenileri Sorunlari Ara\u015ftirmalar Merkezi","article_published_time":"2013-09-18T09:16:20+00:00","author":"kalem","twitter_card":"summary_large_image","twitter_misc":{"Written by":"kalem","Est. reading time":"10 minutes"},"schema":{"@context":"https:\/\/schema.org","@graph":[{"@type":"WebPage","@id":"https:\/\/akunq.net\/turkish\/2013\/09\/18\/belki-daglik-karabagin-taninma-zamani-gelmistir\/","url":"https:\/\/akunq.net\/turkish\/2013\/09\/18\/belki-daglik-karabagin-taninma-zamani-gelmistir\/","name":"Belki Da\u011fl\u0131k Karaba\u011f\u2019\u0131n tan\u0131nma zaman\u0131 gelmi\u015ftir - Bati Ermenistan Ve Bati Ermenileri Sorunlari Ara\u015ftirmalar Merkezi","isPartOf":{"@id":"https:\/\/akunq.net\/turkish\/#website"},"datePublished":"2013-09-18T09:16:20+00:00","author":{"@id":"https:\/\/akunq.net\/turkish\/#\/schema\/person\/135e7923d1aeb8887890799619969a6c"},"breadcrumb":{"@id":"https:\/\/akunq.net\/turkish\/2013\/09\/18\/belki-daglik-karabagin-taninma-zamani-gelmistir\/#breadcrumb"},"inLanguage":"en-US","potentialAction":[{"@type":"ReadAction","target":["https:\/\/akunq.net\/turkish\/2013\/09\/18\/belki-daglik-karabagin-taninma-zamani-gelmistir\/"]}]},{"@type":"BreadcrumbList","@id":"https:\/\/akunq.net\/turkish\/2013\/09\/18\/belki-daglik-karabagin-taninma-zamani-gelmistir\/#breadcrumb","itemListElement":[{"@type":"ListItem","position":1,"name":"Home","item":"https:\/\/akunq.net\/turkish\/"},{"@type":"ListItem","position":2,"name":"Belki Da\u011fl\u0131k Karaba\u011f\u2019\u0131n tan\u0131nma zaman\u0131 gelmi\u015ftir"}]},{"@type":"WebSite","@id":"https:\/\/akunq.net\/turkish\/#website","url":"https:\/\/akunq.net\/turkish\/","name":"Bati Ermenistan Ve Bati Ermenileri Sorunlari Ara\u015ftirmalar Merkezi","description":"","potentialAction":[{"@type":"SearchAction","target":{"@type":"EntryPoint","urlTemplate":"https:\/\/akunq.net\/turkish\/?s={search_term_string}"},"query-input":{"@type":"PropertyValueSpecification","valueRequired":true,"valueName":"search_term_string"}}],"inLanguage":"en-US"},{"@type":"Person","@id":"https:\/\/akunq.net\/turkish\/#\/schema\/person\/135e7923d1aeb8887890799619969a6c","name":"kalem","image":{"@type":"ImageObject","inLanguage":"en-US","@id":"https:\/\/akunq.net\/turkish\/#\/schema\/person\/image\/","url":"https:\/\/secure.gravatar.com\/avatar\/a06875e4b25feb5674296adf8e8a7ae1e587cebce2493fe63c456109967e27d3?s=96&d=mm&r=g","contentUrl":"https:\/\/secure.gravatar.com\/avatar\/a06875e4b25feb5674296adf8e8a7ae1e587cebce2493fe63c456109967e27d3?s=96&d=mm&r=g","caption":"kalem"},"url":"https:\/\/akunq.net\/turkish\/author\/kalem\/"}]}},"_links":{"self":[{"href":"https:\/\/akunq.net\/turkish\/wp-json\/wp\/v2\/posts\/25595","targetHints":{"allow":["GET"]}}],"collection":[{"href":"https:\/\/akunq.net\/turkish\/wp-json\/wp\/v2\/posts"}],"about":[{"href":"https:\/\/akunq.net\/turkish\/wp-json\/wp\/v2\/types\/post"}],"author":[{"embeddable":true,"href":"https:\/\/akunq.net\/turkish\/wp-json\/wp\/v2\/users\/3"}],"replies":[{"embeddable":true,"href":"https:\/\/akunq.net\/turkish\/wp-json\/wp\/v2\/comments?post=25595"}],"version-history":[{"count":0,"href":"https:\/\/akunq.net\/turkish\/wp-json\/wp\/v2\/posts\/25595\/revisions"}],"wp:attachment":[{"href":"https:\/\/akunq.net\/turkish\/wp-json\/wp\/v2\/media?parent=25595"}],"wp:term":[{"taxonomy":"category","embeddable":true,"href":"https:\/\/akunq.net\/turkish\/wp-json\/wp\/v2\/categories?post=25595"},{"taxonomy":"post_tag","embeddable":true,"href":"https:\/\/akunq.net\/turkish\/wp-json\/wp\/v2\/tags?post=25595"}],"curies":[{"name":"wp","href":"https:\/\/api.w.org\/{rel}","templated":true}]}}