{"id":25542,"date":"2013-09-14T01:35:29","date_gmt":"2013-09-14T06:35:29","guid":{"rendered":"http:\/\/akunq.net\/tr\/?p=25542"},"modified":"2013-09-14T01:35:29","modified_gmt":"2013-09-14T06:35:29","slug":"atesyan-bolgede-kilise-kalmadi","status":"publish","type":"post","link":"https:\/\/akunq.net\/turkish\/2013\/09\/14\/atesyan-bolgede-kilise-kalmadi\/","title":{"rendered":"Ate\u015fyan &#8220;B\u00f6lgede Kilise Kalmad\u0131&#8221;"},"content":{"rendered":"<h2 style=\"text-align: justify\"><i><a href=\"http:\/\/akunq.net\/tr\/wp-content\/uploads\/2013\/09\/\u0531\u0580\u0561\u0574-\u0531\u0580\u0584.-\u0531\u0569\u0567\u0577\u0565\u0561\u0576.jpg\"><img loading=\"lazy\" decoding=\"async\" class=\"alignright size-full wp-image-25543\" alt=\"\u0531\u0580\u0561\u0574 \u0531\u0580\u0584. \u0531\u0569\u0567\u0577\u0565\u0561\u0576\" src=\"http:\/\/akunq.net\/tr\/wp-content\/uploads\/2013\/09\/\u0531\u0580\u0561\u0574-\u0531\u0580\u0584.-\u0531\u0569\u0567\u0577\u0565\u0561\u0576.jpg\" width=\"300\" height=\"196\" \/><\/a>Silvan&#8217;a gelen Ermeni Patrik, b\u00f6lgedeki kiliselerin yok oldu\u011funu belirtti.<\/i><\/h2>\n<p style=\"text-align: justify\">Silvan Do\u011fumlu <a title=\"T\u00fcrkiye Haberleri\" href=\"http:\/\/haberler.com\/turkiye\/\">T\u00fcrkiye<\/a> Ermeni Patrik Vekili Aram Ate\u015fyan <a title=\"Sason Haberleri\" href=\"http:\/\/haberler.com\/sason\/\">Sason<\/a>, <a title=\"Silvan Haberleri\" href=\"http:\/\/haberler.com\/silvan\/\">Silvan<\/a> ve <a title=\"Bitlis Haberleri\" href=\"http:\/\/haberler.com\/bitlis\/\">Bitlis<\/a> g\u00fczerg\u00e2h\u0131nda 2 bin civar\u0131nda kilise bulundu\u011funu ancak \u015fu ana kadar say\u0131n\u0131n 10 taneyi de bulmad\u0131\u011f\u0131n\u0131 belirtti.<br \/>\nSason&#8217;da Ermenilerin Ayinleri ile <a title=\"T\u00fcrkiye Haberleri\" href=\"http:\/\/haberler.com\/turkiye\/\">T\u00fcrkiye<\/a>&#8216;de herkesin daha da \u00f6zg\u00fcrle\u015fti\u011fini ifade eden Ate\u015fyan, <a title=\"T\u00fcrkiye Haberleri\" href=\"http:\/\/haberler.com\/turkiye\/\">T\u00fcrkiye<\/a>&#8216;de 1914 y\u0131l\u0131na kadar 2 bin 170 kilisenin oldu\u011funu, s\u00f6z konusu tarihten sonra ya\u015fananlar ve 6-7 Eyl\u00fcl olaylar\u0131 olarak bilinen ya\u011fmadan sonra g\u00fcn\u00fcm\u00fcze kadar 45 kilisenin kald\u0131\u011f\u0131n\u0131 s\u00f6yledi. <a title=\"AK Parti Haberleri\" href=\"http:\/\/haberler.com\/ak-parti\/\">AK Parti<\/a> h\u00fck\u00fcmetinin yakla\u015f\u0131mlar\u0131ndan memnun olduklar\u0131n\u0131, di\u011fer iktidarlar d\u00f6neminde b\u00f6yle bir yakla\u015f\u0131m g\u00f6rmediklerini belirten Ate\u015fyan, do\u011fdu\u011fu \u015fehir olan <a title=\"Silvan Haberleri\" href=\"http:\/\/haberler.com\/silvan\/\">Silvan<\/a>&#8216;da ve <a title=\"Sason Haberleri\" href=\"http:\/\/haberler.com\/sason\/\">Sason<\/a> gibi yerlerde ise Ermenilere ait onar\u0131lmas\u0131 gereken herhangi bir \u015feyin olmad\u0131\u011f\u0131n\u0131, bir\u00e7ok ta\u015f\u0131nmaz\u0131n ba\u015fka isimler alt\u0131nda ayakta kald\u0131\u011f\u0131n\u0131 belirtti.<\/p>\n<p style=\"text-align: justify\"><b><i>http<\/i><\/b><b><i>:\/\/<\/i><\/b><b><i>haberler<\/i><\/b><b><i>.<\/i><\/b><b><i>com<\/i><\/b><b><i>\/<\/i><\/b><b><i>atesyan<\/i><\/b><b><i>&#8211;<\/i><\/b><b><i>bolgede<\/i><\/b><b><i>&#8211;<\/i><\/b><b><i>kilise<\/i><\/b><b><i>&#8211;<\/i><\/b><b><i>kalmadi<\/i><\/b><b><i>-5055521-<\/i><\/b><b><i>haberi<\/i><\/b><b><i>\/<\/i><\/b><\/p>\n","protected":false},"excerpt":{"rendered":"<p>Silvan&#8217;a gelen Ermeni Patrik, b\u00f6lgedeki kiliselerin yok oldu\u011funu belirtti. Silvan Do\u011fumlu T\u00fcrkiye Ermeni Patrik Vekili Aram Ate\u015fyan Sason, Silvan ve Bitlis g\u00fczerg\u00e2h\u0131nda 2 bin civar\u0131nda kilise bulundu\u011funu ancak \u015fu ana kadar say\u0131n\u0131n 10 taneyi de bulmad\u0131\u011f\u0131n\u0131 belirtti. Sason&#8217;da Ermenilerin Ayinleri ile T\u00fcrkiye&#8216;de herkesin daha da \u00f6zg\u00fcrle\u015fti\u011fini ifade eden Ate\u015fyan, T\u00fcrkiye&#8216;de 1914 y\u0131l\u0131na kadar 2 bin [&hellip;]<\/p>\n","protected":false},"author":3,"featured_media":0,"comment_status":"open","ping_status":"open","sticky":false,"template":"","format":"standard","meta":{"footnotes":""},"categories":[13,14],"tags":[],"class_list":["post-25542","post","type-post","status-publish","format-standard","hentry","category-gunumuzde-bati-ermenistan","category-haberler"],"yoast_head":"<!-- This site is optimized with the Yoast SEO plugin v27.4 - https:\/\/yoast.com\/product\/yoast-seo-wordpress\/ -->\n<title>Ate\u015fyan &quot;B\u00f6lgede Kilise Kalmad\u0131&quot; - Bati Ermenistan Ve Bati Ermenileri Sorunlari Ara\u015ftirmalar Merkezi<\/title>\n<meta name=\"robots\" content=\"index, follow, max-snippet:-1, max-image-preview:large, max-video-preview:-1\" \/>\n<link rel=\"canonical\" href=\"https:\/\/akunq.net\/turkish\/2013\/09\/14\/atesyan-bolgede-kilise-kalmadi\/\" \/>\n<meta property=\"og:locale\" content=\"en_US\" \/>\n<meta property=\"og:type\" content=\"article\" \/>\n<meta property=\"og:title\" content=\"Ate\u015fyan &quot;B\u00f6lgede Kilise Kalmad\u0131&quot; - Bati Ermenistan Ve Bati Ermenileri Sorunlari Ara\u015ftirmalar Merkezi\" \/>\n<meta property=\"og:description\" content=\"Silvan&#8217;a gelen Ermeni Patrik, b\u00f6lgedeki kiliselerin yok oldu\u011funu belirtti. Silvan Do\u011fumlu T\u00fcrkiye Ermeni Patrik Vekili Aram Ate\u015fyan Sason, Silvan ve Bitlis g\u00fczerg\u00e2h\u0131nda 2 bin civar\u0131nda kilise bulundu\u011funu ancak \u015fu ana kadar say\u0131n\u0131n 10 taneyi de bulmad\u0131\u011f\u0131n\u0131 belirtti. Sason&#8217;da Ermenilerin Ayinleri ile T\u00fcrkiye&#8216;de herkesin daha da \u00f6zg\u00fcrle\u015fti\u011fini ifade eden Ate\u015fyan, T\u00fcrkiye&#8216;de 1914 y\u0131l\u0131na kadar 2 bin [&hellip;]\" \/>\n<meta property=\"og:url\" content=\"https:\/\/akunq.net\/turkish\/2013\/09\/14\/atesyan-bolgede-kilise-kalmadi\/\" \/>\n<meta property=\"og:site_name\" content=\"Bati Ermenistan Ve Bati Ermenileri Sorunlari Ara\u015ftirmalar Merkezi\" \/>\n<meta property=\"article:published_time\" content=\"2013-09-14T06:35:29+00:00\" \/>\n<meta name=\"author\" content=\"kalem\" \/>\n<meta name=\"twitter:card\" content=\"summary_large_image\" \/>\n<meta name=\"twitter:label1\" content=\"Written by\" \/>\n\t<meta name=\"twitter:data1\" content=\"kalem\" \/>\n\t<meta name=\"twitter:label2\" content=\"Est. reading time\" \/>\n\t<meta name=\"twitter:data2\" content=\"1 minute\" \/>\n<script type=\"application\/ld+json\" class=\"yoast-schema-graph\">{\"@context\":\"https:\\\/\\\/schema.org\",\"@graph\":[{\"@type\":\"Article\",\"@id\":\"https:\\\/\\\/akunq.net\\\/turkish\\\/2013\\\/09\\\/14\\\/atesyan-bolgede-kilise-kalmadi\\\/#article\",\"isPartOf\":{\"@id\":\"https:\\\/\\\/akunq.net\\\/turkish\\\/2013\\\/09\\\/14\\\/atesyan-bolgede-kilise-kalmadi\\\/\"},\"author\":{\"name\":\"kalem\",\"@id\":\"https:\\\/\\\/akunq.net\\\/turkish\\\/#\\\/schema\\\/person\\\/135e7923d1aeb8887890799619969a6c\"},\"headline\":\"Ate\u015fyan &#8220;B\u00f6lgede Kilise Kalmad\u0131&#8221;\",\"datePublished\":\"2013-09-14T06:35:29+00:00\",\"mainEntityOfPage\":{\"@id\":\"https:\\\/\\\/akunq.net\\\/turkish\\\/2013\\\/09\\\/14\\\/atesyan-bolgede-kilise-kalmadi\\\/\"},\"wordCount\":182,\"commentCount\":0,\"articleSection\":[\"G\u00fcn\u00fcm\u00fczde Bat\u0131 Ermenistan\",\"Haberler\"],\"inLanguage\":\"en-US\",\"potentialAction\":[{\"@type\":\"CommentAction\",\"name\":\"Comment\",\"target\":[\"https:\\\/\\\/akunq.net\\\/turkish\\\/2013\\\/09\\\/14\\\/atesyan-bolgede-kilise-kalmadi\\\/#respond\"]}]},{\"@type\":\"WebPage\",\"@id\":\"https:\\\/\\\/akunq.net\\\/turkish\\\/2013\\\/09\\\/14\\\/atesyan-bolgede-kilise-kalmadi\\\/\",\"url\":\"https:\\\/\\\/akunq.net\\\/turkish\\\/2013\\\/09\\\/14\\\/atesyan-bolgede-kilise-kalmadi\\\/\",\"name\":\"Ate\u015fyan \\\"B\u00f6lgede Kilise Kalmad\u0131\\\" - Bati Ermenistan Ve Bati Ermenileri Sorunlari Ara\u015ftirmalar Merkezi\",\"isPartOf\":{\"@id\":\"https:\\\/\\\/akunq.net\\\/turkish\\\/#website\"},\"datePublished\":\"2013-09-14T06:35:29+00:00\",\"author\":{\"@id\":\"https:\\\/\\\/akunq.net\\\/turkish\\\/#\\\/schema\\\/person\\\/135e7923d1aeb8887890799619969a6c\"},\"breadcrumb\":{\"@id\":\"https:\\\/\\\/akunq.net\\\/turkish\\\/2013\\\/09\\\/14\\\/atesyan-bolgede-kilise-kalmadi\\\/#breadcrumb\"},\"inLanguage\":\"en-US\",\"potentialAction\":[{\"@type\":\"ReadAction\",\"target\":[\"https:\\\/\\\/akunq.net\\\/turkish\\\/2013\\\/09\\\/14\\\/atesyan-bolgede-kilise-kalmadi\\\/\"]}]},{\"@type\":\"BreadcrumbList\",\"@id\":\"https:\\\/\\\/akunq.net\\\/turkish\\\/2013\\\/09\\\/14\\\/atesyan-bolgede-kilise-kalmadi\\\/#breadcrumb\",\"itemListElement\":[{\"@type\":\"ListItem\",\"position\":1,\"name\":\"Home\",\"item\":\"https:\\\/\\\/akunq.net\\\/turkish\\\/\"},{\"@type\":\"ListItem\",\"position\":2,\"name\":\"Ate\u015fyan &#8220;B\u00f6lgede Kilise Kalmad\u0131&#8221;\"}]},{\"@type\":\"WebSite\",\"@id\":\"https:\\\/\\\/akunq.net\\\/turkish\\\/#website\",\"url\":\"https:\\\/\\\/akunq.net\\\/turkish\\\/\",\"name\":\"Bati Ermenistan Ve Bati Ermenileri Sorunlari Ara\u015ftirmalar Merkezi\",\"description\":\"\",\"potentialAction\":[{\"@type\":\"SearchAction\",\"target\":{\"@type\":\"EntryPoint\",\"urlTemplate\":\"https:\\\/\\\/akunq.net\\\/turkish\\\/?s={search_term_string}\"},\"query-input\":{\"@type\":\"PropertyValueSpecification\",\"valueRequired\":true,\"valueName\":\"search_term_string\"}}],\"inLanguage\":\"en-US\"},{\"@type\":\"Person\",\"@id\":\"https:\\\/\\\/akunq.net\\\/turkish\\\/#\\\/schema\\\/person\\\/135e7923d1aeb8887890799619969a6c\",\"name\":\"kalem\",\"image\":{\"@type\":\"ImageObject\",\"inLanguage\":\"en-US\",\"@id\":\"https:\\\/\\\/secure.gravatar.com\\\/avatar\\\/a06875e4b25feb5674296adf8e8a7ae1e587cebce2493fe63c456109967e27d3?s=96&d=mm&r=g\",\"url\":\"https:\\\/\\\/secure.gravatar.com\\\/avatar\\\/a06875e4b25feb5674296adf8e8a7ae1e587cebce2493fe63c456109967e27d3?s=96&d=mm&r=g\",\"contentUrl\":\"https:\\\/\\\/secure.gravatar.com\\\/avatar\\\/a06875e4b25feb5674296adf8e8a7ae1e587cebce2493fe63c456109967e27d3?s=96&d=mm&r=g\",\"caption\":\"kalem\"},\"url\":\"https:\\\/\\\/akunq.net\\\/turkish\\\/author\\\/kalem\\\/\"}]}<\/script>\n<!-- \/ Yoast SEO plugin. -->","yoast_head_json":{"title":"Ate\u015fyan \"B\u00f6lgede Kilise Kalmad\u0131\" - Bati Ermenistan Ve Bati Ermenileri Sorunlari Ara\u015ftirmalar Merkezi","robots":{"index":"index","follow":"follow","max-snippet":"max-snippet:-1","max-image-preview":"max-image-preview:large","max-video-preview":"max-video-preview:-1"},"canonical":"https:\/\/akunq.net\/turkish\/2013\/09\/14\/atesyan-bolgede-kilise-kalmadi\/","og_locale":"en_US","og_type":"article","og_title":"Ate\u015fyan \"B\u00f6lgede Kilise Kalmad\u0131\" - Bati Ermenistan Ve Bati Ermenileri Sorunlari Ara\u015ftirmalar Merkezi","og_description":"Silvan&#8217;a gelen Ermeni Patrik, b\u00f6lgedeki kiliselerin yok oldu\u011funu belirtti. Silvan Do\u011fumlu T\u00fcrkiye Ermeni Patrik Vekili Aram Ate\u015fyan Sason, Silvan ve Bitlis g\u00fczerg\u00e2h\u0131nda 2 bin civar\u0131nda kilise bulundu\u011funu ancak \u015fu ana kadar say\u0131n\u0131n 10 taneyi de bulmad\u0131\u011f\u0131n\u0131 belirtti. Sason&#8217;da Ermenilerin Ayinleri ile T\u00fcrkiye&#8216;de herkesin daha da \u00f6zg\u00fcrle\u015fti\u011fini ifade eden Ate\u015fyan, T\u00fcrkiye&#8216;de 1914 y\u0131l\u0131na kadar 2 bin [&hellip;]","og_url":"https:\/\/akunq.net\/turkish\/2013\/09\/14\/atesyan-bolgede-kilise-kalmadi\/","og_site_name":"Bati Ermenistan Ve Bati Ermenileri Sorunlari Ara\u015ftirmalar Merkezi","article_published_time":"2013-09-14T06:35:29+00:00","author":"kalem","twitter_card":"summary_large_image","twitter_misc":{"Written by":"kalem","Est. reading time":"1 minute"},"schema":{"@context":"https:\/\/schema.org","@graph":[{"@type":"Article","@id":"https:\/\/akunq.net\/turkish\/2013\/09\/14\/atesyan-bolgede-kilise-kalmadi\/#article","isPartOf":{"@id":"https:\/\/akunq.net\/turkish\/2013\/09\/14\/atesyan-bolgede-kilise-kalmadi\/"},"author":{"name":"kalem","@id":"https:\/\/akunq.net\/turkish\/#\/schema\/person\/135e7923d1aeb8887890799619969a6c"},"headline":"Ate\u015fyan &#8220;B\u00f6lgede Kilise Kalmad\u0131&#8221;","datePublished":"2013-09-14T06:35:29+00:00","mainEntityOfPage":{"@id":"https:\/\/akunq.net\/turkish\/2013\/09\/14\/atesyan-bolgede-kilise-kalmadi\/"},"wordCount":182,"commentCount":0,"articleSection":["G\u00fcn\u00fcm\u00fczde Bat\u0131 Ermenistan","Haberler"],"inLanguage":"en-US","potentialAction":[{"@type":"CommentAction","name":"Comment","target":["https:\/\/akunq.net\/turkish\/2013\/09\/14\/atesyan-bolgede-kilise-kalmadi\/#respond"]}]},{"@type":"WebPage","@id":"https:\/\/akunq.net\/turkish\/2013\/09\/14\/atesyan-bolgede-kilise-kalmadi\/","url":"https:\/\/akunq.net\/turkish\/2013\/09\/14\/atesyan-bolgede-kilise-kalmadi\/","name":"Ate\u015fyan \"B\u00f6lgede Kilise Kalmad\u0131\" - Bati Ermenistan Ve Bati Ermenileri Sorunlari Ara\u015ftirmalar Merkezi","isPartOf":{"@id":"https:\/\/akunq.net\/turkish\/#website"},"datePublished":"2013-09-14T06:35:29+00:00","author":{"@id":"https:\/\/akunq.net\/turkish\/#\/schema\/person\/135e7923d1aeb8887890799619969a6c"},"breadcrumb":{"@id":"https:\/\/akunq.net\/turkish\/2013\/09\/14\/atesyan-bolgede-kilise-kalmadi\/#breadcrumb"},"inLanguage":"en-US","potentialAction":[{"@type":"ReadAction","target":["https:\/\/akunq.net\/turkish\/2013\/09\/14\/atesyan-bolgede-kilise-kalmadi\/"]}]},{"@type":"BreadcrumbList","@id":"https:\/\/akunq.net\/turkish\/2013\/09\/14\/atesyan-bolgede-kilise-kalmadi\/#breadcrumb","itemListElement":[{"@type":"ListItem","position":1,"name":"Home","item":"https:\/\/akunq.net\/turkish\/"},{"@type":"ListItem","position":2,"name":"Ate\u015fyan &#8220;B\u00f6lgede Kilise Kalmad\u0131&#8221;"}]},{"@type":"WebSite","@id":"https:\/\/akunq.net\/turkish\/#website","url":"https:\/\/akunq.net\/turkish\/","name":"Bati Ermenistan Ve Bati Ermenileri Sorunlari Ara\u015ftirmalar Merkezi","description":"","potentialAction":[{"@type":"SearchAction","target":{"@type":"EntryPoint","urlTemplate":"https:\/\/akunq.net\/turkish\/?s={search_term_string}"},"query-input":{"@type":"PropertyValueSpecification","valueRequired":true,"valueName":"search_term_string"}}],"inLanguage":"en-US"},{"@type":"Person","@id":"https:\/\/akunq.net\/turkish\/#\/schema\/person\/135e7923d1aeb8887890799619969a6c","name":"kalem","image":{"@type":"ImageObject","inLanguage":"en-US","@id":"https:\/\/secure.gravatar.com\/avatar\/a06875e4b25feb5674296adf8e8a7ae1e587cebce2493fe63c456109967e27d3?s=96&d=mm&r=g","url":"https:\/\/secure.gravatar.com\/avatar\/a06875e4b25feb5674296adf8e8a7ae1e587cebce2493fe63c456109967e27d3?s=96&d=mm&r=g","contentUrl":"https:\/\/secure.gravatar.com\/avatar\/a06875e4b25feb5674296adf8e8a7ae1e587cebce2493fe63c456109967e27d3?s=96&d=mm&r=g","caption":"kalem"},"url":"https:\/\/akunq.net\/turkish\/author\/kalem\/"}]}},"_links":{"self":[{"href":"https:\/\/akunq.net\/turkish\/wp-json\/wp\/v2\/posts\/25542","targetHints":{"allow":["GET"]}}],"collection":[{"href":"https:\/\/akunq.net\/turkish\/wp-json\/wp\/v2\/posts"}],"about":[{"href":"https:\/\/akunq.net\/turkish\/wp-json\/wp\/v2\/types\/post"}],"author":[{"embeddable":true,"href":"https:\/\/akunq.net\/turkish\/wp-json\/wp\/v2\/users\/3"}],"replies":[{"embeddable":true,"href":"https:\/\/akunq.net\/turkish\/wp-json\/wp\/v2\/comments?post=25542"}],"version-history":[{"count":0,"href":"https:\/\/akunq.net\/turkish\/wp-json\/wp\/v2\/posts\/25542\/revisions"}],"wp:attachment":[{"href":"https:\/\/akunq.net\/turkish\/wp-json\/wp\/v2\/media?parent=25542"}],"wp:term":[{"taxonomy":"category","embeddable":true,"href":"https:\/\/akunq.net\/turkish\/wp-json\/wp\/v2\/categories?post=25542"},{"taxonomy":"post_tag","embeddable":true,"href":"https:\/\/akunq.net\/turkish\/wp-json\/wp\/v2\/tags?post=25542"}],"curies":[{"name":"wp","href":"https:\/\/api.w.org\/{rel}","templated":true}]}}