{"id":25476,"date":"2013-09-11T06:11:28","date_gmt":"2013-09-11T11:11:28","guid":{"rendered":"http:\/\/akunq.net\/tr\/?p=25476"},"modified":"2013-09-11T06:11:28","modified_gmt":"2013-09-11T11:11:28","slug":"iktisatcilarimiz-ve-ermeni-mallari","status":"publish","type":"post","link":"https:\/\/akunq.net\/turkish\/2013\/09\/11\/iktisatcilarimiz-ve-ermeni-mallari\/","title":{"rendered":"\u0130ktisat\u00e7\u0131lar\u0131m\u0131z ve Ermeni mallar\u0131"},"content":{"rendered":"<p style=\"text-align: justify\"><b><a href=\"http:\/\/akunq.net\/tr\/wp-content\/uploads\/2013\/09\/Taner-Ak\u00e7am.jpg\"><img loading=\"lazy\" decoding=\"async\" class=\"alignright size-medium wp-image-25477\" alt=\"Taner Ak\u00e7am\" src=\"http:\/\/akunq.net\/tr\/wp-content\/uploads\/2013\/09\/Taner-Ak\u00e7am-300x155.jpg\" width=\"300\" height=\"155\" \/><\/a>Taner Ak\u00e7am<\/b><\/p>\n<p style=\"text-align: justify\">Prof.\u00a0<b>S\u00fcleyman Ya\u015far<\/b>\u00a06 Eyl\u00fcl tarihli yaz\u0131s\u0131nda (<i>Sabah<\/i>), \u201c<b><i>\u0130ktisat tarihi yazanlar Ermeni tehcirinden hi\u00e7 bahsetmez<\/i><\/b>\u201d, diyor ve iktisat\u00e7\u0131lar\u0131n ni\u00e7in bu konu ile u\u011fra\u015fmad\u0131klar\u0131n\u0131 soruyor.<\/p>\n<p style=\"text-align: justify\">Ya\u015far, sorusuna cevap vermemi\u015f. Sadece Ba\u015fbakan aleyhine \u201c<b>diktat\u00f6r oldu\u011fu<\/b>\u201d bi\u00e7iminde y\u00fcr\u00fct\u00fclen kampanya ile bu Ermeni mallar\u0131 aras\u0131nda bir ba\u011f kurmu\u015f. Ya\u015far\u2019a g\u00f6re, Ba\u015fbakan\u2019a diktat\u00f6r diye sald\u0131r\u0131lmas\u0131n\u0131n \u00f6nemli nedeni, onun az\u0131nl\u0131k vak\u0131flar\u0131na ait mallar\u0131 geri vermeye ba\u015flamas\u0131. Beyaz T\u00fcrkler s\u0131ran\u0131n kendi el koyduklar\u0131 mallara gelece\u011finden korkuyorlar. Sald\u0131r\u0131lar\u0131n\u0131n nedeni bu.<b><br \/>\nEngin Ard\u0131\u00e7<\/b>\u00a07 Eyl\u00fcl\u2019de bu iddiay\u0131 destekler mahiyette bir yaz\u0131 yazd\u0131 (<i>Sabah<\/i>). Ard\u0131\u00e7\u2019a g\u00f6re de, Ermeni meselesinin k\u00f6k\u00fc parad\u0131r ve iktidar d\u00e2hil herkes, Ermenilerin tazminat istemelerinden korkmaktad\u0131r. Ard\u0131\u00e7 AKP\u2019nin, \u201c<b>\u0130ttihat\u00e7\u0131lar\u0131n yedikleri herzelere<\/b>\u201d sahip \u00e7\u0131kmas\u0131n\u0131 da bu nedene ba\u011fl\u0131yor.<\/p>\n<p style=\"text-align: justify\">Her iki yazar da, hemen hemen kimsenin yazmaya cesaret edemedi\u011fi \u201c<b>hassas<\/b>\u201d bir konuya de\u011finip, son derece \u00f6nemli tespitlerde bulunmu\u015flar. S\u00f6ylenenlere baz\u0131 ufak ekler yapmak istiyorum.<\/p>\n<p style=\"text-align: justify\">Birincisi, konu hakk\u0131nda susanlar bir tek iktisat\u00e7\u0131lar de\u011fil, onlar d\u0131\u015f\u0131nda da geni\u015f bir entelekt\u00fcel kesim var. Bu nedenle listeyi geni\u015fletmekte fayda var.<b><br \/>\n\u0130dris K\u00fc\u00e7\u00fck\u00f6mer<\/b>\u00a0\u00f6rne\u011fini \u00e7ok s\u0131k ve severek veririm. Onun\u00a0<b><i>D\u00fczenin Yabanc\u0131la\u015fmas\u0131<\/i><\/b>\u00a0adl\u0131 eseri T\u00fcrk d\u00fc\u015f\u00fcn hayat\u0131n\u0131n \u00f6nemli k\u00f6\u015fe ta\u015flar\u0131ndan birisidir. Kitapta ileri s\u00fcr\u00fclen tezler, entelekt\u00fcel d\u00fcnyam\u0131z\u0131 derinden etkilemi\u015f; solcusu, sa\u011fc\u0131s\u0131 ile t\u00fcm bir ayd\u0131n kesimi onlarca y\u0131l bitmez t\u00fckenmez tart\u0131\u015fmalara sokmu\u015ftur.<\/p>\n<p style=\"text-align: justify\">Oysa\u00a0<b>K\u00fc\u00e7\u00fck\u00f6mer<\/b>\u00a0Osmanl\u0131 toplumu analizi yaparken,\u00a0<b>b\u0131rak\u0131n Ermeni tehcirini, n\u00fcfusun neredeyse y\u00fczde 30\u2019unu olu\u015fturan H\u0131ristiyanlar\u0131 da yok saym\u0131\u015ft\u0131r<\/b>.<\/p>\n<p style=\"text-align: justify\">Toplumun y\u00fczde 30\u2019unu yok sayarak yap\u0131lan bir analizin ne kadar do\u011fru olup olmad\u0131\u011f\u0131 elbette tart\u0131\u015f\u0131l\u0131r, ama konum bu de\u011fil. Bundan \u00e7ok daha \u00f6nemli bir ba\u015fka husus var. K\u00fc\u00e7\u00fck\u00f6mer\u2019in H\u0131ristiyanlar\u0131 yok saymas\u0131, ne sevenlerini ne de nefret edenlerini fazla rahats\u0131z etti; h\u00e2l\u00e2 da etmiyor.<\/p>\n<p style=\"text-align: justify\">Onu seven ve sevmeyenlerinin belki tamam\u0131na yak\u0131n\u0131 mal-m\u00fclk korkusundan uzak ki\u015filer. Bunu herh\u00e2lde rahatl\u0131kla s\u00f6yleyebiliriz. O h\u00e2lde bunlar ni\u00e7in susuyor ve konu\u015fmuyorlar? Haydi Beyaz T\u00fcrk mal\u0131n\u0131n korkusundan ba\u011f\u0131r\u0131yor, peki ya entelekt\u00fcel d\u00fcnya? Galiba mesele baya\u011f\u0131 derinlerde bir yerde yat\u0131yor ve T\u00fcrklerin ulusal kimli\u011fi ile do\u011frudan ilgili. Bu konuyu a\u00e7mak, bug\u00fcne kadar kendimiz ve hayat\u0131m\u0131za ili\u015fkin do\u011fru bildi\u011fimiz her \u015feyin \u00e7\u00f6kmesi anlam\u0131na gelebilir. Korku bundan.<\/p>\n<p style=\"text-align: justify\">\u0130kincisi, bu mallar\u0131n kimler taraf\u0131ndan ya\u011fmaland\u0131\u011f\u0131 hususu. Ermenilerin b\u00fcy\u00fck \u00e7o\u011funlu\u011fu K\u00fcrt b\u00f6lgelerinde ya\u015f\u0131yorlard\u0131. Mallar\u0131n\u0131n \u00f6nemli bir k\u0131sm\u0131, bu b\u00f6lge insan\u0131 taraf\u0131ndan da ya\u011fmaland\u0131. Bunlar Beyaz T\u00fcrk de\u011fil.<\/p>\n<p style=\"text-align: justify\">Galiba K\u00fcrtlerin art\u0131k, \u201c<b>Ermeni katliam\u0131nda T\u00fcrkler bizi kulland\u0131lar<\/b>\u201d tezinden vazge\u00e7melerinde fayda var. Ger\u00e7eklik, baz\u0131 d\u00f6nemlerde \u201c<b>kullanma<\/b>\u201d ili\u015fkisinin tersten do\u011fru oldu\u011fu y\u00f6n\u00fcndedir. Ermeni katliam\u0131 T\u00fcrk- K\u00fcrt g\u00f6n\u00fcll\u00fc ortakl\u0131\u011f\u0131n\u0131n eseridir, ve her iki kesim beraberce sorumludurlar. Su\u00e7u \u00f6tekine y\u00fckleme kolayc\u0131l\u0131\u011f\u0131ndan kurtulmak gerekir.<\/p>\n<p style=\"text-align: justify\">\u00dc\u00e7\u00fcnc\u00fcs\u00fc, Beyaz T\u00fcrklerin diktat\u00f6rl\u00fck kampanyas\u0131n\u0131 mal m\u00fclk korkusu nedeniyle y\u00fcr\u00fctt\u00fcklerini bir an i\u00e7in kabul etsek bile, galiba bu, ger\u00e7e\u011fin sadece bir k\u0131sm\u0131. AKP\u2019nin az\u0131nl\u0131k vak\u0131f mallar\u0131n\u0131n, o da \u00e7ok s\u0131n\u0131rl\u0131 bir k\u0131sm\u0131n\u0131, geri vermesi el konan ve ya\u011fmalanan mallar\u0131n i\u00e7inde okyanusta bir damla gibidir.<\/p>\n<p style=\"text-align: justify\">Bu nedenle, mallar\u0131n iadesinin Erdo\u011fan- Beyaz T\u00fcrk kavgas\u0131na yol a\u00e7t\u0131\u011f\u0131 konusunda \u015f\u00fcpheliyim. \u00d6zellikle AKP\u2019nin Anadolu\u2019daki kitlesel deste\u011fi a\u00e7\u0131s\u0131ndan konuya bakarsak, galiba Erdo\u011fan- Beyaz T\u00fcrk ortakl\u0131\u011f\u0131ndan s\u00f6z etmek daha do\u011fru olur. K\u00fcrtleri de unutmadan. Koalisyon maalesef \u00e7ok geni\u015f.<b><br \/>\n<i>tanerakcam@gmail.com<\/i><\/b><\/p>\n<p style=\"text-align: justify\"><a href=\"http:\/\/www.taraf.com.tr\/taner-akcam\/makale-iktisatcilarimiz-ve-ermeni-mallari.htm\"><b><i>http:\/\/www.taraf.com.tr\/taner-akcam\/makale-iktisatcilarimiz-ve-ermeni-mallari.htm<\/i><\/b><\/a><\/p>\n","protected":false},"excerpt":{"rendered":"<p>Taner Ak\u00e7am Prof.\u00a0S\u00fcleyman Ya\u015far\u00a06 Eyl\u00fcl tarihli yaz\u0131s\u0131nda (Sabah), \u201c\u0130ktisat tarihi yazanlar Ermeni tehcirinden hi\u00e7 bahsetmez\u201d, diyor ve iktisat\u00e7\u0131lar\u0131n ni\u00e7in bu konu ile u\u011fra\u015fmad\u0131klar\u0131n\u0131 soruyor. Ya\u015far, sorusuna cevap vermemi\u015f. Sadece Ba\u015fbakan aleyhine \u201cdiktat\u00f6r oldu\u011fu\u201d bi\u00e7iminde y\u00fcr\u00fct\u00fclen kampanya ile bu Ermeni mallar\u0131 aras\u0131nda bir ba\u011f kurmu\u015f. Ya\u015far\u2019a g\u00f6re, Ba\u015fbakan\u2019a diktat\u00f6r diye sald\u0131r\u0131lmas\u0131n\u0131n \u00f6nemli nedeni, onun az\u0131nl\u0131k vak\u0131flar\u0131na [&hellip;]<\/p>\n","protected":false},"author":3,"featured_media":0,"comment_status":"open","ping_status":"open","sticky":false,"template":"","format":"standard","meta":{"footnotes":""},"categories":[6,14,26],"tags":[],"class_list":["post-25476","post","type-post","status-publish","format-standard","hentry","category-ermeni-soykirimi","category-haberler","category-makaleler"],"yoast_head":"<!-- This site is optimized with the Yoast SEO plugin v26.6 - https:\/\/yoast.com\/wordpress\/plugins\/seo\/ -->\n<title>\u0130ktisat\u00e7\u0131lar\u0131m\u0131z ve Ermeni mallar\u0131 - Bati Ermenistan Ve Bati Ermenileri Sorunlari Ara\u015ftirmalar Merkezi<\/title>\n<meta name=\"robots\" content=\"index, follow, max-snippet:-1, max-image-preview:large, max-video-preview:-1\" \/>\n<link rel=\"canonical\" href=\"https:\/\/akunq.net\/turkish\/2013\/09\/11\/iktisatcilarimiz-ve-ermeni-mallari\/\" \/>\n<meta property=\"og:locale\" content=\"en_US\" \/>\n<meta property=\"og:type\" content=\"article\" \/>\n<meta property=\"og:title\" content=\"\u0130ktisat\u00e7\u0131lar\u0131m\u0131z ve Ermeni mallar\u0131 - Bati Ermenistan Ve Bati Ermenileri Sorunlari Ara\u015ftirmalar Merkezi\" \/>\n<meta property=\"og:description\" content=\"Taner Ak\u00e7am Prof.\u00a0S\u00fcleyman Ya\u015far\u00a06 Eyl\u00fcl tarihli yaz\u0131s\u0131nda (Sabah), \u201c\u0130ktisat tarihi yazanlar Ermeni tehcirinden hi\u00e7 bahsetmez\u201d, diyor ve iktisat\u00e7\u0131lar\u0131n ni\u00e7in bu konu ile u\u011fra\u015fmad\u0131klar\u0131n\u0131 soruyor. Ya\u015far, sorusuna cevap vermemi\u015f. Sadece Ba\u015fbakan aleyhine \u201cdiktat\u00f6r oldu\u011fu\u201d bi\u00e7iminde y\u00fcr\u00fct\u00fclen kampanya ile bu Ermeni mallar\u0131 aras\u0131nda bir ba\u011f kurmu\u015f. Ya\u015far\u2019a g\u00f6re, Ba\u015fbakan\u2019a diktat\u00f6r diye sald\u0131r\u0131lmas\u0131n\u0131n \u00f6nemli nedeni, onun az\u0131nl\u0131k vak\u0131flar\u0131na [&hellip;]\" \/>\n<meta property=\"og:url\" content=\"https:\/\/akunq.net\/turkish\/2013\/09\/11\/iktisatcilarimiz-ve-ermeni-mallari\/\" \/>\n<meta property=\"og:site_name\" content=\"Bati Ermenistan Ve Bati Ermenileri Sorunlari Ara\u015ftirmalar Merkezi\" \/>\n<meta property=\"article:published_time\" content=\"2013-09-11T11:11:28+00:00\" \/>\n<meta name=\"author\" content=\"kalem\" \/>\n<meta name=\"twitter:card\" content=\"summary_large_image\" \/>\n<meta name=\"twitter:label1\" content=\"Written by\" \/>\n\t<meta name=\"twitter:data1\" content=\"kalem\" \/>\n\t<meta name=\"twitter:label2\" content=\"Est. reading time\" \/>\n\t<meta name=\"twitter:data2\" content=\"4 minutes\" \/>\n<script type=\"application\/ld+json\" class=\"yoast-schema-graph\">{\"@context\":\"https:\/\/schema.org\",\"@graph\":[{\"@type\":\"WebPage\",\"@id\":\"https:\/\/akunq.net\/turkish\/2013\/09\/11\/iktisatcilarimiz-ve-ermeni-mallari\/\",\"url\":\"https:\/\/akunq.net\/turkish\/2013\/09\/11\/iktisatcilarimiz-ve-ermeni-mallari\/\",\"name\":\"\u0130ktisat\u00e7\u0131lar\u0131m\u0131z ve Ermeni mallar\u0131 - Bati Ermenistan Ve Bati Ermenileri Sorunlari Ara\u015ftirmalar Merkezi\",\"isPartOf\":{\"@id\":\"https:\/\/akunq.net\/turkish\/#website\"},\"datePublished\":\"2013-09-11T11:11:28+00:00\",\"author\":{\"@id\":\"https:\/\/akunq.net\/turkish\/#\/schema\/person\/135e7923d1aeb8887890799619969a6c\"},\"breadcrumb\":{\"@id\":\"https:\/\/akunq.net\/turkish\/2013\/09\/11\/iktisatcilarimiz-ve-ermeni-mallari\/#breadcrumb\"},\"inLanguage\":\"en-US\",\"potentialAction\":[{\"@type\":\"ReadAction\",\"target\":[\"https:\/\/akunq.net\/turkish\/2013\/09\/11\/iktisatcilarimiz-ve-ermeni-mallari\/\"]}]},{\"@type\":\"BreadcrumbList\",\"@id\":\"https:\/\/akunq.net\/turkish\/2013\/09\/11\/iktisatcilarimiz-ve-ermeni-mallari\/#breadcrumb\",\"itemListElement\":[{\"@type\":\"ListItem\",\"position\":1,\"name\":\"Home\",\"item\":\"https:\/\/akunq.net\/turkish\/\"},{\"@type\":\"ListItem\",\"position\":2,\"name\":\"\u0130ktisat\u00e7\u0131lar\u0131m\u0131z ve Ermeni mallar\u0131\"}]},{\"@type\":\"WebSite\",\"@id\":\"https:\/\/akunq.net\/turkish\/#website\",\"url\":\"https:\/\/akunq.net\/turkish\/\",\"name\":\"Bati Ermenistan Ve Bati Ermenileri Sorunlari Ara\u015ftirmalar Merkezi\",\"description\":\"\",\"potentialAction\":[{\"@type\":\"SearchAction\",\"target\":{\"@type\":\"EntryPoint\",\"urlTemplate\":\"https:\/\/akunq.net\/turkish\/?s={search_term_string}\"},\"query-input\":{\"@type\":\"PropertyValueSpecification\",\"valueRequired\":true,\"valueName\":\"search_term_string\"}}],\"inLanguage\":\"en-US\"},{\"@type\":\"Person\",\"@id\":\"https:\/\/akunq.net\/turkish\/#\/schema\/person\/135e7923d1aeb8887890799619969a6c\",\"name\":\"kalem\",\"image\":{\"@type\":\"ImageObject\",\"inLanguage\":\"en-US\",\"@id\":\"https:\/\/akunq.net\/turkish\/#\/schema\/person\/image\/\",\"url\":\"https:\/\/secure.gravatar.com\/avatar\/a06875e4b25feb5674296adf8e8a7ae1e587cebce2493fe63c456109967e27d3?s=96&d=mm&r=g\",\"contentUrl\":\"https:\/\/secure.gravatar.com\/avatar\/a06875e4b25feb5674296adf8e8a7ae1e587cebce2493fe63c456109967e27d3?s=96&d=mm&r=g\",\"caption\":\"kalem\"},\"url\":\"https:\/\/akunq.net\/turkish\/author\/kalem\/\"}]}<\/script>\n<!-- \/ Yoast SEO plugin. -->","yoast_head_json":{"title":"\u0130ktisat\u00e7\u0131lar\u0131m\u0131z ve Ermeni mallar\u0131 - Bati Ermenistan Ve Bati Ermenileri Sorunlari Ara\u015ftirmalar Merkezi","robots":{"index":"index","follow":"follow","max-snippet":"max-snippet:-1","max-image-preview":"max-image-preview:large","max-video-preview":"max-video-preview:-1"},"canonical":"https:\/\/akunq.net\/turkish\/2013\/09\/11\/iktisatcilarimiz-ve-ermeni-mallari\/","og_locale":"en_US","og_type":"article","og_title":"\u0130ktisat\u00e7\u0131lar\u0131m\u0131z ve Ermeni mallar\u0131 - Bati Ermenistan Ve Bati Ermenileri Sorunlari Ara\u015ftirmalar Merkezi","og_description":"Taner Ak\u00e7am Prof.\u00a0S\u00fcleyman Ya\u015far\u00a06 Eyl\u00fcl tarihli yaz\u0131s\u0131nda (Sabah), \u201c\u0130ktisat tarihi yazanlar Ermeni tehcirinden hi\u00e7 bahsetmez\u201d, diyor ve iktisat\u00e7\u0131lar\u0131n ni\u00e7in bu konu ile u\u011fra\u015fmad\u0131klar\u0131n\u0131 soruyor. Ya\u015far, sorusuna cevap vermemi\u015f. Sadece Ba\u015fbakan aleyhine \u201cdiktat\u00f6r oldu\u011fu\u201d bi\u00e7iminde y\u00fcr\u00fct\u00fclen kampanya ile bu Ermeni mallar\u0131 aras\u0131nda bir ba\u011f kurmu\u015f. Ya\u015far\u2019a g\u00f6re, Ba\u015fbakan\u2019a diktat\u00f6r diye sald\u0131r\u0131lmas\u0131n\u0131n \u00f6nemli nedeni, onun az\u0131nl\u0131k vak\u0131flar\u0131na [&hellip;]","og_url":"https:\/\/akunq.net\/turkish\/2013\/09\/11\/iktisatcilarimiz-ve-ermeni-mallari\/","og_site_name":"Bati Ermenistan Ve Bati Ermenileri Sorunlari Ara\u015ftirmalar Merkezi","article_published_time":"2013-09-11T11:11:28+00:00","author":"kalem","twitter_card":"summary_large_image","twitter_misc":{"Written by":"kalem","Est. reading time":"4 minutes"},"schema":{"@context":"https:\/\/schema.org","@graph":[{"@type":"WebPage","@id":"https:\/\/akunq.net\/turkish\/2013\/09\/11\/iktisatcilarimiz-ve-ermeni-mallari\/","url":"https:\/\/akunq.net\/turkish\/2013\/09\/11\/iktisatcilarimiz-ve-ermeni-mallari\/","name":"\u0130ktisat\u00e7\u0131lar\u0131m\u0131z ve Ermeni mallar\u0131 - Bati Ermenistan Ve Bati Ermenileri Sorunlari Ara\u015ftirmalar Merkezi","isPartOf":{"@id":"https:\/\/akunq.net\/turkish\/#website"},"datePublished":"2013-09-11T11:11:28+00:00","author":{"@id":"https:\/\/akunq.net\/turkish\/#\/schema\/person\/135e7923d1aeb8887890799619969a6c"},"breadcrumb":{"@id":"https:\/\/akunq.net\/turkish\/2013\/09\/11\/iktisatcilarimiz-ve-ermeni-mallari\/#breadcrumb"},"inLanguage":"en-US","potentialAction":[{"@type":"ReadAction","target":["https:\/\/akunq.net\/turkish\/2013\/09\/11\/iktisatcilarimiz-ve-ermeni-mallari\/"]}]},{"@type":"BreadcrumbList","@id":"https:\/\/akunq.net\/turkish\/2013\/09\/11\/iktisatcilarimiz-ve-ermeni-mallari\/#breadcrumb","itemListElement":[{"@type":"ListItem","position":1,"name":"Home","item":"https:\/\/akunq.net\/turkish\/"},{"@type":"ListItem","position":2,"name":"\u0130ktisat\u00e7\u0131lar\u0131m\u0131z ve Ermeni mallar\u0131"}]},{"@type":"WebSite","@id":"https:\/\/akunq.net\/turkish\/#website","url":"https:\/\/akunq.net\/turkish\/","name":"Bati Ermenistan Ve Bati Ermenileri Sorunlari Ara\u015ftirmalar Merkezi","description":"","potentialAction":[{"@type":"SearchAction","target":{"@type":"EntryPoint","urlTemplate":"https:\/\/akunq.net\/turkish\/?s={search_term_string}"},"query-input":{"@type":"PropertyValueSpecification","valueRequired":true,"valueName":"search_term_string"}}],"inLanguage":"en-US"},{"@type":"Person","@id":"https:\/\/akunq.net\/turkish\/#\/schema\/person\/135e7923d1aeb8887890799619969a6c","name":"kalem","image":{"@type":"ImageObject","inLanguage":"en-US","@id":"https:\/\/akunq.net\/turkish\/#\/schema\/person\/image\/","url":"https:\/\/secure.gravatar.com\/avatar\/a06875e4b25feb5674296adf8e8a7ae1e587cebce2493fe63c456109967e27d3?s=96&d=mm&r=g","contentUrl":"https:\/\/secure.gravatar.com\/avatar\/a06875e4b25feb5674296adf8e8a7ae1e587cebce2493fe63c456109967e27d3?s=96&d=mm&r=g","caption":"kalem"},"url":"https:\/\/akunq.net\/turkish\/author\/kalem\/"}]}},"_links":{"self":[{"href":"https:\/\/akunq.net\/turkish\/wp-json\/wp\/v2\/posts\/25476","targetHints":{"allow":["GET"]}}],"collection":[{"href":"https:\/\/akunq.net\/turkish\/wp-json\/wp\/v2\/posts"}],"about":[{"href":"https:\/\/akunq.net\/turkish\/wp-json\/wp\/v2\/types\/post"}],"author":[{"embeddable":true,"href":"https:\/\/akunq.net\/turkish\/wp-json\/wp\/v2\/users\/3"}],"replies":[{"embeddable":true,"href":"https:\/\/akunq.net\/turkish\/wp-json\/wp\/v2\/comments?post=25476"}],"version-history":[{"count":0,"href":"https:\/\/akunq.net\/turkish\/wp-json\/wp\/v2\/posts\/25476\/revisions"}],"wp:attachment":[{"href":"https:\/\/akunq.net\/turkish\/wp-json\/wp\/v2\/media?parent=25476"}],"wp:term":[{"taxonomy":"category","embeddable":true,"href":"https:\/\/akunq.net\/turkish\/wp-json\/wp\/v2\/categories?post=25476"},{"taxonomy":"post_tag","embeddable":true,"href":"https:\/\/akunq.net\/turkish\/wp-json\/wp\/v2\/tags?post=25476"}],"curies":[{"name":"wp","href":"https:\/\/api.w.org\/{rel}","templated":true}]}}