{"id":25410,"date":"2013-09-09T02:46:20","date_gmt":"2013-09-09T07:46:20","guid":{"rendered":"http:\/\/akunq.net\/tr\/?p=25410"},"modified":"2013-09-09T02:46:20","modified_gmt":"2013-09-09T07:46:20","slug":"arjantinde-erdogana-ermeni-protestosu","status":"publish","type":"post","link":"https:\/\/akunq.net\/turkish\/2013\/09\/09\/arjantinde-erdogana-ermeni-protestosu\/","title":{"rendered":"Arjantin&#8217;de Erdo\u011fan&#8217;a &#8216;Ermeni&#8217; protestosu"},"content":{"rendered":"<h5 style=\"text-align: justify\"><i><a href=\"http:\/\/akunq.net\/tr\/wp-content\/uploads\/2013\/09\/\u0531\u0580\u0563\u0565\u0576\u057f\u056b\u0576\u0561\u0575\u0578\u0582\u0574-\u0570\u0561\u0575\u0565\u0580\u0568-\u0539\u0578\u0582\u0580\u0584\u056b\u0561\u0575\u056b-\u0564\u0565\u0574.jpg\"><img loading=\"lazy\" decoding=\"async\" class=\"alignright size-medium wp-image-25411\" alt=\"\u0531\u0580\u0563\u0565\u0576\u057f\u056b\u0576\u0561\u0575\u0578\u0582\u0574 \u0570\u0561\u0575\u0565\u0580\u0568 \u0539\u0578\u0582\u0580\u0584\u056b\u0561\u0575\u056b \u0564\u0565\u0574\" src=\"http:\/\/akunq.net\/tr\/wp-content\/uploads\/2013\/09\/\u0531\u0580\u0563\u0565\u0576\u057f\u056b\u0576\u0561\u0575\u0578\u0582\u0574-\u0570\u0561\u0575\u0565\u0580\u0568-\u0539\u0578\u0582\u0580\u0584\u056b\u0561\u0575\u056b-\u0564\u0565\u0574-300x206.jpg\" width=\"300\" height=\"206\" srcset=\"https:\/\/akunq.net\/turkish\/wp-content\/uploads\/sites\/5\/2013\/09\/\u0531\u0580\u0563\u0565\u0576\u057f\u056b\u0576\u0561\u0575\u0578\u0582\u0574-\u0570\u0561\u0575\u0565\u0580\u0568-\u0539\u0578\u0582\u0580\u0584\u056b\u0561\u0575\u056b-\u0564\u0565\u0574-300x206.jpg 300w, https:\/\/akunq.net\/turkish\/wp-content\/uploads\/sites\/5\/2013\/09\/\u0531\u0580\u0563\u0565\u0576\u057f\u056b\u0576\u0561\u0575\u0578\u0582\u0574-\u0570\u0561\u0575\u0565\u0580\u0568-\u0539\u0578\u0582\u0580\u0584\u056b\u0561\u0575\u056b-\u0564\u0565\u0574.jpg 307w\" sizes=\"auto, (max-width: 300px) 100vw, 300px\" \/><\/a>2020 Olimpiyat se\u00e7imlerinin yap\u0131ld\u0131\u011f\u0131 Hilton Oteli&#8217;nin \u00f6n\u00fcnde toplanan ve ve \u00fczerinde &#8220;D\u00fcn\u00fcn soyk\u0131r\u0131mc\u0131lar\u0131 bug\u00fcn\u00fcn inkarc\u0131lar\u0131-Soyk\u0131r\u0131mc\u0131 T\u00fcrk devleti&#8221; yaz\u0131l\u0131 bir pankart ta\u015f\u0131yan 500 ki\u015filik bir grup T\u00fcrkiye ve Ba\u015fbakan Erdo\u011fan aleyhine sloganlar att\u0131.<\/i><\/h5>\n<p style=\"text-align: justify\"><strong><i>BUENOS A\u0130RES &#8211;<\/i><\/strong>Buenos Aires Ermeni Gen\u00e7lik \u00d6rg\u00fct\u00fc, Ba\u015fbakan <a href=\"http:\/\/www.radikal.com.tr\/index\/Recep-Tayyip-Erdogan\">Recep Tayyip Erdo\u011fan<\/a> aleyhine eylem yapt\u0131.<\/p>\n<p style=\"text-align: justify\">500 ki\u015filik bir grup, 2020 Olimpiyat se\u00e7imlerinin yap\u0131ld\u0131\u011f\u0131 Hilton Oteli&#8217;nin \u00f6n\u00fcnde topland\u0131. <a href=\"http:\/\/www.radikal.com.tr\/index\/Ataturk\">Atat\u00fcrk<\/a> ve Erdo\u011fan&#8217;\u0131n resimlerinin bulundu\u011fu ve \u00fczerinde &#8220;D\u00fcn\u00fcn soyk\u0131r\u0131mc\u0131lar\u0131 bug\u00fcn\u00fcn inkarc\u0131lar\u0131-Soyk\u0131r\u0131mc\u0131 T\u00fcrk devleti&#8221; yaz\u0131l\u0131 bir pankart ta\u015f\u0131yan g\u00f6stericilere daha sonra Devrimci Barikat Olu\u015fumu da kat\u0131ld\u0131. G\u00f6steride <a href=\"http:\/\/www.radikal.com.tr\/index\/Hrant-Dink\">Hrant Dink<\/a> &#8216;in yan\u0131 s\u0131ra, <a href=\"http:\/\/www.radikal.com.tr\/index\/geziparki\">Gezi Park\u0131<\/a> protestolar\u0131 s\u0131ras\u0131nda hayat\u0131n\u0131 kaybeden Ali \u0130smail Korkmaz ile Mehmet Ayval\u0131ta\u015f\u2019\u0131n resimleri de ta\u015f\u0131nd\u0131.<\/p>\n<p style=\"text-align: justify\">Ya\u011fmur alt\u0131nda bir s\u00fcre g\u00f6sterilerine devam eden toplulu\u011fun &#8220;Erdo\u011fan d\u0131\u015far\u0131&#8221;, &#8220;1.500.001. soyk\u0131r\u0131m kurban\u0131 Hrant Dink&#8221;, Soyk\u0131r\u0131mc\u0131 T\u00fcrk devleti 1.500.000 Ermeniyi katletti. Adalet istiyoruz&#8221; yaz\u0131l\u0131 pankartlar ta\u015f\u0131d\u0131\u011f\u0131 g\u00f6r\u00fcld\u00fc.<\/p>\n<p style=\"text-align: justify\"><strong><i>CANAN KAYA \/ DHA<\/i><\/strong><\/p>\n<p style=\"text-align: justify\"><b><i>http:\/\/www.radikal.com.tr\/dunya\/arjantinde_erdogana_ermeni_protestosu-1149747<\/i><\/b><\/p>\n","protected":false},"excerpt":{"rendered":"<p>2020 Olimpiyat se\u00e7imlerinin yap\u0131ld\u0131\u011f\u0131 Hilton Oteli&#8217;nin \u00f6n\u00fcnde toplanan ve ve \u00fczerinde &#8220;D\u00fcn\u00fcn soyk\u0131r\u0131mc\u0131lar\u0131 bug\u00fcn\u00fcn inkarc\u0131lar\u0131-Soyk\u0131r\u0131mc\u0131 T\u00fcrk devleti&#8221; yaz\u0131l\u0131 bir pankart ta\u015f\u0131yan 500 ki\u015filik bir grup T\u00fcrkiye ve Ba\u015fbakan Erdo\u011fan aleyhine sloganlar att\u0131. BUENOS A\u0130RES &#8211;Buenos Aires Ermeni Gen\u00e7lik \u00d6rg\u00fct\u00fc, Ba\u015fbakan Recep Tayyip Erdo\u011fan aleyhine eylem yapt\u0131. 500 ki\u015filik bir grup, 2020 Olimpiyat se\u00e7imlerinin yap\u0131ld\u0131\u011f\u0131 Hilton [&hellip;]<\/p>\n","protected":false},"author":3,"featured_media":0,"comment_status":"open","ping_status":"open","sticky":false,"template":"","format":"standard","meta":{"footnotes":""},"categories":[14],"tags":[],"class_list":["post-25410","post","type-post","status-publish","format-standard","hentry","category-haberler"],"yoast_head":"<!-- This site is optimized with the Yoast SEO plugin v27.4 - https:\/\/yoast.com\/product\/yoast-seo-wordpress\/ -->\n<title>Arjantin&#039;de Erdo\u011fan&#039;a &#039;Ermeni&#039; protestosu - Bati Ermenistan Ve Bati Ermenileri Sorunlari Ara\u015ftirmalar Merkezi<\/title>\n<meta name=\"robots\" content=\"index, follow, max-snippet:-1, max-image-preview:large, max-video-preview:-1\" \/>\n<link rel=\"canonical\" href=\"https:\/\/akunq.net\/turkish\/2013\/09\/09\/arjantinde-erdogana-ermeni-protestosu\/\" \/>\n<meta property=\"og:locale\" content=\"en_US\" \/>\n<meta property=\"og:type\" content=\"article\" \/>\n<meta property=\"og:title\" content=\"Arjantin&#039;de Erdo\u011fan&#039;a &#039;Ermeni&#039; protestosu - Bati Ermenistan Ve Bati Ermenileri Sorunlari Ara\u015ftirmalar Merkezi\" \/>\n<meta property=\"og:description\" content=\"2020 Olimpiyat se\u00e7imlerinin yap\u0131ld\u0131\u011f\u0131 Hilton Oteli&#8217;nin \u00f6n\u00fcnde toplanan ve ve \u00fczerinde &#8220;D\u00fcn\u00fcn soyk\u0131r\u0131mc\u0131lar\u0131 bug\u00fcn\u00fcn inkarc\u0131lar\u0131-Soyk\u0131r\u0131mc\u0131 T\u00fcrk devleti&#8221; yaz\u0131l\u0131 bir pankart ta\u015f\u0131yan 500 ki\u015filik bir grup T\u00fcrkiye ve Ba\u015fbakan Erdo\u011fan aleyhine sloganlar att\u0131. BUENOS A\u0130RES &#8211;Buenos Aires Ermeni Gen\u00e7lik \u00d6rg\u00fct\u00fc, Ba\u015fbakan Recep Tayyip Erdo\u011fan aleyhine eylem yapt\u0131. 500 ki\u015filik bir grup, 2020 Olimpiyat se\u00e7imlerinin yap\u0131ld\u0131\u011f\u0131 Hilton [&hellip;]\" \/>\n<meta property=\"og:url\" content=\"https:\/\/akunq.net\/turkish\/2013\/09\/09\/arjantinde-erdogana-ermeni-protestosu\/\" \/>\n<meta property=\"og:site_name\" content=\"Bati Ermenistan Ve Bati Ermenileri Sorunlari Ara\u015ftirmalar Merkezi\" \/>\n<meta property=\"article:published_time\" content=\"2013-09-09T07:46:20+00:00\" \/>\n<meta name=\"author\" content=\"kalem\" \/>\n<meta name=\"twitter:card\" content=\"summary_large_image\" \/>\n<meta name=\"twitter:label1\" content=\"Written by\" \/>\n\t<meta name=\"twitter:data1\" content=\"kalem\" \/>\n\t<meta name=\"twitter:label2\" content=\"Est. reading time\" \/>\n\t<meta name=\"twitter:data2\" content=\"1 minute\" \/>\n<script type=\"application\/ld+json\" class=\"yoast-schema-graph\">{\"@context\":\"https:\\\/\\\/schema.org\",\"@graph\":[{\"@type\":\"Article\",\"@id\":\"https:\\\/\\\/akunq.net\\\/turkish\\\/2013\\\/09\\\/09\\\/arjantinde-erdogana-ermeni-protestosu\\\/#article\",\"isPartOf\":{\"@id\":\"https:\\\/\\\/akunq.net\\\/turkish\\\/2013\\\/09\\\/09\\\/arjantinde-erdogana-ermeni-protestosu\\\/\"},\"author\":{\"name\":\"kalem\",\"@id\":\"https:\\\/\\\/akunq.net\\\/turkish\\\/#\\\/schema\\\/person\\\/135e7923d1aeb8887890799619969a6c\"},\"headline\":\"Arjantin&#8217;de Erdo\u011fan&#8217;a &#8216;Ermeni&#8217; protestosu\",\"datePublished\":\"2013-09-09T07:46:20+00:00\",\"mainEntityOfPage\":{\"@id\":\"https:\\\/\\\/akunq.net\\\/turkish\\\/2013\\\/09\\\/09\\\/arjantinde-erdogana-ermeni-protestosu\\\/\"},\"wordCount\":219,\"commentCount\":0,\"articleSection\":[\"Haberler\"],\"inLanguage\":\"en-US\",\"potentialAction\":[{\"@type\":\"CommentAction\",\"name\":\"Comment\",\"target\":[\"https:\\\/\\\/akunq.net\\\/turkish\\\/2013\\\/09\\\/09\\\/arjantinde-erdogana-ermeni-protestosu\\\/#respond\"]}]},{\"@type\":\"WebPage\",\"@id\":\"https:\\\/\\\/akunq.net\\\/turkish\\\/2013\\\/09\\\/09\\\/arjantinde-erdogana-ermeni-protestosu\\\/\",\"url\":\"https:\\\/\\\/akunq.net\\\/turkish\\\/2013\\\/09\\\/09\\\/arjantinde-erdogana-ermeni-protestosu\\\/\",\"name\":\"Arjantin'de Erdo\u011fan'a 'Ermeni' protestosu - Bati Ermenistan Ve Bati Ermenileri Sorunlari Ara\u015ftirmalar Merkezi\",\"isPartOf\":{\"@id\":\"https:\\\/\\\/akunq.net\\\/turkish\\\/#website\"},\"datePublished\":\"2013-09-09T07:46:20+00:00\",\"author\":{\"@id\":\"https:\\\/\\\/akunq.net\\\/turkish\\\/#\\\/schema\\\/person\\\/135e7923d1aeb8887890799619969a6c\"},\"breadcrumb\":{\"@id\":\"https:\\\/\\\/akunq.net\\\/turkish\\\/2013\\\/09\\\/09\\\/arjantinde-erdogana-ermeni-protestosu\\\/#breadcrumb\"},\"inLanguage\":\"en-US\",\"potentialAction\":[{\"@type\":\"ReadAction\",\"target\":[\"https:\\\/\\\/akunq.net\\\/turkish\\\/2013\\\/09\\\/09\\\/arjantinde-erdogana-ermeni-protestosu\\\/\"]}]},{\"@type\":\"BreadcrumbList\",\"@id\":\"https:\\\/\\\/akunq.net\\\/turkish\\\/2013\\\/09\\\/09\\\/arjantinde-erdogana-ermeni-protestosu\\\/#breadcrumb\",\"itemListElement\":[{\"@type\":\"ListItem\",\"position\":1,\"name\":\"Home\",\"item\":\"https:\\\/\\\/akunq.net\\\/turkish\\\/\"},{\"@type\":\"ListItem\",\"position\":2,\"name\":\"Arjantin&#8217;de Erdo\u011fan&#8217;a &#8216;Ermeni&#8217; protestosu\"}]},{\"@type\":\"WebSite\",\"@id\":\"https:\\\/\\\/akunq.net\\\/turkish\\\/#website\",\"url\":\"https:\\\/\\\/akunq.net\\\/turkish\\\/\",\"name\":\"Bati Ermenistan Ve Bati Ermenileri Sorunlari Ara\u015ftirmalar Merkezi\",\"description\":\"\",\"potentialAction\":[{\"@type\":\"SearchAction\",\"target\":{\"@type\":\"EntryPoint\",\"urlTemplate\":\"https:\\\/\\\/akunq.net\\\/turkish\\\/?s={search_term_string}\"},\"query-input\":{\"@type\":\"PropertyValueSpecification\",\"valueRequired\":true,\"valueName\":\"search_term_string\"}}],\"inLanguage\":\"en-US\"},{\"@type\":\"Person\",\"@id\":\"https:\\\/\\\/akunq.net\\\/turkish\\\/#\\\/schema\\\/person\\\/135e7923d1aeb8887890799619969a6c\",\"name\":\"kalem\",\"image\":{\"@type\":\"ImageObject\",\"inLanguage\":\"en-US\",\"@id\":\"https:\\\/\\\/secure.gravatar.com\\\/avatar\\\/a06875e4b25feb5674296adf8e8a7ae1e587cebce2493fe63c456109967e27d3?s=96&d=mm&r=g\",\"url\":\"https:\\\/\\\/secure.gravatar.com\\\/avatar\\\/a06875e4b25feb5674296adf8e8a7ae1e587cebce2493fe63c456109967e27d3?s=96&d=mm&r=g\",\"contentUrl\":\"https:\\\/\\\/secure.gravatar.com\\\/avatar\\\/a06875e4b25feb5674296adf8e8a7ae1e587cebce2493fe63c456109967e27d3?s=96&d=mm&r=g\",\"caption\":\"kalem\"},\"url\":\"https:\\\/\\\/akunq.net\\\/turkish\\\/author\\\/kalem\\\/\"}]}<\/script>\n<!-- \/ Yoast SEO plugin. -->","yoast_head_json":{"title":"Arjantin'de Erdo\u011fan'a 'Ermeni' protestosu - Bati Ermenistan Ve Bati Ermenileri Sorunlari Ara\u015ftirmalar Merkezi","robots":{"index":"index","follow":"follow","max-snippet":"max-snippet:-1","max-image-preview":"max-image-preview:large","max-video-preview":"max-video-preview:-1"},"canonical":"https:\/\/akunq.net\/turkish\/2013\/09\/09\/arjantinde-erdogana-ermeni-protestosu\/","og_locale":"en_US","og_type":"article","og_title":"Arjantin'de Erdo\u011fan'a 'Ermeni' protestosu - Bati Ermenistan Ve Bati Ermenileri Sorunlari Ara\u015ftirmalar Merkezi","og_description":"2020 Olimpiyat se\u00e7imlerinin yap\u0131ld\u0131\u011f\u0131 Hilton Oteli&#8217;nin \u00f6n\u00fcnde toplanan ve ve \u00fczerinde &#8220;D\u00fcn\u00fcn soyk\u0131r\u0131mc\u0131lar\u0131 bug\u00fcn\u00fcn inkarc\u0131lar\u0131-Soyk\u0131r\u0131mc\u0131 T\u00fcrk devleti&#8221; yaz\u0131l\u0131 bir pankart ta\u015f\u0131yan 500 ki\u015filik bir grup T\u00fcrkiye ve Ba\u015fbakan Erdo\u011fan aleyhine sloganlar att\u0131. BUENOS A\u0130RES &#8211;Buenos Aires Ermeni Gen\u00e7lik \u00d6rg\u00fct\u00fc, Ba\u015fbakan Recep Tayyip Erdo\u011fan aleyhine eylem yapt\u0131. 500 ki\u015filik bir grup, 2020 Olimpiyat se\u00e7imlerinin yap\u0131ld\u0131\u011f\u0131 Hilton [&hellip;]","og_url":"https:\/\/akunq.net\/turkish\/2013\/09\/09\/arjantinde-erdogana-ermeni-protestosu\/","og_site_name":"Bati Ermenistan Ve Bati Ermenileri Sorunlari Ara\u015ftirmalar Merkezi","article_published_time":"2013-09-09T07:46:20+00:00","author":"kalem","twitter_card":"summary_large_image","twitter_misc":{"Written by":"kalem","Est. reading time":"1 minute"},"schema":{"@context":"https:\/\/schema.org","@graph":[{"@type":"Article","@id":"https:\/\/akunq.net\/turkish\/2013\/09\/09\/arjantinde-erdogana-ermeni-protestosu\/#article","isPartOf":{"@id":"https:\/\/akunq.net\/turkish\/2013\/09\/09\/arjantinde-erdogana-ermeni-protestosu\/"},"author":{"name":"kalem","@id":"https:\/\/akunq.net\/turkish\/#\/schema\/person\/135e7923d1aeb8887890799619969a6c"},"headline":"Arjantin&#8217;de Erdo\u011fan&#8217;a &#8216;Ermeni&#8217; protestosu","datePublished":"2013-09-09T07:46:20+00:00","mainEntityOfPage":{"@id":"https:\/\/akunq.net\/turkish\/2013\/09\/09\/arjantinde-erdogana-ermeni-protestosu\/"},"wordCount":219,"commentCount":0,"articleSection":["Haberler"],"inLanguage":"en-US","potentialAction":[{"@type":"CommentAction","name":"Comment","target":["https:\/\/akunq.net\/turkish\/2013\/09\/09\/arjantinde-erdogana-ermeni-protestosu\/#respond"]}]},{"@type":"WebPage","@id":"https:\/\/akunq.net\/turkish\/2013\/09\/09\/arjantinde-erdogana-ermeni-protestosu\/","url":"https:\/\/akunq.net\/turkish\/2013\/09\/09\/arjantinde-erdogana-ermeni-protestosu\/","name":"Arjantin'de Erdo\u011fan'a 'Ermeni' protestosu - Bati Ermenistan Ve Bati Ermenileri Sorunlari Ara\u015ftirmalar Merkezi","isPartOf":{"@id":"https:\/\/akunq.net\/turkish\/#website"},"datePublished":"2013-09-09T07:46:20+00:00","author":{"@id":"https:\/\/akunq.net\/turkish\/#\/schema\/person\/135e7923d1aeb8887890799619969a6c"},"breadcrumb":{"@id":"https:\/\/akunq.net\/turkish\/2013\/09\/09\/arjantinde-erdogana-ermeni-protestosu\/#breadcrumb"},"inLanguage":"en-US","potentialAction":[{"@type":"ReadAction","target":["https:\/\/akunq.net\/turkish\/2013\/09\/09\/arjantinde-erdogana-ermeni-protestosu\/"]}]},{"@type":"BreadcrumbList","@id":"https:\/\/akunq.net\/turkish\/2013\/09\/09\/arjantinde-erdogana-ermeni-protestosu\/#breadcrumb","itemListElement":[{"@type":"ListItem","position":1,"name":"Home","item":"https:\/\/akunq.net\/turkish\/"},{"@type":"ListItem","position":2,"name":"Arjantin&#8217;de Erdo\u011fan&#8217;a &#8216;Ermeni&#8217; protestosu"}]},{"@type":"WebSite","@id":"https:\/\/akunq.net\/turkish\/#website","url":"https:\/\/akunq.net\/turkish\/","name":"Bati Ermenistan Ve Bati Ermenileri Sorunlari Ara\u015ftirmalar Merkezi","description":"","potentialAction":[{"@type":"SearchAction","target":{"@type":"EntryPoint","urlTemplate":"https:\/\/akunq.net\/turkish\/?s={search_term_string}"},"query-input":{"@type":"PropertyValueSpecification","valueRequired":true,"valueName":"search_term_string"}}],"inLanguage":"en-US"},{"@type":"Person","@id":"https:\/\/akunq.net\/turkish\/#\/schema\/person\/135e7923d1aeb8887890799619969a6c","name":"kalem","image":{"@type":"ImageObject","inLanguage":"en-US","@id":"https:\/\/secure.gravatar.com\/avatar\/a06875e4b25feb5674296adf8e8a7ae1e587cebce2493fe63c456109967e27d3?s=96&d=mm&r=g","url":"https:\/\/secure.gravatar.com\/avatar\/a06875e4b25feb5674296adf8e8a7ae1e587cebce2493fe63c456109967e27d3?s=96&d=mm&r=g","contentUrl":"https:\/\/secure.gravatar.com\/avatar\/a06875e4b25feb5674296adf8e8a7ae1e587cebce2493fe63c456109967e27d3?s=96&d=mm&r=g","caption":"kalem"},"url":"https:\/\/akunq.net\/turkish\/author\/kalem\/"}]}},"_links":{"self":[{"href":"https:\/\/akunq.net\/turkish\/wp-json\/wp\/v2\/posts\/25410","targetHints":{"allow":["GET"]}}],"collection":[{"href":"https:\/\/akunq.net\/turkish\/wp-json\/wp\/v2\/posts"}],"about":[{"href":"https:\/\/akunq.net\/turkish\/wp-json\/wp\/v2\/types\/post"}],"author":[{"embeddable":true,"href":"https:\/\/akunq.net\/turkish\/wp-json\/wp\/v2\/users\/3"}],"replies":[{"embeddable":true,"href":"https:\/\/akunq.net\/turkish\/wp-json\/wp\/v2\/comments?post=25410"}],"version-history":[{"count":0,"href":"https:\/\/akunq.net\/turkish\/wp-json\/wp\/v2\/posts\/25410\/revisions"}],"wp:attachment":[{"href":"https:\/\/akunq.net\/turkish\/wp-json\/wp\/v2\/media?parent=25410"}],"wp:term":[{"taxonomy":"category","embeddable":true,"href":"https:\/\/akunq.net\/turkish\/wp-json\/wp\/v2\/categories?post=25410"},{"taxonomy":"post_tag","embeddable":true,"href":"https:\/\/akunq.net\/turkish\/wp-json\/wp\/v2\/tags?post=25410"}],"curies":[{"name":"wp","href":"https:\/\/api.w.org\/{rel}","templated":true}]}}