{"id":244,"date":"2010-04-15T05:01:33","date_gmt":"2010-04-15T10:01:33","guid":{"rendered":"http:\/\/akunq.net\/tr\/?p=244"},"modified":"2010-04-15T05:01:33","modified_gmt":"2010-04-15T10:01:33","slug":"adil-hafiza-ve-hakkiyla-unutmak","status":"publish","type":"post","link":"https:\/\/akunq.net\/turkish\/2010\/04\/15\/adil-hafiza-ve-hakkiyla-unutmak\/","title":{"rendered":"Adil haf\u0131za ve \u2018hakk\u0131yla unutmak\u2019"},"content":{"rendered":"<p style=\"text-align: justify\"><strong>\u00a0<\/strong>Osman K\u00f6ker, \u201cErmeni u\u00e7urumunda piknik\u201d adl\u0131 yaz\u0131mdan sonra bana bir mail yollad\u0131. Birzamanlar Yay\u0131nc\u0131l\u0131k\u2019\u0131n yay\u0131n y\u00f6netmeni K\u00f6ker\u2019in 2005\u2019te yay\u0131mlanan kitab\u0131n\u0131n ad\u0131: 100 y\u0131l \u00f6nce T\u00fcrkiye\u2019de Ermeniler; Orlando Carlo Calumeno Koleksiyonu\u2019ndan Kartpostallarla. Ge\u00e7ti\u011fimiz yaz T\u00fcrkiye\u2019nin do\u011fusundaki eski Ermeni mek\u00e2nlar\u0131n\u0131 gezdi\u011fini anlat\u0131yordu mektubunda.<\/p>\n<p style=\"text-align: justify\">\u201cSon dura\u011f\u0131m Ordu oldu. Yola \u00e7\u0131kt\u0131\u011f\u0131mda kafamdaki \u015fablon \u015f\u00f6yleydi: Ermeniler bir \u015fekilde 1915\u2019te \u00f6ld\u00fcr\u00fcld\u00fc, s\u00fcr\u00fcld\u00fc; onlardan kalan mek\u00e2nlar da daha sonra el de\u011fi\u015ftirdi. Kiliseler y\u0131k\u0131ld\u0131, yerine ba\u015fka binalar dikildi vesaire. Bu gezi sonunda \u015funu anlad\u0131m:<\/p>\n<p style=\"text-align: justify\">Bir\u00e7ok yerde Cumhuriyet d\u00f6neminin ba\u015flang\u0131c\u0131nda da \u00f6nemli say\u0131da Ermeni kalm\u0131\u015f. Ya da geri d\u00f6nerek eski \u015fehirlerinde yeniden ya\u015famaya ba\u015flam\u0131\u015flar. Ve Ermeni kiliseleri ve okullar\u0131na orada halen Ermeniler ya\u015f\u0131yorken el konulmu\u015f.<\/p>\n<p style=\"text-align: justify\">D\u00fc\u015f\u00fcnebiliyor musunuz, bir \u015fehirde birka\u00e7 y\u00fcz Ermeni ya\u015f\u0131yorsunuz, her pazar kilisenize gidiyorsunuz ve bir g\u00fcn valinin emri var denerek kiliseniz y\u0131k\u0131l\u0131yor. Mesela Ordu\u2019da kilisenin y\u0131k\u0131lma tarihi 1934. Kilise y\u0131k\u0131ld\u0131\u011f\u0131nda \u015fehirde h\u00e2l\u00e2 135 Ermeni aile ya\u015f\u0131yormu\u015f. Yani bir cemaat ve hatta g\u00f6revinin ba\u015f\u0131nda bir papaz varm\u0131\u015f.<\/p>\n<p style=\"text-align: justify\">Eskiden papaz evi olarak kullan\u0131lan, kilisenin kar\u015f\u0131s\u0131ndaki k\u00fc\u00e7\u00fck evde oturan ya\u015fl\u0131 bir (T\u00fcrk) kad\u0131nla konu\u015ftum. Kendisi Ordu\u2019ya geldi\u011finde kilise \u00e7oktan y\u0131k\u0131lm\u0131\u015f olmas\u0131na ra\u011fmen, papaz h\u00e2l\u00e2 o evde kal\u0131yormu\u015f. Gelenlere dua okuyor, g\u00f6revini bir \u015fekilde s\u00fcrd\u00fcrmeye \u00e7al\u0131\u015f\u0131yormu\u015f. Sonunda o da Arjantin\u2019e g\u00f6\u00e7m\u00fc\u015f.\u201d<\/p>\n<p style=\"text-align: justify\">*** Davuto\u011flu, ge\u00e7mi\u015fte ya\u015fanan ac\u0131 olaylarla ilgili olarak iyi niyetle adil haf\u0131za kavram\u0131n\u0131 \u00f6neriyor. Ama i\u00e7erdi\u011fi anlam\u0131 hakk\u0131yla doldurmak i\u00e7in K\u00f6ker\u2019in yukar\u0131da anlatt\u0131klar\u0131 gibi daha \u00e7ok ya\u015famsal alanlara, daha \u00e7ok canl\u0131 tan\u0131kl\u0131klara ihtiyac\u0131m\u0131z var.<\/p>\n<p style=\"text-align: justify\">Resm\u00ee devlet s\u00f6yleminin \u00fczerini \u00f6rtt\u00fc\u011f\u00fc pek \u00e7ok zul\u00fcmde ac\u0131lar\u0131 olan ve bu ac\u0131lar\u0131 miras alan ku\u015faklar bug\u00fcn art\u0131k nihayet konu\u015fmaya ve dinlenmeye ba\u015flad\u0131. Bizler de y\u00fczle\u015fme i\u00e7in bunun \u00f6nemine de\u011finiyoruz.<\/p>\n<p style=\"text-align: justify\">Toplumun muhafazak\u00e2r kesimlerinde bu y\u00fczle\u015fme eyleminin farkl\u0131 yans\u0131malar\u0131 oldu\u011fu bir vak\u0131a. Y\u00fczle\u015fmeyi \u00e7ok direkt, \u00e7ok dolay\u0131ms\u0131z ve fazla somut bulabiliyor \u00e7\u00fcnk\u00fc insan. Y\u00fczle\u015fme kelimesinden daha i\u00e7sel, daha dolay\u0131ml\u0131, biraz daha s\u0131rl\u0131 bir kelime icat edebilmek gerekiyor belki.<br \/>\nBaudrillard, \u201ckar\u015f\u0131la\u015fma, y\u00fczle\u015fme; her zaman a\u015f\u0131r\u0131 ger\u00e7ek, a\u015f\u0131r\u0131 do\u011frudan, a\u015f\u0131r\u0131 patavats\u0131zd\u0131r\u201d der. \u201cS\u0131rr\u0131 yoktur.\u201d Sahiden de, y\u00fczle\u015ftik\u00e7e, yani ittihat\u00e7\u0131lar ve post ittihat\u00e7\u0131lar eliyle gizlenerek resm\u00eele\u015ftirilen tarih\u00ee ger\u00e7ekleri \u00f6\u011frendik\u00e7e (\u00f6zellikle de Ermeni meselesinde) zihinler a\u00e7\u0131l\u0131yor olabilir ama y\u00fcreklerin a\u00e7\u0131lmas\u0131 i\u00e7in daha fazlas\u0131 gerek bize.<\/p>\n<p style=\"text-align: justify\">\u00dcz\u00fclebilmek, vicdan\u0131nda bir alan a\u00e7mak ve birtak\u0131m katillerin katlini \u00fcstlenmek yerine onlar ad\u0131na bir mahcubiyet duymak&#8230; T\u00fcm bunlar toplumsal katmanlarda i\u00e7sel deneyimler olarak belli bir s\u00fcrece yay\u0131l\u0131yor do\u011fal olarak.<\/p>\n<p style=\"text-align: justify\">Yap\u0131c\u0131 bir \u00f6zele\u015ftiri ise ancak \u201cbir daha olmas\u0131n\u201d dedikten sonra kendi dilini olu\u015fturabiliyor. (Ba\u015fkalar\u0131; bizden b\u00f6yle istedi\u011fi i\u00e7in de\u011fil!) Y\u00fczle\u015fme eyleminin, Baudrillard\u2019\u0131n dedi\u011fi gibi a\u015f\u0131r\u0131 ger\u00e7ekli\u011fi nedeniyle i\u00e7ermiyor gibi g\u00f6r\u00fcnd\u00fc\u011f\u00fc daha i\u00e7kin, daha vicdani bir s\u00fcre\u00e7 de var k\u0131saca.<br \/>\n*** S\u00fcleyman Seyfi \u00d6\u011f\u00fcn\u2019\u00fcn s\u00f6ylemiyle \u201chakk\u0131yla unutmak\u201d belki ancak o zaman m\u00fcmk\u00fcn olabilir. \u0130nk\u00e2ra ve unutmaya dayal\u0131 b\u00fcy\u00fck su\u00e7larla ilgili bir toplumsal y\u00fczle\u015fmenin daha imgesel, daha s\u0131rl\u0131 bir bi\u00e7imde ger\u00e7ekle\u015febilece\u011fi boyutlar da var \u00e7\u00fcnk\u00fc.<\/p>\n<p style=\"text-align: justify\">\u201cHakk\u0131yla unutma\u201d s\u00fcrecine girdi\u011fimizde, adil bir haf\u0131zadan s\u00f6z edebilir hale gelece\u011fiz ancak. \u201cAdil haf\u0131za\u201dn\u0131n bug\u00fcn\u00fcnde ise hen\u00fcz K\u00f6ker\u2019in verdi\u011fi somut bilgileri dahi ilk kez duyuyoruz. Sadece bir tanesi daha i\u015fte:<\/p>\n<p style=\"text-align: justify\">\u201cTrabzon sanca\u011f\u0131nda Ermenilerin en yo\u011fun oldu\u011fu kazalardan biri de Osmanl\u0131 n\u00fcfus say\u0131m\u0131na g\u00f6re 1.211 Protestan ve 12.349 Gregoryen Ermeninin ya\u015fad\u0131\u011f\u0131 Ordu\u2019ydu. 1913 y\u0131l\u0131nda Mardiros \u015eirinyan adl\u0131 bir Ermeninin belediye ba\u015fkanl\u0131\u011f\u0131 g\u00f6revini y\u00fcr\u00fctt\u00fc\u011f\u00fc Ordu\u2019da Ermeniler \u00e7e\u015fitli zanaatlar\u0131n yan\u0131 s\u0131ra f\u0131nd\u0131k \u00fcretimi ve ticaretiyle de u\u011fra\u015f\u0131yorlard\u0131.\u201d<\/p>\n<p style=\"text-align: justify\">Osman K\u00f6ker, kilisesi y\u0131k\u0131lan cemaatin papaz\u0131 misali, hik\u00e2yenin ara\u015ft\u0131rd\u0131k\u00e7a ortaya \u00e7\u0131kan ayr\u0131nt\u0131lar\u0131n\u0131n \u201csoyk\u0131r\u0131m\u201d, \u201ckatliam\u201d, \u201cs\u00fcrg\u00fcn\u201d, \u201ctehcir\u201d hangi kelimeyle ifade ederseniz edin, genel tablodan daha ac\u0131kl\u0131 ve ac\u0131t\u0131c\u0131 oldu\u011funu s\u00f6yl\u00fcyor. \u201cAdil haf\u0131za\u201dn\u0131n hakk\u0131n\u0131 vermeye daha var san\u0131r\u0131m&#8230;<\/p>\n<p style=\"text-align: justify\">taraf.com.tr\u00a0 02.04.2010 lipekci@yahoo.com \u00a0<strong>Leyla \u0130pek\u00e7i<\/strong><\/p>\n","protected":false},"excerpt":{"rendered":"<p>\u00a0Osman K\u00f6ker, \u201cErmeni u\u00e7urumunda piknik\u201d adl\u0131 yaz\u0131mdan sonra bana bir mail yollad\u0131. Birzamanlar Yay\u0131nc\u0131l\u0131k\u2019\u0131n yay\u0131n y\u00f6netmeni K\u00f6ker\u2019in 2005\u2019te yay\u0131mlanan kitab\u0131n\u0131n ad\u0131: 100 y\u0131l \u00f6nce T\u00fcrkiye\u2019de Ermeniler; Orlando Carlo Calumeno Koleksiyonu\u2019ndan Kartpostallarla. Ge\u00e7ti\u011fimiz yaz T\u00fcrkiye\u2019nin do\u011fusundaki eski Ermeni mek\u00e2nlar\u0131n\u0131 gezdi\u011fini anlat\u0131yordu mektubunda. \u201cSon dura\u011f\u0131m Ordu oldu. Yola \u00e7\u0131kt\u0131\u011f\u0131mda kafamdaki \u015fablon \u015f\u00f6yleydi: Ermeniler bir \u015fekilde 1915\u2019te \u00f6ld\u00fcr\u00fcld\u00fc, [&hellip;]<\/p>\n","protected":false},"author":3,"featured_media":0,"comment_status":"closed","ping_status":"open","sticky":false,"template":"","format":"standard","meta":{"footnotes":""},"categories":[6,14],"tags":[],"class_list":["post-244","post","type-post","status-publish","format-standard","hentry","category-ermeni-soykirimi","category-haberler"],"yoast_head":"<!-- This site is optimized with the Yoast SEO plugin v27.4 - https:\/\/yoast.com\/product\/yoast-seo-wordpress\/ -->\n<title>Adil haf\u0131za ve \u2018hakk\u0131yla unutmak\u2019 - Bati Ermenistan Ve Bati Ermenileri Sorunlari Ara\u015ftirmalar Merkezi<\/title>\n<meta name=\"robots\" content=\"index, follow, max-snippet:-1, max-image-preview:large, max-video-preview:-1\" \/>\n<link rel=\"canonical\" href=\"https:\/\/akunq.net\/turkish\/2010\/04\/15\/adil-hafiza-ve-hakkiyla-unutmak\/\" \/>\n<meta property=\"og:locale\" content=\"en_US\" \/>\n<meta property=\"og:type\" content=\"article\" \/>\n<meta property=\"og:title\" content=\"Adil haf\u0131za ve \u2018hakk\u0131yla unutmak\u2019 - Bati Ermenistan Ve Bati Ermenileri Sorunlari Ara\u015ftirmalar Merkezi\" \/>\n<meta property=\"og:description\" content=\"\u00a0Osman K\u00f6ker, \u201cErmeni u\u00e7urumunda piknik\u201d adl\u0131 yaz\u0131mdan sonra bana bir mail yollad\u0131. Birzamanlar Yay\u0131nc\u0131l\u0131k\u2019\u0131n yay\u0131n y\u00f6netmeni K\u00f6ker\u2019in 2005\u2019te yay\u0131mlanan kitab\u0131n\u0131n ad\u0131: 100 y\u0131l \u00f6nce T\u00fcrkiye\u2019de Ermeniler; Orlando Carlo Calumeno Koleksiyonu\u2019ndan Kartpostallarla. Ge\u00e7ti\u011fimiz yaz T\u00fcrkiye\u2019nin do\u011fusundaki eski Ermeni mek\u00e2nlar\u0131n\u0131 gezdi\u011fini anlat\u0131yordu mektubunda. \u201cSon dura\u011f\u0131m Ordu oldu. Yola \u00e7\u0131kt\u0131\u011f\u0131mda kafamdaki \u015fablon \u015f\u00f6yleydi: Ermeniler bir \u015fekilde 1915\u2019te \u00f6ld\u00fcr\u00fcld\u00fc, [&hellip;]\" \/>\n<meta property=\"og:url\" content=\"https:\/\/akunq.net\/turkish\/2010\/04\/15\/adil-hafiza-ve-hakkiyla-unutmak\/\" \/>\n<meta property=\"og:site_name\" content=\"Bati Ermenistan Ve Bati Ermenileri Sorunlari Ara\u015ftirmalar Merkezi\" \/>\n<meta property=\"article:published_time\" content=\"2010-04-15T10:01:33+00:00\" \/>\n<meta name=\"author\" content=\"kalem\" \/>\n<meta name=\"twitter:card\" content=\"summary_large_image\" \/>\n<meta name=\"twitter:label1\" content=\"Written by\" \/>\n\t<meta name=\"twitter:data1\" content=\"kalem\" \/>\n\t<meta name=\"twitter:label2\" content=\"Est. reading time\" \/>\n\t<meta name=\"twitter:data2\" content=\"4 minutes\" \/>\n<script type=\"application\/ld+json\" class=\"yoast-schema-graph\">{\"@context\":\"https:\\\/\\\/schema.org\",\"@graph\":[{\"@type\":\"Article\",\"@id\":\"https:\\\/\\\/akunq.net\\\/turkish\\\/2010\\\/04\\\/15\\\/adil-hafiza-ve-hakkiyla-unutmak\\\/#article\",\"isPartOf\":{\"@id\":\"https:\\\/\\\/akunq.net\\\/turkish\\\/2010\\\/04\\\/15\\\/adil-hafiza-ve-hakkiyla-unutmak\\\/\"},\"author\":{\"name\":\"kalem\",\"@id\":\"https:\\\/\\\/akunq.net\\\/turkish\\\/#\\\/schema\\\/person\\\/135e7923d1aeb8887890799619969a6c\"},\"headline\":\"Adil haf\u0131za ve \u2018hakk\u0131yla unutmak\u2019\",\"datePublished\":\"2010-04-15T10:01:33+00:00\",\"mainEntityOfPage\":{\"@id\":\"https:\\\/\\\/akunq.net\\\/turkish\\\/2010\\\/04\\\/15\\\/adil-hafiza-ve-hakkiyla-unutmak\\\/\"},\"wordCount\":837,\"articleSection\":[\"Ermeni Soyk\u0131r\u0131m\u0131\",\"Haberler\"],\"inLanguage\":\"en-US\"},{\"@type\":\"WebPage\",\"@id\":\"https:\\\/\\\/akunq.net\\\/turkish\\\/2010\\\/04\\\/15\\\/adil-hafiza-ve-hakkiyla-unutmak\\\/\",\"url\":\"https:\\\/\\\/akunq.net\\\/turkish\\\/2010\\\/04\\\/15\\\/adil-hafiza-ve-hakkiyla-unutmak\\\/\",\"name\":\"Adil haf\u0131za ve \u2018hakk\u0131yla unutmak\u2019 - Bati Ermenistan Ve Bati Ermenileri Sorunlari Ara\u015ftirmalar Merkezi\",\"isPartOf\":{\"@id\":\"https:\\\/\\\/akunq.net\\\/turkish\\\/#website\"},\"datePublished\":\"2010-04-15T10:01:33+00:00\",\"author\":{\"@id\":\"https:\\\/\\\/akunq.net\\\/turkish\\\/#\\\/schema\\\/person\\\/135e7923d1aeb8887890799619969a6c\"},\"breadcrumb\":{\"@id\":\"https:\\\/\\\/akunq.net\\\/turkish\\\/2010\\\/04\\\/15\\\/adil-hafiza-ve-hakkiyla-unutmak\\\/#breadcrumb\"},\"inLanguage\":\"en-US\",\"potentialAction\":[{\"@type\":\"ReadAction\",\"target\":[\"https:\\\/\\\/akunq.net\\\/turkish\\\/2010\\\/04\\\/15\\\/adil-hafiza-ve-hakkiyla-unutmak\\\/\"]}]},{\"@type\":\"BreadcrumbList\",\"@id\":\"https:\\\/\\\/akunq.net\\\/turkish\\\/2010\\\/04\\\/15\\\/adil-hafiza-ve-hakkiyla-unutmak\\\/#breadcrumb\",\"itemListElement\":[{\"@type\":\"ListItem\",\"position\":1,\"name\":\"Home\",\"item\":\"https:\\\/\\\/akunq.net\\\/turkish\\\/\"},{\"@type\":\"ListItem\",\"position\":2,\"name\":\"Adil haf\u0131za ve \u2018hakk\u0131yla unutmak\u2019\"}]},{\"@type\":\"WebSite\",\"@id\":\"https:\\\/\\\/akunq.net\\\/turkish\\\/#website\",\"url\":\"https:\\\/\\\/akunq.net\\\/turkish\\\/\",\"name\":\"Bati Ermenistan Ve Bati Ermenileri Sorunlari Ara\u015ftirmalar Merkezi\",\"description\":\"\",\"potentialAction\":[{\"@type\":\"SearchAction\",\"target\":{\"@type\":\"EntryPoint\",\"urlTemplate\":\"https:\\\/\\\/akunq.net\\\/turkish\\\/?s={search_term_string}\"},\"query-input\":{\"@type\":\"PropertyValueSpecification\",\"valueRequired\":true,\"valueName\":\"search_term_string\"}}],\"inLanguage\":\"en-US\"},{\"@type\":\"Person\",\"@id\":\"https:\\\/\\\/akunq.net\\\/turkish\\\/#\\\/schema\\\/person\\\/135e7923d1aeb8887890799619969a6c\",\"name\":\"kalem\",\"image\":{\"@type\":\"ImageObject\",\"inLanguage\":\"en-US\",\"@id\":\"https:\\\/\\\/secure.gravatar.com\\\/avatar\\\/a06875e4b25feb5674296adf8e8a7ae1e587cebce2493fe63c456109967e27d3?s=96&d=mm&r=g\",\"url\":\"https:\\\/\\\/secure.gravatar.com\\\/avatar\\\/a06875e4b25feb5674296adf8e8a7ae1e587cebce2493fe63c456109967e27d3?s=96&d=mm&r=g\",\"contentUrl\":\"https:\\\/\\\/secure.gravatar.com\\\/avatar\\\/a06875e4b25feb5674296adf8e8a7ae1e587cebce2493fe63c456109967e27d3?s=96&d=mm&r=g\",\"caption\":\"kalem\"},\"url\":\"https:\\\/\\\/akunq.net\\\/turkish\\\/author\\\/kalem\\\/\"}]}<\/script>\n<!-- \/ Yoast SEO plugin. -->","yoast_head_json":{"title":"Adil haf\u0131za ve \u2018hakk\u0131yla unutmak\u2019 - Bati Ermenistan Ve Bati Ermenileri Sorunlari Ara\u015ftirmalar Merkezi","robots":{"index":"index","follow":"follow","max-snippet":"max-snippet:-1","max-image-preview":"max-image-preview:large","max-video-preview":"max-video-preview:-1"},"canonical":"https:\/\/akunq.net\/turkish\/2010\/04\/15\/adil-hafiza-ve-hakkiyla-unutmak\/","og_locale":"en_US","og_type":"article","og_title":"Adil haf\u0131za ve \u2018hakk\u0131yla unutmak\u2019 - Bati Ermenistan Ve Bati Ermenileri Sorunlari Ara\u015ftirmalar Merkezi","og_description":"\u00a0Osman K\u00f6ker, \u201cErmeni u\u00e7urumunda piknik\u201d adl\u0131 yaz\u0131mdan sonra bana bir mail yollad\u0131. Birzamanlar Yay\u0131nc\u0131l\u0131k\u2019\u0131n yay\u0131n y\u00f6netmeni K\u00f6ker\u2019in 2005\u2019te yay\u0131mlanan kitab\u0131n\u0131n ad\u0131: 100 y\u0131l \u00f6nce T\u00fcrkiye\u2019de Ermeniler; Orlando Carlo Calumeno Koleksiyonu\u2019ndan Kartpostallarla. Ge\u00e7ti\u011fimiz yaz T\u00fcrkiye\u2019nin do\u011fusundaki eski Ermeni mek\u00e2nlar\u0131n\u0131 gezdi\u011fini anlat\u0131yordu mektubunda. \u201cSon dura\u011f\u0131m Ordu oldu. Yola \u00e7\u0131kt\u0131\u011f\u0131mda kafamdaki \u015fablon \u015f\u00f6yleydi: Ermeniler bir \u015fekilde 1915\u2019te \u00f6ld\u00fcr\u00fcld\u00fc, [&hellip;]","og_url":"https:\/\/akunq.net\/turkish\/2010\/04\/15\/adil-hafiza-ve-hakkiyla-unutmak\/","og_site_name":"Bati Ermenistan Ve Bati Ermenileri Sorunlari Ara\u015ftirmalar Merkezi","article_published_time":"2010-04-15T10:01:33+00:00","author":"kalem","twitter_card":"summary_large_image","twitter_misc":{"Written by":"kalem","Est. reading time":"4 minutes"},"schema":{"@context":"https:\/\/schema.org","@graph":[{"@type":"Article","@id":"https:\/\/akunq.net\/turkish\/2010\/04\/15\/adil-hafiza-ve-hakkiyla-unutmak\/#article","isPartOf":{"@id":"https:\/\/akunq.net\/turkish\/2010\/04\/15\/adil-hafiza-ve-hakkiyla-unutmak\/"},"author":{"name":"kalem","@id":"https:\/\/akunq.net\/turkish\/#\/schema\/person\/135e7923d1aeb8887890799619969a6c"},"headline":"Adil haf\u0131za ve \u2018hakk\u0131yla unutmak\u2019","datePublished":"2010-04-15T10:01:33+00:00","mainEntityOfPage":{"@id":"https:\/\/akunq.net\/turkish\/2010\/04\/15\/adil-hafiza-ve-hakkiyla-unutmak\/"},"wordCount":837,"articleSection":["Ermeni Soyk\u0131r\u0131m\u0131","Haberler"],"inLanguage":"en-US"},{"@type":"WebPage","@id":"https:\/\/akunq.net\/turkish\/2010\/04\/15\/adil-hafiza-ve-hakkiyla-unutmak\/","url":"https:\/\/akunq.net\/turkish\/2010\/04\/15\/adil-hafiza-ve-hakkiyla-unutmak\/","name":"Adil haf\u0131za ve \u2018hakk\u0131yla unutmak\u2019 - Bati Ermenistan Ve Bati Ermenileri Sorunlari Ara\u015ftirmalar Merkezi","isPartOf":{"@id":"https:\/\/akunq.net\/turkish\/#website"},"datePublished":"2010-04-15T10:01:33+00:00","author":{"@id":"https:\/\/akunq.net\/turkish\/#\/schema\/person\/135e7923d1aeb8887890799619969a6c"},"breadcrumb":{"@id":"https:\/\/akunq.net\/turkish\/2010\/04\/15\/adil-hafiza-ve-hakkiyla-unutmak\/#breadcrumb"},"inLanguage":"en-US","potentialAction":[{"@type":"ReadAction","target":["https:\/\/akunq.net\/turkish\/2010\/04\/15\/adil-hafiza-ve-hakkiyla-unutmak\/"]}]},{"@type":"BreadcrumbList","@id":"https:\/\/akunq.net\/turkish\/2010\/04\/15\/adil-hafiza-ve-hakkiyla-unutmak\/#breadcrumb","itemListElement":[{"@type":"ListItem","position":1,"name":"Home","item":"https:\/\/akunq.net\/turkish\/"},{"@type":"ListItem","position":2,"name":"Adil haf\u0131za ve \u2018hakk\u0131yla unutmak\u2019"}]},{"@type":"WebSite","@id":"https:\/\/akunq.net\/turkish\/#website","url":"https:\/\/akunq.net\/turkish\/","name":"Bati Ermenistan Ve Bati Ermenileri Sorunlari Ara\u015ftirmalar Merkezi","description":"","potentialAction":[{"@type":"SearchAction","target":{"@type":"EntryPoint","urlTemplate":"https:\/\/akunq.net\/turkish\/?s={search_term_string}"},"query-input":{"@type":"PropertyValueSpecification","valueRequired":true,"valueName":"search_term_string"}}],"inLanguage":"en-US"},{"@type":"Person","@id":"https:\/\/akunq.net\/turkish\/#\/schema\/person\/135e7923d1aeb8887890799619969a6c","name":"kalem","image":{"@type":"ImageObject","inLanguage":"en-US","@id":"https:\/\/secure.gravatar.com\/avatar\/a06875e4b25feb5674296adf8e8a7ae1e587cebce2493fe63c456109967e27d3?s=96&d=mm&r=g","url":"https:\/\/secure.gravatar.com\/avatar\/a06875e4b25feb5674296adf8e8a7ae1e587cebce2493fe63c456109967e27d3?s=96&d=mm&r=g","contentUrl":"https:\/\/secure.gravatar.com\/avatar\/a06875e4b25feb5674296adf8e8a7ae1e587cebce2493fe63c456109967e27d3?s=96&d=mm&r=g","caption":"kalem"},"url":"https:\/\/akunq.net\/turkish\/author\/kalem\/"}]}},"_links":{"self":[{"href":"https:\/\/akunq.net\/turkish\/wp-json\/wp\/v2\/posts\/244","targetHints":{"allow":["GET"]}}],"collection":[{"href":"https:\/\/akunq.net\/turkish\/wp-json\/wp\/v2\/posts"}],"about":[{"href":"https:\/\/akunq.net\/turkish\/wp-json\/wp\/v2\/types\/post"}],"author":[{"embeddable":true,"href":"https:\/\/akunq.net\/turkish\/wp-json\/wp\/v2\/users\/3"}],"replies":[{"embeddable":true,"href":"https:\/\/akunq.net\/turkish\/wp-json\/wp\/v2\/comments?post=244"}],"version-history":[{"count":0,"href":"https:\/\/akunq.net\/turkish\/wp-json\/wp\/v2\/posts\/244\/revisions"}],"wp:attachment":[{"href":"https:\/\/akunq.net\/turkish\/wp-json\/wp\/v2\/media?parent=244"}],"wp:term":[{"taxonomy":"category","embeddable":true,"href":"https:\/\/akunq.net\/turkish\/wp-json\/wp\/v2\/categories?post=244"},{"taxonomy":"post_tag","embeddable":true,"href":"https:\/\/akunq.net\/turkish\/wp-json\/wp\/v2\/tags?post=244"}],"curies":[{"name":"wp","href":"https:\/\/api.w.org\/{rel}","templated":true}]}}