{"id":24225,"date":"2013-06-22T07:02:29","date_gmt":"2013-06-22T12:02:29","guid":{"rendered":"http:\/\/akunq.net\/tr\/?p=24225"},"modified":"2013-06-22T07:02:29","modified_gmt":"2013-06-22T12:02:29","slug":"turkiyede-ermeni-anitlarinin-yikimini-durdurmak","status":"publish","type":"post","link":"https:\/\/akunq.net\/turkish\/2013\/06\/22\/turkiyede-ermeni-anitlarinin-yikimini-durdurmak\/","title":{"rendered":"T\u00fcrkiye\u2019de Ermeni an\u0131tlar\u0131n\u0131n y\u0131k\u0131m\u0131n\u0131 durdurmak!"},"content":{"rendered":"<p style=\"text-align: justify\"><b><i><a href=\"http:\/\/akunq.net\/tr\/?attachment_id=24226\" rel=\"attachment wp-att-24226\"><img loading=\"lazy\" decoding=\"async\" class=\"alignright size-medium wp-image-24226\" alt=\"Ruben Safrastyan\" src=\"http:\/\/akunq.net\/tr\/wp-content\/uploads\/2013\/06\/Ruben-Safrastyan1-300x145.jpg\" width=\"300\" height=\"145\" srcset=\"https:\/\/akunq.net\/turkish\/wp-content\/uploads\/sites\/5\/2013\/06\/Ruben-Safrastyan1-300x145.jpg 300w, https:\/\/akunq.net\/turkish\/wp-content\/uploads\/sites\/5\/2013\/06\/Ruben-Safrastyan1.jpg 620w\" sizes=\"auto, (max-width: 300px) 100vw, 300px\" \/><\/a>Ermenistan Cumhuriyeti Ulusal Bilimler Akademisi \u015earkiyat Enstit\u00fcs\u00fc M\u00fcd\u00fcr\u00fc Ruben Safrastyan \u201cHayots A\u015fkharh\u201d gazetesi muhabiri Armine Simonyan\u2019a konu\u015ftu.<\/i><\/b><\/p>\n<p style=\"text-align: justify\"><b><i>Soru<\/i><\/b>-Rafayel Lemkin\u2019e g\u00f6re, Soyk\u0131r\u0131m sadece bir milli yada din grubunun fiziksel imhas\u0131 de\u011fil, ulusal, manevi k\u00fclt\u00fcr\u00fcn\u00fcn de yokedilmesidir. T\u00fcrkler, Ermenilerin fiziksel imhas\u0131yla beraber maddi ve manevi k\u00fclt\u00fcr de\u011ferlerimizi de kasten yokettiler. Oysa bundan pek az bahsedilmektedir. Size g\u00f6re, sebebi nedir?<\/p>\n<p style=\"text-align: justify\"><b><i>Cevap<\/i><\/b>-Bu pek \u00f6nemli bir sorun. Fakat burada \u00f6nemli bir mesele var: kay\u0131plar\u0131m\u0131z\u0131n nihai listesi, g\u00fcn\u00fcm\u00fcze kadar yoktur. Dolay\u0131s\u0131yla bu liste tamamlanmad\u0131k\u00e7a bu konuyu g\u00fcndeme getiremeyiz. Bunun i\u00e7in ciddi \u00e7al\u0131\u015fmalar yapmam\u0131z gerekiyor.<\/p>\n<p style=\"text-align: justify\"><b><i>Soru<\/i><\/b>-Faydal\u0131 belgeler korunmu\u015ftur. Mesela 1912-1923 y\u0131llar\u0131 aras\u0131nda \u0130stanbul Ermeni Patrikhanesi\u2019nin haz\u0131rlad\u0131\u011f\u0131, Ermeni manast\u0131r ve kiliseleri listeleri, 1919\u2019da Po\u011fos Nubar Pa\u015fa ile Avetis Aharonyan\u2019\u0131n Paris Konferans\u0131na sundu\u011fu liste var. Bunlar, bu sorunu g\u00fcndeme getirmek i\u00e7in yeterli de\u011fil midir? Listenin tamamlanmas\u0131n\u0131 beklemek do\u011fru mudur?<\/p>\n<p style=\"text-align: justify\"><b><i>Cevap-<\/i><\/b>Bunlar elbette ki net olgulard\u0131r. Belirtmek isterim ki, bunlar ilk kez olarak \u00f6z b\u00fcy\u00fckbabam Aram Safrastyan taraf\u0131ndan yay\u0131nlanm\u0131\u015ft\u0131r. Ayr\u0131ca, bu listeler de tamam de\u011fildir. \u00d6rne\u011fin, Van bu liste d\u0131\u015f\u0131nda kald\u0131. Ayr\u0131ca, bu listede sadece Ermeni Apostolik (Gregoryen) Kilisesi\u2019nin mallar\u0131 tan\u0131t\u0131lmaktad\u0131r. Halbuki binlerce Ermeni Katolik, Protestan kutsal mekanlar\u0131m\u0131z var. Nihayetinde kiliselerimizin yan\u0131s\u0131ra, ba\u015fka k\u00fclt\u00fcr an\u0131tlar\u0131m\u0131z da olmu\u015ftur ki g\u00f6rmezden gelemeyiz.<\/p>\n<p style=\"text-align: justify\">Tabii ki, oturup beklememiz anlams\u0131z olur. Fakat ne gibi listelerimizin oldu\u011funu netle\u015ftirmemiz gerekir. Bununla beraber, adil talebimizi nas\u0131l arzetmemiz de \u00f6nemlidir. Bug\u00fcn taleplerimiz i\u00e7in temel olu\u015fturacak olan uluslararas\u0131 belgeler pakesini haz\u0131rlamal\u0131y\u0131z.<\/p>\n<p style=\"text-align: justify\"><b><i>Soru-<\/i><\/b>D\u00fcnya ErmenileriKatolikosu II. Garegin ve Kilikya Katolikosu I. Aram\u2019\u0131n ortak a\u00e7\u0131klamas\u0131n\u0131 nas\u0131l de\u011ferlendiriyorsunuz? Bu a\u00e7\u0131klamada T\u00fcrkiye\u2019ye Ermeni Soyk\u0131r\u0131m\u0131\u2019n\u0131 tan\u0131ma ve zorla elde edilen Ermeni kiliselerini iade etme \u00e7a\u011fr\u0131s\u0131 yap\u0131lmaktayd\u0131.<\/p>\n<p style=\"text-align: justify\"><b><i>Cevap-<\/i><\/b>Ruhani \u00f6nderlerimizinbu a\u00e7\u0131klamas\u0131, bu konuya kar\u015f\u0131 ciddi bir yakla\u015f\u0131m\u0131z\u0131n oldu\u011funu g\u00f6stermektedir. Bu a\u00e7\u0131klama, s\u00fcrece uluslararas\u0131 kurumlar\u0131 dahil etmek i\u00e7in at\u0131lm\u0131\u015f olan ilk ad\u0131mlardan biri. Avrupa yap\u0131lar\u0131 olan Avrupa Konseyi, UNESCO ve Avrupa Birli\u011fi\u2019nde s\u00fcre\u00e7 ba\u015flatmam\u0131z gerekiyor.<\/p>\n<p style=\"text-align: justify\">T\u00fcrkiye ise bu kurumlar taraf\u0131ndan topraklar\u0131nda bulunan manevi ve k\u00fclt\u00fcrel miraslar\u0131 korumakla g\u00f6revlendirildi. \u0130\u015fte buna dayanarak ba\u015flamal\u0131y\u0131z. Tabii ki, bu i\u015f zordur, su\u00e7lu al\u0131p da vermek istememektedir. Biz, hukuk g\u00fcc\u00fcyle bize ait olan\u0131 geri almal\u0131y\u0131z. Galiba kilisemiz, bu konuda pratik ad\u0131mlar atmaktad\u0131r.<\/p>\n<p style=\"text-align: justify\"><b><i>Soru-<\/i><\/b> Ama bu i\u015fi sadece kiliseye b\u0131rakmak do\u011fru olur mu? Kilise ve devlet, birlikte \u00e7aba sarfetmemeli mi?<\/p>\n<p style=\"text-align: justify\"><b><i>Cevap-<\/i><\/b>Tabii, bu sadece Ermenistan Cumhuriyeti de\u011fil, b\u00fct\u00fcn Ermenilerin meselesi, Ermenistan ise bu g\u00fc\u00e7leri birle\u015ftiren rol\u00fc oynayabilir. Ancak bu konuda birka\u00e7 \u00f6nemli sorun var.<\/p>\n<p style=\"text-align: justify\">\u0130lk \u00f6nce, T\u00fcrkiye\u2019nin, Ermeni kiliselerini k\u00fclt\u00fcr an\u0131tlar\u0131 listesine almas\u0131 talep edilmeli. Kiliselerimiz, devlet himayesi alt\u0131nda bulunarak, y\u0131k\u0131lmaz, patlat\u0131lmaz. Dolay\u0131s\u0131yla bug\u00fcnk\u00fc en \u00f6nemli i\u015fimiz, Ermeni an\u0131tlar\u0131n\u0131n nihai y\u0131k\u0131m\u0131n\u0131 durdurmam\u0131z olmal\u0131.<\/p>\n<p style=\"text-align: justify\">Bundan sonra ise uluslararas\u0131 kurumlara ba\u015fvurup, T\u00fcrkiye\u2019ye kendi vazifelerini hat\u0131rlatmalar\u0131n\u0131 sa\u011flamal\u0131y\u0131z.<\/p>\n<p style=\"text-align: justify\">Ancak \u00e7al\u0131\u015fmalar\u0131m\u0131z bununla tamamlanmamaktad\u0131r. \u0130kinci etapta ise Ermeni halk\u0131 taraf\u0131ndan biny\u0131llar esnas\u0131nda yarat\u0131lm\u0131\u015f olan maddi ve manevi k\u00fclt\u00fcr de\u011ferlerinin ger\u00e7ek sahiplerine iade etme imkanlar\u0131n\u0131 d\u00fc\u015f\u00fcnmeliyiz. Bu ad\u0131m, Soyk\u0131r\u0131m sonu\u00e7lar\u0131n\u0131n kald\u0131r\u0131lmas\u0131 \u00e7er\u00e7evesinde ele al\u0131nmal\u0131. \u00c7\u00fcnk\u00fc amac\u0131m\u0131z, Soyk\u0131r\u0131mdan \u00f6nce Bat\u0131 Ermenistan\u2019da var olan durumu geri getirmektir. Yani Ermeni halk\u0131, anayurdu olan Bat\u0131 Ermenistan\u2019da ya\u015fayarak yaratt\u0131klar\u0131na sahip \u00e7\u0131kmal\u0131d\u0131r.<\/p>\n<p style=\"text-align: justify\"><b><i>Soru- <\/i><\/b>Ermeni Soyk\u0131r\u0131m\u0131\u2019n\u0131n 100. y\u0131l\u0131 arifesinde yeni yakla\u015f\u0131mlar\u0131n a\u00e7\u0131k oldu\u011funu s\u00f6leyebilir miyiz? Yani tan\u0131mayla k\u0131nama stratejisinden tazminat talebine ge\u00e7mek anlam\u0131yla?<\/p>\n<p style=\"text-align: justify\"><b><i>Cevap- <\/i><\/b>Evet. Bunu anlayan insanlar\u0131n say\u0131s\u0131 da gittik\u00e7e artmaktad\u0131r. T\u00fcrkiye\u2019nin stratejisinin de de\u011fi\u015fti\u011fini kaydetmemiz gerekir. Bug\u00fcn T\u00fcrkler, d\u00fcnya kamu oyunu etkilemeye \u00e7al\u0131\u015fmaktad\u0131r. Benzer ilk ad\u0131m, 2005\u2019te at\u0131ld\u0131. O zaman T\u00fcrkiye Ba\u015fbakan\u0131 Recep Tayyip Erdo\u011fan, Ermenistan Cumhurba\u015fkan\u0131 Robert Ko\u00e7aryan\u2019a ortak bir komisyon kurmay\u0131 \u00f6nerdi. Soyk\u0131r\u0131m ger\u00e7e\u011fini hep inkar eden bir T\u00fcrkiye y\u00f6neticisi: \u201cSoyk\u0131r\u0131m\u0131n i\u015flenip i\u015flenmedi\u011fini bilmedi\u011fimiz i\u00e7in bir komisyon kural\u0131m\u201d dedi. \u0130yi ki, bizler Ermeni Soyk\u0131r\u0131m\u0131n\u0131 sorgulayacak olan bu pusuya d\u00fc\u015fmedik.<\/p>\n<p style=\"text-align: justify\"><b><i>Soru- <\/i><\/b>Ermeni Soyk\u0131r\u0131m\u0131n\u0131n 100. Y\u0131l\u0131 arifesinde ise T\u00fcrkiye ne gibi pusular kuruyor?<\/p>\n<p style=\"text-align: justify\"><b><i>Cevap- <\/i><\/b>T\u00fcrkiye, Ermeni Diasporas\u0131 y\u00f6n\u00fcnde \u00e7abalar sarfetmektedir. Diasporada faaliyet g\u00f6steren kimi Ermeni kurulu\u015flar i\u00e7in baz\u0131 teklifler bulma gayretindedir. Mesela, Diaspora Ermenilerine \u201cSiz Osmanl\u0131 \u0130mparatorlu\u011fu tebaas\u0131yd\u0131n\u0131z. Ge\u00e7mi\u015fte ne ya\u015fanm\u0131\u015fsa ya\u015fanm\u0131\u015f, gelin bug\u00fcn beraber olal\u0131m!\u201d diye sesleniyor. Bu \u00e7ok tehlikelidir. T\u00fcrklerin kendi ama\u00e7lar\u0131na ula\u015fabileceklerini d\u00fc\u015f\u00fcnmemekteyim, fakat biz Ermeniler pek dikkatli olmal\u0131y\u0131z.<\/p>\n<p style=\"text-align: justify\"><b><i>T\u00fcrk\u00e7eye \u00e7eviren Meline Anumyan<\/i><\/b><\/p>\n<p style=\"text-align: justify\"><b><i>Akunq.net <\/i><\/b><\/p>\n","protected":false},"excerpt":{"rendered":"<p>Ermenistan Cumhuriyeti Ulusal Bilimler Akademisi \u015earkiyat Enstit\u00fcs\u00fc M\u00fcd\u00fcr\u00fc Ruben Safrastyan \u201cHayots A\u015fkharh\u201d gazetesi muhabiri Armine Simonyan\u2019a konu\u015ftu. Soru-Rafayel Lemkin\u2019e g\u00f6re, Soyk\u0131r\u0131m sadece bir milli yada din grubunun fiziksel imhas\u0131 de\u011fil, ulusal, manevi k\u00fclt\u00fcr\u00fcn\u00fcn de yokedilmesidir. T\u00fcrkler, Ermenilerin fiziksel imhas\u0131yla beraber maddi ve manevi k\u00fclt\u00fcr de\u011ferlerimizi de kasten yokettiler. Oysa bundan pek az bahsedilmektedir. Size g\u00f6re, [&hellip;]<\/p>\n","protected":false},"author":3,"featured_media":0,"comment_status":"open","ping_status":"open","sticky":false,"template":"","format":"standard","meta":{"footnotes":""},"categories":[14,29],"tags":[],"class_list":["post-24225","post","type-post","status-publish","format-standard","hentry","category-haberler","category-mulakatlar"],"yoast_head":"<!-- This site is optimized with the Yoast SEO plugin v27.4 - https:\/\/yoast.com\/product\/yoast-seo-wordpress\/ -->\n<title>T\u00fcrkiye\u2019de Ermeni an\u0131tlar\u0131n\u0131n y\u0131k\u0131m\u0131n\u0131 durdurmak! - Bati Ermenistan Ve Bati Ermenileri Sorunlari Ara\u015ftirmalar Merkezi<\/title>\n<meta name=\"robots\" content=\"index, follow, max-snippet:-1, max-image-preview:large, max-video-preview:-1\" \/>\n<link rel=\"canonical\" href=\"https:\/\/akunq.net\/turkish\/2013\/06\/22\/turkiyede-ermeni-anitlarinin-yikimini-durdurmak\/\" \/>\n<meta property=\"og:locale\" content=\"en_US\" \/>\n<meta property=\"og:type\" content=\"article\" \/>\n<meta property=\"og:title\" content=\"T\u00fcrkiye\u2019de Ermeni an\u0131tlar\u0131n\u0131n y\u0131k\u0131m\u0131n\u0131 durdurmak! - Bati Ermenistan Ve Bati Ermenileri Sorunlari Ara\u015ftirmalar Merkezi\" \/>\n<meta property=\"og:description\" content=\"Ermenistan Cumhuriyeti Ulusal Bilimler Akademisi \u015earkiyat Enstit\u00fcs\u00fc M\u00fcd\u00fcr\u00fc Ruben Safrastyan \u201cHayots A\u015fkharh\u201d gazetesi muhabiri Armine Simonyan\u2019a konu\u015ftu. Soru-Rafayel Lemkin\u2019e g\u00f6re, Soyk\u0131r\u0131m sadece bir milli yada din grubunun fiziksel imhas\u0131 de\u011fil, ulusal, manevi k\u00fclt\u00fcr\u00fcn\u00fcn de yokedilmesidir. T\u00fcrkler, Ermenilerin fiziksel imhas\u0131yla beraber maddi ve manevi k\u00fclt\u00fcr de\u011ferlerimizi de kasten yokettiler. Oysa bundan pek az bahsedilmektedir. Size g\u00f6re, [&hellip;]\" \/>\n<meta property=\"og:url\" content=\"https:\/\/akunq.net\/turkish\/2013\/06\/22\/turkiyede-ermeni-anitlarinin-yikimini-durdurmak\/\" \/>\n<meta property=\"og:site_name\" content=\"Bati Ermenistan Ve Bati Ermenileri Sorunlari Ara\u015ftirmalar Merkezi\" \/>\n<meta property=\"article:published_time\" content=\"2013-06-22T12:02:29+00:00\" \/>\n<meta property=\"og:image\" content=\"https:\/\/akunq.net\/turkish\/wp-content\/uploads\/sites\/5\/2013\/06\/Ruben-Safrastyan1.jpg\" \/>\n\t<meta property=\"og:image:width\" content=\"620\" \/>\n\t<meta property=\"og:image:height\" content=\"300\" \/>\n\t<meta property=\"og:image:type\" content=\"image\/jpeg\" \/>\n<meta name=\"author\" content=\"kalem\" \/>\n<meta name=\"twitter:card\" content=\"summary_large_image\" \/>\n<meta name=\"twitter:label1\" content=\"Written by\" \/>\n\t<meta name=\"twitter:data1\" content=\"kalem\" \/>\n\t<meta name=\"twitter:label2\" content=\"Est. reading time\" \/>\n\t<meta name=\"twitter:data2\" content=\"5 minutes\" \/>\n<script type=\"application\/ld+json\" class=\"yoast-schema-graph\">{\"@context\":\"https:\\\/\\\/schema.org\",\"@graph\":[{\"@type\":\"Article\",\"@id\":\"https:\\\/\\\/akunq.net\\\/turkish\\\/2013\\\/06\\\/22\\\/turkiyede-ermeni-anitlarinin-yikimini-durdurmak\\\/#article\",\"isPartOf\":{\"@id\":\"https:\\\/\\\/akunq.net\\\/turkish\\\/2013\\\/06\\\/22\\\/turkiyede-ermeni-anitlarinin-yikimini-durdurmak\\\/\"},\"author\":{\"name\":\"kalem\",\"@id\":\"https:\\\/\\\/akunq.net\\\/turkish\\\/#\\\/schema\\\/person\\\/135e7923d1aeb8887890799619969a6c\"},\"headline\":\"T\u00fcrkiye\u2019de Ermeni an\u0131tlar\u0131n\u0131n y\u0131k\u0131m\u0131n\u0131 durdurmak!\",\"datePublished\":\"2013-06-22T12:02:29+00:00\",\"mainEntityOfPage\":{\"@id\":\"https:\\\/\\\/akunq.net\\\/turkish\\\/2013\\\/06\\\/22\\\/turkiyede-ermeni-anitlarinin-yikimini-durdurmak\\\/\"},\"wordCount\":935,\"commentCount\":0,\"image\":{\"@id\":\"https:\\\/\\\/akunq.net\\\/turkish\\\/2013\\\/06\\\/22\\\/turkiyede-ermeni-anitlarinin-yikimini-durdurmak\\\/#primaryimage\"},\"thumbnailUrl\":\"http:\\\/\\\/akunq.net\\\/tr\\\/wp-content\\\/uploads\\\/2013\\\/06\\\/Ruben-Safrastyan1-300x145.jpg\",\"articleSection\":[\"Haberler\",\"M\u00fclakatlar\"],\"inLanguage\":\"en-US\",\"potentialAction\":[{\"@type\":\"CommentAction\",\"name\":\"Comment\",\"target\":[\"https:\\\/\\\/akunq.net\\\/turkish\\\/2013\\\/06\\\/22\\\/turkiyede-ermeni-anitlarinin-yikimini-durdurmak\\\/#respond\"]}]},{\"@type\":\"WebPage\",\"@id\":\"https:\\\/\\\/akunq.net\\\/turkish\\\/2013\\\/06\\\/22\\\/turkiyede-ermeni-anitlarinin-yikimini-durdurmak\\\/\",\"url\":\"https:\\\/\\\/akunq.net\\\/turkish\\\/2013\\\/06\\\/22\\\/turkiyede-ermeni-anitlarinin-yikimini-durdurmak\\\/\",\"name\":\"T\u00fcrkiye\u2019de Ermeni an\u0131tlar\u0131n\u0131n y\u0131k\u0131m\u0131n\u0131 durdurmak! - Bati Ermenistan Ve Bati Ermenileri Sorunlari Ara\u015ftirmalar Merkezi\",\"isPartOf\":{\"@id\":\"https:\\\/\\\/akunq.net\\\/turkish\\\/#website\"},\"primaryImageOfPage\":{\"@id\":\"https:\\\/\\\/akunq.net\\\/turkish\\\/2013\\\/06\\\/22\\\/turkiyede-ermeni-anitlarinin-yikimini-durdurmak\\\/#primaryimage\"},\"image\":{\"@id\":\"https:\\\/\\\/akunq.net\\\/turkish\\\/2013\\\/06\\\/22\\\/turkiyede-ermeni-anitlarinin-yikimini-durdurmak\\\/#primaryimage\"},\"thumbnailUrl\":\"http:\\\/\\\/akunq.net\\\/tr\\\/wp-content\\\/uploads\\\/2013\\\/06\\\/Ruben-Safrastyan1-300x145.jpg\",\"datePublished\":\"2013-06-22T12:02:29+00:00\",\"author\":{\"@id\":\"https:\\\/\\\/akunq.net\\\/turkish\\\/#\\\/schema\\\/person\\\/135e7923d1aeb8887890799619969a6c\"},\"breadcrumb\":{\"@id\":\"https:\\\/\\\/akunq.net\\\/turkish\\\/2013\\\/06\\\/22\\\/turkiyede-ermeni-anitlarinin-yikimini-durdurmak\\\/#breadcrumb\"},\"inLanguage\":\"en-US\",\"potentialAction\":[{\"@type\":\"ReadAction\",\"target\":[\"https:\\\/\\\/akunq.net\\\/turkish\\\/2013\\\/06\\\/22\\\/turkiyede-ermeni-anitlarinin-yikimini-durdurmak\\\/\"]}]},{\"@type\":\"ImageObject\",\"inLanguage\":\"en-US\",\"@id\":\"https:\\\/\\\/akunq.net\\\/turkish\\\/2013\\\/06\\\/22\\\/turkiyede-ermeni-anitlarinin-yikimini-durdurmak\\\/#primaryimage\",\"url\":\"http:\\\/\\\/akunq.net\\\/tr\\\/wp-content\\\/uploads\\\/2013\\\/06\\\/Ruben-Safrastyan1-300x145.jpg\",\"contentUrl\":\"http:\\\/\\\/akunq.net\\\/tr\\\/wp-content\\\/uploads\\\/2013\\\/06\\\/Ruben-Safrastyan1-300x145.jpg\"},{\"@type\":\"BreadcrumbList\",\"@id\":\"https:\\\/\\\/akunq.net\\\/turkish\\\/2013\\\/06\\\/22\\\/turkiyede-ermeni-anitlarinin-yikimini-durdurmak\\\/#breadcrumb\",\"itemListElement\":[{\"@type\":\"ListItem\",\"position\":1,\"name\":\"Home\",\"item\":\"https:\\\/\\\/akunq.net\\\/turkish\\\/\"},{\"@type\":\"ListItem\",\"position\":2,\"name\":\"T\u00fcrkiye\u2019de Ermeni an\u0131tlar\u0131n\u0131n y\u0131k\u0131m\u0131n\u0131 durdurmak!\"}]},{\"@type\":\"WebSite\",\"@id\":\"https:\\\/\\\/akunq.net\\\/turkish\\\/#website\",\"url\":\"https:\\\/\\\/akunq.net\\\/turkish\\\/\",\"name\":\"Bati Ermenistan Ve Bati Ermenileri Sorunlari Ara\u015ftirmalar Merkezi\",\"description\":\"\",\"potentialAction\":[{\"@type\":\"SearchAction\",\"target\":{\"@type\":\"EntryPoint\",\"urlTemplate\":\"https:\\\/\\\/akunq.net\\\/turkish\\\/?s={search_term_string}\"},\"query-input\":{\"@type\":\"PropertyValueSpecification\",\"valueRequired\":true,\"valueName\":\"search_term_string\"}}],\"inLanguage\":\"en-US\"},{\"@type\":\"Person\",\"@id\":\"https:\\\/\\\/akunq.net\\\/turkish\\\/#\\\/schema\\\/person\\\/135e7923d1aeb8887890799619969a6c\",\"name\":\"kalem\",\"image\":{\"@type\":\"ImageObject\",\"inLanguage\":\"en-US\",\"@id\":\"https:\\\/\\\/secure.gravatar.com\\\/avatar\\\/a06875e4b25feb5674296adf8e8a7ae1e587cebce2493fe63c456109967e27d3?s=96&d=mm&r=g\",\"url\":\"https:\\\/\\\/secure.gravatar.com\\\/avatar\\\/a06875e4b25feb5674296adf8e8a7ae1e587cebce2493fe63c456109967e27d3?s=96&d=mm&r=g\",\"contentUrl\":\"https:\\\/\\\/secure.gravatar.com\\\/avatar\\\/a06875e4b25feb5674296adf8e8a7ae1e587cebce2493fe63c456109967e27d3?s=96&d=mm&r=g\",\"caption\":\"kalem\"},\"url\":\"https:\\\/\\\/akunq.net\\\/turkish\\\/author\\\/kalem\\\/\"}]}<\/script>\n<!-- \/ Yoast SEO plugin. -->","yoast_head_json":{"title":"T\u00fcrkiye\u2019de Ermeni an\u0131tlar\u0131n\u0131n y\u0131k\u0131m\u0131n\u0131 durdurmak! - Bati Ermenistan Ve Bati Ermenileri Sorunlari Ara\u015ftirmalar Merkezi","robots":{"index":"index","follow":"follow","max-snippet":"max-snippet:-1","max-image-preview":"max-image-preview:large","max-video-preview":"max-video-preview:-1"},"canonical":"https:\/\/akunq.net\/turkish\/2013\/06\/22\/turkiyede-ermeni-anitlarinin-yikimini-durdurmak\/","og_locale":"en_US","og_type":"article","og_title":"T\u00fcrkiye\u2019de Ermeni an\u0131tlar\u0131n\u0131n y\u0131k\u0131m\u0131n\u0131 durdurmak! - Bati Ermenistan Ve Bati Ermenileri Sorunlari Ara\u015ftirmalar Merkezi","og_description":"Ermenistan Cumhuriyeti Ulusal Bilimler Akademisi \u015earkiyat Enstit\u00fcs\u00fc M\u00fcd\u00fcr\u00fc Ruben Safrastyan \u201cHayots A\u015fkharh\u201d gazetesi muhabiri Armine Simonyan\u2019a konu\u015ftu. Soru-Rafayel Lemkin\u2019e g\u00f6re, Soyk\u0131r\u0131m sadece bir milli yada din grubunun fiziksel imhas\u0131 de\u011fil, ulusal, manevi k\u00fclt\u00fcr\u00fcn\u00fcn de yokedilmesidir. T\u00fcrkler, Ermenilerin fiziksel imhas\u0131yla beraber maddi ve manevi k\u00fclt\u00fcr de\u011ferlerimizi de kasten yokettiler. Oysa bundan pek az bahsedilmektedir. Size g\u00f6re, [&hellip;]","og_url":"https:\/\/akunq.net\/turkish\/2013\/06\/22\/turkiyede-ermeni-anitlarinin-yikimini-durdurmak\/","og_site_name":"Bati Ermenistan Ve Bati Ermenileri Sorunlari Ara\u015ftirmalar Merkezi","article_published_time":"2013-06-22T12:02:29+00:00","og_image":[{"width":620,"height":300,"url":"https:\/\/akunq.net\/turkish\/wp-content\/uploads\/sites\/5\/2013\/06\/Ruben-Safrastyan1.jpg","type":"image\/jpeg"}],"author":"kalem","twitter_card":"summary_large_image","twitter_misc":{"Written by":"kalem","Est. reading time":"5 minutes"},"schema":{"@context":"https:\/\/schema.org","@graph":[{"@type":"Article","@id":"https:\/\/akunq.net\/turkish\/2013\/06\/22\/turkiyede-ermeni-anitlarinin-yikimini-durdurmak\/#article","isPartOf":{"@id":"https:\/\/akunq.net\/turkish\/2013\/06\/22\/turkiyede-ermeni-anitlarinin-yikimini-durdurmak\/"},"author":{"name":"kalem","@id":"https:\/\/akunq.net\/turkish\/#\/schema\/person\/135e7923d1aeb8887890799619969a6c"},"headline":"T\u00fcrkiye\u2019de Ermeni an\u0131tlar\u0131n\u0131n y\u0131k\u0131m\u0131n\u0131 durdurmak!","datePublished":"2013-06-22T12:02:29+00:00","mainEntityOfPage":{"@id":"https:\/\/akunq.net\/turkish\/2013\/06\/22\/turkiyede-ermeni-anitlarinin-yikimini-durdurmak\/"},"wordCount":935,"commentCount":0,"image":{"@id":"https:\/\/akunq.net\/turkish\/2013\/06\/22\/turkiyede-ermeni-anitlarinin-yikimini-durdurmak\/#primaryimage"},"thumbnailUrl":"http:\/\/akunq.net\/tr\/wp-content\/uploads\/2013\/06\/Ruben-Safrastyan1-300x145.jpg","articleSection":["Haberler","M\u00fclakatlar"],"inLanguage":"en-US","potentialAction":[{"@type":"CommentAction","name":"Comment","target":["https:\/\/akunq.net\/turkish\/2013\/06\/22\/turkiyede-ermeni-anitlarinin-yikimini-durdurmak\/#respond"]}]},{"@type":"WebPage","@id":"https:\/\/akunq.net\/turkish\/2013\/06\/22\/turkiyede-ermeni-anitlarinin-yikimini-durdurmak\/","url":"https:\/\/akunq.net\/turkish\/2013\/06\/22\/turkiyede-ermeni-anitlarinin-yikimini-durdurmak\/","name":"T\u00fcrkiye\u2019de Ermeni an\u0131tlar\u0131n\u0131n y\u0131k\u0131m\u0131n\u0131 durdurmak! - Bati Ermenistan Ve Bati Ermenileri Sorunlari Ara\u015ftirmalar Merkezi","isPartOf":{"@id":"https:\/\/akunq.net\/turkish\/#website"},"primaryImageOfPage":{"@id":"https:\/\/akunq.net\/turkish\/2013\/06\/22\/turkiyede-ermeni-anitlarinin-yikimini-durdurmak\/#primaryimage"},"image":{"@id":"https:\/\/akunq.net\/turkish\/2013\/06\/22\/turkiyede-ermeni-anitlarinin-yikimini-durdurmak\/#primaryimage"},"thumbnailUrl":"http:\/\/akunq.net\/tr\/wp-content\/uploads\/2013\/06\/Ruben-Safrastyan1-300x145.jpg","datePublished":"2013-06-22T12:02:29+00:00","author":{"@id":"https:\/\/akunq.net\/turkish\/#\/schema\/person\/135e7923d1aeb8887890799619969a6c"},"breadcrumb":{"@id":"https:\/\/akunq.net\/turkish\/2013\/06\/22\/turkiyede-ermeni-anitlarinin-yikimini-durdurmak\/#breadcrumb"},"inLanguage":"en-US","potentialAction":[{"@type":"ReadAction","target":["https:\/\/akunq.net\/turkish\/2013\/06\/22\/turkiyede-ermeni-anitlarinin-yikimini-durdurmak\/"]}]},{"@type":"ImageObject","inLanguage":"en-US","@id":"https:\/\/akunq.net\/turkish\/2013\/06\/22\/turkiyede-ermeni-anitlarinin-yikimini-durdurmak\/#primaryimage","url":"http:\/\/akunq.net\/tr\/wp-content\/uploads\/2013\/06\/Ruben-Safrastyan1-300x145.jpg","contentUrl":"http:\/\/akunq.net\/tr\/wp-content\/uploads\/2013\/06\/Ruben-Safrastyan1-300x145.jpg"},{"@type":"BreadcrumbList","@id":"https:\/\/akunq.net\/turkish\/2013\/06\/22\/turkiyede-ermeni-anitlarinin-yikimini-durdurmak\/#breadcrumb","itemListElement":[{"@type":"ListItem","position":1,"name":"Home","item":"https:\/\/akunq.net\/turkish\/"},{"@type":"ListItem","position":2,"name":"T\u00fcrkiye\u2019de Ermeni an\u0131tlar\u0131n\u0131n y\u0131k\u0131m\u0131n\u0131 durdurmak!"}]},{"@type":"WebSite","@id":"https:\/\/akunq.net\/turkish\/#website","url":"https:\/\/akunq.net\/turkish\/","name":"Bati Ermenistan Ve Bati Ermenileri Sorunlari Ara\u015ftirmalar Merkezi","description":"","potentialAction":[{"@type":"SearchAction","target":{"@type":"EntryPoint","urlTemplate":"https:\/\/akunq.net\/turkish\/?s={search_term_string}"},"query-input":{"@type":"PropertyValueSpecification","valueRequired":true,"valueName":"search_term_string"}}],"inLanguage":"en-US"},{"@type":"Person","@id":"https:\/\/akunq.net\/turkish\/#\/schema\/person\/135e7923d1aeb8887890799619969a6c","name":"kalem","image":{"@type":"ImageObject","inLanguage":"en-US","@id":"https:\/\/secure.gravatar.com\/avatar\/a06875e4b25feb5674296adf8e8a7ae1e587cebce2493fe63c456109967e27d3?s=96&d=mm&r=g","url":"https:\/\/secure.gravatar.com\/avatar\/a06875e4b25feb5674296adf8e8a7ae1e587cebce2493fe63c456109967e27d3?s=96&d=mm&r=g","contentUrl":"https:\/\/secure.gravatar.com\/avatar\/a06875e4b25feb5674296adf8e8a7ae1e587cebce2493fe63c456109967e27d3?s=96&d=mm&r=g","caption":"kalem"},"url":"https:\/\/akunq.net\/turkish\/author\/kalem\/"}]}},"_links":{"self":[{"href":"https:\/\/akunq.net\/turkish\/wp-json\/wp\/v2\/posts\/24225","targetHints":{"allow":["GET"]}}],"collection":[{"href":"https:\/\/akunq.net\/turkish\/wp-json\/wp\/v2\/posts"}],"about":[{"href":"https:\/\/akunq.net\/turkish\/wp-json\/wp\/v2\/types\/post"}],"author":[{"embeddable":true,"href":"https:\/\/akunq.net\/turkish\/wp-json\/wp\/v2\/users\/3"}],"replies":[{"embeddable":true,"href":"https:\/\/akunq.net\/turkish\/wp-json\/wp\/v2\/comments?post=24225"}],"version-history":[{"count":0,"href":"https:\/\/akunq.net\/turkish\/wp-json\/wp\/v2\/posts\/24225\/revisions"}],"wp:attachment":[{"href":"https:\/\/akunq.net\/turkish\/wp-json\/wp\/v2\/media?parent=24225"}],"wp:term":[{"taxonomy":"category","embeddable":true,"href":"https:\/\/akunq.net\/turkish\/wp-json\/wp\/v2\/categories?post=24225"},{"taxonomy":"post_tag","embeddable":true,"href":"https:\/\/akunq.net\/turkish\/wp-json\/wp\/v2\/tags?post=24225"}],"curies":[{"name":"wp","href":"https:\/\/api.w.org\/{rel}","templated":true}]}}