{"id":2405,"date":"2010-10-20T07:11:42","date_gmt":"2010-10-20T12:11:42","guid":{"rendered":"http:\/\/akunq.net\/tr\/?p=2405"},"modified":"2010-10-20T07:11:42","modified_gmt":"2010-10-20T12:11:42","slug":"defineciler-mezarligi-altust-etti","status":"publish","type":"post","link":"https:\/\/akunq.net\/turkish\/2010\/10\/20\/defineciler-mezarligi-altust-etti\/","title":{"rendered":"Defineciler mezarl\u0131\u011f\u0131 alt\u00fcst etti"},"content":{"rendered":"<p style=\"text-align: justify\"><a rel=\"attachment wp-att-2406\" href=\"http:\/\/akunq.net\/tr\/?attachment_id=2406\"><img loading=\"lazy\" decoding=\"async\" class=\"alignleft size-medium wp-image-2406\" title=\"Hayeri gandzer voronoxnery\" src=\"http:\/\/akunq.net\/tr\/wp-content\/uploads\/2010\/10\/Hayeri-gandzer-voronoxnery-300x200.jpg\" alt=\"\" width=\"300\" height=\"200\" \/><\/a><a href=\"http:\/\/www.milliyet.com.tr\/index\/Erzincan\" target=\"_blank\">ERZ\u0130NCAN<\/a>\u2019daki Be\u011f Ba\u011f\u0131 Mahallesi&#8217;ndeki g\u00f6m\u00fcye kapal\u0131 <a href=\"http:\/\/www.milliyet.com.tr\/index\/mezarlik\" target=\"_blank\">mezarl\u0131k<\/a> define avc\u0131lar\u0131nca alt\u00fcst edildi. A\u011fabeyinin tahrip edilen mezar\u0131 ba\u015f\u0131nda ortaya \u00e7\u0131kan iskelete bak\u0131p g\u00f6zya\u015f\u0131 d\u00f6ken 64 ya\u015f\u0131ndaki \u0130fakat Aksu, \u201cNe diriye ne de \u00f6l\u00fcye sayg\u0131 kalmad\u0131. G\u00f6rd\u00fc\u011f\u00fcm bu manzara kar\u015f\u0131s\u0131nda y\u0131k\u0131ld\u0131m\u201d dedi.<\/p>\n<p style=\"text-align: justify\">\u2018Eski Erzincan\u2019 olarak bilinen ve 1939 depreminde \u00f6lenlerin de defnedildi\u011fi mezarl\u0131k, define avc\u0131lar\u0131n\u0131n sald\u0131r\u0131s\u0131na u\u011frad\u0131. \u0130\u00e7ki \u015fi\u015felerinin \u00e7evrede bolca g\u00f6r\u00fcld\u00fc\u011f\u00fc mezarl\u0131kta kilise ve 2 <a href=\"http:\/\/www.milliyet.com.tr\/index\/Ermeni\" target=\"_blank\">Ermeni<\/a> mezarl\u0131\u011f\u0131n\u0131n bulunmas\u0131 definecilerin i\u015ftah\u0131n\u0131 kabartt\u0131. Define avc\u0131lar\u0131, baz\u0131 mezarlar\u0131 10- 15 metre derinli\u011finde kazarak alt\u0131n arad\u0131. Kafataslar\u0131 ve iskeletlerin mezarl\u0131klar \u00fczerinde oldu\u011funu g\u00f6renler \u015fa\u015fk\u0131nl\u0131\u011f\u0131n\u0131 gizleyemedi. <a href=\"http:\/\/www.milliyet.com.tr\/index\/Istanbul\" target=\"_blank\">\u0130stanbul<\/a>\u2019da ya\u015fayan ve yak\u0131nlar\u0131n\u0131 ziyarete geldi\u011fi Erzincan&#8217;da mezarl\u0131\u011f\u0131 da ziyaret eden \u0130fakat Aksu, a\u011fabeyinin mezar\u0131n\u0131n tahrip edildi\u011fini, iskeletinin ortaya \u00e7\u0131kt\u0131\u011f\u0131n\u0131 g\u00f6r\u00fcnce \u015fok oldu. Mezar ba\u015f\u0131nda g\u00f6z ya\u015f\u0131 d\u00f6ken Aksu, \u201cErzincan\u2019dan 1967\u2019de g\u00f6\u00e7 ettik. Annem ve a\u011fabeyim Ali burada yat\u0131yor. Erzincan\u2019a geldi\u011fimde g\u00f6rd\u00fc\u011f\u00fcm manzara kar\u015f\u0131s\u0131nda \u015fok oldum. Sizin bir akraban\u0131z\u0131n, tan\u0131d\u0131\u011f\u0131n\u0131z\u0131n iskeletini b\u00f6yle g\u00f6rseniz ne hissedersiniz? Bu vicdans\u0131zl\u0131k. Ne diriye ne de \u00f6l\u00fcye sayg\u0131 kalmad\u0131. G\u00f6rd\u00fc\u011f\u00fcm bu manzara kar\u015f\u0131s\u0131nda y\u0131k\u0131ld\u0131m\u201d diye konu\u015ftu.<\/p>\n<p style=\"text-align: justify\">1968 y\u0131l\u0131nda kaybetti\u011fi e\u015finin ayn\u0131 mezarl\u0131kta yatt\u0131\u011f\u0131n\u0131 s\u00f6yleyen 65 ya\u015f\u0131ndaki Behice Aksu da, \u201cBuralarda define ar\u0131yorlar. Mezarlar\u0131m\u0131za sayg\u0131lar\u0131 olsun\u201d dedi.<\/p>\n<p style=\"text-align: justify\">Belediye Ba\u015fkan\u0131 Y\u00fcksel \u00c7ak\u0131r ise, yakla\u015f\u0131k 35 y\u0131ld\u0131r bu mezarl\u0131\u011fa g\u00f6m\u00fc yap\u0131lmad\u0131\u011f\u0131n\u0131 belirtti. Definecilerin mezarl\u0131klar\u0131 tahrip etmesiyle ilgili iddialar\u0131 soru\u015fturduklar\u0131n\u0131 anlatan \u00c7ak\u0131r, gerekenin yap\u0131laca\u011f\u0131n\u0131 s\u00f6yledi.<\/p>\n<p style=\"text-align: justify\"><strong><em>Recep DEM\u0130RC\u0130\/ERZ\u0130NCAN<\/em><\/strong><\/p>\n<p style=\"text-align: justify\"><strong><em>(DHA) <\/em><\/strong><\/p>\n<p style=\"text-align: justify\"><strong><em>20 Ekim 2010<\/em><\/strong><\/p>\n","protected":false},"excerpt":{"rendered":"<p>ERZ\u0130NCAN\u2019daki Be\u011f Ba\u011f\u0131 Mahallesi&#8217;ndeki g\u00f6m\u00fcye kapal\u0131 mezarl\u0131k define avc\u0131lar\u0131nca alt\u00fcst edildi. A\u011fabeyinin tahrip edilen mezar\u0131 ba\u015f\u0131nda ortaya \u00e7\u0131kan iskelete bak\u0131p g\u00f6zya\u015f\u0131 d\u00f6ken 64 ya\u015f\u0131ndaki \u0130fakat Aksu, \u201cNe diriye ne de \u00f6l\u00fcye sayg\u0131 kalmad\u0131. G\u00f6rd\u00fc\u011f\u00fcm bu manzara kar\u015f\u0131s\u0131nda y\u0131k\u0131ld\u0131m\u201d dedi. \u2018Eski Erzincan\u2019 olarak bilinen ve 1939 depreminde \u00f6lenlerin de defnedildi\u011fi mezarl\u0131k, define avc\u0131lar\u0131n\u0131n sald\u0131r\u0131s\u0131na u\u011frad\u0131. \u0130\u00e7ki [&hellip;]<\/p>\n","protected":false},"author":3,"featured_media":0,"comment_status":"open","ping_status":"open","sticky":false,"template":"","format":"standard","meta":{"footnotes":""},"categories":[14],"tags":[],"class_list":["post-2405","post","type-post","status-publish","format-standard","hentry","category-haberler"],"yoast_head":"<!-- This site is optimized with the Yoast SEO plugin v27.4 - https:\/\/yoast.com\/product\/yoast-seo-wordpress\/ -->\n<title>Defineciler mezarl\u0131\u011f\u0131 alt\u00fcst etti - Bati Ermenistan Ve Bati Ermenileri Sorunlari Ara\u015ftirmalar Merkezi<\/title>\n<meta name=\"robots\" content=\"index, follow, max-snippet:-1, max-image-preview:large, max-video-preview:-1\" \/>\n<link rel=\"canonical\" href=\"https:\/\/akunq.net\/turkish\/2010\/10\/20\/defineciler-mezarligi-altust-etti\/\" \/>\n<meta property=\"og:locale\" content=\"en_US\" \/>\n<meta property=\"og:type\" content=\"article\" \/>\n<meta property=\"og:title\" content=\"Defineciler mezarl\u0131\u011f\u0131 alt\u00fcst etti - Bati Ermenistan Ve Bati Ermenileri Sorunlari Ara\u015ftirmalar Merkezi\" \/>\n<meta property=\"og:description\" content=\"ERZ\u0130NCAN\u2019daki Be\u011f Ba\u011f\u0131 Mahallesi&#8217;ndeki g\u00f6m\u00fcye kapal\u0131 mezarl\u0131k define avc\u0131lar\u0131nca alt\u00fcst edildi. A\u011fabeyinin tahrip edilen mezar\u0131 ba\u015f\u0131nda ortaya \u00e7\u0131kan iskelete bak\u0131p g\u00f6zya\u015f\u0131 d\u00f6ken 64 ya\u015f\u0131ndaki \u0130fakat Aksu, \u201cNe diriye ne de \u00f6l\u00fcye sayg\u0131 kalmad\u0131. G\u00f6rd\u00fc\u011f\u00fcm bu manzara kar\u015f\u0131s\u0131nda y\u0131k\u0131ld\u0131m\u201d dedi. \u2018Eski Erzincan\u2019 olarak bilinen ve 1939 depreminde \u00f6lenlerin de defnedildi\u011fi mezarl\u0131k, define avc\u0131lar\u0131n\u0131n sald\u0131r\u0131s\u0131na u\u011frad\u0131. \u0130\u00e7ki [&hellip;]\" \/>\n<meta property=\"og:url\" content=\"https:\/\/akunq.net\/turkish\/2010\/10\/20\/defineciler-mezarligi-altust-etti\/\" \/>\n<meta property=\"og:site_name\" content=\"Bati Ermenistan Ve Bati Ermenileri Sorunlari Ara\u015ftirmalar Merkezi\" \/>\n<meta property=\"article:published_time\" content=\"2010-10-20T12:11:42+00:00\" \/>\n<meta property=\"og:image\" content=\"https:\/\/akunq.net\/turkish\/wp-content\/uploads\/sites\/5\/2010\/10\/Hayeri-gandzer-voronoxnery.jpg\" \/>\n\t<meta property=\"og:image:width\" content=\"450\" \/>\n\t<meta property=\"og:image:height\" content=\"301\" \/>\n\t<meta property=\"og:image:type\" content=\"image\/jpeg\" \/>\n<meta name=\"author\" content=\"kalem\" \/>\n<meta name=\"twitter:card\" content=\"summary_large_image\" \/>\n<meta name=\"twitter:label1\" content=\"Written by\" \/>\n\t<meta name=\"twitter:data1\" content=\"kalem\" \/>\n\t<meta name=\"twitter:label2\" content=\"Est. reading time\" \/>\n\t<meta name=\"twitter:data2\" content=\"2 minutes\" \/>\n<script type=\"application\/ld+json\" class=\"yoast-schema-graph\">{\"@context\":\"https:\\\/\\\/schema.org\",\"@graph\":[{\"@type\":\"Article\",\"@id\":\"https:\\\/\\\/akunq.net\\\/turkish\\\/2010\\\/10\\\/20\\\/defineciler-mezarligi-altust-etti\\\/#article\",\"isPartOf\":{\"@id\":\"https:\\\/\\\/akunq.net\\\/turkish\\\/2010\\\/10\\\/20\\\/defineciler-mezarligi-altust-etti\\\/\"},\"author\":{\"name\":\"kalem\",\"@id\":\"https:\\\/\\\/akunq.net\\\/turkish\\\/#\\\/schema\\\/person\\\/135e7923d1aeb8887890799619969a6c\"},\"headline\":\"Defineciler mezarl\u0131\u011f\u0131 alt\u00fcst etti\",\"datePublished\":\"2010-10-20T12:11:42+00:00\",\"mainEntityOfPage\":{\"@id\":\"https:\\\/\\\/akunq.net\\\/turkish\\\/2010\\\/10\\\/20\\\/defineciler-mezarligi-altust-etti\\\/\"},\"wordCount\":330,\"commentCount\":0,\"image\":{\"@id\":\"https:\\\/\\\/akunq.net\\\/turkish\\\/2010\\\/10\\\/20\\\/defineciler-mezarligi-altust-etti\\\/#primaryimage\"},\"thumbnailUrl\":\"http:\\\/\\\/akunq.net\\\/tr\\\/wp-content\\\/uploads\\\/2010\\\/10\\\/Hayeri-gandzer-voronoxnery-300x200.jpg\",\"articleSection\":[\"Haberler\"],\"inLanguage\":\"en-US\",\"potentialAction\":[{\"@type\":\"CommentAction\",\"name\":\"Comment\",\"target\":[\"https:\\\/\\\/akunq.net\\\/turkish\\\/2010\\\/10\\\/20\\\/defineciler-mezarligi-altust-etti\\\/#respond\"]}]},{\"@type\":\"WebPage\",\"@id\":\"https:\\\/\\\/akunq.net\\\/turkish\\\/2010\\\/10\\\/20\\\/defineciler-mezarligi-altust-etti\\\/\",\"url\":\"https:\\\/\\\/akunq.net\\\/turkish\\\/2010\\\/10\\\/20\\\/defineciler-mezarligi-altust-etti\\\/\",\"name\":\"Defineciler mezarl\u0131\u011f\u0131 alt\u00fcst etti - Bati Ermenistan Ve Bati Ermenileri Sorunlari Ara\u015ftirmalar Merkezi\",\"isPartOf\":{\"@id\":\"https:\\\/\\\/akunq.net\\\/turkish\\\/#website\"},\"primaryImageOfPage\":{\"@id\":\"https:\\\/\\\/akunq.net\\\/turkish\\\/2010\\\/10\\\/20\\\/defineciler-mezarligi-altust-etti\\\/#primaryimage\"},\"image\":{\"@id\":\"https:\\\/\\\/akunq.net\\\/turkish\\\/2010\\\/10\\\/20\\\/defineciler-mezarligi-altust-etti\\\/#primaryimage\"},\"thumbnailUrl\":\"http:\\\/\\\/akunq.net\\\/tr\\\/wp-content\\\/uploads\\\/2010\\\/10\\\/Hayeri-gandzer-voronoxnery-300x200.jpg\",\"datePublished\":\"2010-10-20T12:11:42+00:00\",\"author\":{\"@id\":\"https:\\\/\\\/akunq.net\\\/turkish\\\/#\\\/schema\\\/person\\\/135e7923d1aeb8887890799619969a6c\"},\"breadcrumb\":{\"@id\":\"https:\\\/\\\/akunq.net\\\/turkish\\\/2010\\\/10\\\/20\\\/defineciler-mezarligi-altust-etti\\\/#breadcrumb\"},\"inLanguage\":\"en-US\",\"potentialAction\":[{\"@type\":\"ReadAction\",\"target\":[\"https:\\\/\\\/akunq.net\\\/turkish\\\/2010\\\/10\\\/20\\\/defineciler-mezarligi-altust-etti\\\/\"]}]},{\"@type\":\"ImageObject\",\"inLanguage\":\"en-US\",\"@id\":\"https:\\\/\\\/akunq.net\\\/turkish\\\/2010\\\/10\\\/20\\\/defineciler-mezarligi-altust-etti\\\/#primaryimage\",\"url\":\"http:\\\/\\\/akunq.net\\\/tr\\\/wp-content\\\/uploads\\\/2010\\\/10\\\/Hayeri-gandzer-voronoxnery-300x200.jpg\",\"contentUrl\":\"http:\\\/\\\/akunq.net\\\/tr\\\/wp-content\\\/uploads\\\/2010\\\/10\\\/Hayeri-gandzer-voronoxnery-300x200.jpg\"},{\"@type\":\"BreadcrumbList\",\"@id\":\"https:\\\/\\\/akunq.net\\\/turkish\\\/2010\\\/10\\\/20\\\/defineciler-mezarligi-altust-etti\\\/#breadcrumb\",\"itemListElement\":[{\"@type\":\"ListItem\",\"position\":1,\"name\":\"Home\",\"item\":\"https:\\\/\\\/akunq.net\\\/turkish\\\/\"},{\"@type\":\"ListItem\",\"position\":2,\"name\":\"Defineciler mezarl\u0131\u011f\u0131 alt\u00fcst etti\"}]},{\"@type\":\"WebSite\",\"@id\":\"https:\\\/\\\/akunq.net\\\/turkish\\\/#website\",\"url\":\"https:\\\/\\\/akunq.net\\\/turkish\\\/\",\"name\":\"Bati Ermenistan Ve Bati Ermenileri Sorunlari Ara\u015ftirmalar Merkezi\",\"description\":\"\",\"potentialAction\":[{\"@type\":\"SearchAction\",\"target\":{\"@type\":\"EntryPoint\",\"urlTemplate\":\"https:\\\/\\\/akunq.net\\\/turkish\\\/?s={search_term_string}\"},\"query-input\":{\"@type\":\"PropertyValueSpecification\",\"valueRequired\":true,\"valueName\":\"search_term_string\"}}],\"inLanguage\":\"en-US\"},{\"@type\":\"Person\",\"@id\":\"https:\\\/\\\/akunq.net\\\/turkish\\\/#\\\/schema\\\/person\\\/135e7923d1aeb8887890799619969a6c\",\"name\":\"kalem\",\"image\":{\"@type\":\"ImageObject\",\"inLanguage\":\"en-US\",\"@id\":\"https:\\\/\\\/secure.gravatar.com\\\/avatar\\\/a06875e4b25feb5674296adf8e8a7ae1e587cebce2493fe63c456109967e27d3?s=96&d=mm&r=g\",\"url\":\"https:\\\/\\\/secure.gravatar.com\\\/avatar\\\/a06875e4b25feb5674296adf8e8a7ae1e587cebce2493fe63c456109967e27d3?s=96&d=mm&r=g\",\"contentUrl\":\"https:\\\/\\\/secure.gravatar.com\\\/avatar\\\/a06875e4b25feb5674296adf8e8a7ae1e587cebce2493fe63c456109967e27d3?s=96&d=mm&r=g\",\"caption\":\"kalem\"},\"url\":\"https:\\\/\\\/akunq.net\\\/turkish\\\/author\\\/kalem\\\/\"}]}<\/script>\n<!-- \/ Yoast SEO plugin. -->","yoast_head_json":{"title":"Defineciler mezarl\u0131\u011f\u0131 alt\u00fcst etti - Bati Ermenistan Ve Bati Ermenileri Sorunlari Ara\u015ftirmalar Merkezi","robots":{"index":"index","follow":"follow","max-snippet":"max-snippet:-1","max-image-preview":"max-image-preview:large","max-video-preview":"max-video-preview:-1"},"canonical":"https:\/\/akunq.net\/turkish\/2010\/10\/20\/defineciler-mezarligi-altust-etti\/","og_locale":"en_US","og_type":"article","og_title":"Defineciler mezarl\u0131\u011f\u0131 alt\u00fcst etti - Bati Ermenistan Ve Bati Ermenileri Sorunlari Ara\u015ftirmalar Merkezi","og_description":"ERZ\u0130NCAN\u2019daki Be\u011f Ba\u011f\u0131 Mahallesi&#8217;ndeki g\u00f6m\u00fcye kapal\u0131 mezarl\u0131k define avc\u0131lar\u0131nca alt\u00fcst edildi. A\u011fabeyinin tahrip edilen mezar\u0131 ba\u015f\u0131nda ortaya \u00e7\u0131kan iskelete bak\u0131p g\u00f6zya\u015f\u0131 d\u00f6ken 64 ya\u015f\u0131ndaki \u0130fakat Aksu, \u201cNe diriye ne de \u00f6l\u00fcye sayg\u0131 kalmad\u0131. G\u00f6rd\u00fc\u011f\u00fcm bu manzara kar\u015f\u0131s\u0131nda y\u0131k\u0131ld\u0131m\u201d dedi. \u2018Eski Erzincan\u2019 olarak bilinen ve 1939 depreminde \u00f6lenlerin de defnedildi\u011fi mezarl\u0131k, define avc\u0131lar\u0131n\u0131n sald\u0131r\u0131s\u0131na u\u011frad\u0131. \u0130\u00e7ki [&hellip;]","og_url":"https:\/\/akunq.net\/turkish\/2010\/10\/20\/defineciler-mezarligi-altust-etti\/","og_site_name":"Bati Ermenistan Ve Bati Ermenileri Sorunlari Ara\u015ftirmalar Merkezi","article_published_time":"2010-10-20T12:11:42+00:00","og_image":[{"width":450,"height":301,"url":"https:\/\/akunq.net\/turkish\/wp-content\/uploads\/sites\/5\/2010\/10\/Hayeri-gandzer-voronoxnery.jpg","type":"image\/jpeg"}],"author":"kalem","twitter_card":"summary_large_image","twitter_misc":{"Written by":"kalem","Est. reading time":"2 minutes"},"schema":{"@context":"https:\/\/schema.org","@graph":[{"@type":"Article","@id":"https:\/\/akunq.net\/turkish\/2010\/10\/20\/defineciler-mezarligi-altust-etti\/#article","isPartOf":{"@id":"https:\/\/akunq.net\/turkish\/2010\/10\/20\/defineciler-mezarligi-altust-etti\/"},"author":{"name":"kalem","@id":"https:\/\/akunq.net\/turkish\/#\/schema\/person\/135e7923d1aeb8887890799619969a6c"},"headline":"Defineciler mezarl\u0131\u011f\u0131 alt\u00fcst etti","datePublished":"2010-10-20T12:11:42+00:00","mainEntityOfPage":{"@id":"https:\/\/akunq.net\/turkish\/2010\/10\/20\/defineciler-mezarligi-altust-etti\/"},"wordCount":330,"commentCount":0,"image":{"@id":"https:\/\/akunq.net\/turkish\/2010\/10\/20\/defineciler-mezarligi-altust-etti\/#primaryimage"},"thumbnailUrl":"http:\/\/akunq.net\/tr\/wp-content\/uploads\/2010\/10\/Hayeri-gandzer-voronoxnery-300x200.jpg","articleSection":["Haberler"],"inLanguage":"en-US","potentialAction":[{"@type":"CommentAction","name":"Comment","target":["https:\/\/akunq.net\/turkish\/2010\/10\/20\/defineciler-mezarligi-altust-etti\/#respond"]}]},{"@type":"WebPage","@id":"https:\/\/akunq.net\/turkish\/2010\/10\/20\/defineciler-mezarligi-altust-etti\/","url":"https:\/\/akunq.net\/turkish\/2010\/10\/20\/defineciler-mezarligi-altust-etti\/","name":"Defineciler mezarl\u0131\u011f\u0131 alt\u00fcst etti - Bati Ermenistan Ve Bati Ermenileri Sorunlari Ara\u015ftirmalar Merkezi","isPartOf":{"@id":"https:\/\/akunq.net\/turkish\/#website"},"primaryImageOfPage":{"@id":"https:\/\/akunq.net\/turkish\/2010\/10\/20\/defineciler-mezarligi-altust-etti\/#primaryimage"},"image":{"@id":"https:\/\/akunq.net\/turkish\/2010\/10\/20\/defineciler-mezarligi-altust-etti\/#primaryimage"},"thumbnailUrl":"http:\/\/akunq.net\/tr\/wp-content\/uploads\/2010\/10\/Hayeri-gandzer-voronoxnery-300x200.jpg","datePublished":"2010-10-20T12:11:42+00:00","author":{"@id":"https:\/\/akunq.net\/turkish\/#\/schema\/person\/135e7923d1aeb8887890799619969a6c"},"breadcrumb":{"@id":"https:\/\/akunq.net\/turkish\/2010\/10\/20\/defineciler-mezarligi-altust-etti\/#breadcrumb"},"inLanguage":"en-US","potentialAction":[{"@type":"ReadAction","target":["https:\/\/akunq.net\/turkish\/2010\/10\/20\/defineciler-mezarligi-altust-etti\/"]}]},{"@type":"ImageObject","inLanguage":"en-US","@id":"https:\/\/akunq.net\/turkish\/2010\/10\/20\/defineciler-mezarligi-altust-etti\/#primaryimage","url":"http:\/\/akunq.net\/tr\/wp-content\/uploads\/2010\/10\/Hayeri-gandzer-voronoxnery-300x200.jpg","contentUrl":"http:\/\/akunq.net\/tr\/wp-content\/uploads\/2010\/10\/Hayeri-gandzer-voronoxnery-300x200.jpg"},{"@type":"BreadcrumbList","@id":"https:\/\/akunq.net\/turkish\/2010\/10\/20\/defineciler-mezarligi-altust-etti\/#breadcrumb","itemListElement":[{"@type":"ListItem","position":1,"name":"Home","item":"https:\/\/akunq.net\/turkish\/"},{"@type":"ListItem","position":2,"name":"Defineciler mezarl\u0131\u011f\u0131 alt\u00fcst etti"}]},{"@type":"WebSite","@id":"https:\/\/akunq.net\/turkish\/#website","url":"https:\/\/akunq.net\/turkish\/","name":"Bati Ermenistan Ve Bati Ermenileri Sorunlari Ara\u015ftirmalar Merkezi","description":"","potentialAction":[{"@type":"SearchAction","target":{"@type":"EntryPoint","urlTemplate":"https:\/\/akunq.net\/turkish\/?s={search_term_string}"},"query-input":{"@type":"PropertyValueSpecification","valueRequired":true,"valueName":"search_term_string"}}],"inLanguage":"en-US"},{"@type":"Person","@id":"https:\/\/akunq.net\/turkish\/#\/schema\/person\/135e7923d1aeb8887890799619969a6c","name":"kalem","image":{"@type":"ImageObject","inLanguage":"en-US","@id":"https:\/\/secure.gravatar.com\/avatar\/a06875e4b25feb5674296adf8e8a7ae1e587cebce2493fe63c456109967e27d3?s=96&d=mm&r=g","url":"https:\/\/secure.gravatar.com\/avatar\/a06875e4b25feb5674296adf8e8a7ae1e587cebce2493fe63c456109967e27d3?s=96&d=mm&r=g","contentUrl":"https:\/\/secure.gravatar.com\/avatar\/a06875e4b25feb5674296adf8e8a7ae1e587cebce2493fe63c456109967e27d3?s=96&d=mm&r=g","caption":"kalem"},"url":"https:\/\/akunq.net\/turkish\/author\/kalem\/"}]}},"_links":{"self":[{"href":"https:\/\/akunq.net\/turkish\/wp-json\/wp\/v2\/posts\/2405","targetHints":{"allow":["GET"]}}],"collection":[{"href":"https:\/\/akunq.net\/turkish\/wp-json\/wp\/v2\/posts"}],"about":[{"href":"https:\/\/akunq.net\/turkish\/wp-json\/wp\/v2\/types\/post"}],"author":[{"embeddable":true,"href":"https:\/\/akunq.net\/turkish\/wp-json\/wp\/v2\/users\/3"}],"replies":[{"embeddable":true,"href":"https:\/\/akunq.net\/turkish\/wp-json\/wp\/v2\/comments?post=2405"}],"version-history":[{"count":0,"href":"https:\/\/akunq.net\/turkish\/wp-json\/wp\/v2\/posts\/2405\/revisions"}],"wp:attachment":[{"href":"https:\/\/akunq.net\/turkish\/wp-json\/wp\/v2\/media?parent=2405"}],"wp:term":[{"taxonomy":"category","embeddable":true,"href":"https:\/\/akunq.net\/turkish\/wp-json\/wp\/v2\/categories?post=2405"},{"taxonomy":"post_tag","embeddable":true,"href":"https:\/\/akunq.net\/turkish\/wp-json\/wp\/v2\/tags?post=2405"}],"curies":[{"name":"wp","href":"https:\/\/api.w.org\/{rel}","templated":true}]}}