{"id":2400,"date":"2010-10-20T07:07:00","date_gmt":"2010-10-20T12:07:00","guid":{"rendered":"http:\/\/akunq.net\/tr\/?p=2400"},"modified":"2010-10-20T07:07:00","modified_gmt":"2010-10-20T12:07:00","slug":"sunnet-iskencesi","status":"publish","type":"post","link":"https:\/\/akunq.net\/turkish\/2010\/10\/20\/sunnet-iskencesi\/","title":{"rendered":"S\u00fcnnet i\u015fkencesi"},"content":{"rendered":"<p style=\"text-align: justify\"><strong><em><a rel=\"attachment wp-att-2401\" href=\"http:\/\/akunq.net\/tr\/?attachment_id=2401\"><img loading=\"lazy\" decoding=\"async\" class=\"alignleft size-full wp-image-2401\" title=\"Kttanqner\" src=\"http:\/\/akunq.net\/tr\/wp-content\/uploads\/2010\/10\/Kttanqner.jpg\" alt=\"\" width=\"300\" height=\"200\" \/><\/a>MALATYA\u2019DA \u00fc\u00e7 y\u0131l \u00f6nce Zirve Yay\u0131nevi\u2019nde \u00f6ld\u00fcr\u00fclen \u00fc\u00e7 ki\u015fiye yap\u0131lan i\u015fkence, foto\u011fraflarda t\u00fcm \u00e7\u0131plakl\u0131\u011f\u0131yla yer al\u0131yor. <\/em><\/strong><\/p>\n<p style=\"text-align: justify\">T\u00fcrkiye 18 Nisan 2007\u2019de Malatya\u2019dan gelen bir haberle sars\u0131ld\u0131. Malatya\u2019da faaliyet g\u00f6steren Zirve Yay\u0131nevi\u2019ni basan be\u015f gen\u00e7, \u0559misyonerlikle su\u00e7lad\u0131klar\u0131\u055a Alman uyruklu Tilman Geske ile Necati Ayd\u0131n ve U\u011fur Y\u00fcksel\u2019i i\u015fkence yaparak \u00f6ld\u00fcrm\u00fc\u015ft\u00fc. Olayla ilgili olarak ya\u015flar\u0131 19 ile 20 aras\u0131nda de\u011fi\u015fen Emre G\u00fcnayd\u0131n, Abuzer Y\u0131ld\u0131r\u0131m, Cuma \u00d6zdemir, Salih G\u00fcrler ve Hamit \u00c7eker yakalanm\u0131\u015ft\u0131. Tutuklanarak Malatya E Tipi Cezaevi\u2019ne konan san\u0131klar, Malatya 3. A\u011f\u0131r Ceza Mahkemesi\u2019nde m\u00fcebbet hapis cezas\u0131 istemiyle yarg\u0131lan\u0131yor.<\/p>\n<p style=\"text-align: justify\">Taraf, katliam\u0131 haber al\u0131r almaz olay yerine giden polisin ilk inceleme s\u0131ras\u0131nda \u00e7ekti\u011fi foto\u011fraflara ula\u015ft\u0131. Olay Yeri \u0130nceleme ekibinin \u00e7ekti\u011fi foto\u011fraflarda, ya\u015fanan vah\u015fetin t\u00fcm ayr\u0131nt\u0131lar\u0131 yer al\u0131yor.<\/p>\n<p style=\"text-align: justify\"><strong><em>Domuz ba\u011f\u0131<\/em><\/strong><\/p>\n<p style=\"text-align: justify\">Foto\u011fraflar, zanl\u0131lar\u0131n el ve ayaklar\u0131n\u0131 ba\u011flad\u0131klar\u0131 \u00fc\u00e7 kurbana yapt\u0131\u011f\u0131 a\u011f\u0131r i\u015fkenceyi de g\u00f6zler \u00f6n\u00fcne seriyor. Katliamda kullan\u0131lan b\u0131\u00e7aklar\u0131n g\u00f6r\u00fcnt\u00fclerinin de yer ald\u0131\u011f\u0131 foto\u011fraflarda, katledilen Tilman Geske, Necati Ayd\u0131n ve U\u011fur Y\u00fcksel\u2019i defalarca b\u0131\u00e7aklad\u0131klar\u0131, bo\u011fduklar\u0131, baz\u0131 kurbanlar\u0131n domuz ba\u011f\u0131yla ba\u011fland\u0131\u011f\u0131, bo\u011fuldu\u011fu ve cinsel organlar\u0131n\u0131n kesildi\u011fi g\u00f6r\u00fcl\u00fcyor.<\/p>\n<p style=\"text-align: justify\"><strong><em>Kan tutuyormu\u015f <\/em><\/strong><\/p>\n<p style=\"text-align: justify\">Kan donduran g\u00f6r\u00fcnt\u00fcler nedeniyle foto\u011fraflar\u0131n b\u00fcy\u00fck \u00e7o\u011funlu\u011funu yay\u0131mlayam\u0131yoruz. Foto\u011fraflardaki \u015fiddetin boyutu, kameralar \u00f6n\u00fcnde \u0559Tavuk kesmi\u015f insan de\u011filim\u055a diyen Emre G\u00fcnayd\u0131n\u2019\u0131 yalanl\u0131yor. Yine zanl\u0131lardan Abuzer Y\u0131ld\u0131r\u0131m ifadesinde, U\u011fur Y\u00fcksel\u2019e vurdu\u011funu, elinde kan\u0131 g\u00f6r\u00fcnce midesinin buland\u0131\u011f\u0131n\u0131, lavaboya gitti\u011fini anlat\u0131yor. Sonra odaya d\u00f6nd\u00fc\u011f\u00fcnde Necati Ayd\u0131n\u2019\u0131 yerde kanlar i\u00e7inde g\u00f6r\u00fcnce a\u011flad\u0131\u011f\u0131n\u0131, ba\u015fka bir odaya ka\u00e7t\u0131\u011f\u0131n\u0131 s\u00f6yl\u00fcyor. Fakat foto\u011fraflar san\u0131klar\u0131 \u0559kan tutmas\u0131\u055an\u0131n dahi, ellerini ve ayaklar\u0131n\u0131 ba\u011flad\u0131klar\u0131 \u0559H\u0131ristiyanlar\u055a a a\u011f\u0131r i\u015fkence yapmalar\u0131na engel olmad\u0131\u011f\u0131n\u0131 g\u00f6steriyor.<\/p>\n<p style=\"text-align: justify\"><strong><em>\u00d6\u011fretilmi\u015f ifadeler <\/em><\/strong><\/p>\n<p style=\"text-align: justify\">Davan\u0131n m\u00fcdahil avukatlar\u0131ndan Erdal Do\u011fan, san\u0131klar\u0131n ifadelerinin \u0559\u00f6\u011fretilmi\u015f\u055a oldu\u011funu, yarat\u0131lan psikolojik ortam ve destek sonucu san\u0131klar\u0131n bu ifadeleri yinelediklerini s\u00f6yledi. Gelen ihbar mektuplar\u0131nda olay\u0131n Jandarma b\u00f6l\u00fc\u011f\u00fcnde organize edildi\u011fi ve san\u0131klar\u0131 azmettirenlerden birinin Ergenekon \u015f\u00fcphelisi olarak g\u00f6zalt\u0131na al\u0131nan Albay Mehmet \u00dclger oldu\u011fu iddialar\u0131n\u0131n yer ald\u0131\u011f\u0131n\u0131 hat\u0131rlatan Do\u011fan, ger\u00e7ek sorumlular\u0131n a\u00e7\u0131\u011fa \u00e7\u0131kmas\u0131n\u0131n \u00f6nlendi\u011fi iddialar\u0131n\u0131n da dava dosyas\u0131na eklendi\u011fini s\u00f6yledi.<\/p>\n<p style=\"text-align: justify\">Davan\u0131n bir di\u011fer m\u00fcdahil avukat\u0131 Orhan Kemal Cengiz ise, katliam\u0131n arkas\u0131nda \u00e7ok b\u00fcy\u00fck bir \u00f6rg\u00fct oldu\u011funa inand\u0131klar\u0131n\u0131 ifade etti. Katliam i\u00e7in sekiz ay haz\u0131rl\u0131k yap\u0131ld\u0131\u011f\u0131n\u0131, jandarma ve polisin kurbanlar\u0131 misyonerlik yapt\u0131klar\u0131 gerek\u00e7esiyle takip etti\u011fini s\u00f6yleyen Avukat Cengiz \u015f\u00f6yle konu\u015ftu: \u0559Bu cinayet de, t\u0131pk\u0131 Hrant Dink cinayetinde oldu\u011fu gibi g\u00fcvenlik g\u00f6revlilerinin g\u00f6z yummalar\u0131ndan dolay\u0131 i\u015flendi.\u055a<\/p>\n<p style=\"text-align: justify\">29. duru\u015fman\u0131n geride kald\u0131\u011f\u0131 \u00fc\u00e7 y\u0131ll\u0131k s\u00fcre\u00e7te dava karar a\u015famas\u0131na geldi. Bir taraftan katliam\u0131n \u0559Ergenekon\u055a ve \u0559Kafes Eylem Plan\u0131\u055a ile ba\u011flant\u0131l\u0131 olup olmad\u0131\u011f\u0131 ara\u015ft\u0131r\u0131l\u0131rken, san\u0131klar\u0131n verdi\u011fi \u00e7eli\u015fkili ifadeleri tatmin edici bulmayan kamuoyu, cinayetin perde arkas\u0131n\u0131n ayd\u0131nlat\u0131lmas\u0131n\u0131 istiyor.<\/p>\n<p style=\"text-align: justify\"><strong>Kaynak:<\/strong> taraf.com.tr<br \/>\n<strong>Tarih:<\/strong> 20.10.2010<\/p>\n","protected":false},"excerpt":{"rendered":"<p>MALATYA\u2019DA \u00fc\u00e7 y\u0131l \u00f6nce Zirve Yay\u0131nevi\u2019nde \u00f6ld\u00fcr\u00fclen \u00fc\u00e7 ki\u015fiye yap\u0131lan i\u015fkence, foto\u011fraflarda t\u00fcm \u00e7\u0131plakl\u0131\u011f\u0131yla yer al\u0131yor. T\u00fcrkiye 18 Nisan 2007\u2019de Malatya\u2019dan gelen bir haberle sars\u0131ld\u0131. Malatya\u2019da faaliyet g\u00f6steren Zirve Yay\u0131nevi\u2019ni basan be\u015f gen\u00e7, \u0559misyonerlikle su\u00e7lad\u0131klar\u0131\u055a Alman uyruklu Tilman Geske ile Necati Ayd\u0131n ve U\u011fur Y\u00fcksel\u2019i i\u015fkence yaparak \u00f6ld\u00fcrm\u00fc\u015ft\u00fc. Olayla ilgili olarak ya\u015flar\u0131 19 ile 20 [&hellip;]<\/p>\n","protected":false},"author":3,"featured_media":0,"comment_status":"open","ping_status":"open","sticky":false,"template":"","format":"standard","meta":{"footnotes":""},"categories":[14],"tags":[],"class_list":["post-2400","post","type-post","status-publish","format-standard","hentry","category-haberler"],"yoast_head":"<!-- This site is optimized with the Yoast SEO plugin v27.4 - https:\/\/yoast.com\/product\/yoast-seo-wordpress\/ -->\n<title>S\u00fcnnet i\u015fkencesi - Bati Ermenistan Ve Bati Ermenileri Sorunlari Ara\u015ftirmalar Merkezi<\/title>\n<meta name=\"robots\" content=\"index, follow, max-snippet:-1, max-image-preview:large, max-video-preview:-1\" \/>\n<link rel=\"canonical\" href=\"https:\/\/akunq.net\/turkish\/2010\/10\/20\/sunnet-iskencesi\/\" \/>\n<meta property=\"og:locale\" content=\"en_US\" \/>\n<meta property=\"og:type\" content=\"article\" \/>\n<meta property=\"og:title\" content=\"S\u00fcnnet i\u015fkencesi - Bati Ermenistan Ve Bati Ermenileri Sorunlari Ara\u015ftirmalar Merkezi\" \/>\n<meta property=\"og:description\" content=\"MALATYA\u2019DA \u00fc\u00e7 y\u0131l \u00f6nce Zirve Yay\u0131nevi\u2019nde \u00f6ld\u00fcr\u00fclen \u00fc\u00e7 ki\u015fiye yap\u0131lan i\u015fkence, foto\u011fraflarda t\u00fcm \u00e7\u0131plakl\u0131\u011f\u0131yla yer al\u0131yor. T\u00fcrkiye 18 Nisan 2007\u2019de Malatya\u2019dan gelen bir haberle sars\u0131ld\u0131. Malatya\u2019da faaliyet g\u00f6steren Zirve Yay\u0131nevi\u2019ni basan be\u015f gen\u00e7, \u0559misyonerlikle su\u00e7lad\u0131klar\u0131\u055a Alman uyruklu Tilman Geske ile Necati Ayd\u0131n ve U\u011fur Y\u00fcksel\u2019i i\u015fkence yaparak \u00f6ld\u00fcrm\u00fc\u015ft\u00fc. Olayla ilgili olarak ya\u015flar\u0131 19 ile 20 [&hellip;]\" \/>\n<meta property=\"og:url\" content=\"https:\/\/akunq.net\/turkish\/2010\/10\/20\/sunnet-iskencesi\/\" \/>\n<meta property=\"og:site_name\" content=\"Bati Ermenistan Ve Bati Ermenileri Sorunlari Ara\u015ftirmalar Merkezi\" \/>\n<meta property=\"article:published_time\" content=\"2010-10-20T12:07:00+00:00\" \/>\n<meta property=\"og:image\" content=\"https:\/\/akunq.net\/turkish\/wp-content\/uploads\/sites\/5\/2010\/10\/Kttanqner.jpg\" \/>\n\t<meta property=\"og:image:width\" content=\"300\" \/>\n\t<meta property=\"og:image:height\" content=\"200\" \/>\n\t<meta property=\"og:image:type\" content=\"image\/jpeg\" \/>\n<meta name=\"author\" content=\"kalem\" \/>\n<meta name=\"twitter:card\" content=\"summary_large_image\" \/>\n<meta name=\"twitter:label1\" content=\"Written by\" \/>\n\t<meta name=\"twitter:data1\" content=\"kalem\" \/>\n\t<meta name=\"twitter:label2\" content=\"Est. reading time\" \/>\n\t<meta name=\"twitter:data2\" content=\"3 minutes\" \/>\n<script type=\"application\/ld+json\" class=\"yoast-schema-graph\">{\"@context\":\"https:\\\/\\\/schema.org\",\"@graph\":[{\"@type\":\"Article\",\"@id\":\"https:\\\/\\\/akunq.net\\\/turkish\\\/2010\\\/10\\\/20\\\/sunnet-iskencesi\\\/#article\",\"isPartOf\":{\"@id\":\"https:\\\/\\\/akunq.net\\\/turkish\\\/2010\\\/10\\\/20\\\/sunnet-iskencesi\\\/\"},\"author\":{\"name\":\"kalem\",\"@id\":\"https:\\\/\\\/akunq.net\\\/turkish\\\/#\\\/schema\\\/person\\\/135e7923d1aeb8887890799619969a6c\"},\"headline\":\"S\u00fcnnet i\u015fkencesi\",\"datePublished\":\"2010-10-20T12:07:00+00:00\",\"mainEntityOfPage\":{\"@id\":\"https:\\\/\\\/akunq.net\\\/turkish\\\/2010\\\/10\\\/20\\\/sunnet-iskencesi\\\/\"},\"wordCount\":623,\"commentCount\":0,\"image\":{\"@id\":\"https:\\\/\\\/akunq.net\\\/turkish\\\/2010\\\/10\\\/20\\\/sunnet-iskencesi\\\/#primaryimage\"},\"thumbnailUrl\":\"http:\\\/\\\/akunq.net\\\/tr\\\/wp-content\\\/uploads\\\/2010\\\/10\\\/Kttanqner.jpg\",\"articleSection\":[\"Haberler\"],\"inLanguage\":\"en-US\",\"potentialAction\":[{\"@type\":\"CommentAction\",\"name\":\"Comment\",\"target\":[\"https:\\\/\\\/akunq.net\\\/turkish\\\/2010\\\/10\\\/20\\\/sunnet-iskencesi\\\/#respond\"]}]},{\"@type\":\"WebPage\",\"@id\":\"https:\\\/\\\/akunq.net\\\/turkish\\\/2010\\\/10\\\/20\\\/sunnet-iskencesi\\\/\",\"url\":\"https:\\\/\\\/akunq.net\\\/turkish\\\/2010\\\/10\\\/20\\\/sunnet-iskencesi\\\/\",\"name\":\"S\u00fcnnet i\u015fkencesi - Bati Ermenistan Ve Bati Ermenileri Sorunlari Ara\u015ftirmalar Merkezi\",\"isPartOf\":{\"@id\":\"https:\\\/\\\/akunq.net\\\/turkish\\\/#website\"},\"primaryImageOfPage\":{\"@id\":\"https:\\\/\\\/akunq.net\\\/turkish\\\/2010\\\/10\\\/20\\\/sunnet-iskencesi\\\/#primaryimage\"},\"image\":{\"@id\":\"https:\\\/\\\/akunq.net\\\/turkish\\\/2010\\\/10\\\/20\\\/sunnet-iskencesi\\\/#primaryimage\"},\"thumbnailUrl\":\"http:\\\/\\\/akunq.net\\\/tr\\\/wp-content\\\/uploads\\\/2010\\\/10\\\/Kttanqner.jpg\",\"datePublished\":\"2010-10-20T12:07:00+00:00\",\"author\":{\"@id\":\"https:\\\/\\\/akunq.net\\\/turkish\\\/#\\\/schema\\\/person\\\/135e7923d1aeb8887890799619969a6c\"},\"breadcrumb\":{\"@id\":\"https:\\\/\\\/akunq.net\\\/turkish\\\/2010\\\/10\\\/20\\\/sunnet-iskencesi\\\/#breadcrumb\"},\"inLanguage\":\"en-US\",\"potentialAction\":[{\"@type\":\"ReadAction\",\"target\":[\"https:\\\/\\\/akunq.net\\\/turkish\\\/2010\\\/10\\\/20\\\/sunnet-iskencesi\\\/\"]}]},{\"@type\":\"ImageObject\",\"inLanguage\":\"en-US\",\"@id\":\"https:\\\/\\\/akunq.net\\\/turkish\\\/2010\\\/10\\\/20\\\/sunnet-iskencesi\\\/#primaryimage\",\"url\":\"http:\\\/\\\/akunq.net\\\/tr\\\/wp-content\\\/uploads\\\/2010\\\/10\\\/Kttanqner.jpg\",\"contentUrl\":\"http:\\\/\\\/akunq.net\\\/tr\\\/wp-content\\\/uploads\\\/2010\\\/10\\\/Kttanqner.jpg\"},{\"@type\":\"BreadcrumbList\",\"@id\":\"https:\\\/\\\/akunq.net\\\/turkish\\\/2010\\\/10\\\/20\\\/sunnet-iskencesi\\\/#breadcrumb\",\"itemListElement\":[{\"@type\":\"ListItem\",\"position\":1,\"name\":\"Home\",\"item\":\"https:\\\/\\\/akunq.net\\\/turkish\\\/\"},{\"@type\":\"ListItem\",\"position\":2,\"name\":\"S\u00fcnnet i\u015fkencesi\"}]},{\"@type\":\"WebSite\",\"@id\":\"https:\\\/\\\/akunq.net\\\/turkish\\\/#website\",\"url\":\"https:\\\/\\\/akunq.net\\\/turkish\\\/\",\"name\":\"Bati Ermenistan Ve Bati Ermenileri Sorunlari Ara\u015ftirmalar Merkezi\",\"description\":\"\",\"potentialAction\":[{\"@type\":\"SearchAction\",\"target\":{\"@type\":\"EntryPoint\",\"urlTemplate\":\"https:\\\/\\\/akunq.net\\\/turkish\\\/?s={search_term_string}\"},\"query-input\":{\"@type\":\"PropertyValueSpecification\",\"valueRequired\":true,\"valueName\":\"search_term_string\"}}],\"inLanguage\":\"en-US\"},{\"@type\":\"Person\",\"@id\":\"https:\\\/\\\/akunq.net\\\/turkish\\\/#\\\/schema\\\/person\\\/135e7923d1aeb8887890799619969a6c\",\"name\":\"kalem\",\"image\":{\"@type\":\"ImageObject\",\"inLanguage\":\"en-US\",\"@id\":\"https:\\\/\\\/secure.gravatar.com\\\/avatar\\\/a06875e4b25feb5674296adf8e8a7ae1e587cebce2493fe63c456109967e27d3?s=96&d=mm&r=g\",\"url\":\"https:\\\/\\\/secure.gravatar.com\\\/avatar\\\/a06875e4b25feb5674296adf8e8a7ae1e587cebce2493fe63c456109967e27d3?s=96&d=mm&r=g\",\"contentUrl\":\"https:\\\/\\\/secure.gravatar.com\\\/avatar\\\/a06875e4b25feb5674296adf8e8a7ae1e587cebce2493fe63c456109967e27d3?s=96&d=mm&r=g\",\"caption\":\"kalem\"},\"url\":\"https:\\\/\\\/akunq.net\\\/turkish\\\/author\\\/kalem\\\/\"}]}<\/script>\n<!-- \/ Yoast SEO plugin. -->","yoast_head_json":{"title":"S\u00fcnnet i\u015fkencesi - Bati Ermenistan Ve Bati Ermenileri Sorunlari Ara\u015ftirmalar Merkezi","robots":{"index":"index","follow":"follow","max-snippet":"max-snippet:-1","max-image-preview":"max-image-preview:large","max-video-preview":"max-video-preview:-1"},"canonical":"https:\/\/akunq.net\/turkish\/2010\/10\/20\/sunnet-iskencesi\/","og_locale":"en_US","og_type":"article","og_title":"S\u00fcnnet i\u015fkencesi - Bati Ermenistan Ve Bati Ermenileri Sorunlari Ara\u015ftirmalar Merkezi","og_description":"MALATYA\u2019DA \u00fc\u00e7 y\u0131l \u00f6nce Zirve Yay\u0131nevi\u2019nde \u00f6ld\u00fcr\u00fclen \u00fc\u00e7 ki\u015fiye yap\u0131lan i\u015fkence, foto\u011fraflarda t\u00fcm \u00e7\u0131plakl\u0131\u011f\u0131yla yer al\u0131yor. T\u00fcrkiye 18 Nisan 2007\u2019de Malatya\u2019dan gelen bir haberle sars\u0131ld\u0131. Malatya\u2019da faaliyet g\u00f6steren Zirve Yay\u0131nevi\u2019ni basan be\u015f gen\u00e7, \u0559misyonerlikle su\u00e7lad\u0131klar\u0131\u055a Alman uyruklu Tilman Geske ile Necati Ayd\u0131n ve U\u011fur Y\u00fcksel\u2019i i\u015fkence yaparak \u00f6ld\u00fcrm\u00fc\u015ft\u00fc. Olayla ilgili olarak ya\u015flar\u0131 19 ile 20 [&hellip;]","og_url":"https:\/\/akunq.net\/turkish\/2010\/10\/20\/sunnet-iskencesi\/","og_site_name":"Bati Ermenistan Ve Bati Ermenileri Sorunlari Ara\u015ftirmalar Merkezi","article_published_time":"2010-10-20T12:07:00+00:00","og_image":[{"width":300,"height":200,"url":"https:\/\/akunq.net\/turkish\/wp-content\/uploads\/sites\/5\/2010\/10\/Kttanqner.jpg","type":"image\/jpeg"}],"author":"kalem","twitter_card":"summary_large_image","twitter_misc":{"Written by":"kalem","Est. reading time":"3 minutes"},"schema":{"@context":"https:\/\/schema.org","@graph":[{"@type":"Article","@id":"https:\/\/akunq.net\/turkish\/2010\/10\/20\/sunnet-iskencesi\/#article","isPartOf":{"@id":"https:\/\/akunq.net\/turkish\/2010\/10\/20\/sunnet-iskencesi\/"},"author":{"name":"kalem","@id":"https:\/\/akunq.net\/turkish\/#\/schema\/person\/135e7923d1aeb8887890799619969a6c"},"headline":"S\u00fcnnet i\u015fkencesi","datePublished":"2010-10-20T12:07:00+00:00","mainEntityOfPage":{"@id":"https:\/\/akunq.net\/turkish\/2010\/10\/20\/sunnet-iskencesi\/"},"wordCount":623,"commentCount":0,"image":{"@id":"https:\/\/akunq.net\/turkish\/2010\/10\/20\/sunnet-iskencesi\/#primaryimage"},"thumbnailUrl":"http:\/\/akunq.net\/tr\/wp-content\/uploads\/2010\/10\/Kttanqner.jpg","articleSection":["Haberler"],"inLanguage":"en-US","potentialAction":[{"@type":"CommentAction","name":"Comment","target":["https:\/\/akunq.net\/turkish\/2010\/10\/20\/sunnet-iskencesi\/#respond"]}]},{"@type":"WebPage","@id":"https:\/\/akunq.net\/turkish\/2010\/10\/20\/sunnet-iskencesi\/","url":"https:\/\/akunq.net\/turkish\/2010\/10\/20\/sunnet-iskencesi\/","name":"S\u00fcnnet i\u015fkencesi - Bati Ermenistan Ve Bati Ermenileri Sorunlari Ara\u015ftirmalar Merkezi","isPartOf":{"@id":"https:\/\/akunq.net\/turkish\/#website"},"primaryImageOfPage":{"@id":"https:\/\/akunq.net\/turkish\/2010\/10\/20\/sunnet-iskencesi\/#primaryimage"},"image":{"@id":"https:\/\/akunq.net\/turkish\/2010\/10\/20\/sunnet-iskencesi\/#primaryimage"},"thumbnailUrl":"http:\/\/akunq.net\/tr\/wp-content\/uploads\/2010\/10\/Kttanqner.jpg","datePublished":"2010-10-20T12:07:00+00:00","author":{"@id":"https:\/\/akunq.net\/turkish\/#\/schema\/person\/135e7923d1aeb8887890799619969a6c"},"breadcrumb":{"@id":"https:\/\/akunq.net\/turkish\/2010\/10\/20\/sunnet-iskencesi\/#breadcrumb"},"inLanguage":"en-US","potentialAction":[{"@type":"ReadAction","target":["https:\/\/akunq.net\/turkish\/2010\/10\/20\/sunnet-iskencesi\/"]}]},{"@type":"ImageObject","inLanguage":"en-US","@id":"https:\/\/akunq.net\/turkish\/2010\/10\/20\/sunnet-iskencesi\/#primaryimage","url":"http:\/\/akunq.net\/tr\/wp-content\/uploads\/2010\/10\/Kttanqner.jpg","contentUrl":"http:\/\/akunq.net\/tr\/wp-content\/uploads\/2010\/10\/Kttanqner.jpg"},{"@type":"BreadcrumbList","@id":"https:\/\/akunq.net\/turkish\/2010\/10\/20\/sunnet-iskencesi\/#breadcrumb","itemListElement":[{"@type":"ListItem","position":1,"name":"Home","item":"https:\/\/akunq.net\/turkish\/"},{"@type":"ListItem","position":2,"name":"S\u00fcnnet i\u015fkencesi"}]},{"@type":"WebSite","@id":"https:\/\/akunq.net\/turkish\/#website","url":"https:\/\/akunq.net\/turkish\/","name":"Bati Ermenistan Ve Bati Ermenileri Sorunlari Ara\u015ftirmalar Merkezi","description":"","potentialAction":[{"@type":"SearchAction","target":{"@type":"EntryPoint","urlTemplate":"https:\/\/akunq.net\/turkish\/?s={search_term_string}"},"query-input":{"@type":"PropertyValueSpecification","valueRequired":true,"valueName":"search_term_string"}}],"inLanguage":"en-US"},{"@type":"Person","@id":"https:\/\/akunq.net\/turkish\/#\/schema\/person\/135e7923d1aeb8887890799619969a6c","name":"kalem","image":{"@type":"ImageObject","inLanguage":"en-US","@id":"https:\/\/secure.gravatar.com\/avatar\/a06875e4b25feb5674296adf8e8a7ae1e587cebce2493fe63c456109967e27d3?s=96&d=mm&r=g","url":"https:\/\/secure.gravatar.com\/avatar\/a06875e4b25feb5674296adf8e8a7ae1e587cebce2493fe63c456109967e27d3?s=96&d=mm&r=g","contentUrl":"https:\/\/secure.gravatar.com\/avatar\/a06875e4b25feb5674296adf8e8a7ae1e587cebce2493fe63c456109967e27d3?s=96&d=mm&r=g","caption":"kalem"},"url":"https:\/\/akunq.net\/turkish\/author\/kalem\/"}]}},"_links":{"self":[{"href":"https:\/\/akunq.net\/turkish\/wp-json\/wp\/v2\/posts\/2400","targetHints":{"allow":["GET"]}}],"collection":[{"href":"https:\/\/akunq.net\/turkish\/wp-json\/wp\/v2\/posts"}],"about":[{"href":"https:\/\/akunq.net\/turkish\/wp-json\/wp\/v2\/types\/post"}],"author":[{"embeddable":true,"href":"https:\/\/akunq.net\/turkish\/wp-json\/wp\/v2\/users\/3"}],"replies":[{"embeddable":true,"href":"https:\/\/akunq.net\/turkish\/wp-json\/wp\/v2\/comments?post=2400"}],"version-history":[{"count":0,"href":"https:\/\/akunq.net\/turkish\/wp-json\/wp\/v2\/posts\/2400\/revisions"}],"wp:attachment":[{"href":"https:\/\/akunq.net\/turkish\/wp-json\/wp\/v2\/media?parent=2400"}],"wp:term":[{"taxonomy":"category","embeddable":true,"href":"https:\/\/akunq.net\/turkish\/wp-json\/wp\/v2\/categories?post=2400"},{"taxonomy":"post_tag","embeddable":true,"href":"https:\/\/akunq.net\/turkish\/wp-json\/wp\/v2\/tags?post=2400"}],"curies":[{"name":"wp","href":"https:\/\/api.w.org\/{rel}","templated":true}]}}