{"id":2369,"date":"2010-10-19T03:51:34","date_gmt":"2010-10-19T08:51:34","guid":{"rendered":"http:\/\/akunq.net\/tr\/?p=2369"},"modified":"2010-10-19T03:51:34","modified_gmt":"2010-10-19T08:51:34","slug":"turkiye-etnik-dil-ve-kultur-kurslari-basliyor","status":"publish","type":"post","link":"https:\/\/akunq.net\/turkish\/2010\/10\/19\/turkiye-etnik-dil-ve-kultur-kurslari-basliyor\/","title":{"rendered":"T\u00fcrkiye Etnik Dil ve K\u00fclt\u00fcr Kurslar\u0131 Ba\u015fl\u0131yor"},"content":{"rendered":"<p style=\"text-align: justify\"><strong>Ermenice, K\u00fcrt\u00e7e, Lazca, Zazaca, Yunanca Ve Fars\u00e7a Dil Ve K\u00fclt\u00fcr Kurslar\u0131 \u00d6n\u00fcm\u00fczdeki Hafta Geoaktif K\u00fclt\u00fcr Ve Aktivizm Merkezinde Ba\u015fl\u0131yor<\/strong><\/p>\n<p style=\"text-align: justify\">Bir k\u0131sm\u0131 \u00fclkemizde\u00a0ilk\u00a0defa verilecek olan bu kurslarda, eski zamanlardan beri co\u011frafyam\u0131zda ve etraf\u0131m\u0131zda\u00a0konu\u015fulan\u00a0ve h\u00e2lihaz\u0131rda milyonlarca vatanda\u015f\u0131m\u0131z\u0131n anadili olan etnik diller \u00f6\u011fretilecek.\u00a0<\/p>\n<p style=\"text-align: justify\">Her dil i\u00e7in haftada bir defa \u00fc\u00e7 saat s\u00fcreyle yap\u0131lacak derslerde, temel dil\u00a0e\u011fitiminin\u00a0yan\u0131 s\u0131ra, ilgili etnik grup \u00fczerine bir k\u00fclt\u00fcr incelemesi\u00a0de yap\u0131lacak. Her bir ders kendi i\u00e7inde \u00fc\u00e7 b\u00f6l\u00fcmden olu\u015facak.\u00a0<\/p>\n<p style=\"text-align: justify\">Birinci b\u00f6l\u00fcmde okuma, yazma, diktasyon, yeni s\u00f6zc\u00fck ve gramer\u00a0\u00f6\u011fesi \u00f6\u011frenme, c\u00fcmle yap\u0131s\u0131, c\u00fcmle \u00e7\u00f6z\u00fcmlemeleri\u00a0gibi temel dilbilgisi \u00f6\u011feleri \u00e7al\u0131\u015f\u0131lacak.\u00a0<\/p>\n<p style=\"text-align: justify\">\u0130kinci b\u00f6l\u00fcmde t\u00fcm\u00fcyle\u00a0konu\u015fma\u00a0\u00fczerine yo\u011funla\u015f\u0131lacak; telaffuz, diksiyon, deyimler, \u00f6zg\u00fcn terimler,\u00a0g\u00fcncel\u00a0dilden kesitler, \u015fark\u0131 s\u00f6z\u00fc \u00e7\u00f6z\u00fcmlemeleri\u00a0gibi\u00a0daha\u00a0pratik\u00a0dil \u00f6\u011feleri \u00e7al\u0131\u015f\u0131lacak.\u00a0<\/p>\n<p style=\"text-align: justify\">\u00dc\u00e7\u00fcnc\u00fc b\u00f6l\u00fcmde ise, dilden t\u00fcm\u00fcyle uzakla\u015f\u0131larak, o dili konu\u015fan\u00a0etnik\u00a0grup\u00a0\u00fczerine\u00a0sosyal\u00a0ve k\u00fclt\u00fcrel bir\u00a0inceleme yap\u0131lacak; tarih, k\u00fclt\u00fcr, din,\u00a0sosyal\u00a0yap\u0131, edebiyat, sanat\u00a0gibi\u00a0\u00f6\u011felerin yan\u0131 s\u0131ra ilgili etnik\u00a0grubun\u00a0g\u00fcncel g\u00fcndemleri\u00a0de mercek alt\u0131na al\u0131nacak.\u00a0<\/p>\n<p style=\"text-align: justify\">Sekiz\u00a0ay\u00a0olarak planlanan kurs d\u00f6nemi boyunca,\u00a0kat\u0131l\u0131mc\u0131lar\u0131n\u00a0hem\u00a0pratik\u00a0yapmalar\u0131 hem de \u00f6\u011frendikleri dili\u00a0konu\u015fan\u00a0halk\u0131 daha yak\u0131ndan tan\u0131malar\u0131 i\u00e7in \u00e7e\u015fitli bulu\u015fma ve etkile\u015fim imkanlar\u0131 da yarat\u0131lacak. Ayr\u0131ca k\u00fclt\u00fcr merkezimizde, dillerini \u00f6\u011fretti\u011fimiz etnik\u00a0gruplar\u0131n\u00a0danslar\u0131, m\u00fczikleri ve\u00a0mutfak\u00a0k\u00fclt\u00fcrlerini de i\u00e7eren periyodik\u00a0etkinlikler\u00a0ger\u00e7ekle\u015ftirilecek.\u00a0<\/p>\n<p style=\"text-align: justify\">T\u00fcrkiye&#8217;de etnik meseleler a\u00e7\u0131ld\u0131\u011f\u0131nda &#8220;binlerce y\u0131ld\u0131r yan yana ya\u015f\u0131yoruz&#8221; kli\u015fesiyle s\u00f6ze ba\u015flan\u0131r hep. Evet ama, birbirimiz hakk\u0131nda hi\u00e7bir \u015fey bilmeden ya\u015f\u0131yoruz. Bu topraklarda &#8220;binlerce y\u0131l birlikte&#8221; ya\u015fay\u0131p da iki tane Lazca, K\u00fcrt\u00e7e, Zazaca veya Ermenice s\u00f6zc\u00fck bilmiyorsak, \u00f6\u011frenmiyorsak, &#8220;birlikte ama yaln\u0131z\u0131z&#8221; demektir.\u00a0<\/p>\n<p style=\"text-align: justify\">T\u00fcm insanlar\u0131m\u0131z\u0131, ama \u00f6zellikle de T\u00fcrkleri, birlikte bir\u00a0\u00f6m\u00fcr\u00a0ge\u00e7irdikleri\u00a0K\u00fcrt, Ermeni, Laz ve Zaza karde\u015flerinin dillerini ve k\u00fclt\u00fcrlerini \u00f6\u011frenmeye davet ediyoruz\u2026\u00a0<\/p>\n<p style=\"text-align: justify\"><strong>Haberler.Com\u00a0<\/strong><\/p>\n<p style=\"text-align: justify\">18.10.2010\u00a021:23<\/p>\n","protected":false},"excerpt":{"rendered":"<p>Ermenice, K\u00fcrt\u00e7e, Lazca, Zazaca, Yunanca Ve Fars\u00e7a Dil Ve K\u00fclt\u00fcr Kurslar\u0131 \u00d6n\u00fcm\u00fczdeki Hafta Geoaktif K\u00fclt\u00fcr Ve Aktivizm Merkezinde Ba\u015fl\u0131yor Bir k\u0131sm\u0131 \u00fclkemizde\u00a0ilk\u00a0defa verilecek olan bu kurslarda, eski zamanlardan beri co\u011frafyam\u0131zda ve etraf\u0131m\u0131zda\u00a0konu\u015fulan\u00a0ve h\u00e2lihaz\u0131rda milyonlarca vatanda\u015f\u0131m\u0131z\u0131n anadili olan etnik diller \u00f6\u011fretilecek.\u00a0 Her dil i\u00e7in haftada bir defa \u00fc\u00e7 saat s\u00fcreyle yap\u0131lacak derslerde, temel dil\u00a0e\u011fitiminin\u00a0yan\u0131 s\u0131ra, ilgili [&hellip;]<\/p>\n","protected":false},"author":3,"featured_media":0,"comment_status":"open","ping_status":"open","sticky":false,"template":"","format":"standard","meta":{"footnotes":""},"categories":[14],"tags":[],"class_list":["post-2369","post","type-post","status-publish","format-standard","hentry","category-haberler"],"yoast_head":"<!-- This site is optimized with the Yoast SEO plugin v27.4 - https:\/\/yoast.com\/product\/yoast-seo-wordpress\/ -->\n<title>T\u00fcrkiye Etnik Dil ve K\u00fclt\u00fcr Kurslar\u0131 Ba\u015fl\u0131yor - Bati Ermenistan Ve Bati Ermenileri Sorunlari Ara\u015ftirmalar Merkezi<\/title>\n<meta name=\"robots\" content=\"index, follow, max-snippet:-1, max-image-preview:large, max-video-preview:-1\" \/>\n<link rel=\"canonical\" href=\"https:\/\/akunq.net\/turkish\/2010\/10\/19\/turkiye-etnik-dil-ve-kultur-kurslari-basliyor\/\" \/>\n<meta property=\"og:locale\" content=\"en_US\" \/>\n<meta property=\"og:type\" content=\"article\" \/>\n<meta property=\"og:title\" content=\"T\u00fcrkiye Etnik Dil ve K\u00fclt\u00fcr Kurslar\u0131 Ba\u015fl\u0131yor - Bati Ermenistan Ve Bati Ermenileri Sorunlari Ara\u015ftirmalar Merkezi\" \/>\n<meta property=\"og:description\" content=\"Ermenice, K\u00fcrt\u00e7e, Lazca, Zazaca, Yunanca Ve Fars\u00e7a Dil Ve K\u00fclt\u00fcr Kurslar\u0131 \u00d6n\u00fcm\u00fczdeki Hafta Geoaktif K\u00fclt\u00fcr Ve Aktivizm Merkezinde Ba\u015fl\u0131yor Bir k\u0131sm\u0131 \u00fclkemizde\u00a0ilk\u00a0defa verilecek olan bu kurslarda, eski zamanlardan beri co\u011frafyam\u0131zda ve etraf\u0131m\u0131zda\u00a0konu\u015fulan\u00a0ve h\u00e2lihaz\u0131rda milyonlarca vatanda\u015f\u0131m\u0131z\u0131n anadili olan etnik diller \u00f6\u011fretilecek.\u00a0 Her dil i\u00e7in haftada bir defa \u00fc\u00e7 saat s\u00fcreyle yap\u0131lacak derslerde, temel dil\u00a0e\u011fitiminin\u00a0yan\u0131 s\u0131ra, ilgili [&hellip;]\" \/>\n<meta property=\"og:url\" content=\"https:\/\/akunq.net\/turkish\/2010\/10\/19\/turkiye-etnik-dil-ve-kultur-kurslari-basliyor\/\" \/>\n<meta property=\"og:site_name\" content=\"Bati Ermenistan Ve Bati Ermenileri Sorunlari Ara\u015ftirmalar Merkezi\" \/>\n<meta property=\"article:published_time\" content=\"2010-10-19T08:51:34+00:00\" \/>\n<meta name=\"author\" content=\"kalem\" \/>\n<meta name=\"twitter:card\" content=\"summary_large_image\" \/>\n<meta name=\"twitter:label1\" content=\"Written by\" \/>\n\t<meta name=\"twitter:data1\" content=\"kalem\" \/>\n\t<meta name=\"twitter:label2\" content=\"Est. reading time\" \/>\n\t<meta name=\"twitter:data2\" content=\"2 minutes\" \/>\n<script type=\"application\/ld+json\" class=\"yoast-schema-graph\">{\"@context\":\"https:\\\/\\\/schema.org\",\"@graph\":[{\"@type\":\"Article\",\"@id\":\"https:\\\/\\\/akunq.net\\\/turkish\\\/2010\\\/10\\\/19\\\/turkiye-etnik-dil-ve-kultur-kurslari-basliyor\\\/#article\",\"isPartOf\":{\"@id\":\"https:\\\/\\\/akunq.net\\\/turkish\\\/2010\\\/10\\\/19\\\/turkiye-etnik-dil-ve-kultur-kurslari-basliyor\\\/\"},\"author\":{\"name\":\"kalem\",\"@id\":\"https:\\\/\\\/akunq.net\\\/turkish\\\/#\\\/schema\\\/person\\\/135e7923d1aeb8887890799619969a6c\"},\"headline\":\"T\u00fcrkiye Etnik Dil ve K\u00fclt\u00fcr Kurslar\u0131 Ba\u015fl\u0131yor\",\"datePublished\":\"2010-10-19T08:51:34+00:00\",\"mainEntityOfPage\":{\"@id\":\"https:\\\/\\\/akunq.net\\\/turkish\\\/2010\\\/10\\\/19\\\/turkiye-etnik-dil-ve-kultur-kurslari-basliyor\\\/\"},\"wordCount\":406,\"commentCount\":0,\"articleSection\":[\"Haberler\"],\"inLanguage\":\"en-US\",\"potentialAction\":[{\"@type\":\"CommentAction\",\"name\":\"Comment\",\"target\":[\"https:\\\/\\\/akunq.net\\\/turkish\\\/2010\\\/10\\\/19\\\/turkiye-etnik-dil-ve-kultur-kurslari-basliyor\\\/#respond\"]}]},{\"@type\":\"WebPage\",\"@id\":\"https:\\\/\\\/akunq.net\\\/turkish\\\/2010\\\/10\\\/19\\\/turkiye-etnik-dil-ve-kultur-kurslari-basliyor\\\/\",\"url\":\"https:\\\/\\\/akunq.net\\\/turkish\\\/2010\\\/10\\\/19\\\/turkiye-etnik-dil-ve-kultur-kurslari-basliyor\\\/\",\"name\":\"T\u00fcrkiye Etnik Dil ve K\u00fclt\u00fcr Kurslar\u0131 Ba\u015fl\u0131yor - Bati Ermenistan Ve Bati Ermenileri Sorunlari Ara\u015ftirmalar Merkezi\",\"isPartOf\":{\"@id\":\"https:\\\/\\\/akunq.net\\\/turkish\\\/#website\"},\"datePublished\":\"2010-10-19T08:51:34+00:00\",\"author\":{\"@id\":\"https:\\\/\\\/akunq.net\\\/turkish\\\/#\\\/schema\\\/person\\\/135e7923d1aeb8887890799619969a6c\"},\"breadcrumb\":{\"@id\":\"https:\\\/\\\/akunq.net\\\/turkish\\\/2010\\\/10\\\/19\\\/turkiye-etnik-dil-ve-kultur-kurslari-basliyor\\\/#breadcrumb\"},\"inLanguage\":\"en-US\",\"potentialAction\":[{\"@type\":\"ReadAction\",\"target\":[\"https:\\\/\\\/akunq.net\\\/turkish\\\/2010\\\/10\\\/19\\\/turkiye-etnik-dil-ve-kultur-kurslari-basliyor\\\/\"]}]},{\"@type\":\"BreadcrumbList\",\"@id\":\"https:\\\/\\\/akunq.net\\\/turkish\\\/2010\\\/10\\\/19\\\/turkiye-etnik-dil-ve-kultur-kurslari-basliyor\\\/#breadcrumb\",\"itemListElement\":[{\"@type\":\"ListItem\",\"position\":1,\"name\":\"Home\",\"item\":\"https:\\\/\\\/akunq.net\\\/turkish\\\/\"},{\"@type\":\"ListItem\",\"position\":2,\"name\":\"T\u00fcrkiye Etnik Dil ve K\u00fclt\u00fcr Kurslar\u0131 Ba\u015fl\u0131yor\"}]},{\"@type\":\"WebSite\",\"@id\":\"https:\\\/\\\/akunq.net\\\/turkish\\\/#website\",\"url\":\"https:\\\/\\\/akunq.net\\\/turkish\\\/\",\"name\":\"Bati Ermenistan Ve Bati Ermenileri Sorunlari Ara\u015ftirmalar Merkezi\",\"description\":\"\",\"potentialAction\":[{\"@type\":\"SearchAction\",\"target\":{\"@type\":\"EntryPoint\",\"urlTemplate\":\"https:\\\/\\\/akunq.net\\\/turkish\\\/?s={search_term_string}\"},\"query-input\":{\"@type\":\"PropertyValueSpecification\",\"valueRequired\":true,\"valueName\":\"search_term_string\"}}],\"inLanguage\":\"en-US\"},{\"@type\":\"Person\",\"@id\":\"https:\\\/\\\/akunq.net\\\/turkish\\\/#\\\/schema\\\/person\\\/135e7923d1aeb8887890799619969a6c\",\"name\":\"kalem\",\"image\":{\"@type\":\"ImageObject\",\"inLanguage\":\"en-US\",\"@id\":\"https:\\\/\\\/secure.gravatar.com\\\/avatar\\\/a06875e4b25feb5674296adf8e8a7ae1e587cebce2493fe63c456109967e27d3?s=96&d=mm&r=g\",\"url\":\"https:\\\/\\\/secure.gravatar.com\\\/avatar\\\/a06875e4b25feb5674296adf8e8a7ae1e587cebce2493fe63c456109967e27d3?s=96&d=mm&r=g\",\"contentUrl\":\"https:\\\/\\\/secure.gravatar.com\\\/avatar\\\/a06875e4b25feb5674296adf8e8a7ae1e587cebce2493fe63c456109967e27d3?s=96&d=mm&r=g\",\"caption\":\"kalem\"},\"url\":\"https:\\\/\\\/akunq.net\\\/turkish\\\/author\\\/kalem\\\/\"}]}<\/script>\n<!-- \/ Yoast SEO plugin. -->","yoast_head_json":{"title":"T\u00fcrkiye Etnik Dil ve K\u00fclt\u00fcr Kurslar\u0131 Ba\u015fl\u0131yor - Bati Ermenistan Ve Bati Ermenileri Sorunlari Ara\u015ftirmalar Merkezi","robots":{"index":"index","follow":"follow","max-snippet":"max-snippet:-1","max-image-preview":"max-image-preview:large","max-video-preview":"max-video-preview:-1"},"canonical":"https:\/\/akunq.net\/turkish\/2010\/10\/19\/turkiye-etnik-dil-ve-kultur-kurslari-basliyor\/","og_locale":"en_US","og_type":"article","og_title":"T\u00fcrkiye Etnik Dil ve K\u00fclt\u00fcr Kurslar\u0131 Ba\u015fl\u0131yor - Bati Ermenistan Ve Bati Ermenileri Sorunlari Ara\u015ftirmalar Merkezi","og_description":"Ermenice, K\u00fcrt\u00e7e, Lazca, Zazaca, Yunanca Ve Fars\u00e7a Dil Ve K\u00fclt\u00fcr Kurslar\u0131 \u00d6n\u00fcm\u00fczdeki Hafta Geoaktif K\u00fclt\u00fcr Ve Aktivizm Merkezinde Ba\u015fl\u0131yor Bir k\u0131sm\u0131 \u00fclkemizde\u00a0ilk\u00a0defa verilecek olan bu kurslarda, eski zamanlardan beri co\u011frafyam\u0131zda ve etraf\u0131m\u0131zda\u00a0konu\u015fulan\u00a0ve h\u00e2lihaz\u0131rda milyonlarca vatanda\u015f\u0131m\u0131z\u0131n anadili olan etnik diller \u00f6\u011fretilecek.\u00a0 Her dil i\u00e7in haftada bir defa \u00fc\u00e7 saat s\u00fcreyle yap\u0131lacak derslerde, temel dil\u00a0e\u011fitiminin\u00a0yan\u0131 s\u0131ra, ilgili [&hellip;]","og_url":"https:\/\/akunq.net\/turkish\/2010\/10\/19\/turkiye-etnik-dil-ve-kultur-kurslari-basliyor\/","og_site_name":"Bati Ermenistan Ve Bati Ermenileri Sorunlari Ara\u015ftirmalar Merkezi","article_published_time":"2010-10-19T08:51:34+00:00","author":"kalem","twitter_card":"summary_large_image","twitter_misc":{"Written by":"kalem","Est. reading time":"2 minutes"},"schema":{"@context":"https:\/\/schema.org","@graph":[{"@type":"Article","@id":"https:\/\/akunq.net\/turkish\/2010\/10\/19\/turkiye-etnik-dil-ve-kultur-kurslari-basliyor\/#article","isPartOf":{"@id":"https:\/\/akunq.net\/turkish\/2010\/10\/19\/turkiye-etnik-dil-ve-kultur-kurslari-basliyor\/"},"author":{"name":"kalem","@id":"https:\/\/akunq.net\/turkish\/#\/schema\/person\/135e7923d1aeb8887890799619969a6c"},"headline":"T\u00fcrkiye Etnik Dil ve K\u00fclt\u00fcr Kurslar\u0131 Ba\u015fl\u0131yor","datePublished":"2010-10-19T08:51:34+00:00","mainEntityOfPage":{"@id":"https:\/\/akunq.net\/turkish\/2010\/10\/19\/turkiye-etnik-dil-ve-kultur-kurslari-basliyor\/"},"wordCount":406,"commentCount":0,"articleSection":["Haberler"],"inLanguage":"en-US","potentialAction":[{"@type":"CommentAction","name":"Comment","target":["https:\/\/akunq.net\/turkish\/2010\/10\/19\/turkiye-etnik-dil-ve-kultur-kurslari-basliyor\/#respond"]}]},{"@type":"WebPage","@id":"https:\/\/akunq.net\/turkish\/2010\/10\/19\/turkiye-etnik-dil-ve-kultur-kurslari-basliyor\/","url":"https:\/\/akunq.net\/turkish\/2010\/10\/19\/turkiye-etnik-dil-ve-kultur-kurslari-basliyor\/","name":"T\u00fcrkiye Etnik Dil ve K\u00fclt\u00fcr Kurslar\u0131 Ba\u015fl\u0131yor - Bati Ermenistan Ve Bati Ermenileri Sorunlari Ara\u015ftirmalar Merkezi","isPartOf":{"@id":"https:\/\/akunq.net\/turkish\/#website"},"datePublished":"2010-10-19T08:51:34+00:00","author":{"@id":"https:\/\/akunq.net\/turkish\/#\/schema\/person\/135e7923d1aeb8887890799619969a6c"},"breadcrumb":{"@id":"https:\/\/akunq.net\/turkish\/2010\/10\/19\/turkiye-etnik-dil-ve-kultur-kurslari-basliyor\/#breadcrumb"},"inLanguage":"en-US","potentialAction":[{"@type":"ReadAction","target":["https:\/\/akunq.net\/turkish\/2010\/10\/19\/turkiye-etnik-dil-ve-kultur-kurslari-basliyor\/"]}]},{"@type":"BreadcrumbList","@id":"https:\/\/akunq.net\/turkish\/2010\/10\/19\/turkiye-etnik-dil-ve-kultur-kurslari-basliyor\/#breadcrumb","itemListElement":[{"@type":"ListItem","position":1,"name":"Home","item":"https:\/\/akunq.net\/turkish\/"},{"@type":"ListItem","position":2,"name":"T\u00fcrkiye Etnik Dil ve K\u00fclt\u00fcr Kurslar\u0131 Ba\u015fl\u0131yor"}]},{"@type":"WebSite","@id":"https:\/\/akunq.net\/turkish\/#website","url":"https:\/\/akunq.net\/turkish\/","name":"Bati Ermenistan Ve Bati Ermenileri Sorunlari Ara\u015ftirmalar Merkezi","description":"","potentialAction":[{"@type":"SearchAction","target":{"@type":"EntryPoint","urlTemplate":"https:\/\/akunq.net\/turkish\/?s={search_term_string}"},"query-input":{"@type":"PropertyValueSpecification","valueRequired":true,"valueName":"search_term_string"}}],"inLanguage":"en-US"},{"@type":"Person","@id":"https:\/\/akunq.net\/turkish\/#\/schema\/person\/135e7923d1aeb8887890799619969a6c","name":"kalem","image":{"@type":"ImageObject","inLanguage":"en-US","@id":"https:\/\/secure.gravatar.com\/avatar\/a06875e4b25feb5674296adf8e8a7ae1e587cebce2493fe63c456109967e27d3?s=96&d=mm&r=g","url":"https:\/\/secure.gravatar.com\/avatar\/a06875e4b25feb5674296adf8e8a7ae1e587cebce2493fe63c456109967e27d3?s=96&d=mm&r=g","contentUrl":"https:\/\/secure.gravatar.com\/avatar\/a06875e4b25feb5674296adf8e8a7ae1e587cebce2493fe63c456109967e27d3?s=96&d=mm&r=g","caption":"kalem"},"url":"https:\/\/akunq.net\/turkish\/author\/kalem\/"}]}},"_links":{"self":[{"href":"https:\/\/akunq.net\/turkish\/wp-json\/wp\/v2\/posts\/2369","targetHints":{"allow":["GET"]}}],"collection":[{"href":"https:\/\/akunq.net\/turkish\/wp-json\/wp\/v2\/posts"}],"about":[{"href":"https:\/\/akunq.net\/turkish\/wp-json\/wp\/v2\/types\/post"}],"author":[{"embeddable":true,"href":"https:\/\/akunq.net\/turkish\/wp-json\/wp\/v2\/users\/3"}],"replies":[{"embeddable":true,"href":"https:\/\/akunq.net\/turkish\/wp-json\/wp\/v2\/comments?post=2369"}],"version-history":[{"count":0,"href":"https:\/\/akunq.net\/turkish\/wp-json\/wp\/v2\/posts\/2369\/revisions"}],"wp:attachment":[{"href":"https:\/\/akunq.net\/turkish\/wp-json\/wp\/v2\/media?parent=2369"}],"wp:term":[{"taxonomy":"category","embeddable":true,"href":"https:\/\/akunq.net\/turkish\/wp-json\/wp\/v2\/categories?post=2369"},{"taxonomy":"post_tag","embeddable":true,"href":"https:\/\/akunq.net\/turkish\/wp-json\/wp\/v2\/tags?post=2369"}],"curies":[{"name":"wp","href":"https:\/\/api.w.org\/{rel}","templated":true}]}}