{"id":2361,"date":"2010-10-19T03:17:05","date_gmt":"2010-10-19T08:17:05","guid":{"rendered":"http:\/\/akunq.net\/tr\/?p=2361"},"modified":"2010-10-19T03:17:05","modified_gmt":"2010-10-19T08:17:05","slug":"anide-nefret-politikasi-uretmek","status":"publish","type":"post","link":"https:\/\/akunq.net\/turkish\/2010\/10\/19\/anide-nefret-politikasi-uretmek\/","title":{"rendered":"Ani\u2019de Nefret Politikas\u0131 \u00dcretmek"},"content":{"rendered":"<p style=\"text-align: justify\"><a rel=\"attachment wp-att-2362\" href=\"http:\/\/akunq.net\/tr\/?attachment_id=2362\"><img loading=\"lazy\" decoding=\"async\" class=\"alignleft size-full wp-image-2362\" title=\"1 Katedralin Manu\u00e7ehr camiinin minaresinden g\u00f6r\u00fcn\u00fcm\u00fc\" src=\"http:\/\/akunq.net\/tr\/wp-content\/uploads\/2010\/10\/1-Katedralin-Manu\u00e7ehr-camiinin-minaresinden-g\u00f6r\u00fcn\u00fcm\u00fc.jpg\" alt=\"\" width=\"275\" height=\"190\" \/><\/a>T\u00fcrkiye\u2019nin ikinci b\u00fcy\u00fck muhalefet Partisinin d\u00fczenledi\u011fi Kars\u2019\u0131n Ani Manast\u0131r\u0131ndaki eski Ermeni kilisesinde Cuma namaz\u0131 k\u0131lman\u0131n ve se\u00e7im kampanyas\u0131n\u0131n o kutsal yerde ba\u015flatmas\u0131n\u0131n anlam\u0131, bence Ermenileri k\u0131zd\u0131rmaktan \u00e7ok, iktidar Partisini hedef alan bir zihniyetin \u00fcr\u00fcn\u00fc.\u00a0<\/p>\n<p style=\"text-align: justify\">Parti, iktidar partisinin son zamanlarda \u00fcretti\u011fi Ermeni politikas\u0131na, kamuoyunda \u201cErmenilere Kar\u015f\u0131 Nefret \u00dcretme Politikas\u0131\u201d ile muhalefet etmeye \u00e7al\u0131\u015fmaktad\u0131r. Bu davran\u0131\u015f asl\u0131nda a\u00e7\u0131k\u00e7a bir provokasyondur, h\u00fck\u00fcmetin de demokrat ve e\u015fitlikli davran\u0131\u015fla buna izin vermesi, bu provokasyona me\u015fruiyet kazand\u0131rm\u0131\u015ft\u0131r.\u00a0<\/p>\n<p style=\"text-align: justify\">Kutsal dini duygular\u0131, siyaset sahnesine \u00e7ekmek, o duygular\u0131 parti \u00e7\u0131karlar\u0131 do\u011frultusunda kullanmak, laik ve demokrat oldu\u011funu iddia eden bir partinin politikas\u0131na, \u00e7a\u011f\u0131m\u0131zda ne derecede katk\u0131 sa\u011flar diye d\u00fc\u015f\u00fcnmek laz\u0131m. \u0130slami de\u011ferleri, H\u0131ristiyanlara kar\u015f\u0131 rencide ederek kullanmak, dinler aras\u0131nda gerginlik, toplumda ise \u0131rk\u00e7\u0131l\u0131k ve ay\u0131r\u0131mc\u0131l\u0131k yaratabilir. Hatta dikkat edilmedi\u011fi takdirde uluslararas\u0131 diplomatik krize bile sebebiyet verebilir. Bu t\u00fcr giri\u015fimler ve zihniyet, \u00e7a\u011fda\u015f demokrasi anlay\u0131\u015f\u0131yla ba\u011fda\u015famaz ve bu y\u00fczden sert bir dille k\u0131nanmal\u0131d\u0131r. T\u00fcrkiye ve Ermenistan aras\u0131ndaki tarihi sorunun \u00e7\u00f6z\u00fcm\u00fcn\u00fc, \u00e7\u00f6z\u00fcms\u00fczl\u00fckte g\u00f6ren politika da, siyaset de d\u00fcnya bar\u0131\u015f\u0131na olumlu bir katk\u0131 sa\u011flayamaz.\u00a0<\/p>\n<p style=\"text-align: justify\"><a rel=\"attachment wp-att-2363\" href=\"http:\/\/akunq.net\/tr\/?attachment_id=2363\"><img loading=\"lazy\" decoding=\"async\" class=\"alignleft size-full wp-image-2363\" title=\"2 Kuzeybat\u0131 k\u00f6\u015fesi 1988 depremi hasar\u0131\" src=\"http:\/\/akunq.net\/tr\/wp-content\/uploads\/2010\/10\/2-Kuzeybat\u0131-k\u00f6\u015fesi-1988-depremi-hasar\u0131.jpg\" alt=\"\" width=\"275\" height=\"190\" \/><\/a>9-10. y\u00fczy\u0131l\u0131n Do\u011fu Anadolu\u2019sunun \u00e7ok \u00f6nemli bir k\u00fclt\u00fcr merkezi olan Kars kenti, ayn\u0131 zamanda 961 y\u0131l\u0131na dek Ermeni Pakraduni Krall\u0131\u011f\u0131n\u0131n ba\u015f\u015fehri idi. 961 y\u0131l\u0131nda kral A\u015fot\u2019un iste\u011fi ile krall\u0131\u011f\u0131n merkezi, Ortodoks Ermeniler Dini Merkezi (Gato\u011f\u0131gosluk) ile birlikte Kars \u015fehrinden Ani kentine ta\u015f\u0131nm\u0131\u015f, Ani, Pakraduni Krall\u0131\u011f\u0131n\u0131n Ba\u015f\u015fehri olmu\u015ftur. Kral yeni ba\u015f\u015fehirde saraylar, manast\u0131rlar, kiliseler yapt\u0131rmaya karar verince, 989 tarihinde, depremden zarar g\u00f6ren Aya Sofya&#8217;n\u0131n kubbesini onaran zaman\u0131n en \u00fcnl\u00fc Ermeni Mimari Drtad\u2019a \u201cAni\u201d deki kiliseyi yapt\u0131r\u0131r(989-1001).\u00a0<\/p>\n<p style=\"text-align: justify\"><a rel=\"attachment wp-att-2364\" href=\"http:\/\/akunq.net\/tr\/?attachment_id=2364\"><img loading=\"lazy\" decoding=\"async\" class=\"alignleft size-full wp-image-2364\" title=\"3 Apsis cephesinin do\u011fudan g\u00f6r\u00fcn\u00fcm\u00fc\" src=\"http:\/\/akunq.net\/tr\/wp-content\/uploads\/2010\/10\/3-Apsis-cephesinin-do\u011fudan-g\u00f6r\u00fcn\u00fcm\u00fc.jpg\" alt=\"\" width=\"275\" height=\"190\" \/><\/a>\u201cAni\u201d katedrali 11. y\u00fczy\u0131l Ermeni mimarisinin bir \u015faheseridir: \u00c7evresinde Ani katedralinin yan\u0131 s\u0131ra Havariler Kilisesi (Arakelotz), S.Gagik Kilisesi, Aziz Kirkor Lusavoric Kilisesi, Bakire Meryem Manast\u0131r\u0131 (Surp Maryam Asduadzatz\u0131n) gibi Ermeni mimarisin se\u00e7kin \u00f6rneklerini bar\u0131nd\u0131ran \u015fehir, resmi tarihte bu \u00f6zellikleri ile an\u0131lmaz. Sel\u00e7uklu, Arap d\u00f6nemleri anlat\u0131l\u0131r ama burada, bu topraklarda y\u00fczlerce y\u0131l b\u00fcy\u00fck bir Ermeni Krall\u0131\u011f\u0131n\u0131n ve medeniyetin ya\u015fad\u0131\u011f\u0131ndan s\u00f6z edilmez. Ani harabelerinin, antik bir Ermeni yerle\u015fim merkezi oldu\u011fu gizlenmeye \u00e7al\u0131\u015f\u0131l\u0131r. Antik kente T.C K\u00fclt\u00fcr Bakanl\u0131\u011f\u0131n\u0131n haz\u0131rlad\u0131\u011f\u0131 b\u00f6lge tarihini tan\u0131t\u0131c\u0131 tabela, yaz\u0131, kitap\u00e7\u0131k ve bro\u015f\u00fcrlerde Ermeni ismi, nedense ge\u00e7mez, b\u00f6lgenin ismi \u201cAN\u0130\u201d yerine \u201cANI\u201d olarak kullan\u0131l\u0131r.<\/p>\n<p style=\"text-align: justify\"><a rel=\"attachment wp-att-2365\" href=\"http:\/\/akunq.net\/tr\/?attachment_id=2365\"><img loading=\"lazy\" decoding=\"async\" class=\"alignleft size-full wp-image-2365\" title=\"4 Katedralin g\u00fcneybat\u0131dan g\u00f6r\u00fcn\u00fcm\u00fc\" src=\"http:\/\/akunq.net\/tr\/wp-content\/uploads\/2010\/10\/4-Katedralin-g\u00fcneybat\u0131dan-g\u00f6r\u00fcn\u00fcm\u00fc.jpg\" alt=\"\" width=\"275\" height=\"190\" \/><\/a>Kar\u015f\u0131l\u0131kl\u0131 sevgi ve sayg\u0131, ho\u015fg\u00f6r\u00fc, anlay\u0131\u015f, karde\u015flik ve kom\u015fularla s\u0131f\u0131r problem ama\u00e7lan\u0131yorsa, art\u0131k \u00e7a\u011fda\u015f ve g\u00fc\u00e7l\u00fc T\u00fcrkiye de, hi\u00e7bir topluluk, toplumun hi\u00e7bir kesimi veya gurubu asla rencide edilmemeli, d\u0131\u015flanmamal\u0131 \u00f6tekile\u015ftirilmemeli, hedef al\u0131nmamal\u0131, incitilmemeli ve kom\u015fu devletlerle olan sorunlu ili\u015fkiler de normalle\u015fmelidir.\u00a0<br \/>\nAy\u0131r\u0131mc\u0131l\u0131k, Irk\u00e7\u0131l\u0131k, a\u015f\u0131r\u0131 Milliyet\u00e7ilik ve Fa\u015fist ideoloji, sert bir dille k\u0131nanmal\u0131, insanl\u0131k su\u00e7u say\u0131lmal\u0131 ve demokratik alanda asla yer bulmamal\u0131d\u0131r.\u00a0<\/p>\n<p><strong><em>Dr.med. Sarkis Adam <\/em><\/strong><\/p>\n<p style=\"text-align: justify\"><strong><em>ID:733<br \/>\n<\/em><\/strong><strong><em><a href=\"http:\/\/www.hyetert.com\/yazi3.asp?s=3&amp;Id=733&amp;DilId=1\">http:\/\/www.hyetert.com\/yazi3.asp?s=3&amp;Id=733&amp;DilId=1<\/a><\/em><\/strong><\/p>\n","protected":false},"excerpt":{"rendered":"<p>T\u00fcrkiye\u2019nin ikinci b\u00fcy\u00fck muhalefet Partisinin d\u00fczenledi\u011fi Kars\u2019\u0131n Ani Manast\u0131r\u0131ndaki eski Ermeni kilisesinde Cuma namaz\u0131 k\u0131lman\u0131n ve se\u00e7im kampanyas\u0131n\u0131n o kutsal yerde ba\u015flatmas\u0131n\u0131n anlam\u0131, bence Ermenileri k\u0131zd\u0131rmaktan \u00e7ok, iktidar Partisini hedef alan bir zihniyetin \u00fcr\u00fcn\u00fc.\u00a0 Parti, iktidar partisinin son zamanlarda \u00fcretti\u011fi Ermeni politikas\u0131na, kamuoyunda \u201cErmenilere Kar\u015f\u0131 Nefret \u00dcretme Politikas\u0131\u201d ile muhalefet etmeye \u00e7al\u0131\u015fmaktad\u0131r. Bu davran\u0131\u015f asl\u0131nda [&hellip;]<\/p>\n","protected":false},"author":3,"featured_media":0,"comment_status":"open","ping_status":"open","sticky":false,"template":"","format":"standard","meta":{"footnotes":""},"categories":[14],"tags":[],"class_list":["post-2361","post","type-post","status-publish","format-standard","hentry","category-haberler"],"yoast_head":"<!-- This site is optimized with the Yoast SEO plugin v27.4 - https:\/\/yoast.com\/product\/yoast-seo-wordpress\/ -->\n<title>Ani\u2019de Nefret Politikas\u0131 \u00dcretmek - Bati Ermenistan Ve Bati Ermenileri Sorunlari Ara\u015ftirmalar Merkezi<\/title>\n<meta name=\"robots\" content=\"index, follow, max-snippet:-1, max-image-preview:large, max-video-preview:-1\" \/>\n<link rel=\"canonical\" href=\"https:\/\/akunq.net\/turkish\/2010\/10\/19\/anide-nefret-politikasi-uretmek\/\" \/>\n<meta property=\"og:locale\" content=\"en_US\" \/>\n<meta property=\"og:type\" content=\"article\" \/>\n<meta property=\"og:title\" content=\"Ani\u2019de Nefret Politikas\u0131 \u00dcretmek - Bati Ermenistan Ve Bati Ermenileri Sorunlari Ara\u015ftirmalar Merkezi\" \/>\n<meta property=\"og:description\" content=\"T\u00fcrkiye\u2019nin ikinci b\u00fcy\u00fck muhalefet Partisinin d\u00fczenledi\u011fi Kars\u2019\u0131n Ani Manast\u0131r\u0131ndaki eski Ermeni kilisesinde Cuma namaz\u0131 k\u0131lman\u0131n ve se\u00e7im kampanyas\u0131n\u0131n o kutsal yerde ba\u015flatmas\u0131n\u0131n anlam\u0131, bence Ermenileri k\u0131zd\u0131rmaktan \u00e7ok, iktidar Partisini hedef alan bir zihniyetin \u00fcr\u00fcn\u00fc.\u00a0 Parti, iktidar partisinin son zamanlarda \u00fcretti\u011fi Ermeni politikas\u0131na, kamuoyunda \u201cErmenilere Kar\u015f\u0131 Nefret \u00dcretme Politikas\u0131\u201d ile muhalefet etmeye \u00e7al\u0131\u015fmaktad\u0131r. Bu davran\u0131\u015f asl\u0131nda [&hellip;]\" \/>\n<meta property=\"og:url\" content=\"https:\/\/akunq.net\/turkish\/2010\/10\/19\/anide-nefret-politikasi-uretmek\/\" \/>\n<meta property=\"og:site_name\" content=\"Bati Ermenistan Ve Bati Ermenileri Sorunlari Ara\u015ftirmalar Merkezi\" \/>\n<meta property=\"article:published_time\" content=\"2010-10-19T08:17:05+00:00\" \/>\n<meta name=\"author\" content=\"kalem\" \/>\n<meta name=\"twitter:card\" content=\"summary_large_image\" \/>\n<meta name=\"twitter:label1\" content=\"Written by\" \/>\n\t<meta name=\"twitter:data1\" content=\"kalem\" \/>\n\t<meta name=\"twitter:label2\" content=\"Est. reading time\" \/>\n\t<meta name=\"twitter:data2\" content=\"3 minutes\" \/>\n<script type=\"application\/ld+json\" class=\"yoast-schema-graph\">{\"@context\":\"https:\\\/\\\/schema.org\",\"@graph\":[{\"@type\":\"Article\",\"@id\":\"https:\\\/\\\/akunq.net\\\/turkish\\\/2010\\\/10\\\/19\\\/anide-nefret-politikasi-uretmek\\\/#article\",\"isPartOf\":{\"@id\":\"https:\\\/\\\/akunq.net\\\/turkish\\\/2010\\\/10\\\/19\\\/anide-nefret-politikasi-uretmek\\\/\"},\"author\":{\"name\":\"kalem\",\"@id\":\"https:\\\/\\\/akunq.net\\\/turkish\\\/#\\\/schema\\\/person\\\/135e7923d1aeb8887890799619969a6c\"},\"headline\":\"Ani\u2019de Nefret Politikas\u0131 \u00dcretmek\",\"datePublished\":\"2010-10-19T08:17:05+00:00\",\"mainEntityOfPage\":{\"@id\":\"https:\\\/\\\/akunq.net\\\/turkish\\\/2010\\\/10\\\/19\\\/anide-nefret-politikasi-uretmek\\\/\"},\"wordCount\":596,\"commentCount\":0,\"articleSection\":[\"Haberler\"],\"inLanguage\":\"en-US\",\"potentialAction\":[{\"@type\":\"CommentAction\",\"name\":\"Comment\",\"target\":[\"https:\\\/\\\/akunq.net\\\/turkish\\\/2010\\\/10\\\/19\\\/anide-nefret-politikasi-uretmek\\\/#respond\"]}]},{\"@type\":\"WebPage\",\"@id\":\"https:\\\/\\\/akunq.net\\\/turkish\\\/2010\\\/10\\\/19\\\/anide-nefret-politikasi-uretmek\\\/\",\"url\":\"https:\\\/\\\/akunq.net\\\/turkish\\\/2010\\\/10\\\/19\\\/anide-nefret-politikasi-uretmek\\\/\",\"name\":\"Ani\u2019de Nefret Politikas\u0131 \u00dcretmek - Bati Ermenistan Ve Bati Ermenileri Sorunlari Ara\u015ftirmalar Merkezi\",\"isPartOf\":{\"@id\":\"https:\\\/\\\/akunq.net\\\/turkish\\\/#website\"},\"datePublished\":\"2010-10-19T08:17:05+00:00\",\"author\":{\"@id\":\"https:\\\/\\\/akunq.net\\\/turkish\\\/#\\\/schema\\\/person\\\/135e7923d1aeb8887890799619969a6c\"},\"breadcrumb\":{\"@id\":\"https:\\\/\\\/akunq.net\\\/turkish\\\/2010\\\/10\\\/19\\\/anide-nefret-politikasi-uretmek\\\/#breadcrumb\"},\"inLanguage\":\"en-US\",\"potentialAction\":[{\"@type\":\"ReadAction\",\"target\":[\"https:\\\/\\\/akunq.net\\\/turkish\\\/2010\\\/10\\\/19\\\/anide-nefret-politikasi-uretmek\\\/\"]}]},{\"@type\":\"BreadcrumbList\",\"@id\":\"https:\\\/\\\/akunq.net\\\/turkish\\\/2010\\\/10\\\/19\\\/anide-nefret-politikasi-uretmek\\\/#breadcrumb\",\"itemListElement\":[{\"@type\":\"ListItem\",\"position\":1,\"name\":\"Home\",\"item\":\"https:\\\/\\\/akunq.net\\\/turkish\\\/\"},{\"@type\":\"ListItem\",\"position\":2,\"name\":\"Ani\u2019de Nefret Politikas\u0131 \u00dcretmek\"}]},{\"@type\":\"WebSite\",\"@id\":\"https:\\\/\\\/akunq.net\\\/turkish\\\/#website\",\"url\":\"https:\\\/\\\/akunq.net\\\/turkish\\\/\",\"name\":\"Bati Ermenistan Ve Bati Ermenileri Sorunlari Ara\u015ftirmalar Merkezi\",\"description\":\"\",\"potentialAction\":[{\"@type\":\"SearchAction\",\"target\":{\"@type\":\"EntryPoint\",\"urlTemplate\":\"https:\\\/\\\/akunq.net\\\/turkish\\\/?s={search_term_string}\"},\"query-input\":{\"@type\":\"PropertyValueSpecification\",\"valueRequired\":true,\"valueName\":\"search_term_string\"}}],\"inLanguage\":\"en-US\"},{\"@type\":\"Person\",\"@id\":\"https:\\\/\\\/akunq.net\\\/turkish\\\/#\\\/schema\\\/person\\\/135e7923d1aeb8887890799619969a6c\",\"name\":\"kalem\",\"image\":{\"@type\":\"ImageObject\",\"inLanguage\":\"en-US\",\"@id\":\"https:\\\/\\\/secure.gravatar.com\\\/avatar\\\/a06875e4b25feb5674296adf8e8a7ae1e587cebce2493fe63c456109967e27d3?s=96&d=mm&r=g\",\"url\":\"https:\\\/\\\/secure.gravatar.com\\\/avatar\\\/a06875e4b25feb5674296adf8e8a7ae1e587cebce2493fe63c456109967e27d3?s=96&d=mm&r=g\",\"contentUrl\":\"https:\\\/\\\/secure.gravatar.com\\\/avatar\\\/a06875e4b25feb5674296adf8e8a7ae1e587cebce2493fe63c456109967e27d3?s=96&d=mm&r=g\",\"caption\":\"kalem\"},\"url\":\"https:\\\/\\\/akunq.net\\\/turkish\\\/author\\\/kalem\\\/\"}]}<\/script>\n<!-- \/ Yoast SEO plugin. -->","yoast_head_json":{"title":"Ani\u2019de Nefret Politikas\u0131 \u00dcretmek - Bati Ermenistan Ve Bati Ermenileri Sorunlari Ara\u015ftirmalar Merkezi","robots":{"index":"index","follow":"follow","max-snippet":"max-snippet:-1","max-image-preview":"max-image-preview:large","max-video-preview":"max-video-preview:-1"},"canonical":"https:\/\/akunq.net\/turkish\/2010\/10\/19\/anide-nefret-politikasi-uretmek\/","og_locale":"en_US","og_type":"article","og_title":"Ani\u2019de Nefret Politikas\u0131 \u00dcretmek - Bati Ermenistan Ve Bati Ermenileri Sorunlari Ara\u015ftirmalar Merkezi","og_description":"T\u00fcrkiye\u2019nin ikinci b\u00fcy\u00fck muhalefet Partisinin d\u00fczenledi\u011fi Kars\u2019\u0131n Ani Manast\u0131r\u0131ndaki eski Ermeni kilisesinde Cuma namaz\u0131 k\u0131lman\u0131n ve se\u00e7im kampanyas\u0131n\u0131n o kutsal yerde ba\u015flatmas\u0131n\u0131n anlam\u0131, bence Ermenileri k\u0131zd\u0131rmaktan \u00e7ok, iktidar Partisini hedef alan bir zihniyetin \u00fcr\u00fcn\u00fc.\u00a0 Parti, iktidar partisinin son zamanlarda \u00fcretti\u011fi Ermeni politikas\u0131na, kamuoyunda \u201cErmenilere Kar\u015f\u0131 Nefret \u00dcretme Politikas\u0131\u201d ile muhalefet etmeye \u00e7al\u0131\u015fmaktad\u0131r. Bu davran\u0131\u015f asl\u0131nda [&hellip;]","og_url":"https:\/\/akunq.net\/turkish\/2010\/10\/19\/anide-nefret-politikasi-uretmek\/","og_site_name":"Bati Ermenistan Ve Bati Ermenileri Sorunlari Ara\u015ftirmalar Merkezi","article_published_time":"2010-10-19T08:17:05+00:00","author":"kalem","twitter_card":"summary_large_image","twitter_misc":{"Written by":"kalem","Est. reading time":"3 minutes"},"schema":{"@context":"https:\/\/schema.org","@graph":[{"@type":"Article","@id":"https:\/\/akunq.net\/turkish\/2010\/10\/19\/anide-nefret-politikasi-uretmek\/#article","isPartOf":{"@id":"https:\/\/akunq.net\/turkish\/2010\/10\/19\/anide-nefret-politikasi-uretmek\/"},"author":{"name":"kalem","@id":"https:\/\/akunq.net\/turkish\/#\/schema\/person\/135e7923d1aeb8887890799619969a6c"},"headline":"Ani\u2019de Nefret Politikas\u0131 \u00dcretmek","datePublished":"2010-10-19T08:17:05+00:00","mainEntityOfPage":{"@id":"https:\/\/akunq.net\/turkish\/2010\/10\/19\/anide-nefret-politikasi-uretmek\/"},"wordCount":596,"commentCount":0,"articleSection":["Haberler"],"inLanguage":"en-US","potentialAction":[{"@type":"CommentAction","name":"Comment","target":["https:\/\/akunq.net\/turkish\/2010\/10\/19\/anide-nefret-politikasi-uretmek\/#respond"]}]},{"@type":"WebPage","@id":"https:\/\/akunq.net\/turkish\/2010\/10\/19\/anide-nefret-politikasi-uretmek\/","url":"https:\/\/akunq.net\/turkish\/2010\/10\/19\/anide-nefret-politikasi-uretmek\/","name":"Ani\u2019de Nefret Politikas\u0131 \u00dcretmek - Bati Ermenistan Ve Bati Ermenileri Sorunlari Ara\u015ftirmalar Merkezi","isPartOf":{"@id":"https:\/\/akunq.net\/turkish\/#website"},"datePublished":"2010-10-19T08:17:05+00:00","author":{"@id":"https:\/\/akunq.net\/turkish\/#\/schema\/person\/135e7923d1aeb8887890799619969a6c"},"breadcrumb":{"@id":"https:\/\/akunq.net\/turkish\/2010\/10\/19\/anide-nefret-politikasi-uretmek\/#breadcrumb"},"inLanguage":"en-US","potentialAction":[{"@type":"ReadAction","target":["https:\/\/akunq.net\/turkish\/2010\/10\/19\/anide-nefret-politikasi-uretmek\/"]}]},{"@type":"BreadcrumbList","@id":"https:\/\/akunq.net\/turkish\/2010\/10\/19\/anide-nefret-politikasi-uretmek\/#breadcrumb","itemListElement":[{"@type":"ListItem","position":1,"name":"Home","item":"https:\/\/akunq.net\/turkish\/"},{"@type":"ListItem","position":2,"name":"Ani\u2019de Nefret Politikas\u0131 \u00dcretmek"}]},{"@type":"WebSite","@id":"https:\/\/akunq.net\/turkish\/#website","url":"https:\/\/akunq.net\/turkish\/","name":"Bati Ermenistan Ve Bati Ermenileri Sorunlari Ara\u015ftirmalar Merkezi","description":"","potentialAction":[{"@type":"SearchAction","target":{"@type":"EntryPoint","urlTemplate":"https:\/\/akunq.net\/turkish\/?s={search_term_string}"},"query-input":{"@type":"PropertyValueSpecification","valueRequired":true,"valueName":"search_term_string"}}],"inLanguage":"en-US"},{"@type":"Person","@id":"https:\/\/akunq.net\/turkish\/#\/schema\/person\/135e7923d1aeb8887890799619969a6c","name":"kalem","image":{"@type":"ImageObject","inLanguage":"en-US","@id":"https:\/\/secure.gravatar.com\/avatar\/a06875e4b25feb5674296adf8e8a7ae1e587cebce2493fe63c456109967e27d3?s=96&d=mm&r=g","url":"https:\/\/secure.gravatar.com\/avatar\/a06875e4b25feb5674296adf8e8a7ae1e587cebce2493fe63c456109967e27d3?s=96&d=mm&r=g","contentUrl":"https:\/\/secure.gravatar.com\/avatar\/a06875e4b25feb5674296adf8e8a7ae1e587cebce2493fe63c456109967e27d3?s=96&d=mm&r=g","caption":"kalem"},"url":"https:\/\/akunq.net\/turkish\/author\/kalem\/"}]}},"_links":{"self":[{"href":"https:\/\/akunq.net\/turkish\/wp-json\/wp\/v2\/posts\/2361","targetHints":{"allow":["GET"]}}],"collection":[{"href":"https:\/\/akunq.net\/turkish\/wp-json\/wp\/v2\/posts"}],"about":[{"href":"https:\/\/akunq.net\/turkish\/wp-json\/wp\/v2\/types\/post"}],"author":[{"embeddable":true,"href":"https:\/\/akunq.net\/turkish\/wp-json\/wp\/v2\/users\/3"}],"replies":[{"embeddable":true,"href":"https:\/\/akunq.net\/turkish\/wp-json\/wp\/v2\/comments?post=2361"}],"version-history":[{"count":0,"href":"https:\/\/akunq.net\/turkish\/wp-json\/wp\/v2\/posts\/2361\/revisions"}],"wp:attachment":[{"href":"https:\/\/akunq.net\/turkish\/wp-json\/wp\/v2\/media?parent=2361"}],"wp:term":[{"taxonomy":"category","embeddable":true,"href":"https:\/\/akunq.net\/turkish\/wp-json\/wp\/v2\/categories?post=2361"},{"taxonomy":"post_tag","embeddable":true,"href":"https:\/\/akunq.net\/turkish\/wp-json\/wp\/v2\/tags?post=2361"}],"curies":[{"name":"wp","href":"https:\/\/api.w.org\/{rel}","templated":true}]}}