{"id":23575,"date":"2013-05-24T02:24:36","date_gmt":"2013-05-24T07:24:36","guid":{"rendered":"http:\/\/akunq.net\/tr\/?p=23575"},"modified":"2013-05-24T02:24:36","modified_gmt":"2013-05-24T07:24:36","slug":"30-ii-gagik-doneminde-ermenistan-bagratuni-kralliginin-guclenmesi","status":"publish","type":"post","link":"https:\/\/akunq.net\/turkish\/2013\/05\/24\/30-ii-gagik-doneminde-ermenistan-bagratuni-kralliginin-guclenmesi\/","title":{"rendered":"30. II. Gagik d\u00f6neminde, Ermenistan Bagratuni Krall\u0131\u011f\u0131\u2019n\u0131n g\u00fc\u00e7lenmesi"},"content":{"rendered":"<p style=\"text-align: justify\"><!--[if gte mso 9]&gt;--><\/p>\n<figure id=\"attachment_23578\" aria-describedby=\"caption-attachment-23578\" style=\"width: 555px\" class=\"wp-caption aligncenter\"><a href=\"http:\/\/akunq.net\/tr\/?attachment_id=23578\" rel=\"attachment wp-att-23578\"><img loading=\"lazy\" decoding=\"async\" class=\"size-large wp-image-23578\" alt=\"I. Gagik d\u00f6neminde Ermenistan\" src=\"http:\/\/akunq.net\/tr\/wp-content\/uploads\/2013\/05\/\u0540\u0561\u0575\u0561\u057d\u057f\u0561\u0576\u0568-\u0533\u0561\u0563\u056b\u056f-\u0531-\u056b-\u0563\u0561\u0570\u0561\u056f\u0561\u056c\u0578\u0582\u0569\u0575\u0561\u0576-\u0585\u0580\u0578\u0584-600x352.png\" width=\"555\" height=\"325\" \/><\/a><figcaption id=\"caption-attachment-23578\" class=\"wp-caption-text\">I. Gagik d\u00f6neminde Ermenistan<\/figcaption><\/figure>\n<p class=\"MsoNormal\" style=\"margin: 0in 2.25pt 0.25in 0in;text-indent: 0in;line-height: normal;text-align: justify\"><span lang=\"TR\" style=\"font-size: 13.0pt;font-family: 'Times New Roman','serif'\">Ermenistan\u2019\u0131n Bagratuni Krall\u0131\u011f\u0131, II. S\u0131mbat\u2019\u0131n karde\u015fi I. Gagik\u2019in krall\u0131\u011f\u0131 d\u00f6neminde (990-1020) b\u00fcy\u00fck y\u00fckseli\u015f g\u00f6sterir. Ermenistan kral\u0131, \u201c\u015eahin\u015fah\u201d veya \u201cErmenistan ve G\u00fcrcistan kral\u0131\u201d unvan\u0131n\u0131 ta\u015f\u0131maktayd\u0131. Bu ise, Ermenistan\u2019\u0131n farkl\u0131 u\u00e7 b\u00f6lgelerinde ve Kafkasya\u2019n\u0131n g\u00fcneyinde kalan \u00fclkelerde olu\u015fmu\u015f olan k\u00fc\u00e7\u00fck krall\u0131klar\u0131n, teredd\u00fcts\u00fcz bir \u015fekilde Ani\u2019deki Bagratunilere tabi oldu\u011fu anlam\u0131na gelmekteydi. \u015eahin\u015fah\u2019\u0131n izni olmadan, tahta ge\u00e7emez ve kom\u015fu devletlerle ili\u015fki kuramazlard\u0131. Ermeni katolikosunun (Ermeni Kilisesi\u2019nin dini \u00f6nderi) se\u00e7imi, Ermeni Ar\u015fakuniler d\u00f6neminde oldu\u011fu gibi, Bagratuni krallar\u0131n\u0131n onay\u0131yla ger\u00e7ekle\u015fmekteydi.<\/span><\/p>\n<figure id=\"attachment_23579\" aria-describedby=\"caption-attachment-23579\" style=\"width: 276px\" class=\"wp-caption alignright\"><a href=\"http:\/\/akunq.net\/tr\/?attachment_id=23579\" rel=\"attachment wp-att-23579\"><img loading=\"lazy\" decoding=\"async\" class=\"size-full wp-image-23579\" alt=\"Ani\u2019de bulunmu\u015f I. Gagik\u2019in heykeli\" src=\"http:\/\/akunq.net\/tr\/wp-content\/uploads\/2013\/05\/\u0533\u0561\u0563\u056b\u056f-\u0531-\u056b-\u0561\u0580\u0571\u0561\u0576\u0568-\u0563\u057f\u0576\u057e\u0561\u056e-\u0531\u0576\u056b\u0578\u0582\u0574.jpg\" width=\"276\" height=\"599\" srcset=\"https:\/\/akunq.net\/turkish\/wp-content\/uploads\/sites\/5\/2013\/05\/\u0533\u0561\u0563\u056b\u056f-\u0531-\u056b-\u0561\u0580\u0571\u0561\u0576\u0568-\u0563\u057f\u0576\u057e\u0561\u056e-\u0531\u0576\u056b\u0578\u0582\u0574.jpg 276w, https:\/\/akunq.net\/turkish\/wp-content\/uploads\/sites\/5\/2013\/05\/\u0533\u0561\u0563\u056b\u056f-\u0531-\u056b-\u0561\u0580\u0571\u0561\u0576\u0568-\u0563\u057f\u0576\u057e\u0561\u056e-\u0531\u0576\u056b\u0578\u0582\u0574-138x300.jpg 138w\" sizes=\"auto, (max-width: 276px) 100vw, 276px\" \/><\/a><figcaption id=\"caption-attachment-23579\" class=\"wp-caption-text\">Ani\u2019de bulunmu\u015f I. Gagik\u2019in heykeli<\/figcaption><\/figure>\n<p class=\"MsoNormal\" style=\"margin: 0in 2.25pt 0.25in 0in;text-indent: 0in;line-height: normal;text-align: justify\"><span lang=\"TR\" style=\"font-size: 13.0pt;font-family: 'Times New Roman','serif'\">\u00d6rne\u011fin, Ta\u015fir-Dzoraget (Lori b\u00f6lgesi) kral\u0131 Davit Anho\u011f (topraks\u0131z) 1001 y\u0131l\u0131nda I. Gagik\u2019e kar\u015f\u0131 ayaklan\u0131p, Ani Bagratunilerinin \u00fcst\u00fcnl\u00fc\u011f\u00fcn\u00fc tan\u0131may\u0131 reddetti\u011finde Gagik, Davit\u2019in krall\u0131\u011f\u0131na sald\u0131rarak, t\u00fcm b\u00f6lgesine sahiplenir. Davit, \u00fclkeden ka\u00e7ar ve topraklar\u0131n\u0131 kaybederek, \u201ctopraks\u0131z\u201d san\u0131n\u0131 elde eder. Mecburen, I. Gagik\u2019in aff\u0131n\u0131 rica eder ve Ani kral\u0131n\u0131n \u00fcst\u00fcnl\u00fc\u011f\u00fcn\u00fc kabul ederek, topraklar\u0131n\u0131n b\u00fcy\u00fck bir k\u0131sm\u0131n\u0131 geri al\u0131r.<\/span><\/p>\n<p class=\"MsoNormal\" style=\"margin: 0in 2.25pt 0.25in 0in;text-indent: 0in;line-height: normal;text-align: justify\"><span lang=\"TR\" style=\"font-size: 13.0pt;font-family: 'Times New Roman','serif'\">I. Gagik, orduyu daha da b\u00fcy\u00fct\u00fcr ve g\u00fc\u00e7lendirir. Ermeni ordusu, kraliyet topraklar\u0131n\u0131 giderek geni\u015fletme yolunda, I. Gagik\u2019in elinde b\u00fcy\u00fck bir g\u00fc\u00e7t\u00fc. I. Gagik, Vayots Dzor y\u00f6netimini ortadan kald\u0131rarak, kendi topraklar\u0131na katar. Ard\u0131ndan Artsakh\u2019\u0131n (Karaba\u011f) b\u00fcy\u00fck bir k\u0131sm\u0131n\u0131, Kha\u00e7en b\u00f6lgesiyle birlikte birle\u015ftirir. Kogovit ve Dsa\u011fkotn b\u00f6lgeleri de Vaspurakan (Van) krall\u0131\u011f\u0131ndan kopart\u0131larak, Ani Bagratunilerinin topraklar\u0131na ba\u011flan\u0131r.<\/span><\/p>\n<p class=\"MsoNormal\" style=\"margin: 0in 2.25pt 0.25in 0in;text-indent: 0in;line-height: normal;text-align: justify\"><span lang=\"TR\" style=\"font-size: 13.0pt;font-family: 'Times New Roman','serif'\">998 y\u0131l\u0131nda, Arap emiri Mamlan, Ermenistan ve G\u00fcrcistan\u2019a sald\u0131r\u0131r. Ermeni-G\u00fcrc\u00fc ortak ordusu onlar\u0131n kar\u015f\u0131s\u0131na \u00e7\u0131kar ve bu meydan muharebesinde Arap ordular\u0131n\u0131 a\u011f\u0131r hezimete u\u011frat\u0131r. Bu sayede, Arap emirliklerinin daha sonraki sald\u0131r\u0131lar\u0131na son verilir.<\/span><\/p>\n<p class=\"MsoNormal\" style=\"margin: 0in 2.25pt 0.25in 0in;text-indent: 0in;line-height: normal;text-align: justify\"><span lang=\"TR\" style=\"font-size: 13.0pt;font-family: 'Times New Roman','serif'\">I. Gagik\u2019in krall\u0131\u011f\u0131 d\u00f6neminde Ermeni devleti \u00f6nemli \u00f6l\u00e7\u00fcde g\u00fc\u00e7lenir. \u0130mar \u00e7al\u0131\u015fmalar\u0131, o y\u0131llarda daha b\u00fcy\u00fck oranda s\u00fcrd\u00fcr\u00fcl\u00fcr ve \u00fclke geli\u015fim s\u00fcrecine girer. Ani serpilir. Yepyeni, birbirinden g\u00fczel yap\u0131lar in\u015fa edilir. I. Gagik\u2019in e\u015fi krali\u00e7e Katramide\u2019nin himayesinde, 1001 y\u0131l\u0131nda Ani\u2019nin harikulade Kato\u011fike (katedral) kilisesinin yap\u0131m\u0131 tamamlan\u0131r. Bu kilise, \u00fcnl\u00fc mimar T\u0131rdat\u2019in plan\u0131yla in\u015fa edilmi\u015ftir. \u00dcnl\u00fc Zvartnots kilisesi y\u0131k\u0131lm\u0131\u015ft\u0131. Kral, bu kilisenin benzerini Ani\u2019de in\u015fa ettirir. Bu d\u00f6nemde Ani\u2019nin, \u00e7ok say\u0131da g\u00fczel d\u00fcnyevi ve dini yap\u0131larla imar edilmesi s\u00fcrd\u00fcr\u00fcl\u00fcr. <\/span><\/p>\n<figure id=\"attachment_23581\" aria-describedby=\"caption-attachment-23581\" style=\"width: 525px\" class=\"wp-caption aligncenter\"><a href=\"http:\/\/akunq.net\/tr\/?attachment_id=23581\" rel=\"attachment wp-att-23581\"><img loading=\"lazy\" decoding=\"async\" class=\"size-full wp-image-23581\" alt=\"I. Gagik taraf\u0131ndan kurulmu\u015f Surp Grigor (Gagka\u015fen) Katedrali\" src=\"http:\/\/akunq.net\/tr\/wp-content\/uploads\/2013\/05\/\u0533\u0561\u0563\u056b\u056f-\u0531-\u056b-\u0570\u056b\u0574\u0576\u0561\u0564\u0580\u0561\u056e-\u054d.-\u0533\u0580\u056b\u0563\u0578\u0580-\u0533\u0561\u0563\u056f\u0561\u0577\u0565\u0576-\u057f\u0561\u0573\u0561\u0580\u0568.jpg\" width=\"525\" height=\"350\" srcset=\"https:\/\/akunq.net\/turkish\/wp-content\/uploads\/sites\/5\/2013\/05\/\u0533\u0561\u0563\u056b\u056f-\u0531-\u056b-\u0570\u056b\u0574\u0576\u0561\u0564\u0580\u0561\u056e-\u054d.-\u0533\u0580\u056b\u0563\u0578\u0580-\u0533\u0561\u0563\u056f\u0561\u0577\u0565\u0576-\u057f\u0561\u0573\u0561\u0580\u0568.jpg 525w, https:\/\/akunq.net\/turkish\/wp-content\/uploads\/sites\/5\/2013\/05\/\u0533\u0561\u0563\u056b\u056f-\u0531-\u056b-\u0570\u056b\u0574\u0576\u0561\u0564\u0580\u0561\u056e-\u054d.-\u0533\u0580\u056b\u0563\u0578\u0580-\u0533\u0561\u0563\u056f\u0561\u0577\u0565\u0576-\u057f\u0561\u0573\u0561\u0580\u0568-300x200.jpg 300w\" sizes=\"auto, (max-width: 525px) 100vw, 525px\" \/><\/a><figcaption id=\"caption-attachment-23581\" class=\"wp-caption-text\">I. Gagik taraf\u0131ndan kurulmu\u015f Surp Grigor (Gagka\u015fen) Katedrali<\/figcaption><\/figure>\n<p class=\"MsoNormal\" style=\"margin: 0in 2.25pt 0.25in 0in;text-indent: 0in;line-height: normal;text-align: justify\"><span lang=\"TR\" style=\"font-size: 13.0pt;font-family: 'Times New Roman','serif'\">I. Gagik d\u00f6neminde, Pahlavunilerin (Pehlevi) krall\u0131k s\u00fclalesi g\u00fc\u00e7lenir. Bu s\u00fclalenin temsilcileri, b\u0131rak\u0131tsal olarak ordu komutanl\u0131\u011f\u0131 g\u00f6revini s\u00fcrd\u00fcrmekteydi. \u00d6zellikle Vahram Pahlavuni \u00fcnl\u00fc olmu\u015ftur. Pahlavuniler de geni\u015f \u00e7apta imar faaliyetleri s\u00fcrd\u00fcr\u00fcr. B\u0131cni\u2019nin \u00fcnl\u00fc kalesi ve kilisesi, Amberd, Marma\u015fen vs. onlar taraf\u0131ndan in\u015fa edilmi\u015ftir. Vaspurakan, S\u00fcnik Artsakh ve Ermenistan\u2019\u0131n di\u011fer b\u00f6lgelerinde de imar faaliyetleri s\u00fcrd\u00fcr\u00fclm\u00fc\u015ft\u00fcr.<\/span><\/p>\n<p class=\"MsoNormal\" style=\"margin: 0in 2.25pt 0.25in 0in;text-indent: 0in;line-height: normal;text-align: justify\"><span lang=\"TR\" style=\"font-size: 13.0pt;font-family: 'Times New Roman','serif'\">I. Gagik\u2019in \u00f6l\u00fcm\u00fcnden sonra Ani Krall\u0131\u011f\u0131 siyasi a\u00e7\u0131dan zay\u0131flar ve par\u00e7alan\u0131r, fakat \u00fclke ekonomisinin bar\u0131\u015f\u00e7\u0131l geli\u015fimi devam eder.<\/span><\/p>\n<p class=\"MsoNormal\" style=\"text-indent: 0in;text-align: justify\">http:\/\/www.findarmenia.com\/arm\/history\/20\/198\/199<\/p>\n<p class=\"MsoNormal\" style=\"margin: 0in 2.25pt 0.25in 0in;text-indent: 0in;line-height: normal;text-align: justify\"><strong><span lang=\"TR\" style=\"font-size: 13pt;font-family: 'Times New Roman','serif'\">\u00c7eviren: Diran Lokmag\u00f6zyan<\/span><\/strong><\/p>\n","protected":false},"excerpt":{"rendered":"<p>Ermenistan\u2019\u0131n Bagratuni Krall\u0131\u011f\u0131, II. S\u0131mbat\u2019\u0131n karde\u015fi I. Gagik\u2019in krall\u0131\u011f\u0131 d\u00f6neminde (990-1020) b\u00fcy\u00fck y\u00fckseli\u015f g\u00f6sterir. Ermenistan kral\u0131, \u201c\u015eahin\u015fah\u201d veya \u201cErmenistan ve G\u00fcrcistan kral\u0131\u201d unvan\u0131n\u0131 ta\u015f\u0131maktayd\u0131. Bu ise, Ermenistan\u2019\u0131n farkl\u0131 u\u00e7 b\u00f6lgelerinde ve Kafkasya\u2019n\u0131n g\u00fcneyinde kalan \u00fclkelerde olu\u015fmu\u015f olan k\u00fc\u00e7\u00fck krall\u0131klar\u0131n, teredd\u00fcts\u00fcz bir \u015fekilde Ani\u2019deki Bagratunilere tabi oldu\u011fu anlam\u0131na gelmekteydi. \u015eahin\u015fah\u2019\u0131n izni olmadan, tahta ge\u00e7emez ve kom\u015fu [&hellip;]<\/p>\n","protected":false},"author":3,"featured_media":0,"comment_status":"open","ping_status":"open","sticky":false,"template":"","format":"standard","meta":{"footnotes":""},"categories":[7,14],"tags":[],"class_list":["post-23575","post","type-post","status-publish","format-standard","hentry","category-ermenilerin-tarihi","category-haberler"],"yoast_head":"<!-- This site is optimized with the Yoast SEO plugin v27.4 - https:\/\/yoast.com\/product\/yoast-seo-wordpress\/ -->\n<title>30. II. Gagik d\u00f6neminde, Ermenistan Bagratuni Krall\u0131\u011f\u0131\u2019n\u0131n g\u00fc\u00e7lenmesi - Bati Ermenistan Ve Bati Ermenileri Sorunlari Ara\u015ftirmalar Merkezi<\/title>\n<meta name=\"robots\" content=\"index, follow, max-snippet:-1, max-image-preview:large, max-video-preview:-1\" \/>\n<link rel=\"canonical\" href=\"https:\/\/akunq.net\/turkish\/2013\/05\/24\/30-ii-gagik-doneminde-ermenistan-bagratuni-kralliginin-guclenmesi\/\" \/>\n<meta property=\"og:locale\" content=\"en_US\" \/>\n<meta property=\"og:type\" content=\"article\" \/>\n<meta property=\"og:title\" content=\"30. II. Gagik d\u00f6neminde, Ermenistan Bagratuni Krall\u0131\u011f\u0131\u2019n\u0131n g\u00fc\u00e7lenmesi - Bati Ermenistan Ve Bati Ermenileri Sorunlari Ara\u015ftirmalar Merkezi\" \/>\n<meta property=\"og:description\" content=\"Ermenistan\u2019\u0131n Bagratuni Krall\u0131\u011f\u0131, II. S\u0131mbat\u2019\u0131n karde\u015fi I. Gagik\u2019in krall\u0131\u011f\u0131 d\u00f6neminde (990-1020) b\u00fcy\u00fck y\u00fckseli\u015f g\u00f6sterir. Ermenistan kral\u0131, \u201c\u015eahin\u015fah\u201d veya \u201cErmenistan ve G\u00fcrcistan kral\u0131\u201d unvan\u0131n\u0131 ta\u015f\u0131maktayd\u0131. Bu ise, Ermenistan\u2019\u0131n farkl\u0131 u\u00e7 b\u00f6lgelerinde ve Kafkasya\u2019n\u0131n g\u00fcneyinde kalan \u00fclkelerde olu\u015fmu\u015f olan k\u00fc\u00e7\u00fck krall\u0131klar\u0131n, teredd\u00fcts\u00fcz bir \u015fekilde Ani\u2019deki Bagratunilere tabi oldu\u011fu anlam\u0131na gelmekteydi. \u015eahin\u015fah\u2019\u0131n izni olmadan, tahta ge\u00e7emez ve kom\u015fu [&hellip;]\" \/>\n<meta property=\"og:url\" content=\"https:\/\/akunq.net\/turkish\/2013\/05\/24\/30-ii-gagik-doneminde-ermenistan-bagratuni-kralliginin-guclenmesi\/\" \/>\n<meta property=\"og:site_name\" content=\"Bati Ermenistan Ve Bati Ermenileri Sorunlari Ara\u015ftirmalar Merkezi\" \/>\n<meta property=\"article:published_time\" content=\"2013-05-24T07:24:36+00:00\" \/>\n<meta name=\"author\" content=\"kalem\" \/>\n<meta name=\"twitter:card\" content=\"summary_large_image\" \/>\n<meta name=\"twitter:label1\" content=\"Written by\" \/>\n\t<meta name=\"twitter:data1\" content=\"kalem\" \/>\n\t<meta name=\"twitter:label2\" content=\"Est. reading time\" \/>\n\t<meta name=\"twitter:data2\" content=\"3 minutes\" \/>\n<script type=\"application\/ld+json\" class=\"yoast-schema-graph\">{\"@context\":\"https:\\\/\\\/schema.org\",\"@graph\":[{\"@type\":\"Article\",\"@id\":\"https:\\\/\\\/akunq.net\\\/turkish\\\/2013\\\/05\\\/24\\\/30-ii-gagik-doneminde-ermenistan-bagratuni-kralliginin-guclenmesi\\\/#article\",\"isPartOf\":{\"@id\":\"https:\\\/\\\/akunq.net\\\/turkish\\\/2013\\\/05\\\/24\\\/30-ii-gagik-doneminde-ermenistan-bagratuni-kralliginin-guclenmesi\\\/\"},\"author\":{\"name\":\"kalem\",\"@id\":\"https:\\\/\\\/akunq.net\\\/turkish\\\/#\\\/schema\\\/person\\\/135e7923d1aeb8887890799619969a6c\"},\"headline\":\"30. II. Gagik d\u00f6neminde, Ermenistan Bagratuni Krall\u0131\u011f\u0131\u2019n\u0131n g\u00fc\u00e7lenmesi\",\"datePublished\":\"2013-05-24T07:24:36+00:00\",\"mainEntityOfPage\":{\"@id\":\"https:\\\/\\\/akunq.net\\\/turkish\\\/2013\\\/05\\\/24\\\/30-ii-gagik-doneminde-ermenistan-bagratuni-kralliginin-guclenmesi\\\/\"},\"wordCount\":631,\"commentCount\":0,\"articleSection\":[\"Ermenilerin Tarihi\",\"Haberler\"],\"inLanguage\":\"en-US\",\"potentialAction\":[{\"@type\":\"CommentAction\",\"name\":\"Comment\",\"target\":[\"https:\\\/\\\/akunq.net\\\/turkish\\\/2013\\\/05\\\/24\\\/30-ii-gagik-doneminde-ermenistan-bagratuni-kralliginin-guclenmesi\\\/#respond\"]}]},{\"@type\":\"WebPage\",\"@id\":\"https:\\\/\\\/akunq.net\\\/turkish\\\/2013\\\/05\\\/24\\\/30-ii-gagik-doneminde-ermenistan-bagratuni-kralliginin-guclenmesi\\\/\",\"url\":\"https:\\\/\\\/akunq.net\\\/turkish\\\/2013\\\/05\\\/24\\\/30-ii-gagik-doneminde-ermenistan-bagratuni-kralliginin-guclenmesi\\\/\",\"name\":\"30. II. Gagik d\u00f6neminde, Ermenistan Bagratuni Krall\u0131\u011f\u0131\u2019n\u0131n g\u00fc\u00e7lenmesi - Bati Ermenistan Ve Bati Ermenileri Sorunlari Ara\u015ftirmalar Merkezi\",\"isPartOf\":{\"@id\":\"https:\\\/\\\/akunq.net\\\/turkish\\\/#website\"},\"datePublished\":\"2013-05-24T07:24:36+00:00\",\"author\":{\"@id\":\"https:\\\/\\\/akunq.net\\\/turkish\\\/#\\\/schema\\\/person\\\/135e7923d1aeb8887890799619969a6c\"},\"breadcrumb\":{\"@id\":\"https:\\\/\\\/akunq.net\\\/turkish\\\/2013\\\/05\\\/24\\\/30-ii-gagik-doneminde-ermenistan-bagratuni-kralliginin-guclenmesi\\\/#breadcrumb\"},\"inLanguage\":\"en-US\",\"potentialAction\":[{\"@type\":\"ReadAction\",\"target\":[\"https:\\\/\\\/akunq.net\\\/turkish\\\/2013\\\/05\\\/24\\\/30-ii-gagik-doneminde-ermenistan-bagratuni-kralliginin-guclenmesi\\\/\"]}]},{\"@type\":\"BreadcrumbList\",\"@id\":\"https:\\\/\\\/akunq.net\\\/turkish\\\/2013\\\/05\\\/24\\\/30-ii-gagik-doneminde-ermenistan-bagratuni-kralliginin-guclenmesi\\\/#breadcrumb\",\"itemListElement\":[{\"@type\":\"ListItem\",\"position\":1,\"name\":\"Home\",\"item\":\"https:\\\/\\\/akunq.net\\\/turkish\\\/\"},{\"@type\":\"ListItem\",\"position\":2,\"name\":\"30. II. Gagik d\u00f6neminde, Ermenistan Bagratuni Krall\u0131\u011f\u0131\u2019n\u0131n g\u00fc\u00e7lenmesi\"}]},{\"@type\":\"WebSite\",\"@id\":\"https:\\\/\\\/akunq.net\\\/turkish\\\/#website\",\"url\":\"https:\\\/\\\/akunq.net\\\/turkish\\\/\",\"name\":\"Bati Ermenistan Ve Bati Ermenileri Sorunlari Ara\u015ftirmalar Merkezi\",\"description\":\"\",\"potentialAction\":[{\"@type\":\"SearchAction\",\"target\":{\"@type\":\"EntryPoint\",\"urlTemplate\":\"https:\\\/\\\/akunq.net\\\/turkish\\\/?s={search_term_string}\"},\"query-input\":{\"@type\":\"PropertyValueSpecification\",\"valueRequired\":true,\"valueName\":\"search_term_string\"}}],\"inLanguage\":\"en-US\"},{\"@type\":\"Person\",\"@id\":\"https:\\\/\\\/akunq.net\\\/turkish\\\/#\\\/schema\\\/person\\\/135e7923d1aeb8887890799619969a6c\",\"name\":\"kalem\",\"image\":{\"@type\":\"ImageObject\",\"inLanguage\":\"en-US\",\"@id\":\"https:\\\/\\\/secure.gravatar.com\\\/avatar\\\/a06875e4b25feb5674296adf8e8a7ae1e587cebce2493fe63c456109967e27d3?s=96&d=mm&r=g\",\"url\":\"https:\\\/\\\/secure.gravatar.com\\\/avatar\\\/a06875e4b25feb5674296adf8e8a7ae1e587cebce2493fe63c456109967e27d3?s=96&d=mm&r=g\",\"contentUrl\":\"https:\\\/\\\/secure.gravatar.com\\\/avatar\\\/a06875e4b25feb5674296adf8e8a7ae1e587cebce2493fe63c456109967e27d3?s=96&d=mm&r=g\",\"caption\":\"kalem\"},\"url\":\"https:\\\/\\\/akunq.net\\\/turkish\\\/author\\\/kalem\\\/\"}]}<\/script>\n<!-- \/ Yoast SEO plugin. -->","yoast_head_json":{"title":"30. II. Gagik d\u00f6neminde, Ermenistan Bagratuni Krall\u0131\u011f\u0131\u2019n\u0131n g\u00fc\u00e7lenmesi - Bati Ermenistan Ve Bati Ermenileri Sorunlari Ara\u015ftirmalar Merkezi","robots":{"index":"index","follow":"follow","max-snippet":"max-snippet:-1","max-image-preview":"max-image-preview:large","max-video-preview":"max-video-preview:-1"},"canonical":"https:\/\/akunq.net\/turkish\/2013\/05\/24\/30-ii-gagik-doneminde-ermenistan-bagratuni-kralliginin-guclenmesi\/","og_locale":"en_US","og_type":"article","og_title":"30. II. Gagik d\u00f6neminde, Ermenistan Bagratuni Krall\u0131\u011f\u0131\u2019n\u0131n g\u00fc\u00e7lenmesi - Bati Ermenistan Ve Bati Ermenileri Sorunlari Ara\u015ftirmalar Merkezi","og_description":"Ermenistan\u2019\u0131n Bagratuni Krall\u0131\u011f\u0131, II. S\u0131mbat\u2019\u0131n karde\u015fi I. Gagik\u2019in krall\u0131\u011f\u0131 d\u00f6neminde (990-1020) b\u00fcy\u00fck y\u00fckseli\u015f g\u00f6sterir. Ermenistan kral\u0131, \u201c\u015eahin\u015fah\u201d veya \u201cErmenistan ve G\u00fcrcistan kral\u0131\u201d unvan\u0131n\u0131 ta\u015f\u0131maktayd\u0131. Bu ise, Ermenistan\u2019\u0131n farkl\u0131 u\u00e7 b\u00f6lgelerinde ve Kafkasya\u2019n\u0131n g\u00fcneyinde kalan \u00fclkelerde olu\u015fmu\u015f olan k\u00fc\u00e7\u00fck krall\u0131klar\u0131n, teredd\u00fcts\u00fcz bir \u015fekilde Ani\u2019deki Bagratunilere tabi oldu\u011fu anlam\u0131na gelmekteydi. \u015eahin\u015fah\u2019\u0131n izni olmadan, tahta ge\u00e7emez ve kom\u015fu [&hellip;]","og_url":"https:\/\/akunq.net\/turkish\/2013\/05\/24\/30-ii-gagik-doneminde-ermenistan-bagratuni-kralliginin-guclenmesi\/","og_site_name":"Bati Ermenistan Ve Bati Ermenileri Sorunlari Ara\u015ftirmalar Merkezi","article_published_time":"2013-05-24T07:24:36+00:00","author":"kalem","twitter_card":"summary_large_image","twitter_misc":{"Written by":"kalem","Est. reading time":"3 minutes"},"schema":{"@context":"https:\/\/schema.org","@graph":[{"@type":"Article","@id":"https:\/\/akunq.net\/turkish\/2013\/05\/24\/30-ii-gagik-doneminde-ermenistan-bagratuni-kralliginin-guclenmesi\/#article","isPartOf":{"@id":"https:\/\/akunq.net\/turkish\/2013\/05\/24\/30-ii-gagik-doneminde-ermenistan-bagratuni-kralliginin-guclenmesi\/"},"author":{"name":"kalem","@id":"https:\/\/akunq.net\/turkish\/#\/schema\/person\/135e7923d1aeb8887890799619969a6c"},"headline":"30. II. Gagik d\u00f6neminde, Ermenistan Bagratuni Krall\u0131\u011f\u0131\u2019n\u0131n g\u00fc\u00e7lenmesi","datePublished":"2013-05-24T07:24:36+00:00","mainEntityOfPage":{"@id":"https:\/\/akunq.net\/turkish\/2013\/05\/24\/30-ii-gagik-doneminde-ermenistan-bagratuni-kralliginin-guclenmesi\/"},"wordCount":631,"commentCount":0,"articleSection":["Ermenilerin Tarihi","Haberler"],"inLanguage":"en-US","potentialAction":[{"@type":"CommentAction","name":"Comment","target":["https:\/\/akunq.net\/turkish\/2013\/05\/24\/30-ii-gagik-doneminde-ermenistan-bagratuni-kralliginin-guclenmesi\/#respond"]}]},{"@type":"WebPage","@id":"https:\/\/akunq.net\/turkish\/2013\/05\/24\/30-ii-gagik-doneminde-ermenistan-bagratuni-kralliginin-guclenmesi\/","url":"https:\/\/akunq.net\/turkish\/2013\/05\/24\/30-ii-gagik-doneminde-ermenistan-bagratuni-kralliginin-guclenmesi\/","name":"30. II. Gagik d\u00f6neminde, Ermenistan Bagratuni Krall\u0131\u011f\u0131\u2019n\u0131n g\u00fc\u00e7lenmesi - Bati Ermenistan Ve Bati Ermenileri Sorunlari Ara\u015ftirmalar Merkezi","isPartOf":{"@id":"https:\/\/akunq.net\/turkish\/#website"},"datePublished":"2013-05-24T07:24:36+00:00","author":{"@id":"https:\/\/akunq.net\/turkish\/#\/schema\/person\/135e7923d1aeb8887890799619969a6c"},"breadcrumb":{"@id":"https:\/\/akunq.net\/turkish\/2013\/05\/24\/30-ii-gagik-doneminde-ermenistan-bagratuni-kralliginin-guclenmesi\/#breadcrumb"},"inLanguage":"en-US","potentialAction":[{"@type":"ReadAction","target":["https:\/\/akunq.net\/turkish\/2013\/05\/24\/30-ii-gagik-doneminde-ermenistan-bagratuni-kralliginin-guclenmesi\/"]}]},{"@type":"BreadcrumbList","@id":"https:\/\/akunq.net\/turkish\/2013\/05\/24\/30-ii-gagik-doneminde-ermenistan-bagratuni-kralliginin-guclenmesi\/#breadcrumb","itemListElement":[{"@type":"ListItem","position":1,"name":"Home","item":"https:\/\/akunq.net\/turkish\/"},{"@type":"ListItem","position":2,"name":"30. II. Gagik d\u00f6neminde, Ermenistan Bagratuni Krall\u0131\u011f\u0131\u2019n\u0131n g\u00fc\u00e7lenmesi"}]},{"@type":"WebSite","@id":"https:\/\/akunq.net\/turkish\/#website","url":"https:\/\/akunq.net\/turkish\/","name":"Bati Ermenistan Ve Bati Ermenileri Sorunlari Ara\u015ftirmalar Merkezi","description":"","potentialAction":[{"@type":"SearchAction","target":{"@type":"EntryPoint","urlTemplate":"https:\/\/akunq.net\/turkish\/?s={search_term_string}"},"query-input":{"@type":"PropertyValueSpecification","valueRequired":true,"valueName":"search_term_string"}}],"inLanguage":"en-US"},{"@type":"Person","@id":"https:\/\/akunq.net\/turkish\/#\/schema\/person\/135e7923d1aeb8887890799619969a6c","name":"kalem","image":{"@type":"ImageObject","inLanguage":"en-US","@id":"https:\/\/secure.gravatar.com\/avatar\/a06875e4b25feb5674296adf8e8a7ae1e587cebce2493fe63c456109967e27d3?s=96&d=mm&r=g","url":"https:\/\/secure.gravatar.com\/avatar\/a06875e4b25feb5674296adf8e8a7ae1e587cebce2493fe63c456109967e27d3?s=96&d=mm&r=g","contentUrl":"https:\/\/secure.gravatar.com\/avatar\/a06875e4b25feb5674296adf8e8a7ae1e587cebce2493fe63c456109967e27d3?s=96&d=mm&r=g","caption":"kalem"},"url":"https:\/\/akunq.net\/turkish\/author\/kalem\/"}]}},"_links":{"self":[{"href":"https:\/\/akunq.net\/turkish\/wp-json\/wp\/v2\/posts\/23575","targetHints":{"allow":["GET"]}}],"collection":[{"href":"https:\/\/akunq.net\/turkish\/wp-json\/wp\/v2\/posts"}],"about":[{"href":"https:\/\/akunq.net\/turkish\/wp-json\/wp\/v2\/types\/post"}],"author":[{"embeddable":true,"href":"https:\/\/akunq.net\/turkish\/wp-json\/wp\/v2\/users\/3"}],"replies":[{"embeddable":true,"href":"https:\/\/akunq.net\/turkish\/wp-json\/wp\/v2\/comments?post=23575"}],"version-history":[{"count":0,"href":"https:\/\/akunq.net\/turkish\/wp-json\/wp\/v2\/posts\/23575\/revisions"}],"wp:attachment":[{"href":"https:\/\/akunq.net\/turkish\/wp-json\/wp\/v2\/media?parent=23575"}],"wp:term":[{"taxonomy":"category","embeddable":true,"href":"https:\/\/akunq.net\/turkish\/wp-json\/wp\/v2\/categories?post=23575"},{"taxonomy":"post_tag","embeddable":true,"href":"https:\/\/akunq.net\/turkish\/wp-json\/wp\/v2\/tags?post=23575"}],"curies":[{"name":"wp","href":"https:\/\/api.w.org\/{rel}","templated":true}]}}