{"id":2353,"date":"2010-10-16T02:58:55","date_gmt":"2010-10-16T07:58:55","guid":{"rendered":"http:\/\/akunq.net\/tr\/?p=2353"},"modified":"2010-10-16T02:58:55","modified_gmt":"2010-10-16T07:58:55","slug":"celik-hristiyanlara-gavur-demedim","status":"publish","type":"post","link":"https:\/\/akunq.net\/turkish\/2010\/10\/16\/celik-hristiyanlara-gavur-demedim\/","title":{"rendered":"\u00c7elik: Hristiyanlara &#8216;gavur&#8217; demedim"},"content":{"rendered":"<p style=\"text-align: justify\">Alevi a\u00e7\u0131l\u0131m\u0131n\u0131 y\u00fcr\u00fcten Devlet Bakan\u0131 Faruk \u00c7elik, bug\u00fcn gazetelerde yer alan &#8220;Hristiyanlara gavur&#8221; dedi\u011fi y\u00f6n\u00fcndeki haberleri sert bir \u015fekilde yalanlad\u0131.\u00a0<br \/>\nMardin Midyat S\u00fcryani K\u00fclt\u00fcr Derne\u011fi Ba\u015fkan\u0131 Yuhanne Akta\u015f&#8217;a dayan\u0131larak yap\u0131lan haberlerde, Bakan \u00c7elik&#8217;in 12 Ekim&#8217;de CNN T\u00fcrk&#8217;te Ahmet Hakan&#8217;\u0131n sundu\u011fu Tarafs\u0131z B\u00f6lge program\u0131nda &#8220;Niye gavurun dini Hristiyanl\u0131\u011f\u0131 \u00f6\u011fretiyoruz da, Alevili\u011fi \u00f6\u011frenmeyece\u011fiz&#8221; \u015feklinde c\u00fcmle sarf etti\u011fi iddia edildi.\u00a0<br \/>\nDevlet Bakan\u0131 Faruk \u00c7elik yapt\u0131\u011f\u0131 a\u00e7\u0131klamada, &#8220;Kesinlikle b\u00f6yle bir \u015fey yok, bu aleni ve a\u00e7\u0131k bir iftirad\u0131r. Hi\u00e7bir ara\u015ft\u0131rmaya dayanmadan b\u00f6yle hassas bir konuda haber yap\u0131l\u0131yorsa, vay T\u00fcrk bas\u0131n\u0131n\u0131n haline&#8221; dedi.\u00a0<br \/>\nBakan \u00c7elik, s\u00f6z konusu haberin kas\u0131tl\u0131 yay\u0131nland\u0131\u011f\u0131n\u0131 belirterek, &#8220;\u0130ki \u00f6nemli amaca y\u00f6nelik bu haberlerin yap\u0131ld\u0131\u011f\u0131n\u0131 d\u00fc\u015f\u00fcn\u00fcyorum. Birincisi, T\u00fcrkiye&#8217;nin d\u00fcnya \u00fczerinde son derece olumlu geli\u015fen imaj\u0131na balta vurmakt\u0131r. \u0130kincisi, sa\u011fl\u0131kl\u0131 bir \u015fekilde diyalog i\u00e7inde y\u00fcr\u00fcyen Alevi a\u00e7\u0131l\u0131m\u0131 s\u00fcrecine balta vurmakt\u0131r. Belli ki istismar alanlar\u0131n\u0131 kaybedece\u011fini g\u00f6renler b\u00f6yle bir sald\u0131r\u0131y\u0131 tertip etmi\u015flerdir. Bas\u0131n\u0131m\u0131z da ne yaz\u0131k ki haberi do\u011frulamadan yay\u0131nlam\u0131\u015ft\u0131r. H\u00fck\u00fcmete ve \u015fahs\u0131ma y\u00f6nelik ele\u015ftiriye her zaman a\u00e7\u0131\u011f\u0131z ancak inan\u00e7lar\u0131n s\u00f6z konusu oldu\u011fu b\u00f6yle durumlarda herkesten daha dikkatli olmalar\u0131n\u0131 bekliyoruz&#8221; dedi.\u00a0<\/p>\n<p style=\"text-align: justify\"><strong><em>\u00a0<\/em><\/strong><strong><em>Kaynak:<\/em><\/strong><strong><em>\u00a0haber7.com<br \/>\nTarih:\u00a015.10.2010<\/em><\/strong><strong><em><\/em><\/strong><\/p>\n","protected":false},"excerpt":{"rendered":"<p>Alevi a\u00e7\u0131l\u0131m\u0131n\u0131 y\u00fcr\u00fcten Devlet Bakan\u0131 Faruk \u00c7elik, bug\u00fcn gazetelerde yer alan &#8220;Hristiyanlara gavur&#8221; dedi\u011fi y\u00f6n\u00fcndeki haberleri sert bir \u015fekilde yalanlad\u0131.\u00a0 Mardin Midyat S\u00fcryani K\u00fclt\u00fcr Derne\u011fi Ba\u015fkan\u0131 Yuhanne Akta\u015f&#8217;a dayan\u0131larak yap\u0131lan haberlerde, Bakan \u00c7elik&#8217;in 12 Ekim&#8217;de CNN T\u00fcrk&#8217;te Ahmet Hakan&#8217;\u0131n sundu\u011fu Tarafs\u0131z B\u00f6lge program\u0131nda &#8220;Niye gavurun dini Hristiyanl\u0131\u011f\u0131 \u00f6\u011fretiyoruz da, Alevili\u011fi \u00f6\u011frenmeyece\u011fiz&#8221; \u015feklinde c\u00fcmle sarf etti\u011fi [&hellip;]<\/p>\n","protected":false},"author":3,"featured_media":0,"comment_status":"open","ping_status":"open","sticky":false,"template":"","format":"standard","meta":{"footnotes":""},"categories":[14],"tags":[],"class_list":["post-2353","post","type-post","status-publish","format-standard","hentry","category-haberler"],"yoast_head":"<!-- This site is optimized with the Yoast SEO plugin v27.4 - https:\/\/yoast.com\/product\/yoast-seo-wordpress\/ -->\n<title>\u00c7elik: Hristiyanlara &#039;gavur&#039; demedim - Bati Ermenistan Ve Bati Ermenileri Sorunlari Ara\u015ftirmalar Merkezi<\/title>\n<meta name=\"robots\" content=\"index, follow, max-snippet:-1, max-image-preview:large, max-video-preview:-1\" \/>\n<link rel=\"canonical\" href=\"https:\/\/akunq.net\/turkish\/2010\/10\/16\/celik-hristiyanlara-gavur-demedim\/\" \/>\n<meta property=\"og:locale\" content=\"en_US\" \/>\n<meta property=\"og:type\" content=\"article\" \/>\n<meta property=\"og:title\" content=\"\u00c7elik: Hristiyanlara &#039;gavur&#039; demedim - Bati Ermenistan Ve Bati Ermenileri Sorunlari Ara\u015ftirmalar Merkezi\" \/>\n<meta property=\"og:description\" content=\"Alevi a\u00e7\u0131l\u0131m\u0131n\u0131 y\u00fcr\u00fcten Devlet Bakan\u0131 Faruk \u00c7elik, bug\u00fcn gazetelerde yer alan &#8220;Hristiyanlara gavur&#8221; dedi\u011fi y\u00f6n\u00fcndeki haberleri sert bir \u015fekilde yalanlad\u0131.\u00a0 Mardin Midyat S\u00fcryani K\u00fclt\u00fcr Derne\u011fi Ba\u015fkan\u0131 Yuhanne Akta\u015f&#8217;a dayan\u0131larak yap\u0131lan haberlerde, Bakan \u00c7elik&#8217;in 12 Ekim&#8217;de CNN T\u00fcrk&#8217;te Ahmet Hakan&#8217;\u0131n sundu\u011fu Tarafs\u0131z B\u00f6lge program\u0131nda &#8220;Niye gavurun dini Hristiyanl\u0131\u011f\u0131 \u00f6\u011fretiyoruz da, Alevili\u011fi \u00f6\u011frenmeyece\u011fiz&#8221; \u015feklinde c\u00fcmle sarf etti\u011fi [&hellip;]\" \/>\n<meta property=\"og:url\" content=\"https:\/\/akunq.net\/turkish\/2010\/10\/16\/celik-hristiyanlara-gavur-demedim\/\" \/>\n<meta property=\"og:site_name\" content=\"Bati Ermenistan Ve Bati Ermenileri Sorunlari Ara\u015ftirmalar Merkezi\" \/>\n<meta property=\"article:published_time\" content=\"2010-10-16T07:58:55+00:00\" \/>\n<meta name=\"author\" content=\"kalem\" \/>\n<meta name=\"twitter:card\" content=\"summary_large_image\" \/>\n<meta name=\"twitter:label1\" content=\"Written by\" \/>\n\t<meta name=\"twitter:data1\" content=\"kalem\" \/>\n\t<meta name=\"twitter:label2\" content=\"Est. reading time\" \/>\n\t<meta name=\"twitter:data2\" content=\"1 minute\" \/>\n<script type=\"application\/ld+json\" class=\"yoast-schema-graph\">{\"@context\":\"https:\\\/\\\/schema.org\",\"@graph\":[{\"@type\":\"Article\",\"@id\":\"https:\\\/\\\/akunq.net\\\/turkish\\\/2010\\\/10\\\/16\\\/celik-hristiyanlara-gavur-demedim\\\/#article\",\"isPartOf\":{\"@id\":\"https:\\\/\\\/akunq.net\\\/turkish\\\/2010\\\/10\\\/16\\\/celik-hristiyanlara-gavur-demedim\\\/\"},\"author\":{\"name\":\"kalem\",\"@id\":\"https:\\\/\\\/akunq.net\\\/turkish\\\/#\\\/schema\\\/person\\\/135e7923d1aeb8887890799619969a6c\"},\"headline\":\"\u00c7elik: Hristiyanlara &#8216;gavur&#8217; demedim\",\"datePublished\":\"2010-10-16T07:58:55+00:00\",\"mainEntityOfPage\":{\"@id\":\"https:\\\/\\\/akunq.net\\\/turkish\\\/2010\\\/10\\\/16\\\/celik-hristiyanlara-gavur-demedim\\\/\"},\"wordCount\":265,\"commentCount\":0,\"articleSection\":[\"Haberler\"],\"inLanguage\":\"en-US\",\"potentialAction\":[{\"@type\":\"CommentAction\",\"name\":\"Comment\",\"target\":[\"https:\\\/\\\/akunq.net\\\/turkish\\\/2010\\\/10\\\/16\\\/celik-hristiyanlara-gavur-demedim\\\/#respond\"]}]},{\"@type\":\"WebPage\",\"@id\":\"https:\\\/\\\/akunq.net\\\/turkish\\\/2010\\\/10\\\/16\\\/celik-hristiyanlara-gavur-demedim\\\/\",\"url\":\"https:\\\/\\\/akunq.net\\\/turkish\\\/2010\\\/10\\\/16\\\/celik-hristiyanlara-gavur-demedim\\\/\",\"name\":\"\u00c7elik: Hristiyanlara 'gavur' demedim - Bati Ermenistan Ve Bati Ermenileri Sorunlari Ara\u015ftirmalar Merkezi\",\"isPartOf\":{\"@id\":\"https:\\\/\\\/akunq.net\\\/turkish\\\/#website\"},\"datePublished\":\"2010-10-16T07:58:55+00:00\",\"author\":{\"@id\":\"https:\\\/\\\/akunq.net\\\/turkish\\\/#\\\/schema\\\/person\\\/135e7923d1aeb8887890799619969a6c\"},\"breadcrumb\":{\"@id\":\"https:\\\/\\\/akunq.net\\\/turkish\\\/2010\\\/10\\\/16\\\/celik-hristiyanlara-gavur-demedim\\\/#breadcrumb\"},\"inLanguage\":\"en-US\",\"potentialAction\":[{\"@type\":\"ReadAction\",\"target\":[\"https:\\\/\\\/akunq.net\\\/turkish\\\/2010\\\/10\\\/16\\\/celik-hristiyanlara-gavur-demedim\\\/\"]}]},{\"@type\":\"BreadcrumbList\",\"@id\":\"https:\\\/\\\/akunq.net\\\/turkish\\\/2010\\\/10\\\/16\\\/celik-hristiyanlara-gavur-demedim\\\/#breadcrumb\",\"itemListElement\":[{\"@type\":\"ListItem\",\"position\":1,\"name\":\"Home\",\"item\":\"https:\\\/\\\/akunq.net\\\/turkish\\\/\"},{\"@type\":\"ListItem\",\"position\":2,\"name\":\"\u00c7elik: Hristiyanlara &#8216;gavur&#8217; demedim\"}]},{\"@type\":\"WebSite\",\"@id\":\"https:\\\/\\\/akunq.net\\\/turkish\\\/#website\",\"url\":\"https:\\\/\\\/akunq.net\\\/turkish\\\/\",\"name\":\"Bati Ermenistan Ve Bati Ermenileri Sorunlari Ara\u015ftirmalar Merkezi\",\"description\":\"\",\"potentialAction\":[{\"@type\":\"SearchAction\",\"target\":{\"@type\":\"EntryPoint\",\"urlTemplate\":\"https:\\\/\\\/akunq.net\\\/turkish\\\/?s={search_term_string}\"},\"query-input\":{\"@type\":\"PropertyValueSpecification\",\"valueRequired\":true,\"valueName\":\"search_term_string\"}}],\"inLanguage\":\"en-US\"},{\"@type\":\"Person\",\"@id\":\"https:\\\/\\\/akunq.net\\\/turkish\\\/#\\\/schema\\\/person\\\/135e7923d1aeb8887890799619969a6c\",\"name\":\"kalem\",\"image\":{\"@type\":\"ImageObject\",\"inLanguage\":\"en-US\",\"@id\":\"https:\\\/\\\/secure.gravatar.com\\\/avatar\\\/a06875e4b25feb5674296adf8e8a7ae1e587cebce2493fe63c456109967e27d3?s=96&d=mm&r=g\",\"url\":\"https:\\\/\\\/secure.gravatar.com\\\/avatar\\\/a06875e4b25feb5674296adf8e8a7ae1e587cebce2493fe63c456109967e27d3?s=96&d=mm&r=g\",\"contentUrl\":\"https:\\\/\\\/secure.gravatar.com\\\/avatar\\\/a06875e4b25feb5674296adf8e8a7ae1e587cebce2493fe63c456109967e27d3?s=96&d=mm&r=g\",\"caption\":\"kalem\"},\"url\":\"https:\\\/\\\/akunq.net\\\/turkish\\\/author\\\/kalem\\\/\"}]}<\/script>\n<!-- \/ Yoast SEO plugin. -->","yoast_head_json":{"title":"\u00c7elik: Hristiyanlara 'gavur' demedim - Bati Ermenistan Ve Bati Ermenileri Sorunlari Ara\u015ftirmalar Merkezi","robots":{"index":"index","follow":"follow","max-snippet":"max-snippet:-1","max-image-preview":"max-image-preview:large","max-video-preview":"max-video-preview:-1"},"canonical":"https:\/\/akunq.net\/turkish\/2010\/10\/16\/celik-hristiyanlara-gavur-demedim\/","og_locale":"en_US","og_type":"article","og_title":"\u00c7elik: Hristiyanlara 'gavur' demedim - Bati Ermenistan Ve Bati Ermenileri Sorunlari Ara\u015ftirmalar Merkezi","og_description":"Alevi a\u00e7\u0131l\u0131m\u0131n\u0131 y\u00fcr\u00fcten Devlet Bakan\u0131 Faruk \u00c7elik, bug\u00fcn gazetelerde yer alan &#8220;Hristiyanlara gavur&#8221; dedi\u011fi y\u00f6n\u00fcndeki haberleri sert bir \u015fekilde yalanlad\u0131.\u00a0 Mardin Midyat S\u00fcryani K\u00fclt\u00fcr Derne\u011fi Ba\u015fkan\u0131 Yuhanne Akta\u015f&#8217;a dayan\u0131larak yap\u0131lan haberlerde, Bakan \u00c7elik&#8217;in 12 Ekim&#8217;de CNN T\u00fcrk&#8217;te Ahmet Hakan&#8217;\u0131n sundu\u011fu Tarafs\u0131z B\u00f6lge program\u0131nda &#8220;Niye gavurun dini Hristiyanl\u0131\u011f\u0131 \u00f6\u011fretiyoruz da, Alevili\u011fi \u00f6\u011frenmeyece\u011fiz&#8221; \u015feklinde c\u00fcmle sarf etti\u011fi [&hellip;]","og_url":"https:\/\/akunq.net\/turkish\/2010\/10\/16\/celik-hristiyanlara-gavur-demedim\/","og_site_name":"Bati Ermenistan Ve Bati Ermenileri Sorunlari Ara\u015ftirmalar Merkezi","article_published_time":"2010-10-16T07:58:55+00:00","author":"kalem","twitter_card":"summary_large_image","twitter_misc":{"Written by":"kalem","Est. reading time":"1 minute"},"schema":{"@context":"https:\/\/schema.org","@graph":[{"@type":"Article","@id":"https:\/\/akunq.net\/turkish\/2010\/10\/16\/celik-hristiyanlara-gavur-demedim\/#article","isPartOf":{"@id":"https:\/\/akunq.net\/turkish\/2010\/10\/16\/celik-hristiyanlara-gavur-demedim\/"},"author":{"name":"kalem","@id":"https:\/\/akunq.net\/turkish\/#\/schema\/person\/135e7923d1aeb8887890799619969a6c"},"headline":"\u00c7elik: Hristiyanlara &#8216;gavur&#8217; demedim","datePublished":"2010-10-16T07:58:55+00:00","mainEntityOfPage":{"@id":"https:\/\/akunq.net\/turkish\/2010\/10\/16\/celik-hristiyanlara-gavur-demedim\/"},"wordCount":265,"commentCount":0,"articleSection":["Haberler"],"inLanguage":"en-US","potentialAction":[{"@type":"CommentAction","name":"Comment","target":["https:\/\/akunq.net\/turkish\/2010\/10\/16\/celik-hristiyanlara-gavur-demedim\/#respond"]}]},{"@type":"WebPage","@id":"https:\/\/akunq.net\/turkish\/2010\/10\/16\/celik-hristiyanlara-gavur-demedim\/","url":"https:\/\/akunq.net\/turkish\/2010\/10\/16\/celik-hristiyanlara-gavur-demedim\/","name":"\u00c7elik: Hristiyanlara 'gavur' demedim - Bati Ermenistan Ve Bati Ermenileri Sorunlari Ara\u015ftirmalar Merkezi","isPartOf":{"@id":"https:\/\/akunq.net\/turkish\/#website"},"datePublished":"2010-10-16T07:58:55+00:00","author":{"@id":"https:\/\/akunq.net\/turkish\/#\/schema\/person\/135e7923d1aeb8887890799619969a6c"},"breadcrumb":{"@id":"https:\/\/akunq.net\/turkish\/2010\/10\/16\/celik-hristiyanlara-gavur-demedim\/#breadcrumb"},"inLanguage":"en-US","potentialAction":[{"@type":"ReadAction","target":["https:\/\/akunq.net\/turkish\/2010\/10\/16\/celik-hristiyanlara-gavur-demedim\/"]}]},{"@type":"BreadcrumbList","@id":"https:\/\/akunq.net\/turkish\/2010\/10\/16\/celik-hristiyanlara-gavur-demedim\/#breadcrumb","itemListElement":[{"@type":"ListItem","position":1,"name":"Home","item":"https:\/\/akunq.net\/turkish\/"},{"@type":"ListItem","position":2,"name":"\u00c7elik: Hristiyanlara &#8216;gavur&#8217; demedim"}]},{"@type":"WebSite","@id":"https:\/\/akunq.net\/turkish\/#website","url":"https:\/\/akunq.net\/turkish\/","name":"Bati Ermenistan Ve Bati Ermenileri Sorunlari Ara\u015ftirmalar Merkezi","description":"","potentialAction":[{"@type":"SearchAction","target":{"@type":"EntryPoint","urlTemplate":"https:\/\/akunq.net\/turkish\/?s={search_term_string}"},"query-input":{"@type":"PropertyValueSpecification","valueRequired":true,"valueName":"search_term_string"}}],"inLanguage":"en-US"},{"@type":"Person","@id":"https:\/\/akunq.net\/turkish\/#\/schema\/person\/135e7923d1aeb8887890799619969a6c","name":"kalem","image":{"@type":"ImageObject","inLanguage":"en-US","@id":"https:\/\/secure.gravatar.com\/avatar\/a06875e4b25feb5674296adf8e8a7ae1e587cebce2493fe63c456109967e27d3?s=96&d=mm&r=g","url":"https:\/\/secure.gravatar.com\/avatar\/a06875e4b25feb5674296adf8e8a7ae1e587cebce2493fe63c456109967e27d3?s=96&d=mm&r=g","contentUrl":"https:\/\/secure.gravatar.com\/avatar\/a06875e4b25feb5674296adf8e8a7ae1e587cebce2493fe63c456109967e27d3?s=96&d=mm&r=g","caption":"kalem"},"url":"https:\/\/akunq.net\/turkish\/author\/kalem\/"}]}},"_links":{"self":[{"href":"https:\/\/akunq.net\/turkish\/wp-json\/wp\/v2\/posts\/2353","targetHints":{"allow":["GET"]}}],"collection":[{"href":"https:\/\/akunq.net\/turkish\/wp-json\/wp\/v2\/posts"}],"about":[{"href":"https:\/\/akunq.net\/turkish\/wp-json\/wp\/v2\/types\/post"}],"author":[{"embeddable":true,"href":"https:\/\/akunq.net\/turkish\/wp-json\/wp\/v2\/users\/3"}],"replies":[{"embeddable":true,"href":"https:\/\/akunq.net\/turkish\/wp-json\/wp\/v2\/comments?post=2353"}],"version-history":[{"count":0,"href":"https:\/\/akunq.net\/turkish\/wp-json\/wp\/v2\/posts\/2353\/revisions"}],"wp:attachment":[{"href":"https:\/\/akunq.net\/turkish\/wp-json\/wp\/v2\/media?parent=2353"}],"wp:term":[{"taxonomy":"category","embeddable":true,"href":"https:\/\/akunq.net\/turkish\/wp-json\/wp\/v2\/categories?post=2353"},{"taxonomy":"post_tag","embeddable":true,"href":"https:\/\/akunq.net\/turkish\/wp-json\/wp\/v2\/tags?post=2353"}],"curies":[{"name":"wp","href":"https:\/\/api.w.org\/{rel}","templated":true}]}}