{"id":2345,"date":"2010-10-14T09:53:20","date_gmt":"2010-10-14T14:53:20","guid":{"rendered":"http:\/\/akunq.net\/tr\/?p=2345"},"modified":"2010-10-14T09:53:20","modified_gmt":"2010-10-14T14:53:20","slug":"bakana-gavur-tepkisi","status":"publish","type":"post","link":"https:\/\/akunq.net\/turkish\/2010\/10\/14\/bakana-gavur-tepkisi\/","title":{"rendered":"Bakana &#8216;gavur&#8217; tepkisi!"},"content":{"rendered":"<p style=\"text-align: justify\">MARD\u0130N\u2019in Midyat \u0130l\u00e7esi\u2019nde S\u00fcryani K\u00fclt\u00fcr Derne\u011fi Ba\u015fkan\u0131 Yuhanna Akta\u015f, Devlet Bakan\u0131 Faruk \u00c7elik\u2019in bir televizyon progman\u0131nda s\u00f6yledi\u011fi, \u201cNiye gavurun dini H\u0131ristiyanl\u0131\u011f\u0131 \u00f6\u011freniyoruz da, Alevili\u011fi \u00f6\u011frenmeyece\u011fiz\u201d s\u00f6zlerine tepki g\u00f6sterdi. Akta\u015f, Bakan \u00c7elik\u2019in T\u00fcrkiye\u2019de ya\u015fayan H\u0131ristiyanlardan \u00f6z\u00fcr dilemesini istedi.<\/p>\n<p>Diyanet \u0130\u015fleri Ba\u015fkanl\u0131\u011f\u0131\u2019ndan sorumlu Devlet Bakan\u0131 Faruk \u00c7elik, kat\u0131ld\u0131\u011f\u0131 bir televizyon program\u0131nda Alevilik ve zorunlu din dersi ile d\u00fc\u015f\u00fcncelerini a\u00e7\u0131klarken, \u201cNiye gavurun dini H\u0131ristiyanl\u0131\u011f\u0131 \u00f6\u011freniyoruz da, Alevili\u011fi \u00f6\u011frenmeyece\u011fiz\u201d dedi\u011fi iddia edildi.<\/p>\n<p>Midyat S\u00fcryani K\u00fclt\u00fcr Derne\u011fi Ba\u015fkan\u0131 Yuhanna Akta\u015f, Bakan \u00c7elik&#8217;in Alevilerin hakl\u0131 taleplerini bast\u0131rmak i\u00e7in, H\u0131ristiyanlar\u0131 a\u015fa\u011f\u0131lad\u0131\u011f\u0131n\u0131 ileri s\u00fcr\u00fcrek, s\u00f6zlerin kendilerini ve kadim bir din olan H\u0131ristiyanl\u0131\u011f\u0131 rencide etti\u011fini s\u00f6yledi. Rahibeler ile ilgili yapt\u0131klar\u0131 a\u00e7\u0131klamalar nedeniyle Say\u0131n Ba\u015fbakan Erdo\u011fan ile ana muhalefet partisi CHP Genel Ba\u015fkan\u0131 K\u0131l\u0131\u00e7daro\u011flu&#8217;nun da \u00f6z\u00fcr borcu oldu\u011fu kaydeden Akta\u015f, \u015f\u00f6yle konu\u015ftu:<br \/>\n\u201cReferandum \u00f6ncesinde mitinglerde Ba\u015fbakan Recep Tayyip Erdo\u011fan ve CHP Genel Ba\u015fkan\u0131 Kemal K\u0131l\u0131\u00e7daro\u011flu, bizim a\u00e7\u0131m\u0131zdan \u00f6nemli bir de\u011feri olan rahibelerimizin giydi\u011fi k\u0131yafeti ele\u015ftirerek, siyasette malzeme olarak kullanm\u0131\u015flard\u0131r. Hepimiz bu a\u00e7\u0131klama ile Bakan Faruk \u00c7elik&#8217;in bilin\u00e7alt\u0131nda M\u00fcsl\u00fcman olmayanlara kar\u015f\u0131 nelerin yatt\u0131\u011f\u0131n\u0131 g\u00f6rd\u00fck. Bu zihniyeti k\u0131n\u0131yoruz. Say\u0131n \u00c7elik bilmelidir ki H\u0131ristiyanl\u0131k kadim bir dindir. Ayr\u0131ca Say\u0131n \u00c7elik&#8217;ten, bize \u2018gavur\u2019 diyece\u011fine MEB m\u00fcfredat\u0131nda H\u0131ristiyanl\u0131kla ilgili yanl\u0131\u015f ve a\u015fa\u011f\u0131lay\u0131c\u0131 bilgileri kald\u0131rmas\u0131n\u0131 arzu ederdik. Bakan\u0131, bu talihsiz a\u00e7\u0131klamalar\u0131ndan dolay\u0131 \u00fclkemizdeki H\u0131ristiyanlardan \u00f6z\u00fcr dilemesini istiyoruz.\u201d<\/p>\n<p style=\"text-align: justify\"><strong>\u00a0<\/strong><strong><em>Kaynak: gazetevatan.com<br \/>\nTarih: 14.10.2010<\/em><\/strong><\/p>\n","protected":false},"excerpt":{"rendered":"<p>MARD\u0130N\u2019in Midyat \u0130l\u00e7esi\u2019nde S\u00fcryani K\u00fclt\u00fcr Derne\u011fi Ba\u015fkan\u0131 Yuhanna Akta\u015f, Devlet Bakan\u0131 Faruk \u00c7elik\u2019in bir televizyon progman\u0131nda s\u00f6yledi\u011fi, \u201cNiye gavurun dini H\u0131ristiyanl\u0131\u011f\u0131 \u00f6\u011freniyoruz da, Alevili\u011fi \u00f6\u011frenmeyece\u011fiz\u201d s\u00f6zlerine tepki g\u00f6sterdi. Akta\u015f, Bakan \u00c7elik\u2019in T\u00fcrkiye\u2019de ya\u015fayan H\u0131ristiyanlardan \u00f6z\u00fcr dilemesini istedi. Diyanet \u0130\u015fleri Ba\u015fkanl\u0131\u011f\u0131\u2019ndan sorumlu Devlet Bakan\u0131 Faruk \u00c7elik, kat\u0131ld\u0131\u011f\u0131 bir televizyon program\u0131nda Alevilik ve zorunlu din dersi ile [&hellip;]<\/p>\n","protected":false},"author":3,"featured_media":0,"comment_status":"open","ping_status":"open","sticky":false,"template":"","format":"standard","meta":{"footnotes":""},"categories":[14],"tags":[],"class_list":["post-2345","post","type-post","status-publish","format-standard","hentry","category-haberler"],"yoast_head":"<!-- This site is optimized with the Yoast SEO plugin v27.4 - https:\/\/yoast.com\/product\/yoast-seo-wordpress\/ -->\n<title>Bakana &#039;gavur&#039; tepkisi! - Bati Ermenistan Ve Bati Ermenileri Sorunlari Ara\u015ftirmalar Merkezi<\/title>\n<meta name=\"robots\" content=\"index, follow, max-snippet:-1, max-image-preview:large, max-video-preview:-1\" \/>\n<link rel=\"canonical\" href=\"https:\/\/akunq.net\/turkish\/2010\/10\/14\/bakana-gavur-tepkisi\/\" \/>\n<meta property=\"og:locale\" content=\"en_US\" \/>\n<meta property=\"og:type\" content=\"article\" \/>\n<meta property=\"og:title\" content=\"Bakana &#039;gavur&#039; tepkisi! - Bati Ermenistan Ve Bati Ermenileri Sorunlari Ara\u015ftirmalar Merkezi\" \/>\n<meta property=\"og:description\" content=\"MARD\u0130N\u2019in Midyat \u0130l\u00e7esi\u2019nde S\u00fcryani K\u00fclt\u00fcr Derne\u011fi Ba\u015fkan\u0131 Yuhanna Akta\u015f, Devlet Bakan\u0131 Faruk \u00c7elik\u2019in bir televizyon progman\u0131nda s\u00f6yledi\u011fi, \u201cNiye gavurun dini H\u0131ristiyanl\u0131\u011f\u0131 \u00f6\u011freniyoruz da, Alevili\u011fi \u00f6\u011frenmeyece\u011fiz\u201d s\u00f6zlerine tepki g\u00f6sterdi. Akta\u015f, Bakan \u00c7elik\u2019in T\u00fcrkiye\u2019de ya\u015fayan H\u0131ristiyanlardan \u00f6z\u00fcr dilemesini istedi. Diyanet \u0130\u015fleri Ba\u015fkanl\u0131\u011f\u0131\u2019ndan sorumlu Devlet Bakan\u0131 Faruk \u00c7elik, kat\u0131ld\u0131\u011f\u0131 bir televizyon program\u0131nda Alevilik ve zorunlu din dersi ile [&hellip;]\" \/>\n<meta property=\"og:url\" content=\"https:\/\/akunq.net\/turkish\/2010\/10\/14\/bakana-gavur-tepkisi\/\" \/>\n<meta property=\"og:site_name\" content=\"Bati Ermenistan Ve Bati Ermenileri Sorunlari Ara\u015ftirmalar Merkezi\" \/>\n<meta property=\"article:published_time\" content=\"2010-10-14T14:53:20+00:00\" \/>\n<meta name=\"author\" content=\"kalem\" \/>\n<meta name=\"twitter:card\" content=\"summary_large_image\" \/>\n<meta name=\"twitter:label1\" content=\"Written by\" \/>\n\t<meta name=\"twitter:data1\" content=\"kalem\" \/>\n\t<meta name=\"twitter:label2\" content=\"Est. reading time\" \/>\n\t<meta name=\"twitter:data2\" content=\"2 minutes\" \/>\n<script type=\"application\/ld+json\" class=\"yoast-schema-graph\">{\"@context\":\"https:\\\/\\\/schema.org\",\"@graph\":[{\"@type\":\"Article\",\"@id\":\"https:\\\/\\\/akunq.net\\\/turkish\\\/2010\\\/10\\\/14\\\/bakana-gavur-tepkisi\\\/#article\",\"isPartOf\":{\"@id\":\"https:\\\/\\\/akunq.net\\\/turkish\\\/2010\\\/10\\\/14\\\/bakana-gavur-tepkisi\\\/\"},\"author\":{\"name\":\"kalem\",\"@id\":\"https:\\\/\\\/akunq.net\\\/turkish\\\/#\\\/schema\\\/person\\\/135e7923d1aeb8887890799619969a6c\"},\"headline\":\"Bakana &#8216;gavur&#8217; tepkisi!\",\"datePublished\":\"2010-10-14T14:53:20+00:00\",\"mainEntityOfPage\":{\"@id\":\"https:\\\/\\\/akunq.net\\\/turkish\\\/2010\\\/10\\\/14\\\/bakana-gavur-tepkisi\\\/\"},\"wordCount\":314,\"commentCount\":0,\"articleSection\":[\"Haberler\"],\"inLanguage\":\"en-US\",\"potentialAction\":[{\"@type\":\"CommentAction\",\"name\":\"Comment\",\"target\":[\"https:\\\/\\\/akunq.net\\\/turkish\\\/2010\\\/10\\\/14\\\/bakana-gavur-tepkisi\\\/#respond\"]}]},{\"@type\":\"WebPage\",\"@id\":\"https:\\\/\\\/akunq.net\\\/turkish\\\/2010\\\/10\\\/14\\\/bakana-gavur-tepkisi\\\/\",\"url\":\"https:\\\/\\\/akunq.net\\\/turkish\\\/2010\\\/10\\\/14\\\/bakana-gavur-tepkisi\\\/\",\"name\":\"Bakana 'gavur' tepkisi! - Bati Ermenistan Ve Bati Ermenileri Sorunlari Ara\u015ftirmalar Merkezi\",\"isPartOf\":{\"@id\":\"https:\\\/\\\/akunq.net\\\/turkish\\\/#website\"},\"datePublished\":\"2010-10-14T14:53:20+00:00\",\"author\":{\"@id\":\"https:\\\/\\\/akunq.net\\\/turkish\\\/#\\\/schema\\\/person\\\/135e7923d1aeb8887890799619969a6c\"},\"breadcrumb\":{\"@id\":\"https:\\\/\\\/akunq.net\\\/turkish\\\/2010\\\/10\\\/14\\\/bakana-gavur-tepkisi\\\/#breadcrumb\"},\"inLanguage\":\"en-US\",\"potentialAction\":[{\"@type\":\"ReadAction\",\"target\":[\"https:\\\/\\\/akunq.net\\\/turkish\\\/2010\\\/10\\\/14\\\/bakana-gavur-tepkisi\\\/\"]}]},{\"@type\":\"BreadcrumbList\",\"@id\":\"https:\\\/\\\/akunq.net\\\/turkish\\\/2010\\\/10\\\/14\\\/bakana-gavur-tepkisi\\\/#breadcrumb\",\"itemListElement\":[{\"@type\":\"ListItem\",\"position\":1,\"name\":\"Home\",\"item\":\"https:\\\/\\\/akunq.net\\\/turkish\\\/\"},{\"@type\":\"ListItem\",\"position\":2,\"name\":\"Bakana &#8216;gavur&#8217; tepkisi!\"}]},{\"@type\":\"WebSite\",\"@id\":\"https:\\\/\\\/akunq.net\\\/turkish\\\/#website\",\"url\":\"https:\\\/\\\/akunq.net\\\/turkish\\\/\",\"name\":\"Bati Ermenistan Ve Bati Ermenileri Sorunlari Ara\u015ftirmalar Merkezi\",\"description\":\"\",\"potentialAction\":[{\"@type\":\"SearchAction\",\"target\":{\"@type\":\"EntryPoint\",\"urlTemplate\":\"https:\\\/\\\/akunq.net\\\/turkish\\\/?s={search_term_string}\"},\"query-input\":{\"@type\":\"PropertyValueSpecification\",\"valueRequired\":true,\"valueName\":\"search_term_string\"}}],\"inLanguage\":\"en-US\"},{\"@type\":\"Person\",\"@id\":\"https:\\\/\\\/akunq.net\\\/turkish\\\/#\\\/schema\\\/person\\\/135e7923d1aeb8887890799619969a6c\",\"name\":\"kalem\",\"image\":{\"@type\":\"ImageObject\",\"inLanguage\":\"en-US\",\"@id\":\"https:\\\/\\\/secure.gravatar.com\\\/avatar\\\/a06875e4b25feb5674296adf8e8a7ae1e587cebce2493fe63c456109967e27d3?s=96&d=mm&r=g\",\"url\":\"https:\\\/\\\/secure.gravatar.com\\\/avatar\\\/a06875e4b25feb5674296adf8e8a7ae1e587cebce2493fe63c456109967e27d3?s=96&d=mm&r=g\",\"contentUrl\":\"https:\\\/\\\/secure.gravatar.com\\\/avatar\\\/a06875e4b25feb5674296adf8e8a7ae1e587cebce2493fe63c456109967e27d3?s=96&d=mm&r=g\",\"caption\":\"kalem\"},\"url\":\"https:\\\/\\\/akunq.net\\\/turkish\\\/author\\\/kalem\\\/\"}]}<\/script>\n<!-- \/ Yoast SEO plugin. -->","yoast_head_json":{"title":"Bakana 'gavur' tepkisi! - Bati Ermenistan Ve Bati Ermenileri Sorunlari Ara\u015ftirmalar Merkezi","robots":{"index":"index","follow":"follow","max-snippet":"max-snippet:-1","max-image-preview":"max-image-preview:large","max-video-preview":"max-video-preview:-1"},"canonical":"https:\/\/akunq.net\/turkish\/2010\/10\/14\/bakana-gavur-tepkisi\/","og_locale":"en_US","og_type":"article","og_title":"Bakana 'gavur' tepkisi! - Bati Ermenistan Ve Bati Ermenileri Sorunlari Ara\u015ftirmalar Merkezi","og_description":"MARD\u0130N\u2019in Midyat \u0130l\u00e7esi\u2019nde S\u00fcryani K\u00fclt\u00fcr Derne\u011fi Ba\u015fkan\u0131 Yuhanna Akta\u015f, Devlet Bakan\u0131 Faruk \u00c7elik\u2019in bir televizyon progman\u0131nda s\u00f6yledi\u011fi, \u201cNiye gavurun dini H\u0131ristiyanl\u0131\u011f\u0131 \u00f6\u011freniyoruz da, Alevili\u011fi \u00f6\u011frenmeyece\u011fiz\u201d s\u00f6zlerine tepki g\u00f6sterdi. Akta\u015f, Bakan \u00c7elik\u2019in T\u00fcrkiye\u2019de ya\u015fayan H\u0131ristiyanlardan \u00f6z\u00fcr dilemesini istedi. Diyanet \u0130\u015fleri Ba\u015fkanl\u0131\u011f\u0131\u2019ndan sorumlu Devlet Bakan\u0131 Faruk \u00c7elik, kat\u0131ld\u0131\u011f\u0131 bir televizyon program\u0131nda Alevilik ve zorunlu din dersi ile [&hellip;]","og_url":"https:\/\/akunq.net\/turkish\/2010\/10\/14\/bakana-gavur-tepkisi\/","og_site_name":"Bati Ermenistan Ve Bati Ermenileri Sorunlari Ara\u015ftirmalar Merkezi","article_published_time":"2010-10-14T14:53:20+00:00","author":"kalem","twitter_card":"summary_large_image","twitter_misc":{"Written by":"kalem","Est. reading time":"2 minutes"},"schema":{"@context":"https:\/\/schema.org","@graph":[{"@type":"Article","@id":"https:\/\/akunq.net\/turkish\/2010\/10\/14\/bakana-gavur-tepkisi\/#article","isPartOf":{"@id":"https:\/\/akunq.net\/turkish\/2010\/10\/14\/bakana-gavur-tepkisi\/"},"author":{"name":"kalem","@id":"https:\/\/akunq.net\/turkish\/#\/schema\/person\/135e7923d1aeb8887890799619969a6c"},"headline":"Bakana &#8216;gavur&#8217; tepkisi!","datePublished":"2010-10-14T14:53:20+00:00","mainEntityOfPage":{"@id":"https:\/\/akunq.net\/turkish\/2010\/10\/14\/bakana-gavur-tepkisi\/"},"wordCount":314,"commentCount":0,"articleSection":["Haberler"],"inLanguage":"en-US","potentialAction":[{"@type":"CommentAction","name":"Comment","target":["https:\/\/akunq.net\/turkish\/2010\/10\/14\/bakana-gavur-tepkisi\/#respond"]}]},{"@type":"WebPage","@id":"https:\/\/akunq.net\/turkish\/2010\/10\/14\/bakana-gavur-tepkisi\/","url":"https:\/\/akunq.net\/turkish\/2010\/10\/14\/bakana-gavur-tepkisi\/","name":"Bakana 'gavur' tepkisi! - Bati Ermenistan Ve Bati Ermenileri Sorunlari Ara\u015ftirmalar Merkezi","isPartOf":{"@id":"https:\/\/akunq.net\/turkish\/#website"},"datePublished":"2010-10-14T14:53:20+00:00","author":{"@id":"https:\/\/akunq.net\/turkish\/#\/schema\/person\/135e7923d1aeb8887890799619969a6c"},"breadcrumb":{"@id":"https:\/\/akunq.net\/turkish\/2010\/10\/14\/bakana-gavur-tepkisi\/#breadcrumb"},"inLanguage":"en-US","potentialAction":[{"@type":"ReadAction","target":["https:\/\/akunq.net\/turkish\/2010\/10\/14\/bakana-gavur-tepkisi\/"]}]},{"@type":"BreadcrumbList","@id":"https:\/\/akunq.net\/turkish\/2010\/10\/14\/bakana-gavur-tepkisi\/#breadcrumb","itemListElement":[{"@type":"ListItem","position":1,"name":"Home","item":"https:\/\/akunq.net\/turkish\/"},{"@type":"ListItem","position":2,"name":"Bakana &#8216;gavur&#8217; tepkisi!"}]},{"@type":"WebSite","@id":"https:\/\/akunq.net\/turkish\/#website","url":"https:\/\/akunq.net\/turkish\/","name":"Bati Ermenistan Ve Bati Ermenileri Sorunlari Ara\u015ftirmalar Merkezi","description":"","potentialAction":[{"@type":"SearchAction","target":{"@type":"EntryPoint","urlTemplate":"https:\/\/akunq.net\/turkish\/?s={search_term_string}"},"query-input":{"@type":"PropertyValueSpecification","valueRequired":true,"valueName":"search_term_string"}}],"inLanguage":"en-US"},{"@type":"Person","@id":"https:\/\/akunq.net\/turkish\/#\/schema\/person\/135e7923d1aeb8887890799619969a6c","name":"kalem","image":{"@type":"ImageObject","inLanguage":"en-US","@id":"https:\/\/secure.gravatar.com\/avatar\/a06875e4b25feb5674296adf8e8a7ae1e587cebce2493fe63c456109967e27d3?s=96&d=mm&r=g","url":"https:\/\/secure.gravatar.com\/avatar\/a06875e4b25feb5674296adf8e8a7ae1e587cebce2493fe63c456109967e27d3?s=96&d=mm&r=g","contentUrl":"https:\/\/secure.gravatar.com\/avatar\/a06875e4b25feb5674296adf8e8a7ae1e587cebce2493fe63c456109967e27d3?s=96&d=mm&r=g","caption":"kalem"},"url":"https:\/\/akunq.net\/turkish\/author\/kalem\/"}]}},"_links":{"self":[{"href":"https:\/\/akunq.net\/turkish\/wp-json\/wp\/v2\/posts\/2345","targetHints":{"allow":["GET"]}}],"collection":[{"href":"https:\/\/akunq.net\/turkish\/wp-json\/wp\/v2\/posts"}],"about":[{"href":"https:\/\/akunq.net\/turkish\/wp-json\/wp\/v2\/types\/post"}],"author":[{"embeddable":true,"href":"https:\/\/akunq.net\/turkish\/wp-json\/wp\/v2\/users\/3"}],"replies":[{"embeddable":true,"href":"https:\/\/akunq.net\/turkish\/wp-json\/wp\/v2\/comments?post=2345"}],"version-history":[{"count":0,"href":"https:\/\/akunq.net\/turkish\/wp-json\/wp\/v2\/posts\/2345\/revisions"}],"wp:attachment":[{"href":"https:\/\/akunq.net\/turkish\/wp-json\/wp\/v2\/media?parent=2345"}],"wp:term":[{"taxonomy":"category","embeddable":true,"href":"https:\/\/akunq.net\/turkish\/wp-json\/wp\/v2\/categories?post=2345"},{"taxonomy":"post_tag","embeddable":true,"href":"https:\/\/akunq.net\/turkish\/wp-json\/wp\/v2\/tags?post=2345"}],"curies":[{"name":"wp","href":"https:\/\/api.w.org\/{rel}","templated":true}]}}