{"id":2341,"date":"2010-10-14T05:50:50","date_gmt":"2010-10-14T10:50:50","guid":{"rendered":"http:\/\/akunq.net\/tr\/?p=2341"},"modified":"2010-10-14T05:50:50","modified_gmt":"2010-10-14T10:50:50","slug":"ermenilerin-turkiyeye-toplu-geri-donme-plani","status":"publish","type":"post","link":"https:\/\/akunq.net\/turkish\/2010\/10\/14\/ermenilerin-turkiyeye-toplu-geri-donme-plani\/","title":{"rendered":"Ermeniler\u2019in T\u00fcrkiye\u2019ye Toplu Geri D\u00f6nme Plan\u0131"},"content":{"rendered":"<p style=\"text-align: justify\">21. Y\u00fczy\u0131l Dergisi\u2019nin Ekim 2010 tarihli 22. Say\u0131s\u0131nda yer alan \u201cDiaspora Ermeniler\u2019in T\u00fcrkiye Cumhuriyeti\u2019ne Toplu Geri D\u00f6nebilme M\u00fccadelesi\u201d isimli makale, g\u00fcndeme oturdu. Mehmet \u015e\u00fckr\u00fc G\u00fczel makalesinde, Ermenilerin ABD\u2019de a\u00e7t\u0131\u011f\u0131 davalar\u0131, Ermenilerin g\u00fcndeme getirmek istedikleri tezleri ve hedefleri ile birlikte incelemekte ve Temmuz 2010\u2019da a\u00e7\u0131lan Davoyan Davas\u0131\u2019n\u0131 1925\u2019de benzer bir giri\u015fimde bulunan Essayan\u2019\u0131n davas\u0131n\u0131n ak\u0131beti \u00e7er\u00e7evesinde analiz etmektedir. T\u00fcrkiye aleyhine ABD\u2019de a\u00e7\u0131lan davalarda T\u00fcrk taraf\u0131n\u0131 savunan hukuk firmas\u0131n\u0131n ortaklar\u0131ndan G\u00fcnay Evin\u00e7\u2019in Ermenilerin, 1915 olaylar\u0131n\u0131n &#8220;soyk\u0131r\u0131m&#8221; olarak tan\u0131nmas\u0131na y\u00f6nelik davalardan sonu\u00e7 alamamalar\u0131 \u00fczerine, do\u011frudan &#8220;tazminat&#8221; taleplerine y\u00f6nelik davalara ba\u015flad\u0131klar\u0131n\u0131 ifade etmesi, Mehmet \u015e\u00fckr\u00fc G\u00fczel\u2019in ABD\u2019de a\u00e7\u0131lan davan\u0131n g\u00f6r\u00fcnd\u00fc\u011f\u00fc gibi ekonomik ama\u00e7lar\u0131 olan bir dava olmad\u0131\u011f\u0131 analizleri ile \u00f6rt\u00fc\u015fmektedir.<br \/>\nABD&#8217;de \u00f6zellikle son y\u0131llarda ba\u015fta ter\u00f6r \u00f6rg\u00fct\u00fc PKK, K\u0131br\u0131s ve Ermenistan konular\u0131nda T\u00fcrkiye aleyhinde a\u00e7\u0131lan davalarda T\u00fcrk taraf\u0131n\u0131 savunan Saltzman &amp; Evinch hukuk firmas\u0131n\u0131n ortaklar\u0131ndan, T\u00fcrk-Amerikan Dernekleri Asamblesi (ATAA) Ba\u015fkan\u0131 G\u00fcnay Evin\u00e7 ve David Saltzman, bu davalarla ilgili olarak Washington&#8217;da bas\u0131n toplant\u0131s\u0131 d\u00fczenledi.[i] Toplant\u0131da G\u00fcnay Evin\u00e7, ABD&#8217;deki Ermeniler taraf\u0131ndan, 1915 olaylar\u0131nda m\u00fclklerine el konuldu\u011funu iddia edenlerin varislerine tazminat talebiyle T\u00fcrkiye Devleti, Merkez Bankas\u0131 ve Ziraat Bankas\u0131&#8217;na kar\u015f\u0131 ge\u00e7en Temmuz ay\u0131nda a\u00e7\u0131lan &#8220;Davoyan davas\u0131&#8221;n\u0131 da de\u011ferlendirdi. Evin\u00e7, ABD&#8217;deki Ermeni diasporas\u0131n\u0131n 2015 pani\u011fi ya\u015fad\u0131\u011f\u0131n\u0131 kaydederek \u201c 2015 y\u0131l\u0131 yakla\u015f\u0131yor ve bug\u00fcne kadar federal seviyede 1915 olaylar\u0131 &#8216;soyk\u0131r\u0131m&#8217; olarak tan\u0131nmad\u0131, panik i\u00e7indeler.&#8221; dedi. Evin\u00e7, davac\u0131lar\u0131n, mahkeme s\u00fcrecini s\u00f6m\u00fcr\u00fcp, federal seviyede bir sempati yaratarak, Kongre&#8217;de Ermeni tasar\u0131s\u0131n\u0131n kabul edilmesini sa\u011flamak ya da ABD Ba\u015fkan\u0131 Barack Obama&#8217;ya &#8220;soyk\u0131r\u0131m&#8221; ifadesini kulland\u0131rtmay\u0131 ama\u00e7lad\u0131\u011f\u0131n\u0131 s\u00f6yledi.<\/p>\n<p>Konuyla ilgili Mehmet \u015e\u00fckr\u00fc G\u00fczel de, 21. Y\u00fczy\u0131l Dergisi\u2019nin Ekim 2010 say\u0131s\u0131ndaki \u201cDiaspora Ermeniler\u2019in T\u00fcrkiye Cumhuriyeti\u2019ne Toplu Geri D\u00f6nebilme M\u00fccadelesi\u201d isimli makalesinde, Davoyan Davas\u0131\u2019n\u0131 de\u011ferlendirmektedir. G\u00fczel, Davoyan Davas\u0131\u2019n\u0131 Lozan Anla\u015fmas\u0131\u2019n\u0131n delinerek \u201cgenel af\u201d konusunun g\u00fcndeme ta\u015f\u0131nmas\u0131 giri\u015fimi olarak de\u011ferlendirmektedir. Davan\u0131n en \u00f6nemli hedefinin \u201cme\u015fru aidiyet tezi\u201dne i\u015flerlik kazand\u0131rmak amac\u0131yla Ermenileri TC vatanda\u015f\u0131 yapmak oldu\u011funu ifade eden G\u00fczel\u2019in makalesi 21. Y\u00fczy\u0131l Dergisi\u2019nin Ekim 2010 tarihli say\u0131s\u0131ndad\u0131r.<\/p>\n<p style=\"text-align: justify\"><strong>\u00a0<\/strong><strong>Kaynak:<\/strong> 21yyte.org<br \/>\n<strong>Tarih:<\/strong> 14.10.2010<\/p>\n","protected":false},"excerpt":{"rendered":"<p>21. Y\u00fczy\u0131l Dergisi\u2019nin Ekim 2010 tarihli 22. Say\u0131s\u0131nda yer alan \u201cDiaspora Ermeniler\u2019in T\u00fcrkiye Cumhuriyeti\u2019ne Toplu Geri D\u00f6nebilme M\u00fccadelesi\u201d isimli makale, g\u00fcndeme oturdu. Mehmet \u015e\u00fckr\u00fc G\u00fczel makalesinde, Ermenilerin ABD\u2019de a\u00e7t\u0131\u011f\u0131 davalar\u0131, Ermenilerin g\u00fcndeme getirmek istedikleri tezleri ve hedefleri ile birlikte incelemekte ve Temmuz 2010\u2019da a\u00e7\u0131lan Davoyan Davas\u0131\u2019n\u0131 1925\u2019de benzer bir giri\u015fimde bulunan Essayan\u2019\u0131n davas\u0131n\u0131n ak\u0131beti \u00e7er\u00e7evesinde [&hellip;]<\/p>\n","protected":false},"author":3,"featured_media":0,"comment_status":"open","ping_status":"open","sticky":false,"template":"","format":"standard","meta":{"footnotes":""},"categories":[14],"tags":[],"class_list":["post-2341","post","type-post","status-publish","format-standard","hentry","category-haberler"],"yoast_head":"<!-- This site is optimized with the Yoast SEO plugin v27.4 - https:\/\/yoast.com\/product\/yoast-seo-wordpress\/ -->\n<title>Ermeniler\u2019in T\u00fcrkiye\u2019ye Toplu Geri D\u00f6nme Plan\u0131 - Bati Ermenistan Ve Bati Ermenileri Sorunlari Ara\u015ftirmalar Merkezi<\/title>\n<meta name=\"robots\" content=\"index, follow, max-snippet:-1, max-image-preview:large, max-video-preview:-1\" \/>\n<link rel=\"canonical\" href=\"https:\/\/akunq.net\/turkish\/2010\/10\/14\/ermenilerin-turkiyeye-toplu-geri-donme-plani\/\" \/>\n<meta property=\"og:locale\" content=\"en_US\" \/>\n<meta property=\"og:type\" content=\"article\" \/>\n<meta property=\"og:title\" content=\"Ermeniler\u2019in T\u00fcrkiye\u2019ye Toplu Geri D\u00f6nme Plan\u0131 - Bati Ermenistan Ve Bati Ermenileri Sorunlari Ara\u015ftirmalar Merkezi\" \/>\n<meta property=\"og:description\" content=\"21. Y\u00fczy\u0131l Dergisi\u2019nin Ekim 2010 tarihli 22. Say\u0131s\u0131nda yer alan \u201cDiaspora Ermeniler\u2019in T\u00fcrkiye Cumhuriyeti\u2019ne Toplu Geri D\u00f6nebilme M\u00fccadelesi\u201d isimli makale, g\u00fcndeme oturdu. Mehmet \u015e\u00fckr\u00fc G\u00fczel makalesinde, Ermenilerin ABD\u2019de a\u00e7t\u0131\u011f\u0131 davalar\u0131, Ermenilerin g\u00fcndeme getirmek istedikleri tezleri ve hedefleri ile birlikte incelemekte ve Temmuz 2010\u2019da a\u00e7\u0131lan Davoyan Davas\u0131\u2019n\u0131 1925\u2019de benzer bir giri\u015fimde bulunan Essayan\u2019\u0131n davas\u0131n\u0131n ak\u0131beti \u00e7er\u00e7evesinde [&hellip;]\" \/>\n<meta property=\"og:url\" content=\"https:\/\/akunq.net\/turkish\/2010\/10\/14\/ermenilerin-turkiyeye-toplu-geri-donme-plani\/\" \/>\n<meta property=\"og:site_name\" content=\"Bati Ermenistan Ve Bati Ermenileri Sorunlari Ara\u015ftirmalar Merkezi\" \/>\n<meta property=\"article:published_time\" content=\"2010-10-14T10:50:50+00:00\" \/>\n<meta name=\"author\" content=\"kalem\" \/>\n<meta name=\"twitter:card\" content=\"summary_large_image\" \/>\n<meta name=\"twitter:label1\" content=\"Written by\" \/>\n\t<meta name=\"twitter:data1\" content=\"kalem\" \/>\n\t<meta name=\"twitter:label2\" content=\"Est. reading time\" \/>\n\t<meta name=\"twitter:data2\" content=\"2 minutes\" \/>\n<script type=\"application\/ld+json\" class=\"yoast-schema-graph\">{\"@context\":\"https:\\\/\\\/schema.org\",\"@graph\":[{\"@type\":\"Article\",\"@id\":\"https:\\\/\\\/akunq.net\\\/turkish\\\/2010\\\/10\\\/14\\\/ermenilerin-turkiyeye-toplu-geri-donme-plani\\\/#article\",\"isPartOf\":{\"@id\":\"https:\\\/\\\/akunq.net\\\/turkish\\\/2010\\\/10\\\/14\\\/ermenilerin-turkiyeye-toplu-geri-donme-plani\\\/\"},\"author\":{\"name\":\"kalem\",\"@id\":\"https:\\\/\\\/akunq.net\\\/turkish\\\/#\\\/schema\\\/person\\\/135e7923d1aeb8887890799619969a6c\"},\"headline\":\"Ermeniler\u2019in T\u00fcrkiye\u2019ye Toplu Geri D\u00f6nme Plan\u0131\",\"datePublished\":\"2010-10-14T10:50:50+00:00\",\"mainEntityOfPage\":{\"@id\":\"https:\\\/\\\/akunq.net\\\/turkish\\\/2010\\\/10\\\/14\\\/ermenilerin-turkiyeye-toplu-geri-donme-plani\\\/\"},\"wordCount\":453,\"commentCount\":0,\"articleSection\":[\"Haberler\"],\"inLanguage\":\"en-US\",\"potentialAction\":[{\"@type\":\"CommentAction\",\"name\":\"Comment\",\"target\":[\"https:\\\/\\\/akunq.net\\\/turkish\\\/2010\\\/10\\\/14\\\/ermenilerin-turkiyeye-toplu-geri-donme-plani\\\/#respond\"]}]},{\"@type\":\"WebPage\",\"@id\":\"https:\\\/\\\/akunq.net\\\/turkish\\\/2010\\\/10\\\/14\\\/ermenilerin-turkiyeye-toplu-geri-donme-plani\\\/\",\"url\":\"https:\\\/\\\/akunq.net\\\/turkish\\\/2010\\\/10\\\/14\\\/ermenilerin-turkiyeye-toplu-geri-donme-plani\\\/\",\"name\":\"Ermeniler\u2019in T\u00fcrkiye\u2019ye Toplu Geri D\u00f6nme Plan\u0131 - Bati Ermenistan Ve Bati Ermenileri Sorunlari Ara\u015ftirmalar Merkezi\",\"isPartOf\":{\"@id\":\"https:\\\/\\\/akunq.net\\\/turkish\\\/#website\"},\"datePublished\":\"2010-10-14T10:50:50+00:00\",\"author\":{\"@id\":\"https:\\\/\\\/akunq.net\\\/turkish\\\/#\\\/schema\\\/person\\\/135e7923d1aeb8887890799619969a6c\"},\"breadcrumb\":{\"@id\":\"https:\\\/\\\/akunq.net\\\/turkish\\\/2010\\\/10\\\/14\\\/ermenilerin-turkiyeye-toplu-geri-donme-plani\\\/#breadcrumb\"},\"inLanguage\":\"en-US\",\"potentialAction\":[{\"@type\":\"ReadAction\",\"target\":[\"https:\\\/\\\/akunq.net\\\/turkish\\\/2010\\\/10\\\/14\\\/ermenilerin-turkiyeye-toplu-geri-donme-plani\\\/\"]}]},{\"@type\":\"BreadcrumbList\",\"@id\":\"https:\\\/\\\/akunq.net\\\/turkish\\\/2010\\\/10\\\/14\\\/ermenilerin-turkiyeye-toplu-geri-donme-plani\\\/#breadcrumb\",\"itemListElement\":[{\"@type\":\"ListItem\",\"position\":1,\"name\":\"Home\",\"item\":\"https:\\\/\\\/akunq.net\\\/turkish\\\/\"},{\"@type\":\"ListItem\",\"position\":2,\"name\":\"Ermeniler\u2019in T\u00fcrkiye\u2019ye Toplu Geri D\u00f6nme Plan\u0131\"}]},{\"@type\":\"WebSite\",\"@id\":\"https:\\\/\\\/akunq.net\\\/turkish\\\/#website\",\"url\":\"https:\\\/\\\/akunq.net\\\/turkish\\\/\",\"name\":\"Bati Ermenistan Ve Bati Ermenileri Sorunlari Ara\u015ftirmalar Merkezi\",\"description\":\"\",\"potentialAction\":[{\"@type\":\"SearchAction\",\"target\":{\"@type\":\"EntryPoint\",\"urlTemplate\":\"https:\\\/\\\/akunq.net\\\/turkish\\\/?s={search_term_string}\"},\"query-input\":{\"@type\":\"PropertyValueSpecification\",\"valueRequired\":true,\"valueName\":\"search_term_string\"}}],\"inLanguage\":\"en-US\"},{\"@type\":\"Person\",\"@id\":\"https:\\\/\\\/akunq.net\\\/turkish\\\/#\\\/schema\\\/person\\\/135e7923d1aeb8887890799619969a6c\",\"name\":\"kalem\",\"image\":{\"@type\":\"ImageObject\",\"inLanguage\":\"en-US\",\"@id\":\"https:\\\/\\\/secure.gravatar.com\\\/avatar\\\/a06875e4b25feb5674296adf8e8a7ae1e587cebce2493fe63c456109967e27d3?s=96&d=mm&r=g\",\"url\":\"https:\\\/\\\/secure.gravatar.com\\\/avatar\\\/a06875e4b25feb5674296adf8e8a7ae1e587cebce2493fe63c456109967e27d3?s=96&d=mm&r=g\",\"contentUrl\":\"https:\\\/\\\/secure.gravatar.com\\\/avatar\\\/a06875e4b25feb5674296adf8e8a7ae1e587cebce2493fe63c456109967e27d3?s=96&d=mm&r=g\",\"caption\":\"kalem\"},\"url\":\"https:\\\/\\\/akunq.net\\\/turkish\\\/author\\\/kalem\\\/\"}]}<\/script>\n<!-- \/ Yoast SEO plugin. -->","yoast_head_json":{"title":"Ermeniler\u2019in T\u00fcrkiye\u2019ye Toplu Geri D\u00f6nme Plan\u0131 - Bati Ermenistan Ve Bati Ermenileri Sorunlari Ara\u015ftirmalar Merkezi","robots":{"index":"index","follow":"follow","max-snippet":"max-snippet:-1","max-image-preview":"max-image-preview:large","max-video-preview":"max-video-preview:-1"},"canonical":"https:\/\/akunq.net\/turkish\/2010\/10\/14\/ermenilerin-turkiyeye-toplu-geri-donme-plani\/","og_locale":"en_US","og_type":"article","og_title":"Ermeniler\u2019in T\u00fcrkiye\u2019ye Toplu Geri D\u00f6nme Plan\u0131 - Bati Ermenistan Ve Bati Ermenileri Sorunlari Ara\u015ftirmalar Merkezi","og_description":"21. Y\u00fczy\u0131l Dergisi\u2019nin Ekim 2010 tarihli 22. Say\u0131s\u0131nda yer alan \u201cDiaspora Ermeniler\u2019in T\u00fcrkiye Cumhuriyeti\u2019ne Toplu Geri D\u00f6nebilme M\u00fccadelesi\u201d isimli makale, g\u00fcndeme oturdu. Mehmet \u015e\u00fckr\u00fc G\u00fczel makalesinde, Ermenilerin ABD\u2019de a\u00e7t\u0131\u011f\u0131 davalar\u0131, Ermenilerin g\u00fcndeme getirmek istedikleri tezleri ve hedefleri ile birlikte incelemekte ve Temmuz 2010\u2019da a\u00e7\u0131lan Davoyan Davas\u0131\u2019n\u0131 1925\u2019de benzer bir giri\u015fimde bulunan Essayan\u2019\u0131n davas\u0131n\u0131n ak\u0131beti \u00e7er\u00e7evesinde [&hellip;]","og_url":"https:\/\/akunq.net\/turkish\/2010\/10\/14\/ermenilerin-turkiyeye-toplu-geri-donme-plani\/","og_site_name":"Bati Ermenistan Ve Bati Ermenileri Sorunlari Ara\u015ftirmalar Merkezi","article_published_time":"2010-10-14T10:50:50+00:00","author":"kalem","twitter_card":"summary_large_image","twitter_misc":{"Written by":"kalem","Est. reading time":"2 minutes"},"schema":{"@context":"https:\/\/schema.org","@graph":[{"@type":"Article","@id":"https:\/\/akunq.net\/turkish\/2010\/10\/14\/ermenilerin-turkiyeye-toplu-geri-donme-plani\/#article","isPartOf":{"@id":"https:\/\/akunq.net\/turkish\/2010\/10\/14\/ermenilerin-turkiyeye-toplu-geri-donme-plani\/"},"author":{"name":"kalem","@id":"https:\/\/akunq.net\/turkish\/#\/schema\/person\/135e7923d1aeb8887890799619969a6c"},"headline":"Ermeniler\u2019in T\u00fcrkiye\u2019ye Toplu Geri D\u00f6nme Plan\u0131","datePublished":"2010-10-14T10:50:50+00:00","mainEntityOfPage":{"@id":"https:\/\/akunq.net\/turkish\/2010\/10\/14\/ermenilerin-turkiyeye-toplu-geri-donme-plani\/"},"wordCount":453,"commentCount":0,"articleSection":["Haberler"],"inLanguage":"en-US","potentialAction":[{"@type":"CommentAction","name":"Comment","target":["https:\/\/akunq.net\/turkish\/2010\/10\/14\/ermenilerin-turkiyeye-toplu-geri-donme-plani\/#respond"]}]},{"@type":"WebPage","@id":"https:\/\/akunq.net\/turkish\/2010\/10\/14\/ermenilerin-turkiyeye-toplu-geri-donme-plani\/","url":"https:\/\/akunq.net\/turkish\/2010\/10\/14\/ermenilerin-turkiyeye-toplu-geri-donme-plani\/","name":"Ermeniler\u2019in T\u00fcrkiye\u2019ye Toplu Geri D\u00f6nme Plan\u0131 - Bati Ermenistan Ve Bati Ermenileri Sorunlari Ara\u015ftirmalar Merkezi","isPartOf":{"@id":"https:\/\/akunq.net\/turkish\/#website"},"datePublished":"2010-10-14T10:50:50+00:00","author":{"@id":"https:\/\/akunq.net\/turkish\/#\/schema\/person\/135e7923d1aeb8887890799619969a6c"},"breadcrumb":{"@id":"https:\/\/akunq.net\/turkish\/2010\/10\/14\/ermenilerin-turkiyeye-toplu-geri-donme-plani\/#breadcrumb"},"inLanguage":"en-US","potentialAction":[{"@type":"ReadAction","target":["https:\/\/akunq.net\/turkish\/2010\/10\/14\/ermenilerin-turkiyeye-toplu-geri-donme-plani\/"]}]},{"@type":"BreadcrumbList","@id":"https:\/\/akunq.net\/turkish\/2010\/10\/14\/ermenilerin-turkiyeye-toplu-geri-donme-plani\/#breadcrumb","itemListElement":[{"@type":"ListItem","position":1,"name":"Home","item":"https:\/\/akunq.net\/turkish\/"},{"@type":"ListItem","position":2,"name":"Ermeniler\u2019in T\u00fcrkiye\u2019ye Toplu Geri D\u00f6nme Plan\u0131"}]},{"@type":"WebSite","@id":"https:\/\/akunq.net\/turkish\/#website","url":"https:\/\/akunq.net\/turkish\/","name":"Bati Ermenistan Ve Bati Ermenileri Sorunlari Ara\u015ftirmalar Merkezi","description":"","potentialAction":[{"@type":"SearchAction","target":{"@type":"EntryPoint","urlTemplate":"https:\/\/akunq.net\/turkish\/?s={search_term_string}"},"query-input":{"@type":"PropertyValueSpecification","valueRequired":true,"valueName":"search_term_string"}}],"inLanguage":"en-US"},{"@type":"Person","@id":"https:\/\/akunq.net\/turkish\/#\/schema\/person\/135e7923d1aeb8887890799619969a6c","name":"kalem","image":{"@type":"ImageObject","inLanguage":"en-US","@id":"https:\/\/secure.gravatar.com\/avatar\/a06875e4b25feb5674296adf8e8a7ae1e587cebce2493fe63c456109967e27d3?s=96&d=mm&r=g","url":"https:\/\/secure.gravatar.com\/avatar\/a06875e4b25feb5674296adf8e8a7ae1e587cebce2493fe63c456109967e27d3?s=96&d=mm&r=g","contentUrl":"https:\/\/secure.gravatar.com\/avatar\/a06875e4b25feb5674296adf8e8a7ae1e587cebce2493fe63c456109967e27d3?s=96&d=mm&r=g","caption":"kalem"},"url":"https:\/\/akunq.net\/turkish\/author\/kalem\/"}]}},"_links":{"self":[{"href":"https:\/\/akunq.net\/turkish\/wp-json\/wp\/v2\/posts\/2341","targetHints":{"allow":["GET"]}}],"collection":[{"href":"https:\/\/akunq.net\/turkish\/wp-json\/wp\/v2\/posts"}],"about":[{"href":"https:\/\/akunq.net\/turkish\/wp-json\/wp\/v2\/types\/post"}],"author":[{"embeddable":true,"href":"https:\/\/akunq.net\/turkish\/wp-json\/wp\/v2\/users\/3"}],"replies":[{"embeddable":true,"href":"https:\/\/akunq.net\/turkish\/wp-json\/wp\/v2\/comments?post=2341"}],"version-history":[{"count":0,"href":"https:\/\/akunq.net\/turkish\/wp-json\/wp\/v2\/posts\/2341\/revisions"}],"wp:attachment":[{"href":"https:\/\/akunq.net\/turkish\/wp-json\/wp\/v2\/media?parent=2341"}],"wp:term":[{"taxonomy":"category","embeddable":true,"href":"https:\/\/akunq.net\/turkish\/wp-json\/wp\/v2\/categories?post=2341"},{"taxonomy":"post_tag","embeddable":true,"href":"https:\/\/akunq.net\/turkish\/wp-json\/wp\/v2\/tags?post=2341"}],"curies":[{"name":"wp","href":"https:\/\/api.w.org\/{rel}","templated":true}]}}