{"id":2337,"date":"2010-10-14T01:41:28","date_gmt":"2010-10-14T06:41:28","guid":{"rendered":"http:\/\/akunq.net\/tr\/?p=2337"},"modified":"2010-10-14T01:41:28","modified_gmt":"2010-10-14T06:41:28","slug":"duyarli-vatandasin-feryadi","status":"publish","type":"post","link":"https:\/\/akunq.net\/turkish\/2010\/10\/14\/duyarli-vatandasin-feryadi\/","title":{"rendered":"Duyarl\u0131 Vatanda\u015f\u0131n Feryad\u0131"},"content":{"rendered":"<p style=\"text-align: justify\"><ins><span style=\"color: #000000\"><a rel=\"attachment wp-att-2338\" href=\"http:\/\/akunq.net\/tr\/?attachment_id=2338\"><img loading=\"lazy\" decoding=\"async\" class=\"alignleft size-full wp-image-2338\" title=\"\u0544\u0561\u056c\u0561\u0569\u056b\u0561\u0575\u056b \u0570\u0561\u0575\u056f\u0561\u056f\u0561\u0576 \u0565\u056f\u0565\u0572\u0565\u0581\u056b \u0539\u0561\u0577\u0570\u0578\u0580\u0578\u0576\" src=\"http:\/\/akunq.net\/tr\/wp-content\/uploads\/2010\/10\/\u0544\u0561\u056c\u0561\u0569\u056b\u0561\u0575\u056b-\u0570\u0561\u0575\u056f\u0561\u056f\u0561\u0576-\u0565\u056f\u0565\u0572\u0565\u0581\u056b-\u0539\u0561\u0577\u0570\u0578\u0580\u0578\u0576.jpg\" alt=\"\" width=\"250\" height=\"175\" \/><\/a>Malatya G\u00fcncel Haber Okuyucusu Sultan K\u0131l\u0131\u00e7, Malatya&#8217;da g\u00f6rd\u00fc\u011f\u00fc eksiklikleri,Bizlerle payla\u015farak sorunlara \u00e7\u00f6z\u00fcm getirilmesini istemeye devam ediyor.<\/span><\/ins><\/p>\n<p style=\"text-align: justify\"><span style=\"color: #000000\">\u00a0<\/span><strong><em><ins><span style=\"color: #000000\">TA\u015eHORAN ERMEN\u0130 K\u0130L\u0130SES\u0130&#8217;N\u0130N DUVARI DEL\u0130ND\u0130<br \/>\n<\/span><\/ins><\/em><\/strong><ins><br \/>\n<span style=\"color: #000000\">Ge\u00e7ti\u011fimiz hafta T. Temelli Caddesi \u00fczerinde alt yap\u0131 ve yol geni\u015fleme \u00e7al\u0131\u015fmas\u0131 esnad\u0131s\u0131nda &#8220;Kep\u00e7e Operat\u00f6r\u00fc&#8221; taraf\u0131ndan katledilen a\u011fa\u00e7 yaz\u0131s\u0131 ile Malatya G\u00fcncel&#8217;de yer alan Sultan K\u0131l\u0131\u00e7 isimli Okuyucumuz bug\u00fcnde i\u00e7ler ac\u0131s\u0131 durumda olan &#8220;Ta\u015fhoran Kilisesi&#8217;nin i\u00e7ler ac\u0131s\u0131 durumu ile Bizlerle birlikte.<\/p>\n<p>Malatya&#8217;n\u0131n \u00c7avu\u015fo\u011flu Mahallesi&#8217;nde bulunan Ta\u015fhoran Ermeni Kilisesi&#8217;nin duvar\u0131 delindi. K\u00fclt\u00fcr M\u00fcd\u00fcrl\u00fc\u011f\u00fcnce tescilli tarihi kilisenin kuzeyinde bulunan, ana yap\u0131ya ekli, ana yap\u0131dan daha al\u00e7ak olan b\u00f6l\u00fcm\u00fcn\u00fcn duvar\u0131ndaki ta\u015flar s\u00f6k\u00fclm\u00fc\u015f. Kiliseyi koruma amac\u0131yla ta\u015flarla \u00f6r\u00fclm\u00fc\u015f olan duvardan, birka\u00e7 ta\u015f s\u00f6k\u00fclerek \u00e7\u0131kar\u0131lm\u0131\u015f. S\u00f6k\u00fclerek a\u00e7\u0131lan bo\u015fluktan, bir insan rahatl\u0131kla ge\u00e7ebiliyor.<br \/>\nTarihi kilisenin, define avc\u0131lar\u0131ndan, sarho\u015flardan, gayri me\u015fru ya\u015fayanlardan korunmas\u0131 i\u00e7in kap\u0131 ve pencerelerinin ta\u015flarla \u00f6r\u00fcld\u00fc\u011f\u00fc s\u00f6yleniyor. Mahalle Muhtar\u0131 Say\u0131n Mustafa \u015eahin&#8217;i ziyaret ettim bu sabah. Kiliseyi korumak i\u00e7in kap\u0131 ve pencereleri, har\u00e7 ve ta\u015flarla bizzat kendisinin kapatt\u0131rd\u0131\u011f\u0131n\u0131 s\u00f6yledi. Duvarda a\u00e7\u0131lan gedikten s\u00f6z ettim. \u0130lgilenece\u011fini s\u00f6yledi.<br \/>\nMuhtar Mustafa \u015eahin: \u201c Bu kilise, asl\u0131nda benim sorumlulu\u011fumda de\u011fil. \u0130badethane olmas\u0131 bir yana, bize dert oldu. A\u00e7\u0131lm\u0131yor, korunmuyor; ama hesab\u0131 bizden soruluyor. Hesab\u0131n\u0131n sorulmas\u0131 bir yana, bu g\u00fczel ibadethaneye k\u0131yam\u0131yoruz. \u00c7avu\u015fo\u011flu halk\u0131, Ta\u015fhoran Ermeni Kilisesi&#8217;ne sahip \u00e7\u0131k\u0131yor. Kilise, ba\u015fka bir yerde olsayd\u0131, \u015fimdiye kadar \u00e7oktan y\u0131k\u0131lm\u0131\u015f olurdu. Kiliseden bir tane ta\u015f bulamazd\u0131n\u0131z. Kap\u0131 ve pencerelerini, har\u00e7 ve ta\u015flarla \u00f6rd\u00fck ki i\u00e7eriye defineciler, sarho\u015flar girmesin. Tarihi esere kimse zarar vermesin. Herkes, kilisenin a\u00e7\u0131lmas\u0131n\u0131 istiyor. Yetkililer de a\u00e7\u0131lmas\u0131n\u0131 isteriz, diyorlar. Hani nerde? Hi\u00e7 kimse gayret g\u00f6stermiyor, Ta\u015fhoran&#8217;\u0131n a\u00e7\u0131lmas\u0131 konusunda benim umudum t\u00fckeniyor. Bu y\u00fczden dert sahibi olduk. \u201c dedi.<br \/>\nBu muhte\u015fem Ta\u015fhoran Ermeni Kilisesi&#8217;nin i\u00e7inin ve d\u0131\u015f\u0131n\u0131n foto\u011fraflar\u0131n\u0131 \u00e7ektim. Ba\u015fbakanl\u0131\u011fa da internet \u00fczerinden dilek\u00e7e g\u00f6nderdim. Muhtar Mustafa \u015eahin&#8217;i de konudan haberdar ettim. Kilisenin duvar\u0131n\u0131n a\u00e7\u0131lan b\u00f6l\u00fcm\u00fcn\u00fcn yeniden ta\u015flarla ve har\u00e7la kapat\u0131lmas\u0131n\u0131 rica ettim.<br \/>\n\u015eimdi sesleniyorum: Ey K\u00fclt\u00fcr Bakanl\u0131\u011f\u0131, Malatya Valili\u011fi, Malatya Belediyesi, Malatya K\u00fclt\u00fcr ve Turizm M\u00fcd\u00fcrl\u00fc\u011f\u00fc, Malatya M\u00fcze M\u00fcd\u00fcrl\u00fc\u011f\u00fc, KUDEP ve \u00c7EK\u00dcL yetkilileri neredesiniz? Neredesiniz, Ta\u015fhoran yaraland\u0131, Ta\u015fhoran \u00f6lmek \u00fczere, Ta\u015fhoran art\u0131k ya\u015famak istiyor. <\/span><\/ins><\/p>\n<p style=\"text-align: justify\"><strong><em><span style=\"color: #000000\">14 Ekim 2010 <\/span><\/em><\/strong><\/p>\n<p style=\"text-align: justify\"><strong><em><span style=\"color: #000000\">http:\/\/www.malatyaguncel.com\/news_detail.php?id=51933<\/span><\/em><\/strong><\/p>\n","protected":false},"excerpt":{"rendered":"<p>Malatya G\u00fcncel Haber Okuyucusu Sultan K\u0131l\u0131\u00e7, Malatya&#8217;da g\u00f6rd\u00fc\u011f\u00fc eksiklikleri,Bizlerle payla\u015farak sorunlara \u00e7\u00f6z\u00fcm getirilmesini istemeye devam ediyor. \u00a0TA\u015eHORAN ERMEN\u0130 K\u0130L\u0130SES\u0130&#8217;N\u0130N DUVARI DEL\u0130ND\u0130 Ge\u00e7ti\u011fimiz hafta T. Temelli Caddesi \u00fczerinde alt yap\u0131 ve yol geni\u015fleme \u00e7al\u0131\u015fmas\u0131 esnad\u0131s\u0131nda &#8220;Kep\u00e7e Operat\u00f6r\u00fc&#8221; taraf\u0131ndan katledilen a\u011fa\u00e7 yaz\u0131s\u0131 ile Malatya G\u00fcncel&#8217;de yer alan Sultan K\u0131l\u0131\u00e7 isimli Okuyucumuz bug\u00fcnde i\u00e7ler ac\u0131s\u0131 durumda olan &#8220;Ta\u015fhoran [&hellip;]<\/p>\n","protected":false},"author":3,"featured_media":0,"comment_status":"open","ping_status":"open","sticky":false,"template":"","format":"standard","meta":{"footnotes":""},"categories":[14],"tags":[],"class_list":["post-2337","post","type-post","status-publish","format-standard","hentry","category-haberler"],"yoast_head":"<!-- This site is optimized with the Yoast SEO plugin v27.4 - https:\/\/yoast.com\/product\/yoast-seo-wordpress\/ -->\n<title>Duyarl\u0131 Vatanda\u015f\u0131n Feryad\u0131 - Bati Ermenistan Ve Bati Ermenileri Sorunlari Ara\u015ftirmalar Merkezi<\/title>\n<meta name=\"robots\" content=\"index, follow, max-snippet:-1, max-image-preview:large, max-video-preview:-1\" \/>\n<link rel=\"canonical\" href=\"https:\/\/akunq.net\/turkish\/2010\/10\/14\/duyarli-vatandasin-feryadi\/\" \/>\n<meta property=\"og:locale\" content=\"en_US\" \/>\n<meta property=\"og:type\" content=\"article\" \/>\n<meta property=\"og:title\" content=\"Duyarl\u0131 Vatanda\u015f\u0131n Feryad\u0131 - Bati Ermenistan Ve Bati Ermenileri Sorunlari Ara\u015ftirmalar Merkezi\" \/>\n<meta property=\"og:description\" content=\"Malatya G\u00fcncel Haber Okuyucusu Sultan K\u0131l\u0131\u00e7, Malatya&#8217;da g\u00f6rd\u00fc\u011f\u00fc eksiklikleri,Bizlerle payla\u015farak sorunlara \u00e7\u00f6z\u00fcm getirilmesini istemeye devam ediyor. \u00a0TA\u015eHORAN ERMEN\u0130 K\u0130L\u0130SES\u0130&#8217;N\u0130N DUVARI DEL\u0130ND\u0130 Ge\u00e7ti\u011fimiz hafta T. Temelli Caddesi \u00fczerinde alt yap\u0131 ve yol geni\u015fleme \u00e7al\u0131\u015fmas\u0131 esnad\u0131s\u0131nda &#8220;Kep\u00e7e Operat\u00f6r\u00fc&#8221; taraf\u0131ndan katledilen a\u011fa\u00e7 yaz\u0131s\u0131 ile Malatya G\u00fcncel&#8217;de yer alan Sultan K\u0131l\u0131\u00e7 isimli Okuyucumuz bug\u00fcnde i\u00e7ler ac\u0131s\u0131 durumda olan &#8220;Ta\u015fhoran [&hellip;]\" \/>\n<meta property=\"og:url\" content=\"https:\/\/akunq.net\/turkish\/2010\/10\/14\/duyarli-vatandasin-feryadi\/\" \/>\n<meta property=\"og:site_name\" content=\"Bati Ermenistan Ve Bati Ermenileri Sorunlari Ara\u015ftirmalar Merkezi\" \/>\n<meta property=\"article:published_time\" content=\"2010-10-14T06:41:28+00:00\" \/>\n<meta name=\"author\" content=\"kalem\" \/>\n<meta name=\"twitter:card\" content=\"summary_large_image\" \/>\n<meta name=\"twitter:label1\" content=\"Written by\" \/>\n\t<meta name=\"twitter:data1\" content=\"kalem\" \/>\n\t<meta name=\"twitter:label2\" content=\"Est. reading time\" \/>\n\t<meta name=\"twitter:data2\" content=\"2 minutes\" \/>\n<script type=\"application\/ld+json\" class=\"yoast-schema-graph\">{\"@context\":\"https:\\\/\\\/schema.org\",\"@graph\":[{\"@type\":\"Article\",\"@id\":\"https:\\\/\\\/akunq.net\\\/turkish\\\/2010\\\/10\\\/14\\\/duyarli-vatandasin-feryadi\\\/#article\",\"isPartOf\":{\"@id\":\"https:\\\/\\\/akunq.net\\\/turkish\\\/2010\\\/10\\\/14\\\/duyarli-vatandasin-feryadi\\\/\"},\"author\":{\"name\":\"kalem\",\"@id\":\"https:\\\/\\\/akunq.net\\\/turkish\\\/#\\\/schema\\\/person\\\/135e7923d1aeb8887890799619969a6c\"},\"headline\":\"Duyarl\u0131 Vatanda\u015f\u0131n Feryad\u0131\",\"datePublished\":\"2010-10-14T06:41:28+00:00\",\"mainEntityOfPage\":{\"@id\":\"https:\\\/\\\/akunq.net\\\/turkish\\\/2010\\\/10\\\/14\\\/duyarli-vatandasin-feryadi\\\/\"},\"wordCount\":481,\"commentCount\":0,\"articleSection\":[\"Haberler\"],\"inLanguage\":\"en-US\",\"potentialAction\":[{\"@type\":\"CommentAction\",\"name\":\"Comment\",\"target\":[\"https:\\\/\\\/akunq.net\\\/turkish\\\/2010\\\/10\\\/14\\\/duyarli-vatandasin-feryadi\\\/#respond\"]}]},{\"@type\":\"WebPage\",\"@id\":\"https:\\\/\\\/akunq.net\\\/turkish\\\/2010\\\/10\\\/14\\\/duyarli-vatandasin-feryadi\\\/\",\"url\":\"https:\\\/\\\/akunq.net\\\/turkish\\\/2010\\\/10\\\/14\\\/duyarli-vatandasin-feryadi\\\/\",\"name\":\"Duyarl\u0131 Vatanda\u015f\u0131n Feryad\u0131 - Bati Ermenistan Ve Bati Ermenileri Sorunlari Ara\u015ftirmalar Merkezi\",\"isPartOf\":{\"@id\":\"https:\\\/\\\/akunq.net\\\/turkish\\\/#website\"},\"datePublished\":\"2010-10-14T06:41:28+00:00\",\"author\":{\"@id\":\"https:\\\/\\\/akunq.net\\\/turkish\\\/#\\\/schema\\\/person\\\/135e7923d1aeb8887890799619969a6c\"},\"breadcrumb\":{\"@id\":\"https:\\\/\\\/akunq.net\\\/turkish\\\/2010\\\/10\\\/14\\\/duyarli-vatandasin-feryadi\\\/#breadcrumb\"},\"inLanguage\":\"en-US\",\"potentialAction\":[{\"@type\":\"ReadAction\",\"target\":[\"https:\\\/\\\/akunq.net\\\/turkish\\\/2010\\\/10\\\/14\\\/duyarli-vatandasin-feryadi\\\/\"]}]},{\"@type\":\"BreadcrumbList\",\"@id\":\"https:\\\/\\\/akunq.net\\\/turkish\\\/2010\\\/10\\\/14\\\/duyarli-vatandasin-feryadi\\\/#breadcrumb\",\"itemListElement\":[{\"@type\":\"ListItem\",\"position\":1,\"name\":\"Home\",\"item\":\"https:\\\/\\\/akunq.net\\\/turkish\\\/\"},{\"@type\":\"ListItem\",\"position\":2,\"name\":\"Duyarl\u0131 Vatanda\u015f\u0131n Feryad\u0131\"}]},{\"@type\":\"WebSite\",\"@id\":\"https:\\\/\\\/akunq.net\\\/turkish\\\/#website\",\"url\":\"https:\\\/\\\/akunq.net\\\/turkish\\\/\",\"name\":\"Bati Ermenistan Ve Bati Ermenileri Sorunlari Ara\u015ftirmalar Merkezi\",\"description\":\"\",\"potentialAction\":[{\"@type\":\"SearchAction\",\"target\":{\"@type\":\"EntryPoint\",\"urlTemplate\":\"https:\\\/\\\/akunq.net\\\/turkish\\\/?s={search_term_string}\"},\"query-input\":{\"@type\":\"PropertyValueSpecification\",\"valueRequired\":true,\"valueName\":\"search_term_string\"}}],\"inLanguage\":\"en-US\"},{\"@type\":\"Person\",\"@id\":\"https:\\\/\\\/akunq.net\\\/turkish\\\/#\\\/schema\\\/person\\\/135e7923d1aeb8887890799619969a6c\",\"name\":\"kalem\",\"image\":{\"@type\":\"ImageObject\",\"inLanguage\":\"en-US\",\"@id\":\"https:\\\/\\\/secure.gravatar.com\\\/avatar\\\/a06875e4b25feb5674296adf8e8a7ae1e587cebce2493fe63c456109967e27d3?s=96&d=mm&r=g\",\"url\":\"https:\\\/\\\/secure.gravatar.com\\\/avatar\\\/a06875e4b25feb5674296adf8e8a7ae1e587cebce2493fe63c456109967e27d3?s=96&d=mm&r=g\",\"contentUrl\":\"https:\\\/\\\/secure.gravatar.com\\\/avatar\\\/a06875e4b25feb5674296adf8e8a7ae1e587cebce2493fe63c456109967e27d3?s=96&d=mm&r=g\",\"caption\":\"kalem\"},\"url\":\"https:\\\/\\\/akunq.net\\\/turkish\\\/author\\\/kalem\\\/\"}]}<\/script>\n<!-- \/ Yoast SEO plugin. -->","yoast_head_json":{"title":"Duyarl\u0131 Vatanda\u015f\u0131n Feryad\u0131 - Bati Ermenistan Ve Bati Ermenileri Sorunlari Ara\u015ftirmalar Merkezi","robots":{"index":"index","follow":"follow","max-snippet":"max-snippet:-1","max-image-preview":"max-image-preview:large","max-video-preview":"max-video-preview:-1"},"canonical":"https:\/\/akunq.net\/turkish\/2010\/10\/14\/duyarli-vatandasin-feryadi\/","og_locale":"en_US","og_type":"article","og_title":"Duyarl\u0131 Vatanda\u015f\u0131n Feryad\u0131 - Bati Ermenistan Ve Bati Ermenileri Sorunlari Ara\u015ftirmalar Merkezi","og_description":"Malatya G\u00fcncel Haber Okuyucusu Sultan K\u0131l\u0131\u00e7, Malatya&#8217;da g\u00f6rd\u00fc\u011f\u00fc eksiklikleri,Bizlerle payla\u015farak sorunlara \u00e7\u00f6z\u00fcm getirilmesini istemeye devam ediyor. \u00a0TA\u015eHORAN ERMEN\u0130 K\u0130L\u0130SES\u0130&#8217;N\u0130N DUVARI DEL\u0130ND\u0130 Ge\u00e7ti\u011fimiz hafta T. Temelli Caddesi \u00fczerinde alt yap\u0131 ve yol geni\u015fleme \u00e7al\u0131\u015fmas\u0131 esnad\u0131s\u0131nda &#8220;Kep\u00e7e Operat\u00f6r\u00fc&#8221; taraf\u0131ndan katledilen a\u011fa\u00e7 yaz\u0131s\u0131 ile Malatya G\u00fcncel&#8217;de yer alan Sultan K\u0131l\u0131\u00e7 isimli Okuyucumuz bug\u00fcnde i\u00e7ler ac\u0131s\u0131 durumda olan &#8220;Ta\u015fhoran [&hellip;]","og_url":"https:\/\/akunq.net\/turkish\/2010\/10\/14\/duyarli-vatandasin-feryadi\/","og_site_name":"Bati Ermenistan Ve Bati Ermenileri Sorunlari Ara\u015ftirmalar Merkezi","article_published_time":"2010-10-14T06:41:28+00:00","author":"kalem","twitter_card":"summary_large_image","twitter_misc":{"Written by":"kalem","Est. reading time":"2 minutes"},"schema":{"@context":"https:\/\/schema.org","@graph":[{"@type":"Article","@id":"https:\/\/akunq.net\/turkish\/2010\/10\/14\/duyarli-vatandasin-feryadi\/#article","isPartOf":{"@id":"https:\/\/akunq.net\/turkish\/2010\/10\/14\/duyarli-vatandasin-feryadi\/"},"author":{"name":"kalem","@id":"https:\/\/akunq.net\/turkish\/#\/schema\/person\/135e7923d1aeb8887890799619969a6c"},"headline":"Duyarl\u0131 Vatanda\u015f\u0131n Feryad\u0131","datePublished":"2010-10-14T06:41:28+00:00","mainEntityOfPage":{"@id":"https:\/\/akunq.net\/turkish\/2010\/10\/14\/duyarli-vatandasin-feryadi\/"},"wordCount":481,"commentCount":0,"articleSection":["Haberler"],"inLanguage":"en-US","potentialAction":[{"@type":"CommentAction","name":"Comment","target":["https:\/\/akunq.net\/turkish\/2010\/10\/14\/duyarli-vatandasin-feryadi\/#respond"]}]},{"@type":"WebPage","@id":"https:\/\/akunq.net\/turkish\/2010\/10\/14\/duyarli-vatandasin-feryadi\/","url":"https:\/\/akunq.net\/turkish\/2010\/10\/14\/duyarli-vatandasin-feryadi\/","name":"Duyarl\u0131 Vatanda\u015f\u0131n Feryad\u0131 - Bati Ermenistan Ve Bati Ermenileri Sorunlari Ara\u015ftirmalar Merkezi","isPartOf":{"@id":"https:\/\/akunq.net\/turkish\/#website"},"datePublished":"2010-10-14T06:41:28+00:00","author":{"@id":"https:\/\/akunq.net\/turkish\/#\/schema\/person\/135e7923d1aeb8887890799619969a6c"},"breadcrumb":{"@id":"https:\/\/akunq.net\/turkish\/2010\/10\/14\/duyarli-vatandasin-feryadi\/#breadcrumb"},"inLanguage":"en-US","potentialAction":[{"@type":"ReadAction","target":["https:\/\/akunq.net\/turkish\/2010\/10\/14\/duyarli-vatandasin-feryadi\/"]}]},{"@type":"BreadcrumbList","@id":"https:\/\/akunq.net\/turkish\/2010\/10\/14\/duyarli-vatandasin-feryadi\/#breadcrumb","itemListElement":[{"@type":"ListItem","position":1,"name":"Home","item":"https:\/\/akunq.net\/turkish\/"},{"@type":"ListItem","position":2,"name":"Duyarl\u0131 Vatanda\u015f\u0131n Feryad\u0131"}]},{"@type":"WebSite","@id":"https:\/\/akunq.net\/turkish\/#website","url":"https:\/\/akunq.net\/turkish\/","name":"Bati Ermenistan Ve Bati Ermenileri Sorunlari Ara\u015ftirmalar Merkezi","description":"","potentialAction":[{"@type":"SearchAction","target":{"@type":"EntryPoint","urlTemplate":"https:\/\/akunq.net\/turkish\/?s={search_term_string}"},"query-input":{"@type":"PropertyValueSpecification","valueRequired":true,"valueName":"search_term_string"}}],"inLanguage":"en-US"},{"@type":"Person","@id":"https:\/\/akunq.net\/turkish\/#\/schema\/person\/135e7923d1aeb8887890799619969a6c","name":"kalem","image":{"@type":"ImageObject","inLanguage":"en-US","@id":"https:\/\/secure.gravatar.com\/avatar\/a06875e4b25feb5674296adf8e8a7ae1e587cebce2493fe63c456109967e27d3?s=96&d=mm&r=g","url":"https:\/\/secure.gravatar.com\/avatar\/a06875e4b25feb5674296adf8e8a7ae1e587cebce2493fe63c456109967e27d3?s=96&d=mm&r=g","contentUrl":"https:\/\/secure.gravatar.com\/avatar\/a06875e4b25feb5674296adf8e8a7ae1e587cebce2493fe63c456109967e27d3?s=96&d=mm&r=g","caption":"kalem"},"url":"https:\/\/akunq.net\/turkish\/author\/kalem\/"}]}},"_links":{"self":[{"href":"https:\/\/akunq.net\/turkish\/wp-json\/wp\/v2\/posts\/2337","targetHints":{"allow":["GET"]}}],"collection":[{"href":"https:\/\/akunq.net\/turkish\/wp-json\/wp\/v2\/posts"}],"about":[{"href":"https:\/\/akunq.net\/turkish\/wp-json\/wp\/v2\/types\/post"}],"author":[{"embeddable":true,"href":"https:\/\/akunq.net\/turkish\/wp-json\/wp\/v2\/users\/3"}],"replies":[{"embeddable":true,"href":"https:\/\/akunq.net\/turkish\/wp-json\/wp\/v2\/comments?post=2337"}],"version-history":[{"count":0,"href":"https:\/\/akunq.net\/turkish\/wp-json\/wp\/v2\/posts\/2337\/revisions"}],"wp:attachment":[{"href":"https:\/\/akunq.net\/turkish\/wp-json\/wp\/v2\/media?parent=2337"}],"wp:term":[{"taxonomy":"category","embeddable":true,"href":"https:\/\/akunq.net\/turkish\/wp-json\/wp\/v2\/categories?post=2337"},{"taxonomy":"post_tag","embeddable":true,"href":"https:\/\/akunq.net\/turkish\/wp-json\/wp\/v2\/tags?post=2337"}],"curies":[{"name":"wp","href":"https:\/\/api.w.org\/{rel}","templated":true}]}}