{"id":23362,"date":"2013-05-11T02:44:38","date_gmt":"2013-05-11T07:44:38","guid":{"rendered":"http:\/\/akunq.net\/tr\/?p=23362"},"modified":"2013-05-11T02:44:38","modified_gmt":"2013-05-11T07:44:38","slug":"trabzonda-eylem-kurtce-konusan-arkadasimiz-dayak-yedi","status":"publish","type":"post","link":"https:\/\/akunq.net\/turkish\/2013\/05\/11\/trabzonda-eylem-kurtce-konusan-arkadasimiz-dayak-yedi\/","title":{"rendered":"Trabzon&#8217;da eylem: K\u00fcrt\u00e7e konu\u015fan arkada\u015f\u0131m\u0131z dayak yedi"},"content":{"rendered":"<h5 style=\"text-align: justify\"><i><a href=\"http:\/\/akunq.net\/tr\/?attachment_id=23363\" rel=\"attachment wp-att-23363\"><img loading=\"lazy\" decoding=\"async\" class=\"alignright size-medium wp-image-23363\" alt=\"Trabzon'da eylem\" src=\"http:\/\/akunq.net\/tr\/wp-content\/uploads\/2013\/05\/Trabzonda-eylem-300x202.jpeg\" width=\"300\" height=\"202\" srcset=\"https:\/\/akunq.net\/turkish\/wp-content\/uploads\/sites\/5\/2013\/05\/Trabzonda-eylem-300x202.jpeg 300w, https:\/\/akunq.net\/turkish\/wp-content\/uploads\/sites\/5\/2013\/05\/Trabzonda-eylem.jpeg 478w\" sizes=\"auto, (max-width: 300px) 100vw, 300px\" \/><\/a>Karadeniz Teknik \u00dcniversitesi&#8217;nde bir \u00f6\u011frencinin K\u00fcrt\u00e7e konu\u015ftu\u011fu i\u00e7in sald\u0131r\u0131ya u\u011frad\u0131\u011f\u0131 ve d\u00f6v\u00fcld\u00fc\u011f\u00fcn\u00fc a\u00e7\u0131klayan Demokratik \u00d6\u011frenci Dernekleri Federasyonu \u00fcyesi \u00f6\u011frenciler protesto eylemi yapt\u0131. <\/i><\/h5>\n<p style=\"text-align: justify\"><a href=\"http:\/\/www.radikal.com.tr\/index\/Trabzon\"><b><i>TRABZON<\/i><\/b><\/a><b><i> \u00a0&#8211;<\/i><\/b> Trabzon Karadeniz Teknik \u00dcniversitesi (KT\u00dc) E\u011fitim Fak\u00fcltesi&#8217;nde bir \u00f6\u011frencinin K\u00fcrt\u00e7e konu\u015ftu\u011fu i\u00e7in sald\u0131r\u0131ya u\u011frad\u0131\u011f\u0131n\u0131 ve d\u00f6v\u00fcld\u00fc\u011f\u00fcn\u00fc a\u00e7\u0131klayan Demokratik \u00d6\u011frenci Dernekleri Federasyonu (DED\u00d6F) \u00fcyesi bir grup \u00f6\u011frenci Rekt\u00f6rl\u00fck \u00f6n\u00fcnde protesto eylemi yapt\u0131, K\u00fcrt\u00e7e slogan att\u0131.<br \/>\nKT\u00dc Rekt\u00f6rl\u00fck binas\u0131 \u00f6n\u00fcnde toplanan DED\u00d6F \u00fcyesi yakla\u015f\u0131k 30 \u00f6\u011frenci d\u00fcn ak\u015fam saatlerinde KT\u00dc Fatih E\u011fitim Fak\u00fcltesi&#8217;nde bir \u00f6\u011frencinin, yurtta telefonda K\u00fcrt\u00e7e konu\u015ftu\u011fu i\u00e7in sa\u011f g\u00f6r\u00fc\u015fl\u00fc \u00f6\u011frenci grubunun sald\u0131r\u0131s\u0131na u\u011frad\u0131\u011f\u0131n\u0131 ve d\u00f6v\u00fcld\u00fc\u011f\u00fcn\u00fc ileri s\u00fcrd\u00fc. Yurtta ya\u015fanan olay\u0131 protesto eden \u00f6\u011frenciler &#8221;Fa\u015fizme kar\u015f\u0131 omuz omuza&#8217;, &#8216;Bask\u0131lar bizi y\u0131ld\u0131ramaz&#8217; sloganlar\u0131 att\u0131. &#8216;Okulda sald\u0131rgan \u00e7eteler istemiyoruz&#8217; pankart\u0131 a\u00e7an \u00f6\u011frenciler su\u00e7lular\u0131n adalete teslim edilmesini istedi.<br \/>\nDaha sonra K\u00fcrt\u00e7e, &#8216;Be Ziman Jiyan Na be!&#8217; (Dilsiz ya\u015fam olmaz) diye slogan atan \u00f6\u011frenci grubu, olays\u0131z da\u011f\u0131ld\u0131.<\/p>\n<p style=\"text-align: justify\"><b><i>(Fatih TURAN\/DHA)<\/i><\/b><\/p>\n<p style=\"text-align: justify\"><b><i>http:\/\/www.radikal.com.tr\/turkiye\/trabzonda_eylem_kurtce_konusan_arkadasimiz_dayak_yedi-1132956<\/i><\/b><\/p>\n","protected":false},"excerpt":{"rendered":"<p>Karadeniz Teknik \u00dcniversitesi&#8217;nde bir \u00f6\u011frencinin K\u00fcrt\u00e7e konu\u015ftu\u011fu i\u00e7in sald\u0131r\u0131ya u\u011frad\u0131\u011f\u0131 ve d\u00f6v\u00fcld\u00fc\u011f\u00fcn\u00fc a\u00e7\u0131klayan Demokratik \u00d6\u011frenci Dernekleri Federasyonu \u00fcyesi \u00f6\u011frenciler protesto eylemi yapt\u0131. TRABZON \u00a0&#8211; Trabzon Karadeniz Teknik \u00dcniversitesi (KT\u00dc) E\u011fitim Fak\u00fcltesi&#8217;nde bir \u00f6\u011frencinin K\u00fcrt\u00e7e konu\u015ftu\u011fu i\u00e7in sald\u0131r\u0131ya u\u011frad\u0131\u011f\u0131n\u0131 ve d\u00f6v\u00fcld\u00fc\u011f\u00fcn\u00fc a\u00e7\u0131klayan Demokratik \u00d6\u011frenci Dernekleri Federasyonu (DED\u00d6F) \u00fcyesi bir grup \u00f6\u011frenci Rekt\u00f6rl\u00fck \u00f6n\u00fcnde protesto eylemi yapt\u0131, [&hellip;]<\/p>\n","protected":false},"author":3,"featured_media":0,"comment_status":"open","ping_status":"open","sticky":false,"template":"","format":"standard","meta":{"footnotes":""},"categories":[14,42],"tags":[],"class_list":["post-23362","post","type-post","status-publish","format-standard","hentry","category-haberler","category-turkiyede-azinliklar"],"yoast_head":"<!-- This site is optimized with the Yoast SEO plugin v26.6 - https:\/\/yoast.com\/wordpress\/plugins\/seo\/ -->\n<title>Trabzon&#039;da eylem: K\u00fcrt\u00e7e konu\u015fan arkada\u015f\u0131m\u0131z dayak yedi - Bati Ermenistan Ve Bati Ermenileri Sorunlari Ara\u015ftirmalar Merkezi<\/title>\n<meta name=\"robots\" content=\"index, follow, max-snippet:-1, max-image-preview:large, max-video-preview:-1\" \/>\n<link rel=\"canonical\" href=\"https:\/\/akunq.net\/turkish\/2013\/05\/11\/trabzonda-eylem-kurtce-konusan-arkadasimiz-dayak-yedi\/\" \/>\n<meta property=\"og:locale\" content=\"en_US\" \/>\n<meta property=\"og:type\" content=\"article\" \/>\n<meta property=\"og:title\" content=\"Trabzon&#039;da eylem: K\u00fcrt\u00e7e konu\u015fan arkada\u015f\u0131m\u0131z dayak yedi - Bati Ermenistan Ve Bati Ermenileri Sorunlari Ara\u015ftirmalar Merkezi\" \/>\n<meta property=\"og:description\" content=\"Karadeniz Teknik \u00dcniversitesi&#8217;nde bir \u00f6\u011frencinin K\u00fcrt\u00e7e konu\u015ftu\u011fu i\u00e7in sald\u0131r\u0131ya u\u011frad\u0131\u011f\u0131 ve d\u00f6v\u00fcld\u00fc\u011f\u00fcn\u00fc a\u00e7\u0131klayan Demokratik \u00d6\u011frenci Dernekleri Federasyonu \u00fcyesi \u00f6\u011frenciler protesto eylemi yapt\u0131. TRABZON \u00a0&#8211; Trabzon Karadeniz Teknik \u00dcniversitesi (KT\u00dc) E\u011fitim Fak\u00fcltesi&#8217;nde bir \u00f6\u011frencinin K\u00fcrt\u00e7e konu\u015ftu\u011fu i\u00e7in sald\u0131r\u0131ya u\u011frad\u0131\u011f\u0131n\u0131 ve d\u00f6v\u00fcld\u00fc\u011f\u00fcn\u00fc a\u00e7\u0131klayan Demokratik \u00d6\u011frenci Dernekleri Federasyonu (DED\u00d6F) \u00fcyesi bir grup \u00f6\u011frenci Rekt\u00f6rl\u00fck \u00f6n\u00fcnde protesto eylemi yapt\u0131, [&hellip;]\" \/>\n<meta property=\"og:url\" content=\"https:\/\/akunq.net\/turkish\/2013\/05\/11\/trabzonda-eylem-kurtce-konusan-arkadasimiz-dayak-yedi\/\" \/>\n<meta property=\"og:site_name\" content=\"Bati Ermenistan Ve Bati Ermenileri Sorunlari Ara\u015ftirmalar Merkezi\" \/>\n<meta property=\"article:published_time\" content=\"2013-05-11T07:44:38+00:00\" \/>\n<meta property=\"og:image\" content=\"https:\/\/akunq.net\/turkish\/wp-content\/uploads\/sites\/5\/2013\/05\/Trabzonda-eylem.jpeg\" \/>\n\t<meta property=\"og:image:width\" content=\"478\" \/>\n\t<meta property=\"og:image:height\" content=\"322\" \/>\n\t<meta property=\"og:image:type\" content=\"image\/jpeg\" \/>\n<meta name=\"author\" content=\"kalem\" \/>\n<meta name=\"twitter:card\" content=\"summary_large_image\" \/>\n<meta name=\"twitter:label1\" content=\"Written by\" \/>\n\t<meta name=\"twitter:data1\" content=\"kalem\" \/>\n\t<meta name=\"twitter:label2\" content=\"Est. reading time\" \/>\n\t<meta name=\"twitter:data2\" content=\"1 minute\" \/>\n<script type=\"application\/ld+json\" class=\"yoast-schema-graph\">{\"@context\":\"https:\/\/schema.org\",\"@graph\":[{\"@type\":\"WebPage\",\"@id\":\"https:\/\/akunq.net\/turkish\/2013\/05\/11\/trabzonda-eylem-kurtce-konusan-arkadasimiz-dayak-yedi\/\",\"url\":\"https:\/\/akunq.net\/turkish\/2013\/05\/11\/trabzonda-eylem-kurtce-konusan-arkadasimiz-dayak-yedi\/\",\"name\":\"Trabzon'da eylem: K\u00fcrt\u00e7e konu\u015fan arkada\u015f\u0131m\u0131z dayak yedi - Bati Ermenistan Ve Bati Ermenileri Sorunlari Ara\u015ftirmalar Merkezi\",\"isPartOf\":{\"@id\":\"https:\/\/akunq.net\/turkish\/#website\"},\"primaryImageOfPage\":{\"@id\":\"https:\/\/akunq.net\/turkish\/2013\/05\/11\/trabzonda-eylem-kurtce-konusan-arkadasimiz-dayak-yedi\/#primaryimage\"},\"image\":{\"@id\":\"https:\/\/akunq.net\/turkish\/2013\/05\/11\/trabzonda-eylem-kurtce-konusan-arkadasimiz-dayak-yedi\/#primaryimage\"},\"thumbnailUrl\":\"http:\/\/akunq.net\/tr\/wp-content\/uploads\/2013\/05\/Trabzonda-eylem-300x202.jpeg\",\"datePublished\":\"2013-05-11T07:44:38+00:00\",\"author\":{\"@id\":\"https:\/\/akunq.net\/turkish\/#\/schema\/person\/135e7923d1aeb8887890799619969a6c\"},\"breadcrumb\":{\"@id\":\"https:\/\/akunq.net\/turkish\/2013\/05\/11\/trabzonda-eylem-kurtce-konusan-arkadasimiz-dayak-yedi\/#breadcrumb\"},\"inLanguage\":\"en-US\",\"potentialAction\":[{\"@type\":\"ReadAction\",\"target\":[\"https:\/\/akunq.net\/turkish\/2013\/05\/11\/trabzonda-eylem-kurtce-konusan-arkadasimiz-dayak-yedi\/\"]}]},{\"@type\":\"ImageObject\",\"inLanguage\":\"en-US\",\"@id\":\"https:\/\/akunq.net\/turkish\/2013\/05\/11\/trabzonda-eylem-kurtce-konusan-arkadasimiz-dayak-yedi\/#primaryimage\",\"url\":\"http:\/\/akunq.net\/tr\/wp-content\/uploads\/2013\/05\/Trabzonda-eylem-300x202.jpeg\",\"contentUrl\":\"http:\/\/akunq.net\/tr\/wp-content\/uploads\/2013\/05\/Trabzonda-eylem-300x202.jpeg\"},{\"@type\":\"BreadcrumbList\",\"@id\":\"https:\/\/akunq.net\/turkish\/2013\/05\/11\/trabzonda-eylem-kurtce-konusan-arkadasimiz-dayak-yedi\/#breadcrumb\",\"itemListElement\":[{\"@type\":\"ListItem\",\"position\":1,\"name\":\"Home\",\"item\":\"https:\/\/akunq.net\/turkish\/\"},{\"@type\":\"ListItem\",\"position\":2,\"name\":\"Trabzon&#8217;da eylem: K\u00fcrt\u00e7e konu\u015fan arkada\u015f\u0131m\u0131z dayak yedi\"}]},{\"@type\":\"WebSite\",\"@id\":\"https:\/\/akunq.net\/turkish\/#website\",\"url\":\"https:\/\/akunq.net\/turkish\/\",\"name\":\"Bati Ermenistan Ve Bati Ermenileri Sorunlari Ara\u015ftirmalar Merkezi\",\"description\":\"\",\"potentialAction\":[{\"@type\":\"SearchAction\",\"target\":{\"@type\":\"EntryPoint\",\"urlTemplate\":\"https:\/\/akunq.net\/turkish\/?s={search_term_string}\"},\"query-input\":{\"@type\":\"PropertyValueSpecification\",\"valueRequired\":true,\"valueName\":\"search_term_string\"}}],\"inLanguage\":\"en-US\"},{\"@type\":\"Person\",\"@id\":\"https:\/\/akunq.net\/turkish\/#\/schema\/person\/135e7923d1aeb8887890799619969a6c\",\"name\":\"kalem\",\"image\":{\"@type\":\"ImageObject\",\"inLanguage\":\"en-US\",\"@id\":\"https:\/\/akunq.net\/turkish\/#\/schema\/person\/image\/\",\"url\":\"https:\/\/secure.gravatar.com\/avatar\/a06875e4b25feb5674296adf8e8a7ae1e587cebce2493fe63c456109967e27d3?s=96&d=mm&r=g\",\"contentUrl\":\"https:\/\/secure.gravatar.com\/avatar\/a06875e4b25feb5674296adf8e8a7ae1e587cebce2493fe63c456109967e27d3?s=96&d=mm&r=g\",\"caption\":\"kalem\"},\"url\":\"https:\/\/akunq.net\/turkish\/author\/kalem\/\"}]}<\/script>\n<!-- \/ Yoast SEO plugin. -->","yoast_head_json":{"title":"Trabzon'da eylem: K\u00fcrt\u00e7e konu\u015fan arkada\u015f\u0131m\u0131z dayak yedi - Bati Ermenistan Ve Bati Ermenileri Sorunlari Ara\u015ftirmalar Merkezi","robots":{"index":"index","follow":"follow","max-snippet":"max-snippet:-1","max-image-preview":"max-image-preview:large","max-video-preview":"max-video-preview:-1"},"canonical":"https:\/\/akunq.net\/turkish\/2013\/05\/11\/trabzonda-eylem-kurtce-konusan-arkadasimiz-dayak-yedi\/","og_locale":"en_US","og_type":"article","og_title":"Trabzon'da eylem: K\u00fcrt\u00e7e konu\u015fan arkada\u015f\u0131m\u0131z dayak yedi - Bati Ermenistan Ve Bati Ermenileri Sorunlari Ara\u015ftirmalar Merkezi","og_description":"Karadeniz Teknik \u00dcniversitesi&#8217;nde bir \u00f6\u011frencinin K\u00fcrt\u00e7e konu\u015ftu\u011fu i\u00e7in sald\u0131r\u0131ya u\u011frad\u0131\u011f\u0131 ve d\u00f6v\u00fcld\u00fc\u011f\u00fcn\u00fc a\u00e7\u0131klayan Demokratik \u00d6\u011frenci Dernekleri Federasyonu \u00fcyesi \u00f6\u011frenciler protesto eylemi yapt\u0131. TRABZON \u00a0&#8211; Trabzon Karadeniz Teknik \u00dcniversitesi (KT\u00dc) E\u011fitim Fak\u00fcltesi&#8217;nde bir \u00f6\u011frencinin K\u00fcrt\u00e7e konu\u015ftu\u011fu i\u00e7in sald\u0131r\u0131ya u\u011frad\u0131\u011f\u0131n\u0131 ve d\u00f6v\u00fcld\u00fc\u011f\u00fcn\u00fc a\u00e7\u0131klayan Demokratik \u00d6\u011frenci Dernekleri Federasyonu (DED\u00d6F) \u00fcyesi bir grup \u00f6\u011frenci Rekt\u00f6rl\u00fck \u00f6n\u00fcnde protesto eylemi yapt\u0131, [&hellip;]","og_url":"https:\/\/akunq.net\/turkish\/2013\/05\/11\/trabzonda-eylem-kurtce-konusan-arkadasimiz-dayak-yedi\/","og_site_name":"Bati Ermenistan Ve Bati Ermenileri Sorunlari Ara\u015ftirmalar Merkezi","article_published_time":"2013-05-11T07:44:38+00:00","og_image":[{"width":478,"height":322,"url":"https:\/\/akunq.net\/turkish\/wp-content\/uploads\/sites\/5\/2013\/05\/Trabzonda-eylem.jpeg","type":"image\/jpeg"}],"author":"kalem","twitter_card":"summary_large_image","twitter_misc":{"Written by":"kalem","Est. reading time":"1 minute"},"schema":{"@context":"https:\/\/schema.org","@graph":[{"@type":"WebPage","@id":"https:\/\/akunq.net\/turkish\/2013\/05\/11\/trabzonda-eylem-kurtce-konusan-arkadasimiz-dayak-yedi\/","url":"https:\/\/akunq.net\/turkish\/2013\/05\/11\/trabzonda-eylem-kurtce-konusan-arkadasimiz-dayak-yedi\/","name":"Trabzon'da eylem: K\u00fcrt\u00e7e konu\u015fan arkada\u015f\u0131m\u0131z dayak yedi - Bati Ermenistan Ve Bati Ermenileri Sorunlari Ara\u015ftirmalar Merkezi","isPartOf":{"@id":"https:\/\/akunq.net\/turkish\/#website"},"primaryImageOfPage":{"@id":"https:\/\/akunq.net\/turkish\/2013\/05\/11\/trabzonda-eylem-kurtce-konusan-arkadasimiz-dayak-yedi\/#primaryimage"},"image":{"@id":"https:\/\/akunq.net\/turkish\/2013\/05\/11\/trabzonda-eylem-kurtce-konusan-arkadasimiz-dayak-yedi\/#primaryimage"},"thumbnailUrl":"http:\/\/akunq.net\/tr\/wp-content\/uploads\/2013\/05\/Trabzonda-eylem-300x202.jpeg","datePublished":"2013-05-11T07:44:38+00:00","author":{"@id":"https:\/\/akunq.net\/turkish\/#\/schema\/person\/135e7923d1aeb8887890799619969a6c"},"breadcrumb":{"@id":"https:\/\/akunq.net\/turkish\/2013\/05\/11\/trabzonda-eylem-kurtce-konusan-arkadasimiz-dayak-yedi\/#breadcrumb"},"inLanguage":"en-US","potentialAction":[{"@type":"ReadAction","target":["https:\/\/akunq.net\/turkish\/2013\/05\/11\/trabzonda-eylem-kurtce-konusan-arkadasimiz-dayak-yedi\/"]}]},{"@type":"ImageObject","inLanguage":"en-US","@id":"https:\/\/akunq.net\/turkish\/2013\/05\/11\/trabzonda-eylem-kurtce-konusan-arkadasimiz-dayak-yedi\/#primaryimage","url":"http:\/\/akunq.net\/tr\/wp-content\/uploads\/2013\/05\/Trabzonda-eylem-300x202.jpeg","contentUrl":"http:\/\/akunq.net\/tr\/wp-content\/uploads\/2013\/05\/Trabzonda-eylem-300x202.jpeg"},{"@type":"BreadcrumbList","@id":"https:\/\/akunq.net\/turkish\/2013\/05\/11\/trabzonda-eylem-kurtce-konusan-arkadasimiz-dayak-yedi\/#breadcrumb","itemListElement":[{"@type":"ListItem","position":1,"name":"Home","item":"https:\/\/akunq.net\/turkish\/"},{"@type":"ListItem","position":2,"name":"Trabzon&#8217;da eylem: K\u00fcrt\u00e7e konu\u015fan arkada\u015f\u0131m\u0131z dayak yedi"}]},{"@type":"WebSite","@id":"https:\/\/akunq.net\/turkish\/#website","url":"https:\/\/akunq.net\/turkish\/","name":"Bati Ermenistan Ve Bati Ermenileri Sorunlari Ara\u015ftirmalar Merkezi","description":"","potentialAction":[{"@type":"SearchAction","target":{"@type":"EntryPoint","urlTemplate":"https:\/\/akunq.net\/turkish\/?s={search_term_string}"},"query-input":{"@type":"PropertyValueSpecification","valueRequired":true,"valueName":"search_term_string"}}],"inLanguage":"en-US"},{"@type":"Person","@id":"https:\/\/akunq.net\/turkish\/#\/schema\/person\/135e7923d1aeb8887890799619969a6c","name":"kalem","image":{"@type":"ImageObject","inLanguage":"en-US","@id":"https:\/\/akunq.net\/turkish\/#\/schema\/person\/image\/","url":"https:\/\/secure.gravatar.com\/avatar\/a06875e4b25feb5674296adf8e8a7ae1e587cebce2493fe63c456109967e27d3?s=96&d=mm&r=g","contentUrl":"https:\/\/secure.gravatar.com\/avatar\/a06875e4b25feb5674296adf8e8a7ae1e587cebce2493fe63c456109967e27d3?s=96&d=mm&r=g","caption":"kalem"},"url":"https:\/\/akunq.net\/turkish\/author\/kalem\/"}]}},"_links":{"self":[{"href":"https:\/\/akunq.net\/turkish\/wp-json\/wp\/v2\/posts\/23362","targetHints":{"allow":["GET"]}}],"collection":[{"href":"https:\/\/akunq.net\/turkish\/wp-json\/wp\/v2\/posts"}],"about":[{"href":"https:\/\/akunq.net\/turkish\/wp-json\/wp\/v2\/types\/post"}],"author":[{"embeddable":true,"href":"https:\/\/akunq.net\/turkish\/wp-json\/wp\/v2\/users\/3"}],"replies":[{"embeddable":true,"href":"https:\/\/akunq.net\/turkish\/wp-json\/wp\/v2\/comments?post=23362"}],"version-history":[{"count":0,"href":"https:\/\/akunq.net\/turkish\/wp-json\/wp\/v2\/posts\/23362\/revisions"}],"wp:attachment":[{"href":"https:\/\/akunq.net\/turkish\/wp-json\/wp\/v2\/media?parent=23362"}],"wp:term":[{"taxonomy":"category","embeddable":true,"href":"https:\/\/akunq.net\/turkish\/wp-json\/wp\/v2\/categories?post=23362"},{"taxonomy":"post_tag","embeddable":true,"href":"https:\/\/akunq.net\/turkish\/wp-json\/wp\/v2\/tags?post=23362"}],"curies":[{"name":"wp","href":"https:\/\/api.w.org\/{rel}","templated":true}]}}