{"id":23336,"date":"2013-05-10T02:39:50","date_gmt":"2013-05-10T07:39:50","guid":{"rendered":"http:\/\/akunq.net\/tr\/?p=23336"},"modified":"2013-05-10T02:39:50","modified_gmt":"2013-05-10T07:39:50","slug":"patrike-suikast-iddiasi","status":"publish","type":"post","link":"https:\/\/akunq.net\/turkish\/2013\/05\/10\/patrike-suikast-iddiasi\/","title":{"rendered":"Patrik&#8217;e suikast iddias\u0131"},"content":{"rendered":"<p style=\"text-align: justify\"><b><i><a href=\"http:\/\/akunq.net\/tr\/?attachment_id=23337\" rel=\"attachment wp-att-23337\"><img loading=\"lazy\" decoding=\"async\" class=\"alignright size-full wp-image-23337\" alt=\"Patrik'e suikast iddias\u0131\" src=\"http:\/\/akunq.net\/tr\/wp-content\/uploads\/2013\/05\/Patrike-suikast-iddias\u0131.jpg\" width=\"300\" height=\"225\" \/><\/a>Kayseri Cumhuriyet Ba\u015fsavc\u0131l\u0131\u011f\u0131, Fener Rum Patri\u011fine \u0130stanbul&#8217;un fethi y\u0131l d\u00f6n\u00fcm\u00fcnde suikast yap\u0131laca\u011f\u0131 gerek\u00e7esiyle soru\u015fturma a\u00e7m\u0131\u015f. Fener Rum Patri\u011fi Barthalomeos&#8217;a suikast haz\u0131rl\u0131\u011f\u0131 i\u00e7inde oldu\u011fu ihbar edilen bir \u015fah\u0131s g\u00f6zalt\u0131na al\u0131nd\u0131.<\/i><\/b><\/p>\n<p style=\"text-align: justify\">Kayseri Ba\u015fsavc\u0131l\u0131\u011f\u0131&#8217;na g\u00f6nderilen bir ihbar mektubunda, \u0130stanbul&#8217;un fethinin y\u0131ld\u00f6n\u00fcm\u00fc olan 29 May\u0131s&#8217;ta Fener Rum Patri\u011fi Bartholomeos&#8217;a suikast yap\u0131laca\u011f\u0131 bildirildi. \u0130hbarda suikasti Serdar. A ile birlikte ad\u0131 verilmeyen \u00fclk\u00fcc\u00fc bir &#8220;&#8216;Reis&#8221;in ger\u00e7ekle\u015ftirece\u011fine dikkat \u00e7ekildi. \u0130stanbul polisi ve istihbarat birimleri alarma ge\u00e7ti. \u00d6nce Bartholomes, s\u0131k\u0131 g\u00fcvenlik \u00e7emberine al\u0131nd\u0131, ard\u0131ndan Mart ay\u0131 i\u00e7erisinde \u0130stanbul&#8217;da &#8220;ke\u015fif&#8221; i\u00e7in bulundu\u011fu \u00f6ne s\u00fcr\u00fclen Serdar. A g\u00f6zalt\u0131na al\u0131nd\u0131. Kayseri&#8217;de yabanc\u0131 uyruklu ve K\u00fcrt k\u00f6kenli i\u015fyerlerini ve ki\u015fileri tehdit etmekten sab\u0131kas\u0131 \u00e7\u0131kan Serdar. A, hakk\u0131ndaki iddilar\u0131 reddetti ve serbest b\u0131rak\u0131ld\u0131. Kayseri &#8220;yetkisizlik&#8221; karar\u0131 ile dosyay\u0131 Ter\u00f6rle M\u00fccadele Kanunu 10. maddesiyle (TMK) g\u00f6revli Ankara Cumhuriyet Ba\u015fsavc\u0131vekilli\u011fine g\u00f6nderdi ve soru\u015fturma ba\u015flat\u0131ld\u0131.<\/p>\n<p style=\"text-align: justify\"><b>SU\u0130KAST\u00c7IYI TAR\u0130F ETT\u0130<\/b><\/p>\n<p style=\"text-align: justify\">\u0130hbar mektubunda suikast\u00e7\u0131y\u0131 \u015f\u00f6yle tan\u0131mland\u0131:<\/p>\n<p style=\"text-align: justify\">&#8220;A\u011fr\u0131 n\u00fcfusuna kay\u0131tl\u0131, e\u015finden ayr\u0131lm\u0131\u015f, \u00e7ocuklar\u0131n\u0131 ayda bir kere g\u00f6r\u00fcyor. Annesi ve karde\u015fleri de kendisine sahip \u00e7\u0131km\u0131yor. Problemli oldu\u011fu ve art\u0131k kendisinin kaybedecek bir \u015feyinin bulunmad\u0131\u011f\u0131, T\u00fcrkiye&#8217;deki misyonerli\u011fi i\u00e7ine sindiremedi\u011fi, bunun i\u00e7in Sahabiye mahallesi \u00dclk\u00fcc\u00fc \u0130\u015f\u00e7iler Derne\u011fi&#8217;nde Reis olan bir \u015fah\u0131s ve halen Organize Sanayi B\u00f6lgesi&#8217;nde elektrik i\u015f\u00e7isi bir \u015fah\u0131s ile birlikte Fener Rum Patri\u011fi Bartholomeos&#8217;u \u00f6ld\u00fcrmeyi planl\u0131yorlar. Ke\u015fif \u00e7al\u0131\u015fmalar\u0131ndan sonra bu eylemi ger\u00e7ekle\u015ftirecekler.&#8221;<\/p>\n<p style=\"text-align: justify\"><b>&#8220;HAYAL\u0130 OLARAK UYDURDUM&#8221;<\/b><\/p>\n<p style=\"text-align: justify\">\u0130stihbarat birimlerinin ara\u015ft\u0131rmas\u0131 sonucunda, Serdar A.&#8217;n\u0131n ger\u00e7ekten de 15-20 Mart tarihleri aras\u0131nda \u0130stanbul&#8217;da bulundu\u011fu tespit edildi. Bu geli\u015fme \u00fczerine, polis Serdar A.&#8217;y\u0131 28 Mart&#8217;ta Kayseri&#8217;de Melikgazi Hunat PTT Ba\u015fm\u00fcd\u00fcrl\u00fc\u011f\u00fc \u00f6n\u00fcnde gezerken g\u00f6zalt\u0131na ald\u0131. Serdar A., ifadesinde su\u00e7lamalar\u0131 reddetti. Serdar A., \u0130stanbul&#8217;da belirtilen tarihlerde bulundu\u011funu ve g\u00f6r\u00fc\u015ft\u00fc\u011f\u00fc ki\u015filerin Laleli Tranvay duraklar\u0131 kar\u015f\u0131s\u0131ndaki d\u00fckkan\u0131 i\u015fleten k\u00f6yl\u00fcleri oldu\u011funu, yol paras\u0131 buldu\u011fu taktirde 14-15 Nisan&#8217;da \u0130stanbul&#8217;a giderek bu k\u00f6yl\u00fclerinin yan\u0131nda \u00e7al\u0131\u015fmay\u0131 ama\u00e7lad\u0131\u011f\u0131n\u0131 s\u00f6yledi. Serdar A., Bartholomeos&#8217;un nerede oturdu\u011funu ve g\u00f6revinin ne oldu\u011funu bilmedi\u011fini, kendisini bas\u0131ndan g\u00f6rd\u00fc\u011f\u00fc kadar\u0131yla tan\u0131d\u0131\u011f\u0131n\u0131, \u00f6ld\u00fcrmek gibi bir niyet ve \u00e7al\u0131\u015fmas\u0131n\u0131n olmad\u0131\u011f\u0131n\u0131 ifade etti. Serdar A., sorgusunda, bir ortamda o g\u00fcnk\u00fc psikolojik durumundan kaynakl\u0131 olarak Patri\u011fi \u00f6ld\u00fcrece\u011fini s\u00f6yledi\u011fini belirterek, &#8220;Beni bu d\u00fc\u015f\u00fcnceye sevkeden veya y\u00f6nlendiren kimse yok. Bu t\u00fcr s\u00f6ylemleri hayali olarak kendim uydurdum&#8221; dedi.<\/p>\n<p style=\"text-align: justify\"><b>SABIKASI \u00c7IKTI<\/b><\/p>\n<p style=\"text-align: justify\">Serdar A.&#8217;n\u0131n, 10 May\u0131s 2007&#8217;de Kayseri&#8217;de faaliyet g\u00f6steren Judge Marketing adl\u0131 \u015firket ile 8 temmuz 2007&#8217;de Amerikan K\u00fclt\u00fcr Derne\u011fi&#8217;ye y\u00f6nelik &#8220;\u00f6l\u00fcm tehdidi ve hara\u00e7 isteme&#8221; su\u00e7lar\u0131ndan yarg\u0131lanarak 5 y\u0131l hapis cezas\u0131na \u00e7arpt\u0131r\u0131ld\u0131\u011f\u0131, cezalar\u0131n\u0131n ertelendi\u011fi ortaya \u00e7\u0131kt\u0131. Serdar A.&#8217;n\u0131n, son olarak Kayseri Hac\u0131 Bekta\u015f-\u0131 Veli, BDP, EMEP, Kayseri \u0130\u015f\u00e7i K\u00fclt\u00fcrevi gibi yerlere &#8220;Ak\u0131ll\u0131 olun nefesim ensenizde. Yapm\u0131\u015f oldu\u011funuz diyalogdan haberim var. Birg\u00fcn hepiniz \u015fehit kanlar\u0131 i\u00e7erisinde bo\u011fulacaks\u0131n\u0131z vatan hainleri&#8230;&#8221; \u015feklinde \u00f6l\u00fcm ve hakaret i\u00e7eren tehdit mektuplar\u0131 g\u00f6nderdi\u011fi tespit edildi.<\/p>\n<p style=\"text-align: justify\"><b>2008&#8217;DE G\u00d6ZALTINA ALINMI\u015e<\/b><\/p>\n<p style=\"text-align: justify\">\u0130hbar mektubunda adlar\u0131 ge\u00e7en di\u011fer iki ki\u015fi \u00fczerinde polisin ara\u015ft\u0131rmalar\u0131 s\u00fcrerken, Serdar A.&#8217;n\u0131n soru\u015fturma dosyas\u0131 Kayseri Cumhuriyet Ba\u015fsavc\u0131l\u0131\u011f\u0131 taraf\u0131ndan, Ankara Ter\u00f6rle M\u00fccadele Kanunu&#8217;nun 10. maddesiyle g\u00f6revli Ba\u015fsavc\u0131vekilli\u011fine g\u00f6nderildi. Ankara savc\u0131l\u0131\u011f\u0131n\u0131n talebi \u00fczerine gelen bir istihbarat raporuna g\u00f6re Serdar A.&#8217;n\u0131n, 03 A\u011fustos 2008&#8217;de \u0130stanbul Emniyeti&#8217;ne g\u00f6nderilen bir ihbar mektubu nedeniyle 05 a\u011fustosta g\u00f6zalt\u0131na al\u0131nd\u0131\u011f\u0131 ortaya \u00e7\u0131kt\u0131.<\/p>\n<p style=\"text-align: justify\"><a href=\"http:\/\/www.haber10.com\/haber\/371223\/#.UYyZsLUqySo\"><b><i>http:\/\/www.haber10.com\/haber\/371223\/#.UYyZsLUqySo<\/i><\/b><\/a><\/p>\n<p style=\"text-align: justify\">\n","protected":false},"excerpt":{"rendered":"<p>Kayseri Cumhuriyet Ba\u015fsavc\u0131l\u0131\u011f\u0131, Fener Rum Patri\u011fine \u0130stanbul&#8217;un fethi y\u0131l d\u00f6n\u00fcm\u00fcnde suikast yap\u0131laca\u011f\u0131 gerek\u00e7esiyle soru\u015fturma a\u00e7m\u0131\u015f. Fener Rum Patri\u011fi Barthalomeos&#8217;a suikast haz\u0131rl\u0131\u011f\u0131 i\u00e7inde oldu\u011fu ihbar edilen bir \u015fah\u0131s g\u00f6zalt\u0131na al\u0131nd\u0131. Kayseri Ba\u015fsavc\u0131l\u0131\u011f\u0131&#8217;na g\u00f6nderilen bir ihbar mektubunda, \u0130stanbul&#8217;un fethinin y\u0131ld\u00f6n\u00fcm\u00fc olan 29 May\u0131s&#8217;ta Fener Rum Patri\u011fi Bartholomeos&#8217;a suikast yap\u0131laca\u011f\u0131 bildirildi. \u0130hbarda suikasti Serdar. A ile birlikte ad\u0131 [&hellip;]<\/p>\n","protected":false},"author":3,"featured_media":0,"comment_status":"open","ping_status":"open","sticky":false,"template":"","format":"standard","meta":{"footnotes":""},"categories":[14,42],"tags":[],"class_list":["post-23336","post","type-post","status-publish","format-standard","hentry","category-haberler","category-turkiyede-azinliklar"],"yoast_head":"<!-- This site is optimized with the Yoast SEO plugin v26.6 - https:\/\/yoast.com\/wordpress\/plugins\/seo\/ -->\n<title>Patrik&#039;e suikast iddias\u0131 - Bati Ermenistan Ve Bati Ermenileri Sorunlari Ara\u015ftirmalar Merkezi<\/title>\n<meta name=\"robots\" content=\"index, follow, max-snippet:-1, max-image-preview:large, max-video-preview:-1\" \/>\n<link rel=\"canonical\" href=\"https:\/\/akunq.net\/turkish\/2013\/05\/10\/patrike-suikast-iddiasi\/\" \/>\n<meta property=\"og:locale\" content=\"en_US\" \/>\n<meta property=\"og:type\" content=\"article\" \/>\n<meta property=\"og:title\" content=\"Patrik&#039;e suikast iddias\u0131 - Bati Ermenistan Ve Bati Ermenileri Sorunlari Ara\u015ftirmalar Merkezi\" \/>\n<meta property=\"og:description\" content=\"Kayseri Cumhuriyet Ba\u015fsavc\u0131l\u0131\u011f\u0131, Fener Rum Patri\u011fine \u0130stanbul&#8217;un fethi y\u0131l d\u00f6n\u00fcm\u00fcnde suikast yap\u0131laca\u011f\u0131 gerek\u00e7esiyle soru\u015fturma a\u00e7m\u0131\u015f. Fener Rum Patri\u011fi Barthalomeos&#8217;a suikast haz\u0131rl\u0131\u011f\u0131 i\u00e7inde oldu\u011fu ihbar edilen bir \u015fah\u0131s g\u00f6zalt\u0131na al\u0131nd\u0131. Kayseri Ba\u015fsavc\u0131l\u0131\u011f\u0131&#8217;na g\u00f6nderilen bir ihbar mektubunda, \u0130stanbul&#8217;un fethinin y\u0131ld\u00f6n\u00fcm\u00fc olan 29 May\u0131s&#8217;ta Fener Rum Patri\u011fi Bartholomeos&#8217;a suikast yap\u0131laca\u011f\u0131 bildirildi. \u0130hbarda suikasti Serdar. A ile birlikte ad\u0131 [&hellip;]\" \/>\n<meta property=\"og:url\" content=\"https:\/\/akunq.net\/turkish\/2013\/05\/10\/patrike-suikast-iddiasi\/\" \/>\n<meta property=\"og:site_name\" content=\"Bati Ermenistan Ve Bati Ermenileri Sorunlari Ara\u015ftirmalar Merkezi\" \/>\n<meta property=\"article:published_time\" content=\"2013-05-10T07:39:50+00:00\" \/>\n<meta name=\"author\" content=\"kalem\" \/>\n<meta name=\"twitter:card\" content=\"summary_large_image\" \/>\n<meta name=\"twitter:label1\" content=\"Written by\" \/>\n\t<meta name=\"twitter:data1\" content=\"kalem\" \/>\n\t<meta name=\"twitter:label2\" content=\"Est. reading time\" \/>\n\t<meta name=\"twitter:data2\" content=\"3 minutes\" \/>\n<script type=\"application\/ld+json\" class=\"yoast-schema-graph\">{\"@context\":\"https:\/\/schema.org\",\"@graph\":[{\"@type\":\"WebPage\",\"@id\":\"https:\/\/akunq.net\/turkish\/2013\/05\/10\/patrike-suikast-iddiasi\/\",\"url\":\"https:\/\/akunq.net\/turkish\/2013\/05\/10\/patrike-suikast-iddiasi\/\",\"name\":\"Patrik'e suikast iddias\u0131 - Bati Ermenistan Ve Bati Ermenileri Sorunlari Ara\u015ftirmalar Merkezi\",\"isPartOf\":{\"@id\":\"https:\/\/akunq.net\/turkish\/#website\"},\"datePublished\":\"2013-05-10T07:39:50+00:00\",\"author\":{\"@id\":\"https:\/\/akunq.net\/turkish\/#\/schema\/person\/135e7923d1aeb8887890799619969a6c\"},\"breadcrumb\":{\"@id\":\"https:\/\/akunq.net\/turkish\/2013\/05\/10\/patrike-suikast-iddiasi\/#breadcrumb\"},\"inLanguage\":\"en-US\",\"potentialAction\":[{\"@type\":\"ReadAction\",\"target\":[\"https:\/\/akunq.net\/turkish\/2013\/05\/10\/patrike-suikast-iddiasi\/\"]}]},{\"@type\":\"BreadcrumbList\",\"@id\":\"https:\/\/akunq.net\/turkish\/2013\/05\/10\/patrike-suikast-iddiasi\/#breadcrumb\",\"itemListElement\":[{\"@type\":\"ListItem\",\"position\":1,\"name\":\"Home\",\"item\":\"https:\/\/akunq.net\/turkish\/\"},{\"@type\":\"ListItem\",\"position\":2,\"name\":\"Patrik&#8217;e suikast iddias\u0131\"}]},{\"@type\":\"WebSite\",\"@id\":\"https:\/\/akunq.net\/turkish\/#website\",\"url\":\"https:\/\/akunq.net\/turkish\/\",\"name\":\"Bati Ermenistan Ve Bati Ermenileri Sorunlari Ara\u015ftirmalar Merkezi\",\"description\":\"\",\"potentialAction\":[{\"@type\":\"SearchAction\",\"target\":{\"@type\":\"EntryPoint\",\"urlTemplate\":\"https:\/\/akunq.net\/turkish\/?s={search_term_string}\"},\"query-input\":{\"@type\":\"PropertyValueSpecification\",\"valueRequired\":true,\"valueName\":\"search_term_string\"}}],\"inLanguage\":\"en-US\"},{\"@type\":\"Person\",\"@id\":\"https:\/\/akunq.net\/turkish\/#\/schema\/person\/135e7923d1aeb8887890799619969a6c\",\"name\":\"kalem\",\"image\":{\"@type\":\"ImageObject\",\"inLanguage\":\"en-US\",\"@id\":\"https:\/\/akunq.net\/turkish\/#\/schema\/person\/image\/\",\"url\":\"https:\/\/secure.gravatar.com\/avatar\/a06875e4b25feb5674296adf8e8a7ae1e587cebce2493fe63c456109967e27d3?s=96&d=mm&r=g\",\"contentUrl\":\"https:\/\/secure.gravatar.com\/avatar\/a06875e4b25feb5674296adf8e8a7ae1e587cebce2493fe63c456109967e27d3?s=96&d=mm&r=g\",\"caption\":\"kalem\"},\"url\":\"https:\/\/akunq.net\/turkish\/author\/kalem\/\"}]}<\/script>\n<!-- \/ Yoast SEO plugin. -->","yoast_head_json":{"title":"Patrik'e suikast iddias\u0131 - Bati Ermenistan Ve Bati Ermenileri Sorunlari Ara\u015ftirmalar Merkezi","robots":{"index":"index","follow":"follow","max-snippet":"max-snippet:-1","max-image-preview":"max-image-preview:large","max-video-preview":"max-video-preview:-1"},"canonical":"https:\/\/akunq.net\/turkish\/2013\/05\/10\/patrike-suikast-iddiasi\/","og_locale":"en_US","og_type":"article","og_title":"Patrik'e suikast iddias\u0131 - Bati Ermenistan Ve Bati Ermenileri Sorunlari Ara\u015ftirmalar Merkezi","og_description":"Kayseri Cumhuriyet Ba\u015fsavc\u0131l\u0131\u011f\u0131, Fener Rum Patri\u011fine \u0130stanbul&#8217;un fethi y\u0131l d\u00f6n\u00fcm\u00fcnde suikast yap\u0131laca\u011f\u0131 gerek\u00e7esiyle soru\u015fturma a\u00e7m\u0131\u015f. Fener Rum Patri\u011fi Barthalomeos&#8217;a suikast haz\u0131rl\u0131\u011f\u0131 i\u00e7inde oldu\u011fu ihbar edilen bir \u015fah\u0131s g\u00f6zalt\u0131na al\u0131nd\u0131. Kayseri Ba\u015fsavc\u0131l\u0131\u011f\u0131&#8217;na g\u00f6nderilen bir ihbar mektubunda, \u0130stanbul&#8217;un fethinin y\u0131ld\u00f6n\u00fcm\u00fc olan 29 May\u0131s&#8217;ta Fener Rum Patri\u011fi Bartholomeos&#8217;a suikast yap\u0131laca\u011f\u0131 bildirildi. \u0130hbarda suikasti Serdar. A ile birlikte ad\u0131 [&hellip;]","og_url":"https:\/\/akunq.net\/turkish\/2013\/05\/10\/patrike-suikast-iddiasi\/","og_site_name":"Bati Ermenistan Ve Bati Ermenileri Sorunlari Ara\u015ftirmalar Merkezi","article_published_time":"2013-05-10T07:39:50+00:00","author":"kalem","twitter_card":"summary_large_image","twitter_misc":{"Written by":"kalem","Est. reading time":"3 minutes"},"schema":{"@context":"https:\/\/schema.org","@graph":[{"@type":"WebPage","@id":"https:\/\/akunq.net\/turkish\/2013\/05\/10\/patrike-suikast-iddiasi\/","url":"https:\/\/akunq.net\/turkish\/2013\/05\/10\/patrike-suikast-iddiasi\/","name":"Patrik'e suikast iddias\u0131 - Bati Ermenistan Ve Bati Ermenileri Sorunlari Ara\u015ftirmalar Merkezi","isPartOf":{"@id":"https:\/\/akunq.net\/turkish\/#website"},"datePublished":"2013-05-10T07:39:50+00:00","author":{"@id":"https:\/\/akunq.net\/turkish\/#\/schema\/person\/135e7923d1aeb8887890799619969a6c"},"breadcrumb":{"@id":"https:\/\/akunq.net\/turkish\/2013\/05\/10\/patrike-suikast-iddiasi\/#breadcrumb"},"inLanguage":"en-US","potentialAction":[{"@type":"ReadAction","target":["https:\/\/akunq.net\/turkish\/2013\/05\/10\/patrike-suikast-iddiasi\/"]}]},{"@type":"BreadcrumbList","@id":"https:\/\/akunq.net\/turkish\/2013\/05\/10\/patrike-suikast-iddiasi\/#breadcrumb","itemListElement":[{"@type":"ListItem","position":1,"name":"Home","item":"https:\/\/akunq.net\/turkish\/"},{"@type":"ListItem","position":2,"name":"Patrik&#8217;e suikast iddias\u0131"}]},{"@type":"WebSite","@id":"https:\/\/akunq.net\/turkish\/#website","url":"https:\/\/akunq.net\/turkish\/","name":"Bati Ermenistan Ve Bati Ermenileri Sorunlari Ara\u015ftirmalar Merkezi","description":"","potentialAction":[{"@type":"SearchAction","target":{"@type":"EntryPoint","urlTemplate":"https:\/\/akunq.net\/turkish\/?s={search_term_string}"},"query-input":{"@type":"PropertyValueSpecification","valueRequired":true,"valueName":"search_term_string"}}],"inLanguage":"en-US"},{"@type":"Person","@id":"https:\/\/akunq.net\/turkish\/#\/schema\/person\/135e7923d1aeb8887890799619969a6c","name":"kalem","image":{"@type":"ImageObject","inLanguage":"en-US","@id":"https:\/\/akunq.net\/turkish\/#\/schema\/person\/image\/","url":"https:\/\/secure.gravatar.com\/avatar\/a06875e4b25feb5674296adf8e8a7ae1e587cebce2493fe63c456109967e27d3?s=96&d=mm&r=g","contentUrl":"https:\/\/secure.gravatar.com\/avatar\/a06875e4b25feb5674296adf8e8a7ae1e587cebce2493fe63c456109967e27d3?s=96&d=mm&r=g","caption":"kalem"},"url":"https:\/\/akunq.net\/turkish\/author\/kalem\/"}]}},"_links":{"self":[{"href":"https:\/\/akunq.net\/turkish\/wp-json\/wp\/v2\/posts\/23336","targetHints":{"allow":["GET"]}}],"collection":[{"href":"https:\/\/akunq.net\/turkish\/wp-json\/wp\/v2\/posts"}],"about":[{"href":"https:\/\/akunq.net\/turkish\/wp-json\/wp\/v2\/types\/post"}],"author":[{"embeddable":true,"href":"https:\/\/akunq.net\/turkish\/wp-json\/wp\/v2\/users\/3"}],"replies":[{"embeddable":true,"href":"https:\/\/akunq.net\/turkish\/wp-json\/wp\/v2\/comments?post=23336"}],"version-history":[{"count":0,"href":"https:\/\/akunq.net\/turkish\/wp-json\/wp\/v2\/posts\/23336\/revisions"}],"wp:attachment":[{"href":"https:\/\/akunq.net\/turkish\/wp-json\/wp\/v2\/media?parent=23336"}],"wp:term":[{"taxonomy":"category","embeddable":true,"href":"https:\/\/akunq.net\/turkish\/wp-json\/wp\/v2\/categories?post=23336"},{"taxonomy":"post_tag","embeddable":true,"href":"https:\/\/akunq.net\/turkish\/wp-json\/wp\/v2\/tags?post=23336"}],"curies":[{"name":"wp","href":"https:\/\/api.w.org\/{rel}","templated":true}]}}