{"id":23317,"date":"2013-05-09T01:37:26","date_gmt":"2013-05-09T06:37:26","guid":{"rendered":"http:\/\/akunq.net\/tr\/?p=23317"},"modified":"2013-05-09T01:37:26","modified_gmt":"2013-05-09T06:37:26","slug":"pkk-turkiyeyi-terk-ediyor","status":"publish","type":"post","link":"https:\/\/akunq.net\/turkish\/2013\/05\/09\/pkk-turkiyeyi-terk-ediyor\/","title":{"rendered":"PKK T\u00fcrkiye&#8217;yi terk ediyor"},"content":{"rendered":"<h2 style=\"text-align: justify\"><i><a href=\"http:\/\/akunq.net\/tr\/?attachment_id=23318\" rel=\"attachment wp-att-23318\"><img loading=\"lazy\" decoding=\"async\" class=\"alignright size-medium wp-image-23318\" alt=\"PKK\" src=\"http:\/\/akunq.net\/tr\/wp-content\/uploads\/2013\/05\/PKK-300x225.jpg\" width=\"300\" height=\"225\" srcset=\"https:\/\/akunq.net\/turkish\/wp-content\/uploads\/sites\/5\/2013\/05\/PKK-300x225.jpg 300w, https:\/\/akunq.net\/turkish\/wp-content\/uploads\/sites\/5\/2013\/05\/PKK.jpg 640w\" sizes=\"auto, (max-width: 300px) 100vw, 300px\" \/><\/a>PKK s\u0131n\u0131r d\u0131\u015f\u0131na \u00e7ekilmeye ba\u015flad\u0131. Bug\u00fcn baz\u0131 militanlara ait s\u0131n\u0131r d\u0131\u015f\u0131na \u00e7ekilme g\u00f6r\u00fcnt\u00fcleri payla\u015f\u0131ld\u0131. <\/i><\/h2>\n<p style=\"text-align: justify\">S\u0131n\u0131r d\u0131\u015f\u0131na \u00e7ekilme i\u00e7in Kandil&#8217;in belirledi\u011fi takvim bug\u00fcn i\u015flemeye ba\u015flad\u0131.<\/p>\n<p style=\"text-align: justify\">Hakkari ve \u00e7evresinde bulundu\u011fu iddia edilen PKK \u00fcyelerinin, sabah saat 03.00&#8217;ten itibaren gruplar halinde \u00e7ekilmeye ba\u015flad\u0131\u011f\u0131 belirtildi.<\/p>\n<p style=\"text-align: justify\">\u0130simlerinin a\u00e7\u0131klanmas\u0131n\u0131 istemeyen baz\u0131 k\u00f6yl\u00fcler de, PKK \u00fcyelerinin gruplar halinde b\u00f6lgeden \u00e7ekildiklerini do\u011frulad\u0131.<\/p>\n<p style=\"text-align: justify\">Hakkari&#8217;de herhangi bir hava hareketlili\u011fi ya\u015fanmazken, insans\u0131z hava ara\u00e7lar\u0131n\u0131n (\u0130HA) da b\u00f6lgede g\u00f6r\u00fcnmedi\u011fi belirtiliyor.<\/p>\n<p style=\"text-align: justify\">S\u0131n\u0131r boylar\u0131nda bulunan askerlerin \u00e7ekilme an\u0131na tan\u0131kl\u0131k edip etmedi\u011fi hakk\u0131nda ise net bir bilgi al\u0131namad\u0131. Baz\u0131 k\u00f6yl\u00fcler, b\u00f6lgede herhangi bir askeri operasyona tan\u0131kl\u0131k etmediklerini ifade etti.<\/p>\n<p style=\"text-align: justify\"><strong>DEM\u0130RTA\u015e&#8217;TAN \u00c7EK\u0130LMEYE DO\u011eRULAMA<\/strong><\/p>\n<p style=\"text-align: justify\">AFP&#8217;ye konu\u015fan BDP Genel Ba\u015fkan\u0131 Selahattin Demirta\u015f, &#8220;\u00c7ekilmenin ba\u015flad\u0131\u011f\u0131n\u0131 biliyoruz&#8221; dedi. Demirta\u015f, PKK&#8217;l\u0131lar\u0131n, hem olas\u0131 gerginliklerin \u00f6n\u00fcne ge\u00e7mek hem de g\u00fcvenliklerini tehlikeye atmamak i\u00e7in hava karard\u0131ktan sonra hareket ettiklerini s\u00f6yledi. BDP lideri, &#8220;G\u00fcnd\u00fczleri g\u00f6r\u00fcnmeyip, geceleri hareket etmeyi tercih ediyorlar&#8221; diye konu\u015ftu. BDP Genel Ba\u015fkan Yard\u0131mc\u0131s\u0131 G\u00fcltan K\u0131\u015fanak da, Associated Press&#8217;e yapt\u0131\u011f\u0131 a\u00e7\u0131klamada, ilk grup PKK&#8217;l\u0131n\u0131n Kuzey Irak&#8217;taki kamplara do\u011fru hareket etti\u011fini s\u00f6yledi.<\/p>\n<p style=\"text-align: justify\"><strong>&#8216;\u00c7EK\u0130LENLER \u0130K\u0130 KAMPA YERLE\u015eECEK&#8217; \u0130DD\u0130ASI<\/strong><\/p>\n<p style=\"text-align: justify\">PKK&#8217;n\u0131n G\u00fcneydo\u011fu yap\u0131lanmas\u0131 Gabar ve Cudi da\u011flar\u0131 \u00fczerinden Uludere&#8217;ye ve son olarak Haftanin B\u00f6lgesi&#8217;ne ula\u015facak. Tunceli yap\u0131lanmas\u0131 ise ikiye b\u00f6l\u00fcnerek yola \u00e7\u0131kacak. Do\u011fu Anadolu gruplar\u0131 k\u0131\u015f ko\u015fullar\u0131 nedeniyle en son \u00e7ekilecek. Ba\u015fkale-\u015eemdinli-\u00c7ukurca ve Beyt\u00fc\u015f\u015febap \u00fczerinden, Hakurk ve Zap b\u00f6lgesine ge\u00e7i\u015f yap\u0131lacak. Gruplar, Kuzey Irak&#8217;\u0131n Hakurk ve Gare b\u00f6lgesinde toplanacak.<\/p>\n<p style=\"text-align: justify\"><b><i>http:\/\/www.pressmedya.com\/manset\/14405\/pkk-turkiyeyi-terk-ediyor.html<\/i><\/b><\/p>\n","protected":false},"excerpt":{"rendered":"<p>PKK s\u0131n\u0131r d\u0131\u015f\u0131na \u00e7ekilmeye ba\u015flad\u0131. Bug\u00fcn baz\u0131 militanlara ait s\u0131n\u0131r d\u0131\u015f\u0131na \u00e7ekilme g\u00f6r\u00fcnt\u00fcleri payla\u015f\u0131ld\u0131. S\u0131n\u0131r d\u0131\u015f\u0131na \u00e7ekilme i\u00e7in Kandil&#8217;in belirledi\u011fi takvim bug\u00fcn i\u015flemeye ba\u015flad\u0131. Hakkari ve \u00e7evresinde bulundu\u011fu iddia edilen PKK \u00fcyelerinin, sabah saat 03.00&#8217;ten itibaren gruplar halinde \u00e7ekilmeye ba\u015flad\u0131\u011f\u0131 belirtildi. \u0130simlerinin a\u00e7\u0131klanmas\u0131n\u0131 istemeyen baz\u0131 k\u00f6yl\u00fcler de, PKK \u00fcyelerinin gruplar halinde b\u00f6lgeden \u00e7ekildiklerini do\u011frulad\u0131. Hakkari&#8217;de [&hellip;]<\/p>\n","protected":false},"author":3,"featured_media":0,"comment_status":"open","ping_status":"open","sticky":false,"template":"","format":"standard","meta":{"footnotes":""},"categories":[14],"tags":[],"class_list":["post-23317","post","type-post","status-publish","format-standard","hentry","category-haberler"],"yoast_head":"<!-- This site is optimized with the Yoast SEO plugin v27.4 - https:\/\/yoast.com\/product\/yoast-seo-wordpress\/ -->\n<title>PKK T\u00fcrkiye&#039;yi terk ediyor - Bati Ermenistan Ve Bati Ermenileri Sorunlari Ara\u015ftirmalar Merkezi<\/title>\n<meta name=\"robots\" content=\"index, follow, max-snippet:-1, max-image-preview:large, max-video-preview:-1\" \/>\n<link rel=\"canonical\" href=\"https:\/\/akunq.net\/turkish\/2013\/05\/09\/pkk-turkiyeyi-terk-ediyor\/\" \/>\n<meta property=\"og:locale\" content=\"en_US\" \/>\n<meta property=\"og:type\" content=\"article\" \/>\n<meta property=\"og:title\" content=\"PKK T\u00fcrkiye&#039;yi terk ediyor - Bati Ermenistan Ve Bati Ermenileri Sorunlari Ara\u015ftirmalar Merkezi\" \/>\n<meta property=\"og:description\" content=\"PKK s\u0131n\u0131r d\u0131\u015f\u0131na \u00e7ekilmeye ba\u015flad\u0131. Bug\u00fcn baz\u0131 militanlara ait s\u0131n\u0131r d\u0131\u015f\u0131na \u00e7ekilme g\u00f6r\u00fcnt\u00fcleri payla\u015f\u0131ld\u0131. S\u0131n\u0131r d\u0131\u015f\u0131na \u00e7ekilme i\u00e7in Kandil&#8217;in belirledi\u011fi takvim bug\u00fcn i\u015flemeye ba\u015flad\u0131. Hakkari ve \u00e7evresinde bulundu\u011fu iddia edilen PKK \u00fcyelerinin, sabah saat 03.00&#8217;ten itibaren gruplar halinde \u00e7ekilmeye ba\u015flad\u0131\u011f\u0131 belirtildi. \u0130simlerinin a\u00e7\u0131klanmas\u0131n\u0131 istemeyen baz\u0131 k\u00f6yl\u00fcler de, PKK \u00fcyelerinin gruplar halinde b\u00f6lgeden \u00e7ekildiklerini do\u011frulad\u0131. Hakkari&#8217;de [&hellip;]\" \/>\n<meta property=\"og:url\" content=\"https:\/\/akunq.net\/turkish\/2013\/05\/09\/pkk-turkiyeyi-terk-ediyor\/\" \/>\n<meta property=\"og:site_name\" content=\"Bati Ermenistan Ve Bati Ermenileri Sorunlari Ara\u015ftirmalar Merkezi\" \/>\n<meta property=\"article:published_time\" content=\"2013-05-09T06:37:26+00:00\" \/>\n<meta property=\"og:image\" content=\"https:\/\/akunq.net\/turkish\/wp-content\/uploads\/sites\/5\/2013\/05\/PKK.jpg\" \/>\n\t<meta property=\"og:image:width\" content=\"640\" \/>\n\t<meta property=\"og:image:height\" content=\"480\" \/>\n\t<meta property=\"og:image:type\" content=\"image\/jpeg\" \/>\n<meta name=\"author\" content=\"kalem\" \/>\n<meta name=\"twitter:card\" content=\"summary_large_image\" \/>\n<meta name=\"twitter:label1\" content=\"Written by\" \/>\n\t<meta name=\"twitter:data1\" content=\"kalem\" \/>\n\t<meta name=\"twitter:label2\" content=\"Est. reading time\" \/>\n\t<meta name=\"twitter:data2\" content=\"2 minutes\" \/>\n<script type=\"application\/ld+json\" class=\"yoast-schema-graph\">{\"@context\":\"https:\\\/\\\/schema.org\",\"@graph\":[{\"@type\":\"Article\",\"@id\":\"https:\\\/\\\/akunq.net\\\/turkish\\\/2013\\\/05\\\/09\\\/pkk-turkiyeyi-terk-ediyor\\\/#article\",\"isPartOf\":{\"@id\":\"https:\\\/\\\/akunq.net\\\/turkish\\\/2013\\\/05\\\/09\\\/pkk-turkiyeyi-terk-ediyor\\\/\"},\"author\":{\"name\":\"kalem\",\"@id\":\"https:\\\/\\\/akunq.net\\\/turkish\\\/#\\\/schema\\\/person\\\/135e7923d1aeb8887890799619969a6c\"},\"headline\":\"PKK T\u00fcrkiye&#8217;yi terk ediyor\",\"datePublished\":\"2013-05-09T06:37:26+00:00\",\"mainEntityOfPage\":{\"@id\":\"https:\\\/\\\/akunq.net\\\/turkish\\\/2013\\\/05\\\/09\\\/pkk-turkiyeyi-terk-ediyor\\\/\"},\"wordCount\":334,\"commentCount\":0,\"image\":{\"@id\":\"https:\\\/\\\/akunq.net\\\/turkish\\\/2013\\\/05\\\/09\\\/pkk-turkiyeyi-terk-ediyor\\\/#primaryimage\"},\"thumbnailUrl\":\"http:\\\/\\\/akunq.net\\\/tr\\\/wp-content\\\/uploads\\\/2013\\\/05\\\/PKK-300x225.jpg\",\"articleSection\":[\"Haberler\"],\"inLanguage\":\"en-US\",\"potentialAction\":[{\"@type\":\"CommentAction\",\"name\":\"Comment\",\"target\":[\"https:\\\/\\\/akunq.net\\\/turkish\\\/2013\\\/05\\\/09\\\/pkk-turkiyeyi-terk-ediyor\\\/#respond\"]}]},{\"@type\":\"WebPage\",\"@id\":\"https:\\\/\\\/akunq.net\\\/turkish\\\/2013\\\/05\\\/09\\\/pkk-turkiyeyi-terk-ediyor\\\/\",\"url\":\"https:\\\/\\\/akunq.net\\\/turkish\\\/2013\\\/05\\\/09\\\/pkk-turkiyeyi-terk-ediyor\\\/\",\"name\":\"PKK T\u00fcrkiye'yi terk ediyor - Bati Ermenistan Ve Bati Ermenileri Sorunlari Ara\u015ftirmalar Merkezi\",\"isPartOf\":{\"@id\":\"https:\\\/\\\/akunq.net\\\/turkish\\\/#website\"},\"primaryImageOfPage\":{\"@id\":\"https:\\\/\\\/akunq.net\\\/turkish\\\/2013\\\/05\\\/09\\\/pkk-turkiyeyi-terk-ediyor\\\/#primaryimage\"},\"image\":{\"@id\":\"https:\\\/\\\/akunq.net\\\/turkish\\\/2013\\\/05\\\/09\\\/pkk-turkiyeyi-terk-ediyor\\\/#primaryimage\"},\"thumbnailUrl\":\"http:\\\/\\\/akunq.net\\\/tr\\\/wp-content\\\/uploads\\\/2013\\\/05\\\/PKK-300x225.jpg\",\"datePublished\":\"2013-05-09T06:37:26+00:00\",\"author\":{\"@id\":\"https:\\\/\\\/akunq.net\\\/turkish\\\/#\\\/schema\\\/person\\\/135e7923d1aeb8887890799619969a6c\"},\"breadcrumb\":{\"@id\":\"https:\\\/\\\/akunq.net\\\/turkish\\\/2013\\\/05\\\/09\\\/pkk-turkiyeyi-terk-ediyor\\\/#breadcrumb\"},\"inLanguage\":\"en-US\",\"potentialAction\":[{\"@type\":\"ReadAction\",\"target\":[\"https:\\\/\\\/akunq.net\\\/turkish\\\/2013\\\/05\\\/09\\\/pkk-turkiyeyi-terk-ediyor\\\/\"]}]},{\"@type\":\"ImageObject\",\"inLanguage\":\"en-US\",\"@id\":\"https:\\\/\\\/akunq.net\\\/turkish\\\/2013\\\/05\\\/09\\\/pkk-turkiyeyi-terk-ediyor\\\/#primaryimage\",\"url\":\"http:\\\/\\\/akunq.net\\\/tr\\\/wp-content\\\/uploads\\\/2013\\\/05\\\/PKK-300x225.jpg\",\"contentUrl\":\"http:\\\/\\\/akunq.net\\\/tr\\\/wp-content\\\/uploads\\\/2013\\\/05\\\/PKK-300x225.jpg\"},{\"@type\":\"BreadcrumbList\",\"@id\":\"https:\\\/\\\/akunq.net\\\/turkish\\\/2013\\\/05\\\/09\\\/pkk-turkiyeyi-terk-ediyor\\\/#breadcrumb\",\"itemListElement\":[{\"@type\":\"ListItem\",\"position\":1,\"name\":\"Home\",\"item\":\"https:\\\/\\\/akunq.net\\\/turkish\\\/\"},{\"@type\":\"ListItem\",\"position\":2,\"name\":\"PKK T\u00fcrkiye&#8217;yi terk ediyor\"}]},{\"@type\":\"WebSite\",\"@id\":\"https:\\\/\\\/akunq.net\\\/turkish\\\/#website\",\"url\":\"https:\\\/\\\/akunq.net\\\/turkish\\\/\",\"name\":\"Bati Ermenistan Ve Bati Ermenileri Sorunlari Ara\u015ftirmalar Merkezi\",\"description\":\"\",\"potentialAction\":[{\"@type\":\"SearchAction\",\"target\":{\"@type\":\"EntryPoint\",\"urlTemplate\":\"https:\\\/\\\/akunq.net\\\/turkish\\\/?s={search_term_string}\"},\"query-input\":{\"@type\":\"PropertyValueSpecification\",\"valueRequired\":true,\"valueName\":\"search_term_string\"}}],\"inLanguage\":\"en-US\"},{\"@type\":\"Person\",\"@id\":\"https:\\\/\\\/akunq.net\\\/turkish\\\/#\\\/schema\\\/person\\\/135e7923d1aeb8887890799619969a6c\",\"name\":\"kalem\",\"image\":{\"@type\":\"ImageObject\",\"inLanguage\":\"en-US\",\"@id\":\"https:\\\/\\\/secure.gravatar.com\\\/avatar\\\/a06875e4b25feb5674296adf8e8a7ae1e587cebce2493fe63c456109967e27d3?s=96&d=mm&r=g\",\"url\":\"https:\\\/\\\/secure.gravatar.com\\\/avatar\\\/a06875e4b25feb5674296adf8e8a7ae1e587cebce2493fe63c456109967e27d3?s=96&d=mm&r=g\",\"contentUrl\":\"https:\\\/\\\/secure.gravatar.com\\\/avatar\\\/a06875e4b25feb5674296adf8e8a7ae1e587cebce2493fe63c456109967e27d3?s=96&d=mm&r=g\",\"caption\":\"kalem\"},\"url\":\"https:\\\/\\\/akunq.net\\\/turkish\\\/author\\\/kalem\\\/\"}]}<\/script>\n<!-- \/ Yoast SEO plugin. -->","yoast_head_json":{"title":"PKK T\u00fcrkiye'yi terk ediyor - Bati Ermenistan Ve Bati Ermenileri Sorunlari Ara\u015ftirmalar Merkezi","robots":{"index":"index","follow":"follow","max-snippet":"max-snippet:-1","max-image-preview":"max-image-preview:large","max-video-preview":"max-video-preview:-1"},"canonical":"https:\/\/akunq.net\/turkish\/2013\/05\/09\/pkk-turkiyeyi-terk-ediyor\/","og_locale":"en_US","og_type":"article","og_title":"PKK T\u00fcrkiye'yi terk ediyor - Bati Ermenistan Ve Bati Ermenileri Sorunlari Ara\u015ftirmalar Merkezi","og_description":"PKK s\u0131n\u0131r d\u0131\u015f\u0131na \u00e7ekilmeye ba\u015flad\u0131. Bug\u00fcn baz\u0131 militanlara ait s\u0131n\u0131r d\u0131\u015f\u0131na \u00e7ekilme g\u00f6r\u00fcnt\u00fcleri payla\u015f\u0131ld\u0131. S\u0131n\u0131r d\u0131\u015f\u0131na \u00e7ekilme i\u00e7in Kandil&#8217;in belirledi\u011fi takvim bug\u00fcn i\u015flemeye ba\u015flad\u0131. Hakkari ve \u00e7evresinde bulundu\u011fu iddia edilen PKK \u00fcyelerinin, sabah saat 03.00&#8217;ten itibaren gruplar halinde \u00e7ekilmeye ba\u015flad\u0131\u011f\u0131 belirtildi. \u0130simlerinin a\u00e7\u0131klanmas\u0131n\u0131 istemeyen baz\u0131 k\u00f6yl\u00fcler de, PKK \u00fcyelerinin gruplar halinde b\u00f6lgeden \u00e7ekildiklerini do\u011frulad\u0131. Hakkari&#8217;de [&hellip;]","og_url":"https:\/\/akunq.net\/turkish\/2013\/05\/09\/pkk-turkiyeyi-terk-ediyor\/","og_site_name":"Bati Ermenistan Ve Bati Ermenileri Sorunlari Ara\u015ftirmalar Merkezi","article_published_time":"2013-05-09T06:37:26+00:00","og_image":[{"width":640,"height":480,"url":"https:\/\/akunq.net\/turkish\/wp-content\/uploads\/sites\/5\/2013\/05\/PKK.jpg","type":"image\/jpeg"}],"author":"kalem","twitter_card":"summary_large_image","twitter_misc":{"Written by":"kalem","Est. reading time":"2 minutes"},"schema":{"@context":"https:\/\/schema.org","@graph":[{"@type":"Article","@id":"https:\/\/akunq.net\/turkish\/2013\/05\/09\/pkk-turkiyeyi-terk-ediyor\/#article","isPartOf":{"@id":"https:\/\/akunq.net\/turkish\/2013\/05\/09\/pkk-turkiyeyi-terk-ediyor\/"},"author":{"name":"kalem","@id":"https:\/\/akunq.net\/turkish\/#\/schema\/person\/135e7923d1aeb8887890799619969a6c"},"headline":"PKK T\u00fcrkiye&#8217;yi terk ediyor","datePublished":"2013-05-09T06:37:26+00:00","mainEntityOfPage":{"@id":"https:\/\/akunq.net\/turkish\/2013\/05\/09\/pkk-turkiyeyi-terk-ediyor\/"},"wordCount":334,"commentCount":0,"image":{"@id":"https:\/\/akunq.net\/turkish\/2013\/05\/09\/pkk-turkiyeyi-terk-ediyor\/#primaryimage"},"thumbnailUrl":"http:\/\/akunq.net\/tr\/wp-content\/uploads\/2013\/05\/PKK-300x225.jpg","articleSection":["Haberler"],"inLanguage":"en-US","potentialAction":[{"@type":"CommentAction","name":"Comment","target":["https:\/\/akunq.net\/turkish\/2013\/05\/09\/pkk-turkiyeyi-terk-ediyor\/#respond"]}]},{"@type":"WebPage","@id":"https:\/\/akunq.net\/turkish\/2013\/05\/09\/pkk-turkiyeyi-terk-ediyor\/","url":"https:\/\/akunq.net\/turkish\/2013\/05\/09\/pkk-turkiyeyi-terk-ediyor\/","name":"PKK T\u00fcrkiye'yi terk ediyor - Bati Ermenistan Ve Bati Ermenileri Sorunlari Ara\u015ftirmalar Merkezi","isPartOf":{"@id":"https:\/\/akunq.net\/turkish\/#website"},"primaryImageOfPage":{"@id":"https:\/\/akunq.net\/turkish\/2013\/05\/09\/pkk-turkiyeyi-terk-ediyor\/#primaryimage"},"image":{"@id":"https:\/\/akunq.net\/turkish\/2013\/05\/09\/pkk-turkiyeyi-terk-ediyor\/#primaryimage"},"thumbnailUrl":"http:\/\/akunq.net\/tr\/wp-content\/uploads\/2013\/05\/PKK-300x225.jpg","datePublished":"2013-05-09T06:37:26+00:00","author":{"@id":"https:\/\/akunq.net\/turkish\/#\/schema\/person\/135e7923d1aeb8887890799619969a6c"},"breadcrumb":{"@id":"https:\/\/akunq.net\/turkish\/2013\/05\/09\/pkk-turkiyeyi-terk-ediyor\/#breadcrumb"},"inLanguage":"en-US","potentialAction":[{"@type":"ReadAction","target":["https:\/\/akunq.net\/turkish\/2013\/05\/09\/pkk-turkiyeyi-terk-ediyor\/"]}]},{"@type":"ImageObject","inLanguage":"en-US","@id":"https:\/\/akunq.net\/turkish\/2013\/05\/09\/pkk-turkiyeyi-terk-ediyor\/#primaryimage","url":"http:\/\/akunq.net\/tr\/wp-content\/uploads\/2013\/05\/PKK-300x225.jpg","contentUrl":"http:\/\/akunq.net\/tr\/wp-content\/uploads\/2013\/05\/PKK-300x225.jpg"},{"@type":"BreadcrumbList","@id":"https:\/\/akunq.net\/turkish\/2013\/05\/09\/pkk-turkiyeyi-terk-ediyor\/#breadcrumb","itemListElement":[{"@type":"ListItem","position":1,"name":"Home","item":"https:\/\/akunq.net\/turkish\/"},{"@type":"ListItem","position":2,"name":"PKK T\u00fcrkiye&#8217;yi terk ediyor"}]},{"@type":"WebSite","@id":"https:\/\/akunq.net\/turkish\/#website","url":"https:\/\/akunq.net\/turkish\/","name":"Bati Ermenistan Ve Bati Ermenileri Sorunlari Ara\u015ftirmalar Merkezi","description":"","potentialAction":[{"@type":"SearchAction","target":{"@type":"EntryPoint","urlTemplate":"https:\/\/akunq.net\/turkish\/?s={search_term_string}"},"query-input":{"@type":"PropertyValueSpecification","valueRequired":true,"valueName":"search_term_string"}}],"inLanguage":"en-US"},{"@type":"Person","@id":"https:\/\/akunq.net\/turkish\/#\/schema\/person\/135e7923d1aeb8887890799619969a6c","name":"kalem","image":{"@type":"ImageObject","inLanguage":"en-US","@id":"https:\/\/secure.gravatar.com\/avatar\/a06875e4b25feb5674296adf8e8a7ae1e587cebce2493fe63c456109967e27d3?s=96&d=mm&r=g","url":"https:\/\/secure.gravatar.com\/avatar\/a06875e4b25feb5674296adf8e8a7ae1e587cebce2493fe63c456109967e27d3?s=96&d=mm&r=g","contentUrl":"https:\/\/secure.gravatar.com\/avatar\/a06875e4b25feb5674296adf8e8a7ae1e587cebce2493fe63c456109967e27d3?s=96&d=mm&r=g","caption":"kalem"},"url":"https:\/\/akunq.net\/turkish\/author\/kalem\/"}]}},"_links":{"self":[{"href":"https:\/\/akunq.net\/turkish\/wp-json\/wp\/v2\/posts\/23317","targetHints":{"allow":["GET"]}}],"collection":[{"href":"https:\/\/akunq.net\/turkish\/wp-json\/wp\/v2\/posts"}],"about":[{"href":"https:\/\/akunq.net\/turkish\/wp-json\/wp\/v2\/types\/post"}],"author":[{"embeddable":true,"href":"https:\/\/akunq.net\/turkish\/wp-json\/wp\/v2\/users\/3"}],"replies":[{"embeddable":true,"href":"https:\/\/akunq.net\/turkish\/wp-json\/wp\/v2\/comments?post=23317"}],"version-history":[{"count":0,"href":"https:\/\/akunq.net\/turkish\/wp-json\/wp\/v2\/posts\/23317\/revisions"}],"wp:attachment":[{"href":"https:\/\/akunq.net\/turkish\/wp-json\/wp\/v2\/media?parent=23317"}],"wp:term":[{"taxonomy":"category","embeddable":true,"href":"https:\/\/akunq.net\/turkish\/wp-json\/wp\/v2\/categories?post=23317"},{"taxonomy":"post_tag","embeddable":true,"href":"https:\/\/akunq.net\/turkish\/wp-json\/wp\/v2\/tags?post=23317"}],"curies":[{"name":"wp","href":"https:\/\/api.w.org\/{rel}","templated":true}]}}