{"id":2331,"date":"2010-10-13T12:04:08","date_gmt":"2010-10-13T17:04:08","guid":{"rendered":"http:\/\/akunq.net\/tr\/?p=2331"},"modified":"2010-10-13T12:04:08","modified_gmt":"2010-10-13T17:04:08","slug":"soykirim-icre-soykirimdan-habersiz","status":"publish","type":"post","link":"https:\/\/akunq.net\/turkish\/2010\/10\/13\/soykirim-icre-soykirimdan-habersiz\/","title":{"rendered":"Soyk\u0131r\u0131m i\u00e7re soyk\u0131r\u0131mdan habersiz"},"content":{"rendered":"<p style=\"text-align: justify\"><strong><em>K\u00f6t\u00fcl\u00fc\u011f\u00fcn bir \u00f6zelli\u011fi var. Al\u0131\u015ft\u0131r\u0131r. \u0130nsan k\u00f6t\u00fcl\u00fc\u011fe al\u0131\u015f\u0131r.<\/em><\/strong>\n<\/p>\n<p style=\"text-align: justify\">Derya i\u00e7re deryadan habersiz bal\u0131klar gibi, s\u00fcrekli k\u00f6t\u00fcl\u00fc\u011f\u00fcn i\u00e7inde ya\u015farsan\u0131z, yava\u015f yava\u015f ortama adapte olur, bir \u00e7e\u015fit evrim ge\u00e7irirsiniz. \u00d6l\u00e7\u00fcleriniz \u015fa\u015far. Hava gibi, su gibi, k\u00f6t\u00fcl\u00fck de normalle\u015fir. \u0130nsan kendi k\u00f6t\u00fcl\u00fc\u011f\u00fcne al\u0131\u015f\u0131r da, &#8220;k\u00f6t\u00fc&#8221;yle m\u00fccadeleyi s\u00fcrd\u00fcrme \u015fan\u0131n\u0131 da kimseye b\u0131rakmamak i\u00e7in kendi k\u00f6t\u00fcl\u00fc\u011f\u00fcnden ba\u015fka herkesin k\u00f6t\u00fcl\u00fc\u011f\u00fcyle u\u011fra\u015f\u0131r.<br \/>\nAlt\u0131n Portakal Film Festivali\u2019nde juri \u00fcyeli\u011fi yapmak \u00fczere Antalya&#8217;ya gelen Emir Kustirica&#8217;y\u0131 boykot ediyoruz. K\u00fclt\u00fcr Bakan\u0131&#8217;m\u0131z da boykot etmi\u015f. Kustirica soyk\u0131r\u0131m\u0131 savundu\u011fu i\u00e7in. Emir Kusturica&#8217;n\u0131n soyk\u0131r\u0131m\u0131 ne kadar savundu\u011funu bilmiyorum. Oturup ara\u015ft\u0131rmak gerek. \u015eu anda demek istediklerim benim i\u00e7in daha \u00f6nemli oldu\u011fundan Kusturica&#8217;y\u0131 incelemeyi sonraya b\u0131rakt\u0131m. Y\u0131llar \u00f6nce S\u0131rplardan yana olmakla su\u00e7land\u0131\u011f\u0131n\u0131, kendisinin bunu reddetti\u011fini, hatta bu y\u00fczden bir s\u00fcre sinemay\u0131 b\u0131rakt\u0131\u011f\u0131n\u0131 hat\u0131rl\u0131yorum. Ayr\u0131nt\u0131s\u0131n\u0131 bilmiyorum ama mesela k\u00fc\u00e7\u00fcc\u00fck bir ipucu \u201cpat\u201d diye kendili\u011finden gelip \u00f6n\u00fcme d\u00fc\u015ft\u00fc. 11 Ekim 2010 Pazar g\u00fcnk\u00fc Taraf&#8217;ta, ilgili haberin ba\u015fl\u0131\u011f\u0131nda, Kustirica&#8217;dan bir al\u0131nt\u0131 yap\u0131lm\u0131\u015f. &#8220;Tecav\u00fczler &#8216;abart\u0131l\u0131yor&#8217; dedim&#8221;. Haberin i\u00e7ini okuyorum. Eski bir r\u00f6portajda, Bosna&#8217;da \u00f6l\u00fc say\u0131s\u0131n\u0131n abart\u0131ld\u0131\u011f\u0131n\u0131 s\u00f6yledi\u011fini aktar\u0131yor ve &#8220;Asla kad\u0131nlar\u0131 kastetmedim&#8221; diyor. Ba\u015fl\u0131k ise a\u00e7\u0131k: &#8220;Tecav\u00fczler &#8216;abart\u0131l\u0131yor&#8217; dedim&#8221;. Adam &#8220;asla&#8221; diyor. Ba\u015fl\u0131k aksini s\u00f6yl\u00fcyor. \u015eimdi ben kime, hangi kayna\u011fa g\u00fcveneyim de Kusturica&#8217;n\u0131n &#8220;soyk\u0131r\u0131m\u0131 savundu\u011fu&#8221;nu veri kabul edivereyim?<br \/>\nBa\u015fa d\u00f6nelim. Derya i\u00e7re deryadan habersiz olma durumuna. Sanki T\u00fcrkiye Cumhuriyeti&#8217;nin kuruldu\u011fu topraklarda, o her bir \u00e7ak\u0131l ta\u015f\u0131 &#8220;bizim&#8221; olan topraklarda soyk\u0131r\u0131m yap\u0131lmad\u0131. Sanki Ermeniler ve S\u00fcryaniler\/Asuriler yok edilmedi, Anadolulu Rumlar etnik temizli\u011fe u\u011frat\u0131lmad\u0131. Sanki T\u00fcrkle\u015ftirme\/M\u00fcsl\u00fcmanla\u015ft\u0131rma devam etmedi, y\u00fczy\u0131l\u0131n ba\u015f\u0131nda be\u015fte biri gayr\u0131m\u00fcslim olan n\u00fcfus, bug\u00fcn y\u00fczde 99&#8217;\u00fc M\u00fcsl\u00fcman haline getirilmedi. Sanki soyk\u0131r\u0131ma u\u011frayan halklara d\u00fc\u015fmanl\u0131k ders kitaplar\u0131 arac\u0131l\u0131\u011f\u0131yla k\u00fc\u00e7\u00fcc\u00fck \u00e7ocuklara a\u015f\u0131lanmad\u0131, soyk\u0131r\u0131m\u0131 savunmak, gerekirse yine yap\u0131labilece\u011fi anlam\u0131na gelen soyk\u0131r\u0131m\u0131n ink\u00e2r\u0131 T\u00fcrk olman\u0131n ba\u015f \u015fart\u0131 haline gelmedi, ink\u00e2r etmeyen hain ilan edilmedi. Sanki i\u015flerin b\u00f6yle y\u00fcr\u00fcmedi\u011fi bir \u00fclkede yap\u0131l\u0131yor bu festival. Toplumun en ileri unsurlar\u0131 say\u0131lan entelekt\u00fcelleri, soyk\u0131r\u0131m\u0131n ve ink\u00e2r\u0131n\u0131n normalle\u015fti\u011fi, bu y\u00fczden al\u0131\u015f\u0131l\u0131p, hani limonata gibi derler, havan\u0131n varl\u0131\u011f\u0131n\u0131n bile hissedilmedi\u011fi bir ortam s\u0131cakl\u0131\u011f\u0131nda oldu\u011fu gibi, soyk\u0131r\u0131m utanc\u0131 da art\u0131k duyulmaz hale gelindi\u011finde, ba\u015fkalar\u0131n\u0131n soyk\u0131r\u0131m\u0131na infial duyup, &#8220;o soyk\u0131r\u0131m&#8221;a yeterli tepkiyi g\u00f6stermedi\u011fi i\u00e7in birilerini boykot ediyorlar.<br \/>\nBiz T\u00fcrk ayd\u0131nlar\u0131 soyk\u0131r\u0131mdan 90 k\u00fcsur y\u0131l sonra yapt\u0131\u011f\u0131m\u0131z bir konferans, iki anma, \u00fc\u00e7 be\u015f kitap, on-on be\u015f yaz\u0131, tart\u0131\u015fmal\u0131 bir &#8220;\u00f6z\u00fcr&#8221; kampanyas\u0131 ile \u00f6v\u00fcn\u00fcp kendimizden pek memnun &#8220;nereden nereye geldik&#8221; diye sevinirken, Batman Valisi, \u00e7ocuklar\u0131n\u0131 okula g\u00f6ndermeyen K\u00fcrtlere &#8220;Ermeni u\u015faklar\u0131 dedi\u011finde&#8221; ka\u00e7 ki\u015fi soka\u011fa d\u00f6k\u00fcld\u00fc, ka\u00e7 ki\u015fi \u201cVali \u0130stifa\u201d diyerek caddeleri doldurdu? Televizyonlara koca koca profes\u00f6rler \u00e7\u0131k\u0131p Ermeni isyanlar\u0131ndan bahsederek soyk\u0131r\u0131ma mazeret buldu\u011funda hangi televizyonun \u00f6n\u00fcnde binler toplan\u0131p da protesto g\u00f6sterisi yapt\u0131? Ka\u00e7 \u00f6\u011frenci bu profes\u00f6rlerin derslerini boykot etti? Ayd\u0131nlar\u0131yla, edebiyat\u00e7\u0131lar\u0131yla, &#8220;ilerici&#8221;leriyle \u00f6v\u00fcnd\u00fc\u011f\u00fcm\u00fcz T\u00fcrkiye&#8217;de \u015fu son zamanlara kadar, her sabah T\u00fcrk \u00e7ocuklar\u0131na \u0131rk\u00e7\u0131l\u0131k a\u015f\u0131layan, T\u00fcrk olmayan \u00e7ocuklar\u0131n hakarete u\u011framas\u0131na neden olan and\u0131n &#8220;i\u00e7irilmesi&#8221;ne son vermek i\u00e7in ne zaman kitleler halinde veliler kampanyalar a\u00e7t\u0131, milli e\u011fitime ba\u015fvurup ortal\u0131\u011f\u0131 aya\u011fa kald\u0131rd\u0131? Bunlar\u0131n hangisini yapt\u0131k da, elalemin soyk\u0131r\u0131ma kar\u015f\u0131 ne tav\u0131r ald\u0131\u011f\u0131n\u0131 sorgulama hakk\u0131n\u0131 buluyoruz kendimizde?<br \/>\nHele K\u00fclt\u00fcr Bakan\u0131! O da boykot etmi\u015f, festivalin a\u00e7\u0131l\u0131\u015f\u0131na gitmemi\u015f. S\u00fcnnetsiz &#8220;ter\u00f6rist&#8221;lerden dem vurarak &#8220;Ermeni ter\u00f6r\u00fc&#8221;ne at\u0131fta bulunan bakan arkada\u015f\u0131 i\u00e7in, &#8220;Ermeni u\u015fa\u011f\u0131&#8221; s\u00f6z\u00fcn\u00fc telaffuz eden Batman Valisi i\u00e7in nas\u0131l bir protesto d\u00fc\u015f\u00fcn\u00fcyor acaba?<br \/>\nEvet, k\u00f6t\u00fcn\u00fcn en k\u00f6t\u00fc yan\u0131 insan\u0131 al\u0131\u015ft\u0131rmas\u0131d\u0131r. Kendimi de dahil ediyorum. Hava gibi, su gibi bizi ku\u015fatan bir \u015fey var. Uyu\u015fuyoruz. \u00d6yle bir \u015fey ki, yava\u015f yava\u015f kan\u0131m\u0131za zerkedilen bir madde gibi bilincimizi buland\u0131r\u0131yor. \u00d6l\u00e7\u00fclerimizi \u015fa\u015f\u0131rt\u0131yor. De\u011ferlerimiz de\u011fi\u015fime u\u011fruyor. Bir kan de\u011fi\u015fimine ihtiyac\u0131m\u0131z var. Temizlenmemiz gerek. Nas\u0131l m\u0131? Herkesi b\u0131rak\u0131p \u00f6nce aynada kendimize bakarak.<\/p>\n<p style=\"text-align: justify\"><strong> <\/strong><\/p>\n<p style=\"text-align: justify\"><strong><em>Ay\u015fe G\u00fcnaysu<\/em><\/strong><strong><em> <\/em><\/strong><\/p>\n<p style=\"text-align: justify\"><strong><em>Kaynak: taraf.com.tr<br \/>\nTarih: 13.10.2010<\/em><\/strong><\/p>\n","protected":false},"excerpt":{"rendered":"<p>K\u00f6t\u00fcl\u00fc\u011f\u00fcn bir \u00f6zelli\u011fi var. Al\u0131\u015ft\u0131r\u0131r. \u0130nsan k\u00f6t\u00fcl\u00fc\u011fe al\u0131\u015f\u0131r. Derya i\u00e7re deryadan habersiz bal\u0131klar gibi, s\u00fcrekli k\u00f6t\u00fcl\u00fc\u011f\u00fcn i\u00e7inde ya\u015farsan\u0131z, yava\u015f yava\u015f ortama adapte olur, bir \u00e7e\u015fit evrim ge\u00e7irirsiniz. \u00d6l\u00e7\u00fcleriniz \u015fa\u015far. Hava gibi, su gibi, k\u00f6t\u00fcl\u00fck de normalle\u015fir. \u0130nsan kendi k\u00f6t\u00fcl\u00fc\u011f\u00fcne al\u0131\u015f\u0131r da, &#8220;k\u00f6t\u00fc&#8221;yle m\u00fccadeleyi s\u00fcrd\u00fcrme \u015fan\u0131n\u0131 da kimseye b\u0131rakmamak i\u00e7in kendi k\u00f6t\u00fcl\u00fc\u011f\u00fcnden ba\u015fka herkesin k\u00f6t\u00fcl\u00fc\u011f\u00fcyle u\u011fra\u015f\u0131r. [&hellip;]<\/p>\n","protected":false},"author":3,"featured_media":0,"comment_status":"open","ping_status":"open","sticky":false,"template":"","format":"standard","meta":{"footnotes":""},"categories":[6,14],"tags":[],"class_list":["post-2331","post","type-post","status-publish","format-standard","hentry","category-ermeni-soykirimi","category-haberler"],"yoast_head":"<!-- This site is optimized with the Yoast SEO plugin v27.4 - https:\/\/yoast.com\/product\/yoast-seo-wordpress\/ -->\n<title>Soyk\u0131r\u0131m i\u00e7re soyk\u0131r\u0131mdan habersiz - Bati Ermenistan Ve Bati Ermenileri Sorunlari Ara\u015ftirmalar Merkezi<\/title>\n<meta name=\"robots\" content=\"index, follow, max-snippet:-1, max-image-preview:large, max-video-preview:-1\" \/>\n<link rel=\"canonical\" href=\"https:\/\/akunq.net\/turkish\/2010\/10\/13\/soykirim-icre-soykirimdan-habersiz\/\" \/>\n<meta property=\"og:locale\" content=\"en_US\" \/>\n<meta property=\"og:type\" content=\"article\" \/>\n<meta property=\"og:title\" content=\"Soyk\u0131r\u0131m i\u00e7re soyk\u0131r\u0131mdan habersiz - Bati Ermenistan Ve Bati Ermenileri Sorunlari Ara\u015ftirmalar Merkezi\" \/>\n<meta property=\"og:description\" content=\"K\u00f6t\u00fcl\u00fc\u011f\u00fcn bir \u00f6zelli\u011fi var. Al\u0131\u015ft\u0131r\u0131r. \u0130nsan k\u00f6t\u00fcl\u00fc\u011fe al\u0131\u015f\u0131r. Derya i\u00e7re deryadan habersiz bal\u0131klar gibi, s\u00fcrekli k\u00f6t\u00fcl\u00fc\u011f\u00fcn i\u00e7inde ya\u015farsan\u0131z, yava\u015f yava\u015f ortama adapte olur, bir \u00e7e\u015fit evrim ge\u00e7irirsiniz. \u00d6l\u00e7\u00fcleriniz \u015fa\u015far. Hava gibi, su gibi, k\u00f6t\u00fcl\u00fck de normalle\u015fir. \u0130nsan kendi k\u00f6t\u00fcl\u00fc\u011f\u00fcne al\u0131\u015f\u0131r da, &#8220;k\u00f6t\u00fc&#8221;yle m\u00fccadeleyi s\u00fcrd\u00fcrme \u015fan\u0131n\u0131 da kimseye b\u0131rakmamak i\u00e7in kendi k\u00f6t\u00fcl\u00fc\u011f\u00fcnden ba\u015fka herkesin k\u00f6t\u00fcl\u00fc\u011f\u00fcyle u\u011fra\u015f\u0131r. [&hellip;]\" \/>\n<meta property=\"og:url\" content=\"https:\/\/akunq.net\/turkish\/2010\/10\/13\/soykirim-icre-soykirimdan-habersiz\/\" \/>\n<meta property=\"og:site_name\" content=\"Bati Ermenistan Ve Bati Ermenileri Sorunlari Ara\u015ftirmalar Merkezi\" \/>\n<meta property=\"article:published_time\" content=\"2010-10-13T17:04:08+00:00\" \/>\n<meta name=\"author\" content=\"kalem\" \/>\n<meta name=\"twitter:card\" content=\"summary_large_image\" \/>\n<meta name=\"twitter:label1\" content=\"Written by\" \/>\n\t<meta name=\"twitter:data1\" content=\"kalem\" \/>\n\t<meta name=\"twitter:label2\" content=\"Est. reading time\" \/>\n\t<meta name=\"twitter:data2\" content=\"4 minutes\" \/>\n<script type=\"application\/ld+json\" class=\"yoast-schema-graph\">{\"@context\":\"https:\\\/\\\/schema.org\",\"@graph\":[{\"@type\":\"Article\",\"@id\":\"https:\\\/\\\/akunq.net\\\/turkish\\\/2010\\\/10\\\/13\\\/soykirim-icre-soykirimdan-habersiz\\\/#article\",\"isPartOf\":{\"@id\":\"https:\\\/\\\/akunq.net\\\/turkish\\\/2010\\\/10\\\/13\\\/soykirim-icre-soykirimdan-habersiz\\\/\"},\"author\":{\"name\":\"kalem\",\"@id\":\"https:\\\/\\\/akunq.net\\\/turkish\\\/#\\\/schema\\\/person\\\/135e7923d1aeb8887890799619969a6c\"},\"headline\":\"Soyk\u0131r\u0131m i\u00e7re soyk\u0131r\u0131mdan habersiz\",\"datePublished\":\"2010-10-13T17:04:08+00:00\",\"mainEntityOfPage\":{\"@id\":\"https:\\\/\\\/akunq.net\\\/turkish\\\/2010\\\/10\\\/13\\\/soykirim-icre-soykirimdan-habersiz\\\/\"},\"wordCount\":897,\"commentCount\":0,\"articleSection\":[\"Ermeni Soyk\u0131r\u0131m\u0131\",\"Haberler\"],\"inLanguage\":\"en-US\",\"potentialAction\":[{\"@type\":\"CommentAction\",\"name\":\"Comment\",\"target\":[\"https:\\\/\\\/akunq.net\\\/turkish\\\/2010\\\/10\\\/13\\\/soykirim-icre-soykirimdan-habersiz\\\/#respond\"]}]},{\"@type\":\"WebPage\",\"@id\":\"https:\\\/\\\/akunq.net\\\/turkish\\\/2010\\\/10\\\/13\\\/soykirim-icre-soykirimdan-habersiz\\\/\",\"url\":\"https:\\\/\\\/akunq.net\\\/turkish\\\/2010\\\/10\\\/13\\\/soykirim-icre-soykirimdan-habersiz\\\/\",\"name\":\"Soyk\u0131r\u0131m i\u00e7re soyk\u0131r\u0131mdan habersiz - Bati Ermenistan Ve Bati Ermenileri Sorunlari Ara\u015ftirmalar Merkezi\",\"isPartOf\":{\"@id\":\"https:\\\/\\\/akunq.net\\\/turkish\\\/#website\"},\"datePublished\":\"2010-10-13T17:04:08+00:00\",\"author\":{\"@id\":\"https:\\\/\\\/akunq.net\\\/turkish\\\/#\\\/schema\\\/person\\\/135e7923d1aeb8887890799619969a6c\"},\"breadcrumb\":{\"@id\":\"https:\\\/\\\/akunq.net\\\/turkish\\\/2010\\\/10\\\/13\\\/soykirim-icre-soykirimdan-habersiz\\\/#breadcrumb\"},\"inLanguage\":\"en-US\",\"potentialAction\":[{\"@type\":\"ReadAction\",\"target\":[\"https:\\\/\\\/akunq.net\\\/turkish\\\/2010\\\/10\\\/13\\\/soykirim-icre-soykirimdan-habersiz\\\/\"]}]},{\"@type\":\"BreadcrumbList\",\"@id\":\"https:\\\/\\\/akunq.net\\\/turkish\\\/2010\\\/10\\\/13\\\/soykirim-icre-soykirimdan-habersiz\\\/#breadcrumb\",\"itemListElement\":[{\"@type\":\"ListItem\",\"position\":1,\"name\":\"Home\",\"item\":\"https:\\\/\\\/akunq.net\\\/turkish\\\/\"},{\"@type\":\"ListItem\",\"position\":2,\"name\":\"Soyk\u0131r\u0131m i\u00e7re soyk\u0131r\u0131mdan habersiz\"}]},{\"@type\":\"WebSite\",\"@id\":\"https:\\\/\\\/akunq.net\\\/turkish\\\/#website\",\"url\":\"https:\\\/\\\/akunq.net\\\/turkish\\\/\",\"name\":\"Bati Ermenistan Ve Bati Ermenileri Sorunlari Ara\u015ftirmalar Merkezi\",\"description\":\"\",\"potentialAction\":[{\"@type\":\"SearchAction\",\"target\":{\"@type\":\"EntryPoint\",\"urlTemplate\":\"https:\\\/\\\/akunq.net\\\/turkish\\\/?s={search_term_string}\"},\"query-input\":{\"@type\":\"PropertyValueSpecification\",\"valueRequired\":true,\"valueName\":\"search_term_string\"}}],\"inLanguage\":\"en-US\"},{\"@type\":\"Person\",\"@id\":\"https:\\\/\\\/akunq.net\\\/turkish\\\/#\\\/schema\\\/person\\\/135e7923d1aeb8887890799619969a6c\",\"name\":\"kalem\",\"image\":{\"@type\":\"ImageObject\",\"inLanguage\":\"en-US\",\"@id\":\"https:\\\/\\\/secure.gravatar.com\\\/avatar\\\/a06875e4b25feb5674296adf8e8a7ae1e587cebce2493fe63c456109967e27d3?s=96&d=mm&r=g\",\"url\":\"https:\\\/\\\/secure.gravatar.com\\\/avatar\\\/a06875e4b25feb5674296adf8e8a7ae1e587cebce2493fe63c456109967e27d3?s=96&d=mm&r=g\",\"contentUrl\":\"https:\\\/\\\/secure.gravatar.com\\\/avatar\\\/a06875e4b25feb5674296adf8e8a7ae1e587cebce2493fe63c456109967e27d3?s=96&d=mm&r=g\",\"caption\":\"kalem\"},\"url\":\"https:\\\/\\\/akunq.net\\\/turkish\\\/author\\\/kalem\\\/\"}]}<\/script>\n<!-- \/ Yoast SEO plugin. -->","yoast_head_json":{"title":"Soyk\u0131r\u0131m i\u00e7re soyk\u0131r\u0131mdan habersiz - Bati Ermenistan Ve Bati Ermenileri Sorunlari Ara\u015ftirmalar Merkezi","robots":{"index":"index","follow":"follow","max-snippet":"max-snippet:-1","max-image-preview":"max-image-preview:large","max-video-preview":"max-video-preview:-1"},"canonical":"https:\/\/akunq.net\/turkish\/2010\/10\/13\/soykirim-icre-soykirimdan-habersiz\/","og_locale":"en_US","og_type":"article","og_title":"Soyk\u0131r\u0131m i\u00e7re soyk\u0131r\u0131mdan habersiz - Bati Ermenistan Ve Bati Ermenileri Sorunlari Ara\u015ftirmalar Merkezi","og_description":"K\u00f6t\u00fcl\u00fc\u011f\u00fcn bir \u00f6zelli\u011fi var. Al\u0131\u015ft\u0131r\u0131r. \u0130nsan k\u00f6t\u00fcl\u00fc\u011fe al\u0131\u015f\u0131r. Derya i\u00e7re deryadan habersiz bal\u0131klar gibi, s\u00fcrekli k\u00f6t\u00fcl\u00fc\u011f\u00fcn i\u00e7inde ya\u015farsan\u0131z, yava\u015f yava\u015f ortama adapte olur, bir \u00e7e\u015fit evrim ge\u00e7irirsiniz. \u00d6l\u00e7\u00fcleriniz \u015fa\u015far. Hava gibi, su gibi, k\u00f6t\u00fcl\u00fck de normalle\u015fir. \u0130nsan kendi k\u00f6t\u00fcl\u00fc\u011f\u00fcne al\u0131\u015f\u0131r da, &#8220;k\u00f6t\u00fc&#8221;yle m\u00fccadeleyi s\u00fcrd\u00fcrme \u015fan\u0131n\u0131 da kimseye b\u0131rakmamak i\u00e7in kendi k\u00f6t\u00fcl\u00fc\u011f\u00fcnden ba\u015fka herkesin k\u00f6t\u00fcl\u00fc\u011f\u00fcyle u\u011fra\u015f\u0131r. [&hellip;]","og_url":"https:\/\/akunq.net\/turkish\/2010\/10\/13\/soykirim-icre-soykirimdan-habersiz\/","og_site_name":"Bati Ermenistan Ve Bati Ermenileri Sorunlari Ara\u015ftirmalar Merkezi","article_published_time":"2010-10-13T17:04:08+00:00","author":"kalem","twitter_card":"summary_large_image","twitter_misc":{"Written by":"kalem","Est. reading time":"4 minutes"},"schema":{"@context":"https:\/\/schema.org","@graph":[{"@type":"Article","@id":"https:\/\/akunq.net\/turkish\/2010\/10\/13\/soykirim-icre-soykirimdan-habersiz\/#article","isPartOf":{"@id":"https:\/\/akunq.net\/turkish\/2010\/10\/13\/soykirim-icre-soykirimdan-habersiz\/"},"author":{"name":"kalem","@id":"https:\/\/akunq.net\/turkish\/#\/schema\/person\/135e7923d1aeb8887890799619969a6c"},"headline":"Soyk\u0131r\u0131m i\u00e7re soyk\u0131r\u0131mdan habersiz","datePublished":"2010-10-13T17:04:08+00:00","mainEntityOfPage":{"@id":"https:\/\/akunq.net\/turkish\/2010\/10\/13\/soykirim-icre-soykirimdan-habersiz\/"},"wordCount":897,"commentCount":0,"articleSection":["Ermeni Soyk\u0131r\u0131m\u0131","Haberler"],"inLanguage":"en-US","potentialAction":[{"@type":"CommentAction","name":"Comment","target":["https:\/\/akunq.net\/turkish\/2010\/10\/13\/soykirim-icre-soykirimdan-habersiz\/#respond"]}]},{"@type":"WebPage","@id":"https:\/\/akunq.net\/turkish\/2010\/10\/13\/soykirim-icre-soykirimdan-habersiz\/","url":"https:\/\/akunq.net\/turkish\/2010\/10\/13\/soykirim-icre-soykirimdan-habersiz\/","name":"Soyk\u0131r\u0131m i\u00e7re soyk\u0131r\u0131mdan habersiz - Bati Ermenistan Ve Bati Ermenileri Sorunlari Ara\u015ftirmalar Merkezi","isPartOf":{"@id":"https:\/\/akunq.net\/turkish\/#website"},"datePublished":"2010-10-13T17:04:08+00:00","author":{"@id":"https:\/\/akunq.net\/turkish\/#\/schema\/person\/135e7923d1aeb8887890799619969a6c"},"breadcrumb":{"@id":"https:\/\/akunq.net\/turkish\/2010\/10\/13\/soykirim-icre-soykirimdan-habersiz\/#breadcrumb"},"inLanguage":"en-US","potentialAction":[{"@type":"ReadAction","target":["https:\/\/akunq.net\/turkish\/2010\/10\/13\/soykirim-icre-soykirimdan-habersiz\/"]}]},{"@type":"BreadcrumbList","@id":"https:\/\/akunq.net\/turkish\/2010\/10\/13\/soykirim-icre-soykirimdan-habersiz\/#breadcrumb","itemListElement":[{"@type":"ListItem","position":1,"name":"Home","item":"https:\/\/akunq.net\/turkish\/"},{"@type":"ListItem","position":2,"name":"Soyk\u0131r\u0131m i\u00e7re soyk\u0131r\u0131mdan habersiz"}]},{"@type":"WebSite","@id":"https:\/\/akunq.net\/turkish\/#website","url":"https:\/\/akunq.net\/turkish\/","name":"Bati Ermenistan Ve Bati Ermenileri Sorunlari Ara\u015ftirmalar Merkezi","description":"","potentialAction":[{"@type":"SearchAction","target":{"@type":"EntryPoint","urlTemplate":"https:\/\/akunq.net\/turkish\/?s={search_term_string}"},"query-input":{"@type":"PropertyValueSpecification","valueRequired":true,"valueName":"search_term_string"}}],"inLanguage":"en-US"},{"@type":"Person","@id":"https:\/\/akunq.net\/turkish\/#\/schema\/person\/135e7923d1aeb8887890799619969a6c","name":"kalem","image":{"@type":"ImageObject","inLanguage":"en-US","@id":"https:\/\/secure.gravatar.com\/avatar\/a06875e4b25feb5674296adf8e8a7ae1e587cebce2493fe63c456109967e27d3?s=96&d=mm&r=g","url":"https:\/\/secure.gravatar.com\/avatar\/a06875e4b25feb5674296adf8e8a7ae1e587cebce2493fe63c456109967e27d3?s=96&d=mm&r=g","contentUrl":"https:\/\/secure.gravatar.com\/avatar\/a06875e4b25feb5674296adf8e8a7ae1e587cebce2493fe63c456109967e27d3?s=96&d=mm&r=g","caption":"kalem"},"url":"https:\/\/akunq.net\/turkish\/author\/kalem\/"}]}},"_links":{"self":[{"href":"https:\/\/akunq.net\/turkish\/wp-json\/wp\/v2\/posts\/2331","targetHints":{"allow":["GET"]}}],"collection":[{"href":"https:\/\/akunq.net\/turkish\/wp-json\/wp\/v2\/posts"}],"about":[{"href":"https:\/\/akunq.net\/turkish\/wp-json\/wp\/v2\/types\/post"}],"author":[{"embeddable":true,"href":"https:\/\/akunq.net\/turkish\/wp-json\/wp\/v2\/users\/3"}],"replies":[{"embeddable":true,"href":"https:\/\/akunq.net\/turkish\/wp-json\/wp\/v2\/comments?post=2331"}],"version-history":[{"count":0,"href":"https:\/\/akunq.net\/turkish\/wp-json\/wp\/v2\/posts\/2331\/revisions"}],"wp:attachment":[{"href":"https:\/\/akunq.net\/turkish\/wp-json\/wp\/v2\/media?parent=2331"}],"wp:term":[{"taxonomy":"category","embeddable":true,"href":"https:\/\/akunq.net\/turkish\/wp-json\/wp\/v2\/categories?post=2331"},{"taxonomy":"post_tag","embeddable":true,"href":"https:\/\/akunq.net\/turkish\/wp-json\/wp\/v2\/tags?post=2331"}],"curies":[{"name":"wp","href":"https:\/\/api.w.org\/{rel}","templated":true}]}}