{"id":23307,"date":"2013-05-08T02:30:59","date_gmt":"2013-05-08T07:30:59","guid":{"rendered":"http:\/\/akunq.net\/tr\/?p=23307"},"modified":"2013-05-08T02:30:59","modified_gmt":"2013-05-08T07:30:59","slug":"gormez-kilise-algisi-gercegi-yansitmiyor","status":"publish","type":"post","link":"https:\/\/akunq.net\/turkish\/2013\/05\/08\/gormez-kilise-algisi-gercegi-yansitmiyor\/","title":{"rendered":"G\u00f6rmez: Kilise alg\u0131s\u0131 ger\u00e7e\u011fi yans\u0131tm\u0131yor"},"content":{"rendered":"<h2 style=\"text-align: justify\"><i><a href=\"http:\/\/akunq.net\/tr\/?attachment_id=23308\" rel=\"attachment wp-att-23308\"><img loading=\"lazy\" decoding=\"async\" class=\"alignright size-medium wp-image-23308\" alt=\"Mehmet G\u00f6rmez\" src=\"http:\/\/akunq.net\/tr\/wp-content\/uploads\/2013\/05\/Mehmet-G\u00f6rmez-300x144.jpg\" width=\"300\" height=\"144\" \/><\/a>Diyanet \u0130\u015fleri Ba\u015fkanl\u0131\u011f\u0131&#8217;n\u0131n Ankara&#8217;da kilise a\u00e7\u0131lmas\u0131n\u0131 engelledi\u011fine dair alg\u0131 olu\u015fturulmas\u0131n\u0131n yanl\u0131\u015fl\u0131\u011f\u0131n\u0131 vurgulayan Diyanet \u0130\u015fleri Ba\u015fkan\u0131 Mehmet G\u00f6rmez, &#8220;H\u0131ristiyan vatanda\u015flar\u0131m\u0131z\u0131n bulunduklar\u0131 her yerde \u00f6zg\u00fcrce ibadet edebilmelerini herkesten \u00f6nce biz isteriz&#8221; dedi.<\/i><\/h2>\n<p style=\"text-align: justify\">Ankara Protestan cemaatinin kilise in\u015fas\u0131 i\u00e7in talep etti\u011fi arsa ile ilgili Ankara Valili\u011fi&#8217;nin olumsuz cevap verdi\u011fini bilgisine yer veren Agos ve Cumhuriyet gazeteleri, Diyanet&#8217;in talebi ile ayn\u0131 arsan\u0131n cami yap\u0131m\u0131 i\u00e7in tahsis edildi\u011fini yazd\u0131. S\u00f6z konusu haberle ilgili Todays Zaman&#8217;\u0131n sorular\u0131n\u0131 cevapland\u0131ran Ba\u015fkan G\u00f6rmez, &#8220;T\u00fcrkiye&#8217;de camileri sivil toplum yapar. Biz sadece sivil toplum ile devlet aras\u0131nda k\u00f6pr\u00fc vazifesi g\u00f6r\u00fcr\u00fcz. Vatanda\u015flar\u0131n cami yap\u0131m\u0131 i\u00e7in kurduklar\u0131 dernekler devlet kurumlar\u0131na ba\u015fvurular\u0131n\u0131 Diyanet \u00fczerinden ger\u00e7ekle\u015ftirirler. S\u00f6z konusu arsa i\u00e7in de Mira\u00e7 Cami Yapt\u0131rma Derne\u011fi 2005 y\u0131l\u0131nda Diyanet \u00fczerinden Hazine&#8217;ye ba\u015fvuruda bulunmu\u015f. 2006 Y\u0131l\u0131nda Hazine&#8217;den tahsis cevab\u0131 gelmi\u015f. Yani m\u00fcracaat da tahsisat da 8 y\u0131l \u00f6nce tamamlanm\u0131\u015f. Bu durumu; kilise yeri olarak talep edilen arsan\u0131n Diyanet taraf\u0131ndan apar-topar cami mekan\u0131 haline getirildi\u011fi \u015feklinde kamuoyuna yans\u0131tmak ger\u00e7eklerle de insafla da ilkeli yay\u0131nc\u0131l\u0131kla da ba\u011fda\u015fmaz.&#8221; diye konu\u015ftu.<\/p>\n<p style=\"text-align: justify\">Diyanet olarak M\u00fcslim-gayrim\u00fcslim ayr\u0131m\u0131 yapmalar\u0131n\u0131n s\u00f6z konusu olmayaca\u011f\u0131n\u0131 vurgulayan Prof. G\u00f6rmez, s\u00f6zlerini \u015f\u00f6yle s\u00fcrd\u00fcrd\u00fc, &#8220;Diyanet \u0130\u015fleri Ba\u015fkanl\u0131\u011f\u0131 olarak T\u00fcrkiye&#8217;de M\u00fcsl\u00fcman \u00e7o\u011funluk i\u00e7in dini \u00f6zg\u00fcrl\u00fckler a\u00e7\u0131s\u0131ndan istedi\u011fimiz her \u015feyi gayri M\u00fcslim az\u0131nl\u0131klar i\u00e7in de talep etmeyi insani ve ahlaki bir vazife telakki ederiz. Bizim M\u00fcsl\u00fcman anlay\u0131\u015f\u0131m\u0131z da bize bunu emreder. Bat\u0131n\u0131n hi\u00e7bir ba\u015fkentinde kilise-havra-cami yan yana yok iken, T\u00fcrkiye, 4-5 as\u0131r \u00f6nce camiyi, havray\u0131, kiliseyi bar\u0131\u015f i\u00e7inde yan yana kurabilmi\u015f ve ya\u015fatabilmi\u015f bir \u00fclkedir. Bir arsan\u0131n kiliseye tahsisini engelleme iddias\u0131, ger\u00e7ekd\u0131\u015f\u0131 bir iddia olman\u0131n \u00f6tesine ge\u00e7mez.&#8221;<\/p>\n<p style=\"text-align: justify\">Agos ve Cumhuriyet gazetelerinin habere konu edindikleri arsa 2005 y\u0131l\u0131nda \u00c7ankaya belediyesi taraf\u0131ndan ibadet hane yeri olarak ilan edilmi\u015f. \u00c7ankaya Mira\u00e7 Cami Yapt\u0131rma Derne\u011fi de cami yeri olarak tahsisi i\u00e7in talepte bulunmu\u015f. Hazine&#8217;nin cami yeri olarak tahsis edildi\u011fine dair cevap 2006 y\u0131l\u0131nda verilmi\u015f. Arsa \u00fczerindeki gecekondu ihtilaf\u0131n\u0131n giderilmesi 8 y\u0131la mal olmu\u015f.<\/p>\n<p style=\"text-align: justify\"><strong>PROTESTANLAR D\u0130YANETTEN \u00d6Z\u00dcR D\u0130LED\u0130<\/strong><\/p>\n<p style=\"text-align: justify\">Bu arada, habere konu olan T\u00fcrkiye Protestan Kiliseler Derne\u011fi&#8217;nden de a\u00e7\u0131klama geldi. Today&#8217;s Zaman&#8217;a konu\u015fan bas\u0131n s\u00f6zc\u00fcs\u00fc Soner Tufan, &#8220;Sebep oldu\u011fumuz yanl\u0131\u015f anla\u015f\u0131lmadan dolay\u0131 herkesten \u00f6z\u00fcr diliyorum. Biz teknik bir hata yapt\u0131k. \u00c7ankaya Belediyesi&#8217;nin bize verdi\u011fi listeden ada ve parsel numaralar\u0131n\u0131 kar\u0131\u015ft\u0131rarak yanl\u0131\u015fa d\u00fc\u015ft\u00fck. Bize verilmeyen arsan\u0131n camiye tahsis edildi\u011fini zannederek incindik ve \u00fcz\u00fcld\u00fck. Ma\u011fdur edildi\u011fimizi d\u00fc\u015f\u00fcnerek ba\u015fvurdu\u011fumuz resmi makamlardan da olumlu cevap alamay\u0131nca konuyu medyaya yans\u0131tt\u0131k. Evet hatan\u0131n b\u00fcy\u00fc\u011f\u00fc bizde ama, bize yer g\u00f6sterme yerine liste veren \u00c7ankaya belediyesi de, ma\u011fduriyet d\u00fc\u015f\u00fcncemizi d\u00fczeltmesi gereken valilik ve di\u011fer makamlar da ortaya \u00e7\u0131kan yanl\u0131\u015fta pay sahibi&#8230;&#8221; diye konu\u015ftu.<\/p>\n<p style=\"text-align: justify\">Tufan ayr\u0131ca \u015fu a\u00e7\u0131klamalarda bulundu: &#8220;Ben sebep oldu\u011fumuz yanl\u0131\u015f\u0131 d\u00fczeltmek \u00fczere ilk haberin yay\u0131nland\u0131\u011f\u0131 internet sitesine tekzip g\u00f6nderdi\u011fimi halde AGOS ve Cumhuriyet gazeteleri bizimle g\u00f6r\u00fc\u015f\u00fcp do\u011fruyu ara\u015ft\u0131rmadan rol \u00e7alarken yanl\u0131\u015f\u0131n b\u00fcy\u00fcmesine sebep oldular. Sizin gibi Radikal gazetesinden de bir arkada\u015f arad\u0131, yanl\u0131\u015fl\u0131\u011f\u0131 kendisiyle payla\u015ft\u0131m ve haber yapmad\u0131. Sebep oldu\u011fumuz yanl\u0131\u015f anla\u015f\u0131lma ve Ortaya \u00e7\u0131kan etkilerden dolay\u0131 herkesten \u00f6z\u00fcr diliyorum. T\u00fcrkiye&#8217;deki Protestanlar\u0131n y\u00fczde 80&#8217;ini olu\u015fturan yakla\u015f\u0131k 40 \u00fcyesi bulunan T\u00fcrkiye Protestan Kiliseler Derne\u011fi Bas\u0131n S\u00f6zc\u00fcs\u00fc olarak haberlerden olumsuz etkilen t\u00fcm M\u00fcsl\u00fcmanlardan \u00f6z\u00fcr diliyorum. Geldi\u011fimiz noktada ger\u00e7ekten \u00e7ok \u00fcz\u00fcnt\u00fcl\u00fc ve mahcubuz. Bo\u015f yere Diyanet&#8217;e k\u0131zm\u0131\u015f\u0131z, arsam\u0131z\u0131 el \u00e7abuklu\u011fu ile cami derne\u011fine tahsis etmekle su\u00e7lam\u0131\u015f\u0131z. Hakl\u0131 olarak bizden \u00f6nce ba\u015fvuru yap\u0131p cami izni alanlar da bizim bu \u00e7\u0131k\u0131\u015f\u0131m\u0131za tepki g\u00f6sterdiler. \u00d6zr\u00fcm\u00fc kabul etmelerini diliyorum.&#8221;<\/p>\n<p style=\"text-align: justify\"><b><i>Kaynak: C\u0130HAN<\/i><\/b><\/p>\n<p style=\"text-align: justify\"><b><i>http:\/\/www.haber7.com\/guncel\/haber\/1023184-gormez-kilise-algisi-gercegi-yansitmiyor<\/i><\/b><\/p>\n","protected":false},"excerpt":{"rendered":"<p>Diyanet \u0130\u015fleri Ba\u015fkanl\u0131\u011f\u0131&#8217;n\u0131n Ankara&#8217;da kilise a\u00e7\u0131lmas\u0131n\u0131 engelledi\u011fine dair alg\u0131 olu\u015fturulmas\u0131n\u0131n yanl\u0131\u015fl\u0131\u011f\u0131n\u0131 vurgulayan Diyanet \u0130\u015fleri Ba\u015fkan\u0131 Mehmet G\u00f6rmez, &#8220;H\u0131ristiyan vatanda\u015flar\u0131m\u0131z\u0131n bulunduklar\u0131 her yerde \u00f6zg\u00fcrce ibadet edebilmelerini herkesten \u00f6nce biz isteriz&#8221; dedi. Ankara Protestan cemaatinin kilise in\u015fas\u0131 i\u00e7in talep etti\u011fi arsa ile ilgili Ankara Valili\u011fi&#8217;nin olumsuz cevap verdi\u011fini bilgisine yer veren Agos ve Cumhuriyet gazeteleri, Diyanet&#8217;in talebi [&hellip;]<\/p>\n","protected":false},"author":3,"featured_media":0,"comment_status":"open","ping_status":"open","sticky":false,"template":"","format":"standard","meta":{"footnotes":""},"categories":[14,42],"tags":[],"class_list":["post-23307","post","type-post","status-publish","format-standard","hentry","category-haberler","category-turkiyede-azinliklar"],"yoast_head":"<!-- This site is optimized with the Yoast SEO plugin v26.6 - https:\/\/yoast.com\/wordpress\/plugins\/seo\/ -->\n<title>G\u00f6rmez: Kilise alg\u0131s\u0131 ger\u00e7e\u011fi yans\u0131tm\u0131yor - Bati Ermenistan Ve Bati Ermenileri Sorunlari Ara\u015ftirmalar Merkezi<\/title>\n<meta name=\"robots\" content=\"index, follow, max-snippet:-1, max-image-preview:large, max-video-preview:-1\" \/>\n<link rel=\"canonical\" href=\"https:\/\/akunq.net\/turkish\/2013\/05\/08\/gormez-kilise-algisi-gercegi-yansitmiyor\/\" \/>\n<meta property=\"og:locale\" content=\"en_US\" \/>\n<meta property=\"og:type\" content=\"article\" \/>\n<meta property=\"og:title\" content=\"G\u00f6rmez: Kilise alg\u0131s\u0131 ger\u00e7e\u011fi yans\u0131tm\u0131yor - Bati Ermenistan Ve Bati Ermenileri Sorunlari Ara\u015ftirmalar Merkezi\" \/>\n<meta property=\"og:description\" content=\"Diyanet \u0130\u015fleri Ba\u015fkanl\u0131\u011f\u0131&#8217;n\u0131n Ankara&#8217;da kilise a\u00e7\u0131lmas\u0131n\u0131 engelledi\u011fine dair alg\u0131 olu\u015fturulmas\u0131n\u0131n yanl\u0131\u015fl\u0131\u011f\u0131n\u0131 vurgulayan Diyanet \u0130\u015fleri Ba\u015fkan\u0131 Mehmet G\u00f6rmez, &#8220;H\u0131ristiyan vatanda\u015flar\u0131m\u0131z\u0131n bulunduklar\u0131 her yerde \u00f6zg\u00fcrce ibadet edebilmelerini herkesten \u00f6nce biz isteriz&#8221; dedi. Ankara Protestan cemaatinin kilise in\u015fas\u0131 i\u00e7in talep etti\u011fi arsa ile ilgili Ankara Valili\u011fi&#8217;nin olumsuz cevap verdi\u011fini bilgisine yer veren Agos ve Cumhuriyet gazeteleri, Diyanet&#8217;in talebi [&hellip;]\" \/>\n<meta property=\"og:url\" content=\"https:\/\/akunq.net\/turkish\/2013\/05\/08\/gormez-kilise-algisi-gercegi-yansitmiyor\/\" \/>\n<meta property=\"og:site_name\" content=\"Bati Ermenistan Ve Bati Ermenileri Sorunlari Ara\u015ftirmalar Merkezi\" \/>\n<meta property=\"article:published_time\" content=\"2013-05-08T07:30:59+00:00\" \/>\n<meta name=\"author\" content=\"kalem\" \/>\n<meta name=\"twitter:card\" content=\"summary_large_image\" \/>\n<meta name=\"twitter:label1\" content=\"Written by\" \/>\n\t<meta name=\"twitter:data1\" content=\"kalem\" \/>\n\t<meta name=\"twitter:label2\" content=\"Est. reading time\" \/>\n\t<meta name=\"twitter:data2\" content=\"4 minutes\" \/>\n<script type=\"application\/ld+json\" class=\"yoast-schema-graph\">{\"@context\":\"https:\/\/schema.org\",\"@graph\":[{\"@type\":\"WebPage\",\"@id\":\"https:\/\/akunq.net\/turkish\/2013\/05\/08\/gormez-kilise-algisi-gercegi-yansitmiyor\/\",\"url\":\"https:\/\/akunq.net\/turkish\/2013\/05\/08\/gormez-kilise-algisi-gercegi-yansitmiyor\/\",\"name\":\"G\u00f6rmez: Kilise alg\u0131s\u0131 ger\u00e7e\u011fi yans\u0131tm\u0131yor - Bati Ermenistan Ve Bati Ermenileri Sorunlari Ara\u015ftirmalar Merkezi\",\"isPartOf\":{\"@id\":\"https:\/\/akunq.net\/turkish\/#website\"},\"datePublished\":\"2013-05-08T07:30:59+00:00\",\"author\":{\"@id\":\"https:\/\/akunq.net\/turkish\/#\/schema\/person\/135e7923d1aeb8887890799619969a6c\"},\"breadcrumb\":{\"@id\":\"https:\/\/akunq.net\/turkish\/2013\/05\/08\/gormez-kilise-algisi-gercegi-yansitmiyor\/#breadcrumb\"},\"inLanguage\":\"en-US\",\"potentialAction\":[{\"@type\":\"ReadAction\",\"target\":[\"https:\/\/akunq.net\/turkish\/2013\/05\/08\/gormez-kilise-algisi-gercegi-yansitmiyor\/\"]}]},{\"@type\":\"BreadcrumbList\",\"@id\":\"https:\/\/akunq.net\/turkish\/2013\/05\/08\/gormez-kilise-algisi-gercegi-yansitmiyor\/#breadcrumb\",\"itemListElement\":[{\"@type\":\"ListItem\",\"position\":1,\"name\":\"Home\",\"item\":\"https:\/\/akunq.net\/turkish\/\"},{\"@type\":\"ListItem\",\"position\":2,\"name\":\"G\u00f6rmez: Kilise alg\u0131s\u0131 ger\u00e7e\u011fi yans\u0131tm\u0131yor\"}]},{\"@type\":\"WebSite\",\"@id\":\"https:\/\/akunq.net\/turkish\/#website\",\"url\":\"https:\/\/akunq.net\/turkish\/\",\"name\":\"Bati Ermenistan Ve Bati Ermenileri Sorunlari Ara\u015ftirmalar Merkezi\",\"description\":\"\",\"potentialAction\":[{\"@type\":\"SearchAction\",\"target\":{\"@type\":\"EntryPoint\",\"urlTemplate\":\"https:\/\/akunq.net\/turkish\/?s={search_term_string}\"},\"query-input\":{\"@type\":\"PropertyValueSpecification\",\"valueRequired\":true,\"valueName\":\"search_term_string\"}}],\"inLanguage\":\"en-US\"},{\"@type\":\"Person\",\"@id\":\"https:\/\/akunq.net\/turkish\/#\/schema\/person\/135e7923d1aeb8887890799619969a6c\",\"name\":\"kalem\",\"image\":{\"@type\":\"ImageObject\",\"inLanguage\":\"en-US\",\"@id\":\"https:\/\/akunq.net\/turkish\/#\/schema\/person\/image\/\",\"url\":\"https:\/\/secure.gravatar.com\/avatar\/a06875e4b25feb5674296adf8e8a7ae1e587cebce2493fe63c456109967e27d3?s=96&d=mm&r=g\",\"contentUrl\":\"https:\/\/secure.gravatar.com\/avatar\/a06875e4b25feb5674296adf8e8a7ae1e587cebce2493fe63c456109967e27d3?s=96&d=mm&r=g\",\"caption\":\"kalem\"},\"url\":\"https:\/\/akunq.net\/turkish\/author\/kalem\/\"}]}<\/script>\n<!-- \/ Yoast SEO plugin. -->","yoast_head_json":{"title":"G\u00f6rmez: Kilise alg\u0131s\u0131 ger\u00e7e\u011fi yans\u0131tm\u0131yor - Bati Ermenistan Ve Bati Ermenileri Sorunlari Ara\u015ftirmalar Merkezi","robots":{"index":"index","follow":"follow","max-snippet":"max-snippet:-1","max-image-preview":"max-image-preview:large","max-video-preview":"max-video-preview:-1"},"canonical":"https:\/\/akunq.net\/turkish\/2013\/05\/08\/gormez-kilise-algisi-gercegi-yansitmiyor\/","og_locale":"en_US","og_type":"article","og_title":"G\u00f6rmez: Kilise alg\u0131s\u0131 ger\u00e7e\u011fi yans\u0131tm\u0131yor - Bati Ermenistan Ve Bati Ermenileri Sorunlari Ara\u015ftirmalar Merkezi","og_description":"Diyanet \u0130\u015fleri Ba\u015fkanl\u0131\u011f\u0131&#8217;n\u0131n Ankara&#8217;da kilise a\u00e7\u0131lmas\u0131n\u0131 engelledi\u011fine dair alg\u0131 olu\u015fturulmas\u0131n\u0131n yanl\u0131\u015fl\u0131\u011f\u0131n\u0131 vurgulayan Diyanet \u0130\u015fleri Ba\u015fkan\u0131 Mehmet G\u00f6rmez, &#8220;H\u0131ristiyan vatanda\u015flar\u0131m\u0131z\u0131n bulunduklar\u0131 her yerde \u00f6zg\u00fcrce ibadet edebilmelerini herkesten \u00f6nce biz isteriz&#8221; dedi. Ankara Protestan cemaatinin kilise in\u015fas\u0131 i\u00e7in talep etti\u011fi arsa ile ilgili Ankara Valili\u011fi&#8217;nin olumsuz cevap verdi\u011fini bilgisine yer veren Agos ve Cumhuriyet gazeteleri, Diyanet&#8217;in talebi [&hellip;]","og_url":"https:\/\/akunq.net\/turkish\/2013\/05\/08\/gormez-kilise-algisi-gercegi-yansitmiyor\/","og_site_name":"Bati Ermenistan Ve Bati Ermenileri Sorunlari Ara\u015ftirmalar Merkezi","article_published_time":"2013-05-08T07:30:59+00:00","author":"kalem","twitter_card":"summary_large_image","twitter_misc":{"Written by":"kalem","Est. reading time":"4 minutes"},"schema":{"@context":"https:\/\/schema.org","@graph":[{"@type":"WebPage","@id":"https:\/\/akunq.net\/turkish\/2013\/05\/08\/gormez-kilise-algisi-gercegi-yansitmiyor\/","url":"https:\/\/akunq.net\/turkish\/2013\/05\/08\/gormez-kilise-algisi-gercegi-yansitmiyor\/","name":"G\u00f6rmez: Kilise alg\u0131s\u0131 ger\u00e7e\u011fi yans\u0131tm\u0131yor - Bati Ermenistan Ve Bati Ermenileri Sorunlari Ara\u015ftirmalar Merkezi","isPartOf":{"@id":"https:\/\/akunq.net\/turkish\/#website"},"datePublished":"2013-05-08T07:30:59+00:00","author":{"@id":"https:\/\/akunq.net\/turkish\/#\/schema\/person\/135e7923d1aeb8887890799619969a6c"},"breadcrumb":{"@id":"https:\/\/akunq.net\/turkish\/2013\/05\/08\/gormez-kilise-algisi-gercegi-yansitmiyor\/#breadcrumb"},"inLanguage":"en-US","potentialAction":[{"@type":"ReadAction","target":["https:\/\/akunq.net\/turkish\/2013\/05\/08\/gormez-kilise-algisi-gercegi-yansitmiyor\/"]}]},{"@type":"BreadcrumbList","@id":"https:\/\/akunq.net\/turkish\/2013\/05\/08\/gormez-kilise-algisi-gercegi-yansitmiyor\/#breadcrumb","itemListElement":[{"@type":"ListItem","position":1,"name":"Home","item":"https:\/\/akunq.net\/turkish\/"},{"@type":"ListItem","position":2,"name":"G\u00f6rmez: Kilise alg\u0131s\u0131 ger\u00e7e\u011fi yans\u0131tm\u0131yor"}]},{"@type":"WebSite","@id":"https:\/\/akunq.net\/turkish\/#website","url":"https:\/\/akunq.net\/turkish\/","name":"Bati Ermenistan Ve Bati Ermenileri Sorunlari Ara\u015ftirmalar Merkezi","description":"","potentialAction":[{"@type":"SearchAction","target":{"@type":"EntryPoint","urlTemplate":"https:\/\/akunq.net\/turkish\/?s={search_term_string}"},"query-input":{"@type":"PropertyValueSpecification","valueRequired":true,"valueName":"search_term_string"}}],"inLanguage":"en-US"},{"@type":"Person","@id":"https:\/\/akunq.net\/turkish\/#\/schema\/person\/135e7923d1aeb8887890799619969a6c","name":"kalem","image":{"@type":"ImageObject","inLanguage":"en-US","@id":"https:\/\/akunq.net\/turkish\/#\/schema\/person\/image\/","url":"https:\/\/secure.gravatar.com\/avatar\/a06875e4b25feb5674296adf8e8a7ae1e587cebce2493fe63c456109967e27d3?s=96&d=mm&r=g","contentUrl":"https:\/\/secure.gravatar.com\/avatar\/a06875e4b25feb5674296adf8e8a7ae1e587cebce2493fe63c456109967e27d3?s=96&d=mm&r=g","caption":"kalem"},"url":"https:\/\/akunq.net\/turkish\/author\/kalem\/"}]}},"_links":{"self":[{"href":"https:\/\/akunq.net\/turkish\/wp-json\/wp\/v2\/posts\/23307","targetHints":{"allow":["GET"]}}],"collection":[{"href":"https:\/\/akunq.net\/turkish\/wp-json\/wp\/v2\/posts"}],"about":[{"href":"https:\/\/akunq.net\/turkish\/wp-json\/wp\/v2\/types\/post"}],"author":[{"embeddable":true,"href":"https:\/\/akunq.net\/turkish\/wp-json\/wp\/v2\/users\/3"}],"replies":[{"embeddable":true,"href":"https:\/\/akunq.net\/turkish\/wp-json\/wp\/v2\/comments?post=23307"}],"version-history":[{"count":0,"href":"https:\/\/akunq.net\/turkish\/wp-json\/wp\/v2\/posts\/23307\/revisions"}],"wp:attachment":[{"href":"https:\/\/akunq.net\/turkish\/wp-json\/wp\/v2\/media?parent=23307"}],"wp:term":[{"taxonomy":"category","embeddable":true,"href":"https:\/\/akunq.net\/turkish\/wp-json\/wp\/v2\/categories?post=23307"},{"taxonomy":"post_tag","embeddable":true,"href":"https:\/\/akunq.net\/turkish\/wp-json\/wp\/v2\/tags?post=23307"}],"curies":[{"name":"wp","href":"https:\/\/api.w.org\/{rel}","templated":true}]}}