{"id":2327,"date":"2010-10-13T04:52:04","date_gmt":"2010-10-13T09:52:04","guid":{"rendered":"http:\/\/akunq.net\/tr\/?p=2327"},"modified":"2010-10-13T04:52:04","modified_gmt":"2010-10-13T09:52:04","slug":"acilimin-imalat-hatasi-valileri","status":"publish","type":"post","link":"https:\/\/akunq.net\/turkish\/2010\/10\/13\/acilimin-imalat-hatasi-valileri\/","title":{"rendered":"A\u00e7\u0131l\u0131m\u0131n \u2018imalat hatas\u0131\u2019 valileri"},"content":{"rendered":"<p style=\"text-align: justify\">Ge\u00e7en hafta Do\u011fu Anadolu Kalk\u0131nma Ajans\u0131\u2019n\u0131n (DAKA) davetlisi olarak Van, Bitlis, Mu\u015f ve Hakk\u00e2ri\u2019yi ziyaret ettik. 2006 y\u0131l\u0131nda \u00e7\u0131kan bir yasa ile yurt \u00e7ap\u0131nda 26 adet Kalk\u0131nma Ajans\u0131 kurulmu\u015f. Kalk\u0131nma Ajanslar\u0131, DPT ile e\u015fg\u00fcd\u00fcm i\u00e7inde \u00e7al\u0131\u015f\u0131yor, fakat elindeki kaynaklar\u0131n da\u011f\u0131t\u0131m\u0131nda daha \u00f6zerk bir \u00e7al\u0131\u015fma y\u00f6ntemi var. DAKA her y\u0131l proje yar\u0131\u015fmas\u0131 d\u00fczenliyor. KOB\u0130\u2019lere mali destek sunuyor. Ge\u00e7en y\u0131l a\u00e7\u0131lan yar\u0131\u015fmaya 549 proje m\u00fcracaat\u0131 yap\u0131lm\u0131\u015f. Bunlardan 74 tanesine toplam 14.177.000 TL destek verilmi\u015f. DAKA proje bedelinin y\u00fczde 50\u2019sini kar\u015f\u0131l\u0131yor. \u00d6rne\u011fin, ge\u00e7en hafta a\u00e7\u0131lan Surp Ha\u00e7 Kilisesi\u2019nin g\u00fcne\u015f enerjisi panelleri ile gece ayd\u0131nlat\u0131lmas\u0131n\u0131 sa\u011flayan proje de bunlardan biri. Art\u0131k, Ahtamar Adas\u0131 geceleri p\u0131r\u0131l p\u0131r\u0131l parl\u0131yor.<br \/>\nDAKA\u2019n\u0131n Y\u00f6netim Kurulu Van, Bitlis, Mu\u015f ve Hakk\u00e2ri valilerinden, Belediye ba\u015fkanlar\u0131ndan, \u0130l Genel Meclisi ba\u015fkanlar\u0131ndan ve Ticaret-Sanayi Odas\u0131 ba\u015fkanlar\u0131ndan olu\u015fuyor. Hangi projelere mali destek sunulaca\u011f\u0131 ise, b\u00f6lge d\u0131\u015f\u0131ndan gelen ba\u011f\u0131ms\u0131z uzmanlar taraf\u0131ndan kararla\u015ft\u0131r\u0131l\u0131yor. DAKA\u2019n\u0131n Genel Sekreter\u2019li\u011fini ise Van 100. Y\u0131l \u00dcniversitesi \u00f6\u011fretim \u00fcyelerinden Dr. Emin Ya\u015far Demirci yap\u0131yor. Sosyolog olan Dr. Demirci, \u00fcniversiteden ayr\u0131lm\u0131\u015f ve DAKA\u2019n\u0131n ba\u015f\u0131na ge\u00e7mi\u015f. B\u00f6lgeyi bilen ve kurdu\u011fu gen\u00e7 ekip ile b\u00f6lgenin sosyal ve ekonomik de\u011fi\u015fimine \u00f6nc\u00fcl\u00fck eden bir kurumun ba\u015f\u0131na ge\u00e7en Dr. Emin Ya\u015far Demirci\u2019nin \u00e7al\u0131\u015fma azmi ve co\u015fkusu hemen hissediliyor.<br \/>\nAhtamar Surp Ha\u00e7 Kilisesi\u2019ndeki ayini binan\u0131n d\u0131\u015f\u0131ndaki ekrandan izledik. Boston\u2019dan tan\u0131d\u0131\u011f\u0131m Ermeni dostum (aslen Kayserili!) Harry Parsekian\u2019a Ahtamar\u2019da rastlad\u0131m. Harry, olay\u0131 \u015f\u00f6yle \u00f6zetledi: \u201cAyhan, bir r\u00fcyada gibiyim!\u201d Bu r\u00fcyan\u0131n ger\u00e7ekle\u015fmesini sa\u011flayan herkese ne kadar te\u015fekk\u00fcr etsek azd\u0131r.<br \/>\nAKP h\u00fck\u00fcmetinin K\u00fcrt a\u00e7\u0131l\u0131m\u0131n\u0131n \u201calt\u0131n\u0131n doldurulamad\u0131\u011f\u0131\u201d veya Ermeni a\u00e7\u0131l\u0131m\u0131n\u0131n \u201cduvara toslad\u0131\u011f\u0131\u201d meselesi \u00e7ok yaz\u0131ld\u0131. \u0130tiraf etmeliyim, ben de ge\u00e7en haftaya kadar b\u00f6yle d\u00fc\u015f\u00fcn\u00fcyordum. Fakat b\u00f6lgeyi g\u00f6rd\u00fckten ve valiler, STK y\u00f6neticileri ve di\u011fer kamu y\u00f6neticileri ile konu\u015ftuktan sonra fikirlerim de\u011fi\u015fti.<br \/>\n<strong>Van: B\u00f6lgenin geli\u015fen merkezi <\/strong><\/p>\n<p style=\"text-align: justify\">Van b\u00f6lgenin bir cazibe merkezi oluyor, \u015fehir bir \u015fantiye halinde. Giderek geni\u015fleyen, zenginle\u015fen bir orta s\u0131n\u0131f\u0131n varl\u0131\u011f\u0131 hissediliyor. 1980\u2019lerden kalma briket duvarl\u0131 binalar\u0131n yan\u0131nda l\u00fcks apartmanlar y\u00fckseliyor. Al\u0131\u015fveri\u015f merkezleri a\u00e7\u0131l\u0131yor. \u0130stanbul\u2019da orta s\u0131n\u0131f kentli n\u00fcfusun al\u0131\u015fveri\u015f etti\u011fi b\u00fct\u00fcn ma\u011fazalar\u0131n Van\u2019da \u015fubeleri var. Hatta, Van ve Tatvan\u2019da \u201cbowling salonu\u201d bile var. Van Havaalan\u0131\u2019ndan bu y\u0131l ge\u00e7en yolcu say\u0131s\u0131 \u015fimdilik 600.000 civar\u0131nda. 2010 sonuna kadar 1.000.000 yolcuya ula\u015fmaya \u00e7al\u0131\u015f\u0131yorlar. Yak\u0131nda Van ile Irak K\u00fcrdistan\u0131\u2019ndaki S\u00fcleymaniye kenti aras\u0131nda u\u00e7ak seferleri ba\u015flayacak. Van\u2019\u0131 kabu\u011funa s\u0131\u011fmayan bir \u015fehir olarak tarif etmek m\u00fcmk\u00fcn. Herkesin g\u00f6z\u00fc, Iran ile olan Kap\u0131k\u00f6y s\u0131n\u0131r kap\u0131s\u0131n\u0131n daha etkin olarak kullan\u0131lmas\u0131nda. \u0130ran taraf\u0131ndaki yollar\u0131n d\u00fczeltilmesi sonucunda \u0130ranl\u0131lar\u0131n Van\u2019a gelip rahatl\u0131kla al\u0131\u015fveri\u015f yapacaklar\u0131n\u0131 da hesapl\u0131yorlar.<br \/>\n<strong>Yeni nesil valiler ve Ermeni a\u00e7\u0131l\u0131m\u0131<br \/>\n<\/strong>Ermeniler i\u00e7in bir hac yeri niteli\u011finde olan Ahtamar\u2019daki ayinden sonra herkes Ermenistan s\u0131n\u0131r kap\u0131s\u0131n\u0131n a\u00e7\u0131lmas\u0131n\u0131 istiyor. Van\u2019da turizm yat\u0131r\u0131mlar\u0131n\u0131n patlamas\u0131 bekleniyor. Van Ticaret ve Sanayi Odas\u0131 Ba\u015fkan\u0131 Zahir Kanda\u015fo\u011flu, y\u0131lda bir kez yap\u0131lacak ayinin yeterli olmad\u0131\u011f\u0131n\u0131 s\u00f6yl\u00fcyor. \u201cNe y\u00e2ni, her pazar g\u00fcn\u00fc ayin mi yap\u0131ls\u0131n\u201d diye soruyorum. \u201cNeden olmas\u0131n?\u201d cevab\u0131n\u0131 al\u0131yorum. On y\u0131l \u00f6nce, Ermeni as\u0131ll\u0131 Amerikal\u0131 yat\u0131r\u0131mc\u0131 Viktor Bedoyan\u2019\u0131n Van\u2019da a\u00e7t\u0131\u011f\u0131 Hotel Vartan\u2019\u0131n ba\u015f\u0131na gelen felaketleri hat\u0131rlatt\u0131\u011f\u0131m\u0131zda, \u201cHocam, adam\u0131n otelini zapt ettiler. Olanlardan utan\u0131yorum. Ama art\u0131k o g\u00fcnler geride kald\u0131\u201d diyor.<br \/>\nVan Valisi M\u00fcnir Karalo\u011flu, Ahtamar d\u0131\u015f\u0131nda restore edilmesi gereken bir\u00e7ok an\u0131tsal eserden bahsediyor. \u00d6rne\u011fin, Yedi Kilise olarak bilinen Varagavank Ermeni Manast\u0131r\u0131 bunlardan birisi. Vali Karalo\u011flu, restorasyon projesinin haz\u0131rland\u0131\u011f\u0131n\u0131 anlat\u0131yor. Onunla konu\u015furken, bir zamanlar b\u00f6lge halk\u0131na Hindistan\u2019daki koloni valisi gibi davranan \u00dcnal Erkan ve Hayri Kozak\u00e7\u0131o\u011flu gibi tiplere al\u0131\u015f\u0131k oldu\u011fumuzu ve bu nedenle anlay\u0131\u015f\u0131na biraz \u015fa\u015f\u0131rd\u0131\u011f\u0131m\u0131z\u0131 s\u00f6yl\u00fcyorum. Dayanamay\u0131p, \u201cSay\u0131n Vali, acaba siz bir imalat hatas\u0131 m\u0131s\u0131n\u0131z\u201d sorusunu soruyorum. Son derece m\u00fctevaz\u0131 bir ifade ile \u201cBizler, yeni nesil valileriz!\u201d cevab\u0131n\u0131 al\u0131yorum. Ayn\u0131 soruyu, gen\u00e7 vali yard\u0131mc\u0131s\u0131 Atay Uslu\u2019ya sordu\u011fumda, \u201cBizler farkl\u0131y\u0131z! Kayg\u0131lar\u0131m\u0131z\u0131n, vatanda\u015fa olan sayg\u0131m\u0131z\u0131n \u00f6n\u00fcne ge\u00e7emeyece\u011fi bir hizmet inan\u0131yoruz\u201d diyor.<br \/>\nGer\u00e7ekten kayg\u0131lar, art\u0131k geriye at\u0131lm\u0131\u015f. B\u00f6lgede bir zamanlar da\u011flara kire\u00e7 ile yaz\u0131lan \u201cNe mutlu, T\u00fcrk\u00fcm diyene\u201d yaz\u0131lar\u0131 art\u0131k solmu\u015f ve silinmeye y\u00fcz tutmu\u015f. T\u00fcrkle\u015ftirme politikalar\u0131n\u0131n s\u00f6kmedi\u011fine, hem askerler, hem de sivil y\u00f6neticiler ikna olmu\u015flar. Tabii ki bu noktaya ula\u015fmak i\u00e7in binlerce insan\u0131n \u00f6ld\u00fc\u011f\u00fcn\u00fc d\u00fc\u015f\u00fcn\u00fcnce insan\u0131n y\u00fcre\u011fi s\u0131zl\u0131yor.<br \/>\nB\u00f6lge halk\u0131na insan gibi davranmak, onlar\u0131 dilleri, kimlikleri ve k\u00fclt\u00fcrlerinden \u00f6t\u00fcr\u00fc a\u015fa\u011f\u0131lamadan hizmet g\u00f6t\u00fcrmek K\u00fcrt a\u00e7\u0131l\u0131m\u0131n\u0131n en temel hedefi bence. K\u0131sacas\u0131, K\u00fcrt a\u00e7\u0131l\u0131m\u0131 yerel d\u00fczeyde d\u00fczg\u00fcn kamu y\u00f6neticilerinin atanmas\u0131 ile devam ediyor. Fakat bu s\u00fcreci \u0130stanbul\u2019dan izlemek m\u00fcmk\u00fcn de\u011fil. B\u00f6lgeye gitmek, insanlarla konu\u015fmak laz\u0131m.<br \/>\nB\u00f6lgeye atanan valilerin ki\u015filikleri \u00f6nemli bir fark yaratm\u0131\u015f. Vanl\u0131larla konu\u015furken \u201cbundan \u00f6nceki vali nas\u0131ld\u0131\u201d diye sordu\u011fumda ald\u0131\u011f\u0131m cevap \u015f\u00f6yle: \u201cEski valiyi sadece geldi\u011fi g\u00fcn g\u00f6rd\u00fck. Sonra kendisini \u00f6zel tim, asker ve polislerden olu\u015fan bir duvar ile \u00e7evirdi. Ona ula\u015famaz olduk. Vilayetten evine \u00f6nde iki polis arabas\u0131 ve arkada z\u0131rhl\u0131 ara\u00e7 ile giderdi. Allahtan, ba\u015fka yere tayin oldu da kurtulduk\u201d cevab\u0131n\u0131 al\u0131yorsunuz.<\/p>\n<p style=\"text-align: justify\">Vali M\u00fcnir Karalo\u011flu ise \u015fehir i\u00e7inde polis eskortu olmadan geziniyor, ayr\u0131ca onu sokakta y\u00fcr\u00fcrken veya esnafla muhabbet ederken g\u00f6rmeniz de m\u00fcmk\u00fcn.<br \/>\nAKP, 29 Mart 2009 se\u00e7imlerinde Van\u2019da belediye ba\u015fkanl\u0131\u011f\u0131n\u0131 75.847 oy alan BDP\u2019ye kapt\u0131rm\u0131\u015f, ama AKP de 54.748 oy alm\u0131\u015f. Vanl\u0131lar, Ba\u015fbakan Erdo\u011fan\u2019\u0131n kentte \u00e7ok sevildi\u011fini, bu oylar\u0131n \u00e7o\u011funun onu seven kad\u0131n se\u00e7menlerden geldi\u011fini s\u00f6yl\u00fcyorlar. \u00d6zellikle, \u00e7ocuklar\u0131n\u0131 okula yollayan kad\u0131nlara \u00f6denen \u201c\u00e7ocuk paras\u0131\u201d sayesinde kad\u0131nlar\u0131n eline ilk kez nakit para ge\u00e7ti\u011fini, o parayla yaln\u0131z ba\u015flar\u0131na lokantaya gidip yemek yiyebildiklerini s\u00f6yl\u00fcyorlar. Vanl\u0131 kad\u0131nlar\u0131n, e\u015flerinden BDP\u2019ye oy verilmesi konusunda gelen bask\u0131lara direndiklerini ve Erdo\u011fan\u2019a oy verdiklerini anlat\u0131yorlar.<br \/>\n<strong>Bitlis: Y\u00fckselen y\u0131ld\u0131z<br \/>\n<\/strong>Van\u2019dan sonra Erci\u015f, Adilcevaz ve Ahlat \u00fczerinden Tatvan\u2019a var\u0131yoruz. Art\u0131k Bitlis il s\u0131n\u0131rlar\u0131 i\u00e7indeyiz. Tatvan yeni bir yerle\u015fim, demiryolunun ula\u015ft\u0131\u011f\u0131 son nokta. Tatvan iskelesinden feribota y\u00fcklenen vagonlar Van\u2019a ta\u015f\u0131n\u0131yor. 2005 \u00f6ncesinde, \u015fehirdeki \u00f6zel tim, polis ve asker bask\u0131s\u0131ndan o kadar y\u0131lm\u0131\u015flar ki o bask\u0131 kalkt\u0131ktan sonra \u201csanki \u015fimdi biz Paris\u2019te ya\u015f\u0131yor gibiyiz\u201d diyorlar. G\u00fcvenlik sorunu \u00e7\u00f6z\u00fcld\u00fckten sonra, insanlar\u0131n geli\u015fme ve zenginle\u015fme talepleri ortaya \u00e7\u0131k\u0131yor.<br \/>\nBitlis \u00e7ok \u00f6zel bir kent. Rahva d\u00fczl\u00fc\u011f\u00fcnden a\u015fa\u011f\u0131 inen bir \u00e7anak i\u00e7inde kurulmu\u015f. K\u0131\u015f aylar\u0131nda Rahva d\u00fczl\u00fc\u011f\u00fc ile Bitlis\u2019in tarih\u00ee merkezi aras\u0131nda \u0131s\u0131 fark\u0131 var. \u00c7ana\u011f\u0131n i\u00e7i, 10 derece daha s\u0131cak oluyor. Bitlis kad\u00eem bir kent. K\u00fcrt, Ermeni ve Sel\u00e7uklu eserlerinin sarma\u015f dola\u015f oldu\u011fu bir yer. Bitlis, yakla\u015f\u0131k 450 y\u0131l \u015eerefhanlar s\u00fclalesi taraf\u0131ndan y\u00f6netilmi\u015f. Bitlisli IV. \u015eeref Han, K\u00fcrt tarihinin temel eseri olan \u015eerefn\u00e2me\u2019yi 1597 y\u0131l\u0131nda kaleme alm\u0131\u015f. 1529 tarihli \u015eerefiye Camii ve k\u00fclliyesi bug\u00fcn h\u00e2l\u00e2 ayakta. Ayr\u0131ca, k\u00f6pr\u00fcler, t\u00fcrbeler, hamamlar, medreseler, hanlar ve kervansaraylar var.<br \/>\nBitlis Valisi Nurettin Y\u0131lmaz giri\u015fimci bir ki\u015fili\u011fe sahip. \u00c7EK\u00dcL Vakf\u0131 taraf\u0131ndan yap\u0131lan kentsel d\u00f6n\u00fc\u015f\u00fcm projesini AKP\u2019li Belediye Ba\u015fkan\u0131 Fehmi Alayd\u0131n ile birlikte uyguluyor. \u015eehrin merkezinden ge\u00e7en \u00e7ay\u0131n \u00fczerinde 24 adet tarih\u00ee k\u00f6pr\u00fc var. Bunlar\u0131n \u00fcst\u00fc \u00e7irkin, sakil binalarla kaplanm\u0131\u015f. Bitlisli yetkililer, kent merkezinde \u201cm\u0131nt\u0131ka temizli\u011fi\u201d yap\u0131larak tarih\u00ee eserlerin ortaya \u00e7\u0131kar\u0131laca\u011f\u0131n\u0131 ve sonra da kent merkezinin turizm ama\u00e7l\u0131 olarak yeniden kullan\u0131laca\u011f\u0131n\u0131 anlat\u0131yorlar.<\/p>\n<p style=\"text-align: justify\">Nemrut Da\u011f\u0131\u2019ndaki kayak tesislerinin Paland\u00f6ken ile yar\u0131\u015faca\u011f\u0131n\u0131 s\u00f6yl\u00fcyorlar. \u015eehir merkezindeki b\u00fct\u00fcn kamu binalar\u0131 Rahva d\u00fczl\u00fc\u011f\u00fcne ta\u015f\u0131n\u0131yor. TOK\u0130\u2019nin yapt\u0131\u011f\u0131 konutlar hemen sat\u0131lm\u0131\u015f. Vali Y\u0131lmaz, \u00fc\u00e7 y\u0131l \u00f6nce 100.000 TL\u2019ye sat\u0131n al\u0131nan bir araziye bug\u00fcn d\u00f6rt milyon TL istendi\u011fini anlat\u0131yor ve \u201cinsanlar\u0131n Bitlis\u2019in gelece\u011fine yat\u0131r\u0131m yapt\u0131\u011f\u0131n\u0131\u201d s\u00f6yl\u00fcyor.<br \/>\nVali Y\u0131lmaz, Bitlis k\u00f6kenli zengin ailelerin kurdu\u011fu BETAV\u2019\u0131n imk\u00e2nlar\u0131n\u0131 seferber ediyor. T\u00fcrkiye\u2019nin yoksul illerinden biri olan Bitlis\u2019te 100 milyon dolarl\u0131k yat\u0131r\u0131m yapan hay\u0131rsever Ahmet Eren, Bitlis Eren \u00dcniversitesi\u2019ni kuruyor. Ayr\u0131ca, kentte okul, yurt, meslek lisesi, Anadolu lisesi ve fen lisesi binalar\u0131n\u0131n \u00e7o\u011fu \u00fclkenin bat\u0131s\u0131nda oturan Bitlisli zengin i\u015fadamlar\u0131 taraf\u0131ndan yap\u0131lm\u0131\u015f.<\/p>\n<p style=\"text-align: justify\">E\u011fitim yat\u0131r\u0131mlar\u0131n\u0131n sonu\u00e7lar\u0131 da al\u0131n\u0131yor: 2010 \u00d6SYM s\u0131nav\u0131nda Bitlisli gen\u00e7ler T\u00fcrkiye s\u0131ralamas\u0131nda birinci gelmi\u015fler.<br \/>\nBitlis Valisi Nurettin Y\u0131lmaz, kaymakaml\u0131k staj\u0131n\u0131 merhum vali Recep Yaz\u0131c\u0131o\u011flu\u2019nun yan\u0131nda yapt\u0131\u011f\u0131n\u0131 \u00f6v\u00fcnerek anlat\u0131yor. Merhum Yaz\u0131c\u0131o\u011flu\u2019nun y\u00f6netim anlay\u0131\u015f\u0131 \u201cyeni nesil valiler\u201d i\u00e7in yol g\u00f6sterici olmu\u015f anla\u015f\u0131lan. Vali Y\u0131lmaz k\u00f6y k\u00f6kenli oldu\u011funu, babas\u0131n\u0131n jandarma \u00e7avu\u015fu oldu\u011funu anlat\u0131yor. \u0130dare edecek kadar K\u00fcrt\u00e7e biliyor. \u201cNerede \u00f6\u011frendiniz\u201d diye soruyorum: \u201c\u0130lkokulu babam\u0131n g\u00f6revi dolay\u0131s\u0131yla Eruh\u2019ta okudum. Orada \u00f6\u011frendim. \u015eimdi \u00e7ok i\u015fime yar\u0131yor. K\u00fcrt\u00e7e h\u00e2l-hat\u0131r sordu\u011fumda vatanda\u015f\u0131n tavr\u0131 farkl\u0131 oluyor\u201d diyor. Said-i Nurs\u00ee\u2019nin k\u00f6y\u00fc olan Nurs\u2019ta a\u00e7\u0131lan cami ve k\u00fclliyenin a\u00e7\u0131l\u0131\u015f t\u00f6renine kat\u0131ld\u0131\u011f\u0131 i\u00e7in kendisini ele\u015ftirenleri, \u201cBitlis\u2019in yeti\u015ftirdi\u011fi de\u011ferlere sayg\u0131l\u0131 olman\u0131n gere\u011fini yapt\u0131m\u201d diyerek cevapland\u0131r\u0131yor. Al\u0131\u015f\u0131k oldu\u011fumuz, \u201cbaston yutmu\u015f gibi duran\u201d vali tipiyle hi\u00e7 alakas\u0131 yok. Kendisi \u00f6\u011fretmen okulu mezunu, Ankara\u2019da SBF\u2019de okurken har\u00e7l\u0131\u011f\u0131n\u0131 \u00e7\u0131karmak i\u00e7in taksi \u015fof\u00f6rl\u00fc\u011f\u00fc yapt\u0131\u011f\u0131n\u0131 g\u00fclerek anlat\u0131yor. \u00d6zel arabas\u0131 ile e\u015fini de yan\u0131na alarak Bitlis\u2019in \u00fccra k\u00f6ylerine gidiyor ve \u015fehirde koruma ile dola\u015fm\u0131yor.<br \/>\n<strong>Mu\u015f: Zorlanan bir kent<br \/>\n<\/strong>Mu\u015f b\u00f6lgenin en azgeli\u015fmi\u015f kentlerinden birisi. H\u00e2len n\u00fcfusun y\u00fczde 65\u2019i k\u00f6ylerde ya\u015f\u0131yor. Mu\u015f Ovas\u0131\u2019n\u0131n verimli kullan\u0131ld\u0131\u011f\u0131n\u0131 s\u00f6ylemek m\u00fcmk\u00fcn de\u011fil. Vital Cuinet\u2019nin La Turquie d\u2019Asie (Paris, 1890) isimli eserinde anlatt\u0131\u011f\u0131 kadar\u0131yla Mu\u015f Sanca\u011f\u0131\u2019n\u0131n n\u00fcfusu 123.000 ki\u015fi ve bunlar\u0131n 55.000\u2019i Ermeni imi\u015f. Mu\u015f, 1915\u2019teki Ermeni tehciri sonras\u0131nda, i\u00e7ine d\u00fc\u015ft\u00fc\u011f\u00fc ekonomik \u00e7\u00f6k\u00fc\u015ften 95 y\u0131l sonra \u00e7\u0131kmaya \u00e7al\u0131\u015f\u0131yor. \u00d6rne\u011fin, Mu\u015f Ovas\u0131\u2019nda \u015farapl\u0131k \u00fcz\u00fcm yeti\u015fiyor. Fakat Mu\u015f ahalisi pek dindar oldu\u011fu i\u00e7in, ba\u011fc\u0131l\u0131\u011fa ve \u015farap \u00fcretimine giri\u015fen kimse yok. Halbuki, Cuinet\u2019nin verdi\u011fi bilgilere g\u00f6re, 1890 y\u0131l\u0131nda Mu\u015f Ovas\u0131\u2019ndaki ba\u011flarda Ermeniler y\u0131lda 400.000 kilo \u015farap \u00fcretip, vilayet d\u0131\u015f\u0131na sat\u0131yorlarm\u0131\u015f.<br \/>\nMu\u015f\u2019un yeni nesil valisi Erdo\u011fan Bekta\u015f da giri\u015fimci \u00f6zelli\u011fi a\u011f\u0131r basan bir y\u00f6netici. Mu\u015f Ovas\u0131\u2019nda sanayi yat\u0131r\u0131mlar\u0131n\u0131n artmas\u0131 i\u00e7in \u00e7aba g\u00f6steriyor. Esas olarak \u00e7imento ve in\u015faat malzemesi \u00fcretimine dayal\u0131 baz\u0131 fabrikalar\u0131n kurulmas\u0131n\u0131 destekliyor. Mu\u015f\u2019ta \u00fcretim yapan bu fabrikalar, ge\u00e7en y\u0131l 10 milyon dolarl\u0131k ihracat yapm\u0131\u015flar. Mu\u015f\u2019un turizm kapasitesi ise s\u0131n\u0131rl\u0131, fakat Mu\u015f Havaalan\u0131 b\u00f6lgeye hizmet veriyor. Vali Erdo\u011fan Bekta\u015f, Mu\u015f\u2019ta hayvanc\u0131l\u0131\u011f\u0131n geli\u015fmesi i\u00e7in yat\u0131r\u0131mc\u0131lar\u0131 ikna ederek bir s\u00fct fabrikas\u0131 kurdurmaya \u00e7al\u0131\u015f\u0131yor. E\u011fer, \u00fcretilen s\u00fct para ederse hayvanc\u0131l\u0131\u011f\u0131n geli\u015fece\u011fini \u00fcmit ediyor.<br \/>\nMu\u015f Ticaret ve Sanayi Odas\u0131 Ba\u015fkan\u0131 \u015eihmus Sinecem, Mu\u015f\u2019un \u00fclkenin en g\u00fcvenli illerinden biri oldu\u011funun alt\u0131n\u0131 \u00e7iziyor. Faili me\u00e7hul cinayetler y\u00fcz\u00fcnden kentten g\u00f6\u00e7 edenlerin geri d\u00f6nd\u00fc\u011f\u00fcn\u00fc anlat\u0131yor. Anadili olan K\u00fcrt\u00e7eyi \u00f6zg\u00fcrce konu\u015fabilmenin \u00f6nemini vurguluyor. Evvelden hastanede derdini T\u00fcrk\u00e7e anlatamayan K\u00fcrt kad\u0131nlar\u0131n\u0131 doktorlar\u0131n a\u015fa\u011f\u0131lad\u0131\u011f\u0131n\u0131, fakat o g\u00fcnlerin art\u0131k geride kald\u0131\u011f\u0131n\u0131 s\u00f6yl\u00fcyor. Ve g\u00fclerek ilave ediyor: \u201c\u0130nsanlar, her zaman yasaklar\u0131 delmek isterler. Evvelden otob\u00fcs terminallerinde hep K\u00fcrt\u00e7e \u015fark\u0131lar \u00e7al\u0131n\u0131rd\u0131, \u015fimdi K\u00fcrt\u00e7e serbest oldu\u011fu i\u00e7in art\u0131k \u00e7al\u0131nm\u0131yor. Evvelden Roj TV seyredilirdi, \u015fimdi TRT \u015ee\u015f seyrediliyor.\u201d<br \/>\nDo\u011fu Anadolu Kalk\u0131nma Ajans\u0131\u2019n\u0131n davetlisi olarak yapt\u0131\u011f\u0131m\u0131z gezide \u00e7ok \u015fey \u00f6\u011frendi\u011fimi s\u00f6ylemeliyim. Her \u015feyden \u00f6nce Van, Bitlis ve Mu\u015f\u2019ta g\u00fcvenlik a\u00e7\u0131s\u0131ndan rahatlama ve kendine g\u00fcven duygusunun geli\u015fti\u011fini g\u00f6zlemledim. S\u0131rf bu d\u00fczeyde bile a\u00e7\u0131l\u0131m\u0131n devam etti\u011fini s\u00f6ylemek m\u00fcmk\u00fcn.<br \/>\nTabii ki b\u00f6lgenin ba\u015fta fakirlik ve i\u015fsizlik olmak \u00fczere bir\u00e7ok sorunu var. Acaba, Van ve Bitlis\u2019te turizm yat\u0131r\u0131mlar\u0131n\u0131n geli\u015fmesini isteyenler nas\u0131l bir kent ya\u015fam\u0131 tahayy\u00fcl ediyorlar? E\u011fer Bitlis\u2019in kent merkezi yenilenir ve pansiyon turizmine a\u00e7\u0131l\u0131rsa, oraya kayak yapmaya gelen turistlerin yemek yiyece\u011fi i\u00e7kili lokantalar ve kafeler a\u00e7\u0131lacak m\u0131? \u00dcniversite, \u015fehrin d\u0131\u015f\u0131nda bir yama gibi mi duracak? B\u00fct\u00fcn bunlar \u00f6nemli sorular. Van ve Bitlis\u2019in de\u011fi\u015fimini Yeni nesil valilerin cami a\u00e7\u0131l\u0131\u015f\u0131na, Cuma namaz\u0131na gitmelerini, birka\u00e7\u0131n\u0131n \u0130mam-Hatip Okulu mezunu olmas\u0131n\u0131 yahut e\u015flerinin \u00f6rt\u00fcl\u00fc olmalar\u0131n\u0131 kafaya tak\u0131p hemen \u201cFethullah\u00e7\u0131lar \u00f6rg\u00fctleniyor!\u201d \u00e7\u0131\u011fl\u0131klar\u0131 atan ya\u015fl\u0131 Beyaz T\u00fcrklere de bir \u00e7ift s\u00f6z\u00fcm olacak: \u00c7ocuklar\u0131n\u0131za Bo\u011fazi\u00e7i veya ODT\u00dc\u2019de i\u015fletme okuyup bankac\u0131 olmak yerine, M\u00fclkiye\u2019yi bitirip vali olma fikrini a\u015f\u0131lasayd\u0131n\u0131z; yeni nesil valilerin yerinde sizin \u00e7ocuklar\u0131n\u0131z olabilirdi. \u015eimdi hi\u00e7 a\u011flamay\u0131n, bunu siz istediniz!<br \/>\nAyr\u0131ca, e\u011fer Kemalist sistem k\u00f6y \u00e7ocuklar\u0131ndan vali yaratmay\u0131 ba\u015fard\u0131 ise; bu Kemalizmin zaferidir! S\u0131zlanmay\u0131 b\u0131rak\u0131n da bunun keyfini s\u00fcr\u00fcn. Kendi \u00fclkenizde ecnebi gibi ya\u015fayarak bu \u00fclkeyi y\u00f6netemezsiniz. Hele K\u00fcrt b\u00f6lgesinde, zart-zurt ederek halk\u0131 y\u00f6netmek art\u0131k hi\u00e7 m\u00fcmk\u00fcn de\u011fil. Varolu\u015fsal korkular\u0131n\u0131z\u0131n ve iliklerinize i\u015flemi\u015f \u00f6zg\u00fcven eksikli\u011finin fark\u0131nday\u0131z. Bu nedenle, sizlerden Ahtamar Kilisesi\u2019nin a\u00e7\u0131lmas\u0131n\u0131 zaten beklemiyorduk! Takmay\u0131n kafaya, K\u00fcrt ve Ermeni a\u00e7\u0131l\u0131mlar\u0131 sizlere ra\u011fmen devam ediyor&#8230;<\/p>\n<p style=\"text-align: justify\"><strong><em>\u00a0Ayhan Aktar<\/em><\/strong><\/p>\n<p style=\"text-align: justify\"><strong><em>27.09.10<\/em><\/strong><\/p>\n<p style=\"text-align: justify\"><strong><em>Kaynak: samanyoluhaber.com<br \/>\n<\/em><\/strong><\/p>\n","protected":false},"excerpt":{"rendered":"<p>Ge\u00e7en hafta Do\u011fu Anadolu Kalk\u0131nma Ajans\u0131\u2019n\u0131n (DAKA) davetlisi olarak Van, Bitlis, Mu\u015f ve Hakk\u00e2ri\u2019yi ziyaret ettik. 2006 y\u0131l\u0131nda \u00e7\u0131kan bir yasa ile yurt \u00e7ap\u0131nda 26 adet Kalk\u0131nma Ajans\u0131 kurulmu\u015f. Kalk\u0131nma Ajanslar\u0131, DPT ile e\u015fg\u00fcd\u00fcm i\u00e7inde \u00e7al\u0131\u015f\u0131yor, fakat elindeki kaynaklar\u0131n da\u011f\u0131t\u0131m\u0131nda daha \u00f6zerk bir \u00e7al\u0131\u015fma y\u00f6ntemi var. DAKA her y\u0131l proje yar\u0131\u015fmas\u0131 d\u00fczenliyor. KOB\u0130\u2019lere mali destek [&hellip;]<\/p>\n","protected":false},"author":3,"featured_media":0,"comment_status":"open","ping_status":"open","sticky":false,"template":"","format":"standard","meta":{"footnotes":""},"categories":[13,14],"tags":[],"class_list":["post-2327","post","type-post","status-publish","format-standard","hentry","category-gunumuzde-bati-ermenistan","category-haberler"],"yoast_head":"<!-- This site is optimized with the Yoast SEO plugin v27.4 - https:\/\/yoast.com\/product\/yoast-seo-wordpress\/ -->\n<title>A\u00e7\u0131l\u0131m\u0131n \u2018imalat hatas\u0131\u2019 valileri - Bati Ermenistan Ve Bati Ermenileri Sorunlari Ara\u015ftirmalar Merkezi<\/title>\n<meta name=\"robots\" content=\"index, follow, max-snippet:-1, max-image-preview:large, max-video-preview:-1\" \/>\n<link rel=\"canonical\" href=\"https:\/\/akunq.net\/turkish\/2010\/10\/13\/acilimin-imalat-hatasi-valileri\/\" \/>\n<meta property=\"og:locale\" content=\"en_US\" \/>\n<meta property=\"og:type\" content=\"article\" \/>\n<meta property=\"og:title\" content=\"A\u00e7\u0131l\u0131m\u0131n \u2018imalat hatas\u0131\u2019 valileri - Bati Ermenistan Ve Bati Ermenileri Sorunlari Ara\u015ftirmalar Merkezi\" \/>\n<meta property=\"og:description\" content=\"Ge\u00e7en hafta Do\u011fu Anadolu Kalk\u0131nma Ajans\u0131\u2019n\u0131n (DAKA) davetlisi olarak Van, Bitlis, Mu\u015f ve Hakk\u00e2ri\u2019yi ziyaret ettik. 2006 y\u0131l\u0131nda \u00e7\u0131kan bir yasa ile yurt \u00e7ap\u0131nda 26 adet Kalk\u0131nma Ajans\u0131 kurulmu\u015f. Kalk\u0131nma Ajanslar\u0131, DPT ile e\u015fg\u00fcd\u00fcm i\u00e7inde \u00e7al\u0131\u015f\u0131yor, fakat elindeki kaynaklar\u0131n da\u011f\u0131t\u0131m\u0131nda daha \u00f6zerk bir \u00e7al\u0131\u015fma y\u00f6ntemi var. DAKA her y\u0131l proje yar\u0131\u015fmas\u0131 d\u00fczenliyor. KOB\u0130\u2019lere mali destek [&hellip;]\" \/>\n<meta property=\"og:url\" content=\"https:\/\/akunq.net\/turkish\/2010\/10\/13\/acilimin-imalat-hatasi-valileri\/\" \/>\n<meta property=\"og:site_name\" content=\"Bati Ermenistan Ve Bati Ermenileri Sorunlari Ara\u015ftirmalar Merkezi\" \/>\n<meta property=\"article:published_time\" content=\"2010-10-13T09:52:04+00:00\" \/>\n<meta name=\"author\" content=\"kalem\" \/>\n<meta name=\"twitter:card\" content=\"summary_large_image\" \/>\n<meta name=\"twitter:label1\" content=\"Written by\" \/>\n\t<meta name=\"twitter:data1\" content=\"kalem\" \/>\n\t<meta name=\"twitter:label2\" content=\"Est. reading time\" \/>\n\t<meta name=\"twitter:data2\" content=\"13 minutes\" \/>\n<script type=\"application\/ld+json\" class=\"yoast-schema-graph\">{\"@context\":\"https:\\\/\\\/schema.org\",\"@graph\":[{\"@type\":\"Article\",\"@id\":\"https:\\\/\\\/akunq.net\\\/turkish\\\/2010\\\/10\\\/13\\\/acilimin-imalat-hatasi-valileri\\\/#article\",\"isPartOf\":{\"@id\":\"https:\\\/\\\/akunq.net\\\/turkish\\\/2010\\\/10\\\/13\\\/acilimin-imalat-hatasi-valileri\\\/\"},\"author\":{\"name\":\"kalem\",\"@id\":\"https:\\\/\\\/akunq.net\\\/turkish\\\/#\\\/schema\\\/person\\\/135e7923d1aeb8887890799619969a6c\"},\"headline\":\"A\u00e7\u0131l\u0131m\u0131n \u2018imalat hatas\u0131\u2019 valileri\",\"datePublished\":\"2010-10-13T09:52:04+00:00\",\"mainEntityOfPage\":{\"@id\":\"https:\\\/\\\/akunq.net\\\/turkish\\\/2010\\\/10\\\/13\\\/acilimin-imalat-hatasi-valileri\\\/\"},\"wordCount\":2656,\"commentCount\":0,\"articleSection\":[\"G\u00fcn\u00fcm\u00fczde Bat\u0131 Ermenistan\",\"Haberler\"],\"inLanguage\":\"en-US\",\"potentialAction\":[{\"@type\":\"CommentAction\",\"name\":\"Comment\",\"target\":[\"https:\\\/\\\/akunq.net\\\/turkish\\\/2010\\\/10\\\/13\\\/acilimin-imalat-hatasi-valileri\\\/#respond\"]}]},{\"@type\":\"WebPage\",\"@id\":\"https:\\\/\\\/akunq.net\\\/turkish\\\/2010\\\/10\\\/13\\\/acilimin-imalat-hatasi-valileri\\\/\",\"url\":\"https:\\\/\\\/akunq.net\\\/turkish\\\/2010\\\/10\\\/13\\\/acilimin-imalat-hatasi-valileri\\\/\",\"name\":\"A\u00e7\u0131l\u0131m\u0131n \u2018imalat hatas\u0131\u2019 valileri - Bati Ermenistan Ve Bati Ermenileri Sorunlari Ara\u015ftirmalar Merkezi\",\"isPartOf\":{\"@id\":\"https:\\\/\\\/akunq.net\\\/turkish\\\/#website\"},\"datePublished\":\"2010-10-13T09:52:04+00:00\",\"author\":{\"@id\":\"https:\\\/\\\/akunq.net\\\/turkish\\\/#\\\/schema\\\/person\\\/135e7923d1aeb8887890799619969a6c\"},\"breadcrumb\":{\"@id\":\"https:\\\/\\\/akunq.net\\\/turkish\\\/2010\\\/10\\\/13\\\/acilimin-imalat-hatasi-valileri\\\/#breadcrumb\"},\"inLanguage\":\"en-US\",\"potentialAction\":[{\"@type\":\"ReadAction\",\"target\":[\"https:\\\/\\\/akunq.net\\\/turkish\\\/2010\\\/10\\\/13\\\/acilimin-imalat-hatasi-valileri\\\/\"]}]},{\"@type\":\"BreadcrumbList\",\"@id\":\"https:\\\/\\\/akunq.net\\\/turkish\\\/2010\\\/10\\\/13\\\/acilimin-imalat-hatasi-valileri\\\/#breadcrumb\",\"itemListElement\":[{\"@type\":\"ListItem\",\"position\":1,\"name\":\"Home\",\"item\":\"https:\\\/\\\/akunq.net\\\/turkish\\\/\"},{\"@type\":\"ListItem\",\"position\":2,\"name\":\"A\u00e7\u0131l\u0131m\u0131n \u2018imalat hatas\u0131\u2019 valileri\"}]},{\"@type\":\"WebSite\",\"@id\":\"https:\\\/\\\/akunq.net\\\/turkish\\\/#website\",\"url\":\"https:\\\/\\\/akunq.net\\\/turkish\\\/\",\"name\":\"Bati Ermenistan Ve Bati Ermenileri Sorunlari Ara\u015ftirmalar Merkezi\",\"description\":\"\",\"potentialAction\":[{\"@type\":\"SearchAction\",\"target\":{\"@type\":\"EntryPoint\",\"urlTemplate\":\"https:\\\/\\\/akunq.net\\\/turkish\\\/?s={search_term_string}\"},\"query-input\":{\"@type\":\"PropertyValueSpecification\",\"valueRequired\":true,\"valueName\":\"search_term_string\"}}],\"inLanguage\":\"en-US\"},{\"@type\":\"Person\",\"@id\":\"https:\\\/\\\/akunq.net\\\/turkish\\\/#\\\/schema\\\/person\\\/135e7923d1aeb8887890799619969a6c\",\"name\":\"kalem\",\"image\":{\"@type\":\"ImageObject\",\"inLanguage\":\"en-US\",\"@id\":\"https:\\\/\\\/secure.gravatar.com\\\/avatar\\\/a06875e4b25feb5674296adf8e8a7ae1e587cebce2493fe63c456109967e27d3?s=96&d=mm&r=g\",\"url\":\"https:\\\/\\\/secure.gravatar.com\\\/avatar\\\/a06875e4b25feb5674296adf8e8a7ae1e587cebce2493fe63c456109967e27d3?s=96&d=mm&r=g\",\"contentUrl\":\"https:\\\/\\\/secure.gravatar.com\\\/avatar\\\/a06875e4b25feb5674296adf8e8a7ae1e587cebce2493fe63c456109967e27d3?s=96&d=mm&r=g\",\"caption\":\"kalem\"},\"url\":\"https:\\\/\\\/akunq.net\\\/turkish\\\/author\\\/kalem\\\/\"}]}<\/script>\n<!-- \/ Yoast SEO plugin. -->","yoast_head_json":{"title":"A\u00e7\u0131l\u0131m\u0131n \u2018imalat hatas\u0131\u2019 valileri - Bati Ermenistan Ve Bati Ermenileri Sorunlari Ara\u015ftirmalar Merkezi","robots":{"index":"index","follow":"follow","max-snippet":"max-snippet:-1","max-image-preview":"max-image-preview:large","max-video-preview":"max-video-preview:-1"},"canonical":"https:\/\/akunq.net\/turkish\/2010\/10\/13\/acilimin-imalat-hatasi-valileri\/","og_locale":"en_US","og_type":"article","og_title":"A\u00e7\u0131l\u0131m\u0131n \u2018imalat hatas\u0131\u2019 valileri - Bati Ermenistan Ve Bati Ermenileri Sorunlari Ara\u015ftirmalar Merkezi","og_description":"Ge\u00e7en hafta Do\u011fu Anadolu Kalk\u0131nma Ajans\u0131\u2019n\u0131n (DAKA) davetlisi olarak Van, Bitlis, Mu\u015f ve Hakk\u00e2ri\u2019yi ziyaret ettik. 2006 y\u0131l\u0131nda \u00e7\u0131kan bir yasa ile yurt \u00e7ap\u0131nda 26 adet Kalk\u0131nma Ajans\u0131 kurulmu\u015f. Kalk\u0131nma Ajanslar\u0131, DPT ile e\u015fg\u00fcd\u00fcm i\u00e7inde \u00e7al\u0131\u015f\u0131yor, fakat elindeki kaynaklar\u0131n da\u011f\u0131t\u0131m\u0131nda daha \u00f6zerk bir \u00e7al\u0131\u015fma y\u00f6ntemi var. DAKA her y\u0131l proje yar\u0131\u015fmas\u0131 d\u00fczenliyor. KOB\u0130\u2019lere mali destek [&hellip;]","og_url":"https:\/\/akunq.net\/turkish\/2010\/10\/13\/acilimin-imalat-hatasi-valileri\/","og_site_name":"Bati Ermenistan Ve Bati Ermenileri Sorunlari Ara\u015ftirmalar Merkezi","article_published_time":"2010-10-13T09:52:04+00:00","author":"kalem","twitter_card":"summary_large_image","twitter_misc":{"Written by":"kalem","Est. reading time":"13 minutes"},"schema":{"@context":"https:\/\/schema.org","@graph":[{"@type":"Article","@id":"https:\/\/akunq.net\/turkish\/2010\/10\/13\/acilimin-imalat-hatasi-valileri\/#article","isPartOf":{"@id":"https:\/\/akunq.net\/turkish\/2010\/10\/13\/acilimin-imalat-hatasi-valileri\/"},"author":{"name":"kalem","@id":"https:\/\/akunq.net\/turkish\/#\/schema\/person\/135e7923d1aeb8887890799619969a6c"},"headline":"A\u00e7\u0131l\u0131m\u0131n \u2018imalat hatas\u0131\u2019 valileri","datePublished":"2010-10-13T09:52:04+00:00","mainEntityOfPage":{"@id":"https:\/\/akunq.net\/turkish\/2010\/10\/13\/acilimin-imalat-hatasi-valileri\/"},"wordCount":2656,"commentCount":0,"articleSection":["G\u00fcn\u00fcm\u00fczde Bat\u0131 Ermenistan","Haberler"],"inLanguage":"en-US","potentialAction":[{"@type":"CommentAction","name":"Comment","target":["https:\/\/akunq.net\/turkish\/2010\/10\/13\/acilimin-imalat-hatasi-valileri\/#respond"]}]},{"@type":"WebPage","@id":"https:\/\/akunq.net\/turkish\/2010\/10\/13\/acilimin-imalat-hatasi-valileri\/","url":"https:\/\/akunq.net\/turkish\/2010\/10\/13\/acilimin-imalat-hatasi-valileri\/","name":"A\u00e7\u0131l\u0131m\u0131n \u2018imalat hatas\u0131\u2019 valileri - Bati Ermenistan Ve Bati Ermenileri Sorunlari Ara\u015ftirmalar Merkezi","isPartOf":{"@id":"https:\/\/akunq.net\/turkish\/#website"},"datePublished":"2010-10-13T09:52:04+00:00","author":{"@id":"https:\/\/akunq.net\/turkish\/#\/schema\/person\/135e7923d1aeb8887890799619969a6c"},"breadcrumb":{"@id":"https:\/\/akunq.net\/turkish\/2010\/10\/13\/acilimin-imalat-hatasi-valileri\/#breadcrumb"},"inLanguage":"en-US","potentialAction":[{"@type":"ReadAction","target":["https:\/\/akunq.net\/turkish\/2010\/10\/13\/acilimin-imalat-hatasi-valileri\/"]}]},{"@type":"BreadcrumbList","@id":"https:\/\/akunq.net\/turkish\/2010\/10\/13\/acilimin-imalat-hatasi-valileri\/#breadcrumb","itemListElement":[{"@type":"ListItem","position":1,"name":"Home","item":"https:\/\/akunq.net\/turkish\/"},{"@type":"ListItem","position":2,"name":"A\u00e7\u0131l\u0131m\u0131n \u2018imalat hatas\u0131\u2019 valileri"}]},{"@type":"WebSite","@id":"https:\/\/akunq.net\/turkish\/#website","url":"https:\/\/akunq.net\/turkish\/","name":"Bati Ermenistan Ve Bati Ermenileri Sorunlari Ara\u015ftirmalar Merkezi","description":"","potentialAction":[{"@type":"SearchAction","target":{"@type":"EntryPoint","urlTemplate":"https:\/\/akunq.net\/turkish\/?s={search_term_string}"},"query-input":{"@type":"PropertyValueSpecification","valueRequired":true,"valueName":"search_term_string"}}],"inLanguage":"en-US"},{"@type":"Person","@id":"https:\/\/akunq.net\/turkish\/#\/schema\/person\/135e7923d1aeb8887890799619969a6c","name":"kalem","image":{"@type":"ImageObject","inLanguage":"en-US","@id":"https:\/\/secure.gravatar.com\/avatar\/a06875e4b25feb5674296adf8e8a7ae1e587cebce2493fe63c456109967e27d3?s=96&d=mm&r=g","url":"https:\/\/secure.gravatar.com\/avatar\/a06875e4b25feb5674296adf8e8a7ae1e587cebce2493fe63c456109967e27d3?s=96&d=mm&r=g","contentUrl":"https:\/\/secure.gravatar.com\/avatar\/a06875e4b25feb5674296adf8e8a7ae1e587cebce2493fe63c456109967e27d3?s=96&d=mm&r=g","caption":"kalem"},"url":"https:\/\/akunq.net\/turkish\/author\/kalem\/"}]}},"_links":{"self":[{"href":"https:\/\/akunq.net\/turkish\/wp-json\/wp\/v2\/posts\/2327","targetHints":{"allow":["GET"]}}],"collection":[{"href":"https:\/\/akunq.net\/turkish\/wp-json\/wp\/v2\/posts"}],"about":[{"href":"https:\/\/akunq.net\/turkish\/wp-json\/wp\/v2\/types\/post"}],"author":[{"embeddable":true,"href":"https:\/\/akunq.net\/turkish\/wp-json\/wp\/v2\/users\/3"}],"replies":[{"embeddable":true,"href":"https:\/\/akunq.net\/turkish\/wp-json\/wp\/v2\/comments?post=2327"}],"version-history":[{"count":0,"href":"https:\/\/akunq.net\/turkish\/wp-json\/wp\/v2\/posts\/2327\/revisions"}],"wp:attachment":[{"href":"https:\/\/akunq.net\/turkish\/wp-json\/wp\/v2\/media?parent=2327"}],"wp:term":[{"taxonomy":"category","embeddable":true,"href":"https:\/\/akunq.net\/turkish\/wp-json\/wp\/v2\/categories?post=2327"},{"taxonomy":"post_tag","embeddable":true,"href":"https:\/\/akunq.net\/turkish\/wp-json\/wp\/v2\/tags?post=2327"}],"curies":[{"name":"wp","href":"https:\/\/api.w.org\/{rel}","templated":true}]}}