{"id":2323,"date":"2010-10-13T04:49:43","date_gmt":"2010-10-13T09:49:43","guid":{"rendered":"http:\/\/akunq.net\/tr\/?p=2323"},"modified":"2010-10-13T04:49:43","modified_gmt":"2010-10-13T09:49:43","slug":"emir-kusturica-turk-olsaydi","status":"publish","type":"post","link":"https:\/\/akunq.net\/turkish\/2010\/10\/13\/emir-kusturica-turk-olsaydi\/","title":{"rendered":"Emir Kusturica T\u00fcrk olsayd\u0131"},"content":{"rendered":"<p style=\"text-align: justify\"><a rel=\"attachment wp-att-2324\" href=\"http:\/\/akunq.net\/tr\/?attachment_id=2324\"><img loading=\"lazy\" decoding=\"async\" class=\"alignleft size-medium wp-image-2324\" title=\"Kusturica\" src=\"http:\/\/akunq.net\/tr\/wp-content\/uploads\/2010\/10\/Kusturica-300x205.jpg\" alt=\"\" width=\"300\" height=\"205\" srcset=\"https:\/\/akunq.net\/turkish\/wp-content\/uploads\/sites\/5\/2010\/10\/Kusturica-300x205.jpg 300w, https:\/\/akunq.net\/turkish\/wp-content\/uploads\/sites\/5\/2010\/10\/Kusturica.jpg 307w\" sizes=\"auto, (max-width: 300px) 100vw, 300px\" \/><\/a>Evet, bir an farz edin; Emir Kusturica Bosnal\u0131 S\u0131rp de\u011fil de T\u00fcrk sinema y\u00f6netmeni. Fransa&#8217;da bir film festivaline davet ediliyor. Fransa&#8217;n\u0131n Ermeni k\u00f6kenli K\u00fclt\u00fcr Bakan\u0131 da &#8220;O zat 1915 olaylar\u0131n\u0131 k\u00fc\u00e7\u00fcmser. Oysa kad\u0131n, \u00e7ocuk, ya\u015fl\u0131 demeden Anadolu&#8217;daki Ermeni n\u00fcfusunun neredeyse t\u00fcm\u00fc Osmanl\u0131lar taraf\u0131ndan ya \u00e7\u00f6llere s\u00fcr\u00fcld\u00fc ya da \u00f6ld\u00fcr\u00fcld\u00fc. \u00c7\u00f6le s\u00fcr\u00fclenlerin bir\u00e7o\u011fu a\u00e7l\u0131k ve susuzluktan \u00f6ld\u00fc. Yollarda binlerce Ermeni kad\u0131na tecav\u00fcz edildi. Ermenilerin mallar\u0131 gasp edildi. Kiliseler ah\u0131r olarak kullan\u0131ld\u0131. Onun kat\u0131ld\u0131\u011f\u0131 film festivaline ben kat\u0131lmam&#8221; diyor. Ne d\u00fc\u015f\u00fcn\u00fcrd\u00fck acaba? \u00c7ok merak ediyorum.<br \/>\nKusturica&#8217;n\u0131n g\u00f6r\u00fc\u015flerine kat\u0131l\u0131n veya kat\u0131lmay\u0131n, neticede Antalya Alt\u0131n Portakal Film Festivali&#8217;ne siyasi kimli\u011fiyle de\u011fil sanat\u00e7\u0131 kimli\u011fiyle \u00e7a\u011fr\u0131ld\u0131. Dolay\u0131s\u0131yla K\u00fclt\u00fcr Bakan\u0131 Ertu\u011frul G\u00fcnay&#8217;\u0131n, sanata siyasetin bula\u015ft\u0131r\u0131lmas\u0131na ili\u015fkin itirazlar\u0131 bana en hafifinden g\u00fcl\u00fcn\u00e7 geldi. K\u00fclt\u00fcr Bakan\u0131, Alt\u0131n Portakal&#8217;a Kusturica&#8217;ya atfedilen siyasi g\u00f6r\u00fc\u015flerine duydu\u011fu tepkiden \u00f6t\u00fcr\u00fc kat\u0131lmayarak kendisi sanata siyaset bula\u015ft\u0131rd\u0131. Hem de en kaba bi\u00e7imde.<br \/>\nBizler \u00e7ok medeni ve duyarl\u0131y\u0131z ya&#8230; Bosna&#8217;da, Gazze&#8217;de ya\u015fanan vah\u015fet bizi kahrediyor. Ama nedense kendi topraklar\u0131m\u0131zda ya\u015fanan katliamlar s\u00f6z konusu olunca durum de\u011fi\u015fiyor. Orhan Pamuk, Ermenilerin ve K\u00fcrtlerin ba\u015f\u0131na gelen felaketlere de\u011findi\u011fi i\u00e7in vatan haini ilan ediliyor. Kitaplar\u0131 toplat\u0131l\u0131p yak\u0131l\u0131yor. K\u00fcrt k\u00fclt\u00fcr\u00fcne sahip \u00e7\u0131kt\u0131 diye Ahmet Kaya toplumsal lince maruz kal\u0131yor.<br \/>\nAsl\u0131nda bir\u00e7ok sanat\u00e7\u0131n\u0131n ge\u00e7mi\u015fine bakt\u0131\u011f\u0131m\u0131zda karanl\u0131k noktalar bulmak her zaman m\u00fcmk\u00fcn. Bunun en canl\u0131 \u00f6rne\u011fi, Nobel \u00d6d\u00fcl&#8217;l\u00fc Alman edebiyat\u00e7\u0131 G\u00fcnter Grass. Bir zamanlar Nazilere sempati duydu\u011funu kendisi itiraf etti.<\/p>\n<p style=\"text-align: justify\"><strong><em>YEN\u0130 D\u00dc\u015eMANIMIZ M\u00dcBAREK OLSUN<\/em><\/strong><em><br \/>\n<\/em>Kusturica bundan sonra Ermeni soyk\u0131r\u0131m\u0131n\u0131 konu alan bir film \u00e7ekerse hi\u00e7 \u015fa\u015f\u0131rmam.<br \/>\nZaten d\u00fcnyaca \u00fcnl\u00fc y\u00f6netmenin, &#8220;Emir Kusturica varsa ben yokum&#8221; diyen Alt\u0131n Ay\u0131 \u00f6d\u00fcll\u00fc &#8220;Bal&#8221; filminin y\u00f6netmeni Semih Kaplano\u011flu&#8217;na y\u00f6neltti\u011fi sert ele\u015ftirilerden b\u00f6yle bir anlam \u00e7\u0131karmak m\u00fcmk\u00fcn. Kusturica \u015f\u00f6yle konu\u015fmu\u015ftu:<br \/>\n&#8220;Bundan daha k\u00f6t\u00fcs\u00fc, bir film y\u00f6netmeni festivale kat\u0131lmak istemedi\u011fini s\u00f6yl\u00fcyor. (Kaplano\u011flu&#8217;nu kastediyor.) Soyk\u0131r\u0131mlara bu kadar duyarl\u0131ysa neden Birinci D\u00fcnya Sava\u015f\u0131&#8217;nda Ermenilere uygulanan soyk\u0131r\u0131m hakk\u0131nda konu\u015fmuyor. B\u00f6ylece insanlara kar\u015f\u0131 i\u015flenen su\u00e7lara kar\u015f\u0131 duyarl\u0131l\u0131\u011f\u0131n\u0131 b\u00fct\u00fcnlemi\u015f olur. Benim \u00fcyesi oldu\u011fum S\u0131rbistan&#8217;\u0131n Bosna&#8217;da i\u015flemi\u015f oldu\u011fu insanl\u0131k su\u00e7lar\u0131na kar\u015f\u0131 her zaman tavr\u0131m\u0131 ald\u0131m, tav\u0131r koydum. Benim ulusum da i\u015flenen cinayetlere kar\u015f\u0131 tav\u0131r ald\u0131. Ayn\u0131 zamanda Bosna&#8217;da \u00e7ok say\u0131da S\u0131rp \u00f6ld\u00fc. Siz ne kadar insan kal\u0131p eski su\u00e7lara kar\u015f\u0131 tav\u0131r alsan\u0131z da su\u00e7un, cinayetin politik vizyonuna uyam\u0131yorsunuz. Ve sonra da bu anlams\u0131z su\u00e7lamalara muhatap oluyorsunuz. Bu da K\u00fclt\u00fcr Bakan\u0131&#8217;n\u0131n yerine getirdi\u011fi eylem oluyor. Ben bin y\u0131l ya\u015fayacak olsam ya da iki bin y\u0131l, bu iki bin y\u0131l soyk\u0131r\u0131mlara kar\u015f\u0131 \u00e7\u0131kar\u0131m. Ama ne yaz\u0131k ki geli\u015fmeler, soyk\u0131r\u0131mlar \u00fczerine kurulu. Irak&#8217;ta 4 y\u0131l \u00f6nce ne oluyordu. Blair ve Bush, Irak&#8217;ta ne yapt\u0131lar. Bana tav\u0131r alan bu y\u00f6netmen, neden a\u00e7\u0131k\u00e7a Blair&#8217;e kar\u015f\u0131 ayn\u0131 tavr\u0131 g\u00f6stermiyor.&#8221;<br \/>\nKusturica, Ertu\u011frul G\u00fcnay&#8217;a da \u015fu soruyu sorabilirdi: &#8220;Bir K\u00fclt\u00fcr Bakan\u0131 olarak K\u00fcrt diline halen uygulanan k\u0131s\u0131tlamalar konusunda neden sesinizi y\u00fckseltmiyorsunuz?&#8221; Sorulacak o kadar \u015fey var ki asl\u0131nda.<br \/>\nKusturica&#8217;y\u0131 boykot ederken y\u00fcz binlerce Sudanl\u0131n\u0131n \u00f6l\u00fcm\u00fcnden sorumlu tutulan ve Uluslararas\u0131 Ceza Mahkemesi&#8217;nin aleyhinde tutuklama karar\u0131 bulunan Sudan Cumhurba\u015fkan\u0131 \u00d6mer el Be\u015fir&#8217;e kucak a\u00e7makta beis g\u00f6rmeyen h\u00fck\u00fcmetimiz, ne kadar tutars\u0131z davrand\u0131\u011f\u0131n\u0131n fark\u0131nda olmayabilir. Ama emin olun, d\u0131\u015f d\u00fcnya fevkalade fark\u0131nda.<\/p>\n<h2 style=\"text-align: justify\"><em>Amberin Zaman<\/em><\/h2>\n<p style=\"text-align: justify\"><strong><em>azaman@htgazete.com.tr <\/em><\/strong><\/p>\n<p style=\"text-align: justify\"><strong><em>12 Ekim 2010 <\/em><\/strong><\/p>\n<p style=\"text-align: justify\"><a href=\"http:\/\/haberturk.com\/yazarlar\/560520-emir-kusturica-turk-olsaydi\"><strong><em>http:\/\/haberturk.com\/yazarlar\/560520-emir-kusturica-turk-olsaydi<\/em><\/strong><\/a><strong><em><\/em><\/strong><\/p>\n","protected":false},"excerpt":{"rendered":"<p>Evet, bir an farz edin; Emir Kusturica Bosnal\u0131 S\u0131rp de\u011fil de T\u00fcrk sinema y\u00f6netmeni. Fransa&#8217;da bir film festivaline davet ediliyor. Fransa&#8217;n\u0131n Ermeni k\u00f6kenli K\u00fclt\u00fcr Bakan\u0131 da &#8220;O zat 1915 olaylar\u0131n\u0131 k\u00fc\u00e7\u00fcmser. Oysa kad\u0131n, \u00e7ocuk, ya\u015fl\u0131 demeden Anadolu&#8217;daki Ermeni n\u00fcfusunun neredeyse t\u00fcm\u00fc Osmanl\u0131lar taraf\u0131ndan ya \u00e7\u00f6llere s\u00fcr\u00fcld\u00fc ya da \u00f6ld\u00fcr\u00fcld\u00fc. \u00c7\u00f6le s\u00fcr\u00fclenlerin bir\u00e7o\u011fu a\u00e7l\u0131k ve susuzluktan [&hellip;]<\/p>\n","protected":false},"author":3,"featured_media":0,"comment_status":"open","ping_status":"open","sticky":false,"template":"","format":"standard","meta":{"footnotes":""},"categories":[14],"tags":[],"class_list":["post-2323","post","type-post","status-publish","format-standard","hentry","category-haberler"],"yoast_head":"<!-- This site is optimized with the Yoast SEO plugin v27.4 - https:\/\/yoast.com\/product\/yoast-seo-wordpress\/ -->\n<title>Emir Kusturica T\u00fcrk olsayd\u0131 - Bati Ermenistan Ve Bati Ermenileri Sorunlari Ara\u015ftirmalar Merkezi<\/title>\n<meta name=\"robots\" content=\"index, follow, max-snippet:-1, max-image-preview:large, max-video-preview:-1\" \/>\n<link rel=\"canonical\" href=\"https:\/\/akunq.net\/turkish\/2010\/10\/13\/emir-kusturica-turk-olsaydi\/\" \/>\n<meta property=\"og:locale\" content=\"en_US\" \/>\n<meta property=\"og:type\" content=\"article\" \/>\n<meta property=\"og:title\" content=\"Emir Kusturica T\u00fcrk olsayd\u0131 - Bati Ermenistan Ve Bati Ermenileri Sorunlari Ara\u015ftirmalar Merkezi\" \/>\n<meta property=\"og:description\" content=\"Evet, bir an farz edin; Emir Kusturica Bosnal\u0131 S\u0131rp de\u011fil de T\u00fcrk sinema y\u00f6netmeni. Fransa&#8217;da bir film festivaline davet ediliyor. Fransa&#8217;n\u0131n Ermeni k\u00f6kenli K\u00fclt\u00fcr Bakan\u0131 da &#8220;O zat 1915 olaylar\u0131n\u0131 k\u00fc\u00e7\u00fcmser. Oysa kad\u0131n, \u00e7ocuk, ya\u015fl\u0131 demeden Anadolu&#8217;daki Ermeni n\u00fcfusunun neredeyse t\u00fcm\u00fc Osmanl\u0131lar taraf\u0131ndan ya \u00e7\u00f6llere s\u00fcr\u00fcld\u00fc ya da \u00f6ld\u00fcr\u00fcld\u00fc. \u00c7\u00f6le s\u00fcr\u00fclenlerin bir\u00e7o\u011fu a\u00e7l\u0131k ve susuzluktan [&hellip;]\" \/>\n<meta property=\"og:url\" content=\"https:\/\/akunq.net\/turkish\/2010\/10\/13\/emir-kusturica-turk-olsaydi\/\" \/>\n<meta property=\"og:site_name\" content=\"Bati Ermenistan Ve Bati Ermenileri Sorunlari Ara\u015ftirmalar Merkezi\" \/>\n<meta property=\"article:published_time\" content=\"2010-10-13T09:49:43+00:00\" \/>\n<meta property=\"og:image\" content=\"https:\/\/akunq.net\/turkish\/wp-content\/uploads\/sites\/5\/2010\/10\/Kusturica.jpg\" \/>\n\t<meta property=\"og:image:width\" content=\"307\" \/>\n\t<meta property=\"og:image:height\" content=\"210\" \/>\n\t<meta property=\"og:image:type\" content=\"image\/jpeg\" \/>\n<meta name=\"author\" content=\"kalem\" \/>\n<meta name=\"twitter:card\" content=\"summary_large_image\" \/>\n<meta name=\"twitter:label1\" content=\"Written by\" \/>\n\t<meta name=\"twitter:data1\" content=\"kalem\" \/>\n\t<meta name=\"twitter:label2\" content=\"Est. reading time\" \/>\n\t<meta name=\"twitter:data2\" content=\"4 minutes\" \/>\n<script type=\"application\/ld+json\" class=\"yoast-schema-graph\">{\"@context\":\"https:\\\/\\\/schema.org\",\"@graph\":[{\"@type\":\"Article\",\"@id\":\"https:\\\/\\\/akunq.net\\\/turkish\\\/2010\\\/10\\\/13\\\/emir-kusturica-turk-olsaydi\\\/#article\",\"isPartOf\":{\"@id\":\"https:\\\/\\\/akunq.net\\\/turkish\\\/2010\\\/10\\\/13\\\/emir-kusturica-turk-olsaydi\\\/\"},\"author\":{\"name\":\"kalem\",\"@id\":\"https:\\\/\\\/akunq.net\\\/turkish\\\/#\\\/schema\\\/person\\\/135e7923d1aeb8887890799619969a6c\"},\"headline\":\"Emir Kusturica T\u00fcrk olsayd\u0131\",\"datePublished\":\"2010-10-13T09:49:43+00:00\",\"mainEntityOfPage\":{\"@id\":\"https:\\\/\\\/akunq.net\\\/turkish\\\/2010\\\/10\\\/13\\\/emir-kusturica-turk-olsaydi\\\/\"},\"wordCount\":717,\"commentCount\":0,\"image\":{\"@id\":\"https:\\\/\\\/akunq.net\\\/turkish\\\/2010\\\/10\\\/13\\\/emir-kusturica-turk-olsaydi\\\/#primaryimage\"},\"thumbnailUrl\":\"http:\\\/\\\/akunq.net\\\/tr\\\/wp-content\\\/uploads\\\/2010\\\/10\\\/Kusturica-300x205.jpg\",\"articleSection\":[\"Haberler\"],\"inLanguage\":\"en-US\",\"potentialAction\":[{\"@type\":\"CommentAction\",\"name\":\"Comment\",\"target\":[\"https:\\\/\\\/akunq.net\\\/turkish\\\/2010\\\/10\\\/13\\\/emir-kusturica-turk-olsaydi\\\/#respond\"]}]},{\"@type\":\"WebPage\",\"@id\":\"https:\\\/\\\/akunq.net\\\/turkish\\\/2010\\\/10\\\/13\\\/emir-kusturica-turk-olsaydi\\\/\",\"url\":\"https:\\\/\\\/akunq.net\\\/turkish\\\/2010\\\/10\\\/13\\\/emir-kusturica-turk-olsaydi\\\/\",\"name\":\"Emir Kusturica T\u00fcrk olsayd\u0131 - Bati Ermenistan Ve Bati Ermenileri Sorunlari Ara\u015ftirmalar Merkezi\",\"isPartOf\":{\"@id\":\"https:\\\/\\\/akunq.net\\\/turkish\\\/#website\"},\"primaryImageOfPage\":{\"@id\":\"https:\\\/\\\/akunq.net\\\/turkish\\\/2010\\\/10\\\/13\\\/emir-kusturica-turk-olsaydi\\\/#primaryimage\"},\"image\":{\"@id\":\"https:\\\/\\\/akunq.net\\\/turkish\\\/2010\\\/10\\\/13\\\/emir-kusturica-turk-olsaydi\\\/#primaryimage\"},\"thumbnailUrl\":\"http:\\\/\\\/akunq.net\\\/tr\\\/wp-content\\\/uploads\\\/2010\\\/10\\\/Kusturica-300x205.jpg\",\"datePublished\":\"2010-10-13T09:49:43+00:00\",\"author\":{\"@id\":\"https:\\\/\\\/akunq.net\\\/turkish\\\/#\\\/schema\\\/person\\\/135e7923d1aeb8887890799619969a6c\"},\"breadcrumb\":{\"@id\":\"https:\\\/\\\/akunq.net\\\/turkish\\\/2010\\\/10\\\/13\\\/emir-kusturica-turk-olsaydi\\\/#breadcrumb\"},\"inLanguage\":\"en-US\",\"potentialAction\":[{\"@type\":\"ReadAction\",\"target\":[\"https:\\\/\\\/akunq.net\\\/turkish\\\/2010\\\/10\\\/13\\\/emir-kusturica-turk-olsaydi\\\/\"]}]},{\"@type\":\"ImageObject\",\"inLanguage\":\"en-US\",\"@id\":\"https:\\\/\\\/akunq.net\\\/turkish\\\/2010\\\/10\\\/13\\\/emir-kusturica-turk-olsaydi\\\/#primaryimage\",\"url\":\"http:\\\/\\\/akunq.net\\\/tr\\\/wp-content\\\/uploads\\\/2010\\\/10\\\/Kusturica-300x205.jpg\",\"contentUrl\":\"http:\\\/\\\/akunq.net\\\/tr\\\/wp-content\\\/uploads\\\/2010\\\/10\\\/Kusturica-300x205.jpg\"},{\"@type\":\"BreadcrumbList\",\"@id\":\"https:\\\/\\\/akunq.net\\\/turkish\\\/2010\\\/10\\\/13\\\/emir-kusturica-turk-olsaydi\\\/#breadcrumb\",\"itemListElement\":[{\"@type\":\"ListItem\",\"position\":1,\"name\":\"Home\",\"item\":\"https:\\\/\\\/akunq.net\\\/turkish\\\/\"},{\"@type\":\"ListItem\",\"position\":2,\"name\":\"Emir Kusturica T\u00fcrk olsayd\u0131\"}]},{\"@type\":\"WebSite\",\"@id\":\"https:\\\/\\\/akunq.net\\\/turkish\\\/#website\",\"url\":\"https:\\\/\\\/akunq.net\\\/turkish\\\/\",\"name\":\"Bati Ermenistan Ve Bati Ermenileri Sorunlari Ara\u015ftirmalar Merkezi\",\"description\":\"\",\"potentialAction\":[{\"@type\":\"SearchAction\",\"target\":{\"@type\":\"EntryPoint\",\"urlTemplate\":\"https:\\\/\\\/akunq.net\\\/turkish\\\/?s={search_term_string}\"},\"query-input\":{\"@type\":\"PropertyValueSpecification\",\"valueRequired\":true,\"valueName\":\"search_term_string\"}}],\"inLanguage\":\"en-US\"},{\"@type\":\"Person\",\"@id\":\"https:\\\/\\\/akunq.net\\\/turkish\\\/#\\\/schema\\\/person\\\/135e7923d1aeb8887890799619969a6c\",\"name\":\"kalem\",\"image\":{\"@type\":\"ImageObject\",\"inLanguage\":\"en-US\",\"@id\":\"https:\\\/\\\/secure.gravatar.com\\\/avatar\\\/a06875e4b25feb5674296adf8e8a7ae1e587cebce2493fe63c456109967e27d3?s=96&d=mm&r=g\",\"url\":\"https:\\\/\\\/secure.gravatar.com\\\/avatar\\\/a06875e4b25feb5674296adf8e8a7ae1e587cebce2493fe63c456109967e27d3?s=96&d=mm&r=g\",\"contentUrl\":\"https:\\\/\\\/secure.gravatar.com\\\/avatar\\\/a06875e4b25feb5674296adf8e8a7ae1e587cebce2493fe63c456109967e27d3?s=96&d=mm&r=g\",\"caption\":\"kalem\"},\"url\":\"https:\\\/\\\/akunq.net\\\/turkish\\\/author\\\/kalem\\\/\"}]}<\/script>\n<!-- \/ Yoast SEO plugin. -->","yoast_head_json":{"title":"Emir Kusturica T\u00fcrk olsayd\u0131 - Bati Ermenistan Ve Bati Ermenileri Sorunlari Ara\u015ftirmalar Merkezi","robots":{"index":"index","follow":"follow","max-snippet":"max-snippet:-1","max-image-preview":"max-image-preview:large","max-video-preview":"max-video-preview:-1"},"canonical":"https:\/\/akunq.net\/turkish\/2010\/10\/13\/emir-kusturica-turk-olsaydi\/","og_locale":"en_US","og_type":"article","og_title":"Emir Kusturica T\u00fcrk olsayd\u0131 - Bati Ermenistan Ve Bati Ermenileri Sorunlari Ara\u015ftirmalar Merkezi","og_description":"Evet, bir an farz edin; Emir Kusturica Bosnal\u0131 S\u0131rp de\u011fil de T\u00fcrk sinema y\u00f6netmeni. Fransa&#8217;da bir film festivaline davet ediliyor. Fransa&#8217;n\u0131n Ermeni k\u00f6kenli K\u00fclt\u00fcr Bakan\u0131 da &#8220;O zat 1915 olaylar\u0131n\u0131 k\u00fc\u00e7\u00fcmser. Oysa kad\u0131n, \u00e7ocuk, ya\u015fl\u0131 demeden Anadolu&#8217;daki Ermeni n\u00fcfusunun neredeyse t\u00fcm\u00fc Osmanl\u0131lar taraf\u0131ndan ya \u00e7\u00f6llere s\u00fcr\u00fcld\u00fc ya da \u00f6ld\u00fcr\u00fcld\u00fc. \u00c7\u00f6le s\u00fcr\u00fclenlerin bir\u00e7o\u011fu a\u00e7l\u0131k ve susuzluktan [&hellip;]","og_url":"https:\/\/akunq.net\/turkish\/2010\/10\/13\/emir-kusturica-turk-olsaydi\/","og_site_name":"Bati Ermenistan Ve Bati Ermenileri Sorunlari Ara\u015ftirmalar Merkezi","article_published_time":"2010-10-13T09:49:43+00:00","og_image":[{"width":307,"height":210,"url":"https:\/\/akunq.net\/turkish\/wp-content\/uploads\/sites\/5\/2010\/10\/Kusturica.jpg","type":"image\/jpeg"}],"author":"kalem","twitter_card":"summary_large_image","twitter_misc":{"Written by":"kalem","Est. reading time":"4 minutes"},"schema":{"@context":"https:\/\/schema.org","@graph":[{"@type":"Article","@id":"https:\/\/akunq.net\/turkish\/2010\/10\/13\/emir-kusturica-turk-olsaydi\/#article","isPartOf":{"@id":"https:\/\/akunq.net\/turkish\/2010\/10\/13\/emir-kusturica-turk-olsaydi\/"},"author":{"name":"kalem","@id":"https:\/\/akunq.net\/turkish\/#\/schema\/person\/135e7923d1aeb8887890799619969a6c"},"headline":"Emir Kusturica T\u00fcrk olsayd\u0131","datePublished":"2010-10-13T09:49:43+00:00","mainEntityOfPage":{"@id":"https:\/\/akunq.net\/turkish\/2010\/10\/13\/emir-kusturica-turk-olsaydi\/"},"wordCount":717,"commentCount":0,"image":{"@id":"https:\/\/akunq.net\/turkish\/2010\/10\/13\/emir-kusturica-turk-olsaydi\/#primaryimage"},"thumbnailUrl":"http:\/\/akunq.net\/tr\/wp-content\/uploads\/2010\/10\/Kusturica-300x205.jpg","articleSection":["Haberler"],"inLanguage":"en-US","potentialAction":[{"@type":"CommentAction","name":"Comment","target":["https:\/\/akunq.net\/turkish\/2010\/10\/13\/emir-kusturica-turk-olsaydi\/#respond"]}]},{"@type":"WebPage","@id":"https:\/\/akunq.net\/turkish\/2010\/10\/13\/emir-kusturica-turk-olsaydi\/","url":"https:\/\/akunq.net\/turkish\/2010\/10\/13\/emir-kusturica-turk-olsaydi\/","name":"Emir Kusturica T\u00fcrk olsayd\u0131 - Bati Ermenistan Ve Bati Ermenileri Sorunlari Ara\u015ftirmalar Merkezi","isPartOf":{"@id":"https:\/\/akunq.net\/turkish\/#website"},"primaryImageOfPage":{"@id":"https:\/\/akunq.net\/turkish\/2010\/10\/13\/emir-kusturica-turk-olsaydi\/#primaryimage"},"image":{"@id":"https:\/\/akunq.net\/turkish\/2010\/10\/13\/emir-kusturica-turk-olsaydi\/#primaryimage"},"thumbnailUrl":"http:\/\/akunq.net\/tr\/wp-content\/uploads\/2010\/10\/Kusturica-300x205.jpg","datePublished":"2010-10-13T09:49:43+00:00","author":{"@id":"https:\/\/akunq.net\/turkish\/#\/schema\/person\/135e7923d1aeb8887890799619969a6c"},"breadcrumb":{"@id":"https:\/\/akunq.net\/turkish\/2010\/10\/13\/emir-kusturica-turk-olsaydi\/#breadcrumb"},"inLanguage":"en-US","potentialAction":[{"@type":"ReadAction","target":["https:\/\/akunq.net\/turkish\/2010\/10\/13\/emir-kusturica-turk-olsaydi\/"]}]},{"@type":"ImageObject","inLanguage":"en-US","@id":"https:\/\/akunq.net\/turkish\/2010\/10\/13\/emir-kusturica-turk-olsaydi\/#primaryimage","url":"http:\/\/akunq.net\/tr\/wp-content\/uploads\/2010\/10\/Kusturica-300x205.jpg","contentUrl":"http:\/\/akunq.net\/tr\/wp-content\/uploads\/2010\/10\/Kusturica-300x205.jpg"},{"@type":"BreadcrumbList","@id":"https:\/\/akunq.net\/turkish\/2010\/10\/13\/emir-kusturica-turk-olsaydi\/#breadcrumb","itemListElement":[{"@type":"ListItem","position":1,"name":"Home","item":"https:\/\/akunq.net\/turkish\/"},{"@type":"ListItem","position":2,"name":"Emir Kusturica T\u00fcrk olsayd\u0131"}]},{"@type":"WebSite","@id":"https:\/\/akunq.net\/turkish\/#website","url":"https:\/\/akunq.net\/turkish\/","name":"Bati Ermenistan Ve Bati Ermenileri Sorunlari Ara\u015ftirmalar Merkezi","description":"","potentialAction":[{"@type":"SearchAction","target":{"@type":"EntryPoint","urlTemplate":"https:\/\/akunq.net\/turkish\/?s={search_term_string}"},"query-input":{"@type":"PropertyValueSpecification","valueRequired":true,"valueName":"search_term_string"}}],"inLanguage":"en-US"},{"@type":"Person","@id":"https:\/\/akunq.net\/turkish\/#\/schema\/person\/135e7923d1aeb8887890799619969a6c","name":"kalem","image":{"@type":"ImageObject","inLanguage":"en-US","@id":"https:\/\/secure.gravatar.com\/avatar\/a06875e4b25feb5674296adf8e8a7ae1e587cebce2493fe63c456109967e27d3?s=96&d=mm&r=g","url":"https:\/\/secure.gravatar.com\/avatar\/a06875e4b25feb5674296adf8e8a7ae1e587cebce2493fe63c456109967e27d3?s=96&d=mm&r=g","contentUrl":"https:\/\/secure.gravatar.com\/avatar\/a06875e4b25feb5674296adf8e8a7ae1e587cebce2493fe63c456109967e27d3?s=96&d=mm&r=g","caption":"kalem"},"url":"https:\/\/akunq.net\/turkish\/author\/kalem\/"}]}},"_links":{"self":[{"href":"https:\/\/akunq.net\/turkish\/wp-json\/wp\/v2\/posts\/2323","targetHints":{"allow":["GET"]}}],"collection":[{"href":"https:\/\/akunq.net\/turkish\/wp-json\/wp\/v2\/posts"}],"about":[{"href":"https:\/\/akunq.net\/turkish\/wp-json\/wp\/v2\/types\/post"}],"author":[{"embeddable":true,"href":"https:\/\/akunq.net\/turkish\/wp-json\/wp\/v2\/users\/3"}],"replies":[{"embeddable":true,"href":"https:\/\/akunq.net\/turkish\/wp-json\/wp\/v2\/comments?post=2323"}],"version-history":[{"count":0,"href":"https:\/\/akunq.net\/turkish\/wp-json\/wp\/v2\/posts\/2323\/revisions"}],"wp:attachment":[{"href":"https:\/\/akunq.net\/turkish\/wp-json\/wp\/v2\/media?parent=2323"}],"wp:term":[{"taxonomy":"category","embeddable":true,"href":"https:\/\/akunq.net\/turkish\/wp-json\/wp\/v2\/categories?post=2323"},{"taxonomy":"post_tag","embeddable":true,"href":"https:\/\/akunq.net\/turkish\/wp-json\/wp\/v2\/tags?post=2323"}],"curies":[{"name":"wp","href":"https:\/\/api.w.org\/{rel}","templated":true}]}}