{"id":2319,"date":"2010-10-12T08:02:31","date_gmt":"2010-10-12T13:02:31","guid":{"rendered":"http:\/\/akunq.net\/tr\/?p=2319"},"modified":"2010-10-12T08:02:31","modified_gmt":"2010-10-12T13:02:31","slug":"dink-ailesinin-avukati-yargilanacak","status":"publish","type":"post","link":"https:\/\/akunq.net\/turkish\/2010\/10\/12\/dink-ailesinin-avukati-yargilanacak\/","title":{"rendered":"Dink ailesinin avukat\u0131 yarg\u0131lanacak"},"content":{"rendered":"<p style=\"text-align: justify\"><a rel=\"attachment wp-att-2320\" href=\"http:\/\/akunq.net\/tr\/?attachment_id=2320\"><img loading=\"lazy\" decoding=\"async\" class=\"alignleft size-medium wp-image-2320\" title=\"Dink ailesinin avukati Hakan\" src=\"http:\/\/akunq.net\/tr\/wp-content\/uploads\/2010\/10\/Dink-ailesinin-avukati-Hakan-300x451.jpg\" alt=\"\" width=\"300\" height=\"451\" \/><\/a>Ermeni gazeteci Hrant Dink\u2019in \u00f6ld\u00fcr\u00fclmesi rol\u00fc oldu\u011fu gerek\u00e7esiyle yarg\u0131lanan Albay Ali \u00d6z\u2019\u00fcn avukat\u0131 Ali S\u00fcrmen\u2019in bir y\u0131l \u00f6nce duru\u015fma \u00e7\u0131k\u0131\u015f\u0131nda tart\u0131\u015ft\u0131\u011f\u0131 Dink Ailesi\u2019nin avukatlar\u0131ndan Hakan Bak\u0131rc\u0131\u011folu hakk\u0131ndaki \u015fikayeti mahkemeye ta\u015f\u0131nd\u0131. T\u00fcrkiye Adalet Bakanl\u0131\u011f\u0131\u2019n\u0131n onay vermesiyle Bak\u0131rc\u0131o\u011flu hakk\u0131nda \u2018Trabzonlulara hakaret etmekten\u2019 2\u2019nci A\u011f\u0131r Ceza Mahkemesi\u2019nde dava a\u00e7\u0131ld\u0131.<\/p>\n<p style=\"text-align: justify\">Hrant Dink\u2019in \u00f6ld\u00fcr\u00fclece\u011fini bildikleri halde gerekli \u00f6nlemi almamak ve g\u00f6revi ihmalle su\u00e7lanan, Dink ailesinin de haklar\u0131nda su\u00e7 duyurusunda bulundu\u011fu d\u00f6nemin Trabzon \u0130l Jandarma Komutan\u0131 Albay Ali \u00d6z ve istihbarat \u015fubesinde g\u00f6revli 7 askerin yarg\u0131land\u0131klar\u0131 davan\u0131n \u00fc\u00e7\u00fcnc\u00fc duru\u015fmas\u0131 23 Ekim 2009 g\u00fcn\u00fc Trabzon 2\u2019nci Sulh Ceza Mahkemesi\u2019nde yap\u0131lm\u0131\u015ft\u0131.<\/p>\n<p style=\"text-align: justify\">Duru\u015fman\u0131n ard\u0131ndan mahkeme salonundan \u00e7\u0131kan Albay Ali \u00d6z\u2019\u00fcn avukat\u0131 Ali S\u00fcrmen, bas\u0131n mensuplar\u0131n\u0131n sorular\u0131n\u0131 \u2018yay\u0131n yasa\u011f\u0131\u2019 konulmas\u0131 nedeniyle cevaplamam\u0131\u015f ancak Dink ailesinin avukatlar\u0131ndan Bahri Belen ise duru\u015fman\u0131n 25 Aral\u0131k\u2019a ertelendi\u011fini ve istihbarat elemanlar\u0131n\u0131n gizli oturumda dinlenece\u011fini belirten bir a\u00e7\u0131klama yapm\u0131\u015ft\u0131.<\/p>\n<p style=\"text-align: justify\">Belen\u2019in bas\u0131na bilgi vermesini ele\u015ftiren Avukat Ali S\u00fcrmen\u2019in \u201c\u015eov yapmay\u0131n\u201d diye \u00e7\u0131k\u0131\u015f\u0131p avukat odas\u0131na do\u011fru y\u00fcr\u00fcy\u00fcnce Bahri Belen de, \u201cBir \u015fey s\u00f6yl\u00fcyorsan\u0131z durup s\u00f6yleyin ve cevab\u0131n\u0131 bekleyin. Sokak \u00e7ocuklar\u0131 gibi laf at\u0131p gidiyorsunuz. Laf at\u0131p gitmek avukatlara yak\u0131\u015fmaz\u201d diye yan\u0131t vermi\u015fti.<\/p>\n<p style=\"text-align: justify\">Arayan giren Avukat Hakan Bak\u0131rc\u0131o\u011flu da, \u201cSiz de adam \u00f6ld\u00fcrmeyi iyi bilirsiniz de\u011fil mi?\u201d diye ba\u011f\u0131rm\u0131\u015f, iki avukat aras\u0131nda iti\u015fmeye varan olay\u0131 araya giren m\u00fcba\u015fir ve adliye \u00e7al\u0131\u015fanlar\u0131 engellemi\u015fti.<\/p>\n<p style=\"text-align: justify\">Tart\u0131\u015fman\u0131n ard\u0131ndan Albay Ali \u00d6z\u2019\u00fcn avukat\u0131 Ali S\u00fcrmen, 27 Ekim 2009\u2019da T\u00fcrkiye Adalet Bakanl\u0131\u011f\u0131\u2019na Avukat Hakan Bak\u0131rc\u0131o\u011flu\u2019nu \u015fikayet etmi\u015fti. S\u00fcrmen, Bak\u0131rc\u0131o\u011flu hakk\u0131nda \u201cSiz de adam \u00f6ld\u00fcrmeyi iyi bilirsiniz\u201d s\u00f6zleriyle iftira atmak, hakaret, su\u00e7 uydurmak, bir b\u00f6lge halk\u0131n\u0131 a\u015fa\u011f\u0131lamak su\u00e7undan dava a\u00e7\u0131lmas\u0131n\u0131 istemi\u015fti.<\/p>\n<p style=\"text-align: justify\">S\u00fcrmen\u2019in ba\u015fvurusu \u00fczerine T\u00fcrkiye Adalet Bakanl\u0131\u011f\u0131 ge\u00e7ti\u011fimiz g\u00fcnlerde Avukat Hakan Bak\u0131rc\u0131o\u011flu hakk\u0131nda soru\u015fturma izni verdi. Bunun \u00fczerine Trabzon 2\u2019nci A\u011f\u0131r Ceza Mahkemesi\u2019nde Dink ailesinin avukatlar\u0131ndan Hakan Bak\u0131rc\u0131o\u011flu hakk\u0131nda \u2018Trabzonlulara hakaret\u2019 su\u00e7undan dava a\u00e7\u0131ld\u0131. Davan\u0131n ilk duru\u015fmas\u0131n\u0131n 1 Aral\u0131k\u2019ta g\u00f6r\u00fclece\u011fi belirtildi.<\/p>\n<p style=\"text-align: justify\">\n\u00a0\u00a0<strong><em>(anf)<\/em><\/strong><\/p>\n<p style=\"text-align: justify\"><strong><em>12.10.10<\/em><\/strong><\/p>\n<p style=\"text-align: justify\"><strong><em>Tert.am<\/em><\/strong><\/p>\n","protected":false},"excerpt":{"rendered":"<p>Ermeni gazeteci Hrant Dink\u2019in \u00f6ld\u00fcr\u00fclmesi rol\u00fc oldu\u011fu gerek\u00e7esiyle yarg\u0131lanan Albay Ali \u00d6z\u2019\u00fcn avukat\u0131 Ali S\u00fcrmen\u2019in bir y\u0131l \u00f6nce duru\u015fma \u00e7\u0131k\u0131\u015f\u0131nda tart\u0131\u015ft\u0131\u011f\u0131 Dink Ailesi\u2019nin avukatlar\u0131ndan Hakan Bak\u0131rc\u0131\u011folu hakk\u0131ndaki \u015fikayeti mahkemeye ta\u015f\u0131nd\u0131. T\u00fcrkiye Adalet Bakanl\u0131\u011f\u0131\u2019n\u0131n onay vermesiyle Bak\u0131rc\u0131o\u011flu hakk\u0131nda \u2018Trabzonlulara hakaret etmekten\u2019 2\u2019nci A\u011f\u0131r Ceza Mahkemesi\u2019nde dava a\u00e7\u0131ld\u0131. Hrant Dink\u2019in \u00f6ld\u00fcr\u00fclece\u011fini bildikleri halde gerekli \u00f6nlemi almamak ve [&hellip;]<\/p>\n","protected":false},"author":3,"featured_media":0,"comment_status":"open","ping_status":"open","sticky":false,"template":"","format":"standard","meta":{"footnotes":""},"categories":[14],"tags":[],"class_list":["post-2319","post","type-post","status-publish","format-standard","hentry","category-haberler"],"yoast_head":"<!-- This site is optimized with the Yoast SEO plugin v27.4 - https:\/\/yoast.com\/product\/yoast-seo-wordpress\/ -->\n<title>Dink ailesinin avukat\u0131 yarg\u0131lanacak - Bati Ermenistan Ve Bati Ermenileri Sorunlari Ara\u015ftirmalar Merkezi<\/title>\n<meta name=\"robots\" content=\"index, follow, max-snippet:-1, max-image-preview:large, max-video-preview:-1\" \/>\n<link rel=\"canonical\" href=\"https:\/\/akunq.net\/turkish\/2010\/10\/12\/dink-ailesinin-avukati-yargilanacak\/\" \/>\n<meta property=\"og:locale\" content=\"en_US\" \/>\n<meta property=\"og:type\" content=\"article\" \/>\n<meta property=\"og:title\" content=\"Dink ailesinin avukat\u0131 yarg\u0131lanacak - Bati Ermenistan Ve Bati Ermenileri Sorunlari Ara\u015ftirmalar Merkezi\" \/>\n<meta property=\"og:description\" content=\"Ermeni gazeteci Hrant Dink\u2019in \u00f6ld\u00fcr\u00fclmesi rol\u00fc oldu\u011fu gerek\u00e7esiyle yarg\u0131lanan Albay Ali \u00d6z\u2019\u00fcn avukat\u0131 Ali S\u00fcrmen\u2019in bir y\u0131l \u00f6nce duru\u015fma \u00e7\u0131k\u0131\u015f\u0131nda tart\u0131\u015ft\u0131\u011f\u0131 Dink Ailesi\u2019nin avukatlar\u0131ndan Hakan Bak\u0131rc\u0131\u011folu hakk\u0131ndaki \u015fikayeti mahkemeye ta\u015f\u0131nd\u0131. T\u00fcrkiye Adalet Bakanl\u0131\u011f\u0131\u2019n\u0131n onay vermesiyle Bak\u0131rc\u0131o\u011flu hakk\u0131nda \u2018Trabzonlulara hakaret etmekten\u2019 2\u2019nci A\u011f\u0131r Ceza Mahkemesi\u2019nde dava a\u00e7\u0131ld\u0131. Hrant Dink\u2019in \u00f6ld\u00fcr\u00fclece\u011fini bildikleri halde gerekli \u00f6nlemi almamak ve [&hellip;]\" \/>\n<meta property=\"og:url\" content=\"https:\/\/akunq.net\/turkish\/2010\/10\/12\/dink-ailesinin-avukati-yargilanacak\/\" \/>\n<meta property=\"og:site_name\" content=\"Bati Ermenistan Ve Bati Ermenileri Sorunlari Ara\u015ftirmalar Merkezi\" \/>\n<meta property=\"article:published_time\" content=\"2010-10-12T13:02:31+00:00\" \/>\n<meta property=\"og:image\" content=\"https:\/\/akunq.net\/turkish\/wp-content\/uploads\/sites\/5\/2010\/10\/Dink-ailesinin-avukati-Hakan.jpg\" \/>\n\t<meta property=\"og:image:width\" content=\"332\" \/>\n\t<meta property=\"og:image:height\" content=\"500\" \/>\n\t<meta property=\"og:image:type\" content=\"image\/jpeg\" \/>\n<meta name=\"author\" content=\"kalem\" \/>\n<meta name=\"twitter:card\" content=\"summary_large_image\" \/>\n<meta name=\"twitter:label1\" content=\"Written by\" \/>\n\t<meta name=\"twitter:data1\" content=\"kalem\" \/>\n\t<meta name=\"twitter:label2\" content=\"Est. reading time\" \/>\n\t<meta name=\"twitter:data2\" content=\"2 minutes\" \/>\n<script type=\"application\/ld+json\" class=\"yoast-schema-graph\">{\"@context\":\"https:\\\/\\\/schema.org\",\"@graph\":[{\"@type\":\"Article\",\"@id\":\"https:\\\/\\\/akunq.net\\\/turkish\\\/2010\\\/10\\\/12\\\/dink-ailesinin-avukati-yargilanacak\\\/#article\",\"isPartOf\":{\"@id\":\"https:\\\/\\\/akunq.net\\\/turkish\\\/2010\\\/10\\\/12\\\/dink-ailesinin-avukati-yargilanacak\\\/\"},\"author\":{\"name\":\"kalem\",\"@id\":\"https:\\\/\\\/akunq.net\\\/turkish\\\/#\\\/schema\\\/person\\\/135e7923d1aeb8887890799619969a6c\"},\"headline\":\"Dink ailesinin avukat\u0131 yarg\u0131lanacak\",\"datePublished\":\"2010-10-12T13:02:31+00:00\",\"mainEntityOfPage\":{\"@id\":\"https:\\\/\\\/akunq.net\\\/turkish\\\/2010\\\/10\\\/12\\\/dink-ailesinin-avukati-yargilanacak\\\/\"},\"wordCount\":446,\"commentCount\":0,\"image\":{\"@id\":\"https:\\\/\\\/akunq.net\\\/turkish\\\/2010\\\/10\\\/12\\\/dink-ailesinin-avukati-yargilanacak\\\/#primaryimage\"},\"thumbnailUrl\":\"http:\\\/\\\/akunq.net\\\/tr\\\/wp-content\\\/uploads\\\/2010\\\/10\\\/Dink-ailesinin-avukati-Hakan-300x451.jpg\",\"articleSection\":[\"Haberler\"],\"inLanguage\":\"en-US\",\"potentialAction\":[{\"@type\":\"CommentAction\",\"name\":\"Comment\",\"target\":[\"https:\\\/\\\/akunq.net\\\/turkish\\\/2010\\\/10\\\/12\\\/dink-ailesinin-avukati-yargilanacak\\\/#respond\"]}]},{\"@type\":\"WebPage\",\"@id\":\"https:\\\/\\\/akunq.net\\\/turkish\\\/2010\\\/10\\\/12\\\/dink-ailesinin-avukati-yargilanacak\\\/\",\"url\":\"https:\\\/\\\/akunq.net\\\/turkish\\\/2010\\\/10\\\/12\\\/dink-ailesinin-avukati-yargilanacak\\\/\",\"name\":\"Dink ailesinin avukat\u0131 yarg\u0131lanacak - Bati Ermenistan Ve Bati Ermenileri Sorunlari Ara\u015ftirmalar Merkezi\",\"isPartOf\":{\"@id\":\"https:\\\/\\\/akunq.net\\\/turkish\\\/#website\"},\"primaryImageOfPage\":{\"@id\":\"https:\\\/\\\/akunq.net\\\/turkish\\\/2010\\\/10\\\/12\\\/dink-ailesinin-avukati-yargilanacak\\\/#primaryimage\"},\"image\":{\"@id\":\"https:\\\/\\\/akunq.net\\\/turkish\\\/2010\\\/10\\\/12\\\/dink-ailesinin-avukati-yargilanacak\\\/#primaryimage\"},\"thumbnailUrl\":\"http:\\\/\\\/akunq.net\\\/tr\\\/wp-content\\\/uploads\\\/2010\\\/10\\\/Dink-ailesinin-avukati-Hakan-300x451.jpg\",\"datePublished\":\"2010-10-12T13:02:31+00:00\",\"author\":{\"@id\":\"https:\\\/\\\/akunq.net\\\/turkish\\\/#\\\/schema\\\/person\\\/135e7923d1aeb8887890799619969a6c\"},\"breadcrumb\":{\"@id\":\"https:\\\/\\\/akunq.net\\\/turkish\\\/2010\\\/10\\\/12\\\/dink-ailesinin-avukati-yargilanacak\\\/#breadcrumb\"},\"inLanguage\":\"en-US\",\"potentialAction\":[{\"@type\":\"ReadAction\",\"target\":[\"https:\\\/\\\/akunq.net\\\/turkish\\\/2010\\\/10\\\/12\\\/dink-ailesinin-avukati-yargilanacak\\\/\"]}]},{\"@type\":\"ImageObject\",\"inLanguage\":\"en-US\",\"@id\":\"https:\\\/\\\/akunq.net\\\/turkish\\\/2010\\\/10\\\/12\\\/dink-ailesinin-avukati-yargilanacak\\\/#primaryimage\",\"url\":\"http:\\\/\\\/akunq.net\\\/tr\\\/wp-content\\\/uploads\\\/2010\\\/10\\\/Dink-ailesinin-avukati-Hakan-300x451.jpg\",\"contentUrl\":\"http:\\\/\\\/akunq.net\\\/tr\\\/wp-content\\\/uploads\\\/2010\\\/10\\\/Dink-ailesinin-avukati-Hakan-300x451.jpg\"},{\"@type\":\"BreadcrumbList\",\"@id\":\"https:\\\/\\\/akunq.net\\\/turkish\\\/2010\\\/10\\\/12\\\/dink-ailesinin-avukati-yargilanacak\\\/#breadcrumb\",\"itemListElement\":[{\"@type\":\"ListItem\",\"position\":1,\"name\":\"Home\",\"item\":\"https:\\\/\\\/akunq.net\\\/turkish\\\/\"},{\"@type\":\"ListItem\",\"position\":2,\"name\":\"Dink ailesinin avukat\u0131 yarg\u0131lanacak\"}]},{\"@type\":\"WebSite\",\"@id\":\"https:\\\/\\\/akunq.net\\\/turkish\\\/#website\",\"url\":\"https:\\\/\\\/akunq.net\\\/turkish\\\/\",\"name\":\"Bati Ermenistan Ve Bati Ermenileri Sorunlari Ara\u015ftirmalar Merkezi\",\"description\":\"\",\"potentialAction\":[{\"@type\":\"SearchAction\",\"target\":{\"@type\":\"EntryPoint\",\"urlTemplate\":\"https:\\\/\\\/akunq.net\\\/turkish\\\/?s={search_term_string}\"},\"query-input\":{\"@type\":\"PropertyValueSpecification\",\"valueRequired\":true,\"valueName\":\"search_term_string\"}}],\"inLanguage\":\"en-US\"},{\"@type\":\"Person\",\"@id\":\"https:\\\/\\\/akunq.net\\\/turkish\\\/#\\\/schema\\\/person\\\/135e7923d1aeb8887890799619969a6c\",\"name\":\"kalem\",\"image\":{\"@type\":\"ImageObject\",\"inLanguage\":\"en-US\",\"@id\":\"https:\\\/\\\/secure.gravatar.com\\\/avatar\\\/a06875e4b25feb5674296adf8e8a7ae1e587cebce2493fe63c456109967e27d3?s=96&d=mm&r=g\",\"url\":\"https:\\\/\\\/secure.gravatar.com\\\/avatar\\\/a06875e4b25feb5674296adf8e8a7ae1e587cebce2493fe63c456109967e27d3?s=96&d=mm&r=g\",\"contentUrl\":\"https:\\\/\\\/secure.gravatar.com\\\/avatar\\\/a06875e4b25feb5674296adf8e8a7ae1e587cebce2493fe63c456109967e27d3?s=96&d=mm&r=g\",\"caption\":\"kalem\"},\"url\":\"https:\\\/\\\/akunq.net\\\/turkish\\\/author\\\/kalem\\\/\"}]}<\/script>\n<!-- \/ Yoast SEO plugin. -->","yoast_head_json":{"title":"Dink ailesinin avukat\u0131 yarg\u0131lanacak - Bati Ermenistan Ve Bati Ermenileri Sorunlari Ara\u015ftirmalar Merkezi","robots":{"index":"index","follow":"follow","max-snippet":"max-snippet:-1","max-image-preview":"max-image-preview:large","max-video-preview":"max-video-preview:-1"},"canonical":"https:\/\/akunq.net\/turkish\/2010\/10\/12\/dink-ailesinin-avukati-yargilanacak\/","og_locale":"en_US","og_type":"article","og_title":"Dink ailesinin avukat\u0131 yarg\u0131lanacak - Bati Ermenistan Ve Bati Ermenileri Sorunlari Ara\u015ftirmalar Merkezi","og_description":"Ermeni gazeteci Hrant Dink\u2019in \u00f6ld\u00fcr\u00fclmesi rol\u00fc oldu\u011fu gerek\u00e7esiyle yarg\u0131lanan Albay Ali \u00d6z\u2019\u00fcn avukat\u0131 Ali S\u00fcrmen\u2019in bir y\u0131l \u00f6nce duru\u015fma \u00e7\u0131k\u0131\u015f\u0131nda tart\u0131\u015ft\u0131\u011f\u0131 Dink Ailesi\u2019nin avukatlar\u0131ndan Hakan Bak\u0131rc\u0131\u011folu hakk\u0131ndaki \u015fikayeti mahkemeye ta\u015f\u0131nd\u0131. T\u00fcrkiye Adalet Bakanl\u0131\u011f\u0131\u2019n\u0131n onay vermesiyle Bak\u0131rc\u0131o\u011flu hakk\u0131nda \u2018Trabzonlulara hakaret etmekten\u2019 2\u2019nci A\u011f\u0131r Ceza Mahkemesi\u2019nde dava a\u00e7\u0131ld\u0131. Hrant Dink\u2019in \u00f6ld\u00fcr\u00fclece\u011fini bildikleri halde gerekli \u00f6nlemi almamak ve [&hellip;]","og_url":"https:\/\/akunq.net\/turkish\/2010\/10\/12\/dink-ailesinin-avukati-yargilanacak\/","og_site_name":"Bati Ermenistan Ve Bati Ermenileri Sorunlari Ara\u015ftirmalar Merkezi","article_published_time":"2010-10-12T13:02:31+00:00","og_image":[{"width":332,"height":500,"url":"https:\/\/akunq.net\/turkish\/wp-content\/uploads\/sites\/5\/2010\/10\/Dink-ailesinin-avukati-Hakan.jpg","type":"image\/jpeg"}],"author":"kalem","twitter_card":"summary_large_image","twitter_misc":{"Written by":"kalem","Est. reading time":"2 minutes"},"schema":{"@context":"https:\/\/schema.org","@graph":[{"@type":"Article","@id":"https:\/\/akunq.net\/turkish\/2010\/10\/12\/dink-ailesinin-avukati-yargilanacak\/#article","isPartOf":{"@id":"https:\/\/akunq.net\/turkish\/2010\/10\/12\/dink-ailesinin-avukati-yargilanacak\/"},"author":{"name":"kalem","@id":"https:\/\/akunq.net\/turkish\/#\/schema\/person\/135e7923d1aeb8887890799619969a6c"},"headline":"Dink ailesinin avukat\u0131 yarg\u0131lanacak","datePublished":"2010-10-12T13:02:31+00:00","mainEntityOfPage":{"@id":"https:\/\/akunq.net\/turkish\/2010\/10\/12\/dink-ailesinin-avukati-yargilanacak\/"},"wordCount":446,"commentCount":0,"image":{"@id":"https:\/\/akunq.net\/turkish\/2010\/10\/12\/dink-ailesinin-avukati-yargilanacak\/#primaryimage"},"thumbnailUrl":"http:\/\/akunq.net\/tr\/wp-content\/uploads\/2010\/10\/Dink-ailesinin-avukati-Hakan-300x451.jpg","articleSection":["Haberler"],"inLanguage":"en-US","potentialAction":[{"@type":"CommentAction","name":"Comment","target":["https:\/\/akunq.net\/turkish\/2010\/10\/12\/dink-ailesinin-avukati-yargilanacak\/#respond"]}]},{"@type":"WebPage","@id":"https:\/\/akunq.net\/turkish\/2010\/10\/12\/dink-ailesinin-avukati-yargilanacak\/","url":"https:\/\/akunq.net\/turkish\/2010\/10\/12\/dink-ailesinin-avukati-yargilanacak\/","name":"Dink ailesinin avukat\u0131 yarg\u0131lanacak - Bati Ermenistan Ve Bati Ermenileri Sorunlari Ara\u015ftirmalar Merkezi","isPartOf":{"@id":"https:\/\/akunq.net\/turkish\/#website"},"primaryImageOfPage":{"@id":"https:\/\/akunq.net\/turkish\/2010\/10\/12\/dink-ailesinin-avukati-yargilanacak\/#primaryimage"},"image":{"@id":"https:\/\/akunq.net\/turkish\/2010\/10\/12\/dink-ailesinin-avukati-yargilanacak\/#primaryimage"},"thumbnailUrl":"http:\/\/akunq.net\/tr\/wp-content\/uploads\/2010\/10\/Dink-ailesinin-avukati-Hakan-300x451.jpg","datePublished":"2010-10-12T13:02:31+00:00","author":{"@id":"https:\/\/akunq.net\/turkish\/#\/schema\/person\/135e7923d1aeb8887890799619969a6c"},"breadcrumb":{"@id":"https:\/\/akunq.net\/turkish\/2010\/10\/12\/dink-ailesinin-avukati-yargilanacak\/#breadcrumb"},"inLanguage":"en-US","potentialAction":[{"@type":"ReadAction","target":["https:\/\/akunq.net\/turkish\/2010\/10\/12\/dink-ailesinin-avukati-yargilanacak\/"]}]},{"@type":"ImageObject","inLanguage":"en-US","@id":"https:\/\/akunq.net\/turkish\/2010\/10\/12\/dink-ailesinin-avukati-yargilanacak\/#primaryimage","url":"http:\/\/akunq.net\/tr\/wp-content\/uploads\/2010\/10\/Dink-ailesinin-avukati-Hakan-300x451.jpg","contentUrl":"http:\/\/akunq.net\/tr\/wp-content\/uploads\/2010\/10\/Dink-ailesinin-avukati-Hakan-300x451.jpg"},{"@type":"BreadcrumbList","@id":"https:\/\/akunq.net\/turkish\/2010\/10\/12\/dink-ailesinin-avukati-yargilanacak\/#breadcrumb","itemListElement":[{"@type":"ListItem","position":1,"name":"Home","item":"https:\/\/akunq.net\/turkish\/"},{"@type":"ListItem","position":2,"name":"Dink ailesinin avukat\u0131 yarg\u0131lanacak"}]},{"@type":"WebSite","@id":"https:\/\/akunq.net\/turkish\/#website","url":"https:\/\/akunq.net\/turkish\/","name":"Bati Ermenistan Ve Bati Ermenileri Sorunlari Ara\u015ftirmalar Merkezi","description":"","potentialAction":[{"@type":"SearchAction","target":{"@type":"EntryPoint","urlTemplate":"https:\/\/akunq.net\/turkish\/?s={search_term_string}"},"query-input":{"@type":"PropertyValueSpecification","valueRequired":true,"valueName":"search_term_string"}}],"inLanguage":"en-US"},{"@type":"Person","@id":"https:\/\/akunq.net\/turkish\/#\/schema\/person\/135e7923d1aeb8887890799619969a6c","name":"kalem","image":{"@type":"ImageObject","inLanguage":"en-US","@id":"https:\/\/secure.gravatar.com\/avatar\/a06875e4b25feb5674296adf8e8a7ae1e587cebce2493fe63c456109967e27d3?s=96&d=mm&r=g","url":"https:\/\/secure.gravatar.com\/avatar\/a06875e4b25feb5674296adf8e8a7ae1e587cebce2493fe63c456109967e27d3?s=96&d=mm&r=g","contentUrl":"https:\/\/secure.gravatar.com\/avatar\/a06875e4b25feb5674296adf8e8a7ae1e587cebce2493fe63c456109967e27d3?s=96&d=mm&r=g","caption":"kalem"},"url":"https:\/\/akunq.net\/turkish\/author\/kalem\/"}]}},"_links":{"self":[{"href":"https:\/\/akunq.net\/turkish\/wp-json\/wp\/v2\/posts\/2319","targetHints":{"allow":["GET"]}}],"collection":[{"href":"https:\/\/akunq.net\/turkish\/wp-json\/wp\/v2\/posts"}],"about":[{"href":"https:\/\/akunq.net\/turkish\/wp-json\/wp\/v2\/types\/post"}],"author":[{"embeddable":true,"href":"https:\/\/akunq.net\/turkish\/wp-json\/wp\/v2\/users\/3"}],"replies":[{"embeddable":true,"href":"https:\/\/akunq.net\/turkish\/wp-json\/wp\/v2\/comments?post=2319"}],"version-history":[{"count":0,"href":"https:\/\/akunq.net\/turkish\/wp-json\/wp\/v2\/posts\/2319\/revisions"}],"wp:attachment":[{"href":"https:\/\/akunq.net\/turkish\/wp-json\/wp\/v2\/media?parent=2319"}],"wp:term":[{"taxonomy":"category","embeddable":true,"href":"https:\/\/akunq.net\/turkish\/wp-json\/wp\/v2\/categories?post=2319"},{"taxonomy":"post_tag","embeddable":true,"href":"https:\/\/akunq.net\/turkish\/wp-json\/wp\/v2\/tags?post=2319"}],"curies":[{"name":"wp","href":"https:\/\/api.w.org\/{rel}","templated":true}]}}