{"id":23145,"date":"2013-04-27T04:11:07","date_gmt":"2013-04-27T09:11:07","guid":{"rendered":"http:\/\/akunq.net\/tr\/?p=23145"},"modified":"2013-04-27T04:11:07","modified_gmt":"2013-04-27T09:11:07","slug":"2015te-ermeni-halkinin-mucadelesi-sona-erir-diye-kimse-umit-beslemesin-2","status":"publish","type":"post","link":"https:\/\/akunq.net\/turkish\/2013\/04\/27\/2015te-ermeni-halkinin-mucadelesi-sona-erir-diye-kimse-umit-beslemesin-2\/","title":{"rendered":"2015\u2019te Ermeni halk\u0131n\u0131n m\u00fccadelesi sona erer diye kimse \u00fcmit beslemesin!"},"content":{"rendered":"<p style=\"text-align: justify\"><b><i><a href=\"http:\/\/akunq.net\/tr\/?attachment_id=23146\" rel=\"attachment wp-att-23146\"><img loading=\"lazy\" decoding=\"async\" class=\"alignright size-full wp-image-23146\" alt=\"Nikolay Hovhannisyan\" src=\"http:\/\/akunq.net\/tr\/wp-content\/uploads\/2013\/04\/Nikolay-Hovhannisyan.jpg\" width=\"118\" height=\"181\" \/><\/a>Yerevan\u2019da d\u00fczenlenen \u201cErmeni Soyk\u0131r\u0131m\u0131. 100. y\u0131l arifesindeki sorunlar\u201d konulu uluslararas\u0131 konferans<\/i><\/b><\/p>\n<p style=\"text-align: justify\">\u201cErmeni Soyk\u0131r\u0131m\u0131. 100. y\u0131l arifesindeki sorunlar\u201d konulu uluslararas\u0131 konferans\u0131n \u201cUluslararas\u0131 arenada Ermeni Soyk\u0131r\u0131m\u0131n\u0131n tan\u0131t\u0131lmas\u0131. Tan\u0131tma ve yorumlama\u201d konulu oturumunda Ermeni Bilimler Milli Akademisi \u00fcyesi, tarih doktoru, profes\u00f6r Nikolay Hovhannisyan bir sunum ger\u00e7ekle\u015ftirdi. Hovhannisyan\u2019\u0131n \u201cModern soyk\u0131r\u0131m bilimi bak\u0131m\u0131ndan Ermeni Soyk\u0131r\u0131m\u0131n\u0131n de\u011ferlendirilmesi ve uluslararas\u0131 tan\u0131nmas\u0131 stratejisine yeni yakla\u015f\u0131mlar\u201d ba\u015fl\u0131kl\u0131 sunumu ilgin\u00e7 vurgular i\u00e7ermekteydi.<\/p>\n<p style=\"text-align: justify\">Nikolay Hovhannisyan\u2019a g\u00f6re, 20. y\u00fczy\u0131l\u0131n 60\u2019l\u0131-80\u2019li y\u0131llar\u0131nda soyk\u0131r\u0131m biliminin yeni bir bilim dal\u0131 olarak ortaya \u00e7\u0131kmas\u0131 ve 1994 y\u0131l\u0131nda <em>Uluslararas\u0131 Soyk\u0131r\u0131m<\/em> Ara\u015ft\u0131rmac\u0131lar\u0131 Birli\u011fi\u2019nin (International Association of Genocide Scholars) kurulmas\u0131, Ermeni Soyk\u0131r\u0131m\u0131 da dahil b\u00fct\u00fcn jenositlerin de\u011ferlendirilip tan\u0131t\u0131lmas\u0131 konusunda \u00f6nemli bir rol oynad\u0131. Soyk\u0131r\u0131m ara\u015ft\u0131rmalar\u0131, bu olaylar sayesinde duygusal alandan bilim ve hukuk alan\u0131na ta\u015f\u0131nd\u0131. <em>Uluslararas\u0131 Soyk\u0131r\u0131m<\/em> Ara\u015ft\u0131rmac\u0131lar\u0131 Birli\u011fi, bir dizi tasar\u0131 kabul etti. Birli\u011fin T\u00fcrkiye Ba\u015fbakan\u0131 Recep Tayyip Erdo\u011fan\u2019a yan\u0131t olarak yazm\u0131\u015f oldu\u011fu 7 Haziran 2005 tarihli mektup, bu belgeler aras\u0131nda \u00f6zel bir \u00f6nem ta\u015f\u0131maktad\u0131r. <em>Uluslararas\u0131 Soyk\u0131r\u0131m<\/em> Ara\u015ft\u0131rmac\u0131lar\u0131 Birli\u011fi Ba\u015fkan\u0131 \u0130srayel \u00c7arni ve yard\u0131mc\u0131lar\u0131, birlik ad\u0131na bu mektubu imzalam\u0131\u015ft\u0131r. Mektupta \u201cSay\u0131n Ba\u015fbakan Erdo\u011fan, biz, Size bu a\u00e7\u0131k mektubu \u201ctarih\u00e7ilerin, Birinci D\u00fcnya Sava\u015f\u0131 esnas\u0131nda Osmanl\u0131 \u0130mparatorlu\u011fu\u2019nda Ermeni halk\u0131n\u0131n kaderiyle ilgili konular\u0131 tarafs\u0131z olarak ara\u015ft\u0131rmalar yapmalar\u0131na\u201d ili\u015fkin yapm\u0131\u015f oldu\u011funuz \u00e7a\u011fr\u0131n\u0131za cevaben yazmaktay\u0131z. Biz, soyk\u0131r\u0131m\u0131 ara\u015ft\u0131ran bilimadamlar\u0131n\u0131n ba\u015fl\u0131ca makam\u0131n\u0131 temsil etmekteyiz. Biz kayg\u0131l\u0131y\u0131z zira Siz, Ermeni Soyk\u0131r\u0131m\u0131n\u0131n tarafs\u0131z olarak ara\u015ft\u0131r\u0131lmas\u0131 \u00e7a\u011fr\u0131s\u0131nda bulundu\u011funuzda Ermeni Soyk\u0131r\u0131m\u0131yla ilgili yap\u0131lan bilimsel ara\u015ft\u0131rmalar\u0131n hacminden habersiz olabilirsiniz. <b>Biz \u015funun alt\u0131n\u0131 \u00e7izmek isteriz: Ermeni Soyk\u0131r\u0131m\u0131n\u0131 do\u011frulayan sadece Ermeniler de\u011fildir, y\u00fczlerce ba\u011f\u0131ms\u0131z bilimadam\u0131, bu g\u00f6r\u00fc\u015fe kat\u0131lmaktad\u0131r. <\/b>\u015eunu da kaydetmek isteriz ki, h\u00fck\u00fcmetinize ve T\u00fcrkiye Parlamentosuna Ermeni Soyk\u0131r\u0131m\u0131n\u0131 inkar etmeyi tavsiye eden bu s\u00f6zde \u201cbilimadamlar\u0131\u201d tarafs\u0131z de\u011fildir. \u0130nan\u0131yoruz ki, <b>Holokost konusunda Alman h\u00fck\u00fcmeti ve halk\u0131 gibi, ge\u00e7en h\u00fck\u00fcmetin Ermeni halk\u0131n\u0131n soyk\u0131r\u0131m\u0131 konusunda sorumlu oldu\u011funu tan\u0131mak, T\u00fcrk halk\u0131n\u0131n da yarar\u0131na olacakt\u0131r\u201d.<\/b><\/p>\n<p style=\"text-align: justify\">Bu mektupta, <em>Uluslararas\u0131 Soyk\u0131r\u0131m<\/em> Ara\u015ft\u0131rmac\u0131lar\u0131 Birli\u011fi\u2019nin \u00f6zet sonu\u00e7lar\u0131 da bulunmaktad\u0131r. Bu sonu\u00e7lar, kongrenin kat\u0131l\u0131mc\u0131lar\u0131 taraf\u0131ndan oybirli\u011fiyle kabul edilmi\u015ftir. Tarihi \u00f6nem ta\u015f\u0131yan bu \u00f6zette <b>\u201cUluslararas\u0131 bilim, hukuk ve insan haklar\u0131 toplumunun da, Ermeni Soyk\u0131r\u0131m\u0131n\u0131 do\u011frulam\u0131\u015f oldu\u011fu belirtilmektedir\u201d.<\/b><\/p>\n<p style=\"text-align: justify\">Nikolay Hovhannisyan \u201cB\u00f6ylece <em>Uluslararas\u0131 Soyk\u0131r\u0131m<\/em> Ara\u015ft\u0131rmac\u0131lar\u0131 Birli\u011fi, Ermeni Soyk\u0131r\u0131m\u0131n\u0131n bilimsel ve hukuksal bak\u0131mlardan ve insan haklar\u0131 a\u00e7\u0131s\u0131ndan kabul edilip ispatlanm\u0131\u015f oldu\u011funu d\u00fcnyaya ilan etmi\u015f oldu. Buna dayanarak, \u201cUluslararas\u0131 bilim, hukuk ve insan haklar\u0131 toplumu, Ermeni Soyk\u0131r\u0131m\u0131n\u0131 do\u011frulamakta\u201d g\u00f6r\u00fc\u015f\u00fcn\u00fc, Ermeni Soyk\u0131r\u0131m\u0131n\u0131n de\u011ferlendirilip tan\u0131t\u0131lmas\u0131 stratejisi temeline yerle\u015ftirmeyi \u00f6nermekteyiz\u201d \u015feklinde konu\u015ftu.<\/p>\n<p style=\"text-align: justify\">Hovhannisyan\u2019\u0131n, stratejik nitelik ta\u015f\u0131yan di\u011fer yeni teklifleri, T\u00fcrkiye devleti taraf\u0131ndan Ermeni Soyk\u0131r\u0131m\u0131n\u0131n tan\u0131nmas\u0131 sorunuyla ilgilidir. Hovhannisyan \u201cErmeni Soyk\u0131r\u0131m\u0131n\u0131 ilk tan\u0131yan devlet hangisi? Ermeni Soyk\u0131r\u0131m\u0131n\u0131 tan\u0131m\u0131\u015f olan ilk \u00fclkenin Uruguay\u2019\u0131n oldu\u011fu (1965 y\u0131l\u0131nda) kabul edilmektedir. Ancak bu g\u00f6r\u00fc\u015f\u00fc yeniden de\u011ferlendirmemiz gerekmektedir. <b>Ermeni Soyk\u0131r\u0131m\u0131, Osmanl\u0131 \u0130mparatorlu\u011fu\u2019nda, Osmanl\u0131 devletinde i\u015flenmi\u015ftir ve Osmanl\u0131n\u0131n kendisi de, Ermeni Soyk\u0131r\u0131m\u0131n\u0131 tan\u0131m\u0131\u015f olan ilk devlet olmu\u015ftur. <\/b>Osmanl\u0131, bunubir deklarasyon ilan\u0131yla yapmam\u0131\u015f, Ermeni Soyk\u0131r\u0131m\u0131n\u0131 hukuki yoldan, ilgili bir karar alarak tan\u0131m\u0131\u015ft\u0131r. Bilindi\u011fi \u00fczere, Birinci D\u00fcnya Harbi akabinde Ahmet Tevfik Pa\u015fa yeni bir kabine olu\u015fturdu. Bu h\u00fck\u00fcmet, Kas\u0131m 1918 tarihinde \u0130ttihat ve Terakki partisi y\u00f6neticilerini cezaland\u0131rmaya karar verdi. Bu ama\u00e7la, Osmanl\u0131 devleti, 1299 y\u0131l\u0131ndan beri h\u00fck\u00fcmdar olan Osman\u2019\u0131n me\u015fru hanedan\u0131n\u0131n me\u015fru padi\u015fah\u0131 VI. Vahdettin\u2019in (1918-1922) 8 Mart 1919 tarihli fetvas\u0131yla Birinci, \u0130kinci ve \u00dc\u00e7\u00fcnc\u00fc divan\u2019\u0131 harp mahkemeleri kurulmu\u015ftur. Padi\u015fah\u0131n emri \u00fczerine Birinci Divan\u2019\u0131 Harb\u2019i \u00d6rfi\u2019de \u0130ttihat\u00e7\u0131 \u00fcst d\u00fczey y\u00f6neticilerinin yarg\u0131lanmas\u0131 ger\u00e7ekle\u015ftirilmi\u015ftir. Dava, 28 Nisan 1919\u2019da ba\u015flanarak 26 Haziran 1919 tarihinde sona erir. Karar ise, 5 Temmuz 1919\u2019da okunur. <b>Demek ki, yarg\u0131lama, me\u015fru hanedan\u0131n me\u015fru padi\u015fah\u0131n\u0131n emriyle kurulmu\u015f olan Osmanl\u0131 me\u015fru mahkemesinde yap\u0131lm\u0131\u015ft\u0131r. <\/b>Birinci divan\u2019\u0131 harp mahkemesinin karar\u0131 gere\u011fince, su\u00e7lu olan \u0130ttihat\u00e7\u0131 b\u00fct\u00fcn \u00fcst d\u00fczey yetkililer idama mahkum edilmi\u015ftir. Bunlar hakk\u0131nda, Ermenilerin kitlesel \u00f6ld\u00fcr\u00fclmeleri (taktil) ve tehciri, yani Ermeni Soyk\u0131r\u0131m\u0131ndan dolay\u0131 da idam karar\u0131 al\u0131nm\u0131\u015ft\u0131r\u201d diye vurgulad\u0131.<\/p>\n<p style=\"text-align: justify\">Hovhannisyan\u2019\u0131n belirtti\u011fine g\u00f6re, Osmanl\u0131 \u0130mparatorlu\u011fu, varl\u0131\u011f\u0131n\u0131 1923 y\u0131l\u0131na kadar s\u00fcrd\u00fcrm\u00fc\u015f ve yerine ge\u00e7mi\u015f olan T\u00fcrkiye Cumhuriyeti de, Osmanl\u0131 \u0130mparatorlu\u011fu\u2019nun hukuki halefi olarak kabul edilmektedir. Hovhannisyan\u2019a g\u00f6re, T\u00fcrkiye Cumhuriyeti, 1919-1920 y\u0131llar\u0131nda Osmanl\u0131 me\u015fru mahkemesinin ald\u0131\u011f\u0131 karar\u0131n\u0131 iptal etmemi\u015ftir. Osmanl\u0131 mahkemesi ise Ermenilere kar\u015f\u0131 i\u015flenmi\u015f su\u00e7u, yani Ermeni Soyk\u0131r\u0131m\u0131n\u0131 tan\u0131m\u0131\u015ft\u0131r. Divan\u2019\u0131 Harb\u2019i \u00d6rfi\u2019de al\u0131nan bu karar y\u00fcr\u00fcrl\u00fckte olmaya devam etmektedir.<\/p>\n<p style=\"text-align: justify\">Nikolay Hovhannisyan \u201cGe\u00e7en y\u0131l\u0131n ikinci yar\u0131s\u0131nda soyk\u0131r\u0131m bilimi kuruldu. Bu bilim uyar\u0131nca, halk\u0131n zorla s\u00fcr\u00fclmesi de soyk\u0131r\u0131m\u0131n b\u00f6l\u00fcnmez bir k\u0131sm\u0131n\u0131 olu\u015fturmaktad\u0131r. Tehcir olmadan jenosit i\u015flenmemektedir. Osmanl\u0131 \u0130mparatorlu\u011fu\u2019nda ger\u00e7ekle\u015ftirilmi\u015f olan Ermeni Soyk\u0131r\u0131m\u0131 ger\u00e7e\u011fini tan\u0131mayan g\u00fcn\u00fcm\u00fcz T\u00fcrkiye y\u00f6neticileri, Ermenilerin tehcire tabi tutuldu\u011funu kabul etmektedir\u201d dedi.<\/p>\n<p style=\"text-align: justify\"><b><i>T\u00fcrk\u00e7eye \u00e7eviren: Meline Anumyan<\/i><\/b><\/p>\n<p style=\"text-align: justify\"><b><i>Akunq.net <\/i><\/b><\/p>\n","protected":false},"excerpt":{"rendered":"<p>Yerevan\u2019da d\u00fczenlenen \u201cErmeni Soyk\u0131r\u0131m\u0131. 100. y\u0131l arifesindeki sorunlar\u201d konulu uluslararas\u0131 konferans \u201cErmeni Soyk\u0131r\u0131m\u0131. 100. y\u0131l arifesindeki sorunlar\u201d konulu uluslararas\u0131 konferans\u0131n \u201cUluslararas\u0131 arenada Ermeni Soyk\u0131r\u0131m\u0131n\u0131n tan\u0131t\u0131lmas\u0131. Tan\u0131tma ve yorumlama\u201d konulu oturumunda Ermeni Bilimler Milli Akademisi \u00fcyesi, tarih doktoru, profes\u00f6r Nikolay Hovhannisyan bir sunum ger\u00e7ekle\u015ftirdi. Hovhannisyan\u2019\u0131n \u201cModern soyk\u0131r\u0131m bilimi bak\u0131m\u0131ndan Ermeni Soyk\u0131r\u0131m\u0131n\u0131n de\u011ferlendirilmesi ve uluslararas\u0131 tan\u0131nmas\u0131 stratejisine [&hellip;]<\/p>\n","protected":false},"author":3,"featured_media":0,"comment_status":"open","ping_status":"open","sticky":false,"template":"","format":"standard","meta":{"footnotes":""},"categories":[6,14,39],"tags":[],"class_list":["post-23145","post","type-post","status-publish","format-standard","hentry","category-ermeni-soykirimi","category-haberler","category-tartismalar"],"yoast_head":"<!-- This site is optimized with the Yoast SEO plugin v27.4 - https:\/\/yoast.com\/product\/yoast-seo-wordpress\/ -->\n<title>2015\u2019te Ermeni halk\u0131n\u0131n m\u00fccadelesi sona erer diye kimse \u00fcmit beslemesin! - Bati Ermenistan Ve Bati Ermenileri Sorunlari Ara\u015ftirmalar Merkezi<\/title>\n<meta name=\"robots\" content=\"index, follow, max-snippet:-1, max-image-preview:large, max-video-preview:-1\" \/>\n<link rel=\"canonical\" href=\"https:\/\/akunq.net\/turkish\/2013\/04\/27\/2015te-ermeni-halkinin-mucadelesi-sona-erir-diye-kimse-umit-beslemesin-2\/\" \/>\n<meta property=\"og:locale\" content=\"en_US\" \/>\n<meta property=\"og:type\" content=\"article\" \/>\n<meta property=\"og:title\" content=\"2015\u2019te Ermeni halk\u0131n\u0131n m\u00fccadelesi sona erer diye kimse \u00fcmit beslemesin! - Bati Ermenistan Ve Bati Ermenileri Sorunlari Ara\u015ftirmalar Merkezi\" \/>\n<meta property=\"og:description\" content=\"Yerevan\u2019da d\u00fczenlenen \u201cErmeni Soyk\u0131r\u0131m\u0131. 100. y\u0131l arifesindeki sorunlar\u201d konulu uluslararas\u0131 konferans \u201cErmeni Soyk\u0131r\u0131m\u0131. 100. y\u0131l arifesindeki sorunlar\u201d konulu uluslararas\u0131 konferans\u0131n \u201cUluslararas\u0131 arenada Ermeni Soyk\u0131r\u0131m\u0131n\u0131n tan\u0131t\u0131lmas\u0131. Tan\u0131tma ve yorumlama\u201d konulu oturumunda Ermeni Bilimler Milli Akademisi \u00fcyesi, tarih doktoru, profes\u00f6r Nikolay Hovhannisyan bir sunum ger\u00e7ekle\u015ftirdi. Hovhannisyan\u2019\u0131n \u201cModern soyk\u0131r\u0131m bilimi bak\u0131m\u0131ndan Ermeni Soyk\u0131r\u0131m\u0131n\u0131n de\u011ferlendirilmesi ve uluslararas\u0131 tan\u0131nmas\u0131 stratejisine [&hellip;]\" \/>\n<meta property=\"og:url\" content=\"https:\/\/akunq.net\/turkish\/2013\/04\/27\/2015te-ermeni-halkinin-mucadelesi-sona-erir-diye-kimse-umit-beslemesin-2\/\" \/>\n<meta property=\"og:site_name\" content=\"Bati Ermenistan Ve Bati Ermenileri Sorunlari Ara\u015ftirmalar Merkezi\" \/>\n<meta property=\"article:published_time\" content=\"2013-04-27T09:11:07+00:00\" \/>\n<meta property=\"og:image\" content=\"https:\/\/akunq.net\/turkish\/wp-content\/uploads\/sites\/5\/2013\/04\/Nikolay-Hovhannisyan.jpg\" \/>\n\t<meta property=\"og:image:width\" content=\"118\" \/>\n\t<meta property=\"og:image:height\" content=\"181\" \/>\n\t<meta property=\"og:image:type\" content=\"image\/jpeg\" \/>\n<meta name=\"author\" content=\"kalem\" \/>\n<meta name=\"twitter:card\" content=\"summary_large_image\" \/>\n<meta name=\"twitter:label1\" content=\"Written by\" \/>\n\t<meta name=\"twitter:data1\" content=\"kalem\" \/>\n\t<meta name=\"twitter:label2\" content=\"Est. reading time\" \/>\n\t<meta name=\"twitter:data2\" content=\"5 minutes\" \/>\n<script type=\"application\/ld+json\" class=\"yoast-schema-graph\">{\"@context\":\"https:\\\/\\\/schema.org\",\"@graph\":[{\"@type\":\"Article\",\"@id\":\"https:\\\/\\\/akunq.net\\\/turkish\\\/2013\\\/04\\\/27\\\/2015te-ermeni-halkinin-mucadelesi-sona-erir-diye-kimse-umit-beslemesin-2\\\/#article\",\"isPartOf\":{\"@id\":\"https:\\\/\\\/akunq.net\\\/turkish\\\/2013\\\/04\\\/27\\\/2015te-ermeni-halkinin-mucadelesi-sona-erir-diye-kimse-umit-beslemesin-2\\\/\"},\"author\":{\"name\":\"kalem\",\"@id\":\"https:\\\/\\\/akunq.net\\\/turkish\\\/#\\\/schema\\\/person\\\/135e7923d1aeb8887890799619969a6c\"},\"headline\":\"2015\u2019te Ermeni halk\u0131n\u0131n m\u00fccadelesi sona erer diye kimse \u00fcmit beslemesin!\",\"datePublished\":\"2013-04-27T09:11:07+00:00\",\"mainEntityOfPage\":{\"@id\":\"https:\\\/\\\/akunq.net\\\/turkish\\\/2013\\\/04\\\/27\\\/2015te-ermeni-halkinin-mucadelesi-sona-erir-diye-kimse-umit-beslemesin-2\\\/\"},\"wordCount\":1090,\"commentCount\":0,\"image\":{\"@id\":\"https:\\\/\\\/akunq.net\\\/turkish\\\/2013\\\/04\\\/27\\\/2015te-ermeni-halkinin-mucadelesi-sona-erir-diye-kimse-umit-beslemesin-2\\\/#primaryimage\"},\"thumbnailUrl\":\"http:\\\/\\\/akunq.net\\\/tr\\\/wp-content\\\/uploads\\\/2013\\\/04\\\/Nikolay-Hovhannisyan.jpg\",\"articleSection\":[\"Ermeni Soyk\u0131r\u0131m\u0131\",\"Haberler\",\"Tart\u0131\u015fmalar\"],\"inLanguage\":\"en-US\",\"potentialAction\":[{\"@type\":\"CommentAction\",\"name\":\"Comment\",\"target\":[\"https:\\\/\\\/akunq.net\\\/turkish\\\/2013\\\/04\\\/27\\\/2015te-ermeni-halkinin-mucadelesi-sona-erir-diye-kimse-umit-beslemesin-2\\\/#respond\"]}]},{\"@type\":\"WebPage\",\"@id\":\"https:\\\/\\\/akunq.net\\\/turkish\\\/2013\\\/04\\\/27\\\/2015te-ermeni-halkinin-mucadelesi-sona-erir-diye-kimse-umit-beslemesin-2\\\/\",\"url\":\"https:\\\/\\\/akunq.net\\\/turkish\\\/2013\\\/04\\\/27\\\/2015te-ermeni-halkinin-mucadelesi-sona-erir-diye-kimse-umit-beslemesin-2\\\/\",\"name\":\"2015\u2019te Ermeni halk\u0131n\u0131n m\u00fccadelesi sona erer diye kimse \u00fcmit beslemesin! - Bati Ermenistan Ve Bati Ermenileri Sorunlari Ara\u015ftirmalar Merkezi\",\"isPartOf\":{\"@id\":\"https:\\\/\\\/akunq.net\\\/turkish\\\/#website\"},\"primaryImageOfPage\":{\"@id\":\"https:\\\/\\\/akunq.net\\\/turkish\\\/2013\\\/04\\\/27\\\/2015te-ermeni-halkinin-mucadelesi-sona-erir-diye-kimse-umit-beslemesin-2\\\/#primaryimage\"},\"image\":{\"@id\":\"https:\\\/\\\/akunq.net\\\/turkish\\\/2013\\\/04\\\/27\\\/2015te-ermeni-halkinin-mucadelesi-sona-erir-diye-kimse-umit-beslemesin-2\\\/#primaryimage\"},\"thumbnailUrl\":\"http:\\\/\\\/akunq.net\\\/tr\\\/wp-content\\\/uploads\\\/2013\\\/04\\\/Nikolay-Hovhannisyan.jpg\",\"datePublished\":\"2013-04-27T09:11:07+00:00\",\"author\":{\"@id\":\"https:\\\/\\\/akunq.net\\\/turkish\\\/#\\\/schema\\\/person\\\/135e7923d1aeb8887890799619969a6c\"},\"breadcrumb\":{\"@id\":\"https:\\\/\\\/akunq.net\\\/turkish\\\/2013\\\/04\\\/27\\\/2015te-ermeni-halkinin-mucadelesi-sona-erir-diye-kimse-umit-beslemesin-2\\\/#breadcrumb\"},\"inLanguage\":\"en-US\",\"potentialAction\":[{\"@type\":\"ReadAction\",\"target\":[\"https:\\\/\\\/akunq.net\\\/turkish\\\/2013\\\/04\\\/27\\\/2015te-ermeni-halkinin-mucadelesi-sona-erir-diye-kimse-umit-beslemesin-2\\\/\"]}]},{\"@type\":\"ImageObject\",\"inLanguage\":\"en-US\",\"@id\":\"https:\\\/\\\/akunq.net\\\/turkish\\\/2013\\\/04\\\/27\\\/2015te-ermeni-halkinin-mucadelesi-sona-erir-diye-kimse-umit-beslemesin-2\\\/#primaryimage\",\"url\":\"http:\\\/\\\/akunq.net\\\/tr\\\/wp-content\\\/uploads\\\/2013\\\/04\\\/Nikolay-Hovhannisyan.jpg\",\"contentUrl\":\"http:\\\/\\\/akunq.net\\\/tr\\\/wp-content\\\/uploads\\\/2013\\\/04\\\/Nikolay-Hovhannisyan.jpg\"},{\"@type\":\"BreadcrumbList\",\"@id\":\"https:\\\/\\\/akunq.net\\\/turkish\\\/2013\\\/04\\\/27\\\/2015te-ermeni-halkinin-mucadelesi-sona-erir-diye-kimse-umit-beslemesin-2\\\/#breadcrumb\",\"itemListElement\":[{\"@type\":\"ListItem\",\"position\":1,\"name\":\"Home\",\"item\":\"https:\\\/\\\/akunq.net\\\/turkish\\\/\"},{\"@type\":\"ListItem\",\"position\":2,\"name\":\"2015\u2019te Ermeni halk\u0131n\u0131n m\u00fccadelesi sona erer diye kimse \u00fcmit beslemesin!\"}]},{\"@type\":\"WebSite\",\"@id\":\"https:\\\/\\\/akunq.net\\\/turkish\\\/#website\",\"url\":\"https:\\\/\\\/akunq.net\\\/turkish\\\/\",\"name\":\"Bati Ermenistan Ve Bati Ermenileri Sorunlari Ara\u015ftirmalar Merkezi\",\"description\":\"\",\"potentialAction\":[{\"@type\":\"SearchAction\",\"target\":{\"@type\":\"EntryPoint\",\"urlTemplate\":\"https:\\\/\\\/akunq.net\\\/turkish\\\/?s={search_term_string}\"},\"query-input\":{\"@type\":\"PropertyValueSpecification\",\"valueRequired\":true,\"valueName\":\"search_term_string\"}}],\"inLanguage\":\"en-US\"},{\"@type\":\"Person\",\"@id\":\"https:\\\/\\\/akunq.net\\\/turkish\\\/#\\\/schema\\\/person\\\/135e7923d1aeb8887890799619969a6c\",\"name\":\"kalem\",\"image\":{\"@type\":\"ImageObject\",\"inLanguage\":\"en-US\",\"@id\":\"https:\\\/\\\/secure.gravatar.com\\\/avatar\\\/a06875e4b25feb5674296adf8e8a7ae1e587cebce2493fe63c456109967e27d3?s=96&d=mm&r=g\",\"url\":\"https:\\\/\\\/secure.gravatar.com\\\/avatar\\\/a06875e4b25feb5674296adf8e8a7ae1e587cebce2493fe63c456109967e27d3?s=96&d=mm&r=g\",\"contentUrl\":\"https:\\\/\\\/secure.gravatar.com\\\/avatar\\\/a06875e4b25feb5674296adf8e8a7ae1e587cebce2493fe63c456109967e27d3?s=96&d=mm&r=g\",\"caption\":\"kalem\"},\"url\":\"https:\\\/\\\/akunq.net\\\/turkish\\\/author\\\/kalem\\\/\"}]}<\/script>\n<!-- \/ Yoast SEO plugin. -->","yoast_head_json":{"title":"2015\u2019te Ermeni halk\u0131n\u0131n m\u00fccadelesi sona erer diye kimse \u00fcmit beslemesin! - Bati Ermenistan Ve Bati Ermenileri Sorunlari Ara\u015ftirmalar Merkezi","robots":{"index":"index","follow":"follow","max-snippet":"max-snippet:-1","max-image-preview":"max-image-preview:large","max-video-preview":"max-video-preview:-1"},"canonical":"https:\/\/akunq.net\/turkish\/2013\/04\/27\/2015te-ermeni-halkinin-mucadelesi-sona-erir-diye-kimse-umit-beslemesin-2\/","og_locale":"en_US","og_type":"article","og_title":"2015\u2019te Ermeni halk\u0131n\u0131n m\u00fccadelesi sona erer diye kimse \u00fcmit beslemesin! - Bati Ermenistan Ve Bati Ermenileri Sorunlari Ara\u015ftirmalar Merkezi","og_description":"Yerevan\u2019da d\u00fczenlenen \u201cErmeni Soyk\u0131r\u0131m\u0131. 100. y\u0131l arifesindeki sorunlar\u201d konulu uluslararas\u0131 konferans \u201cErmeni Soyk\u0131r\u0131m\u0131. 100. y\u0131l arifesindeki sorunlar\u201d konulu uluslararas\u0131 konferans\u0131n \u201cUluslararas\u0131 arenada Ermeni Soyk\u0131r\u0131m\u0131n\u0131n tan\u0131t\u0131lmas\u0131. Tan\u0131tma ve yorumlama\u201d konulu oturumunda Ermeni Bilimler Milli Akademisi \u00fcyesi, tarih doktoru, profes\u00f6r Nikolay Hovhannisyan bir sunum ger\u00e7ekle\u015ftirdi. Hovhannisyan\u2019\u0131n \u201cModern soyk\u0131r\u0131m bilimi bak\u0131m\u0131ndan Ermeni Soyk\u0131r\u0131m\u0131n\u0131n de\u011ferlendirilmesi ve uluslararas\u0131 tan\u0131nmas\u0131 stratejisine [&hellip;]","og_url":"https:\/\/akunq.net\/turkish\/2013\/04\/27\/2015te-ermeni-halkinin-mucadelesi-sona-erir-diye-kimse-umit-beslemesin-2\/","og_site_name":"Bati Ermenistan Ve Bati Ermenileri Sorunlari Ara\u015ftirmalar Merkezi","article_published_time":"2013-04-27T09:11:07+00:00","og_image":[{"width":118,"height":181,"url":"https:\/\/akunq.net\/turkish\/wp-content\/uploads\/sites\/5\/2013\/04\/Nikolay-Hovhannisyan.jpg","type":"image\/jpeg"}],"author":"kalem","twitter_card":"summary_large_image","twitter_misc":{"Written by":"kalem","Est. reading time":"5 minutes"},"schema":{"@context":"https:\/\/schema.org","@graph":[{"@type":"Article","@id":"https:\/\/akunq.net\/turkish\/2013\/04\/27\/2015te-ermeni-halkinin-mucadelesi-sona-erir-diye-kimse-umit-beslemesin-2\/#article","isPartOf":{"@id":"https:\/\/akunq.net\/turkish\/2013\/04\/27\/2015te-ermeni-halkinin-mucadelesi-sona-erir-diye-kimse-umit-beslemesin-2\/"},"author":{"name":"kalem","@id":"https:\/\/akunq.net\/turkish\/#\/schema\/person\/135e7923d1aeb8887890799619969a6c"},"headline":"2015\u2019te Ermeni halk\u0131n\u0131n m\u00fccadelesi sona erer diye kimse \u00fcmit beslemesin!","datePublished":"2013-04-27T09:11:07+00:00","mainEntityOfPage":{"@id":"https:\/\/akunq.net\/turkish\/2013\/04\/27\/2015te-ermeni-halkinin-mucadelesi-sona-erir-diye-kimse-umit-beslemesin-2\/"},"wordCount":1090,"commentCount":0,"image":{"@id":"https:\/\/akunq.net\/turkish\/2013\/04\/27\/2015te-ermeni-halkinin-mucadelesi-sona-erir-diye-kimse-umit-beslemesin-2\/#primaryimage"},"thumbnailUrl":"http:\/\/akunq.net\/tr\/wp-content\/uploads\/2013\/04\/Nikolay-Hovhannisyan.jpg","articleSection":["Ermeni Soyk\u0131r\u0131m\u0131","Haberler","Tart\u0131\u015fmalar"],"inLanguage":"en-US","potentialAction":[{"@type":"CommentAction","name":"Comment","target":["https:\/\/akunq.net\/turkish\/2013\/04\/27\/2015te-ermeni-halkinin-mucadelesi-sona-erir-diye-kimse-umit-beslemesin-2\/#respond"]}]},{"@type":"WebPage","@id":"https:\/\/akunq.net\/turkish\/2013\/04\/27\/2015te-ermeni-halkinin-mucadelesi-sona-erir-diye-kimse-umit-beslemesin-2\/","url":"https:\/\/akunq.net\/turkish\/2013\/04\/27\/2015te-ermeni-halkinin-mucadelesi-sona-erir-diye-kimse-umit-beslemesin-2\/","name":"2015\u2019te Ermeni halk\u0131n\u0131n m\u00fccadelesi sona erer diye kimse \u00fcmit beslemesin! - Bati Ermenistan Ve Bati Ermenileri Sorunlari Ara\u015ftirmalar Merkezi","isPartOf":{"@id":"https:\/\/akunq.net\/turkish\/#website"},"primaryImageOfPage":{"@id":"https:\/\/akunq.net\/turkish\/2013\/04\/27\/2015te-ermeni-halkinin-mucadelesi-sona-erir-diye-kimse-umit-beslemesin-2\/#primaryimage"},"image":{"@id":"https:\/\/akunq.net\/turkish\/2013\/04\/27\/2015te-ermeni-halkinin-mucadelesi-sona-erir-diye-kimse-umit-beslemesin-2\/#primaryimage"},"thumbnailUrl":"http:\/\/akunq.net\/tr\/wp-content\/uploads\/2013\/04\/Nikolay-Hovhannisyan.jpg","datePublished":"2013-04-27T09:11:07+00:00","author":{"@id":"https:\/\/akunq.net\/turkish\/#\/schema\/person\/135e7923d1aeb8887890799619969a6c"},"breadcrumb":{"@id":"https:\/\/akunq.net\/turkish\/2013\/04\/27\/2015te-ermeni-halkinin-mucadelesi-sona-erir-diye-kimse-umit-beslemesin-2\/#breadcrumb"},"inLanguage":"en-US","potentialAction":[{"@type":"ReadAction","target":["https:\/\/akunq.net\/turkish\/2013\/04\/27\/2015te-ermeni-halkinin-mucadelesi-sona-erir-diye-kimse-umit-beslemesin-2\/"]}]},{"@type":"ImageObject","inLanguage":"en-US","@id":"https:\/\/akunq.net\/turkish\/2013\/04\/27\/2015te-ermeni-halkinin-mucadelesi-sona-erir-diye-kimse-umit-beslemesin-2\/#primaryimage","url":"http:\/\/akunq.net\/tr\/wp-content\/uploads\/2013\/04\/Nikolay-Hovhannisyan.jpg","contentUrl":"http:\/\/akunq.net\/tr\/wp-content\/uploads\/2013\/04\/Nikolay-Hovhannisyan.jpg"},{"@type":"BreadcrumbList","@id":"https:\/\/akunq.net\/turkish\/2013\/04\/27\/2015te-ermeni-halkinin-mucadelesi-sona-erir-diye-kimse-umit-beslemesin-2\/#breadcrumb","itemListElement":[{"@type":"ListItem","position":1,"name":"Home","item":"https:\/\/akunq.net\/turkish\/"},{"@type":"ListItem","position":2,"name":"2015\u2019te Ermeni halk\u0131n\u0131n m\u00fccadelesi sona erer diye kimse \u00fcmit beslemesin!"}]},{"@type":"WebSite","@id":"https:\/\/akunq.net\/turkish\/#website","url":"https:\/\/akunq.net\/turkish\/","name":"Bati Ermenistan Ve Bati Ermenileri Sorunlari Ara\u015ftirmalar Merkezi","description":"","potentialAction":[{"@type":"SearchAction","target":{"@type":"EntryPoint","urlTemplate":"https:\/\/akunq.net\/turkish\/?s={search_term_string}"},"query-input":{"@type":"PropertyValueSpecification","valueRequired":true,"valueName":"search_term_string"}}],"inLanguage":"en-US"},{"@type":"Person","@id":"https:\/\/akunq.net\/turkish\/#\/schema\/person\/135e7923d1aeb8887890799619969a6c","name":"kalem","image":{"@type":"ImageObject","inLanguage":"en-US","@id":"https:\/\/secure.gravatar.com\/avatar\/a06875e4b25feb5674296adf8e8a7ae1e587cebce2493fe63c456109967e27d3?s=96&d=mm&r=g","url":"https:\/\/secure.gravatar.com\/avatar\/a06875e4b25feb5674296adf8e8a7ae1e587cebce2493fe63c456109967e27d3?s=96&d=mm&r=g","contentUrl":"https:\/\/secure.gravatar.com\/avatar\/a06875e4b25feb5674296adf8e8a7ae1e587cebce2493fe63c456109967e27d3?s=96&d=mm&r=g","caption":"kalem"},"url":"https:\/\/akunq.net\/turkish\/author\/kalem\/"}]}},"_links":{"self":[{"href":"https:\/\/akunq.net\/turkish\/wp-json\/wp\/v2\/posts\/23145","targetHints":{"allow":["GET"]}}],"collection":[{"href":"https:\/\/akunq.net\/turkish\/wp-json\/wp\/v2\/posts"}],"about":[{"href":"https:\/\/akunq.net\/turkish\/wp-json\/wp\/v2\/types\/post"}],"author":[{"embeddable":true,"href":"https:\/\/akunq.net\/turkish\/wp-json\/wp\/v2\/users\/3"}],"replies":[{"embeddable":true,"href":"https:\/\/akunq.net\/turkish\/wp-json\/wp\/v2\/comments?post=23145"}],"version-history":[{"count":0,"href":"https:\/\/akunq.net\/turkish\/wp-json\/wp\/v2\/posts\/23145\/revisions"}],"wp:attachment":[{"href":"https:\/\/akunq.net\/turkish\/wp-json\/wp\/v2\/media?parent=23145"}],"wp:term":[{"taxonomy":"category","embeddable":true,"href":"https:\/\/akunq.net\/turkish\/wp-json\/wp\/v2\/categories?post=23145"},{"taxonomy":"post_tag","embeddable":true,"href":"https:\/\/akunq.net\/turkish\/wp-json\/wp\/v2\/tags?post=23145"}],"curies":[{"name":"wp","href":"https:\/\/api.w.org\/{rel}","templated":true}]}}