{"id":23057,"date":"2013-04-25T03:13:16","date_gmt":"2013-04-25T08:13:16","guid":{"rendered":"http:\/\/akunq.net\/tr\/?p=23057"},"modified":"2013-04-25T03:13:16","modified_gmt":"2013-04-25T08:13:16","slug":"diyarbakir-ermenileri-dicle-nehrinde-ciceklerle-anildi","status":"publish","type":"post","link":"https:\/\/akunq.net\/turkish\/2013\/04\/25\/diyarbakir-ermenileri-dicle-nehrinde-ciceklerle-anildi\/","title":{"rendered":"Diyarbak\u0131r Ermenileri Dicle Nehri&#8217;nde \u00c7i\u00e7eklerle An\u0131ld\u0131"},"content":{"rendered":"<p style=\"text-align: justify\"><b><i><a href=\"http:\/\/akunq.net\/tr\/?attachment_id=23058\" rel=\"attachment wp-att-23058\"><img loading=\"lazy\" decoding=\"async\" class=\"alignright size-medium wp-image-23058\" alt=\"Tehcirin Y\u0131ld\u00f6n\u00fcm\u00fcnde Diyarbak\u0131r Ermenileri\" src=\"http:\/\/akunq.net\/tr\/wp-content\/uploads\/2013\/04\/Tehcirin-Y\u0131ld\u00f6n\u00fcm\u00fcnde-Diyarbak\u0131r-Ermenileri-300x155.jpg\" width=\"300\" height=\"155\" \/><\/a>&#8220;Tehcirin Y\u0131ld\u00f6n\u00fcm\u00fcnde Diyarbak\u0131r Ermenileri\u201d konferans\u0131ndan sonra Ara Sarafian ve kat\u0131l\u0131mc\u0131lar On G\u00f6zl\u00fc K\u00f6pr\u00fc \u00fczerinden 635 Diyarbak\u0131rl\u0131 Ermeninin keleklere bindirildi\u011fi noktada Dicle Nehri\u2019ne \u00e7i\u00e7ek b\u0131rakt\u0131.<\/i><\/b><\/p>\n<p style=\"text-align: justify\">Diyarbak\u0131r Barosu\u2019nun ev sahipli\u011finde, B\u00fcy\u00fck\u015fehir Belediyesi\u2019nin de katk\u0131lar\u0131yla Gomidas Enst\u00fct\u00fcs\u00fc Direkt\u00f6r\u00fc ve Mavi Kitap\u2019\u0131n edit\u00f6r\u00fc tarih\u00e7i yazar Ara Sarafian, \u201cTehcirin Y\u0131ld\u00f6n\u00fcm\u00fcnde Diyarbak\u0131r Ermenileri\u201d ad\u0131yla katliam\u0131n\u0131n 98\u2019inci y\u0131ld\u00f6n\u00fcm\u00fcnde bir konferans verdi.<\/p>\n<p style=\"text-align: justify\">Konferans\u0131n ard\u0131ndan Ara Sarafian, Baro Ba\u015fkan\u0131 Tahir El\u00e7i, \u0130HD Diyarbak\u0131r \u015eube Ba\u015fkan\u0131 Raci Bilici ile konferans kat\u0131l\u0131mc\u0131s\u0131 yazar ve ayd\u0131nlar On G\u00f6zl\u00fc K\u00f6pr\u00fc \u00fczerinden 635 Diyarbak\u0131rl\u0131 Ermeninin keleklere bindirildi\u011fi noktada Dicle Nehri\u2019ne \u00e7i\u00e7ek b\u0131rakt\u0131.<\/p>\n<p style=\"text-align: justify\">Bug\u00fcn Ermeni Soyk\u0131r\u0131m\u0131 ve S\u00fcryanilerin soyk\u0131r\u0131m\u0131 \u201cSeyfo\u201dnun an\u0131lmas\u0131 bar\u0131\u015fma s\u00fcrecinde \u00f6nemli bir ad\u0131m oldu\u011funu ifade eden Sarafian, \u201cKurbanlar\u0131n ac\u0131lar\u0131n\u0131 hafifletmeyi ve yaralar\u0131n\u0131 iyile\u015ftirmeyi hedefleyen bir bar\u0131\u015f ilan\u0131d\u0131r. Biz diyoruz ki, bu s\u00fcre\u00e7 devam etsin, bu topraklar\u0131n \u00e7ocuklar\u0131, K\u00fcrtler ve Ermeniler, T\u00fcrkler ve S\u00fcryaniler, Araplar ve Yezidiler, M\u00fcsl\u00fcmanlar ve Hristiyanlar korkusuzca, bar\u0131\u015f ve uyum i\u00e7inde ya\u015fas\u0131n\u201d \u015feklinde konu\u015ftu.<\/p>\n<p style=\"text-align: justify\"><b>El\u00e7i: Ermeni hakikat\u0131, y\u00fczle\u015fme i\u00e7in \u00e7ok \u00f6nemli<\/b><\/p>\n<p style=\"text-align: justify\">Diyarbak\u0131r Barosu Ba\u015fkan\u0131 Tahir El\u00e7i, \u201cK\u00fcrt toplumu olarak karde\u015f Ermeni halk\u0131n\u0131n bu b\u00fcy\u00fck ac\u0131s\u0131n\u0131 payla\u015f\u0131yoruz\u201d dedi.<\/p>\n<p style=\"text-align: justify\">El\u00e7i, \u201cHepimizin okudu\u011fumuz veya b\u00fcy\u00fcklerimizden duydu\u011fumuz Ermenilere yap\u0131lan utan\u00e7 verici bir hikayesi vard\u0131r. Ge\u00e7mi\u015fle y\u00fczle\u015fmede \u2018Ermeni hakikatinin\u2019 \u00e7ok kilit bir mesele oldu\u011funu d\u00fc\u015f\u00fcn\u00fcyorum. Bu hakikatin t\u00fcm \u00e7\u0131plakl\u0131\u011f\u0131yla ortaya \u00e7\u0131kmas\u0131na herkesin katk\u0131 sunmas\u0131 gerekiyor. Ermeni halk\u0131n\u0131n ac\u0131s\u0131n\u0131 payla\u015f\u0131yor, soyk\u0131r\u0131m su\u00e7unu lanetliyor, hakikat ile y\u00fczle\u015fildi\u011fi ve adaletin ger\u00e7ekle\u015fti\u011fi bir d\u00fcnya diliyorum\u201d dedi.<\/p>\n<p style=\"text-align: justify\"><b>Sarafian, katliam\u0131n do\u011fuda nas\u0131l ger\u00e7ekle\u015fti\u011fini anlatt\u0131<\/b><\/p>\n<p style=\"text-align: justify\">Merkezi Londra\u2019da bulunan Gomidas Enstit\u00fcs\u00fc Direkt\u00f6r\u00fc tarih\u00e7i yazar Ara Sarafian Diyarbak\u0131r Ermenileri hakk\u0131nda tarihi bilgi ve belgeleri payla\u015ft\u0131.<\/p>\n<p style=\"text-align: justify\">Ermenilerin Osmanl\u0131 \u0130mparatorlu\u011fu\u2019nda ya\u015fayan en b\u00fcy\u00fck topluluklardan birini olu\u015fturdu\u011funu 1914\u2019te n\u00fcfuslar\u0131n\u0131n 2 milyon civar\u0131nda oldu\u011funu belirten Sarafian, \u00e7o\u011funlu\u011fu K\u00fcrtlerin olu\u015fturdu\u011fu Diyarbekir vilayetinde 80 bin civar\u0131nda Ermeni ya\u015fad\u0131\u011f\u0131n\u0131 s\u00f6yledi.<\/p>\n<p style=\"text-align: justify\">\u201cSoyk\u0131r\u0131m\u0131n ideolojik amac\u0131 \u0130mparatorlu\u011fun \u0130slamla\u015ft\u0131r\u0131lmas\u0131 ve T\u00fcrkle\u015ftirilmesiydi\u201d diyen Sarafian, imha s\u00fcrecinin \u00f6zellikle do\u011fu vilayetlerinde \u00e7ok kanl\u0131 oldu\u011funu ve bunlardan birinin de Diyarbak\u0131r oldu\u011funu anlatt\u0131.<\/p>\n<p style=\"text-align: justify\">Sarafian bu s\u00fcrecin belli ba\u015fl\u0131 a\u015famalar\u0131n\u0131 \u015f\u00f6yle \u00f6zetledi:<\/p>\n<p style=\"text-align: justify\">\u201cOsmanl\u0131 ordusundaki Ermeni askerlerin silahlar\u0131 ellerinden al\u0131nd\u0131. Bunlardan \u2018amele taburlar\u0131\u2019 olu\u015fturuldu. Kimisi hemen orac\u0131kta katledildi, kimisi de insanl\u0131k d\u0131\u015f\u0131 ko\u015fullarda \u00e7al\u0131\u015fma sonucunda \u00f6ld\u00fc. Ermeniler \u2018hain\u2019 olarak damgaland\u0131. B\u00f6ylece M\u00fcsl\u00fcman kom\u015fular\u0131n\u0131n onlara sahip \u00e7\u0131kmas\u0131 engellenmi\u015f, \u2018tehcir\u2019lerine bir gerek\u00e7e bulunmu\u015f oluyordu. Ermeni toplumunun ileri gelenleri tutukland\u0131 ve \u00f6ld\u00fcr\u00fcld\u00fc. Geri kalan Ermeni halk, ad\u0131na \u2018tehcir\u2019 denilen s\u00fcrg\u00fcn ve yeniden iskan program\u0131na tabi tutuldu. Asl\u0131nda bu program\u0131n amac\u0131, kafilelerin bir k\u0131sm\u0131n\u0131 insanl\u0131k d\u0131\u015f\u0131 ko\u015fullarda yava\u015f bir \u00f6l\u00fcme g\u00f6ndermek, bir k\u0131sm\u0131n\u0131 da do\u011frudan katliamlarla imha etmekti. Kad\u0131n ve \u00e7ocuklar M\u00fcsl\u00fcman aileler i\u00e7inde asimile oldular.\u201d<\/p>\n<p style=\"text-align: justify\">Diyarbak\u0131r\u2019da Ermeni soyk\u0131r\u0131m\u0131n\u0131n mimar\u0131 vali Dr. Mehmet Re\u015fit oldu\u011funu ve \u0130ttihat ve Terakki Partisi \u00fcyesi olan Re\u015fit\u2019in Mart 1915\u2019te Valili\u011fe getirildi\u011fini belirten Sarafian, \u201cYerel i\u015fbirlik\u00e7ileriyle, kendi adamlar\u0131n\u0131n kontrol\u00fcnde bir milis g\u00fcc\u00fc olu\u015fturdu. Katliamlar\u0131 ger\u00e7ekle\u015ftiren bu gruplara yerel Ermeni halk \u2018Kasap Taburlar\u0131\u2019 ad\u0131n\u0131 vermi\u015fti. Katliamlar bunlar\u0131n eliyle yap\u0131ld\u0131. En \u00f6nemli destek\u00e7ilerinden birisi de Mektup\u00e7u Bedreddin Bey\u2019di. Bu ki\u015fi daha sonra Mardin Mutasarr\u0131fl\u0131\u011f\u0131na getirildi ve benzer katliamlar\u0131 Mardin\u2019de ger\u00e7ekle\u015ftirdi\u201d diye konu\u015ftu.<\/p>\n<p style=\"text-align: justify\">Diyarbak\u0131r\u2019daki Ermeni din insanlar\u0131 ve ileri gelenlerinin \u00e7o\u011funun \u00fczere Nisan 2015\u2019te tutukland\u0131\u011f\u0131n\u0131 anlatan Sarafian, buradaki katliamlar\u0131 \u015f\u00f6yle anlatt\u0131:<\/p>\n<p style=\"text-align: justify\">\u201cKatliamlar, May\u0131s 1915 sonunda ba\u015flad\u0131. 635 ki\u015fi, Musul\u2019a g\u00f6nderilecekleri s\u00f6ylenerek Dicle \u00fczerinde keleklere bindirildi. Ba\u015flar\u0131nda muhaf\u0131zlar vard\u0131. \u015eefka, bug\u00fcnk\u00fc ad\u0131yla Su\u00e7eken k\u00f6y\u00fcne geldiklerinde keleklerden indirildiler ve \u00f6ld\u00fcr\u00fcld\u00fcler. Diyarbekirli rahip M\u0131rg\u0131rdi\u00e7 \u00c7ilgadyan Diyarbekir zindan\u0131nda i\u015fkenceyle \u00f6ld\u00fcr\u00fcld\u00fc. Geri kalan Ermeni n\u00fcfus, \u00e7ok say\u0131da S\u00fcryani ile birlikte Temmuz 1915\u2019den itibaren kafileler halinde tehcir yollar\u0131na \u00e7\u0131kar\u0131ld\u0131. Bunlardan bir k\u0131sm\u0131 \u015fehrin d\u0131\u015f mahallelerinde, bir k\u0131sm\u0131 daha sonra, Res-ul-Ayn\u2019da ve Der Zor\u2019da \u00f6ld\u00fcr\u00fcld\u00fc. Ermeni Katolik rahip Andreas \u00c7elebiyan ve Protestanlar\u0131n dini lideri Rahip Hagop iki ayr\u0131 kafilede s\u00fcrg\u00fcn s\u0131ras\u0131nda \u00f6ld\u00fcr\u00fcld\u00fcler. \u015eehirde yaln\u0131zca 1.200 Ermeni kald\u0131. Bunlar\u0131n \u00e7o\u011fu, yapt\u0131klar\u0131 i\u015fler nedeniyle \u015fehrin ihtiya\u00e7 duydu\u011fu zanaatk\u00e2rlard\u0131.\u00a0 Baz\u0131 Ermeniler M\u00fcsl\u00fcmanl\u0131\u011f\u0131 kabul ettikleri i\u00e7in hayatta kald\u0131lar. Bir k\u0131s\u0131m kad\u0131n ve \u00e7ocuklar da M\u00fcsl\u00fcman aileler taraf\u0131ndan al\u0131narak asimile oldular.\u201d<\/p>\n<p style=\"text-align: justify\"><b>\u201c1917\u2019de Diyarbak\u0131r Ermenilerinin y\u00fczde 97\u2019si yoktu\u201d<\/b><\/p>\n<p style=\"text-align: justify\">Sarafian, 1914 Osmanl\u0131 n\u00fcfus say\u0131mlar\u0131nda 122 olan Ermeni rahibin 1919\u2019da 115\u2019inin hayatta olmad\u0131\u011f\u0131 rakam\u0131na ula\u015ft\u0131klar\u0131n\u0131 ve Ermeni din adamlar\u0131n\u0131n y\u00fczde 90\u2019\u0131n\u0131n \u00f6ld\u00fcr\u00fcld\u00fc\u011f\u00fcn\u00fc s\u00f6yledi.<\/p>\n<p style=\"text-align: justify\">\u201c1914 y\u0131l\u0131nda resmi Osmanl\u0131 n\u00fcfus say\u0131m\u0131 rakamlar\u0131 \u0130mparatorluk topraklar\u0131nda 1 milyon 600 bin Ermeni\u2019nin ya\u015fad\u0131\u011f\u0131n\u0131 g\u00f6steriyordu. Talat Pa\u015fa ise kendi raporunda bunlardan 1 milyon 200 bininin 1917 y\u0131l\u0131na gelindi\u011finde yok oldu\u011funu a\u00e7\u0131k\u00e7a yaz\u0131yor.\u00a0 Ayr\u0131ca 200 bin Ermeni\u2019nin de tehcir ettirildi\u011fini, yani kendi k\u00f6y ve kasabalar\u0131ndan farkl\u0131 yerlerde ya\u015fad\u0131klar\u0131n\u0131 ortaya koyuyor\u201d.<\/p>\n<p style=\"text-align: justify\">Diyarbak\u0131r Vilayetinde, resmi Osmanl\u0131 rakamlar\u0131na g\u00f6re 56 bin 166 Ermeni ya\u015fad\u0131\u011f\u0131n\u0131 1917\u2019ye gelindi\u011finde Vilayet\u2019te hemen hi\u00e7 Ermeni kalmad\u0131\u011f\u0131n\u0131 ancak 1.849 Diyarbekir Ermenisi\u2019nin kay\u0131tlar\u0131na ba\u015fka vilayetlerde rastlad\u0131klar\u0131n\u0131 anlatan Sarafian \u201cBunlardan 796\u2019s\u0131 Halep\u2019te, 598\u2019i Suriye\u2019de, 177\u2019de Beyrut\u2019ta ve 144\u2019\u00fc Adana\u2019dayd\u0131. Bunlar Talat Pa\u015fa\u2019n\u0131n kendi rakamlar\u0131. Buna g\u00f6re Diyarbekir Vilayeti\u2019nde ya\u015fayan Ermenilerin y\u00fczde 97\u2019si 1917 ortalar\u0131na gelindi\u011finde art\u0131k yoktu\u201d dedi.<\/p>\n<p style=\"text-align: justify\">Sarafian soyk\u0131r\u0131m\u0131n tan\u0131nmas\u0131n\u0131n yaralar\u0131n sar\u0131lmas\u0131n\u0131 ve ger\u00e7ek bir bar\u0131\u015fmay\u0131 m\u00fcmk\u00fcn k\u0131labilece\u011fini belirterek bu gibi bulu\u015fmalar\u0131n yap\u0131c\u0131 bir diyaloga ve ge\u00e7mi\u015fin yanl\u0131\u015flar\u0131ndan ar\u0131nma yolunda somut ad\u0131mlara yol a\u00e7aca\u011f\u0131na inand\u0131\u011f\u0131n\u0131 s\u00f6yledi.<\/p>\n<p style=\"text-align: justify\"><b><i>http:\/\/www.bianet.org\/bianet\/toplum\/146090-diyarbakir-ermenileri-dicle-nehri-nde-ciceklerle-anildi<\/i><\/b><\/p>\n","protected":false},"excerpt":{"rendered":"<p>&#8220;Tehcirin Y\u0131ld\u00f6n\u00fcm\u00fcnde Diyarbak\u0131r Ermenileri\u201d konferans\u0131ndan sonra Ara Sarafian ve kat\u0131l\u0131mc\u0131lar On G\u00f6zl\u00fc K\u00f6pr\u00fc \u00fczerinden 635 Diyarbak\u0131rl\u0131 Ermeninin keleklere bindirildi\u011fi noktada Dicle Nehri\u2019ne \u00e7i\u00e7ek b\u0131rakt\u0131. Diyarbak\u0131r Barosu\u2019nun ev sahipli\u011finde, B\u00fcy\u00fck\u015fehir Belediyesi\u2019nin de katk\u0131lar\u0131yla Gomidas Enst\u00fct\u00fcs\u00fc Direkt\u00f6r\u00fc ve Mavi Kitap\u2019\u0131n edit\u00f6r\u00fc tarih\u00e7i yazar Ara Sarafian, \u201cTehcirin Y\u0131ld\u00f6n\u00fcm\u00fcnde Diyarbak\u0131r Ermenileri\u201d ad\u0131yla katliam\u0131n\u0131n 98\u2019inci y\u0131ld\u00f6n\u00fcm\u00fcnde bir konferans verdi. Konferans\u0131n [&hellip;]<\/p>\n","protected":false},"author":3,"featured_media":0,"comment_status":"open","ping_status":"open","sticky":false,"template":"","format":"standard","meta":{"footnotes":""},"categories":[6,14,39],"tags":[],"class_list":["post-23057","post","type-post","status-publish","format-standard","hentry","category-ermeni-soykirimi","category-haberler","category-tartismalar"],"yoast_head":"<!-- This site is optimized with the Yoast SEO plugin v27.4 - https:\/\/yoast.com\/product\/yoast-seo-wordpress\/ -->\n<title>Diyarbak\u0131r Ermenileri Dicle Nehri&#039;nde \u00c7i\u00e7eklerle An\u0131ld\u0131 - Bati Ermenistan Ve Bati Ermenileri Sorunlari Ara\u015ftirmalar Merkezi<\/title>\n<meta name=\"robots\" content=\"index, follow, max-snippet:-1, max-image-preview:large, max-video-preview:-1\" \/>\n<link rel=\"canonical\" href=\"https:\/\/akunq.net\/turkish\/2013\/04\/25\/diyarbakir-ermenileri-dicle-nehrinde-ciceklerle-anildi\/\" \/>\n<meta property=\"og:locale\" content=\"en_US\" \/>\n<meta property=\"og:type\" content=\"article\" \/>\n<meta property=\"og:title\" content=\"Diyarbak\u0131r Ermenileri Dicle Nehri&#039;nde \u00c7i\u00e7eklerle An\u0131ld\u0131 - Bati Ermenistan Ve Bati Ermenileri Sorunlari Ara\u015ftirmalar Merkezi\" \/>\n<meta property=\"og:description\" content=\"&#8220;Tehcirin Y\u0131ld\u00f6n\u00fcm\u00fcnde Diyarbak\u0131r Ermenileri\u201d konferans\u0131ndan sonra Ara Sarafian ve kat\u0131l\u0131mc\u0131lar On G\u00f6zl\u00fc K\u00f6pr\u00fc \u00fczerinden 635 Diyarbak\u0131rl\u0131 Ermeninin keleklere bindirildi\u011fi noktada Dicle Nehri\u2019ne \u00e7i\u00e7ek b\u0131rakt\u0131. Diyarbak\u0131r Barosu\u2019nun ev sahipli\u011finde, B\u00fcy\u00fck\u015fehir Belediyesi\u2019nin de katk\u0131lar\u0131yla Gomidas Enst\u00fct\u00fcs\u00fc Direkt\u00f6r\u00fc ve Mavi Kitap\u2019\u0131n edit\u00f6r\u00fc tarih\u00e7i yazar Ara Sarafian, \u201cTehcirin Y\u0131ld\u00f6n\u00fcm\u00fcnde Diyarbak\u0131r Ermenileri\u201d ad\u0131yla katliam\u0131n\u0131n 98\u2019inci y\u0131ld\u00f6n\u00fcm\u00fcnde bir konferans verdi. Konferans\u0131n [&hellip;]\" \/>\n<meta property=\"og:url\" content=\"https:\/\/akunq.net\/turkish\/2013\/04\/25\/diyarbakir-ermenileri-dicle-nehrinde-ciceklerle-anildi\/\" \/>\n<meta property=\"og:site_name\" content=\"Bati Ermenistan Ve Bati Ermenileri Sorunlari Ara\u015ftirmalar Merkezi\" \/>\n<meta property=\"article:published_time\" content=\"2013-04-25T08:13:16+00:00\" \/>\n<meta name=\"author\" content=\"kalem\" \/>\n<meta name=\"twitter:card\" content=\"summary_large_image\" \/>\n<meta name=\"twitter:label1\" content=\"Written by\" \/>\n\t<meta name=\"twitter:data1\" content=\"kalem\" \/>\n\t<meta name=\"twitter:label2\" content=\"Est. reading time\" \/>\n\t<meta name=\"twitter:data2\" content=\"6 minutes\" \/>\n<script type=\"application\/ld+json\" class=\"yoast-schema-graph\">{\"@context\":\"https:\\\/\\\/schema.org\",\"@graph\":[{\"@type\":\"Article\",\"@id\":\"https:\\\/\\\/akunq.net\\\/turkish\\\/2013\\\/04\\\/25\\\/diyarbakir-ermenileri-dicle-nehrinde-ciceklerle-anildi\\\/#article\",\"isPartOf\":{\"@id\":\"https:\\\/\\\/akunq.net\\\/turkish\\\/2013\\\/04\\\/25\\\/diyarbakir-ermenileri-dicle-nehrinde-ciceklerle-anildi\\\/\"},\"author\":{\"name\":\"kalem\",\"@id\":\"https:\\\/\\\/akunq.net\\\/turkish\\\/#\\\/schema\\\/person\\\/135e7923d1aeb8887890799619969a6c\"},\"headline\":\"Diyarbak\u0131r Ermenileri Dicle Nehri&#8217;nde \u00c7i\u00e7eklerle An\u0131ld\u0131\",\"datePublished\":\"2013-04-25T08:13:16+00:00\",\"mainEntityOfPage\":{\"@id\":\"https:\\\/\\\/akunq.net\\\/turkish\\\/2013\\\/04\\\/25\\\/diyarbakir-ermenileri-dicle-nehrinde-ciceklerle-anildi\\\/\"},\"wordCount\":1177,\"commentCount\":0,\"articleSection\":[\"Ermeni Soyk\u0131r\u0131m\u0131\",\"Haberler\",\"Tart\u0131\u015fmalar\"],\"inLanguage\":\"en-US\",\"potentialAction\":[{\"@type\":\"CommentAction\",\"name\":\"Comment\",\"target\":[\"https:\\\/\\\/akunq.net\\\/turkish\\\/2013\\\/04\\\/25\\\/diyarbakir-ermenileri-dicle-nehrinde-ciceklerle-anildi\\\/#respond\"]}]},{\"@type\":\"WebPage\",\"@id\":\"https:\\\/\\\/akunq.net\\\/turkish\\\/2013\\\/04\\\/25\\\/diyarbakir-ermenileri-dicle-nehrinde-ciceklerle-anildi\\\/\",\"url\":\"https:\\\/\\\/akunq.net\\\/turkish\\\/2013\\\/04\\\/25\\\/diyarbakir-ermenileri-dicle-nehrinde-ciceklerle-anildi\\\/\",\"name\":\"Diyarbak\u0131r Ermenileri Dicle Nehri'nde \u00c7i\u00e7eklerle An\u0131ld\u0131 - Bati Ermenistan Ve Bati Ermenileri Sorunlari Ara\u015ftirmalar Merkezi\",\"isPartOf\":{\"@id\":\"https:\\\/\\\/akunq.net\\\/turkish\\\/#website\"},\"datePublished\":\"2013-04-25T08:13:16+00:00\",\"author\":{\"@id\":\"https:\\\/\\\/akunq.net\\\/turkish\\\/#\\\/schema\\\/person\\\/135e7923d1aeb8887890799619969a6c\"},\"breadcrumb\":{\"@id\":\"https:\\\/\\\/akunq.net\\\/turkish\\\/2013\\\/04\\\/25\\\/diyarbakir-ermenileri-dicle-nehrinde-ciceklerle-anildi\\\/#breadcrumb\"},\"inLanguage\":\"en-US\",\"potentialAction\":[{\"@type\":\"ReadAction\",\"target\":[\"https:\\\/\\\/akunq.net\\\/turkish\\\/2013\\\/04\\\/25\\\/diyarbakir-ermenileri-dicle-nehrinde-ciceklerle-anildi\\\/\"]}]},{\"@type\":\"BreadcrumbList\",\"@id\":\"https:\\\/\\\/akunq.net\\\/turkish\\\/2013\\\/04\\\/25\\\/diyarbakir-ermenileri-dicle-nehrinde-ciceklerle-anildi\\\/#breadcrumb\",\"itemListElement\":[{\"@type\":\"ListItem\",\"position\":1,\"name\":\"Home\",\"item\":\"https:\\\/\\\/akunq.net\\\/turkish\\\/\"},{\"@type\":\"ListItem\",\"position\":2,\"name\":\"Diyarbak\u0131r Ermenileri Dicle Nehri&#8217;nde \u00c7i\u00e7eklerle An\u0131ld\u0131\"}]},{\"@type\":\"WebSite\",\"@id\":\"https:\\\/\\\/akunq.net\\\/turkish\\\/#website\",\"url\":\"https:\\\/\\\/akunq.net\\\/turkish\\\/\",\"name\":\"Bati Ermenistan Ve Bati Ermenileri Sorunlari Ara\u015ftirmalar Merkezi\",\"description\":\"\",\"potentialAction\":[{\"@type\":\"SearchAction\",\"target\":{\"@type\":\"EntryPoint\",\"urlTemplate\":\"https:\\\/\\\/akunq.net\\\/turkish\\\/?s={search_term_string}\"},\"query-input\":{\"@type\":\"PropertyValueSpecification\",\"valueRequired\":true,\"valueName\":\"search_term_string\"}}],\"inLanguage\":\"en-US\"},{\"@type\":\"Person\",\"@id\":\"https:\\\/\\\/akunq.net\\\/turkish\\\/#\\\/schema\\\/person\\\/135e7923d1aeb8887890799619969a6c\",\"name\":\"kalem\",\"image\":{\"@type\":\"ImageObject\",\"inLanguage\":\"en-US\",\"@id\":\"https:\\\/\\\/secure.gravatar.com\\\/avatar\\\/a06875e4b25feb5674296adf8e8a7ae1e587cebce2493fe63c456109967e27d3?s=96&d=mm&r=g\",\"url\":\"https:\\\/\\\/secure.gravatar.com\\\/avatar\\\/a06875e4b25feb5674296adf8e8a7ae1e587cebce2493fe63c456109967e27d3?s=96&d=mm&r=g\",\"contentUrl\":\"https:\\\/\\\/secure.gravatar.com\\\/avatar\\\/a06875e4b25feb5674296adf8e8a7ae1e587cebce2493fe63c456109967e27d3?s=96&d=mm&r=g\",\"caption\":\"kalem\"},\"url\":\"https:\\\/\\\/akunq.net\\\/turkish\\\/author\\\/kalem\\\/\"}]}<\/script>\n<!-- \/ Yoast SEO plugin. -->","yoast_head_json":{"title":"Diyarbak\u0131r Ermenileri Dicle Nehri'nde \u00c7i\u00e7eklerle An\u0131ld\u0131 - Bati Ermenistan Ve Bati Ermenileri Sorunlari Ara\u015ftirmalar Merkezi","robots":{"index":"index","follow":"follow","max-snippet":"max-snippet:-1","max-image-preview":"max-image-preview:large","max-video-preview":"max-video-preview:-1"},"canonical":"https:\/\/akunq.net\/turkish\/2013\/04\/25\/diyarbakir-ermenileri-dicle-nehrinde-ciceklerle-anildi\/","og_locale":"en_US","og_type":"article","og_title":"Diyarbak\u0131r Ermenileri Dicle Nehri'nde \u00c7i\u00e7eklerle An\u0131ld\u0131 - Bati Ermenistan Ve Bati Ermenileri Sorunlari Ara\u015ftirmalar Merkezi","og_description":"&#8220;Tehcirin Y\u0131ld\u00f6n\u00fcm\u00fcnde Diyarbak\u0131r Ermenileri\u201d konferans\u0131ndan sonra Ara Sarafian ve kat\u0131l\u0131mc\u0131lar On G\u00f6zl\u00fc K\u00f6pr\u00fc \u00fczerinden 635 Diyarbak\u0131rl\u0131 Ermeninin keleklere bindirildi\u011fi noktada Dicle Nehri\u2019ne \u00e7i\u00e7ek b\u0131rakt\u0131. Diyarbak\u0131r Barosu\u2019nun ev sahipli\u011finde, B\u00fcy\u00fck\u015fehir Belediyesi\u2019nin de katk\u0131lar\u0131yla Gomidas Enst\u00fct\u00fcs\u00fc Direkt\u00f6r\u00fc ve Mavi Kitap\u2019\u0131n edit\u00f6r\u00fc tarih\u00e7i yazar Ara Sarafian, \u201cTehcirin Y\u0131ld\u00f6n\u00fcm\u00fcnde Diyarbak\u0131r Ermenileri\u201d ad\u0131yla katliam\u0131n\u0131n 98\u2019inci y\u0131ld\u00f6n\u00fcm\u00fcnde bir konferans verdi. Konferans\u0131n [&hellip;]","og_url":"https:\/\/akunq.net\/turkish\/2013\/04\/25\/diyarbakir-ermenileri-dicle-nehrinde-ciceklerle-anildi\/","og_site_name":"Bati Ermenistan Ve Bati Ermenileri Sorunlari Ara\u015ftirmalar Merkezi","article_published_time":"2013-04-25T08:13:16+00:00","author":"kalem","twitter_card":"summary_large_image","twitter_misc":{"Written by":"kalem","Est. reading time":"6 minutes"},"schema":{"@context":"https:\/\/schema.org","@graph":[{"@type":"Article","@id":"https:\/\/akunq.net\/turkish\/2013\/04\/25\/diyarbakir-ermenileri-dicle-nehrinde-ciceklerle-anildi\/#article","isPartOf":{"@id":"https:\/\/akunq.net\/turkish\/2013\/04\/25\/diyarbakir-ermenileri-dicle-nehrinde-ciceklerle-anildi\/"},"author":{"name":"kalem","@id":"https:\/\/akunq.net\/turkish\/#\/schema\/person\/135e7923d1aeb8887890799619969a6c"},"headline":"Diyarbak\u0131r Ermenileri Dicle Nehri&#8217;nde \u00c7i\u00e7eklerle An\u0131ld\u0131","datePublished":"2013-04-25T08:13:16+00:00","mainEntityOfPage":{"@id":"https:\/\/akunq.net\/turkish\/2013\/04\/25\/diyarbakir-ermenileri-dicle-nehrinde-ciceklerle-anildi\/"},"wordCount":1177,"commentCount":0,"articleSection":["Ermeni Soyk\u0131r\u0131m\u0131","Haberler","Tart\u0131\u015fmalar"],"inLanguage":"en-US","potentialAction":[{"@type":"CommentAction","name":"Comment","target":["https:\/\/akunq.net\/turkish\/2013\/04\/25\/diyarbakir-ermenileri-dicle-nehrinde-ciceklerle-anildi\/#respond"]}]},{"@type":"WebPage","@id":"https:\/\/akunq.net\/turkish\/2013\/04\/25\/diyarbakir-ermenileri-dicle-nehrinde-ciceklerle-anildi\/","url":"https:\/\/akunq.net\/turkish\/2013\/04\/25\/diyarbakir-ermenileri-dicle-nehrinde-ciceklerle-anildi\/","name":"Diyarbak\u0131r Ermenileri Dicle Nehri'nde \u00c7i\u00e7eklerle An\u0131ld\u0131 - Bati Ermenistan Ve Bati Ermenileri Sorunlari Ara\u015ftirmalar Merkezi","isPartOf":{"@id":"https:\/\/akunq.net\/turkish\/#website"},"datePublished":"2013-04-25T08:13:16+00:00","author":{"@id":"https:\/\/akunq.net\/turkish\/#\/schema\/person\/135e7923d1aeb8887890799619969a6c"},"breadcrumb":{"@id":"https:\/\/akunq.net\/turkish\/2013\/04\/25\/diyarbakir-ermenileri-dicle-nehrinde-ciceklerle-anildi\/#breadcrumb"},"inLanguage":"en-US","potentialAction":[{"@type":"ReadAction","target":["https:\/\/akunq.net\/turkish\/2013\/04\/25\/diyarbakir-ermenileri-dicle-nehrinde-ciceklerle-anildi\/"]}]},{"@type":"BreadcrumbList","@id":"https:\/\/akunq.net\/turkish\/2013\/04\/25\/diyarbakir-ermenileri-dicle-nehrinde-ciceklerle-anildi\/#breadcrumb","itemListElement":[{"@type":"ListItem","position":1,"name":"Home","item":"https:\/\/akunq.net\/turkish\/"},{"@type":"ListItem","position":2,"name":"Diyarbak\u0131r Ermenileri Dicle Nehri&#8217;nde \u00c7i\u00e7eklerle An\u0131ld\u0131"}]},{"@type":"WebSite","@id":"https:\/\/akunq.net\/turkish\/#website","url":"https:\/\/akunq.net\/turkish\/","name":"Bati Ermenistan Ve Bati Ermenileri Sorunlari Ara\u015ftirmalar Merkezi","description":"","potentialAction":[{"@type":"SearchAction","target":{"@type":"EntryPoint","urlTemplate":"https:\/\/akunq.net\/turkish\/?s={search_term_string}"},"query-input":{"@type":"PropertyValueSpecification","valueRequired":true,"valueName":"search_term_string"}}],"inLanguage":"en-US"},{"@type":"Person","@id":"https:\/\/akunq.net\/turkish\/#\/schema\/person\/135e7923d1aeb8887890799619969a6c","name":"kalem","image":{"@type":"ImageObject","inLanguage":"en-US","@id":"https:\/\/secure.gravatar.com\/avatar\/a06875e4b25feb5674296adf8e8a7ae1e587cebce2493fe63c456109967e27d3?s=96&d=mm&r=g","url":"https:\/\/secure.gravatar.com\/avatar\/a06875e4b25feb5674296adf8e8a7ae1e587cebce2493fe63c456109967e27d3?s=96&d=mm&r=g","contentUrl":"https:\/\/secure.gravatar.com\/avatar\/a06875e4b25feb5674296adf8e8a7ae1e587cebce2493fe63c456109967e27d3?s=96&d=mm&r=g","caption":"kalem"},"url":"https:\/\/akunq.net\/turkish\/author\/kalem\/"}]}},"_links":{"self":[{"href":"https:\/\/akunq.net\/turkish\/wp-json\/wp\/v2\/posts\/23057","targetHints":{"allow":["GET"]}}],"collection":[{"href":"https:\/\/akunq.net\/turkish\/wp-json\/wp\/v2\/posts"}],"about":[{"href":"https:\/\/akunq.net\/turkish\/wp-json\/wp\/v2\/types\/post"}],"author":[{"embeddable":true,"href":"https:\/\/akunq.net\/turkish\/wp-json\/wp\/v2\/users\/3"}],"replies":[{"embeddable":true,"href":"https:\/\/akunq.net\/turkish\/wp-json\/wp\/v2\/comments?post=23057"}],"version-history":[{"count":0,"href":"https:\/\/akunq.net\/turkish\/wp-json\/wp\/v2\/posts\/23057\/revisions"}],"wp:attachment":[{"href":"https:\/\/akunq.net\/turkish\/wp-json\/wp\/v2\/media?parent=23057"}],"wp:term":[{"taxonomy":"category","embeddable":true,"href":"https:\/\/akunq.net\/turkish\/wp-json\/wp\/v2\/categories?post=23057"},{"taxonomy":"post_tag","embeddable":true,"href":"https:\/\/akunq.net\/turkish\/wp-json\/wp\/v2\/tags?post=23057"}],"curies":[{"name":"wp","href":"https:\/\/api.w.org\/{rel}","templated":true}]}}