{"id":2305,"date":"2010-10-12T00:23:41","date_gmt":"2010-10-12T05:23:41","guid":{"rendered":"http:\/\/akunq.net\/tr\/?p=2305"},"modified":"2010-10-12T00:23:41","modified_gmt":"2010-10-12T05:23:41","slug":"slovenya-cumhurbaskani-ermeni-soykirimi-muzesindeki-sergiden-etkilendi","status":"publish","type":"post","link":"https:\/\/akunq.net\/turkish\/2010\/10\/12\/slovenya-cumhurbaskani-ermeni-soykirimi-muzesindeki-sergiden-etkilendi\/","title":{"rendered":"Slovenya cumhurba\u015fkan\u0131, Ermeni Soyk\u0131r\u0131m\u0131 M\u00fczesi\u2019ndeki sergiden etkilendi"},"content":{"rendered":"<p style=\"text-align: justify\"><span style=\"color: #000000\"><a rel=\"attachment wp-att-2306\" href=\"http:\/\/akunq.net\/tr\/?attachment_id=2306\"><img loading=\"lazy\" decoding=\"async\" class=\"alignleft size-medium wp-image-2306\" title=\"Ermeni Soykirimi\" src=\"http:\/\/akunq.net\/tr\/wp-content\/uploads\/2010\/10\/Soykirim-300x213.jpg\" alt=\"\" width=\"300\" height=\"213\" srcset=\"https:\/\/akunq.net\/turkish\/wp-content\/uploads\/sites\/5\/2010\/10\/Soykirim-300x213.jpg 300w, https:\/\/akunq.net\/turkish\/wp-content\/uploads\/sites\/5\/2010\/10\/Soykirim.jpg 400w\" sizes=\"auto, (max-width: 300px) 100vw, 300px\" \/><\/a>Resmi bir ziyaretle Ermenistan\u2019da bulunan Slovenya devlet ba\u015fkan\u0131 Danilo T\u00fcrk bug\u00fcn Ermeni Soyk\u0131r\u0131m\u0131 Kurbanlar\u0131 An\u0131t Kompleksi Tsitsernakaberd\u2019i ziyaret etti, Soyk\u0131r\u0131m M\u00fcze-Enstit\u00fcs\u00fc\u2019n\u00fc gezdi.<\/span><\/p>\n<p style=\"text-align: justify\"><a href=\"http:\/\/news.am\/\"><span style=\"color: #000000\">NEWS.am<\/span><\/a><span style=\"color: #000000\"> muhabirine a\u00e7\u0131klamada bulunan Ermeni Soyk\u0131r\u0131m\u0131 M\u00fcze-Enstit\u00fcs\u00fc M\u00fcd\u00fcr\u00fc Hayk Demoyan \u2018Slovenya devlet ba\u015fkan\u0131 Ermeni Soyk\u0131r\u0131m\u0131 M\u00fczesi\u2019ndeki sergiden etkilendi ve bir\u00e7ok sorular sordu\u2019 dedi. Demoyan, konuk devlet ba\u015fkan\u0131n\u0131n An\u0131 bulvar\u0131\u2019na\u00a0 bir a\u011fa\u00e7 dikti\u011fini de belirtti.<\/span><\/p>\n<p style=\"text-align: justify\"><span style=\"color: #000000\">Ermenistan cumhurba\u015fkan\u0131 Serj Sarkisyan\u2019\u0131n davetlisi olan Slovenya cumhurba\u015fkan\u0131 Danilo T\u00fcrk ve e\u015fi Barbara Mikli\u010d T\u00fcrk resmi bir ziyaretle 10-12 Ekim tarihlerinde Ermenistan\u2019da bulunmaktalar.<\/span><\/p>\n<p style=\"text-align: justify\"><span style=\"color: #000000\">\u00a0<\/span><a href=\"http:\/\/news.am\/tur\/\"><strong><em><span style=\"color: #000000\">News from Armenia &#8211; NEWS.am<\/span><\/em><\/strong><\/a><strong><em><span style=\"color: #000000\"> <\/span><\/em><\/strong><\/p>\n<p style=\"text-align: justify\"><strong><em><span style=\"color: #000000\">Ekim 11, 2010 <\/span><\/em><\/strong><\/p>\n","protected":false},"excerpt":{"rendered":"<p>Resmi bir ziyaretle Ermenistan\u2019da bulunan Slovenya devlet ba\u015fkan\u0131 Danilo T\u00fcrk bug\u00fcn Ermeni Soyk\u0131r\u0131m\u0131 Kurbanlar\u0131 An\u0131t Kompleksi Tsitsernakaberd\u2019i ziyaret etti, Soyk\u0131r\u0131m M\u00fcze-Enstit\u00fcs\u00fc\u2019n\u00fc gezdi. NEWS.am muhabirine a\u00e7\u0131klamada bulunan Ermeni Soyk\u0131r\u0131m\u0131 M\u00fcze-Enstit\u00fcs\u00fc M\u00fcd\u00fcr\u00fc Hayk Demoyan \u2018Slovenya devlet ba\u015fkan\u0131 Ermeni Soyk\u0131r\u0131m\u0131 M\u00fczesi\u2019ndeki sergiden etkilendi ve bir\u00e7ok sorular sordu\u2019 dedi. Demoyan, konuk devlet ba\u015fkan\u0131n\u0131n An\u0131 bulvar\u0131\u2019na\u00a0 bir a\u011fa\u00e7 dikti\u011fini de [&hellip;]<\/p>\n","protected":false},"author":3,"featured_media":0,"comment_status":"open","ping_status":"open","sticky":false,"template":"","format":"standard","meta":{"footnotes":""},"categories":[14],"tags":[],"class_list":["post-2305","post","type-post","status-publish","format-standard","hentry","category-haberler"],"yoast_head":"<!-- This site is optimized with the Yoast SEO plugin v27.4 - https:\/\/yoast.com\/product\/yoast-seo-wordpress\/ -->\n<title>Slovenya cumhurba\u015fkan\u0131, Ermeni Soyk\u0131r\u0131m\u0131 M\u00fczesi\u2019ndeki sergiden etkilendi - Bati Ermenistan Ve Bati Ermenileri Sorunlari Ara\u015ftirmalar Merkezi<\/title>\n<meta name=\"robots\" content=\"index, follow, max-snippet:-1, max-image-preview:large, max-video-preview:-1\" \/>\n<link rel=\"canonical\" href=\"https:\/\/akunq.net\/turkish\/2010\/10\/12\/slovenya-cumhurbaskani-ermeni-soykirimi-muzesindeki-sergiden-etkilendi\/\" \/>\n<meta property=\"og:locale\" content=\"en_US\" \/>\n<meta property=\"og:type\" content=\"article\" \/>\n<meta property=\"og:title\" content=\"Slovenya cumhurba\u015fkan\u0131, Ermeni Soyk\u0131r\u0131m\u0131 M\u00fczesi\u2019ndeki sergiden etkilendi - Bati Ermenistan Ve Bati Ermenileri Sorunlari Ara\u015ftirmalar Merkezi\" \/>\n<meta property=\"og:description\" content=\"Resmi bir ziyaretle Ermenistan\u2019da bulunan Slovenya devlet ba\u015fkan\u0131 Danilo T\u00fcrk bug\u00fcn Ermeni Soyk\u0131r\u0131m\u0131 Kurbanlar\u0131 An\u0131t Kompleksi Tsitsernakaberd\u2019i ziyaret etti, Soyk\u0131r\u0131m M\u00fcze-Enstit\u00fcs\u00fc\u2019n\u00fc gezdi. NEWS.am muhabirine a\u00e7\u0131klamada bulunan Ermeni Soyk\u0131r\u0131m\u0131 M\u00fcze-Enstit\u00fcs\u00fc M\u00fcd\u00fcr\u00fc Hayk Demoyan \u2018Slovenya devlet ba\u015fkan\u0131 Ermeni Soyk\u0131r\u0131m\u0131 M\u00fczesi\u2019ndeki sergiden etkilendi ve bir\u00e7ok sorular sordu\u2019 dedi. Demoyan, konuk devlet ba\u015fkan\u0131n\u0131n An\u0131 bulvar\u0131\u2019na\u00a0 bir a\u011fa\u00e7 dikti\u011fini de [&hellip;]\" \/>\n<meta property=\"og:url\" content=\"https:\/\/akunq.net\/turkish\/2010\/10\/12\/slovenya-cumhurbaskani-ermeni-soykirimi-muzesindeki-sergiden-etkilendi\/\" \/>\n<meta property=\"og:site_name\" content=\"Bati Ermenistan Ve Bati Ermenileri Sorunlari Ara\u015ftirmalar Merkezi\" \/>\n<meta property=\"article:published_time\" content=\"2010-10-12T05:23:41+00:00\" \/>\n<meta property=\"og:image\" content=\"https:\/\/akunq.net\/turkish\/wp-content\/uploads\/sites\/5\/2010\/10\/Soykirim.jpg\" \/>\n\t<meta property=\"og:image:width\" content=\"400\" \/>\n\t<meta property=\"og:image:height\" content=\"284\" \/>\n\t<meta property=\"og:image:type\" content=\"image\/jpeg\" \/>\n<meta name=\"author\" content=\"kalem\" \/>\n<meta name=\"twitter:card\" content=\"summary_large_image\" \/>\n<meta name=\"twitter:label1\" content=\"Written by\" \/>\n\t<meta name=\"twitter:data1\" content=\"kalem\" \/>\n\t<meta name=\"twitter:label2\" content=\"Est. reading time\" \/>\n\t<meta name=\"twitter:data2\" content=\"1 minute\" \/>\n<script type=\"application\/ld+json\" class=\"yoast-schema-graph\">{\"@context\":\"https:\\\/\\\/schema.org\",\"@graph\":[{\"@type\":\"Article\",\"@id\":\"https:\\\/\\\/akunq.net\\\/turkish\\\/2010\\\/10\\\/12\\\/slovenya-cumhurbaskani-ermeni-soykirimi-muzesindeki-sergiden-etkilendi\\\/#article\",\"isPartOf\":{\"@id\":\"https:\\\/\\\/akunq.net\\\/turkish\\\/2010\\\/10\\\/12\\\/slovenya-cumhurbaskani-ermeni-soykirimi-muzesindeki-sergiden-etkilendi\\\/\"},\"author\":{\"name\":\"kalem\",\"@id\":\"https:\\\/\\\/akunq.net\\\/turkish\\\/#\\\/schema\\\/person\\\/135e7923d1aeb8887890799619969a6c\"},\"headline\":\"Slovenya cumhurba\u015fkan\u0131, Ermeni Soyk\u0131r\u0131m\u0131 M\u00fczesi\u2019ndeki sergiden etkilendi\",\"datePublished\":\"2010-10-12T05:23:41+00:00\",\"mainEntityOfPage\":{\"@id\":\"https:\\\/\\\/akunq.net\\\/turkish\\\/2010\\\/10\\\/12\\\/slovenya-cumhurbaskani-ermeni-soykirimi-muzesindeki-sergiden-etkilendi\\\/\"},\"wordCount\":138,\"commentCount\":0,\"image\":{\"@id\":\"https:\\\/\\\/akunq.net\\\/turkish\\\/2010\\\/10\\\/12\\\/slovenya-cumhurbaskani-ermeni-soykirimi-muzesindeki-sergiden-etkilendi\\\/#primaryimage\"},\"thumbnailUrl\":\"http:\\\/\\\/akunq.net\\\/tr\\\/wp-content\\\/uploads\\\/2010\\\/10\\\/Soykirim-300x213.jpg\",\"articleSection\":[\"Haberler\"],\"inLanguage\":\"en-US\",\"potentialAction\":[{\"@type\":\"CommentAction\",\"name\":\"Comment\",\"target\":[\"https:\\\/\\\/akunq.net\\\/turkish\\\/2010\\\/10\\\/12\\\/slovenya-cumhurbaskani-ermeni-soykirimi-muzesindeki-sergiden-etkilendi\\\/#respond\"]}]},{\"@type\":\"WebPage\",\"@id\":\"https:\\\/\\\/akunq.net\\\/turkish\\\/2010\\\/10\\\/12\\\/slovenya-cumhurbaskani-ermeni-soykirimi-muzesindeki-sergiden-etkilendi\\\/\",\"url\":\"https:\\\/\\\/akunq.net\\\/turkish\\\/2010\\\/10\\\/12\\\/slovenya-cumhurbaskani-ermeni-soykirimi-muzesindeki-sergiden-etkilendi\\\/\",\"name\":\"Slovenya cumhurba\u015fkan\u0131, Ermeni Soyk\u0131r\u0131m\u0131 M\u00fczesi\u2019ndeki sergiden etkilendi - Bati Ermenistan Ve Bati Ermenileri Sorunlari Ara\u015ftirmalar Merkezi\",\"isPartOf\":{\"@id\":\"https:\\\/\\\/akunq.net\\\/turkish\\\/#website\"},\"primaryImageOfPage\":{\"@id\":\"https:\\\/\\\/akunq.net\\\/turkish\\\/2010\\\/10\\\/12\\\/slovenya-cumhurbaskani-ermeni-soykirimi-muzesindeki-sergiden-etkilendi\\\/#primaryimage\"},\"image\":{\"@id\":\"https:\\\/\\\/akunq.net\\\/turkish\\\/2010\\\/10\\\/12\\\/slovenya-cumhurbaskani-ermeni-soykirimi-muzesindeki-sergiden-etkilendi\\\/#primaryimage\"},\"thumbnailUrl\":\"http:\\\/\\\/akunq.net\\\/tr\\\/wp-content\\\/uploads\\\/2010\\\/10\\\/Soykirim-300x213.jpg\",\"datePublished\":\"2010-10-12T05:23:41+00:00\",\"author\":{\"@id\":\"https:\\\/\\\/akunq.net\\\/turkish\\\/#\\\/schema\\\/person\\\/135e7923d1aeb8887890799619969a6c\"},\"breadcrumb\":{\"@id\":\"https:\\\/\\\/akunq.net\\\/turkish\\\/2010\\\/10\\\/12\\\/slovenya-cumhurbaskani-ermeni-soykirimi-muzesindeki-sergiden-etkilendi\\\/#breadcrumb\"},\"inLanguage\":\"en-US\",\"potentialAction\":[{\"@type\":\"ReadAction\",\"target\":[\"https:\\\/\\\/akunq.net\\\/turkish\\\/2010\\\/10\\\/12\\\/slovenya-cumhurbaskani-ermeni-soykirimi-muzesindeki-sergiden-etkilendi\\\/\"]}]},{\"@type\":\"ImageObject\",\"inLanguage\":\"en-US\",\"@id\":\"https:\\\/\\\/akunq.net\\\/turkish\\\/2010\\\/10\\\/12\\\/slovenya-cumhurbaskani-ermeni-soykirimi-muzesindeki-sergiden-etkilendi\\\/#primaryimage\",\"url\":\"http:\\\/\\\/akunq.net\\\/tr\\\/wp-content\\\/uploads\\\/2010\\\/10\\\/Soykirim-300x213.jpg\",\"contentUrl\":\"http:\\\/\\\/akunq.net\\\/tr\\\/wp-content\\\/uploads\\\/2010\\\/10\\\/Soykirim-300x213.jpg\"},{\"@type\":\"BreadcrumbList\",\"@id\":\"https:\\\/\\\/akunq.net\\\/turkish\\\/2010\\\/10\\\/12\\\/slovenya-cumhurbaskani-ermeni-soykirimi-muzesindeki-sergiden-etkilendi\\\/#breadcrumb\",\"itemListElement\":[{\"@type\":\"ListItem\",\"position\":1,\"name\":\"Home\",\"item\":\"https:\\\/\\\/akunq.net\\\/turkish\\\/\"},{\"@type\":\"ListItem\",\"position\":2,\"name\":\"Slovenya cumhurba\u015fkan\u0131, Ermeni Soyk\u0131r\u0131m\u0131 M\u00fczesi\u2019ndeki sergiden etkilendi\"}]},{\"@type\":\"WebSite\",\"@id\":\"https:\\\/\\\/akunq.net\\\/turkish\\\/#website\",\"url\":\"https:\\\/\\\/akunq.net\\\/turkish\\\/\",\"name\":\"Bati Ermenistan Ve Bati Ermenileri Sorunlari Ara\u015ftirmalar Merkezi\",\"description\":\"\",\"potentialAction\":[{\"@type\":\"SearchAction\",\"target\":{\"@type\":\"EntryPoint\",\"urlTemplate\":\"https:\\\/\\\/akunq.net\\\/turkish\\\/?s={search_term_string}\"},\"query-input\":{\"@type\":\"PropertyValueSpecification\",\"valueRequired\":true,\"valueName\":\"search_term_string\"}}],\"inLanguage\":\"en-US\"},{\"@type\":\"Person\",\"@id\":\"https:\\\/\\\/akunq.net\\\/turkish\\\/#\\\/schema\\\/person\\\/135e7923d1aeb8887890799619969a6c\",\"name\":\"kalem\",\"image\":{\"@type\":\"ImageObject\",\"inLanguage\":\"en-US\",\"@id\":\"https:\\\/\\\/secure.gravatar.com\\\/avatar\\\/a06875e4b25feb5674296adf8e8a7ae1e587cebce2493fe63c456109967e27d3?s=96&d=mm&r=g\",\"url\":\"https:\\\/\\\/secure.gravatar.com\\\/avatar\\\/a06875e4b25feb5674296adf8e8a7ae1e587cebce2493fe63c456109967e27d3?s=96&d=mm&r=g\",\"contentUrl\":\"https:\\\/\\\/secure.gravatar.com\\\/avatar\\\/a06875e4b25feb5674296adf8e8a7ae1e587cebce2493fe63c456109967e27d3?s=96&d=mm&r=g\",\"caption\":\"kalem\"},\"url\":\"https:\\\/\\\/akunq.net\\\/turkish\\\/author\\\/kalem\\\/\"}]}<\/script>\n<!-- \/ Yoast SEO plugin. -->","yoast_head_json":{"title":"Slovenya cumhurba\u015fkan\u0131, Ermeni Soyk\u0131r\u0131m\u0131 M\u00fczesi\u2019ndeki sergiden etkilendi - Bati Ermenistan Ve Bati Ermenileri Sorunlari Ara\u015ftirmalar Merkezi","robots":{"index":"index","follow":"follow","max-snippet":"max-snippet:-1","max-image-preview":"max-image-preview:large","max-video-preview":"max-video-preview:-1"},"canonical":"https:\/\/akunq.net\/turkish\/2010\/10\/12\/slovenya-cumhurbaskani-ermeni-soykirimi-muzesindeki-sergiden-etkilendi\/","og_locale":"en_US","og_type":"article","og_title":"Slovenya cumhurba\u015fkan\u0131, Ermeni Soyk\u0131r\u0131m\u0131 M\u00fczesi\u2019ndeki sergiden etkilendi - Bati Ermenistan Ve Bati Ermenileri Sorunlari Ara\u015ftirmalar Merkezi","og_description":"Resmi bir ziyaretle Ermenistan\u2019da bulunan Slovenya devlet ba\u015fkan\u0131 Danilo T\u00fcrk bug\u00fcn Ermeni Soyk\u0131r\u0131m\u0131 Kurbanlar\u0131 An\u0131t Kompleksi Tsitsernakaberd\u2019i ziyaret etti, Soyk\u0131r\u0131m M\u00fcze-Enstit\u00fcs\u00fc\u2019n\u00fc gezdi. NEWS.am muhabirine a\u00e7\u0131klamada bulunan Ermeni Soyk\u0131r\u0131m\u0131 M\u00fcze-Enstit\u00fcs\u00fc M\u00fcd\u00fcr\u00fc Hayk Demoyan \u2018Slovenya devlet ba\u015fkan\u0131 Ermeni Soyk\u0131r\u0131m\u0131 M\u00fczesi\u2019ndeki sergiden etkilendi ve bir\u00e7ok sorular sordu\u2019 dedi. Demoyan, konuk devlet ba\u015fkan\u0131n\u0131n An\u0131 bulvar\u0131\u2019na\u00a0 bir a\u011fa\u00e7 dikti\u011fini de [&hellip;]","og_url":"https:\/\/akunq.net\/turkish\/2010\/10\/12\/slovenya-cumhurbaskani-ermeni-soykirimi-muzesindeki-sergiden-etkilendi\/","og_site_name":"Bati Ermenistan Ve Bati Ermenileri Sorunlari Ara\u015ftirmalar Merkezi","article_published_time":"2010-10-12T05:23:41+00:00","og_image":[{"width":400,"height":284,"url":"https:\/\/akunq.net\/turkish\/wp-content\/uploads\/sites\/5\/2010\/10\/Soykirim.jpg","type":"image\/jpeg"}],"author":"kalem","twitter_card":"summary_large_image","twitter_misc":{"Written by":"kalem","Est. reading time":"1 minute"},"schema":{"@context":"https:\/\/schema.org","@graph":[{"@type":"Article","@id":"https:\/\/akunq.net\/turkish\/2010\/10\/12\/slovenya-cumhurbaskani-ermeni-soykirimi-muzesindeki-sergiden-etkilendi\/#article","isPartOf":{"@id":"https:\/\/akunq.net\/turkish\/2010\/10\/12\/slovenya-cumhurbaskani-ermeni-soykirimi-muzesindeki-sergiden-etkilendi\/"},"author":{"name":"kalem","@id":"https:\/\/akunq.net\/turkish\/#\/schema\/person\/135e7923d1aeb8887890799619969a6c"},"headline":"Slovenya cumhurba\u015fkan\u0131, Ermeni Soyk\u0131r\u0131m\u0131 M\u00fczesi\u2019ndeki sergiden etkilendi","datePublished":"2010-10-12T05:23:41+00:00","mainEntityOfPage":{"@id":"https:\/\/akunq.net\/turkish\/2010\/10\/12\/slovenya-cumhurbaskani-ermeni-soykirimi-muzesindeki-sergiden-etkilendi\/"},"wordCount":138,"commentCount":0,"image":{"@id":"https:\/\/akunq.net\/turkish\/2010\/10\/12\/slovenya-cumhurbaskani-ermeni-soykirimi-muzesindeki-sergiden-etkilendi\/#primaryimage"},"thumbnailUrl":"http:\/\/akunq.net\/tr\/wp-content\/uploads\/2010\/10\/Soykirim-300x213.jpg","articleSection":["Haberler"],"inLanguage":"en-US","potentialAction":[{"@type":"CommentAction","name":"Comment","target":["https:\/\/akunq.net\/turkish\/2010\/10\/12\/slovenya-cumhurbaskani-ermeni-soykirimi-muzesindeki-sergiden-etkilendi\/#respond"]}]},{"@type":"WebPage","@id":"https:\/\/akunq.net\/turkish\/2010\/10\/12\/slovenya-cumhurbaskani-ermeni-soykirimi-muzesindeki-sergiden-etkilendi\/","url":"https:\/\/akunq.net\/turkish\/2010\/10\/12\/slovenya-cumhurbaskani-ermeni-soykirimi-muzesindeki-sergiden-etkilendi\/","name":"Slovenya cumhurba\u015fkan\u0131, Ermeni Soyk\u0131r\u0131m\u0131 M\u00fczesi\u2019ndeki sergiden etkilendi - Bati Ermenistan Ve Bati Ermenileri Sorunlari Ara\u015ftirmalar Merkezi","isPartOf":{"@id":"https:\/\/akunq.net\/turkish\/#website"},"primaryImageOfPage":{"@id":"https:\/\/akunq.net\/turkish\/2010\/10\/12\/slovenya-cumhurbaskani-ermeni-soykirimi-muzesindeki-sergiden-etkilendi\/#primaryimage"},"image":{"@id":"https:\/\/akunq.net\/turkish\/2010\/10\/12\/slovenya-cumhurbaskani-ermeni-soykirimi-muzesindeki-sergiden-etkilendi\/#primaryimage"},"thumbnailUrl":"http:\/\/akunq.net\/tr\/wp-content\/uploads\/2010\/10\/Soykirim-300x213.jpg","datePublished":"2010-10-12T05:23:41+00:00","author":{"@id":"https:\/\/akunq.net\/turkish\/#\/schema\/person\/135e7923d1aeb8887890799619969a6c"},"breadcrumb":{"@id":"https:\/\/akunq.net\/turkish\/2010\/10\/12\/slovenya-cumhurbaskani-ermeni-soykirimi-muzesindeki-sergiden-etkilendi\/#breadcrumb"},"inLanguage":"en-US","potentialAction":[{"@type":"ReadAction","target":["https:\/\/akunq.net\/turkish\/2010\/10\/12\/slovenya-cumhurbaskani-ermeni-soykirimi-muzesindeki-sergiden-etkilendi\/"]}]},{"@type":"ImageObject","inLanguage":"en-US","@id":"https:\/\/akunq.net\/turkish\/2010\/10\/12\/slovenya-cumhurbaskani-ermeni-soykirimi-muzesindeki-sergiden-etkilendi\/#primaryimage","url":"http:\/\/akunq.net\/tr\/wp-content\/uploads\/2010\/10\/Soykirim-300x213.jpg","contentUrl":"http:\/\/akunq.net\/tr\/wp-content\/uploads\/2010\/10\/Soykirim-300x213.jpg"},{"@type":"BreadcrumbList","@id":"https:\/\/akunq.net\/turkish\/2010\/10\/12\/slovenya-cumhurbaskani-ermeni-soykirimi-muzesindeki-sergiden-etkilendi\/#breadcrumb","itemListElement":[{"@type":"ListItem","position":1,"name":"Home","item":"https:\/\/akunq.net\/turkish\/"},{"@type":"ListItem","position":2,"name":"Slovenya cumhurba\u015fkan\u0131, Ermeni Soyk\u0131r\u0131m\u0131 M\u00fczesi\u2019ndeki sergiden etkilendi"}]},{"@type":"WebSite","@id":"https:\/\/akunq.net\/turkish\/#website","url":"https:\/\/akunq.net\/turkish\/","name":"Bati Ermenistan Ve Bati Ermenileri Sorunlari Ara\u015ftirmalar Merkezi","description":"","potentialAction":[{"@type":"SearchAction","target":{"@type":"EntryPoint","urlTemplate":"https:\/\/akunq.net\/turkish\/?s={search_term_string}"},"query-input":{"@type":"PropertyValueSpecification","valueRequired":true,"valueName":"search_term_string"}}],"inLanguage":"en-US"},{"@type":"Person","@id":"https:\/\/akunq.net\/turkish\/#\/schema\/person\/135e7923d1aeb8887890799619969a6c","name":"kalem","image":{"@type":"ImageObject","inLanguage":"en-US","@id":"https:\/\/secure.gravatar.com\/avatar\/a06875e4b25feb5674296adf8e8a7ae1e587cebce2493fe63c456109967e27d3?s=96&d=mm&r=g","url":"https:\/\/secure.gravatar.com\/avatar\/a06875e4b25feb5674296adf8e8a7ae1e587cebce2493fe63c456109967e27d3?s=96&d=mm&r=g","contentUrl":"https:\/\/secure.gravatar.com\/avatar\/a06875e4b25feb5674296adf8e8a7ae1e587cebce2493fe63c456109967e27d3?s=96&d=mm&r=g","caption":"kalem"},"url":"https:\/\/akunq.net\/turkish\/author\/kalem\/"}]}},"_links":{"self":[{"href":"https:\/\/akunq.net\/turkish\/wp-json\/wp\/v2\/posts\/2305","targetHints":{"allow":["GET"]}}],"collection":[{"href":"https:\/\/akunq.net\/turkish\/wp-json\/wp\/v2\/posts"}],"about":[{"href":"https:\/\/akunq.net\/turkish\/wp-json\/wp\/v2\/types\/post"}],"author":[{"embeddable":true,"href":"https:\/\/akunq.net\/turkish\/wp-json\/wp\/v2\/users\/3"}],"replies":[{"embeddable":true,"href":"https:\/\/akunq.net\/turkish\/wp-json\/wp\/v2\/comments?post=2305"}],"version-history":[{"count":0,"href":"https:\/\/akunq.net\/turkish\/wp-json\/wp\/v2\/posts\/2305\/revisions"}],"wp:attachment":[{"href":"https:\/\/akunq.net\/turkish\/wp-json\/wp\/v2\/media?parent=2305"}],"wp:term":[{"taxonomy":"category","embeddable":true,"href":"https:\/\/akunq.net\/turkish\/wp-json\/wp\/v2\/categories?post=2305"},{"taxonomy":"post_tag","embeddable":true,"href":"https:\/\/akunq.net\/turkish\/wp-json\/wp\/v2\/tags?post=2305"}],"curies":[{"name":"wp","href":"https:\/\/api.w.org\/{rel}","templated":true}]}}