{"id":23015,"date":"2013-04-23T06:47:41","date_gmt":"2013-04-23T11:47:41","guid":{"rendered":"http:\/\/akunq.net\/tr\/?p=23015"},"modified":"2013-04-23T06:47:41","modified_gmt":"2013-04-23T11:47:41","slug":"ruben-melkonyan-hedefimiz-bilgi-acigi-icinde-bulunan-turk-toplumu-olmali","status":"publish","type":"post","link":"https:\/\/akunq.net\/turkish\/2013\/04\/23\/ruben-melkonyan-hedefimiz-bilgi-acigi-icinde-bulunan-turk-toplumu-olmali\/","title":{"rendered":"Ruben Melkonyan: Hedefimiz bilgi a\u00e7\u0131\u011f\u0131 i\u00e7inde bulunan T\u00fcrk toplumu olmal\u0131"},"content":{"rendered":"<p style=\"text-align: justify\"><b><i><a href=\"http:\/\/akunq.net\/tr\/?attachment_id=23016\" rel=\"attachment wp-att-23016\"><img loading=\"lazy\" decoding=\"async\" class=\"alignright size-full wp-image-23016\" alt=\"Ruben Melkonyan\" src=\"http:\/\/akunq.net\/tr\/wp-content\/uploads\/2013\/04\/Ruben-Melkonyan.jpg\" width=\"298\" height=\"224\" \/><\/a>2015 yakla\u015f\u0131rken Ermenilerin hangi sesle konu\u015facaklar\u0131 ve bunun duyulup duyulmayaca\u011f\u0131 \u00e7ok \u00f6nemli. A\u00e7\u0131klama 22 Nisan\u2019da\u00a0Ermeni Soyk\u0131r\u0131m\u0131 M\u00fcze-Enstit\u00fcs\u00fc Direkt\u00f6r\u00fc Hayk Demoyan\u2019dan\u00a0 geldi. <\/i><\/b><\/p>\n<p style=\"text-align: justify\">Demoyan \u20332015 Soyk\u0131r\u0131m\u0131n y\u0131l d\u00f6n\u00fcm\u00fc ve daha fazla aktivasyon olmas\u0131 anla\u015f\u0131l\u0131r bir durum ancak esas y\u00f6nlendirici 2015 y\u0131l\u0131n\u0131n kuvvetlerimizi tekrar bir araya toplama, sistematize etmede bir etap olmal\u0131, bundan sonra ileri y\u00f6nde hareket etmeliyiz\u2033 dedi.<\/p>\n<p style=\"text-align: justify\">\u2033A\u00e7\u0131k Toplum Enstit\u00fcs\u00fc Destek Fonu\u2033 Ermeni \u015eubesi Programlar konusunda Direkt\u00f6r Yard. Davit Amiryan s\u0131ra\u011fan bir yurtta\u015f olarak kat\u0131ld\u0131\u011f\u0131 etkinlikte, bu konuda \u00f6rne\u011fin T\u00fcrkiye\u2019deki gen\u00e7lik kesiminin hedef kitle olaak se\u00e7ilmesi ve bu y\u00f6nde \u00e7al\u0131\u015f\u0131lmas\u0131n\u0131 \u00f6nerdi.<\/p>\n<p style=\"text-align: justify\">Yerevan Devlet \u00dcniversitesi Do\u011fu Bilimleri Fak\u00fcltesi Dekan\u0131 Ruben Melkonyan, konu\u015fmas\u0131nda T\u00fcrk siyasi alan\u0131n\u0131n bir evrim ge\u00e7irmekte oldu\u011funa dikkat \u00e7ekerek \u2033Hedefimiz bug\u00fcn bilgi a\u00e7\u0131\u011f\u0131 i\u00e7inde bulunan T\u00fcrk toplumu olmal\u0131. Ermeni ve T\u00fcrk bilim \u00e7evrelerini k\u0131yaslamak m\u00fcmk\u00fcn de\u011fil, zira Ermeni taraf\u0131 g\u00f6r\u00fc\u015flerini kan\u0131tlarla sunmaktad\u0131r\u2033 dedi.<\/p>\n<p style=\"text-align: justify\">T\u00fcrkolog Artak \u015eakaryan, enformasyon bombard\u0131man\u0131 \u00e7er\u00e7evesinde Ermenistan\u2019a k\u0131yasla Twitter\u2019\u0131n T\u00fcrkiye\u2019de olduk\u00e7a yayg\u0131n kullan\u0131ld\u0131\u011f\u0131na dikkat \u00e7ekti.<\/p>\n<p style=\"text-align: justify\">T\u00fcrkolog Anu\u015f Hovhannisyan\u2019sa, T\u00fcrkiye i\u00e7in, Ermeni Soyk\u0131r\u0131m\u0131n\u0131n ABD taraf\u0131ndan tan\u0131nmas\u0131n\u0131n \u00f6neminin alt\u0131n\u0131 \u00e7izdi. Hovhannisyan da konunun T\u00fcrk toplum kat\u0131nda farkl\u0131 d\u00fczlemlerde i\u015flenmesinin \u00f6nemini kaydetti.<\/p>\n<p style=\"text-align: justify\"><b><i>http:\/\/news.am\/tur\/news\/150061.html<\/i><\/b><\/p>\n","protected":false},"excerpt":{"rendered":"<p>2015 yakla\u015f\u0131rken Ermenilerin hangi sesle konu\u015facaklar\u0131 ve bunun duyulup duyulmayaca\u011f\u0131 \u00e7ok \u00f6nemli. A\u00e7\u0131klama 22 Nisan\u2019da\u00a0Ermeni Soyk\u0131r\u0131m\u0131 M\u00fcze-Enstit\u00fcs\u00fc Direkt\u00f6r\u00fc Hayk Demoyan\u2019dan\u00a0 geldi. Demoyan \u20332015 Soyk\u0131r\u0131m\u0131n y\u0131l d\u00f6n\u00fcm\u00fc ve daha fazla aktivasyon olmas\u0131 anla\u015f\u0131l\u0131r bir durum ancak esas y\u00f6nlendirici 2015 y\u0131l\u0131n\u0131n kuvvetlerimizi tekrar bir araya toplama, sistematize etmede bir etap olmal\u0131, bundan sonra ileri y\u00f6nde hareket etmeliyiz\u2033 [&hellip;]<\/p>\n","protected":false},"author":3,"featured_media":0,"comment_status":"open","ping_status":"open","sticky":false,"template":"","format":"standard","meta":{"footnotes":""},"categories":[6,14,39],"tags":[],"class_list":["post-23015","post","type-post","status-publish","format-standard","hentry","category-ermeni-soykirimi","category-haberler","category-tartismalar"],"yoast_head":"<!-- This site is optimized with the Yoast SEO plugin v27.4 - https:\/\/yoast.com\/product\/yoast-seo-wordpress\/ -->\n<title>Ruben Melkonyan: Hedefimiz bilgi a\u00e7\u0131\u011f\u0131 i\u00e7inde bulunan T\u00fcrk toplumu olmal\u0131 - Bati Ermenistan Ve Bati Ermenileri Sorunlari Ara\u015ftirmalar Merkezi<\/title>\n<meta name=\"robots\" content=\"index, follow, max-snippet:-1, max-image-preview:large, max-video-preview:-1\" \/>\n<link rel=\"canonical\" href=\"https:\/\/akunq.net\/turkish\/2013\/04\/23\/ruben-melkonyan-hedefimiz-bilgi-acigi-icinde-bulunan-turk-toplumu-olmali\/\" \/>\n<meta property=\"og:locale\" content=\"en_US\" \/>\n<meta property=\"og:type\" content=\"article\" \/>\n<meta property=\"og:title\" content=\"Ruben Melkonyan: Hedefimiz bilgi a\u00e7\u0131\u011f\u0131 i\u00e7inde bulunan T\u00fcrk toplumu olmal\u0131 - Bati Ermenistan Ve Bati Ermenileri Sorunlari Ara\u015ftirmalar Merkezi\" \/>\n<meta property=\"og:description\" content=\"2015 yakla\u015f\u0131rken Ermenilerin hangi sesle konu\u015facaklar\u0131 ve bunun duyulup duyulmayaca\u011f\u0131 \u00e7ok \u00f6nemli. A\u00e7\u0131klama 22 Nisan\u2019da\u00a0Ermeni Soyk\u0131r\u0131m\u0131 M\u00fcze-Enstit\u00fcs\u00fc Direkt\u00f6r\u00fc Hayk Demoyan\u2019dan\u00a0 geldi. Demoyan \u20332015 Soyk\u0131r\u0131m\u0131n y\u0131l d\u00f6n\u00fcm\u00fc ve daha fazla aktivasyon olmas\u0131 anla\u015f\u0131l\u0131r bir durum ancak esas y\u00f6nlendirici 2015 y\u0131l\u0131n\u0131n kuvvetlerimizi tekrar bir araya toplama, sistematize etmede bir etap olmal\u0131, bundan sonra ileri y\u00f6nde hareket etmeliyiz\u2033 [&hellip;]\" \/>\n<meta property=\"og:url\" content=\"https:\/\/akunq.net\/turkish\/2013\/04\/23\/ruben-melkonyan-hedefimiz-bilgi-acigi-icinde-bulunan-turk-toplumu-olmali\/\" \/>\n<meta property=\"og:site_name\" content=\"Bati Ermenistan Ve Bati Ermenileri Sorunlari Ara\u015ftirmalar Merkezi\" \/>\n<meta property=\"article:published_time\" content=\"2013-04-23T11:47:41+00:00\" \/>\n<meta property=\"og:image\" content=\"https:\/\/akunq.net\/turkish\/wp-content\/uploads\/sites\/5\/2013\/04\/Ruben-Melkonyan.jpg\" \/>\n\t<meta property=\"og:image:width\" content=\"298\" \/>\n\t<meta property=\"og:image:height\" content=\"224\" \/>\n\t<meta property=\"og:image:type\" content=\"image\/jpeg\" \/>\n<meta name=\"author\" content=\"kalem\" \/>\n<meta name=\"twitter:card\" content=\"summary_large_image\" \/>\n<meta name=\"twitter:label1\" content=\"Written by\" \/>\n\t<meta name=\"twitter:data1\" content=\"kalem\" \/>\n\t<meta name=\"twitter:label2\" content=\"Est. reading time\" \/>\n\t<meta name=\"twitter:data2\" content=\"1 minute\" \/>\n<script type=\"application\/ld+json\" class=\"yoast-schema-graph\">{\"@context\":\"https:\\\/\\\/schema.org\",\"@graph\":[{\"@type\":\"Article\",\"@id\":\"https:\\\/\\\/akunq.net\\\/turkish\\\/2013\\\/04\\\/23\\\/ruben-melkonyan-hedefimiz-bilgi-acigi-icinde-bulunan-turk-toplumu-olmali\\\/#article\",\"isPartOf\":{\"@id\":\"https:\\\/\\\/akunq.net\\\/turkish\\\/2013\\\/04\\\/23\\\/ruben-melkonyan-hedefimiz-bilgi-acigi-icinde-bulunan-turk-toplumu-olmali\\\/\"},\"author\":{\"name\":\"kalem\",\"@id\":\"https:\\\/\\\/akunq.net\\\/turkish\\\/#\\\/schema\\\/person\\\/135e7923d1aeb8887890799619969a6c\"},\"headline\":\"Ruben Melkonyan: Hedefimiz bilgi a\u00e7\u0131\u011f\u0131 i\u00e7inde bulunan T\u00fcrk toplumu olmal\u0131\",\"datePublished\":\"2013-04-23T11:47:41+00:00\",\"mainEntityOfPage\":{\"@id\":\"https:\\\/\\\/akunq.net\\\/turkish\\\/2013\\\/04\\\/23\\\/ruben-melkonyan-hedefimiz-bilgi-acigi-icinde-bulunan-turk-toplumu-olmali\\\/\"},\"wordCount\":274,\"commentCount\":0,\"image\":{\"@id\":\"https:\\\/\\\/akunq.net\\\/turkish\\\/2013\\\/04\\\/23\\\/ruben-melkonyan-hedefimiz-bilgi-acigi-icinde-bulunan-turk-toplumu-olmali\\\/#primaryimage\"},\"thumbnailUrl\":\"http:\\\/\\\/akunq.net\\\/tr\\\/wp-content\\\/uploads\\\/2013\\\/04\\\/Ruben-Melkonyan.jpg\",\"articleSection\":[\"Ermeni Soyk\u0131r\u0131m\u0131\",\"Haberler\",\"Tart\u0131\u015fmalar\"],\"inLanguage\":\"en-US\",\"potentialAction\":[{\"@type\":\"CommentAction\",\"name\":\"Comment\",\"target\":[\"https:\\\/\\\/akunq.net\\\/turkish\\\/2013\\\/04\\\/23\\\/ruben-melkonyan-hedefimiz-bilgi-acigi-icinde-bulunan-turk-toplumu-olmali\\\/#respond\"]}]},{\"@type\":\"WebPage\",\"@id\":\"https:\\\/\\\/akunq.net\\\/turkish\\\/2013\\\/04\\\/23\\\/ruben-melkonyan-hedefimiz-bilgi-acigi-icinde-bulunan-turk-toplumu-olmali\\\/\",\"url\":\"https:\\\/\\\/akunq.net\\\/turkish\\\/2013\\\/04\\\/23\\\/ruben-melkonyan-hedefimiz-bilgi-acigi-icinde-bulunan-turk-toplumu-olmali\\\/\",\"name\":\"Ruben Melkonyan: Hedefimiz bilgi a\u00e7\u0131\u011f\u0131 i\u00e7inde bulunan T\u00fcrk toplumu olmal\u0131 - Bati Ermenistan Ve Bati Ermenileri Sorunlari Ara\u015ftirmalar Merkezi\",\"isPartOf\":{\"@id\":\"https:\\\/\\\/akunq.net\\\/turkish\\\/#website\"},\"primaryImageOfPage\":{\"@id\":\"https:\\\/\\\/akunq.net\\\/turkish\\\/2013\\\/04\\\/23\\\/ruben-melkonyan-hedefimiz-bilgi-acigi-icinde-bulunan-turk-toplumu-olmali\\\/#primaryimage\"},\"image\":{\"@id\":\"https:\\\/\\\/akunq.net\\\/turkish\\\/2013\\\/04\\\/23\\\/ruben-melkonyan-hedefimiz-bilgi-acigi-icinde-bulunan-turk-toplumu-olmali\\\/#primaryimage\"},\"thumbnailUrl\":\"http:\\\/\\\/akunq.net\\\/tr\\\/wp-content\\\/uploads\\\/2013\\\/04\\\/Ruben-Melkonyan.jpg\",\"datePublished\":\"2013-04-23T11:47:41+00:00\",\"author\":{\"@id\":\"https:\\\/\\\/akunq.net\\\/turkish\\\/#\\\/schema\\\/person\\\/135e7923d1aeb8887890799619969a6c\"},\"breadcrumb\":{\"@id\":\"https:\\\/\\\/akunq.net\\\/turkish\\\/2013\\\/04\\\/23\\\/ruben-melkonyan-hedefimiz-bilgi-acigi-icinde-bulunan-turk-toplumu-olmali\\\/#breadcrumb\"},\"inLanguage\":\"en-US\",\"potentialAction\":[{\"@type\":\"ReadAction\",\"target\":[\"https:\\\/\\\/akunq.net\\\/turkish\\\/2013\\\/04\\\/23\\\/ruben-melkonyan-hedefimiz-bilgi-acigi-icinde-bulunan-turk-toplumu-olmali\\\/\"]}]},{\"@type\":\"ImageObject\",\"inLanguage\":\"en-US\",\"@id\":\"https:\\\/\\\/akunq.net\\\/turkish\\\/2013\\\/04\\\/23\\\/ruben-melkonyan-hedefimiz-bilgi-acigi-icinde-bulunan-turk-toplumu-olmali\\\/#primaryimage\",\"url\":\"http:\\\/\\\/akunq.net\\\/tr\\\/wp-content\\\/uploads\\\/2013\\\/04\\\/Ruben-Melkonyan.jpg\",\"contentUrl\":\"http:\\\/\\\/akunq.net\\\/tr\\\/wp-content\\\/uploads\\\/2013\\\/04\\\/Ruben-Melkonyan.jpg\"},{\"@type\":\"BreadcrumbList\",\"@id\":\"https:\\\/\\\/akunq.net\\\/turkish\\\/2013\\\/04\\\/23\\\/ruben-melkonyan-hedefimiz-bilgi-acigi-icinde-bulunan-turk-toplumu-olmali\\\/#breadcrumb\",\"itemListElement\":[{\"@type\":\"ListItem\",\"position\":1,\"name\":\"Home\",\"item\":\"https:\\\/\\\/akunq.net\\\/turkish\\\/\"},{\"@type\":\"ListItem\",\"position\":2,\"name\":\"Ruben Melkonyan: Hedefimiz bilgi a\u00e7\u0131\u011f\u0131 i\u00e7inde bulunan T\u00fcrk toplumu olmal\u0131\"}]},{\"@type\":\"WebSite\",\"@id\":\"https:\\\/\\\/akunq.net\\\/turkish\\\/#website\",\"url\":\"https:\\\/\\\/akunq.net\\\/turkish\\\/\",\"name\":\"Bati Ermenistan Ve Bati Ermenileri Sorunlari Ara\u015ftirmalar Merkezi\",\"description\":\"\",\"potentialAction\":[{\"@type\":\"SearchAction\",\"target\":{\"@type\":\"EntryPoint\",\"urlTemplate\":\"https:\\\/\\\/akunq.net\\\/turkish\\\/?s={search_term_string}\"},\"query-input\":{\"@type\":\"PropertyValueSpecification\",\"valueRequired\":true,\"valueName\":\"search_term_string\"}}],\"inLanguage\":\"en-US\"},{\"@type\":\"Person\",\"@id\":\"https:\\\/\\\/akunq.net\\\/turkish\\\/#\\\/schema\\\/person\\\/135e7923d1aeb8887890799619969a6c\",\"name\":\"kalem\",\"image\":{\"@type\":\"ImageObject\",\"inLanguage\":\"en-US\",\"@id\":\"https:\\\/\\\/secure.gravatar.com\\\/avatar\\\/a06875e4b25feb5674296adf8e8a7ae1e587cebce2493fe63c456109967e27d3?s=96&d=mm&r=g\",\"url\":\"https:\\\/\\\/secure.gravatar.com\\\/avatar\\\/a06875e4b25feb5674296adf8e8a7ae1e587cebce2493fe63c456109967e27d3?s=96&d=mm&r=g\",\"contentUrl\":\"https:\\\/\\\/secure.gravatar.com\\\/avatar\\\/a06875e4b25feb5674296adf8e8a7ae1e587cebce2493fe63c456109967e27d3?s=96&d=mm&r=g\",\"caption\":\"kalem\"},\"url\":\"https:\\\/\\\/akunq.net\\\/turkish\\\/author\\\/kalem\\\/\"}]}<\/script>\n<!-- \/ Yoast SEO plugin. -->","yoast_head_json":{"title":"Ruben Melkonyan: Hedefimiz bilgi a\u00e7\u0131\u011f\u0131 i\u00e7inde bulunan T\u00fcrk toplumu olmal\u0131 - Bati Ermenistan Ve Bati Ermenileri Sorunlari Ara\u015ftirmalar Merkezi","robots":{"index":"index","follow":"follow","max-snippet":"max-snippet:-1","max-image-preview":"max-image-preview:large","max-video-preview":"max-video-preview:-1"},"canonical":"https:\/\/akunq.net\/turkish\/2013\/04\/23\/ruben-melkonyan-hedefimiz-bilgi-acigi-icinde-bulunan-turk-toplumu-olmali\/","og_locale":"en_US","og_type":"article","og_title":"Ruben Melkonyan: Hedefimiz bilgi a\u00e7\u0131\u011f\u0131 i\u00e7inde bulunan T\u00fcrk toplumu olmal\u0131 - Bati Ermenistan Ve Bati Ermenileri Sorunlari Ara\u015ftirmalar Merkezi","og_description":"2015 yakla\u015f\u0131rken Ermenilerin hangi sesle konu\u015facaklar\u0131 ve bunun duyulup duyulmayaca\u011f\u0131 \u00e7ok \u00f6nemli. A\u00e7\u0131klama 22 Nisan\u2019da\u00a0Ermeni Soyk\u0131r\u0131m\u0131 M\u00fcze-Enstit\u00fcs\u00fc Direkt\u00f6r\u00fc Hayk Demoyan\u2019dan\u00a0 geldi. Demoyan \u20332015 Soyk\u0131r\u0131m\u0131n y\u0131l d\u00f6n\u00fcm\u00fc ve daha fazla aktivasyon olmas\u0131 anla\u015f\u0131l\u0131r bir durum ancak esas y\u00f6nlendirici 2015 y\u0131l\u0131n\u0131n kuvvetlerimizi tekrar bir araya toplama, sistematize etmede bir etap olmal\u0131, bundan sonra ileri y\u00f6nde hareket etmeliyiz\u2033 [&hellip;]","og_url":"https:\/\/akunq.net\/turkish\/2013\/04\/23\/ruben-melkonyan-hedefimiz-bilgi-acigi-icinde-bulunan-turk-toplumu-olmali\/","og_site_name":"Bati Ermenistan Ve Bati Ermenileri Sorunlari Ara\u015ftirmalar Merkezi","article_published_time":"2013-04-23T11:47:41+00:00","og_image":[{"width":298,"height":224,"url":"https:\/\/akunq.net\/turkish\/wp-content\/uploads\/sites\/5\/2013\/04\/Ruben-Melkonyan.jpg","type":"image\/jpeg"}],"author":"kalem","twitter_card":"summary_large_image","twitter_misc":{"Written by":"kalem","Est. reading time":"1 minute"},"schema":{"@context":"https:\/\/schema.org","@graph":[{"@type":"Article","@id":"https:\/\/akunq.net\/turkish\/2013\/04\/23\/ruben-melkonyan-hedefimiz-bilgi-acigi-icinde-bulunan-turk-toplumu-olmali\/#article","isPartOf":{"@id":"https:\/\/akunq.net\/turkish\/2013\/04\/23\/ruben-melkonyan-hedefimiz-bilgi-acigi-icinde-bulunan-turk-toplumu-olmali\/"},"author":{"name":"kalem","@id":"https:\/\/akunq.net\/turkish\/#\/schema\/person\/135e7923d1aeb8887890799619969a6c"},"headline":"Ruben Melkonyan: Hedefimiz bilgi a\u00e7\u0131\u011f\u0131 i\u00e7inde bulunan T\u00fcrk toplumu olmal\u0131","datePublished":"2013-04-23T11:47:41+00:00","mainEntityOfPage":{"@id":"https:\/\/akunq.net\/turkish\/2013\/04\/23\/ruben-melkonyan-hedefimiz-bilgi-acigi-icinde-bulunan-turk-toplumu-olmali\/"},"wordCount":274,"commentCount":0,"image":{"@id":"https:\/\/akunq.net\/turkish\/2013\/04\/23\/ruben-melkonyan-hedefimiz-bilgi-acigi-icinde-bulunan-turk-toplumu-olmali\/#primaryimage"},"thumbnailUrl":"http:\/\/akunq.net\/tr\/wp-content\/uploads\/2013\/04\/Ruben-Melkonyan.jpg","articleSection":["Ermeni Soyk\u0131r\u0131m\u0131","Haberler","Tart\u0131\u015fmalar"],"inLanguage":"en-US","potentialAction":[{"@type":"CommentAction","name":"Comment","target":["https:\/\/akunq.net\/turkish\/2013\/04\/23\/ruben-melkonyan-hedefimiz-bilgi-acigi-icinde-bulunan-turk-toplumu-olmali\/#respond"]}]},{"@type":"WebPage","@id":"https:\/\/akunq.net\/turkish\/2013\/04\/23\/ruben-melkonyan-hedefimiz-bilgi-acigi-icinde-bulunan-turk-toplumu-olmali\/","url":"https:\/\/akunq.net\/turkish\/2013\/04\/23\/ruben-melkonyan-hedefimiz-bilgi-acigi-icinde-bulunan-turk-toplumu-olmali\/","name":"Ruben Melkonyan: Hedefimiz bilgi a\u00e7\u0131\u011f\u0131 i\u00e7inde bulunan T\u00fcrk toplumu olmal\u0131 - Bati Ermenistan Ve Bati Ermenileri Sorunlari Ara\u015ftirmalar Merkezi","isPartOf":{"@id":"https:\/\/akunq.net\/turkish\/#website"},"primaryImageOfPage":{"@id":"https:\/\/akunq.net\/turkish\/2013\/04\/23\/ruben-melkonyan-hedefimiz-bilgi-acigi-icinde-bulunan-turk-toplumu-olmali\/#primaryimage"},"image":{"@id":"https:\/\/akunq.net\/turkish\/2013\/04\/23\/ruben-melkonyan-hedefimiz-bilgi-acigi-icinde-bulunan-turk-toplumu-olmali\/#primaryimage"},"thumbnailUrl":"http:\/\/akunq.net\/tr\/wp-content\/uploads\/2013\/04\/Ruben-Melkonyan.jpg","datePublished":"2013-04-23T11:47:41+00:00","author":{"@id":"https:\/\/akunq.net\/turkish\/#\/schema\/person\/135e7923d1aeb8887890799619969a6c"},"breadcrumb":{"@id":"https:\/\/akunq.net\/turkish\/2013\/04\/23\/ruben-melkonyan-hedefimiz-bilgi-acigi-icinde-bulunan-turk-toplumu-olmali\/#breadcrumb"},"inLanguage":"en-US","potentialAction":[{"@type":"ReadAction","target":["https:\/\/akunq.net\/turkish\/2013\/04\/23\/ruben-melkonyan-hedefimiz-bilgi-acigi-icinde-bulunan-turk-toplumu-olmali\/"]}]},{"@type":"ImageObject","inLanguage":"en-US","@id":"https:\/\/akunq.net\/turkish\/2013\/04\/23\/ruben-melkonyan-hedefimiz-bilgi-acigi-icinde-bulunan-turk-toplumu-olmali\/#primaryimage","url":"http:\/\/akunq.net\/tr\/wp-content\/uploads\/2013\/04\/Ruben-Melkonyan.jpg","contentUrl":"http:\/\/akunq.net\/tr\/wp-content\/uploads\/2013\/04\/Ruben-Melkonyan.jpg"},{"@type":"BreadcrumbList","@id":"https:\/\/akunq.net\/turkish\/2013\/04\/23\/ruben-melkonyan-hedefimiz-bilgi-acigi-icinde-bulunan-turk-toplumu-olmali\/#breadcrumb","itemListElement":[{"@type":"ListItem","position":1,"name":"Home","item":"https:\/\/akunq.net\/turkish\/"},{"@type":"ListItem","position":2,"name":"Ruben Melkonyan: Hedefimiz bilgi a\u00e7\u0131\u011f\u0131 i\u00e7inde bulunan T\u00fcrk toplumu olmal\u0131"}]},{"@type":"WebSite","@id":"https:\/\/akunq.net\/turkish\/#website","url":"https:\/\/akunq.net\/turkish\/","name":"Bati Ermenistan Ve Bati Ermenileri Sorunlari Ara\u015ftirmalar Merkezi","description":"","potentialAction":[{"@type":"SearchAction","target":{"@type":"EntryPoint","urlTemplate":"https:\/\/akunq.net\/turkish\/?s={search_term_string}"},"query-input":{"@type":"PropertyValueSpecification","valueRequired":true,"valueName":"search_term_string"}}],"inLanguage":"en-US"},{"@type":"Person","@id":"https:\/\/akunq.net\/turkish\/#\/schema\/person\/135e7923d1aeb8887890799619969a6c","name":"kalem","image":{"@type":"ImageObject","inLanguage":"en-US","@id":"https:\/\/secure.gravatar.com\/avatar\/a06875e4b25feb5674296adf8e8a7ae1e587cebce2493fe63c456109967e27d3?s=96&d=mm&r=g","url":"https:\/\/secure.gravatar.com\/avatar\/a06875e4b25feb5674296adf8e8a7ae1e587cebce2493fe63c456109967e27d3?s=96&d=mm&r=g","contentUrl":"https:\/\/secure.gravatar.com\/avatar\/a06875e4b25feb5674296adf8e8a7ae1e587cebce2493fe63c456109967e27d3?s=96&d=mm&r=g","caption":"kalem"},"url":"https:\/\/akunq.net\/turkish\/author\/kalem\/"}]}},"_links":{"self":[{"href":"https:\/\/akunq.net\/turkish\/wp-json\/wp\/v2\/posts\/23015","targetHints":{"allow":["GET"]}}],"collection":[{"href":"https:\/\/akunq.net\/turkish\/wp-json\/wp\/v2\/posts"}],"about":[{"href":"https:\/\/akunq.net\/turkish\/wp-json\/wp\/v2\/types\/post"}],"author":[{"embeddable":true,"href":"https:\/\/akunq.net\/turkish\/wp-json\/wp\/v2\/users\/3"}],"replies":[{"embeddable":true,"href":"https:\/\/akunq.net\/turkish\/wp-json\/wp\/v2\/comments?post=23015"}],"version-history":[{"count":0,"href":"https:\/\/akunq.net\/turkish\/wp-json\/wp\/v2\/posts\/23015\/revisions"}],"wp:attachment":[{"href":"https:\/\/akunq.net\/turkish\/wp-json\/wp\/v2\/media?parent=23015"}],"wp:term":[{"taxonomy":"category","embeddable":true,"href":"https:\/\/akunq.net\/turkish\/wp-json\/wp\/v2\/categories?post=23015"},{"taxonomy":"post_tag","embeddable":true,"href":"https:\/\/akunq.net\/turkish\/wp-json\/wp\/v2\/tags?post=23015"}],"curies":[{"name":"wp","href":"https:\/\/api.w.org\/{rel}","templated":true}]}}