{"id":2301,"date":"2010-10-11T08:39:50","date_gmt":"2010-10-11T13:39:50","guid":{"rendered":"http:\/\/akunq.net\/tr\/?p=2301"},"modified":"2010-10-11T08:39:50","modified_gmt":"2010-10-11T13:39:50","slug":"temel-demirer-neden-yargilaniyor","status":"publish","type":"post","link":"https:\/\/akunq.net\/turkish\/2010\/10\/11\/temel-demirer-neden-yargilaniyor\/","title":{"rendered":"Temel Demirer neden yarg\u0131lan\u0131yor"},"content":{"rendered":"<p style=\"text-align: justify\"><strong><em><a rel=\"attachment wp-att-2302\" href=\"http:\/\/akunq.net\/tr\/?attachment_id=2302\"><img loading=\"lazy\" decoding=\"async\" class=\"alignleft size-full wp-image-2302\" title=\"temeldemirer\" src=\"http:\/\/akunq.net\/tr\/wp-content\/uploads\/2010\/10\/temeldemirer.png\" alt=\"\" width=\"202\" height=\"266\" \/><\/a>D\u0131\u015fi\u015fleri Bakanl\u0131\u011f\u0131, T\u00fcrkiye\u2019de 1915 olaylar\u0131n\u0131 \u201csoyk\u0131r\u0131m\u201d olarak nitelemenin su\u00e7 olmad\u0131\u011f\u0131n\u0131, bu konuda yarg\u0131lanan kimse olmad\u0131\u011f\u0131n\u0131 yazd\u0131. Yazar Temel Demirer, &#8220;Ben niye yarg\u0131lan\u0131yorum o zaman&#8221; diye soruyor.<br \/>\n<\/em><\/strong>D\u0131\u015fi\u015fleri Bakanl\u0131\u011f\u0131 resmi internet sitesinde &#8220;Sorularla D\u0131\u015f Politika\u201d ba\u015fl\u0131\u011f\u0131 alt\u0131nda yeni bir bilgilendirme b\u00f6l\u00fcm\u00fc a\u00e7t\u0131. Bakanl\u0131k, b\u00f6l\u00fcme Ermeni tehciri i\u00e7in &#8220;1915 olaylar\u0131n\u0131n yegane serbest\u00e7e ve \u00f6zg\u00fcrce tart\u0131\u015f\u0131ld\u0131\u011f\u0131 \u00fclkenin T\u00fcrkiye oldu\u011funu s\u00f6ylemek m\u00fcmk\u00fcnd\u00fcr&#8221; diye yazd\u0131. Bununla da kalmad\u0131, T\u00fcrkiye&#8217;nin bir \u00e7ok AB \u00fcyesi \u00fclkeden daha \u00f6zg\u00fcr oldu\u011funu s\u00f6yledi. <strong><em><\/em><\/strong><\/p>\n<p style=\"text-align: justify\"><strong><em>\u00a0<\/em><\/strong><strong><em>Bakanl\u0131k: Yarg\u0131lanan kimse olmad\u0131<\/em><\/strong><br \/>\nBakanl\u0131k, \u201cT\u00fcrkiye\u2019de, 1915 olaylar\u0131n\u0131 soyk\u0131r\u0131m diye nitelendirmek su\u00e7 mudur ve yasal takibata maruz kal\u0131n\u0131r m\u0131?\u201d \u015feklinde y\u00f6neltilen bir soruya, \u201cT\u00fcrk Ceza Kanunu\u2019nun ne 301. maddesinde ne de ba\u015fka bir b\u00f6l\u00fcm\u00fcnde \u2018Ermeni soyk\u0131r\u0131m\u0131\u2019n\u0131n inkar\u0131 gibi bir h\u00fck\u00fcm bulunmad\u0131\u011f\u0131 gibi, halihaz\u0131rda 1915 olaylar\u0131n\u0131n \u2018soyk\u0131r\u0131m\u2019 oldu\u011funu ileri s\u00fcrmesi nedeniyle adli kovu\u015fturmaya maruz kalm\u0131\u015f herhangi bir kimse bulunmamaktad\u0131r. \u2018Soyk\u0131r\u0131m\u0131n inkar\u0131 yasas\u0131\u2019 bulunan pek \u00e7ok \u00fclkenin aksine, T\u00fcrkiye\u2019de 1915 olaylar\u0131n\u0131n \u2018soyk\u0131r\u0131m\u2019 oldu\u011funu ileri s\u00fcren kitap, makale ve benzer yay\u0131nlar gerek orijinal olarak yaz\u0131ld\u0131klar\u0131 dillerde, gerek T\u00fcrk\u00e7e \u00e7evirileriyle sat\u0131lmaktad\u0131r. Bu kitaplar\u0131n aras\u0131nda, bilimsel ara\u015ft\u0131rmadan \u00e7ok ate\u015fli propaganda malzemesi olarak nitelendirilebilecek eserler de mevcuttur&#8221; yan\u0131t\u0131n\u0131 verdi.<\/p>\n<p style=\"text-align: justify\"><strong><em>Yalan s\u00f6yl\u00fcyorlar<\/em><\/strong><\/p>\n<p style=\"text-align: justify\">Bakanl\u0131\u011f\u0131 iddialar\u0131n\u0131n aksine yarg\u0131lanan biri var. Yazar Temel Demirer, Ermeni gazeteci Hrant Dink&#8217;in katledilmesinin ard\u0131ndan yapt\u0131\u011f\u0131 konu\u015fma nedeniyle TCK&#8217;n\u0131n 301 ve 216. maddelerinden yarg\u0131lan\u0131yor.<br \/>\nDemirer, ETHA&#8217;ya yapt\u0131\u011f\u0131 a\u00e7\u0131klamada &#8220;Yalan s\u00f6yl\u00fcyor bunlar. Benim hakk\u0131mda a\u00e7\u0131lan TCK 301 ve 216 ihlal iddianemesinde aynen \u015fu ibare var: &#8216;Resmi T\u00fcrk g\u00f6r\u00fc\u015f\u00fcne ayk\u0131r\u0131 olarak Ermeni soyk\u0131r\u0131m\u0131ndan s\u00f6z etti\u011fi.&#8217; Aynen ibare bu. Resmi T\u00fcrk g\u00f6r\u00fc\u015f\u00fcne, resmi devlet g\u00f6r\u00fc\u015f\u00fcne ayk\u0131r\u0131 Ermeni soyk\u0131r\u0131m\u0131 iddias\u0131 diye bir beyan ge\u00e7iyor&#8221; dedi.<\/p>\n<p><strong><em>Ben niye yarg\u0131lan\u0131yorum o zaman?<br \/>\n<\/em><\/strong>Mahkemede yapt\u0131\u011f\u0131 t\u00fcm savunmalar\u0131n kay\u0131tl\u0131 oldu\u011funu kaydeden Demirer, D\u0131\u015fi\u015fleri Bakanl\u0131\u011f\u0131&#8217;na T\u00fcrk devletinin Ermeni tehciri konusunda resmi bir g\u00f6r\u00fc\u015f\u00fc olup olmad\u0131\u011f\u0131n\u0131n soruldu\u011funu hat\u0131rlatt\u0131, hala bu konuda bir cevap gelmedi\u011fini s\u00f6yledi.<br \/>\nDemirer \u015f\u00f6yle devam etti: &#8220;\u015eimdi iddia \u015fu; Ben resmi T\u00fcrk devleti g\u00f6r\u00fc\u015f\u00fcne ayk\u0131r\u0131 Ermeni soyk\u0131r\u0131m\u0131 tezleri savunmu\u015fum.<\/p>\n<p style=\"text-align: justify\">\u015eimdi bu iddia bile bu arkada\u015flar\u0131n ya da D\u0131\u015fi\u015fleri denilen ayg\u0131t\u0131n yalan s\u00f6yledi\u011finin en basit ifadesidir. \u0130kincisi ben niye yarg\u0131lan\u0131yorum o zaman. Yani bunlar \u00e7ok net bi\u00e7imde tart\u0131\u015f\u0131l\u0131yorsa ve bu tart\u0131\u015fmalar \u00f6zg\u00fcr bir tart\u0131\u015fma ise beni niye yarg\u0131l\u0131yorlar TCK 301&#8217;den? Ben &#8216;T\u00fcrkl\u00fc\u011fe hakaret&#8217; davas\u0131ndan yarg\u0131lan\u0131yorum. Gerek\u00e7e Ermeni soyk\u0131r\u0131m\u0131ndan bahsetmem. Ermeni soyk\u0131r\u0131m\u0131ndan bahsetti\u011fim i\u00e7in T\u00fcrkl\u00fcge hakaret etmi\u015f oluyorum ve bu \u00f6zg\u00fcr bir tart\u0131\u015fma ortam\u0131 oluyor. B\u00f6yle sa\u00e7ma salak bir i\u015f mi olur? B\u00fct\u00fcn\u00fcyle benim yarg\u0131land\u0131\u011f\u0131m davayla bu iddia ters. Bu D\u0131\u015fi\u015fleri Bak\u0131n\u0131 gelsin benimle konu\u015fsun ya, ben onunla konu\u015fmaya haz\u0131r\u0131m.&#8221;<\/p>\n<p style=\"text-align: justify\"><strong><em>\u00a0<\/em><\/strong><strong><em>\u015eenol Sa\u011falt\u0131c\u0131<\/em><\/strong><\/p>\n<p style=\"text-align: justify\"><strong><em>Kaynak:<\/em><\/strong><strong><em> atilimhaber.org<br \/>\nTarih: 09.10.2010<\/em><\/strong><\/p>\n","protected":false},"excerpt":{"rendered":"<p>D\u0131\u015fi\u015fleri Bakanl\u0131\u011f\u0131, T\u00fcrkiye\u2019de 1915 olaylar\u0131n\u0131 \u201csoyk\u0131r\u0131m\u201d olarak nitelemenin su\u00e7 olmad\u0131\u011f\u0131n\u0131, bu konuda yarg\u0131lanan kimse olmad\u0131\u011f\u0131n\u0131 yazd\u0131. Yazar Temel Demirer, &#8220;Ben niye yarg\u0131lan\u0131yorum o zaman&#8221; diye soruyor. D\u0131\u015fi\u015fleri Bakanl\u0131\u011f\u0131 resmi internet sitesinde &#8220;Sorularla D\u0131\u015f Politika\u201d ba\u015fl\u0131\u011f\u0131 alt\u0131nda yeni bir bilgilendirme b\u00f6l\u00fcm\u00fc a\u00e7t\u0131. Bakanl\u0131k, b\u00f6l\u00fcme Ermeni tehciri i\u00e7in &#8220;1915 olaylar\u0131n\u0131n yegane serbest\u00e7e ve \u00f6zg\u00fcrce tart\u0131\u015f\u0131ld\u0131\u011f\u0131 \u00fclkenin T\u00fcrkiye [&hellip;]<\/p>\n","protected":false},"author":3,"featured_media":0,"comment_status":"closed","ping_status":"open","sticky":false,"template":"","format":"standard","meta":{"footnotes":""},"categories":[14],"tags":[],"class_list":["post-2301","post","type-post","status-publish","format-standard","hentry","category-haberler"],"yoast_head":"<!-- This site is optimized with the Yoast SEO plugin v27.4 - https:\/\/yoast.com\/product\/yoast-seo-wordpress\/ -->\n<title>Temel Demirer neden yarg\u0131lan\u0131yor - Bati Ermenistan Ve Bati Ermenileri Sorunlari Ara\u015ftirmalar Merkezi<\/title>\n<meta name=\"robots\" content=\"index, follow, max-snippet:-1, max-image-preview:large, max-video-preview:-1\" \/>\n<link rel=\"canonical\" href=\"https:\/\/akunq.net\/turkish\/2010\/10\/11\/temel-demirer-neden-yargilaniyor\/\" \/>\n<meta property=\"og:locale\" content=\"en_US\" \/>\n<meta property=\"og:type\" content=\"article\" \/>\n<meta property=\"og:title\" content=\"Temel Demirer neden yarg\u0131lan\u0131yor - Bati Ermenistan Ve Bati Ermenileri Sorunlari Ara\u015ftirmalar Merkezi\" \/>\n<meta property=\"og:description\" content=\"D\u0131\u015fi\u015fleri Bakanl\u0131\u011f\u0131, T\u00fcrkiye\u2019de 1915 olaylar\u0131n\u0131 \u201csoyk\u0131r\u0131m\u201d olarak nitelemenin su\u00e7 olmad\u0131\u011f\u0131n\u0131, bu konuda yarg\u0131lanan kimse olmad\u0131\u011f\u0131n\u0131 yazd\u0131. Yazar Temel Demirer, &#8220;Ben niye yarg\u0131lan\u0131yorum o zaman&#8221; diye soruyor. D\u0131\u015fi\u015fleri Bakanl\u0131\u011f\u0131 resmi internet sitesinde &#8220;Sorularla D\u0131\u015f Politika\u201d ba\u015fl\u0131\u011f\u0131 alt\u0131nda yeni bir bilgilendirme b\u00f6l\u00fcm\u00fc a\u00e7t\u0131. Bakanl\u0131k, b\u00f6l\u00fcme Ermeni tehciri i\u00e7in &#8220;1915 olaylar\u0131n\u0131n yegane serbest\u00e7e ve \u00f6zg\u00fcrce tart\u0131\u015f\u0131ld\u0131\u011f\u0131 \u00fclkenin T\u00fcrkiye [&hellip;]\" \/>\n<meta property=\"og:url\" content=\"https:\/\/akunq.net\/turkish\/2010\/10\/11\/temel-demirer-neden-yargilaniyor\/\" \/>\n<meta property=\"og:site_name\" content=\"Bati Ermenistan Ve Bati Ermenileri Sorunlari Ara\u015ftirmalar Merkezi\" \/>\n<meta property=\"article:published_time\" content=\"2010-10-11T13:39:50+00:00\" \/>\n<meta property=\"og:image\" content=\"https:\/\/akunq.net\/turkish\/wp-content\/uploads\/sites\/5\/2010\/10\/temeldemirer.png\" \/>\n\t<meta property=\"og:image:width\" content=\"202\" \/>\n\t<meta property=\"og:image:height\" content=\"266\" \/>\n\t<meta property=\"og:image:type\" content=\"image\/png\" \/>\n<meta name=\"author\" content=\"kalem\" \/>\n<meta name=\"twitter:card\" content=\"summary_large_image\" \/>\n<meta name=\"twitter:label1\" content=\"Written by\" \/>\n\t<meta name=\"twitter:data1\" content=\"kalem\" \/>\n\t<meta name=\"twitter:label2\" content=\"Est. reading time\" \/>\n\t<meta name=\"twitter:data2\" content=\"3 minutes\" \/>\n<script type=\"application\/ld+json\" class=\"yoast-schema-graph\">{\"@context\":\"https:\\\/\\\/schema.org\",\"@graph\":[{\"@type\":\"Article\",\"@id\":\"https:\\\/\\\/akunq.net\\\/turkish\\\/2010\\\/10\\\/11\\\/temel-demirer-neden-yargilaniyor\\\/#article\",\"isPartOf\":{\"@id\":\"https:\\\/\\\/akunq.net\\\/turkish\\\/2010\\\/10\\\/11\\\/temel-demirer-neden-yargilaniyor\\\/\"},\"author\":{\"name\":\"kalem\",\"@id\":\"https:\\\/\\\/akunq.net\\\/turkish\\\/#\\\/schema\\\/person\\\/135e7923d1aeb8887890799619969a6c\"},\"headline\":\"Temel Demirer neden yarg\u0131lan\u0131yor\",\"datePublished\":\"2010-10-11T13:39:50+00:00\",\"mainEntityOfPage\":{\"@id\":\"https:\\\/\\\/akunq.net\\\/turkish\\\/2010\\\/10\\\/11\\\/temel-demirer-neden-yargilaniyor\\\/\"},\"wordCount\":596,\"image\":{\"@id\":\"https:\\\/\\\/akunq.net\\\/turkish\\\/2010\\\/10\\\/11\\\/temel-demirer-neden-yargilaniyor\\\/#primaryimage\"},\"thumbnailUrl\":\"http:\\\/\\\/akunq.net\\\/tr\\\/wp-content\\\/uploads\\\/2010\\\/10\\\/temeldemirer.png\",\"articleSection\":[\"Haberler\"],\"inLanguage\":\"en-US\"},{\"@type\":\"WebPage\",\"@id\":\"https:\\\/\\\/akunq.net\\\/turkish\\\/2010\\\/10\\\/11\\\/temel-demirer-neden-yargilaniyor\\\/\",\"url\":\"https:\\\/\\\/akunq.net\\\/turkish\\\/2010\\\/10\\\/11\\\/temel-demirer-neden-yargilaniyor\\\/\",\"name\":\"Temel Demirer neden yarg\u0131lan\u0131yor - Bati Ermenistan Ve Bati Ermenileri Sorunlari Ara\u015ftirmalar Merkezi\",\"isPartOf\":{\"@id\":\"https:\\\/\\\/akunq.net\\\/turkish\\\/#website\"},\"primaryImageOfPage\":{\"@id\":\"https:\\\/\\\/akunq.net\\\/turkish\\\/2010\\\/10\\\/11\\\/temel-demirer-neden-yargilaniyor\\\/#primaryimage\"},\"image\":{\"@id\":\"https:\\\/\\\/akunq.net\\\/turkish\\\/2010\\\/10\\\/11\\\/temel-demirer-neden-yargilaniyor\\\/#primaryimage\"},\"thumbnailUrl\":\"http:\\\/\\\/akunq.net\\\/tr\\\/wp-content\\\/uploads\\\/2010\\\/10\\\/temeldemirer.png\",\"datePublished\":\"2010-10-11T13:39:50+00:00\",\"author\":{\"@id\":\"https:\\\/\\\/akunq.net\\\/turkish\\\/#\\\/schema\\\/person\\\/135e7923d1aeb8887890799619969a6c\"},\"breadcrumb\":{\"@id\":\"https:\\\/\\\/akunq.net\\\/turkish\\\/2010\\\/10\\\/11\\\/temel-demirer-neden-yargilaniyor\\\/#breadcrumb\"},\"inLanguage\":\"en-US\",\"potentialAction\":[{\"@type\":\"ReadAction\",\"target\":[\"https:\\\/\\\/akunq.net\\\/turkish\\\/2010\\\/10\\\/11\\\/temel-demirer-neden-yargilaniyor\\\/\"]}]},{\"@type\":\"ImageObject\",\"inLanguage\":\"en-US\",\"@id\":\"https:\\\/\\\/akunq.net\\\/turkish\\\/2010\\\/10\\\/11\\\/temel-demirer-neden-yargilaniyor\\\/#primaryimage\",\"url\":\"http:\\\/\\\/akunq.net\\\/tr\\\/wp-content\\\/uploads\\\/2010\\\/10\\\/temeldemirer.png\",\"contentUrl\":\"http:\\\/\\\/akunq.net\\\/tr\\\/wp-content\\\/uploads\\\/2010\\\/10\\\/temeldemirer.png\"},{\"@type\":\"BreadcrumbList\",\"@id\":\"https:\\\/\\\/akunq.net\\\/turkish\\\/2010\\\/10\\\/11\\\/temel-demirer-neden-yargilaniyor\\\/#breadcrumb\",\"itemListElement\":[{\"@type\":\"ListItem\",\"position\":1,\"name\":\"Home\",\"item\":\"https:\\\/\\\/akunq.net\\\/turkish\\\/\"},{\"@type\":\"ListItem\",\"position\":2,\"name\":\"Temel Demirer neden yarg\u0131lan\u0131yor\"}]},{\"@type\":\"WebSite\",\"@id\":\"https:\\\/\\\/akunq.net\\\/turkish\\\/#website\",\"url\":\"https:\\\/\\\/akunq.net\\\/turkish\\\/\",\"name\":\"Bati Ermenistan Ve Bati Ermenileri Sorunlari Ara\u015ftirmalar Merkezi\",\"description\":\"\",\"potentialAction\":[{\"@type\":\"SearchAction\",\"target\":{\"@type\":\"EntryPoint\",\"urlTemplate\":\"https:\\\/\\\/akunq.net\\\/turkish\\\/?s={search_term_string}\"},\"query-input\":{\"@type\":\"PropertyValueSpecification\",\"valueRequired\":true,\"valueName\":\"search_term_string\"}}],\"inLanguage\":\"en-US\"},{\"@type\":\"Person\",\"@id\":\"https:\\\/\\\/akunq.net\\\/turkish\\\/#\\\/schema\\\/person\\\/135e7923d1aeb8887890799619969a6c\",\"name\":\"kalem\",\"image\":{\"@type\":\"ImageObject\",\"inLanguage\":\"en-US\",\"@id\":\"https:\\\/\\\/secure.gravatar.com\\\/avatar\\\/a06875e4b25feb5674296adf8e8a7ae1e587cebce2493fe63c456109967e27d3?s=96&d=mm&r=g\",\"url\":\"https:\\\/\\\/secure.gravatar.com\\\/avatar\\\/a06875e4b25feb5674296adf8e8a7ae1e587cebce2493fe63c456109967e27d3?s=96&d=mm&r=g\",\"contentUrl\":\"https:\\\/\\\/secure.gravatar.com\\\/avatar\\\/a06875e4b25feb5674296adf8e8a7ae1e587cebce2493fe63c456109967e27d3?s=96&d=mm&r=g\",\"caption\":\"kalem\"},\"url\":\"https:\\\/\\\/akunq.net\\\/turkish\\\/author\\\/kalem\\\/\"}]}<\/script>\n<!-- \/ Yoast SEO plugin. -->","yoast_head_json":{"title":"Temel Demirer neden yarg\u0131lan\u0131yor - Bati Ermenistan Ve Bati Ermenileri Sorunlari Ara\u015ftirmalar Merkezi","robots":{"index":"index","follow":"follow","max-snippet":"max-snippet:-1","max-image-preview":"max-image-preview:large","max-video-preview":"max-video-preview:-1"},"canonical":"https:\/\/akunq.net\/turkish\/2010\/10\/11\/temel-demirer-neden-yargilaniyor\/","og_locale":"en_US","og_type":"article","og_title":"Temel Demirer neden yarg\u0131lan\u0131yor - Bati Ermenistan Ve Bati Ermenileri Sorunlari Ara\u015ftirmalar Merkezi","og_description":"D\u0131\u015fi\u015fleri Bakanl\u0131\u011f\u0131, T\u00fcrkiye\u2019de 1915 olaylar\u0131n\u0131 \u201csoyk\u0131r\u0131m\u201d olarak nitelemenin su\u00e7 olmad\u0131\u011f\u0131n\u0131, bu konuda yarg\u0131lanan kimse olmad\u0131\u011f\u0131n\u0131 yazd\u0131. Yazar Temel Demirer, &#8220;Ben niye yarg\u0131lan\u0131yorum o zaman&#8221; diye soruyor. D\u0131\u015fi\u015fleri Bakanl\u0131\u011f\u0131 resmi internet sitesinde &#8220;Sorularla D\u0131\u015f Politika\u201d ba\u015fl\u0131\u011f\u0131 alt\u0131nda yeni bir bilgilendirme b\u00f6l\u00fcm\u00fc a\u00e7t\u0131. Bakanl\u0131k, b\u00f6l\u00fcme Ermeni tehciri i\u00e7in &#8220;1915 olaylar\u0131n\u0131n yegane serbest\u00e7e ve \u00f6zg\u00fcrce tart\u0131\u015f\u0131ld\u0131\u011f\u0131 \u00fclkenin T\u00fcrkiye [&hellip;]","og_url":"https:\/\/akunq.net\/turkish\/2010\/10\/11\/temel-demirer-neden-yargilaniyor\/","og_site_name":"Bati Ermenistan Ve Bati Ermenileri Sorunlari Ara\u015ftirmalar Merkezi","article_published_time":"2010-10-11T13:39:50+00:00","og_image":[{"width":202,"height":266,"url":"https:\/\/akunq.net\/turkish\/wp-content\/uploads\/sites\/5\/2010\/10\/temeldemirer.png","type":"image\/png"}],"author":"kalem","twitter_card":"summary_large_image","twitter_misc":{"Written by":"kalem","Est. reading time":"3 minutes"},"schema":{"@context":"https:\/\/schema.org","@graph":[{"@type":"Article","@id":"https:\/\/akunq.net\/turkish\/2010\/10\/11\/temel-demirer-neden-yargilaniyor\/#article","isPartOf":{"@id":"https:\/\/akunq.net\/turkish\/2010\/10\/11\/temel-demirer-neden-yargilaniyor\/"},"author":{"name":"kalem","@id":"https:\/\/akunq.net\/turkish\/#\/schema\/person\/135e7923d1aeb8887890799619969a6c"},"headline":"Temel Demirer neden yarg\u0131lan\u0131yor","datePublished":"2010-10-11T13:39:50+00:00","mainEntityOfPage":{"@id":"https:\/\/akunq.net\/turkish\/2010\/10\/11\/temel-demirer-neden-yargilaniyor\/"},"wordCount":596,"image":{"@id":"https:\/\/akunq.net\/turkish\/2010\/10\/11\/temel-demirer-neden-yargilaniyor\/#primaryimage"},"thumbnailUrl":"http:\/\/akunq.net\/tr\/wp-content\/uploads\/2010\/10\/temeldemirer.png","articleSection":["Haberler"],"inLanguage":"en-US"},{"@type":"WebPage","@id":"https:\/\/akunq.net\/turkish\/2010\/10\/11\/temel-demirer-neden-yargilaniyor\/","url":"https:\/\/akunq.net\/turkish\/2010\/10\/11\/temel-demirer-neden-yargilaniyor\/","name":"Temel Demirer neden yarg\u0131lan\u0131yor - Bati Ermenistan Ve Bati Ermenileri Sorunlari Ara\u015ftirmalar Merkezi","isPartOf":{"@id":"https:\/\/akunq.net\/turkish\/#website"},"primaryImageOfPage":{"@id":"https:\/\/akunq.net\/turkish\/2010\/10\/11\/temel-demirer-neden-yargilaniyor\/#primaryimage"},"image":{"@id":"https:\/\/akunq.net\/turkish\/2010\/10\/11\/temel-demirer-neden-yargilaniyor\/#primaryimage"},"thumbnailUrl":"http:\/\/akunq.net\/tr\/wp-content\/uploads\/2010\/10\/temeldemirer.png","datePublished":"2010-10-11T13:39:50+00:00","author":{"@id":"https:\/\/akunq.net\/turkish\/#\/schema\/person\/135e7923d1aeb8887890799619969a6c"},"breadcrumb":{"@id":"https:\/\/akunq.net\/turkish\/2010\/10\/11\/temel-demirer-neden-yargilaniyor\/#breadcrumb"},"inLanguage":"en-US","potentialAction":[{"@type":"ReadAction","target":["https:\/\/akunq.net\/turkish\/2010\/10\/11\/temel-demirer-neden-yargilaniyor\/"]}]},{"@type":"ImageObject","inLanguage":"en-US","@id":"https:\/\/akunq.net\/turkish\/2010\/10\/11\/temel-demirer-neden-yargilaniyor\/#primaryimage","url":"http:\/\/akunq.net\/tr\/wp-content\/uploads\/2010\/10\/temeldemirer.png","contentUrl":"http:\/\/akunq.net\/tr\/wp-content\/uploads\/2010\/10\/temeldemirer.png"},{"@type":"BreadcrumbList","@id":"https:\/\/akunq.net\/turkish\/2010\/10\/11\/temel-demirer-neden-yargilaniyor\/#breadcrumb","itemListElement":[{"@type":"ListItem","position":1,"name":"Home","item":"https:\/\/akunq.net\/turkish\/"},{"@type":"ListItem","position":2,"name":"Temel Demirer neden yarg\u0131lan\u0131yor"}]},{"@type":"WebSite","@id":"https:\/\/akunq.net\/turkish\/#website","url":"https:\/\/akunq.net\/turkish\/","name":"Bati Ermenistan Ve Bati Ermenileri Sorunlari Ara\u015ftirmalar Merkezi","description":"","potentialAction":[{"@type":"SearchAction","target":{"@type":"EntryPoint","urlTemplate":"https:\/\/akunq.net\/turkish\/?s={search_term_string}"},"query-input":{"@type":"PropertyValueSpecification","valueRequired":true,"valueName":"search_term_string"}}],"inLanguage":"en-US"},{"@type":"Person","@id":"https:\/\/akunq.net\/turkish\/#\/schema\/person\/135e7923d1aeb8887890799619969a6c","name":"kalem","image":{"@type":"ImageObject","inLanguage":"en-US","@id":"https:\/\/secure.gravatar.com\/avatar\/a06875e4b25feb5674296adf8e8a7ae1e587cebce2493fe63c456109967e27d3?s=96&d=mm&r=g","url":"https:\/\/secure.gravatar.com\/avatar\/a06875e4b25feb5674296adf8e8a7ae1e587cebce2493fe63c456109967e27d3?s=96&d=mm&r=g","contentUrl":"https:\/\/secure.gravatar.com\/avatar\/a06875e4b25feb5674296adf8e8a7ae1e587cebce2493fe63c456109967e27d3?s=96&d=mm&r=g","caption":"kalem"},"url":"https:\/\/akunq.net\/turkish\/author\/kalem\/"}]}},"_links":{"self":[{"href":"https:\/\/akunq.net\/turkish\/wp-json\/wp\/v2\/posts\/2301","targetHints":{"allow":["GET"]}}],"collection":[{"href":"https:\/\/akunq.net\/turkish\/wp-json\/wp\/v2\/posts"}],"about":[{"href":"https:\/\/akunq.net\/turkish\/wp-json\/wp\/v2\/types\/post"}],"author":[{"embeddable":true,"href":"https:\/\/akunq.net\/turkish\/wp-json\/wp\/v2\/users\/3"}],"replies":[{"embeddable":true,"href":"https:\/\/akunq.net\/turkish\/wp-json\/wp\/v2\/comments?post=2301"}],"version-history":[{"count":0,"href":"https:\/\/akunq.net\/turkish\/wp-json\/wp\/v2\/posts\/2301\/revisions"}],"wp:attachment":[{"href":"https:\/\/akunq.net\/turkish\/wp-json\/wp\/v2\/media?parent=2301"}],"wp:term":[{"taxonomy":"category","embeddable":true,"href":"https:\/\/akunq.net\/turkish\/wp-json\/wp\/v2\/categories?post=2301"},{"taxonomy":"post_tag","embeddable":true,"href":"https:\/\/akunq.net\/turkish\/wp-json\/wp\/v2\/tags?post=2301"}],"curies":[{"name":"wp","href":"https:\/\/api.w.org\/{rel}","templated":true}]}}