{"id":2297,"date":"2010-10-09T08:02:41","date_gmt":"2010-10-09T13:02:41","guid":{"rendered":"http:\/\/akunq.net\/tr\/?p=2297"},"modified":"2010-10-09T08:02:41","modified_gmt":"2010-10-09T13:02:41","slug":"protestanlar-tehdit-degiliz","status":"publish","type":"post","link":"https:\/\/akunq.net\/turkish\/2010\/10\/09\/protestanlar-tehdit-degiliz\/","title":{"rendered":"Protestanlar: Tehdit de\u011filiz"},"content":{"rendered":"<p style=\"text-align: justify\"><strong>ANKARA<\/strong><strong> <\/strong>&#8211; Protestan Kiliseleri Derne\u011fi, Protestanlar\u0131n hak ihlallerini raporla\u015ft\u0131rd\u0131. \u201cProtestanlar \u2018tehdit mi\u2019 yoksa tehdit alt\u0131nda m\u0131?\u201d ba\u015fl\u0131\u011f\u0131yla yay\u0131mlanan raporda, Protestanlar\u0131n ya\u015fam haklar\u0131n\u0131n tehlikede oldu\u011funa vurgu yap\u0131ld\u0131; inan\u00e7 \u00f6zg\u00fcrl\u00fc\u011f\u00fc talep edildi.<\/p>\n<p>T\u00fcrkiye\u2019de Protestanlar\u0131n Yasal ve Sosyal Sorunlar\u0131 raporu Dernek Ba\u015fkan\u0131 Zekai Tanyar, Dernek Genel Sekreteri Umut \u015eahin ve \u0130nsan Haklar\u0131 G\u00fcndemi Derne\u011fi Ba\u015fkan\u0131 Avukat Orhan Kemal Cengiz\u2019in kat\u0131ld\u0131\u011f\u0131 bas\u0131n toplant\u0131s\u0131yla a\u00e7\u0131kland\u0131.<\/p>\n<p>Dernek Ba\u015fkan\u0131 Tanyar, Anayasa\u2019da inan\u00e7 \u00f6zg\u00fcrl\u00fc\u011f\u00fcn\u00fcn \u00f6n\u00fcn\u00fc a\u00e7an d\u00fczenlemeler oldu\u011funa dikkat \u00e7ekerken, yasa ve y\u00f6netmeliklerle de inan\u00e7 \u00f6zg\u00fcrl\u00fc\u011f\u00fcn\u00fcn k\u0131s\u0131tland\u0131\u011f\u0131n\u0131 belirterek, \u201cA\u00e7\u0131k\u00e7a elle verilirken, el alt\u0131ndan geri \u00e7ekiliyor\u201d dedi. Protestanlarla ilgili karalama kampanyalar\u0131na dikkat \u00e7eken Tanyar, \u201c\u00d6zellikle 2000 y\u0131l\u0131ndan bu yana Protestanlar \u00f6zellikle medyada tehdit olarak sunuldu. Bu bizim ya\u015fam hakk\u0131m\u0131z\u0131 tehdit etti. Kampanya, insanlar\u0131, 2007\u2019de \u00fc\u00e7 insan\u0131n Malatya\u2019da bo\u011fazlar\u0131n\u0131n kesilmesine kadar g\u00f6t\u00fcrebiliyor. 8. s\u0131n\u0131f \u00f6\u011frencilerine ders kitaplar\u0131nda \u2018bu insanlar tehdittir, d\u00fc\u015fmand\u0131r\u2019 anlay\u0131\u015f\u0131 a\u015f\u0131land\u0131. Bu kafa yap\u0131s\u0131ndan insanlar\u0131n kurtulmas\u0131n\u0131 arzuluyoruz\u201d dedi.<\/p>\n<p>Yasalara g\u00f6re Protestanlar\u0131n ibadet yeri a\u00e7abilece\u011fini ancak uygulamada ibadet yeri a\u00e7amad\u0131klar\u0131n\u0131 belirten Tanyar, \u201cYasal\u0131z ama istenmiyoruz. S\u0131rf inanc\u0131m\u0131zdan dolay\u0131 yasa d\u0131\u015f\u0131 say\u0131l\u0131yoruz\u201d dedi.<\/p>\n<p><strong>ERGENEKON\u2019UN \u00c7EK\u0130RDEK YAPISI<\/strong><\/p>\n<p>Avukat Orhan Kemal Cengiz de medyan\u0131n Protestanlara y\u00f6nelik karalama kampanyalar\u0131n\u0131n hemen ard\u0131ndan Protestanlara sald\u0131r\u0131lar\u0131n ger\u00e7ekle\u015fti\u011fine dikkat \u00e7ekti. Son y\u0131llarda Protestanlara sald\u0131r\u0131lar\u0131n azald\u0131\u011f\u0131n\u0131 belirten Cengiz, bunda Ergenekon\u2019un \u00e7ekirdek kadrosunun cezaevine girmi\u015f olmas\u0131n\u0131n katk\u0131s\u0131 oldu\u011funu kaydetti. Cengiz, Protestanlar hakk\u0131nda karalama kampanyas\u0131 yapan, bas\u0131n a\u00e7\u0131klamalar\u0131 d\u00fczenleyen, Genelkurmay\u2019a brifing veren kadronun Ergenekon kapsam\u0131nda yarg\u0131land\u0131\u011f\u0131n\u0131 belirtirken, \u201cErgenekon\u2019un \u00fczerine daha net bir \u015fekilde gidilebilirse, bu \u00e7ok net anla\u015f\u0131labilecek\u201d dedi. Cengiz, misyonerlik ile ilgili ele\u015ftirileri ise \u015f\u00f6yle yan\u0131tlad\u0131:<\/p>\n<p>&#8220;Bu yarat\u0131lm\u0131\u015f bir \u015fey. Ergenekon&#8217;un Protestanlarla u\u011fra\u015fmas\u0131n\u0131n \u00fczerine gidilmedi\u011finden kastetti\u011fim \u015fey buydu. Ergenekon&#8217;un \u00e7ekirdek kadrosu \u00e7ok ciddi bir \u015fekilde, gerek Genelkurmay&#8217;da gerek, bas\u0131n\u0131 ve medyay\u0131 kullanarak T\u00fcrk halk\u0131nda b\u00f6yle bir alg\u0131lama yaratmaya \u00e7al\u0131\u015ft\u0131. &#8216;T\u00fcrkiye i\u015fgal alt\u0131ndayd\u0131, T\u00fcrkiye&#8217;yi b\u00f6lmek i\u00e7in \u00e7al\u0131\u015fan bir misyoner grup vard\u0131&#8217; gibi propagandalar Ergenekon&#8217;un \u00e7ekirdek kadrosu taraf\u0131ndan yap\u0131ld\u0131. Gazeteler man\u00fcple edildi, Genelkurmay&#8217;a brifingler yap\u0131ld\u0131. B\u00fct\u00fcn bunlar neden yap\u0131ld\u0131, bence \u015fu nedenle yap\u0131ld\u0131: Ergenekon bir t\u00fcr K\u0131z\u0131lelma koalisyonu. Gerek sa\u011fdan gerek soldan milliyet\u00e7ilerin bir araya geldikleri bir yap\u0131. M\u00fcsl\u00fcmanlar\u0131 milliyet\u00e7ile\u015ftirecek \u00e7ok \u00f6nemli bir kavram olarak misyonerli\u011fi kulland\u0131lar. Anadolu&#8217;daki saf M\u00fcsl\u00fcmanlar\u0131 k\u0131\u015fk\u0131rt\u0131p, onlar\u0131 milliyet\u00e7i bir s\u00f6yleme s\u00fcr\u00fcklemek bak\u0131m\u0131ndan Protestan misyoner \u00e7ok iyi bir ara\u00e7t\u0131r, \u00e7ok iyi bir sembold\u00fcr. Ergenekon&#8217;un \u00fczerine daha net bir \u015fekilde gidilebilse, bu \u00e7ok net bir \u015fekilde anla\u015f\u0131labilecek. Ama maalesef bu kadar derinlere gidilemedi. \u00c7ok y\u00fczeysel kal\u0131nd\u0131.&#8221;<\/p>\n<p><strong>PROTESTANLAR TANINMIYOR <\/strong><\/p>\n<p>Raporda, Protestanlar\u0131n ya\u015fad\u0131klar\u0131 s\u0131k\u0131nt\u0131lar \u015f\u00f6yle aktar\u0131ld\u0131:<\/p>\n<p>&#8211; Kiliselerin y\u00fczde 99\u2019unun t\u00fczel ki\u015fili\u011fi yok. Kiliseler, t\u00fczel ki\u015filik olarak tan\u0131nm\u0131yor.<\/p>\n<p>&#8211; \u0130mar Kanununda yap\u0131lan de\u011fi\u015fikli\u011fe kar\u015f\u0131n Protestanlara ibadet yeri verilmiyor. Gayrim\u00fcslimler s\u00f6z konusu oldu\u011funda yasayla verilen, y\u00f6netmelikle geri al\u0131n\u0131yor. Protestanlar t\u00fcm belediyelere, ibadet yeri a\u00e7abilmek i\u00e7in ba\u015fvuruda bulundu. Onlarca ba\u015fvurudan sadece birine yan\u0131t geldi. \u0130stanbul\u2019da Alt\u0131ntepe Protestan Kilisesi \u015fu an T\u00fcrkiye\u2019de Protestanlar\u0131n ibadet yeri olarak tan\u0131nan tek yer.<\/p>\n<p>&#8211; Protestanlar\u0131n ki\u015filik haklar\u0131 korunmuyor, nefret s\u00f6ylemine kar\u015f\u0131 koruma geli\u015ftirilmiyor. Son olarak bir televizyon program\u0131nda Protestanlara ili\u015fkin ele\u015ftiriler nedeniyle dava a\u00e7\u0131ld\u0131. Yarg\u0131tay, Protestanlar\u0131 tan\u0131mad\u0131 ve \u201cs\u0131fat yoklu\u011fu\u201d nedeniyle davay\u0131 reddetti. Ayn\u0131 Yarg\u0131tay\u2019\u0131n Orhan Pamuk\u2019un yazd\u0131\u011f\u0131 bir yaz\u0131 nedeniyle \u201cs\u0131fat yoklu\u011fu\u201d \u015fart\u0131n\u0131 \u00f6ne s\u00fcrmeden t\u00fcm T\u00fcrklere dava a\u00e7ma hakk\u0131 getirdi\u011fine dikkat \u00e7ekildi.<\/p>\n<p>&#8211; En b\u00fcy\u00fck sorun ilk\u00f6\u011fretim ve lise \u00f6\u011frenimindeki zorunlu din dersi zorunu. H\u0131ristiyan \u00e7ocuklar bu derslerden muaf tutulsa da okul i\u00e7inde bu nedenle ayr\u0131mc\u0131l\u0131\u011fa u\u011fruyor, \u201cgavur\u201d yaftalamas\u0131 ile kar\u015f\u0131la\u015f\u0131yor. Baz\u0131 olaylarda H\u0131ristiyan \u00f6\u011frencilerin \u00f6\u011fretmenleri taraf\u0131ndan t\u00fcm s\u0131n\u0131f i\u00e7inde M\u00fcsl\u00fcmanl\u0131\u011fa davet edildi\u011fi belirtiliyor.<\/p>\n<p>&#8211; Din dersinden muaf tutulmak i\u00e7in kimlikte H\u0131ristiyan yazmas\u0131 ko\u015fulu getiriyor. \u00d6\u011frenci ya da \u00f6\u011frencinin anne ve babas\u0131n\u0131n H\u0131ristiyan olduklar\u0131n\u0131 s\u00f6zle s\u00f6ylemeleri halinde dahi \u00f6\u011frenci dersten muaf tutulmuyor.<\/p>\n<p>&#8211; Protestanlar\u0131n y\u00fczde 60\u2019\u0131 ise i\u015fsiz kalma ve hayati tehlike nedeniyle kimliklerinin din hanesine \u0130slam yazd\u0131rmak zorunda kal\u0131yor.<\/p>\n<p>&#8211; Protestanlar din adam\u0131 yeti\u015ftiremiyor. Gayrim\u00fcslimlerin din adam\u0131 yeti\u015ftirmek i\u00e7in orta \u00f6\u011frenim ve \u00fcniversite a\u00e7mak i\u00e7in nas\u0131l bir yol izleyebilecekleri konusunda bir a\u00e7\u0131kl\u0131k bulunmuyor.<\/p>\n<p>-Protestanlar\u0131n mezarl\u0131k stat\u00fcleri belli de\u011fil.<\/p>\n<p>-Kamu ve \u00f6zel sekt\u00f6rde \u00e7al\u0131\u015fan H\u0131ristiyanlar kutsal say\u0131lan g\u00fcnlerde tatil yapam\u0131yorlar.<\/p>\n<p><strong>PROTESTANLAR ANLATTI <\/strong><\/p>\n<p>Protestanlar, kar\u015f\u0131la\u015ft\u0131klar\u0131 s\u0131k\u0131nt\u0131lar\u0131 \u015f\u00f6yle aktard\u0131:<\/p>\n<p>\u0130skenderun\u2019dan bir topluluk \u00f6nderi \u015f\u00f6yle anlat\u0131yor:<\/p>\n<p>\u201cBiz belki de \u00fclkemizde T\u00fcrk\u00e7e ibadet yapan ilk toplulu\u011fuz, 50 y\u0131ll\u0131k bir ge\u00e7mi\u015fimiz var. Topluluk ilk olu\u015ftu\u011funda klasik anlamda bir kilise binas\u0131na sahiptik. 1971 y\u0131l\u0131nda devlet kilise binam\u0131z\u0131 istimlak ederek el koydu. Biz toplanmaya devam ediyorduk. 1971 y\u0131l\u0131 29 Ekim Cumhuriyet Bayram\u0131 g\u00fcn\u00fc b\u00fct\u00fcn resmi kurulu\u015flar tatil iken y\u0131k\u0131m ekipleri geldi ve kilisemizi y\u0131kt\u0131lar. Her yer kapal\u0131 oldu\u011fu i\u00e7in itiraz edemedik. Bilin\u00e7li olarak b\u00f6yle yapt\u0131lar. O kiliseden sadece elimizde kilisenin \u00e7an\u0131 kald\u0131. Daha sonra davalar a\u00e7t\u0131k, kimini kazand\u0131k kimini kaybettik ama zaten binam\u0131z\u0131 y\u0131km\u0131\u015flard\u0131. Bir s\u00fcre sonra bize toplant\u0131 i\u00e7in bir yer g\u00f6sterdiler. Orada toplanmaya ba\u015flad\u0131k. Belirli bir zaman ge\u00e7tikten sonra oras\u0131n\u0131n lojman olarak kullan\u0131laca\u011f\u0131n\u0131 s\u00f6yleyip oradan da \u00e7\u0131kard\u0131lar. Daha sonra bug\u00fcn topland\u0131\u011f\u0131m\u0131z yeri 15 y\u0131l \u00f6nce sat\u0131n ald\u0131k. Buras\u0131 bir apartman\u0131n alt\u0131nda bir i\u015fyeri stat\u00fcs\u00fcnde ama toplanacak bir yere ihtiyac\u0131m\u0131z vard\u0131. 2002 y\u0131l\u0131n\u0131n ba\u015f\u0131nda ibadet yerinin yasad\u0131\u015f\u0131 oldu\u011fu gerek\u00e7esi ile gelip buray\u0131 kapatt\u0131lar. 2005 y\u0131l\u0131na kadar kapal\u0131 kald\u0131ktan sonra tekrar a\u00e7may\u0131 ba\u015fard\u0131k ama bu sefer de 2006 y\u0131l\u0131nda ayn\u0131 gerek\u00e7e ile tekrar kapatt\u0131lar. Bir ay kapal\u0131 kald\u0131ktan sonra dernek kurduk ve tekrar a\u00e7\u0131ld\u0131. \u015eu anda a\u00e7\u0131\u011f\u0131z ama ne olaca\u011f\u0131 hi\u00e7 belli de\u011fil\u201d<\/p>\n<p><strong>BA\u015eKA B\u0130R TOPLULUK \u00d6NDER\u0130: <\/strong><\/p>\n<p>\u201c1994\u2019ten beri \u015fu anda kulland\u0131\u011f\u0131m\u0131z toplant\u0131 yerini kullan\u0131yoruz. 1999\u2019da bir Emniyet yetkilisi bizi \u00e7a\u011f\u0131rd\u0131 ve bu yeri kapatmam\u0131z\u0131 istedi. Biz bunu kabul edemeyece\u011fimizi, ibadet etmek i\u00e7in toplant\u0131 yerine ihtiyac\u0131m\u0131z oldu\u011funu belirttik ve bunun \u0130mar Kanunu konusu olup \u0130dari Mahkeme\u2019nin karar\u0131n\u0131n gere\u011fini belirterek \u0130dari Mahkeme\u2019ye ba\u015fvurduk. Emniyet yetkilisi bu yeri kapataca\u011f\u0131n\u0131 ve bizim de bunu g\u00f6rece\u011fimizi s\u00f6yledi. Bu g\u00f6r\u00fc\u015fmeden bir ay sonra polisler ibadet s\u0131ras\u0131nda, gazeteciler ve televizyoncular e\u015fli\u011finde toplant\u0131 yerimizi bast\u0131. O g\u00fcn orada bulunan b\u00fct\u00fcn cemaati g\u00f6zalt\u0131na ald\u0131lar, topluluk bir g\u00fcn boyunca nezarette kald\u0131 ve daha sonraki g\u00fcn serbest b\u0131rak\u0131ld\u0131lar, toplant\u0131 yerimiz kapat\u0131ld\u0131. G\u00fcnlerce bizim hakk\u0131m\u0131zda gazetelerde ve televizyonlarda as\u0131ls\u0131z haberler yap\u0131ld\u0131. Kapat\u0131lma \u00f6ncesi ikazlar\u0131na ra\u011fmen toplant\u0131 yerini kulland\u0131k diye polise muhalefetten para cezas\u0131na \u00e7arpt\u0131r\u0131ld\u0131k. Kapat\u0131lmaya kar\u015f\u0131 dava a\u00e7t\u0131k. O d\u00f6nemde yabanc\u0131 bir \u00fclke ba\u015fkan\u0131 T\u00fcrkiye\u2019yi deprem dolay\u0131s\u0131 ile ziyarete gelecekti. Kilisemizin kapat\u0131lmas\u0131n\u0131n uluslararas\u0131 alanda sorun yaratmamas\u0131 i\u00e7in \u00fc\u00e7 ay sonra yerimizi tekrar a\u00e7t\u0131lar. Belediyeden ve valilikten uygun bir yer istedik ama olumsuz cevap ald\u0131k. Bir s\u00fcre sonra a\u00e7t\u0131\u011f\u0131m\u0131z davay\u0131 kaybettik ve A\u0130HM\u2019e gittik. Avrupa Birli\u011fi Uyum Yasalar\u0131 \u00e7er\u00e7evesinde bir\u00e7ok yasa de\u011fi\u015fince, A\u0130HM dosyam\u0131z\u0131 geri g\u00f6nderdi ve ibadet yeri i\u00e7in tekrar ba\u015fvurun anlam\u0131na gelen bir karar verdi. 2006 y\u0131l\u0131nda dernek kurduk ve \u015fimdilik bu \u015fekilde devam ediyoruz.\u201d<\/p>\n<p><strong>\u0130STANBULLU PROTESTAN\u2019IN \u015e\u0130KAYET\u0130<\/strong><\/p>\n<p>&#8211; \u0130stanbul\u2019da ba\u011fl\u0131 oldu\u011fumuz il\u00e7e belediyesine ibadet yeri g\u00f6sterilmesi i\u00e7in ba\u015fvurduk. Belediye talebimize olumlu yakla\u015ft\u0131 ve bize bir yer g\u00f6sterdi. Ancak bu yerin Milli Emlak\u2019a ait oldu\u011funu belirtip onlarla g\u00f6r\u00fc\u015fmemizi s\u00f6yledi. Milli Emlak\u2019a ba\u015fvurduk ve onlar da olumlu yakla\u015ft\u0131, ancak Diyanet \u0130\u015fleri Ba\u015fkanl\u0131\u011f\u0131\u2019ndan g\u00f6r\u00fc\u015f isteyeceklerini belirttiler. Bir s\u00fcre sonra Diyanet \u0130\u015fleri Ba\u015fkanl\u0131\u011f\u0131\u2019ndan cevap geldi. Cevaplar\u0131nda orada bir camiye ihtiya\u00e7 bulundu\u011funu belirtmi\u015fler. Ancak orada zaten \u00e7ok yak\u0131nda bir cami var. Bir de bakt\u0131k ki, bize o yerin verilmemesi i\u00e7in bir cami in\u015faat\u0131 ba\u015flam\u0131\u015f bile. Bazen olumlu yakla\u015fan kurumlar oluyor ama bir t\u00fcrl\u00fc olumlu somut bir sonu\u00e7 alam\u0131yoruz.\u201d<\/p>\n<p><strong>B\u0130R L\u0130SE \u00d6\u011eRENC\u0130S\u0130: <\/strong><\/p>\n<p>&#8211; Diyarbak\u0131r\u2019da lise birinci s\u0131n\u0131fa devam eden bir k\u0131z \u00f6\u011frenci, kendisi ve ailesi Hristiyan oldu\u011fu i\u00e7in din derslerinden muaf olma hakk\u0131 oldu\u011fu halde, \u2018Din derslerine girmek istiyorum\u2019 diyor. \u201cNeden?\u201d diye soruldu\u011funda \u015f\u00f6yle anlat\u0131yor: \u201cDerste Hristiyanlar hakk\u0131nda anlat\u0131lan yanl\u0131\u015f \u015feylere itiraz etmek istiyorum. \u201cHristiyanlar M\u00fcsl\u00fcmanlar\u2019\u0131 \u00f6ld\u00fcr\u00fcyor,\u201d diyorlar. Ben diyorum ki, \u2018Malatya\u2019da Hristiyanlar M\u00fcsl\u00fcmanlar\u2019\u0131 m\u0131 \u00f6ld\u00fcrd\u00fc?\u2019 Bana diyorlar ki, \u2018Onlar ne yapt\u0131 biliyor musun? Ka\u00e7 ki\u015fiyi Hristiyan yapt\u0131lar!\u2019 Bunlar eski okulunda olanlar. Yeni okulunda yine din dersine giriyor. Bu kez \u00f6\u011fretmen kendisiyle do\u011frudan tart\u0131\u015fmaya giriyor. \u2018\u0130ncil\u2019de, Meryem Allah\u2019la ili\u015fkiye girmi\u015ftir, diye yaz\u0131yor\u2019 diyor \u00f6\u011fretmen, \u00f6\u011frenci, \u201cYok hocam, yazm\u0131yor, siz \u0130ncil\u2019i okudunuz mu?\u2019 diye soruyor. \u00d6\u011fretmen, \u201cOkudum\u201d diyor ama k\u0131z\u0131yor. En son, \u00f6\u011fretmen koridorda arkas\u0131ndan, \u201cM\u00fcsl\u00fcman ol, seni M\u00fcsl\u00fcmanl\u0131\u011fa davet ediyorum,\u201d diye ba\u011f\u0131r\u0131yor. Babas\u0131 okula gelip \u00f6\u011fretmenlerle g\u00f6r\u00fc\u015ft\u00fckten sonra art\u0131k din derslerine girmedi\u011fini, \u00f6\u011fretmeniyle girdi\u011fi tart\u0131\u015fmadan \u00f6t\u00fcr\u00fc di\u011fer arkada\u015flar\u0131n\u0131n da kendisine kar\u015f\u0131 tav\u0131r ald\u0131\u011f\u0131n\u0131 anlat\u0131yor. Kendisine ve inanc\u0131na sayg\u0131 duyuldu\u011funu hissetmiyor.\u201d<\/p>\n<p><strong>HR\u0130ST\u0130YAN B\u0130R ASKER <\/strong><\/p>\n<p>H\u0131ristiyan bir gen\u00e7, askerde denetim s\u0131ras\u0131nda dolab\u0131nda \u0130ncil bulundu\u011funu anlat\u0131yor:<\/p>\n<p>\u201cKomutan \u00e7a\u011f\u0131rd\u0131. Misyonerlerle ilgili bir sunum g\u00f6sterdi. \u201cB\u00f6yle misin?\u201d diye sordu. Bildi\u011fim tan\u0131d\u0131\u011f\u0131m kilisenin b\u00f6ylesi bir y\u0131k\u0131c\u0131 plan\u0131n par\u00e7as\u0131 olarak resmedilmesi kar\u015f\u0131s\u0131nda \u00e7ok \u015fa\u015f\u0131rd\u0131m. \u201cKomutan\u0131m ben \u00f6yle de\u011filim. Vatan\u0131m\u0131 seviyorum\u201d dedim. Komutan babam\u0131 arad\u0131, H\u0131ristiyan oldu\u011fumu s\u00f6yledi. Babam zaten H\u0131ristiyan oldu\u011fumu bildi\u011fi i\u00e7in ailemle ilgili herhangi bir sorun olmad\u0131. Komutan \u201cArt\u0131k g\u00f6z\u00fcmden d\u00fc\u015ft\u00fcn\u201d dedi ve k\u0131sa bir s\u00fcre i\u00e7inde g\u00f6rev yerim de\u011fi\u015ftirildi. Son birka\u00e7 ay\u0131n\u0131 olduk\u00e7a zor bir g\u00f6rev yerinde ge\u00e7irdim.\u201d<\/p>\n<p><strong>\u00c7\u00d6Z\u00dcM \u00d6NER\u0130LER\u0130: <\/strong><\/p>\n<p>&#8211; T\u00fcrkiye\u2019de d\u00fc\u015f\u00fcnce, din ve inan\u00e7 \u00f6zg\u00fcrl\u00fc\u011f\u00fc, uluslararas\u0131 hukuk standartlar\u0131 \u00f6l\u00e7\u00fcs\u00fcnde g\u00fcvence alt\u0131na al\u0131nmal\u0131d\u0131r.<\/p>\n<p>&#8211; Ba\u015fta Diyanet \u0130\u015fleri Ba\u015fkanl\u0131\u011f\u0131, \u0130mam Hatip Liseleri ve Y\u00fcksek \u00d6\u011frenim Kurumu b\u00fcnyesindeki \u0130lahiyat Fak\u00fclteleri arac\u0131l\u0131\u011f\u0131yla T\u00fcrkiye\u2019deki S\u00fcnni M\u00fcsl\u00fcman kesime sunulan dinsel kamu hizmetinin yaratt\u0131\u011f\u0131 e\u015fitsizlik g\u00f6z \u00f6n\u00fcnde bulundurularak, di\u011fer din ve inan\u00e7lara mensup vatanda\u015flar i\u00e7in e\u015fitli\u011fi sa\u011flaman\u0131n yollar\u0131 aranmal\u0131d\u0131r.<\/p>\n<p>&#8211; Siyaset\u00e7iler, Protestanlara kar\u015f\u0131 karalay\u0131c\u0131, \u00f6tekile\u015ftirici s\u00f6ylemler kullanmamal\u0131d\u0131r. Protestanlar ulusal tehdit olarak alg\u0131lanmamal\u0131d\u0131r.<\/p>\n<p>&#8211; Dernekler Kanunu\u2019ndan yap\u0131lan de\u011fi\u015fiklikler Protestanlar\u0131n t\u00fczel ki\u015filik konusunda ihtiya\u00e7lar\u0131n\u0131 bir \u00f6l\u00e7\u00fcde kar\u015f\u0131lam\u0131\u015f olsa da, bu konuda uygulamada ya\u015fanan tutars\u0131zl\u0131klar ve k\u0131s\u0131tlamalar giderilmelidir.<\/p>\n<p>-Nefret Su\u00e7lar\u0131 hakk\u0131nda gerekli yasal d\u00fczenlemeler yap\u0131lmal\u0131d\u0131r.<\/p>\n<p>&#8211; N\u00fcfus kay\u0131tlar\u0131nda ve kimlik belgelerinde din veya inan\u00e7 kayd\u0131 ve ibaresi kald\u0131r\u0131lmal\u0131d\u0131r.<\/p>\n<p>-\u0130badet yerleri edinmelerinin \u00f6n\u00fcndeki engeller kald\u0131r\u0131lmal\u0131d\u0131r.<\/p>\n<p>&#8211; Zirve Yay\u0131nevi katliam\u0131 ile ilgili olarak s\u00fcrmekte olan dava, su\u00e7u i\u015fleyenlerle s\u0131n\u0131rl\u0131 kalmayarak, katliam\u0131n ger\u00e7ekle\u015fmesine katk\u0131da bulunmu\u015f t\u00fcm faillerin ortaya \u00e7\u0131kar\u0131lmas\u0131n\u0131 sa\u011flayacak bir \u015fekilde sonuca ula\u015ft\u0131r\u0131lmal\u0131d\u0131r.<\/p>\n<p>&#8211; Din K\u00fclt\u00fcr\u00fc ve Ahlak Bilgisi dersi zorunlu olmaktan \u00e7\u0131kar\u0131lmal\u0131 ve ayn\u0131 saatlerde \u00f6\u011frencilerin se\u00e7ebilece\u011fi alternatif dersler m\u00fcfredata konmal\u0131d\u0131r.<\/p>\n<p>&#8211; Ders kitaplar\u0131 taranarak, genel olarak toplumun belirli kesimlerini incitici, karalay\u0131c\u0131 ve d\u00fc\u015fmanla\u015ft\u0131r\u0131c\u0131 anlat\u0131m ve ifadeler \u00e7\u0131kart\u0131lmal\u0131d\u0131r.<\/p>\n<p>&#8211; Milli E\u011fitim m\u00fcfredat\u0131nda ve kitaplarda, \u00f6zellikle tarih anlat\u0131m\u0131, g\u00fcn\u00fcm\u00fczde \u00e7e\u015fitli etnik ve dinsel gruplara kar\u015f\u0131 \u00f6nyarg\u0131 ve ku\u015fku yarat\u0131p bunlar\u0131 beslemeyecek \u015fekilde yeniden g\u00f6zden ge\u00e7irilmelidir.<\/p>\n<p><strong><em>ANF NEWS AGENCY<\/em><\/strong><\/p>\n<p><strong><em>firatnews.com<\/em><\/strong><\/p>\n<p style=\"text-align: justify\"><strong><em>05 Ekim 2010 <\/em><\/strong><\/p>\n","protected":false},"excerpt":{"rendered":"<p>ANKARA &#8211; Protestan Kiliseleri Derne\u011fi, Protestanlar\u0131n hak ihlallerini raporla\u015ft\u0131rd\u0131. \u201cProtestanlar \u2018tehdit mi\u2019 yoksa tehdit alt\u0131nda m\u0131?\u201d ba\u015fl\u0131\u011f\u0131yla yay\u0131mlanan raporda, Protestanlar\u0131n ya\u015fam haklar\u0131n\u0131n tehlikede oldu\u011funa vurgu yap\u0131ld\u0131; inan\u00e7 \u00f6zg\u00fcrl\u00fc\u011f\u00fc talep edildi. T\u00fcrkiye\u2019de Protestanlar\u0131n Yasal ve Sosyal Sorunlar\u0131 raporu Dernek Ba\u015fkan\u0131 Zekai Tanyar, Dernek Genel Sekreteri Umut \u015eahin ve \u0130nsan Haklar\u0131 G\u00fcndemi Derne\u011fi Ba\u015fkan\u0131 Avukat Orhan Kemal [&hellip;]<\/p>\n","protected":false},"author":3,"featured_media":0,"comment_status":"closed","ping_status":"open","sticky":false,"template":"","format":"standard","meta":{"footnotes":""},"categories":[14],"tags":[],"class_list":["post-2297","post","type-post","status-publish","format-standard","hentry","category-haberler"],"yoast_head":"<!-- This site is optimized with the Yoast SEO plugin v27.4 - https:\/\/yoast.com\/product\/yoast-seo-wordpress\/ -->\n<title>Protestanlar: Tehdit de\u011filiz - Bati Ermenistan Ve Bati Ermenileri Sorunlari Ara\u015ftirmalar Merkezi<\/title>\n<meta name=\"robots\" content=\"index, follow, max-snippet:-1, max-image-preview:large, max-video-preview:-1\" \/>\n<link rel=\"canonical\" href=\"https:\/\/akunq.net\/turkish\/2010\/10\/09\/protestanlar-tehdit-degiliz\/\" \/>\n<meta property=\"og:locale\" content=\"en_US\" \/>\n<meta property=\"og:type\" content=\"article\" \/>\n<meta property=\"og:title\" content=\"Protestanlar: Tehdit de\u011filiz - Bati Ermenistan Ve Bati Ermenileri Sorunlari Ara\u015ftirmalar Merkezi\" \/>\n<meta property=\"og:description\" content=\"ANKARA &#8211; Protestan Kiliseleri Derne\u011fi, Protestanlar\u0131n hak ihlallerini raporla\u015ft\u0131rd\u0131. \u201cProtestanlar \u2018tehdit mi\u2019 yoksa tehdit alt\u0131nda m\u0131?\u201d ba\u015fl\u0131\u011f\u0131yla yay\u0131mlanan raporda, Protestanlar\u0131n ya\u015fam haklar\u0131n\u0131n tehlikede oldu\u011funa vurgu yap\u0131ld\u0131; inan\u00e7 \u00f6zg\u00fcrl\u00fc\u011f\u00fc talep edildi. T\u00fcrkiye\u2019de Protestanlar\u0131n Yasal ve Sosyal Sorunlar\u0131 raporu Dernek Ba\u015fkan\u0131 Zekai Tanyar, Dernek Genel Sekreteri Umut \u015eahin ve \u0130nsan Haklar\u0131 G\u00fcndemi Derne\u011fi Ba\u015fkan\u0131 Avukat Orhan Kemal [&hellip;]\" \/>\n<meta property=\"og:url\" content=\"https:\/\/akunq.net\/turkish\/2010\/10\/09\/protestanlar-tehdit-degiliz\/\" \/>\n<meta property=\"og:site_name\" content=\"Bati Ermenistan Ve Bati Ermenileri Sorunlari Ara\u015ftirmalar Merkezi\" \/>\n<meta property=\"article:published_time\" content=\"2010-10-09T13:02:41+00:00\" \/>\n<meta name=\"author\" content=\"kalem\" \/>\n<meta name=\"twitter:card\" content=\"summary_large_image\" \/>\n<meta name=\"twitter:label1\" content=\"Written by\" \/>\n\t<meta name=\"twitter:data1\" content=\"kalem\" \/>\n\t<meta name=\"twitter:label2\" content=\"Est. reading time\" \/>\n\t<meta name=\"twitter:data2\" content=\"11 minutes\" \/>\n<script type=\"application\/ld+json\" class=\"yoast-schema-graph\">{\"@context\":\"https:\\\/\\\/schema.org\",\"@graph\":[{\"@type\":\"Article\",\"@id\":\"https:\\\/\\\/akunq.net\\\/turkish\\\/2010\\\/10\\\/09\\\/protestanlar-tehdit-degiliz\\\/#article\",\"isPartOf\":{\"@id\":\"https:\\\/\\\/akunq.net\\\/turkish\\\/2010\\\/10\\\/09\\\/protestanlar-tehdit-degiliz\\\/\"},\"author\":{\"name\":\"kalem\",\"@id\":\"https:\\\/\\\/akunq.net\\\/turkish\\\/#\\\/schema\\\/person\\\/135e7923d1aeb8887890799619969a6c\"},\"headline\":\"Protestanlar: Tehdit de\u011filiz\",\"datePublished\":\"2010-10-09T13:02:41+00:00\",\"mainEntityOfPage\":{\"@id\":\"https:\\\/\\\/akunq.net\\\/turkish\\\/2010\\\/10\\\/09\\\/protestanlar-tehdit-degiliz\\\/\"},\"wordCount\":2290,\"articleSection\":[\"Haberler\"],\"inLanguage\":\"en-US\"},{\"@type\":\"WebPage\",\"@id\":\"https:\\\/\\\/akunq.net\\\/turkish\\\/2010\\\/10\\\/09\\\/protestanlar-tehdit-degiliz\\\/\",\"url\":\"https:\\\/\\\/akunq.net\\\/turkish\\\/2010\\\/10\\\/09\\\/protestanlar-tehdit-degiliz\\\/\",\"name\":\"Protestanlar: Tehdit de\u011filiz - Bati Ermenistan Ve Bati Ermenileri Sorunlari Ara\u015ftirmalar Merkezi\",\"isPartOf\":{\"@id\":\"https:\\\/\\\/akunq.net\\\/turkish\\\/#website\"},\"datePublished\":\"2010-10-09T13:02:41+00:00\",\"author\":{\"@id\":\"https:\\\/\\\/akunq.net\\\/turkish\\\/#\\\/schema\\\/person\\\/135e7923d1aeb8887890799619969a6c\"},\"breadcrumb\":{\"@id\":\"https:\\\/\\\/akunq.net\\\/turkish\\\/2010\\\/10\\\/09\\\/protestanlar-tehdit-degiliz\\\/#breadcrumb\"},\"inLanguage\":\"en-US\",\"potentialAction\":[{\"@type\":\"ReadAction\",\"target\":[\"https:\\\/\\\/akunq.net\\\/turkish\\\/2010\\\/10\\\/09\\\/protestanlar-tehdit-degiliz\\\/\"]}]},{\"@type\":\"BreadcrumbList\",\"@id\":\"https:\\\/\\\/akunq.net\\\/turkish\\\/2010\\\/10\\\/09\\\/protestanlar-tehdit-degiliz\\\/#breadcrumb\",\"itemListElement\":[{\"@type\":\"ListItem\",\"position\":1,\"name\":\"Home\",\"item\":\"https:\\\/\\\/akunq.net\\\/turkish\\\/\"},{\"@type\":\"ListItem\",\"position\":2,\"name\":\"Protestanlar: Tehdit de\u011filiz\"}]},{\"@type\":\"WebSite\",\"@id\":\"https:\\\/\\\/akunq.net\\\/turkish\\\/#website\",\"url\":\"https:\\\/\\\/akunq.net\\\/turkish\\\/\",\"name\":\"Bati Ermenistan Ve Bati Ermenileri Sorunlari Ara\u015ftirmalar Merkezi\",\"description\":\"\",\"potentialAction\":[{\"@type\":\"SearchAction\",\"target\":{\"@type\":\"EntryPoint\",\"urlTemplate\":\"https:\\\/\\\/akunq.net\\\/turkish\\\/?s={search_term_string}\"},\"query-input\":{\"@type\":\"PropertyValueSpecification\",\"valueRequired\":true,\"valueName\":\"search_term_string\"}}],\"inLanguage\":\"en-US\"},{\"@type\":\"Person\",\"@id\":\"https:\\\/\\\/akunq.net\\\/turkish\\\/#\\\/schema\\\/person\\\/135e7923d1aeb8887890799619969a6c\",\"name\":\"kalem\",\"image\":{\"@type\":\"ImageObject\",\"inLanguage\":\"en-US\",\"@id\":\"https:\\\/\\\/secure.gravatar.com\\\/avatar\\\/a06875e4b25feb5674296adf8e8a7ae1e587cebce2493fe63c456109967e27d3?s=96&d=mm&r=g\",\"url\":\"https:\\\/\\\/secure.gravatar.com\\\/avatar\\\/a06875e4b25feb5674296adf8e8a7ae1e587cebce2493fe63c456109967e27d3?s=96&d=mm&r=g\",\"contentUrl\":\"https:\\\/\\\/secure.gravatar.com\\\/avatar\\\/a06875e4b25feb5674296adf8e8a7ae1e587cebce2493fe63c456109967e27d3?s=96&d=mm&r=g\",\"caption\":\"kalem\"},\"url\":\"https:\\\/\\\/akunq.net\\\/turkish\\\/author\\\/kalem\\\/\"}]}<\/script>\n<!-- \/ Yoast SEO plugin. -->","yoast_head_json":{"title":"Protestanlar: Tehdit de\u011filiz - Bati Ermenistan Ve Bati Ermenileri Sorunlari Ara\u015ftirmalar Merkezi","robots":{"index":"index","follow":"follow","max-snippet":"max-snippet:-1","max-image-preview":"max-image-preview:large","max-video-preview":"max-video-preview:-1"},"canonical":"https:\/\/akunq.net\/turkish\/2010\/10\/09\/protestanlar-tehdit-degiliz\/","og_locale":"en_US","og_type":"article","og_title":"Protestanlar: Tehdit de\u011filiz - Bati Ermenistan Ve Bati Ermenileri Sorunlari Ara\u015ftirmalar Merkezi","og_description":"ANKARA &#8211; Protestan Kiliseleri Derne\u011fi, Protestanlar\u0131n hak ihlallerini raporla\u015ft\u0131rd\u0131. \u201cProtestanlar \u2018tehdit mi\u2019 yoksa tehdit alt\u0131nda m\u0131?\u201d ba\u015fl\u0131\u011f\u0131yla yay\u0131mlanan raporda, Protestanlar\u0131n ya\u015fam haklar\u0131n\u0131n tehlikede oldu\u011funa vurgu yap\u0131ld\u0131; inan\u00e7 \u00f6zg\u00fcrl\u00fc\u011f\u00fc talep edildi. T\u00fcrkiye\u2019de Protestanlar\u0131n Yasal ve Sosyal Sorunlar\u0131 raporu Dernek Ba\u015fkan\u0131 Zekai Tanyar, Dernek Genel Sekreteri Umut \u015eahin ve \u0130nsan Haklar\u0131 G\u00fcndemi Derne\u011fi Ba\u015fkan\u0131 Avukat Orhan Kemal [&hellip;]","og_url":"https:\/\/akunq.net\/turkish\/2010\/10\/09\/protestanlar-tehdit-degiliz\/","og_site_name":"Bati Ermenistan Ve Bati Ermenileri Sorunlari Ara\u015ftirmalar Merkezi","article_published_time":"2010-10-09T13:02:41+00:00","author":"kalem","twitter_card":"summary_large_image","twitter_misc":{"Written by":"kalem","Est. reading time":"11 minutes"},"schema":{"@context":"https:\/\/schema.org","@graph":[{"@type":"Article","@id":"https:\/\/akunq.net\/turkish\/2010\/10\/09\/protestanlar-tehdit-degiliz\/#article","isPartOf":{"@id":"https:\/\/akunq.net\/turkish\/2010\/10\/09\/protestanlar-tehdit-degiliz\/"},"author":{"name":"kalem","@id":"https:\/\/akunq.net\/turkish\/#\/schema\/person\/135e7923d1aeb8887890799619969a6c"},"headline":"Protestanlar: Tehdit de\u011filiz","datePublished":"2010-10-09T13:02:41+00:00","mainEntityOfPage":{"@id":"https:\/\/akunq.net\/turkish\/2010\/10\/09\/protestanlar-tehdit-degiliz\/"},"wordCount":2290,"articleSection":["Haberler"],"inLanguage":"en-US"},{"@type":"WebPage","@id":"https:\/\/akunq.net\/turkish\/2010\/10\/09\/protestanlar-tehdit-degiliz\/","url":"https:\/\/akunq.net\/turkish\/2010\/10\/09\/protestanlar-tehdit-degiliz\/","name":"Protestanlar: Tehdit de\u011filiz - Bati Ermenistan Ve Bati Ermenileri Sorunlari Ara\u015ftirmalar Merkezi","isPartOf":{"@id":"https:\/\/akunq.net\/turkish\/#website"},"datePublished":"2010-10-09T13:02:41+00:00","author":{"@id":"https:\/\/akunq.net\/turkish\/#\/schema\/person\/135e7923d1aeb8887890799619969a6c"},"breadcrumb":{"@id":"https:\/\/akunq.net\/turkish\/2010\/10\/09\/protestanlar-tehdit-degiliz\/#breadcrumb"},"inLanguage":"en-US","potentialAction":[{"@type":"ReadAction","target":["https:\/\/akunq.net\/turkish\/2010\/10\/09\/protestanlar-tehdit-degiliz\/"]}]},{"@type":"BreadcrumbList","@id":"https:\/\/akunq.net\/turkish\/2010\/10\/09\/protestanlar-tehdit-degiliz\/#breadcrumb","itemListElement":[{"@type":"ListItem","position":1,"name":"Home","item":"https:\/\/akunq.net\/turkish\/"},{"@type":"ListItem","position":2,"name":"Protestanlar: Tehdit de\u011filiz"}]},{"@type":"WebSite","@id":"https:\/\/akunq.net\/turkish\/#website","url":"https:\/\/akunq.net\/turkish\/","name":"Bati Ermenistan Ve Bati Ermenileri Sorunlari Ara\u015ftirmalar Merkezi","description":"","potentialAction":[{"@type":"SearchAction","target":{"@type":"EntryPoint","urlTemplate":"https:\/\/akunq.net\/turkish\/?s={search_term_string}"},"query-input":{"@type":"PropertyValueSpecification","valueRequired":true,"valueName":"search_term_string"}}],"inLanguage":"en-US"},{"@type":"Person","@id":"https:\/\/akunq.net\/turkish\/#\/schema\/person\/135e7923d1aeb8887890799619969a6c","name":"kalem","image":{"@type":"ImageObject","inLanguage":"en-US","@id":"https:\/\/secure.gravatar.com\/avatar\/a06875e4b25feb5674296adf8e8a7ae1e587cebce2493fe63c456109967e27d3?s=96&d=mm&r=g","url":"https:\/\/secure.gravatar.com\/avatar\/a06875e4b25feb5674296adf8e8a7ae1e587cebce2493fe63c456109967e27d3?s=96&d=mm&r=g","contentUrl":"https:\/\/secure.gravatar.com\/avatar\/a06875e4b25feb5674296adf8e8a7ae1e587cebce2493fe63c456109967e27d3?s=96&d=mm&r=g","caption":"kalem"},"url":"https:\/\/akunq.net\/turkish\/author\/kalem\/"}]}},"_links":{"self":[{"href":"https:\/\/akunq.net\/turkish\/wp-json\/wp\/v2\/posts\/2297","targetHints":{"allow":["GET"]}}],"collection":[{"href":"https:\/\/akunq.net\/turkish\/wp-json\/wp\/v2\/posts"}],"about":[{"href":"https:\/\/akunq.net\/turkish\/wp-json\/wp\/v2\/types\/post"}],"author":[{"embeddable":true,"href":"https:\/\/akunq.net\/turkish\/wp-json\/wp\/v2\/users\/3"}],"replies":[{"embeddable":true,"href":"https:\/\/akunq.net\/turkish\/wp-json\/wp\/v2\/comments?post=2297"}],"version-history":[{"count":0,"href":"https:\/\/akunq.net\/turkish\/wp-json\/wp\/v2\/posts\/2297\/revisions"}],"wp:attachment":[{"href":"https:\/\/akunq.net\/turkish\/wp-json\/wp\/v2\/media?parent=2297"}],"wp:term":[{"taxonomy":"category","embeddable":true,"href":"https:\/\/akunq.net\/turkish\/wp-json\/wp\/v2\/categories?post=2297"},{"taxonomy":"post_tag","embeddable":true,"href":"https:\/\/akunq.net\/turkish\/wp-json\/wp\/v2\/tags?post=2297"}],"curies":[{"name":"wp","href":"https:\/\/api.w.org\/{rel}","templated":true}]}}