{"id":2295,"date":"2010-10-09T08:00:57","date_gmt":"2010-10-09T13:00:57","guid":{"rendered":"http:\/\/akunq.net\/tr\/?p=2295"},"modified":"2010-10-09T08:00:57","modified_gmt":"2010-10-09T13:00:57","slug":"fransiz-senatosunda-ermeni-soykirimina-iliskin-tekrar-bir-yasa-kabul-edilebilir","status":"publish","type":"post","link":"https:\/\/akunq.net\/turkish\/2010\/10\/09\/fransiz-senatosunda-ermeni-soykirimina-iliskin-tekrar-bir-yasa-kabul-edilebilir\/","title":{"rendered":"Frans\u0131z Senatosu\u2019nda Ermeni Soyk\u0131r\u0131m\u0131na ili\u015fkin tekrar bir yasa kabul edilebilir"},"content":{"rendered":"<p style=\"text-align: justify\"><a rel=\"attachment wp-att-2294\" href=\"http:\/\/akunq.net\/tr\/?attachment_id=2294\"><img loading=\"lazy\" decoding=\"async\" class=\"alignleft size-medium wp-image-2294\" title=\"Fransa Senatosu\" src=\"http:\/\/akunq.net\/tr\/wp-content\/uploads\/2010\/10\/Fransa-Senatosu-300x224.jpg\" alt=\"\" width=\"300\" height=\"224\" \/><\/a>8 Ekim\u2019de bas\u0131na a\u00e7\u0131klamada bulunan Marsilya Belediye b\u015fk. yard. Didier Parakyan \u2018Marsilya belediye ba\u015fkan\u0131 ve yard. \u2018Ermeni Soyk\u0131r\u0131m\u0131n\u0131n tekzibini cezai m\u00fceyyideye tabi tutan yasa tasar\u0131s\u0131n\u0131n\u2019 ikinci kez tart\u0131\u015fmaya konmas\u0131 ve kabul\u00fc i\u00e7in yeni bir imza kampanyas\u0131na ba\u015flad\u0131lar\u2019 dedi.<\/p>\n<p style=\"text-align: justify\">Parakyan: \u2033Ermeni-T\u00fcrk Protokolleri s\u00fcreci ba\u015flad\u0131\u011f\u0131nda\u00a0 Fransa\u2019da kimse art\u0131k Senato\u2019da o yasan\u0131n kabul\u00fcne tekrar ba\u015flanmas\u0131a ili\u015fkin konu\u015fmuyordu, ancak \u015fimdi s\u00fcre\u00e7 dondurulmu\u015f oldu\u011funda art\u0131k beklemeye gerek yok\u2033 dedi.<\/p>\n<p style=\"text-align: justify\">Didier Parakyan Marsilya belediye ba\u015fkan\u0131 ve Senato I.\u00a0 ba\u015fkan yard. Jean-Claude Gaudin\u2019in yasa tasar\u0131s\u0131n\u0131n kabul\u00fc i\u00e7in elinden geleni yapaca\u011f\u0131 y\u00f6n\u00fcnde teminat verdi\u011fini de s\u00f6yledi.<\/p>\n<p style=\"text-align: justify\">Marsilya Ermeni Kurulu\u015flar\u0131 Koordinasyon Kurulu b\u015fk. Jack Tonapetyan da a\u00e7\u0131klamas\u0131nda, Frans\u0131z Sosyalist Partisi temsilcilerinin yasa tasar\u0131s\u0131n\u0131n tart\u0131\u015fmaya a\u00e7\u0131lmas\u0131 i\u00e7in ba\u015fvuruda bulunduklar\u0131n\u0131 kaydetti.<\/p>\n<p style=\"text-align: justify\">\u2018Yasa, Senato \u00fcyelerinin oybirli\u011fi durumunda Senato\u2019dan ge\u00e7me y\u00f6n\u00fcnde t\u00fcm olanaklara sahip\u2019 diyen Tonapetyan s\u00f6zlerinin devam\u0131nda \u2018Bu yasan\u0131n kabul\u00fc i\u00e7in her\u015feyi yapaca\u011f\u0131z ve bunun t\u00fcm olanaklar\u0131na sahibiz\u2019 dedi.<\/p>\n<p style=\"text-align: justify\">Marsilya belediye b\u015fk. yard. Parakyan k\u0131sa bir s\u00fcre \u00f6nce 30 T\u00fcrk ayd\u0131n\u0131n\u0131 Marsilya\u2019ya davet ettiklerini ve ayd\u0131nlar\u0131n Marsilya Ermenilerinden \u00f6z\u00fcr dilediklerini ifade etti.<\/p>\n<p style=\"text-align: justify\">Hat\u0131rlatal\u0131m, Fransa Senatosu 2001 y\u0131l\u0131nda Ermeni Soyk\u0131r\u0131m\u0131n\u0131 tan\u0131yan tasar\u0131y\u0131 kabul etti. 2006 y\u0131l\u0131nda kabul edilen tasar\u0131ya g\u00f6re ise Ermeni Soyk\u0131r\u0131m\u0131n\u0131n reddi cezai m\u00fceyyideye tabi tutulmakta.<\/p>\n<p style=\"text-align: justify\">\u00a0<strong><em><a href=\"http:\/\/news.am\/tur\/\">News from Armenia &#8211; NEWS.am<\/a><\/em><\/strong><strong><em> <\/em><\/strong><\/p>\n<p style=\"text-align: justify\"><strong><em>Ekim 08, 2010 <\/em><\/strong><\/p>\n","protected":false},"excerpt":{"rendered":"<p>8 Ekim\u2019de bas\u0131na a\u00e7\u0131klamada bulunan Marsilya Belediye b\u015fk. yard. Didier Parakyan \u2018Marsilya belediye ba\u015fkan\u0131 ve yard. \u2018Ermeni Soyk\u0131r\u0131m\u0131n\u0131n tekzibini cezai m\u00fceyyideye tabi tutan yasa tasar\u0131s\u0131n\u0131n\u2019 ikinci kez tart\u0131\u015fmaya konmas\u0131 ve kabul\u00fc i\u00e7in yeni bir imza kampanyas\u0131na ba\u015flad\u0131lar\u2019 dedi. Parakyan: \u2033Ermeni-T\u00fcrk Protokolleri s\u00fcreci ba\u015flad\u0131\u011f\u0131nda\u00a0 Fransa\u2019da kimse art\u0131k Senato\u2019da o yasan\u0131n kabul\u00fcne tekrar ba\u015flanmas\u0131a ili\u015fkin konu\u015fmuyordu, ancak [&hellip;]<\/p>\n","protected":false},"author":3,"featured_media":0,"comment_status":"closed","ping_status":"open","sticky":false,"template":"","format":"standard","meta":{"footnotes":""},"categories":[14],"tags":[],"class_list":["post-2295","post","type-post","status-publish","format-standard","hentry","category-haberler"],"yoast_head":"<!-- This site is optimized with the Yoast SEO plugin v27.4 - https:\/\/yoast.com\/product\/yoast-seo-wordpress\/ -->\n<title>Frans\u0131z Senatosu\u2019nda Ermeni Soyk\u0131r\u0131m\u0131na ili\u015fkin tekrar bir yasa kabul edilebilir - Bati Ermenistan Ve Bati Ermenileri Sorunlari Ara\u015ftirmalar Merkezi<\/title>\n<meta name=\"robots\" content=\"index, follow, max-snippet:-1, max-image-preview:large, max-video-preview:-1\" \/>\n<link rel=\"canonical\" href=\"https:\/\/akunq.net\/turkish\/2010\/10\/09\/fransiz-senatosunda-ermeni-soykirimina-iliskin-tekrar-bir-yasa-kabul-edilebilir\/\" \/>\n<meta property=\"og:locale\" content=\"en_US\" \/>\n<meta property=\"og:type\" content=\"article\" \/>\n<meta property=\"og:title\" content=\"Frans\u0131z Senatosu\u2019nda Ermeni Soyk\u0131r\u0131m\u0131na ili\u015fkin tekrar bir yasa kabul edilebilir - Bati Ermenistan Ve Bati Ermenileri Sorunlari Ara\u015ftirmalar Merkezi\" \/>\n<meta property=\"og:description\" content=\"8 Ekim\u2019de bas\u0131na a\u00e7\u0131klamada bulunan Marsilya Belediye b\u015fk. yard. Didier Parakyan \u2018Marsilya belediye ba\u015fkan\u0131 ve yard. \u2018Ermeni Soyk\u0131r\u0131m\u0131n\u0131n tekzibini cezai m\u00fceyyideye tabi tutan yasa tasar\u0131s\u0131n\u0131n\u2019 ikinci kez tart\u0131\u015fmaya konmas\u0131 ve kabul\u00fc i\u00e7in yeni bir imza kampanyas\u0131na ba\u015flad\u0131lar\u2019 dedi. Parakyan: \u2033Ermeni-T\u00fcrk Protokolleri s\u00fcreci ba\u015flad\u0131\u011f\u0131nda\u00a0 Fransa\u2019da kimse art\u0131k Senato\u2019da o yasan\u0131n kabul\u00fcne tekrar ba\u015flanmas\u0131a ili\u015fkin konu\u015fmuyordu, ancak [&hellip;]\" \/>\n<meta property=\"og:url\" content=\"https:\/\/akunq.net\/turkish\/2010\/10\/09\/fransiz-senatosunda-ermeni-soykirimina-iliskin-tekrar-bir-yasa-kabul-edilebilir\/\" \/>\n<meta property=\"og:site_name\" content=\"Bati Ermenistan Ve Bati Ermenileri Sorunlari Ara\u015ftirmalar Merkezi\" \/>\n<meta property=\"article:published_time\" content=\"2010-10-09T13:00:57+00:00\" \/>\n<meta property=\"og:image\" content=\"https:\/\/akunq.net\/turkish\/wp-content\/uploads\/sites\/5\/2010\/10\/Fransa-Senatosu.jpg\" \/>\n\t<meta property=\"og:image:width\" content=\"314\" \/>\n\t<meta property=\"og:image:height\" content=\"235\" \/>\n\t<meta property=\"og:image:type\" content=\"image\/jpeg\" \/>\n<meta name=\"author\" content=\"kalem\" \/>\n<meta name=\"twitter:card\" content=\"summary_large_image\" \/>\n<meta name=\"twitter:label1\" content=\"Written by\" \/>\n\t<meta name=\"twitter:data1\" content=\"kalem\" \/>\n\t<meta name=\"twitter:label2\" content=\"Est. reading time\" \/>\n\t<meta name=\"twitter:data2\" content=\"1 minute\" \/>\n<script type=\"application\/ld+json\" class=\"yoast-schema-graph\">{\"@context\":\"https:\\\/\\\/schema.org\",\"@graph\":[{\"@type\":\"Article\",\"@id\":\"https:\\\/\\\/akunq.net\\\/turkish\\\/2010\\\/10\\\/09\\\/fransiz-senatosunda-ermeni-soykirimina-iliskin-tekrar-bir-yasa-kabul-edilebilir\\\/#article\",\"isPartOf\":{\"@id\":\"https:\\\/\\\/akunq.net\\\/turkish\\\/2010\\\/10\\\/09\\\/fransiz-senatosunda-ermeni-soykirimina-iliskin-tekrar-bir-yasa-kabul-edilebilir\\\/\"},\"author\":{\"name\":\"kalem\",\"@id\":\"https:\\\/\\\/akunq.net\\\/turkish\\\/#\\\/schema\\\/person\\\/135e7923d1aeb8887890799619969a6c\"},\"headline\":\"Frans\u0131z Senatosu\u2019nda Ermeni Soyk\u0131r\u0131m\u0131na ili\u015fkin tekrar bir yasa kabul edilebilir\",\"datePublished\":\"2010-10-09T13:00:57+00:00\",\"mainEntityOfPage\":{\"@id\":\"https:\\\/\\\/akunq.net\\\/turkish\\\/2010\\\/10\\\/09\\\/fransiz-senatosunda-ermeni-soykirimina-iliskin-tekrar-bir-yasa-kabul-edilebilir\\\/\"},\"wordCount\":304,\"image\":{\"@id\":\"https:\\\/\\\/akunq.net\\\/turkish\\\/2010\\\/10\\\/09\\\/fransiz-senatosunda-ermeni-soykirimina-iliskin-tekrar-bir-yasa-kabul-edilebilir\\\/#primaryimage\"},\"thumbnailUrl\":\"http:\\\/\\\/akunq.net\\\/tr\\\/wp-content\\\/uploads\\\/2010\\\/10\\\/Fransa-Senatosu-300x224.jpg\",\"articleSection\":[\"Haberler\"],\"inLanguage\":\"en-US\"},{\"@type\":\"WebPage\",\"@id\":\"https:\\\/\\\/akunq.net\\\/turkish\\\/2010\\\/10\\\/09\\\/fransiz-senatosunda-ermeni-soykirimina-iliskin-tekrar-bir-yasa-kabul-edilebilir\\\/\",\"url\":\"https:\\\/\\\/akunq.net\\\/turkish\\\/2010\\\/10\\\/09\\\/fransiz-senatosunda-ermeni-soykirimina-iliskin-tekrar-bir-yasa-kabul-edilebilir\\\/\",\"name\":\"Frans\u0131z Senatosu\u2019nda Ermeni Soyk\u0131r\u0131m\u0131na ili\u015fkin tekrar bir yasa kabul edilebilir - Bati Ermenistan Ve Bati Ermenileri Sorunlari Ara\u015ftirmalar Merkezi\",\"isPartOf\":{\"@id\":\"https:\\\/\\\/akunq.net\\\/turkish\\\/#website\"},\"primaryImageOfPage\":{\"@id\":\"https:\\\/\\\/akunq.net\\\/turkish\\\/2010\\\/10\\\/09\\\/fransiz-senatosunda-ermeni-soykirimina-iliskin-tekrar-bir-yasa-kabul-edilebilir\\\/#primaryimage\"},\"image\":{\"@id\":\"https:\\\/\\\/akunq.net\\\/turkish\\\/2010\\\/10\\\/09\\\/fransiz-senatosunda-ermeni-soykirimina-iliskin-tekrar-bir-yasa-kabul-edilebilir\\\/#primaryimage\"},\"thumbnailUrl\":\"http:\\\/\\\/akunq.net\\\/tr\\\/wp-content\\\/uploads\\\/2010\\\/10\\\/Fransa-Senatosu-300x224.jpg\",\"datePublished\":\"2010-10-09T13:00:57+00:00\",\"author\":{\"@id\":\"https:\\\/\\\/akunq.net\\\/turkish\\\/#\\\/schema\\\/person\\\/135e7923d1aeb8887890799619969a6c\"},\"breadcrumb\":{\"@id\":\"https:\\\/\\\/akunq.net\\\/turkish\\\/2010\\\/10\\\/09\\\/fransiz-senatosunda-ermeni-soykirimina-iliskin-tekrar-bir-yasa-kabul-edilebilir\\\/#breadcrumb\"},\"inLanguage\":\"en-US\",\"potentialAction\":[{\"@type\":\"ReadAction\",\"target\":[\"https:\\\/\\\/akunq.net\\\/turkish\\\/2010\\\/10\\\/09\\\/fransiz-senatosunda-ermeni-soykirimina-iliskin-tekrar-bir-yasa-kabul-edilebilir\\\/\"]}]},{\"@type\":\"ImageObject\",\"inLanguage\":\"en-US\",\"@id\":\"https:\\\/\\\/akunq.net\\\/turkish\\\/2010\\\/10\\\/09\\\/fransiz-senatosunda-ermeni-soykirimina-iliskin-tekrar-bir-yasa-kabul-edilebilir\\\/#primaryimage\",\"url\":\"http:\\\/\\\/akunq.net\\\/tr\\\/wp-content\\\/uploads\\\/2010\\\/10\\\/Fransa-Senatosu-300x224.jpg\",\"contentUrl\":\"http:\\\/\\\/akunq.net\\\/tr\\\/wp-content\\\/uploads\\\/2010\\\/10\\\/Fransa-Senatosu-300x224.jpg\"},{\"@type\":\"BreadcrumbList\",\"@id\":\"https:\\\/\\\/akunq.net\\\/turkish\\\/2010\\\/10\\\/09\\\/fransiz-senatosunda-ermeni-soykirimina-iliskin-tekrar-bir-yasa-kabul-edilebilir\\\/#breadcrumb\",\"itemListElement\":[{\"@type\":\"ListItem\",\"position\":1,\"name\":\"Home\",\"item\":\"https:\\\/\\\/akunq.net\\\/turkish\\\/\"},{\"@type\":\"ListItem\",\"position\":2,\"name\":\"Frans\u0131z Senatosu\u2019nda Ermeni Soyk\u0131r\u0131m\u0131na ili\u015fkin tekrar bir yasa kabul edilebilir\"}]},{\"@type\":\"WebSite\",\"@id\":\"https:\\\/\\\/akunq.net\\\/turkish\\\/#website\",\"url\":\"https:\\\/\\\/akunq.net\\\/turkish\\\/\",\"name\":\"Bati Ermenistan Ve Bati Ermenileri Sorunlari Ara\u015ftirmalar Merkezi\",\"description\":\"\",\"potentialAction\":[{\"@type\":\"SearchAction\",\"target\":{\"@type\":\"EntryPoint\",\"urlTemplate\":\"https:\\\/\\\/akunq.net\\\/turkish\\\/?s={search_term_string}\"},\"query-input\":{\"@type\":\"PropertyValueSpecification\",\"valueRequired\":true,\"valueName\":\"search_term_string\"}}],\"inLanguage\":\"en-US\"},{\"@type\":\"Person\",\"@id\":\"https:\\\/\\\/akunq.net\\\/turkish\\\/#\\\/schema\\\/person\\\/135e7923d1aeb8887890799619969a6c\",\"name\":\"kalem\",\"image\":{\"@type\":\"ImageObject\",\"inLanguage\":\"en-US\",\"@id\":\"https:\\\/\\\/secure.gravatar.com\\\/avatar\\\/a06875e4b25feb5674296adf8e8a7ae1e587cebce2493fe63c456109967e27d3?s=96&d=mm&r=g\",\"url\":\"https:\\\/\\\/secure.gravatar.com\\\/avatar\\\/a06875e4b25feb5674296adf8e8a7ae1e587cebce2493fe63c456109967e27d3?s=96&d=mm&r=g\",\"contentUrl\":\"https:\\\/\\\/secure.gravatar.com\\\/avatar\\\/a06875e4b25feb5674296adf8e8a7ae1e587cebce2493fe63c456109967e27d3?s=96&d=mm&r=g\",\"caption\":\"kalem\"},\"url\":\"https:\\\/\\\/akunq.net\\\/turkish\\\/author\\\/kalem\\\/\"}]}<\/script>\n<!-- \/ Yoast SEO plugin. -->","yoast_head_json":{"title":"Frans\u0131z Senatosu\u2019nda Ermeni Soyk\u0131r\u0131m\u0131na ili\u015fkin tekrar bir yasa kabul edilebilir - Bati Ermenistan Ve Bati Ermenileri Sorunlari Ara\u015ftirmalar Merkezi","robots":{"index":"index","follow":"follow","max-snippet":"max-snippet:-1","max-image-preview":"max-image-preview:large","max-video-preview":"max-video-preview:-1"},"canonical":"https:\/\/akunq.net\/turkish\/2010\/10\/09\/fransiz-senatosunda-ermeni-soykirimina-iliskin-tekrar-bir-yasa-kabul-edilebilir\/","og_locale":"en_US","og_type":"article","og_title":"Frans\u0131z Senatosu\u2019nda Ermeni Soyk\u0131r\u0131m\u0131na ili\u015fkin tekrar bir yasa kabul edilebilir - Bati Ermenistan Ve Bati Ermenileri Sorunlari Ara\u015ftirmalar Merkezi","og_description":"8 Ekim\u2019de bas\u0131na a\u00e7\u0131klamada bulunan Marsilya Belediye b\u015fk. yard. Didier Parakyan \u2018Marsilya belediye ba\u015fkan\u0131 ve yard. \u2018Ermeni Soyk\u0131r\u0131m\u0131n\u0131n tekzibini cezai m\u00fceyyideye tabi tutan yasa tasar\u0131s\u0131n\u0131n\u2019 ikinci kez tart\u0131\u015fmaya konmas\u0131 ve kabul\u00fc i\u00e7in yeni bir imza kampanyas\u0131na ba\u015flad\u0131lar\u2019 dedi. Parakyan: \u2033Ermeni-T\u00fcrk Protokolleri s\u00fcreci ba\u015flad\u0131\u011f\u0131nda\u00a0 Fransa\u2019da kimse art\u0131k Senato\u2019da o yasan\u0131n kabul\u00fcne tekrar ba\u015flanmas\u0131a ili\u015fkin konu\u015fmuyordu, ancak [&hellip;]","og_url":"https:\/\/akunq.net\/turkish\/2010\/10\/09\/fransiz-senatosunda-ermeni-soykirimina-iliskin-tekrar-bir-yasa-kabul-edilebilir\/","og_site_name":"Bati Ermenistan Ve Bati Ermenileri Sorunlari Ara\u015ftirmalar Merkezi","article_published_time":"2010-10-09T13:00:57+00:00","og_image":[{"width":314,"height":235,"url":"https:\/\/akunq.net\/turkish\/wp-content\/uploads\/sites\/5\/2010\/10\/Fransa-Senatosu.jpg","type":"image\/jpeg"}],"author":"kalem","twitter_card":"summary_large_image","twitter_misc":{"Written by":"kalem","Est. reading time":"1 minute"},"schema":{"@context":"https:\/\/schema.org","@graph":[{"@type":"Article","@id":"https:\/\/akunq.net\/turkish\/2010\/10\/09\/fransiz-senatosunda-ermeni-soykirimina-iliskin-tekrar-bir-yasa-kabul-edilebilir\/#article","isPartOf":{"@id":"https:\/\/akunq.net\/turkish\/2010\/10\/09\/fransiz-senatosunda-ermeni-soykirimina-iliskin-tekrar-bir-yasa-kabul-edilebilir\/"},"author":{"name":"kalem","@id":"https:\/\/akunq.net\/turkish\/#\/schema\/person\/135e7923d1aeb8887890799619969a6c"},"headline":"Frans\u0131z Senatosu\u2019nda Ermeni Soyk\u0131r\u0131m\u0131na ili\u015fkin tekrar bir yasa kabul edilebilir","datePublished":"2010-10-09T13:00:57+00:00","mainEntityOfPage":{"@id":"https:\/\/akunq.net\/turkish\/2010\/10\/09\/fransiz-senatosunda-ermeni-soykirimina-iliskin-tekrar-bir-yasa-kabul-edilebilir\/"},"wordCount":304,"image":{"@id":"https:\/\/akunq.net\/turkish\/2010\/10\/09\/fransiz-senatosunda-ermeni-soykirimina-iliskin-tekrar-bir-yasa-kabul-edilebilir\/#primaryimage"},"thumbnailUrl":"http:\/\/akunq.net\/tr\/wp-content\/uploads\/2010\/10\/Fransa-Senatosu-300x224.jpg","articleSection":["Haberler"],"inLanguage":"en-US"},{"@type":"WebPage","@id":"https:\/\/akunq.net\/turkish\/2010\/10\/09\/fransiz-senatosunda-ermeni-soykirimina-iliskin-tekrar-bir-yasa-kabul-edilebilir\/","url":"https:\/\/akunq.net\/turkish\/2010\/10\/09\/fransiz-senatosunda-ermeni-soykirimina-iliskin-tekrar-bir-yasa-kabul-edilebilir\/","name":"Frans\u0131z Senatosu\u2019nda Ermeni Soyk\u0131r\u0131m\u0131na ili\u015fkin tekrar bir yasa kabul edilebilir - Bati Ermenistan Ve Bati Ermenileri Sorunlari Ara\u015ftirmalar Merkezi","isPartOf":{"@id":"https:\/\/akunq.net\/turkish\/#website"},"primaryImageOfPage":{"@id":"https:\/\/akunq.net\/turkish\/2010\/10\/09\/fransiz-senatosunda-ermeni-soykirimina-iliskin-tekrar-bir-yasa-kabul-edilebilir\/#primaryimage"},"image":{"@id":"https:\/\/akunq.net\/turkish\/2010\/10\/09\/fransiz-senatosunda-ermeni-soykirimina-iliskin-tekrar-bir-yasa-kabul-edilebilir\/#primaryimage"},"thumbnailUrl":"http:\/\/akunq.net\/tr\/wp-content\/uploads\/2010\/10\/Fransa-Senatosu-300x224.jpg","datePublished":"2010-10-09T13:00:57+00:00","author":{"@id":"https:\/\/akunq.net\/turkish\/#\/schema\/person\/135e7923d1aeb8887890799619969a6c"},"breadcrumb":{"@id":"https:\/\/akunq.net\/turkish\/2010\/10\/09\/fransiz-senatosunda-ermeni-soykirimina-iliskin-tekrar-bir-yasa-kabul-edilebilir\/#breadcrumb"},"inLanguage":"en-US","potentialAction":[{"@type":"ReadAction","target":["https:\/\/akunq.net\/turkish\/2010\/10\/09\/fransiz-senatosunda-ermeni-soykirimina-iliskin-tekrar-bir-yasa-kabul-edilebilir\/"]}]},{"@type":"ImageObject","inLanguage":"en-US","@id":"https:\/\/akunq.net\/turkish\/2010\/10\/09\/fransiz-senatosunda-ermeni-soykirimina-iliskin-tekrar-bir-yasa-kabul-edilebilir\/#primaryimage","url":"http:\/\/akunq.net\/tr\/wp-content\/uploads\/2010\/10\/Fransa-Senatosu-300x224.jpg","contentUrl":"http:\/\/akunq.net\/tr\/wp-content\/uploads\/2010\/10\/Fransa-Senatosu-300x224.jpg"},{"@type":"BreadcrumbList","@id":"https:\/\/akunq.net\/turkish\/2010\/10\/09\/fransiz-senatosunda-ermeni-soykirimina-iliskin-tekrar-bir-yasa-kabul-edilebilir\/#breadcrumb","itemListElement":[{"@type":"ListItem","position":1,"name":"Home","item":"https:\/\/akunq.net\/turkish\/"},{"@type":"ListItem","position":2,"name":"Frans\u0131z Senatosu\u2019nda Ermeni Soyk\u0131r\u0131m\u0131na ili\u015fkin tekrar bir yasa kabul edilebilir"}]},{"@type":"WebSite","@id":"https:\/\/akunq.net\/turkish\/#website","url":"https:\/\/akunq.net\/turkish\/","name":"Bati Ermenistan Ve Bati Ermenileri Sorunlari Ara\u015ftirmalar Merkezi","description":"","potentialAction":[{"@type":"SearchAction","target":{"@type":"EntryPoint","urlTemplate":"https:\/\/akunq.net\/turkish\/?s={search_term_string}"},"query-input":{"@type":"PropertyValueSpecification","valueRequired":true,"valueName":"search_term_string"}}],"inLanguage":"en-US"},{"@type":"Person","@id":"https:\/\/akunq.net\/turkish\/#\/schema\/person\/135e7923d1aeb8887890799619969a6c","name":"kalem","image":{"@type":"ImageObject","inLanguage":"en-US","@id":"https:\/\/secure.gravatar.com\/avatar\/a06875e4b25feb5674296adf8e8a7ae1e587cebce2493fe63c456109967e27d3?s=96&d=mm&r=g","url":"https:\/\/secure.gravatar.com\/avatar\/a06875e4b25feb5674296adf8e8a7ae1e587cebce2493fe63c456109967e27d3?s=96&d=mm&r=g","contentUrl":"https:\/\/secure.gravatar.com\/avatar\/a06875e4b25feb5674296adf8e8a7ae1e587cebce2493fe63c456109967e27d3?s=96&d=mm&r=g","caption":"kalem"},"url":"https:\/\/akunq.net\/turkish\/author\/kalem\/"}]}},"_links":{"self":[{"href":"https:\/\/akunq.net\/turkish\/wp-json\/wp\/v2\/posts\/2295","targetHints":{"allow":["GET"]}}],"collection":[{"href":"https:\/\/akunq.net\/turkish\/wp-json\/wp\/v2\/posts"}],"about":[{"href":"https:\/\/akunq.net\/turkish\/wp-json\/wp\/v2\/types\/post"}],"author":[{"embeddable":true,"href":"https:\/\/akunq.net\/turkish\/wp-json\/wp\/v2\/users\/3"}],"replies":[{"embeddable":true,"href":"https:\/\/akunq.net\/turkish\/wp-json\/wp\/v2\/comments?post=2295"}],"version-history":[{"count":0,"href":"https:\/\/akunq.net\/turkish\/wp-json\/wp\/v2\/posts\/2295\/revisions"}],"wp:attachment":[{"href":"https:\/\/akunq.net\/turkish\/wp-json\/wp\/v2\/media?parent=2295"}],"wp:term":[{"taxonomy":"category","embeddable":true,"href":"https:\/\/akunq.net\/turkish\/wp-json\/wp\/v2\/categories?post=2295"},{"taxonomy":"post_tag","embeddable":true,"href":"https:\/\/akunq.net\/turkish\/wp-json\/wp\/v2\/tags?post=2295"}],"curies":[{"name":"wp","href":"https:\/\/api.w.org\/{rel}","templated":true}]}}