{"id":22933,"date":"2013-04-19T03:38:25","date_gmt":"2013-04-19T08:38:25","guid":{"rendered":"http:\/\/akunq.net\/tr\/?p=22933"},"modified":"2013-04-19T03:38:25","modified_gmt":"2013-04-19T08:38:25","slug":"konyada-patlama4-olu","status":"publish","type":"post","link":"https:\/\/akunq.net\/turkish\/2013\/04\/19\/konyada-patlama4-olu\/","title":{"rendered":"Konya&#8217;da patlama:4 \u00f6l\u00fc"},"content":{"rendered":"<p style=\"text-align: justify\"><b><i><a href=\"http:\/\/akunq.net\/tr\/?attachment_id=22934\" rel=\"attachment wp-att-22934\"><img loading=\"lazy\" decoding=\"async\" class=\"alignright size-full wp-image-22934\" alt=\"\u0539\u0578\u0582\u0580\u0584\u056b\u0561\u0575\u0578\u0582\u0574 \u0563\u0561\u0576\u0571 \u0578\u0580\u0578\u0576\u0578\u0572\u0576\u0565\u0580\" src=\"http:\/\/akunq.net\/tr\/wp-content\/uploads\/2013\/04\/\u0539\u0578\u0582\u0580\u0584\u056b\u0561\u0575\u0578\u0582\u0574-\u0563\u0561\u0576\u0571-\u0578\u0580\u0578\u0576\u0578\u0572\u0576\u0565\u0580.jpg\" width=\"268\" height=\"255\" \/><\/a>Konya&#8217;n\u0131n Karap\u0131nar \u0130l\u00e7esi&#8217;nde m\u00fcstakil kullan\u0131lmayan bir evde meydana gelen <\/i><\/b><a href=\"http:\/\/www.cnnturk.com\/guncel.konular\/etilerde.patlama\/683\/index.html\"><i>patlama<\/i><\/a><b><i> ve ard\u0131ndan \u00e7\u0131kan yang\u0131nda 4 ki\u015fi \u00f6ld\u00fc, 2 ki\u015fi de yaraland\u0131.<\/i><\/b><\/p>\n<p style=\"text-align: justify\">Karap\u0131nar \u0130l\u00e7esi&#8217;ne ba\u011fl\u0131 Hotam\u0131\u015f Beldesi \u015eabanl\u0131 Mahallesi&#8217;ndeki tek katl\u0131 kullan\u0131lmayan m\u00fcstakil bir evde saat 21.30 s\u0131ralar\u0131nda \u015fiddetli bir <a href=\"http:\/\/www.cnnturk.com\/guncel.konular\/etilerde.patlama\/683\/index.html\">patlama<\/a> meydana geldi. Patlaman\u0131n ard\u0131ndan alevlerin y\u00fckseldi\u011fini g\u00f6ren \u00e7evre sakinleri jandarma ve itfaiyeye haber verdi.<\/p>\n<p style=\"text-align: justify\">G\u00fcvenlik g\u00fc\u00e7leri bina \u00e7evresine kimseyi yakla\u015ft\u0131rmazken, itfaiye g\u00f6revlilerinin m\u00fcdahalesiyle yang\u0131n k\u0131sa s\u00fcrede s\u00f6nd\u00fcr\u00fcld\u00fc. Olayda evde bulunan 1&#8217;i kad\u0131n 4 ki\u015fi ya\u015fam\u0131n\u0131 yitiririrken, 1&#8217;i kad\u0131n 2 ki\u015fi de yaraland\u0131. Evin zemininde ise patlamadan dolay\u0131 yar\u0131m metre derinli\u011finde bir \u00e7ukur olu\u015ftu\u011fu g\u00f6r\u00fcld\u00fc.<\/p>\n<p style=\"text-align: justify\">Patlamadan yaral\u0131 olarak kurtulan Ay\u015feg\u00fcl Yemi\u015f (16) ve Yavuz S\u00f6zen&#8217;in (33) hastaneye g\u00f6t\u00fcr\u00fclmeden \u00f6nce jandarmaya verdi\u011fi bilgide \u00f6lenlerin ev sahibi Emin Yemi\u015f, k\u0131z\u0131 D\u00f6nay Yemi\u015f, \u0130skender G\u00fcm\u00fc\u015fsoy ve Cengiz Akan oldu\u011funu s\u00f6yledikleri \u00f6\u011frenildi. Olay yerine gelen savc\u0131 inceleme ba\u015flatt\u0131.<\/p>\n<p style=\"text-align: justify\"><strong>Patlaman\u0131n, define ararken meydana geldi<\/strong><\/p>\n<p style=\"text-align: justify\">Konya&#8217;n\u0131n Karap\u0131nar \u0130l\u00e7esi Hotam\u0131\u015f Beldesi&#8217;nde 4 ki\u015finin \u00f6ld\u00fc\u011f\u00fc 2 ki\u015finin de yaraland\u0131\u011f\u0131 44 ya\u015f\u0131ndaki Emin Yemi\u015f&#8217;e ait evde meydana gelen patlaman\u0131n, define ararken meydana geldi\u011fi iddia edildi.<\/p>\n<p style=\"text-align: justify\">Cumhuriyet Savc\u0131l\u0131\u011f\u0131 taraf\u0131ndan yap\u0131lan incelemede 2 odal\u0131 m\u00fcstakil evin bir odas\u0131nda yakla\u015f\u0131k 6 metre derinli\u011finde bir \u00e7ukur dikkat \u00e7ekti. Define aramak i\u00e7in kaz\u0131lan \u00e7ukurda sert bir zemine geldikleri i\u00e7in, yumu\u015fatmak amac\u0131yla dinamit kullanmak isterken, \u00fczerine <a href=\"http:\/\/www.cnnturk.com\/guncel.konular\/sigara\/436\/index.html\">sigara<\/a> izmaritinin d\u00fc\u015fmesi sonucu <a href=\"http:\/\/www.cnnturk.com\/guncel.konular\/etilerde.patlama\/683\/index.html\">patlama<\/a> meydana geldi\u011fi \u00f6ne s\u00fcr\u00fcld\u00fc.<\/p>\n<p style=\"text-align: justify\">Evin bir odas\u0131nda 3, di\u011fer odas\u0131nda da 1 ceset bulundu. Cesetlerin Emin Yemi\u015f, 10 ya\u015f\u0131ndaki k\u0131z\u0131 D\u00f6nay Yemi\u015f, 37 ya\u015f\u0131ndaki \u0130skender G\u00fcm\u00fc\u015fsoy ve 30 ya\u015f\u0131ndaki Cengiz Akan&#8217;a ait oldu\u011fu belirlendi. Savc\u0131n\u0131n incelemesinin ard\u0131ndan cesetler otopsi yap\u0131lmak \u00fczere Karap\u0131nar Devlet Hastanesi Morguna g\u00f6t\u00fcr\u00fcld\u00fc.<\/p>\n<p style=\"text-align: justify\">Konya&#8217;daki hastanelere kald\u0131r\u0131lan Ay\u015feg\u00fcl Yemi\u015f ve Yavuz S\u00f6zen&#8217;in sa\u011fl\u0131k durumlar\u0131n\u0131n ciddiyetini korudu\u011fu belirtildi. Patlamada \u00f6len Emin Yemi\u015f&#8217;in e\u015fi Medine Yemi\u015f&#8217;in de aralar\u0131nda bulundu\u011fu 3 \u015f\u00fcpheli g\u00f6zalt\u0131na al\u0131nd\u0131. Olayla ilgili soru\u015fturma s\u00fcr\u00fcyor.<\/p>\n<p style=\"text-align: justify\"><b><i>http:\/\/www.cnnturk.com\/2013\/guncel\/04\/18\/konyada.patlama.4.olu\/704765.0\/index.html<\/i><\/b><\/p>\n","protected":false},"excerpt":{"rendered":"<p>Konya&#8217;n\u0131n Karap\u0131nar \u0130l\u00e7esi&#8217;nde m\u00fcstakil kullan\u0131lmayan bir evde meydana gelen patlama ve ard\u0131ndan \u00e7\u0131kan yang\u0131nda 4 ki\u015fi \u00f6ld\u00fc, 2 ki\u015fi de yaraland\u0131. Karap\u0131nar \u0130l\u00e7esi&#8217;ne ba\u011fl\u0131 Hotam\u0131\u015f Beldesi \u015eabanl\u0131 Mahallesi&#8217;ndeki tek katl\u0131 kullan\u0131lmayan m\u00fcstakil bir evde saat 21.30 s\u0131ralar\u0131nda \u015fiddetli bir patlama meydana geldi. Patlaman\u0131n ard\u0131ndan alevlerin y\u00fckseldi\u011fini g\u00f6ren \u00e7evre sakinleri jandarma ve itfaiyeye haber verdi. G\u00fcvenlik [&hellip;]<\/p>\n","protected":false},"author":3,"featured_media":0,"comment_status":"open","ping_status":"open","sticky":false,"template":"","format":"standard","meta":{"footnotes":""},"categories":[14],"tags":[],"class_list":["post-22933","post","type-post","status-publish","format-standard","hentry","category-haberler"],"yoast_head":"<!-- This site is optimized with the Yoast SEO plugin v27.4 - https:\/\/yoast.com\/product\/yoast-seo-wordpress\/ -->\n<title>Konya&#039;da patlama:4 \u00f6l\u00fc - Bati Ermenistan Ve Bati Ermenileri Sorunlari Ara\u015ftirmalar Merkezi<\/title>\n<meta name=\"robots\" content=\"index, follow, max-snippet:-1, max-image-preview:large, max-video-preview:-1\" \/>\n<link rel=\"canonical\" href=\"https:\/\/akunq.net\/turkish\/2013\/04\/19\/konyada-patlama4-olu\/\" \/>\n<meta property=\"og:locale\" content=\"en_US\" \/>\n<meta property=\"og:type\" content=\"article\" \/>\n<meta property=\"og:title\" content=\"Konya&#039;da patlama:4 \u00f6l\u00fc - Bati Ermenistan Ve Bati Ermenileri Sorunlari Ara\u015ftirmalar Merkezi\" \/>\n<meta property=\"og:description\" content=\"Konya&#8217;n\u0131n Karap\u0131nar \u0130l\u00e7esi&#8217;nde m\u00fcstakil kullan\u0131lmayan bir evde meydana gelen patlama ve ard\u0131ndan \u00e7\u0131kan yang\u0131nda 4 ki\u015fi \u00f6ld\u00fc, 2 ki\u015fi de yaraland\u0131. Karap\u0131nar \u0130l\u00e7esi&#8217;ne ba\u011fl\u0131 Hotam\u0131\u015f Beldesi \u015eabanl\u0131 Mahallesi&#8217;ndeki tek katl\u0131 kullan\u0131lmayan m\u00fcstakil bir evde saat 21.30 s\u0131ralar\u0131nda \u015fiddetli bir patlama meydana geldi. Patlaman\u0131n ard\u0131ndan alevlerin y\u00fckseldi\u011fini g\u00f6ren \u00e7evre sakinleri jandarma ve itfaiyeye haber verdi. G\u00fcvenlik [&hellip;]\" \/>\n<meta property=\"og:url\" content=\"https:\/\/akunq.net\/turkish\/2013\/04\/19\/konyada-patlama4-olu\/\" \/>\n<meta property=\"og:site_name\" content=\"Bati Ermenistan Ve Bati Ermenileri Sorunlari Ara\u015ftirmalar Merkezi\" \/>\n<meta property=\"article:published_time\" content=\"2013-04-19T08:38:25+00:00\" \/>\n<meta name=\"author\" content=\"kalem\" \/>\n<meta name=\"twitter:card\" content=\"summary_large_image\" \/>\n<meta name=\"twitter:label1\" content=\"Written by\" \/>\n\t<meta name=\"twitter:data1\" content=\"kalem\" \/>\n\t<meta name=\"twitter:label2\" content=\"Est. reading time\" \/>\n\t<meta name=\"twitter:data2\" content=\"2 minutes\" \/>\n<script type=\"application\/ld+json\" class=\"yoast-schema-graph\">{\"@context\":\"https:\\\/\\\/schema.org\",\"@graph\":[{\"@type\":\"Article\",\"@id\":\"https:\\\/\\\/akunq.net\\\/turkish\\\/2013\\\/04\\\/19\\\/konyada-patlama4-olu\\\/#article\",\"isPartOf\":{\"@id\":\"https:\\\/\\\/akunq.net\\\/turkish\\\/2013\\\/04\\\/19\\\/konyada-patlama4-olu\\\/\"},\"author\":{\"name\":\"kalem\",\"@id\":\"https:\\\/\\\/akunq.net\\\/turkish\\\/#\\\/schema\\\/person\\\/135e7923d1aeb8887890799619969a6c\"},\"headline\":\"Konya&#8217;da patlama:4 \u00f6l\u00fc\",\"datePublished\":\"2013-04-19T08:38:25+00:00\",\"mainEntityOfPage\":{\"@id\":\"https:\\\/\\\/akunq.net\\\/turkish\\\/2013\\\/04\\\/19\\\/konyada-patlama4-olu\\\/\"},\"wordCount\":402,\"commentCount\":0,\"articleSection\":[\"Haberler\"],\"inLanguage\":\"en-US\",\"potentialAction\":[{\"@type\":\"CommentAction\",\"name\":\"Comment\",\"target\":[\"https:\\\/\\\/akunq.net\\\/turkish\\\/2013\\\/04\\\/19\\\/konyada-patlama4-olu\\\/#respond\"]}]},{\"@type\":\"WebPage\",\"@id\":\"https:\\\/\\\/akunq.net\\\/turkish\\\/2013\\\/04\\\/19\\\/konyada-patlama4-olu\\\/\",\"url\":\"https:\\\/\\\/akunq.net\\\/turkish\\\/2013\\\/04\\\/19\\\/konyada-patlama4-olu\\\/\",\"name\":\"Konya'da patlama:4 \u00f6l\u00fc - Bati Ermenistan Ve Bati Ermenileri Sorunlari Ara\u015ftirmalar Merkezi\",\"isPartOf\":{\"@id\":\"https:\\\/\\\/akunq.net\\\/turkish\\\/#website\"},\"datePublished\":\"2013-04-19T08:38:25+00:00\",\"author\":{\"@id\":\"https:\\\/\\\/akunq.net\\\/turkish\\\/#\\\/schema\\\/person\\\/135e7923d1aeb8887890799619969a6c\"},\"breadcrumb\":{\"@id\":\"https:\\\/\\\/akunq.net\\\/turkish\\\/2013\\\/04\\\/19\\\/konyada-patlama4-olu\\\/#breadcrumb\"},\"inLanguage\":\"en-US\",\"potentialAction\":[{\"@type\":\"ReadAction\",\"target\":[\"https:\\\/\\\/akunq.net\\\/turkish\\\/2013\\\/04\\\/19\\\/konyada-patlama4-olu\\\/\"]}]},{\"@type\":\"BreadcrumbList\",\"@id\":\"https:\\\/\\\/akunq.net\\\/turkish\\\/2013\\\/04\\\/19\\\/konyada-patlama4-olu\\\/#breadcrumb\",\"itemListElement\":[{\"@type\":\"ListItem\",\"position\":1,\"name\":\"Home\",\"item\":\"https:\\\/\\\/akunq.net\\\/turkish\\\/\"},{\"@type\":\"ListItem\",\"position\":2,\"name\":\"Konya&#8217;da patlama:4 \u00f6l\u00fc\"}]},{\"@type\":\"WebSite\",\"@id\":\"https:\\\/\\\/akunq.net\\\/turkish\\\/#website\",\"url\":\"https:\\\/\\\/akunq.net\\\/turkish\\\/\",\"name\":\"Bati Ermenistan Ve Bati Ermenileri Sorunlari Ara\u015ftirmalar Merkezi\",\"description\":\"\",\"potentialAction\":[{\"@type\":\"SearchAction\",\"target\":{\"@type\":\"EntryPoint\",\"urlTemplate\":\"https:\\\/\\\/akunq.net\\\/turkish\\\/?s={search_term_string}\"},\"query-input\":{\"@type\":\"PropertyValueSpecification\",\"valueRequired\":true,\"valueName\":\"search_term_string\"}}],\"inLanguage\":\"en-US\"},{\"@type\":\"Person\",\"@id\":\"https:\\\/\\\/akunq.net\\\/turkish\\\/#\\\/schema\\\/person\\\/135e7923d1aeb8887890799619969a6c\",\"name\":\"kalem\",\"image\":{\"@type\":\"ImageObject\",\"inLanguage\":\"en-US\",\"@id\":\"https:\\\/\\\/secure.gravatar.com\\\/avatar\\\/a06875e4b25feb5674296adf8e8a7ae1e587cebce2493fe63c456109967e27d3?s=96&d=mm&r=g\",\"url\":\"https:\\\/\\\/secure.gravatar.com\\\/avatar\\\/a06875e4b25feb5674296adf8e8a7ae1e587cebce2493fe63c456109967e27d3?s=96&d=mm&r=g\",\"contentUrl\":\"https:\\\/\\\/secure.gravatar.com\\\/avatar\\\/a06875e4b25feb5674296adf8e8a7ae1e587cebce2493fe63c456109967e27d3?s=96&d=mm&r=g\",\"caption\":\"kalem\"},\"url\":\"https:\\\/\\\/akunq.net\\\/turkish\\\/author\\\/kalem\\\/\"}]}<\/script>\n<!-- \/ Yoast SEO plugin. -->","yoast_head_json":{"title":"Konya'da patlama:4 \u00f6l\u00fc - Bati Ermenistan Ve Bati Ermenileri Sorunlari Ara\u015ftirmalar Merkezi","robots":{"index":"index","follow":"follow","max-snippet":"max-snippet:-1","max-image-preview":"max-image-preview:large","max-video-preview":"max-video-preview:-1"},"canonical":"https:\/\/akunq.net\/turkish\/2013\/04\/19\/konyada-patlama4-olu\/","og_locale":"en_US","og_type":"article","og_title":"Konya'da patlama:4 \u00f6l\u00fc - Bati Ermenistan Ve Bati Ermenileri Sorunlari Ara\u015ftirmalar Merkezi","og_description":"Konya&#8217;n\u0131n Karap\u0131nar \u0130l\u00e7esi&#8217;nde m\u00fcstakil kullan\u0131lmayan bir evde meydana gelen patlama ve ard\u0131ndan \u00e7\u0131kan yang\u0131nda 4 ki\u015fi \u00f6ld\u00fc, 2 ki\u015fi de yaraland\u0131. Karap\u0131nar \u0130l\u00e7esi&#8217;ne ba\u011fl\u0131 Hotam\u0131\u015f Beldesi \u015eabanl\u0131 Mahallesi&#8217;ndeki tek katl\u0131 kullan\u0131lmayan m\u00fcstakil bir evde saat 21.30 s\u0131ralar\u0131nda \u015fiddetli bir patlama meydana geldi. Patlaman\u0131n ard\u0131ndan alevlerin y\u00fckseldi\u011fini g\u00f6ren \u00e7evre sakinleri jandarma ve itfaiyeye haber verdi. G\u00fcvenlik [&hellip;]","og_url":"https:\/\/akunq.net\/turkish\/2013\/04\/19\/konyada-patlama4-olu\/","og_site_name":"Bati Ermenistan Ve Bati Ermenileri Sorunlari Ara\u015ftirmalar Merkezi","article_published_time":"2013-04-19T08:38:25+00:00","author":"kalem","twitter_card":"summary_large_image","twitter_misc":{"Written by":"kalem","Est. reading time":"2 minutes"},"schema":{"@context":"https:\/\/schema.org","@graph":[{"@type":"Article","@id":"https:\/\/akunq.net\/turkish\/2013\/04\/19\/konyada-patlama4-olu\/#article","isPartOf":{"@id":"https:\/\/akunq.net\/turkish\/2013\/04\/19\/konyada-patlama4-olu\/"},"author":{"name":"kalem","@id":"https:\/\/akunq.net\/turkish\/#\/schema\/person\/135e7923d1aeb8887890799619969a6c"},"headline":"Konya&#8217;da patlama:4 \u00f6l\u00fc","datePublished":"2013-04-19T08:38:25+00:00","mainEntityOfPage":{"@id":"https:\/\/akunq.net\/turkish\/2013\/04\/19\/konyada-patlama4-olu\/"},"wordCount":402,"commentCount":0,"articleSection":["Haberler"],"inLanguage":"en-US","potentialAction":[{"@type":"CommentAction","name":"Comment","target":["https:\/\/akunq.net\/turkish\/2013\/04\/19\/konyada-patlama4-olu\/#respond"]}]},{"@type":"WebPage","@id":"https:\/\/akunq.net\/turkish\/2013\/04\/19\/konyada-patlama4-olu\/","url":"https:\/\/akunq.net\/turkish\/2013\/04\/19\/konyada-patlama4-olu\/","name":"Konya'da patlama:4 \u00f6l\u00fc - Bati Ermenistan Ve Bati Ermenileri Sorunlari Ara\u015ftirmalar Merkezi","isPartOf":{"@id":"https:\/\/akunq.net\/turkish\/#website"},"datePublished":"2013-04-19T08:38:25+00:00","author":{"@id":"https:\/\/akunq.net\/turkish\/#\/schema\/person\/135e7923d1aeb8887890799619969a6c"},"breadcrumb":{"@id":"https:\/\/akunq.net\/turkish\/2013\/04\/19\/konyada-patlama4-olu\/#breadcrumb"},"inLanguage":"en-US","potentialAction":[{"@type":"ReadAction","target":["https:\/\/akunq.net\/turkish\/2013\/04\/19\/konyada-patlama4-olu\/"]}]},{"@type":"BreadcrumbList","@id":"https:\/\/akunq.net\/turkish\/2013\/04\/19\/konyada-patlama4-olu\/#breadcrumb","itemListElement":[{"@type":"ListItem","position":1,"name":"Home","item":"https:\/\/akunq.net\/turkish\/"},{"@type":"ListItem","position":2,"name":"Konya&#8217;da patlama:4 \u00f6l\u00fc"}]},{"@type":"WebSite","@id":"https:\/\/akunq.net\/turkish\/#website","url":"https:\/\/akunq.net\/turkish\/","name":"Bati Ermenistan Ve Bati Ermenileri Sorunlari Ara\u015ftirmalar Merkezi","description":"","potentialAction":[{"@type":"SearchAction","target":{"@type":"EntryPoint","urlTemplate":"https:\/\/akunq.net\/turkish\/?s={search_term_string}"},"query-input":{"@type":"PropertyValueSpecification","valueRequired":true,"valueName":"search_term_string"}}],"inLanguage":"en-US"},{"@type":"Person","@id":"https:\/\/akunq.net\/turkish\/#\/schema\/person\/135e7923d1aeb8887890799619969a6c","name":"kalem","image":{"@type":"ImageObject","inLanguage":"en-US","@id":"https:\/\/secure.gravatar.com\/avatar\/a06875e4b25feb5674296adf8e8a7ae1e587cebce2493fe63c456109967e27d3?s=96&d=mm&r=g","url":"https:\/\/secure.gravatar.com\/avatar\/a06875e4b25feb5674296adf8e8a7ae1e587cebce2493fe63c456109967e27d3?s=96&d=mm&r=g","contentUrl":"https:\/\/secure.gravatar.com\/avatar\/a06875e4b25feb5674296adf8e8a7ae1e587cebce2493fe63c456109967e27d3?s=96&d=mm&r=g","caption":"kalem"},"url":"https:\/\/akunq.net\/turkish\/author\/kalem\/"}]}},"_links":{"self":[{"href":"https:\/\/akunq.net\/turkish\/wp-json\/wp\/v2\/posts\/22933","targetHints":{"allow":["GET"]}}],"collection":[{"href":"https:\/\/akunq.net\/turkish\/wp-json\/wp\/v2\/posts"}],"about":[{"href":"https:\/\/akunq.net\/turkish\/wp-json\/wp\/v2\/types\/post"}],"author":[{"embeddable":true,"href":"https:\/\/akunq.net\/turkish\/wp-json\/wp\/v2\/users\/3"}],"replies":[{"embeddable":true,"href":"https:\/\/akunq.net\/turkish\/wp-json\/wp\/v2\/comments?post=22933"}],"version-history":[{"count":0,"href":"https:\/\/akunq.net\/turkish\/wp-json\/wp\/v2\/posts\/22933\/revisions"}],"wp:attachment":[{"href":"https:\/\/akunq.net\/turkish\/wp-json\/wp\/v2\/media?parent=22933"}],"wp:term":[{"taxonomy":"category","embeddable":true,"href":"https:\/\/akunq.net\/turkish\/wp-json\/wp\/v2\/categories?post=22933"},{"taxonomy":"post_tag","embeddable":true,"href":"https:\/\/akunq.net\/turkish\/wp-json\/wp\/v2\/tags?post=22933"}],"curies":[{"name":"wp","href":"https:\/\/api.w.org\/{rel}","templated":true}]}}